{"id":19611,"date":"2015-10-08T12:58:16","date_gmt":"2015-10-08T11:58:16","guid":{"rendered":"http:\/\/blog.sotrender.com\/?p=19611"},"modified":"2015-12-01T21:18:42","modified_gmt":"2015-12-01T20:18:42","slug":"fanpage-trends-wrzesien-2015","status":"publish","type":"post","link":"https:\/\/www.sotrender.com\/blog\/pl\/2015\/10\/fanpage-trends-wrzesien-2015\/","title":{"rendered":"Fanpage Trends Wrzesie\u0144 2015 &#8211; jesie\u0144 na Facebooku nale\u017cy do Lewandowskiej"},"content":{"rendered":"<p style=\"text-align: justify;\"><span style=\"font-weight: 400;\">Pocz\u0105tek roku szkolnego,  powakacyjny wzrost ilo\u015bci obowi\u0105zk\u00f3w i zmniejszenie ilo\u015bci wolnego czasu da\u0142y si\u0119 we znaki zar\u00f3wno u\u017cytkownikom Facebooka,  jak i administratorom stron. Zar\u00f3wno jedni,  jak i drudzy,  nie popisali si\u0119 w minionym miesi\u0105cu imponuj\u0105c\u0105 liczb\u0105 aktywno\u015bci. Strony na Facebooku opublikowa\u0142y o blisko 3% mniej post\u00f3w ni\u017c w sierpniu. Z kolei przeci\u0119tny profil zanotowa\u0142 w zesz\u0142ym miesi\u0105cu o ponad 18% mniej udost\u0119pnie\u0144 wpis\u00f3w ni\u017c miesi\u0105c wcze\u015bniej. Co jeszcze dzia\u0142o si\u0119 na Facebooku w minionym miesi\u0105cu? Zapraszamy do lektury wrze\u015bniowego wydania <a title=\"Przejd\u017a do raportu\" href=\"http:\/\/www.sotrender.pl\/trends\/facebook\" target=\"_blank\">raportu Fanpage Trends<\/a> przygotowanego przez <a title=\"Przejd\u017a na stron\u0119\" href=\"http:\/\/www.sotrender.pl\/\" target=\"_blank\">Sotrender<\/a>.<\/span><\/p>\n<p style=\"text-align: justify;\"><!--more--><\/p>\n<h2 style=\"text-align: justify;\"><b>Lewandowska goni m\u0119\u017ca<\/b><\/h2>\n<p style=\"text-align: justify;\"><span style=\"font-weight: 400;\">Niemal co miesi\u0105c w <a title=\"Przejd\u017a do raportu\" href=\"http:\/\/www.sotrender.pl\/trends\/twitter\" target=\"_blank\">Twitter Trends<\/a> opisujemy sukcesy,  kt\u00f3re na spo\u0142eczno\u015bciowym boisku osi\u0105ga Robert Lewandowski. Niew\u0105tpliwie,  gdyby pi\u0142karz by\u0142 uwzgl\u0119dniony tak\u017ce w <a title=\"Przejd\u017a do raportu\" href=\"http:\/\/www.sotrender.pl\/trends\/facebook\" target=\"_blank\">Fanpage Trends<\/a>,  r\u00f3wnie\u017c rozbija\u0142by bank aktywno\u015bci. Przypomnijmy,  w Fanpage Trends bierzemy pod uwag\u0119 polskie strony na Facebooku,  czyli takie,  kt\u00f3re posiadaj\u0105 co najmniej 50% fan\u00f3w pochodz\u0105cych z Polski. Strona Roberta Lewandowskiego od bardzo dawna nie spe\u0142nia ju\u017c tego kryterium. Inaczej jest w przypadku strony prowadzonej przez \u017con\u0119 pi\u0142karza &#8211; Ann\u0119 Lewandowsk\u0105,  dietetyczk\u0119 i trenerk\u0119 prowadz\u0105c\u0105 bloga Health plan by Ann. Ostatnie dokonania m\u0119\u017ca,  potencjalnie spowodowane bezglutenow\u0105 i beznabia\u0142ow\u0105 diet\u0105 u\u0142o\u017con\u0105 w\u0142a\u015bnie przez Lewandowsk\u0105,  znalaz\u0142y odzwierciedlenie we wrze\u015bniowym raporcie. <a title=\"Zobacz post na Facebooku\" href=\"https:\/\/www.facebook.com\/261359397316606\/posts\/837815816337625?_rdr=p\" target=\"_blank\">Post,  w kt\u00f3rym Lewandowska gratuluje m\u0119\u017cowi<\/a> po zdobyciu 5 bramek w meczu z Wolfsburgiem by\u0142,  jak nietrudno si\u0119 domy\u015bli\u0107,  najbardziej lubianym postem miesi\u0105ca.<\/span><\/p>\n<div id=\"attachment_19615\" style=\"width: 496px\" class=\"wp-caption aligncenter\"><a href=\"https:\/\/www.sotrender.com\/blog\/wp-content\/uploads\/2015\/10\/lewandowska.png\"><img loading=\"lazy\" decoding=\"async\" aria-describedby=\"caption-attachment-19615\" class=\"size-full wp-image-19615\" src=\"https:\/\/www.sotrender.com\/blog\/wp-content\/uploads\/2015\/10\/lewandowska.png\" alt=\"Fanpage Trends Wrzesie\u0144 2015 - najch\u0119tniej &quot;lajkowany&quot; post\" width=\"486\" height=\"590\" \/><\/a><p id=\"caption-attachment-19615\" class=\"wp-caption-text\">Fanpage Trends Wrzesie\u0144 2015 &#8211; najch\u0119tniej &#8220;lajkowany&#8221; post<\/p><\/div>\n<p style=\"text-align: justify;\"><span style=\"font-weight: 400;\">Poza tym,  w minionym miesi\u0105cu strona Lewandowskiej by\u0142a najszybciej rosn\u0105c\u0105 ze wszystkich analizowanych przez Sotrender stron i zyska\u0142a a\u017c 79 tys. nowych fan\u00f3w,  co stanowi\u0142o wzrost o 13, 4%. By\u0142a tak\u017ce drug\u0105 najbardziej anga\u017cuj\u0105c\u0105 stron\u0105 w raporcie,  poniewa\u017c w interakcje wesz\u0142o z ni\u0105 a\u017c 56% u\u017cytkownik\u00f3w,  co pozwoli\u0142o Lewandowskiej przesun\u0105\u0107 si\u0119 a\u017c o 26 pozycji w zestawieniu najbardziej anga\u017cuj\u0105cych stron polskoj\u0119zycznych oraz po skoku o 7 miejsc obj\u0105\u0107 pozycj\u0119 liderki rankingu najbardziej anga\u017cuj\u0105cych profili osobowych. A to pewnie dopiero pocz\u0105tek. <\/span><\/p>\n<p style=\"text-align: justify;\"><div class=\"shortcode trial\"><h4><span>Mierz dzia\u0142ania na Facebooku w Sotrenderze<\/span><a title=\"Wypr\u00f3buj za darmo!\" class=\"btn\" href=\"https:\/\/app.sotrender.com\/auth\/signup\/trial\/pl?utm_source=blog-cta-legacy\">Wypr\u00f3buj za darmo!<\/a><\/h4><\/div><strong><strong>\u00a0<\/strong><\/strong><\/p>\n<h2 style=\"text-align: justify;\"><b><a title=\"Przejd\u017a na stron\u0119\" href=\"http:\/\/www.sotrender.pl\/\" target=\"_blank\">Sotrender<\/a> obala Facebookowe mity<\/b><\/h2>\n<p style=\"text-align: justify;\"><span style=\"font-weight: 400;\">W pa\u017adzierniku postawili\u015bmy sobie za cel obalenie najpopularniejszych mit\u00f3w,  kt\u00f3re naros\u0142y wok\u00f3\u0142 komunikacji na Facebooku. Zacz\u0119li\u015bmy od rozprawienia si\u0119 z opini\u0105,  czy rozmiar strony ma znaczenie. Faktem jest,  \u017ce zw\u0142aszcza w przypadku du\u017cych profili,  zasi\u0119g organiczny post\u00f3w jest obecnie bardzo niski,  a niepromowane posty docieraj\u0105 przeci\u0119tnie jedynie do kilku procent fan\u00f3w.<\/span><\/p>\n<p style=\"text-align: justify;\"><a href=\"https:\/\/www.sotrender.com\/blog\/wp-content\/uploads\/2015\/10\/Sotrender-Blog-Myth-1.2-chart.png\"><img loading=\"lazy\" decoding=\"async\" class=\"aligncenter size-full wp-image-19571\" src=\"https:\/\/www.sotrender.com\/blog\/wp-content\/uploads\/2015\/10\/Sotrender-Blog-Myth-1.2-chart.png\" alt=\"Sotrender Blog Myth 1.2 chart\" width=\"1300\" height=\"718\" srcset=\"https:\/\/www.sotrender.com\/blog\/wp-content\/uploads\/2015\/10\/Sotrender-Blog-Myth-1.2-chart.png 1300w, https:\/\/www.sotrender.com\/blog\/wp-content\/uploads\/2015\/10\/Sotrender-Blog-Myth-1.2-chart-475x262.png 475w, https:\/\/www.sotrender.com\/blog\/wp-content\/uploads\/2015\/10\/Sotrender-Blog-Myth-1.2-chart-768x424.png 768w, https:\/\/www.sotrender.com\/blog\/wp-content\/uploads\/2015\/10\/Sotrender-Blog-Myth-1.2-chart-950x525.png 950w, https:\/\/www.sotrender.com\/blog\/wp-content\/uploads\/2015\/10\/Sotrender-Blog-Myth-1.2-chart-600x331.png 600w\" sizes=\"(max-width: 1300px) 100vw, 1300px\" \/><\/a><\/p>\n<p style=\"text-align: justify;\"><span style=\"font-weight: 400;\">Tak wi\u0119c w przypadku,  gdy strona mo\u017ce pozyskiwa\u0107 nowych fan\u00f3w bardzo niskim kosztem,  warto ku temu d\u0105\u017cy\u0107. Natomiast je\u015bli maj\u0105 sta\u0107 za tym znaczne nak\u0142ady finansowe,  lepiej zainwestowa\u0107 te pieni\u0105dze w tworzenie lepszych tre\u015bci oraz ich promocj\u0119. Wi\u0119cej na temat znaczenia wielko\u015bci profilu mo\u017cecie przeczyta\u0107 we wpisie pt. <a title=\"Przeczytaj wpis\" href=\"https:\/\/www.sotrender.com\/blog\/2015\/10\/facebook-myths-debunked-does-size-matter\/\" target=\"_blank\">\u201eFacebook myths debunked\u201d<\/a>. Nied\u0142ugo wr\u00f3cimy do Was z argumentami obalaj\u0105cymi kolejny facebookowy mit,  a ju\u017c teraz\u2026<\/span><\/p>\n<h2 style=\"text-align: center;\"><a title=\"Przejd\u017a do raportu\" href=\"http:\/\/www.sotrender.pl\/trends\/facebook\" target=\"_blank\"><b>Zapraszamy do lektury wrze\u015bniowego wydania raportu Fanpage Trends!<\/b><\/a><\/h2>\n","protected":false},"excerpt":{"rendered":"<p>Pocz\u0105tek roku szkolnego, powakacyjny wzrost ilo\u015bci obowi\u0105zk\u00f3w i zmniejszenie ilo\u015bci wolnego czasu da\u0142y si\u0119 we znaki zar\u00f3wno u\u017cytkownikom Facebooka, jak i administratorom stron. Zar\u00f3wno jedni, jak i drudzy, nie popisali si\u0119 w minionym miesi\u0105cu imponuj\u0105c\u0105 liczb\u0105 aktywno\u015bci. Strony na Facebooku opublikowa\u0142y o blisko 3% mniej post\u00f3w ni\u017c w sierpniu. Z kolei przeci\u0119tny profil zanotowa\u0142 w [&hellip;]<\/p>\n","protected":false},"author":31,"featured_media":18445,"comment_status":"open","ping_status":"open","sticky":false,"template":"","format":"standard","meta":{"inline_featured_image":false,"footnotes":""},"categories":[1791,1797],"tags":[31,523,1663,1731,7,17,25],"yoast_head":"<!-- This site is optimized with the Yoast SEO plugin v22.4 - https:\/\/yoast.com\/wordpress\/plugins\/seo\/ -->\n<title>Fanpage Trends Wrzesie\u0144 2015 - jesie\u0144 na Facebooku nale\u017cy do Lewandowskiej<\/title>\n<meta name=\"description\" content=\"Sotrender zaprasza do lektury wrze\u015bniowego wydania Fanpage Trends podsumowuj\u0105cego najwa\u017cniejsze wydarzenia na Facebooku w Polsce w minionym miesi\u0105cu.\" \/>\n<meta name=\"robots\" content=\"index, follow, max-snippet:-1, max-image-preview:large, max-video-preview:-1\" \/>\n<link rel=\"canonical\" href=\"https:\/\/www.sotrender.com\/blog\/pl\/2015\/10\/fanpage-trends-wrzesien-2015\/\" \/>\n<meta property=\"og:locale\" content=\"pl_PL\" \/>\n<meta property=\"og:type\" content=\"article\" \/>\n<meta property=\"og:title\" content=\"Fanpage Trends Wrzesie\u0144 2015 - jesie\u0144 na Facebooku nale\u017cy do Lewandowskiej\" \/>\n<meta property=\"og:description\" content=\"Sotrender zaprasza do lektury wrze\u015bniowego wydania Fanpage Trends podsumowuj\u0105cego najwa\u017cniejsze wydarzenia na Facebooku w Polsce w minionym miesi\u0105cu.\" \/>\n<meta property=\"og:url\" content=\"https:\/\/www.sotrender.com\/blog\/pl\/2015\/10\/fanpage-trends-wrzesien-2015\/\" \/>\n<meta property=\"og:site_name\" content=\"Sotrender Blog\" \/>\n<meta property=\"article:publisher\" content=\"https:\/\/www.facebook.com\/Sotrender\" \/>\n<meta property=\"article:published_time\" content=\"2015-10-08T11:58:16+00:00\" \/>\n<meta property=\"article:modified_time\" content=\"2015-12-01T20:18:42+00:00\" \/>\n<meta property=\"og:image\" content=\"https:\/\/www.sotrender.com\/blog\/wp-content\/uploads\/2015\/06\/fanpage-trends-featyred.jpg\" \/>\n\t<meta property=\"og:image:width\" content=\"1600\" \/>\n\t<meta property=\"og:image:height\" content=\"700\" \/>\n\t<meta property=\"og:image:type\" content=\"image\/jpeg\" \/>\n<meta name=\"author\" content=\"Aleksandra Prejs\" \/>\n<meta name=\"twitter:card\" content=\"summary_large_image\" \/>\n<meta name=\"twitter:creator\" content=\"@Sotrender\" \/>\n<meta name=\"twitter:site\" content=\"@Sotrender\" \/>\n<meta name=\"twitter:label1\" content=\"Written by\" \/>\n\t<meta name=\"twitter:data1\" content=\"Aleksandra Prejs\" \/>\n\t<meta name=\"twitter:label2\" content=\"Est. reading time\" \/>\n\t<meta name=\"twitter:data2\" content=\"3 minutes\" \/>\n<script type=\"application\/ld+json\" class=\"yoast-schema-graph\">{\"@context\":\"https:\/\/schema.org\",\"@graph\":[{\"@type\":\"WebPage\",\"@id\":\"https:\/\/www.sotrender.com\/blog\/pl\/2015\/10\/fanpage-trends-wrzesien-2015\/\",\"url\":\"https:\/\/www.sotrender.com\/blog\/pl\/2015\/10\/fanpage-trends-wrzesien-2015\/\",\"name\":\"Fanpage Trends Wrzesie\u0144 2015 - jesie\u0144 na Facebooku nale\u017cy do Lewandowskiej\",\"isPartOf\":{\"@id\":\"https:\/\/www.sotrender.com\/blog\/#website\"},\"primaryImageOfPage\":{\"@id\":\"https:\/\/www.sotrender.com\/blog\/pl\/2015\/10\/fanpage-trends-wrzesien-2015\/#primaryimage\"},\"image\":{\"@id\":\"https:\/\/www.sotrender.com\/blog\/pl\/2015\/10\/fanpage-trends-wrzesien-2015\/#primaryimage\"},\"thumbnailUrl\":\"https:\/\/www.sotrender.com\/blog\/wp-content\/uploads\/2015\/06\/fanpage-trends-featyred.jpg\",\"datePublished\":\"2015-10-08T11:58:16+00:00\",\"dateModified\":\"2015-12-01T20:18:42+00:00\",\"author\":{\"@id\":\"https:\/\/www.sotrender.com\/blog\/#\/schema\/person\/7106df62825269bc360ad9171cd7149b\"},\"description\":\"Sotrender zaprasza do lektury wrze\u015bniowego wydania Fanpage Trends podsumowuj\u0105cego najwa\u017cniejsze wydarzenia na Facebooku w Polsce w minionym miesi\u0105cu.\",\"breadcrumb\":{\"@id\":\"https:\/\/www.sotrender.com\/blog\/pl\/2015\/10\/fanpage-trends-wrzesien-2015\/#breadcrumb\"},\"inLanguage\":\"pl-PL\",\"potentialAction\":[{\"@type\":\"ReadAction\",\"target\":[\"https:\/\/www.sotrender.com\/blog\/pl\/2015\/10\/fanpage-trends-wrzesien-2015\/\"]}]},{\"@type\":\"ImageObject\",\"inLanguage\":\"pl-PL\",\"@id\":\"https:\/\/www.sotrender.com\/blog\/pl\/2015\/10\/fanpage-trends-wrzesien-2015\/#primaryimage\",\"url\":\"https:\/\/www.sotrender.com\/blog\/wp-content\/uploads\/2015\/06\/fanpage-trends-featyred.jpg\",\"contentUrl\":\"https:\/\/www.sotrender.com\/blog\/wp-content\/uploads\/2015\/06\/fanpage-trends-featyred.jpg\",\"width\":1600,\"height\":700},{\"@type\":\"BreadcrumbList\",\"@id\":\"https:\/\/www.sotrender.com\/blog\/pl\/2015\/10\/fanpage-trends-wrzesien-2015\/#breadcrumb\",\"itemListElement\":[{\"@type\":\"ListItem\",\"position\":1,\"name\":\"Home\",\"item\":\"https:\/\/www.sotrender.com\/blog\/\"},{\"@type\":\"ListItem\",\"position\":2,\"name\":\"Fanpage Trends Wrzesie\u0144 2015 &#8211; jesie\u0144 na Facebooku nale\u017cy do Lewandowskiej\"}]},{\"@type\":\"WebSite\",\"@id\":\"https:\/\/www.sotrender.com\/blog\/#website\",\"url\":\"https:\/\/www.sotrender.com\/blog\/\",\"name\":\"Sotrender Blog\",\"description\":\"\",\"potentialAction\":[{\"@type\":\"SearchAction\",\"target\":{\"@type\":\"EntryPoint\",\"urlTemplate\":\"https:\/\/www.sotrender.com\/blog\/?s={search_term_string}\"},\"query-input\":\"required name=search_term_string\"}],\"inLanguage\":\"pl-PL\"},{\"@type\":\"Person\",\"@id\":\"https:\/\/www.sotrender.com\/blog\/#\/schema\/person\/7106df62825269bc360ad9171cd7149b\",\"name\":\"Aleksandra Prejs\",\"image\":{\"@type\":\"ImageObject\",\"inLanguage\":\"pl-PL\",\"@id\":\"https:\/\/www.sotrender.com\/blog\/#\/schema\/person\/image\/\",\"url\":\"https:\/\/secure.gravatar.com\/avatar\/469000454b77ff0aacb32c49dba023be?s=96&d=mm&r=g\",\"contentUrl\":\"https:\/\/secure.gravatar.com\/avatar\/469000454b77ff0aacb32c49dba023be?s=96&d=mm&r=g\",\"caption\":\"Aleksandra Prejs\"},\"url\":\"https:\/\/www.sotrender.com\/blog\/pl\/author\/aleksandra-prejs\/\"}]}<\/script>\n<!-- \/ Yoast SEO plugin. -->","yoast_head_json":{"title":"Fanpage Trends Wrzesie\u0144 2015 - jesie\u0144 na Facebooku nale\u017cy do Lewandowskiej","description":"Sotrender zaprasza do lektury wrze\u015bniowego wydania Fanpage Trends podsumowuj\u0105cego najwa\u017cniejsze wydarzenia na Facebooku w Polsce w minionym miesi\u0105cu.","robots":{"index":"index","follow":"follow","max-snippet":"max-snippet:-1","max-image-preview":"max-image-preview:large","max-video-preview":"max-video-preview:-1"},"canonical":"https:\/\/www.sotrender.com\/blog\/pl\/2015\/10\/fanpage-trends-wrzesien-2015\/","og_locale":"pl_PL","og_type":"article","og_title":"Fanpage Trends Wrzesie\u0144 2015 - jesie\u0144 na Facebooku nale\u017cy do Lewandowskiej","og_description":"Sotrender zaprasza do lektury wrze\u015bniowego wydania Fanpage Trends podsumowuj\u0105cego najwa\u017cniejsze wydarzenia na Facebooku w Polsce w minionym miesi\u0105cu.","og_url":"https:\/\/www.sotrender.com\/blog\/pl\/2015\/10\/fanpage-trends-wrzesien-2015\/","og_site_name":"Sotrender Blog","article_publisher":"https:\/\/www.facebook.com\/Sotrender","article_published_time":"2015-10-08T11:58:16+00:00","article_modified_time":"2015-12-01T20:18:42+00:00","og_image":[{"width":1600,"height":700,"url":"https:\/\/www.sotrender.com\/blog\/wp-content\/uploads\/2015\/06\/fanpage-trends-featyred.jpg","type":"image\/jpeg"}],"author":"Aleksandra Prejs","twitter_card":"summary_large_image","twitter_creator":"@Sotrender","twitter_site":"@Sotrender","twitter_misc":{"Written by":"Aleksandra Prejs","Est. reading time":"3 minutes"},"schema":{"@context":"https:\/\/schema.org","@graph":[{"@type":"WebPage","@id":"https:\/\/www.sotrender.com\/blog\/pl\/2015\/10\/fanpage-trends-wrzesien-2015\/","url":"https:\/\/www.sotrender.com\/blog\/pl\/2015\/10\/fanpage-trends-wrzesien-2015\/","name":"Fanpage Trends Wrzesie\u0144 2015 - jesie\u0144 na Facebooku nale\u017cy do Lewandowskiej","isPartOf":{"@id":"https:\/\/www.sotrender.com\/blog\/#website"},"primaryImageOfPage":{"@id":"https:\/\/www.sotrender.com\/blog\/pl\/2015\/10\/fanpage-trends-wrzesien-2015\/#primaryimage"},"image":{"@id":"https:\/\/www.sotrender.com\/blog\/pl\/2015\/10\/fanpage-trends-wrzesien-2015\/#primaryimage"},"thumbnailUrl":"https:\/\/www.sotrender.com\/blog\/wp-content\/uploads\/2015\/06\/fanpage-trends-featyred.jpg","datePublished":"2015-10-08T11:58:16+00:00","dateModified":"2015-12-01T20:18:42+00:00","author":{"@id":"https:\/\/www.sotrender.com\/blog\/#\/schema\/person\/7106df62825269bc360ad9171cd7149b"},"description":"Sotrender zaprasza do lektury wrze\u015bniowego wydania Fanpage Trends podsumowuj\u0105cego najwa\u017cniejsze wydarzenia na Facebooku w Polsce w minionym miesi\u0105cu.","breadcrumb":{"@id":"https:\/\/www.sotrender.com\/blog\/pl\/2015\/10\/fanpage-trends-wrzesien-2015\/#breadcrumb"},"inLanguage":"pl-PL","potentialAction":[{"@type":"ReadAction","target":["https:\/\/www.sotrender.com\/blog\/pl\/2015\/10\/fanpage-trends-wrzesien-2015\/"]}]},{"@type":"ImageObject","inLanguage":"pl-PL","@id":"https:\/\/www.sotrender.com\/blog\/pl\/2015\/10\/fanpage-trends-wrzesien-2015\/#primaryimage","url":"https:\/\/www.sotrender.com\/blog\/wp-content\/uploads\/2015\/06\/fanpage-trends-featyred.jpg","contentUrl":"https:\/\/www.sotrender.com\/blog\/wp-content\/uploads\/2015\/06\/fanpage-trends-featyred.jpg","width":1600,"height":700},{"@type":"BreadcrumbList","@id":"https:\/\/www.sotrender.com\/blog\/pl\/2015\/10\/fanpage-trends-wrzesien-2015\/#breadcrumb","itemListElement":[{"@type":"ListItem","position":1,"name":"Home","item":"https:\/\/www.sotrender.com\/blog\/"},{"@type":"ListItem","position":2,"name":"Fanpage Trends Wrzesie\u0144 2015 &#8211; jesie\u0144 na Facebooku nale\u017cy do Lewandowskiej"}]},{"@type":"WebSite","@id":"https:\/\/www.sotrender.com\/blog\/#website","url":"https:\/\/www.sotrender.com\/blog\/","name":"Sotrender Blog","description":"","potentialAction":[{"@type":"SearchAction","target":{"@type":"EntryPoint","urlTemplate":"https:\/\/www.sotrender.com\/blog\/?s={search_term_string}"},"query-input":"required name=search_term_string"}],"inLanguage":"pl-PL"},{"@type":"Person","@id":"https:\/\/www.sotrender.com\/blog\/#\/schema\/person\/7106df62825269bc360ad9171cd7149b","name":"Aleksandra Prejs","image":{"@type":"ImageObject","inLanguage":"pl-PL","@id":"https:\/\/www.sotrender.com\/blog\/#\/schema\/person\/image\/","url":"https:\/\/secure.gravatar.com\/avatar\/469000454b77ff0aacb32c49dba023be?s=96&d=mm&r=g","contentUrl":"https:\/\/secure.gravatar.com\/avatar\/469000454b77ff0aacb32c49dba023be?s=96&d=mm&r=g","caption":"Aleksandra Prejs"},"url":"https:\/\/www.sotrender.com\/blog\/pl\/author\/aleksandra-prejs\/"}]}},"_links":{"self":[{"href":"https:\/\/www.sotrender.com\/blog\/pl\/wp-json\/wp\/v2\/posts\/19611"}],"collection":[{"href":"https:\/\/www.sotrender.com\/blog\/pl\/wp-json\/wp\/v2\/posts"}],"about":[{"href":"https:\/\/www.sotrender.com\/blog\/pl\/wp-json\/wp\/v2\/types\/post"}],"author":[{"embeddable":true,"href":"https:\/\/www.sotrender.com\/blog\/pl\/wp-json\/wp\/v2\/users\/31"}],"replies":[{"embeddable":true,"href":"https:\/\/www.sotrender.com\/blog\/pl\/wp-json\/wp\/v2\/comments?post=19611"}],"version-history":[{"count":4,"href":"https:\/\/www.sotrender.com\/blog\/pl\/wp-json\/wp\/v2\/posts\/19611\/revisions"}],"predecessor-version":[{"id":19703,"href":"https:\/\/www.sotrender.com\/blog\/pl\/wp-json\/wp\/v2\/posts\/19611\/revisions\/19703"}],"wp:featuredmedia":[{"embeddable":true,"href":"https:\/\/www.sotrender.com\/blog\/pl\/wp-json\/wp\/v2\/media\/18445"}],"wp:attachment":[{"href":"https:\/\/www.sotrender.com\/blog\/pl\/wp-json\/wp\/v2\/media?parent=19611"}],"wp:term":[{"taxonomy":"category","embeddable":true,"href":"https:\/\/www.sotrender.com\/blog\/pl\/wp-json\/wp\/v2\/categories?post=19611"},{"taxonomy":"post_tag","embeddable":true,"href":"https:\/\/www.sotrender.com\/blog\/pl\/wp-json\/wp\/v2\/tags?post=19611"}],"curies":[{"name":"wp","href":"https:\/\/api.w.org\/{rel}","templated":true}]}}