{"id":1941,"date":"2012-08-23T12:15:15","date_gmt":"2012-08-23T11:15:15","guid":{"rendered":"http:\/\/blog.sotrender.com\/?p=1941"},"modified":"2017-05-10T15:24:26","modified_gmt":"2017-05-10T13:24:26","slug":"sotrender-lite-czyli-wsparciu-marketingu-na-facebooku-dla-mnieszych-firm","status":"publish","type":"post","link":"https:\/\/www.sotrender.com\/blog\/pl\/2012\/08\/sotrender-lite-czyli-wsparciu-marketingu-na-facebooku-dla-mnieszych-firm\/","title":{"rendered":"Sotrender Lite,  czyli wsparcie marketingu na Facebooku dla mnieszych firm"},"content":{"rendered":"<p><strong>Uwaga! Z dniem 05.02.2015 zmienili\u015bmy cennik. Zamiast pakietu LITE proponujemy Ci w tej samej cenie korzystniejszy <a title=\"Kliknij, aby przejs\u0107 do cennika\" href=\"http:\/\/www.sotrender.com\/pl\/#pricing\" target=\"_blank\">pakiet BRONZE z pe\u0142nymi funkcjonalno\u015bciami<\/a>.<\/strong><br \/>\nOd kilku dni dost\u0119pna jest <strong>wersja Lite<\/strong> Sotrendera. Odpowiada na potrzeby mniejszych \u00a0przedsi\u0119biorstw, biznes\u00f3w lokalnych i os\u00f3b prywatnych, kt\u00f3re chcia\u0142yby pe\u0142niej wykorzysta\u0107 mo\u017cliwo\u015bci swoich stron na Facebooku. Podniesienie jako\u015bci dzia\u0142a\u0144 prowadzonych na Facebooku b\u0119dzie teraz prostsze, tak\u017ce dla podmiot\u00f3w niedysponuj\u0105cych du\u017cymi bud\u017cetami, znajomo\u015bci\u0105 medi\u00f3w spo\u0142eczno\u015bciowych i czasem. Za <strong>korzystn\u0105 cen\u0119<\/strong> udost\u0119pniamy dost\u0119p do zaawansowanych statystyk i porad, kt\u00f3re sprawi\u0105, \u017ce komunikacja na Facebooku b\u0119dzie prowadzona profesjonalnie i skutecznie.<\/p>\n<p><!--more--><\/p>\n<p><em><strong>!09\/05\/2017 aktualizacja: zapoznaj si\u0119 z <a href=\"https:\/\/www.sotrender.com\/blog\/pl\/2017\/05\/nowy-cennik-sotrendera\/\">nowym cennikiem<\/a>. Sprawd\u017a te\u017c inne <a href=\"https:\/\/www.sotrender.com\/blog\/pl\/2016\/12\/prezentujemy-nowego-sotrendera\/\">zmiany<\/a> i <a href=\"https:\/\/www.sotrender.com\/blog\/pl\/2017\/04\/raporty-porownawcze-pptx-wskazowki-instagram\/\">nowo\u015bci<\/a>.<\/strong><\/em><\/p>\n<p>Zapraszamy do wypr\u00f3bowania wersji Lite narz\u0119dzia Sotrender Analytics. Nasza dotychczasowa oferta by\u0142a kierowana do du\u017cych podmiot\u00f3w \u2013 korporacji \u00a0oraz agencji i dom\u00f3w mediowych zajmuj\u0105cych si\u0119 profesjonalnym prowadzeniem profili. \u00a0Rozszerzaj\u0105c ofert\u0119, \u00a0udost\u0119pniamy teraz ofert\u0119 dla \u201ed\u0142ugiego ogona\u201d, kt\u00f3ra zreszt\u0105 spotka\u0142a si\u0119 z bardzo pochlebn\u0105 opini\u0105 w recenzji <a href=\"http:\/\/antyweb.pl\/sotrender-wprowadza-nowe-funkcje-i-jednoczesnie-porywa-sie-na-dlugi-ogon\/\" target=\"_blank\">na blogu Antyweb.<\/a><\/p>\n<p><strong>Sotrender Analytics Lite<\/strong> ma prawie wszystkie funkcje pe\u0142nej wersji z niewielkimi ograniczeniami.<\/p>\n<p>Zwi\u0119z\u0142e por\u00f3wnanie zawiera tabelka:<\/p>\n<div id=\"attachment_1963\" style=\"width: 640px\" class=\"wp-caption aligncenter\"><a href=\"https:\/\/www.sotrender.com\/blog\/wp-content\/uploads\/2012\/08\/tabelkalight.png\" target=\"_blank\"><img loading=\"lazy\" decoding=\"async\" aria-describedby=\"caption-attachment-1963\" class=\" wp-image-1963 \" title=\"Sotrender oferta\" src=\"https:\/\/www.sotrender.com\/blog\/wp-content\/uploads\/2012\/08\/tabelkalight.png\" alt=\"\" width=\"630\" height=\"275\" srcset=\"https:\/\/www.sotrender.com\/blog\/wp-content\/uploads\/2012\/08\/tabelkalight.png 1000w, https:\/\/www.sotrender.com\/blog\/wp-content\/uploads\/2012\/08\/tabelkalight-475x207.png 475w, https:\/\/www.sotrender.com\/blog\/wp-content\/uploads\/2012\/08\/tabelkalight-768x334.png 768w, https:\/\/www.sotrender.com\/blog\/wp-content\/uploads\/2012\/08\/tabelkalight-950x413.png 950w, https:\/\/www.sotrender.com\/blog\/wp-content\/uploads\/2012\/08\/tabelkalight-600x261.png 600w\" sizes=\"(max-width: 630px) 100vw, 630px\" \/><\/a><p id=\"caption-attachment-1963\" class=\"wp-caption-text\">Kliknij, \u017ceby powi\u0119kszy\u0107<\/p><\/div>\n<h2>Sotrender Lite \u2013 mo\u017cliwo\u015bci:<\/h2>\n<ul>\n<li>Analiza zasi\u0119gu \u2013 liczby fan\u00f3w, a tak\u017ce zasi\u0119gu i liczby ods\u0142on<\/li>\n<li>Analiza zaanga\u017cowania \u2013 liczby zaanga\u017cowanych fan\u00f3w, os\u00f3b kt\u00f3re m\u00f3wi\u0105 o profilu i rodzaje aktywno\u015bci<\/li>\n<li>Odbiorcy \u2013 ich podstawowa demografia oraz ranking 20 najbardziej zaanga\u017cowanych fan\u00f3w wraz z segmentacj\u0105<\/li>\n<li>Najlepsze tre\u015bci \u2013 ranking 10 najlepszych post\u00f3w z liczbami zaanga\u017cowanych, &#8220;lubi\u0119 to&#8221;, komentarzy i udost\u0119pnie\u0144 (&#8220;share&#8221;)<\/li>\n<li>Interaktywne wykresy i zestawienia, konfigurowane dla dowolnych okres\u00f3w<\/li>\n<li>Raporty \u2013 dodatkowo p\u0142atny dost\u0119p do automatycznie generowanych raport\u00f3w z wykresami i ich pe\u0142nymi opisami<\/li>\n<li><strong>Wskaz\u00f3wki, czyli optymalny fanpage w wersji Lite<\/strong><\/li>\n<\/ul>\n<p>W wersji Lite jest tak\u017ce dost\u0119pna najnowsza, innowacyjna funkcja Sotrendera: <a href=\"https:\/\/www.sotrender.com\/blog\/pl\/2012\/08\/wskazowki-czyli-analityczna-rewolucja-w-sotrender\/\" target=\"_blank\">wskaz\u00f3wki pomagaj\u0105ce prowadzi\u0107 fanpage<\/a>. Jest ona przydatna zar\u00f3wno dla mniejszych, jak i du\u017cych klient\u00f3w. Praca ze wskaz\u00f3wkami nie wymaga zaawansowania i wiedzy o social media, a z jej charakterystyk\u0105 mo\u017cemy si\u0119 zapozna\u0107 w <a href=\"https:\/\/www.sotrender.com\/blog\/pl\/2012\/08\/jak-skutecznie-prowadzic-fanpage-czyli-sotrender-tutorial-czesc-1-wskazowki\/\" target=\"_blank\">pierwszej cz\u0119\u015bci tutorialu Sotrendera<\/a>. W ramach promocji oferujemy pe\u0142ny zestaw wskaz\u00f3wek, tak\u017ce w wersji Lite.<\/p>\n<p>Ponadto u\u017cytkownicy pakietu Lite otrzymuj\u0105:<\/p>\n<ul>\n<li>Wsparcie techniczne poprzez e-mail<\/li>\n<li>Atrakcyjn\u0105 cen\u0119 49z\u0142\/mies za ka\u017cdy analizowany profil (fanpage)<\/li>\n<li>Mo\u017cliwo\u015b\u0107 dodania do konta do 5 profili (fanpage&#8217;\u00f3w )\u00a0nie wi\u0119kszych ni\u017c 10 tys. fan\u00f3w ka\u017cdy<\/li>\n<li>Mo\u017cliwo\u015b\u0107 zarz\u0105dzania w\u0142asnym kontem, generowania faktur i p\u0142atno\u015bci online<\/li>\n<\/ul>\n<h3>Co da Ci pe\u0142na wersja Sotrendera?<\/h3>\n<p>By\u0107 mo\u017ce przy skali Twoich dzia\u0142a\u0144 na Facebooku, wersja Lite b\u0119dzie niewystarczaj\u0105ca. Mo\u017cesz wypr\u00f3bowa\u0107 pe\u0142n\u0105 wersj\u0119 \u2013 takie rozwi\u0105zanie rekomendujemy przede wszystkim du\u017cym firmom oraz obs\u0142uguj\u0105cym je agencjom i domom mediowym.<\/p>\n<p>Co wi\u0119cej \u2013 w stosunku do wersji Lite \u2013 zawiera pe\u0142na wersja Sotrendera?<\/p>\n<ul>\n<li>Dok\u0142adna analiza przyrostu liczby fan\u00f3w<\/li>\n<li>Zaawansowana demografia fan\u00f3w oraz pe\u0142en ranking wszystkich zaanga\u017cowanych fan\u00f3w wraz z segmentacj\u0105<\/li>\n<li>Zaawansowane analizy zaanga\u017cowania i aktywno\u015bci fan\u00f3w \u2013 m. in. wska\u017anik interaktywno\u015bci, rozbicie na dni i godziny, rodzaje aktywno\u015bci<\/li>\n<li>Zaawansowane analizy post\u00f3w \u2013 w tym wska\u017anik interaktywno\u015bci i pe\u0142en ranking post\u00f3w dla dowolnego okresu<\/li>\n<li>Por\u00f3wnanie bran\u017cy &#8211; zestawienie podstawowych wska\u017anik\u00f3w dla wszystkich fanpage&#8217;\u00f3w z danej kategorii produktowej<\/li>\n<li>Por\u00f3wnywanie efekt\u00f3w kampanii<\/li>\n<li>Por\u00f3wnanie wielu stron na jednym wykresie<\/li>\n<li>Bezp\u0142atny dost\u0119p do automatycznych raport\u00f3w w pdf<\/li>\n<li>Eksport danych do plik\u00f3w csv, xls i xlsx<\/li>\n<li>Statystyki profili mi\u0119dzynarodowych, z tre\u015bciami targetowanymi na kraje (<a title=\"Nowe mo\u017cliwo\u015bci sotrender\" href=\"https:\/\/www.sotrender.com\/blog\/pl\/2012\/07\/nowe-mozliwosci-platformy-sotrender\/\">wi\u0119cej w naszym wpisie<\/a>)<\/li>\n<\/ul>\n<p>U\u017cytkownicy pe\u0142nej wersji Sotrendera dostaj\u0105 te\u017c indywidualn\u0105 opiek\u0119 konsultanta i wsparcie telefoniczne. Ponadto nie ma \u017cadnych limit\u00f3w co do wielko\u015bci fanpage&#8217;\u00f3w, a liczba dost\u0119pnych profili oraz login\u00f3w w ramach 1 konta zale\u017cy tylko od wybranego <a title=\"Cennik Sotrender Analytics\" href=\"http:\/\/www.sotrender.com\/pl\/pricelist\">pakietu cenowego<\/a>.<\/p>\n<p>W ka\u017cdym momencie mo\u017cna te\u017c przej\u015b\u0107 z wersji Lite na pe\u0142n\u0105 wersj\u0119 Sotrendera.<\/p>\n<p>Interesuje Ci\u0119 Sotrender? Ju\u017c dzi\u015b <span style=\"text-decoration: underline;\"><a title=\"Konto Sotrender Analytics Lite\" href=\"https:\/\/app.sotrender.com\/auth\/signup\/trial\/pln\/gold\"><strong>za\u0142\u00f3\u017c konto!<\/strong>\u00a0<\/a><\/span><\/p>\n<hr \/>\n<p><em><strong>!09\/05\/2017 aktualizacja: zapoznaj si\u0119 z <a href=\"https:\/\/www.sotrender.com\/blog\/pl\/2017\/05\/nowy-cennik-sotrendera\/\">nowym cennikiem<\/a>. Sprawd\u017a te\u017c inne <a href=\"https:\/\/www.sotrender.com\/blog\/pl\/2016\/12\/prezentujemy-nowego-sotrendera\/\">zmiany<\/a> i <a href=\"https:\/\/www.sotrender.com\/blog\/pl\/2017\/04\/raporty-porownawcze-pptx-wskazowki-instagram\/\">nowo\u015bci<\/a>.<\/strong><\/em><\/p>\n<hr \/>\n<p>&nbsp;<\/p>\n","protected":false},"excerpt":{"rendered":"<p>Uwaga! Z dniem 05.02.2015 zmienili\u015bmy cennik. Zamiast pakietu LITE proponujemy Ci w tej samej cenie korzystniejszy pakiet BRONZE z pe\u0142nymi funkcjonalno\u015bciami. Od kilku dni dost\u0119pna jest wersja Lite Sotrendera. Odpowiada na potrzeby mniejszych \u00a0przedsi\u0119biorstw, biznes\u00f3w lokalnych i os\u00f3b prywatnych, kt\u00f3re chcia\u0142yby pe\u0142niej wykorzysta\u0107 mo\u017cliwo\u015bci swoich stron na Facebooku. Podniesienie jako\u015bci dzia\u0142a\u0144 prowadzonych na Facebooku b\u0119dzie [&hellip;]<\/p>\n","protected":false},"author":31,"featured_media":18901,"comment_status":"open","ping_status":"open","sticky":false,"template":"","format":"standard","meta":{"inline_featured_image":false,"footnotes":""},"categories":[1],"tags":[7,17,345],"yoast_head":"<!-- This site is optimized with the Yoast SEO plugin v22.4 - https:\/\/yoast.com\/wordpress\/plugins\/seo\/ -->\n<title>Sotrender Lite, czyli rozwi\u0105zanie dla ma\u0142ych firm na Facebooku<\/title>\n<meta name=\"description\" content=\"Sprawd\u017a, jak \u0142atwo poprawi\u0107 marketing na Facebooku. Sotrender Lite - rozwi\u0105zanie dla mniejszych firm. Analizy, raporty, wskaz\u00f3wki, optymalizacja\" \/>\n<meta name=\"robots\" content=\"index, follow, max-snippet:-1, max-image-preview:large, max-video-preview:-1\" \/>\n<link rel=\"canonical\" href=\"https:\/\/www.sotrender.com\/blog\/pl\/2012\/08\/sotrender-lite-czyli-wsparciu-marketingu-na-facebooku-dla-mnieszych-firm\/\" \/>\n<meta property=\"og:locale\" content=\"pl_PL\" \/>\n<meta property=\"og:type\" content=\"article\" \/>\n<meta property=\"og:title\" content=\"Sotrender Lite, czyli rozwi\u0105zanie dla ma\u0142ych firm na Facebooku\" \/>\n<meta property=\"og:description\" content=\"Sprawd\u017a, jak \u0142atwo poprawi\u0107 marketing na Facebooku. Sotrender Lite - rozwi\u0105zanie dla mniejszych firm. Analizy, raporty, wskaz\u00f3wki, optymalizacja\" \/>\n<meta property=\"og:url\" content=\"https:\/\/www.sotrender.com\/blog\/pl\/2012\/08\/sotrender-lite-czyli-wsparciu-marketingu-na-facebooku-dla-mnieszych-firm\/\" \/>\n<meta property=\"og:site_name\" content=\"Sotrender Blog\" \/>\n<meta property=\"article:publisher\" content=\"https:\/\/www.facebook.com\/Sotrender\" \/>\n<meta property=\"article:published_time\" content=\"2012-08-23T11:15:15+00:00\" \/>\n<meta property=\"article:modified_time\" content=\"2017-05-10T13:24:26+00:00\" \/>\n<meta property=\"og:image\" content=\"https:\/\/www.sotrender.com\/blog\/wp-content\/uploads\/2015\/07\/header_blog_3.jpg\" \/>\n\t<meta property=\"og:image:width\" content=\"1600\" \/>\n\t<meta property=\"og:image:height\" content=\"700\" \/>\n\t<meta property=\"og:image:type\" content=\"image\/jpeg\" \/>\n<meta name=\"author\" content=\"Aleksandra Prejs\" \/>\n<meta name=\"twitter:card\" content=\"summary_large_image\" \/>\n<meta name=\"twitter:creator\" content=\"@Sotrender\" \/>\n<meta name=\"twitter:site\" content=\"@Sotrender\" \/>\n<meta name=\"twitter:label1\" content=\"Written by\" \/>\n\t<meta name=\"twitter:data1\" content=\"Aleksandra Prejs\" \/>\n\t<meta name=\"twitter:label2\" content=\"Est. reading time\" \/>\n\t<meta name=\"twitter:data2\" content=\"4 minutes\" \/>\n<script type=\"application\/ld+json\" class=\"yoast-schema-graph\">{\"@context\":\"https:\/\/schema.org\",\"@graph\":[{\"@type\":\"WebPage\",\"@id\":\"https:\/\/www.sotrender.com\/blog\/pl\/2012\/08\/sotrender-lite-czyli-wsparciu-marketingu-na-facebooku-dla-mnieszych-firm\/\",\"url\":\"https:\/\/www.sotrender.com\/blog\/pl\/2012\/08\/sotrender-lite-czyli-wsparciu-marketingu-na-facebooku-dla-mnieszych-firm\/\",\"name\":\"Sotrender Lite, czyli rozwi\u0105zanie dla ma\u0142ych firm na Facebooku\",\"isPartOf\":{\"@id\":\"https:\/\/www.sotrender.com\/blog\/#website\"},\"primaryImageOfPage\":{\"@id\":\"https:\/\/www.sotrender.com\/blog\/pl\/2012\/08\/sotrender-lite-czyli-wsparciu-marketingu-na-facebooku-dla-mnieszych-firm\/#primaryimage\"},\"image\":{\"@id\":\"https:\/\/www.sotrender.com\/blog\/pl\/2012\/08\/sotrender-lite-czyli-wsparciu-marketingu-na-facebooku-dla-mnieszych-firm\/#primaryimage\"},\"thumbnailUrl\":\"https:\/\/www.sotrender.com\/blog\/wp-content\/uploads\/2015\/07\/header_blog_3.jpg\",\"datePublished\":\"2012-08-23T11:15:15+00:00\",\"dateModified\":\"2017-05-10T13:24:26+00:00\",\"author\":{\"@id\":\"https:\/\/www.sotrender.com\/blog\/#\/schema\/person\/7106df62825269bc360ad9171cd7149b\"},\"description\":\"Sprawd\u017a, jak \u0142atwo poprawi\u0107 marketing na Facebooku. Sotrender Lite - rozwi\u0105zanie dla mniejszych firm. Analizy, raporty, wskaz\u00f3wki, optymalizacja\",\"breadcrumb\":{\"@id\":\"https:\/\/www.sotrender.com\/blog\/pl\/2012\/08\/sotrender-lite-czyli-wsparciu-marketingu-na-facebooku-dla-mnieszych-firm\/#breadcrumb\"},\"inLanguage\":\"pl-PL\",\"potentialAction\":[{\"@type\":\"ReadAction\",\"target\":[\"https:\/\/www.sotrender.com\/blog\/pl\/2012\/08\/sotrender-lite-czyli-wsparciu-marketingu-na-facebooku-dla-mnieszych-firm\/\"]}]},{\"@type\":\"ImageObject\",\"inLanguage\":\"pl-PL\",\"@id\":\"https:\/\/www.sotrender.com\/blog\/pl\/2012\/08\/sotrender-lite-czyli-wsparciu-marketingu-na-facebooku-dla-mnieszych-firm\/#primaryimage\",\"url\":\"https:\/\/www.sotrender.com\/blog\/wp-content\/uploads\/2015\/07\/header_blog_3.jpg\",\"contentUrl\":\"https:\/\/www.sotrender.com\/blog\/wp-content\/uploads\/2015\/07\/header_blog_3.jpg\",\"width\":1600,\"height\":700},{\"@type\":\"BreadcrumbList\",\"@id\":\"https:\/\/www.sotrender.com\/blog\/pl\/2012\/08\/sotrender-lite-czyli-wsparciu-marketingu-na-facebooku-dla-mnieszych-firm\/#breadcrumb\",\"itemListElement\":[{\"@type\":\"ListItem\",\"position\":1,\"name\":\"Home\",\"item\":\"https:\/\/www.sotrender.com\/blog\/\"},{\"@type\":\"ListItem\",\"position\":2,\"name\":\"Sotrender Lite, czyli wsparcie marketingu na Facebooku dla mnieszych firm\"}]},{\"@type\":\"WebSite\",\"@id\":\"https:\/\/www.sotrender.com\/blog\/#website\",\"url\":\"https:\/\/www.sotrender.com\/blog\/\",\"name\":\"Sotrender Blog\",\"description\":\"\",\"potentialAction\":[{\"@type\":\"SearchAction\",\"target\":{\"@type\":\"EntryPoint\",\"urlTemplate\":\"https:\/\/www.sotrender.com\/blog\/?s={search_term_string}\"},\"query-input\":\"required name=search_term_string\"}],\"inLanguage\":\"pl-PL\"},{\"@type\":\"Person\",\"@id\":\"https:\/\/www.sotrender.com\/blog\/#\/schema\/person\/7106df62825269bc360ad9171cd7149b\",\"name\":\"Aleksandra Prejs\",\"image\":{\"@type\":\"ImageObject\",\"inLanguage\":\"pl-PL\",\"@id\":\"https:\/\/www.sotrender.com\/blog\/#\/schema\/person\/image\/\",\"url\":\"https:\/\/secure.gravatar.com\/avatar\/469000454b77ff0aacb32c49dba023be?s=96&d=mm&r=g\",\"contentUrl\":\"https:\/\/secure.gravatar.com\/avatar\/469000454b77ff0aacb32c49dba023be?s=96&d=mm&r=g\",\"caption\":\"Aleksandra Prejs\"},\"url\":\"https:\/\/www.sotrender.com\/blog\/pl\/author\/aleksandra-prejs\/\"}]}<\/script>\n<!-- \/ Yoast SEO plugin. -->","yoast_head_json":{"title":"Sotrender Lite, czyli rozwi\u0105zanie dla ma\u0142ych firm na Facebooku","description":"Sprawd\u017a, jak \u0142atwo poprawi\u0107 marketing na Facebooku. Sotrender Lite - rozwi\u0105zanie dla mniejszych firm. Analizy, raporty, wskaz\u00f3wki, optymalizacja","robots":{"index":"index","follow":"follow","max-snippet":"max-snippet:-1","max-image-preview":"max-image-preview:large","max-video-preview":"max-video-preview:-1"},"canonical":"https:\/\/www.sotrender.com\/blog\/pl\/2012\/08\/sotrender-lite-czyli-wsparciu-marketingu-na-facebooku-dla-mnieszych-firm\/","og_locale":"pl_PL","og_type":"article","og_title":"Sotrender Lite, czyli rozwi\u0105zanie dla ma\u0142ych firm na Facebooku","og_description":"Sprawd\u017a, jak \u0142atwo poprawi\u0107 marketing na Facebooku. Sotrender Lite - rozwi\u0105zanie dla mniejszych firm. Analizy, raporty, wskaz\u00f3wki, optymalizacja","og_url":"https:\/\/www.sotrender.com\/blog\/pl\/2012\/08\/sotrender-lite-czyli-wsparciu-marketingu-na-facebooku-dla-mnieszych-firm\/","og_site_name":"Sotrender Blog","article_publisher":"https:\/\/www.facebook.com\/Sotrender","article_published_time":"2012-08-23T11:15:15+00:00","article_modified_time":"2017-05-10T13:24:26+00:00","og_image":[{"width":1600,"height":700,"url":"https:\/\/www.sotrender.com\/blog\/wp-content\/uploads\/2015\/07\/header_blog_3.jpg","type":"image\/jpeg"}],"author":"Aleksandra Prejs","twitter_card":"summary_large_image","twitter_creator":"@Sotrender","twitter_site":"@Sotrender","twitter_misc":{"Written by":"Aleksandra Prejs","Est. reading time":"4 minutes"},"schema":{"@context":"https:\/\/schema.org","@graph":[{"@type":"WebPage","@id":"https:\/\/www.sotrender.com\/blog\/pl\/2012\/08\/sotrender-lite-czyli-wsparciu-marketingu-na-facebooku-dla-mnieszych-firm\/","url":"https:\/\/www.sotrender.com\/blog\/pl\/2012\/08\/sotrender-lite-czyli-wsparciu-marketingu-na-facebooku-dla-mnieszych-firm\/","name":"Sotrender Lite, czyli rozwi\u0105zanie dla ma\u0142ych firm na Facebooku","isPartOf":{"@id":"https:\/\/www.sotrender.com\/blog\/#website"},"primaryImageOfPage":{"@id":"https:\/\/www.sotrender.com\/blog\/pl\/2012\/08\/sotrender-lite-czyli-wsparciu-marketingu-na-facebooku-dla-mnieszych-firm\/#primaryimage"},"image":{"@id":"https:\/\/www.sotrender.com\/blog\/pl\/2012\/08\/sotrender-lite-czyli-wsparciu-marketingu-na-facebooku-dla-mnieszych-firm\/#primaryimage"},"thumbnailUrl":"https:\/\/www.sotrender.com\/blog\/wp-content\/uploads\/2015\/07\/header_blog_3.jpg","datePublished":"2012-08-23T11:15:15+00:00","dateModified":"2017-05-10T13:24:26+00:00","author":{"@id":"https:\/\/www.sotrender.com\/blog\/#\/schema\/person\/7106df62825269bc360ad9171cd7149b"},"description":"Sprawd\u017a, jak \u0142atwo poprawi\u0107 marketing na Facebooku. Sotrender Lite - rozwi\u0105zanie dla mniejszych firm. Analizy, raporty, wskaz\u00f3wki, optymalizacja","breadcrumb":{"@id":"https:\/\/www.sotrender.com\/blog\/pl\/2012\/08\/sotrender-lite-czyli-wsparciu-marketingu-na-facebooku-dla-mnieszych-firm\/#breadcrumb"},"inLanguage":"pl-PL","potentialAction":[{"@type":"ReadAction","target":["https:\/\/www.sotrender.com\/blog\/pl\/2012\/08\/sotrender-lite-czyli-wsparciu-marketingu-na-facebooku-dla-mnieszych-firm\/"]}]},{"@type":"ImageObject","inLanguage":"pl-PL","@id":"https:\/\/www.sotrender.com\/blog\/pl\/2012\/08\/sotrender-lite-czyli-wsparciu-marketingu-na-facebooku-dla-mnieszych-firm\/#primaryimage","url":"https:\/\/www.sotrender.com\/blog\/wp-content\/uploads\/2015\/07\/header_blog_3.jpg","contentUrl":"https:\/\/www.sotrender.com\/blog\/wp-content\/uploads\/2015\/07\/header_blog_3.jpg","width":1600,"height":700},{"@type":"BreadcrumbList","@id":"https:\/\/www.sotrender.com\/blog\/pl\/2012\/08\/sotrender-lite-czyli-wsparciu-marketingu-na-facebooku-dla-mnieszych-firm\/#breadcrumb","itemListElement":[{"@type":"ListItem","position":1,"name":"Home","item":"https:\/\/www.sotrender.com\/blog\/"},{"@type":"ListItem","position":2,"name":"Sotrender Lite, czyli wsparcie marketingu na Facebooku dla mnieszych firm"}]},{"@type":"WebSite","@id":"https:\/\/www.sotrender.com\/blog\/#website","url":"https:\/\/www.sotrender.com\/blog\/","name":"Sotrender Blog","description":"","potentialAction":[{"@type":"SearchAction","target":{"@type":"EntryPoint","urlTemplate":"https:\/\/www.sotrender.com\/blog\/?s={search_term_string}"},"query-input":"required name=search_term_string"}],"inLanguage":"pl-PL"},{"@type":"Person","@id":"https:\/\/www.sotrender.com\/blog\/#\/schema\/person\/7106df62825269bc360ad9171cd7149b","name":"Aleksandra Prejs","image":{"@type":"ImageObject","inLanguage":"pl-PL","@id":"https:\/\/www.sotrender.com\/blog\/#\/schema\/person\/image\/","url":"https:\/\/secure.gravatar.com\/avatar\/469000454b77ff0aacb32c49dba023be?s=96&d=mm&r=g","contentUrl":"https:\/\/secure.gravatar.com\/avatar\/469000454b77ff0aacb32c49dba023be?s=96&d=mm&r=g","caption":"Aleksandra Prejs"},"url":"https:\/\/www.sotrender.com\/blog\/pl\/author\/aleksandra-prejs\/"}]}},"_links":{"self":[{"href":"https:\/\/www.sotrender.com\/blog\/pl\/wp-json\/wp\/v2\/posts\/1941"}],"collection":[{"href":"https:\/\/www.sotrender.com\/blog\/pl\/wp-json\/wp\/v2\/posts"}],"about":[{"href":"https:\/\/www.sotrender.com\/blog\/pl\/wp-json\/wp\/v2\/types\/post"}],"author":[{"embeddable":true,"href":"https:\/\/www.sotrender.com\/blog\/pl\/wp-json\/wp\/v2\/users\/31"}],"replies":[{"embeddable":true,"href":"https:\/\/www.sotrender.com\/blog\/pl\/wp-json\/wp\/v2\/comments?post=1941"}],"version-history":[{"count":42,"href":"https:\/\/www.sotrender.com\/blog\/pl\/wp-json\/wp\/v2\/posts\/1941\/revisions"}],"predecessor-version":[{"id":27301,"href":"https:\/\/www.sotrender.com\/blog\/pl\/wp-json\/wp\/v2\/posts\/1941\/revisions\/27301"}],"wp:featuredmedia":[{"embeddable":true,"href":"https:\/\/www.sotrender.com\/blog\/pl\/wp-json\/wp\/v2\/media\/18901"}],"wp:attachment":[{"href":"https:\/\/www.sotrender.com\/blog\/pl\/wp-json\/wp\/v2\/media?parent=1941"}],"wp:term":[{"taxonomy":"category","embeddable":true,"href":"https:\/\/www.sotrender.com\/blog\/pl\/wp-json\/wp\/v2\/categories?post=1941"},{"taxonomy":"post_tag","embeddable":true,"href":"https:\/\/www.sotrender.com\/blog\/pl\/wp-json\/wp\/v2\/tags?post=1941"}],"curies":[{"name":"wp","href":"https:\/\/api.w.org\/{rel}","templated":true}]}}