{"id":19209,"date":"2015-09-09T13:45:47","date_gmt":"2015-09-09T12:45:47","guid":{"rendered":"http:\/\/blog.sotrender.com\/?p=19209"},"modified":"2015-12-01T21:19:58","modified_gmt":"2015-12-01T20:19:58","slug":"fanpage-trends-sierpien-2015","status":"publish","type":"post","link":"https:\/\/www.sotrender.com\/blog\/pl\/2015\/09\/fanpage-trends-sierpien-2015\/","title":{"rendered":"Fanpage Trends Sierpie\u0144 2015 &#8211; kie\u0142basa polityczna w sezonie og\u00f3rkowym"},"content":{"rendered":"<p style=\"text-align: justify;\"><span style=\"font-weight: 400;\">Wakacje na Facebooku zago\u015bci\u0142y dopiero w zesz\u0142ym miesi\u0105cu. O ile analizowane przez Sotrender profile publikowa\u0142y zdecydowanie wi\u0119cej w lipcu,  ni\u017c w czerwcu,  o tyle liczba post\u00f3w w sierpniu wynios\u0142a nieco ponad 279 tys.,  czyli niemal 3% mniej. Kaniku\u0142y sprzyjaj\u0105 rozmowom! Wida\u0107 to we wzro\u015bcie \u015bredniej liczby komentarzy pod postami o ponad 5% przy jednoczesnym spadku \u015bredniej liczby polubie\u0144 i udost\u0119pnie\u0144. Ciekawi to zw\u0142aszcza w por\u00f3wnaniu do wynik\u00f3w z raportu <\/span><a title=\"Przejd\u017a do raportu Twitter Trends\" href=\"http:\/\/www.sotrender.pl\/trends\/twitter\/reports\/201508\/categories\" target=\"_blank\"><span style=\"font-weight: 400;\">Twitter Trends, <\/span><\/a><span style=\"font-weight: 400;\"> gdzie zar\u00f3wno liczba polubie\u0144,  jak i retweet\u00f3w poszybowa\u0142y w g\u00f3r\u0119 o ponad 20%. Jakie tematy s\u0105 najlepsze w sezonie og\u00f3rkowym? B\u0119dzie tu kilka zaskocze\u0144! <\/span><a title=\"Przejd\u017a na stron\u0119 Sotrendera\" href=\"http:\/\/www.sotrender.pl\/\" target=\"_blank\"><b>Zapraszamy do lektury najnowszego wydania raportu Fanpage Trends<\/b><span style=\"font-weight: 400;\"> przygotowanego przez <\/span><b>Sotrender<\/b><span style=\"font-weight: 400;\">!<\/span><\/a><\/p>\n<p style=\"text-align: justify;\"><!--more--><\/p>\n<h2 style=\"text-align: justify;\"><b>Le\u017caki i hamaki aktywne obywatelstwo w <a title=\"Przejd\u017a do raportu\" href=\"http:\/\/www.sotrender.pl\/trends\/facebook\" target=\"_blank\">Fanpage Trends<\/a><\/b><\/h2>\n<p style=\"text-align: justify;\"><span style=\"font-weight: 400;\">Pomyli si\u0119 ten,  kto w wakacje postawi tylko na tematy lekkie i przyjemne. No\u015bne okaza\u0142y si\u0119 tematy polityczne. W rankingu najbardziej anga\u017cuj\u0105cych stron polskoj\u0119zycznych a\u017c o 53 pozycje awansowa\u0142 Zbigniew Stonoga. Skokowy wzrost odnotowa\u0142 te\u017c Andrzej Duda &#8211; zaanga\u017cowanie na jego stronie zmieni\u0142o si\u0119 a\u017c o 176 pozycji. Fotorelacja z zaprzysi\u0119\u017cenia okaza\u0142a si\u0119 by\u0107 najbardziej interaktywnym postem na profilach polityk\u00f3w. Fanpage urz\u0119duj\u0105cego ju\u017c prezydenta polubi\u0142o 81 tys. nowych fan\u00f3w,  co oznacza wzrost o 36% wzgl\u0119dem poprzedniego miesi\u0105ca. Gdyby by\u0142y to s\u0142upki poparcia przez wyborc\u00f3w,  o takim wyniku marzy\u0142by ka\u017cdy polityk.<\/span><\/p>\n<h2 style=\"text-align: justify;\"><b>Nasze plany na sobot\u0119\u00a0<\/b><\/h2>\n<p style=\"text-align: justify;\"><span style=\"font-weight: 400;\">W gor\u0105cy sierpniowy weekend niekt\u00f3rzy wybrali si\u0119 nad wod\u0119,  inni walczyli w sklepach o wentylatory,  Tomek wybra\u0142 paintball &#8211; i poinformowa\u0142 o tych planach Volvo Car Poland. \u015awietna reakcja administrator\u00f3w strony poskutkowa\u0142a najbardziej interaktywnym postem w kategorii Samochody.<\/span><\/p>\n<div id=\"attachment_19217\" style=\"width: 585px\" class=\"wp-caption aligncenter\"><a href=\"https:\/\/www.sotrender.com\/blog\/wp-content\/uploads\/2015\/09\/samochody.png\"><img loading=\"lazy\" decoding=\"async\" aria-describedby=\"caption-attachment-19217\" class=\"size-full wp-image-19217\" src=\"https:\/\/www.sotrender.com\/blog\/wp-content\/uploads\/2015\/09\/samochody.png\" alt=\"Fanpage Trends Sierpie\u0144 2015 - najlepsze posty w kategorii Samochody\" width=\"575\" height=\"437\" \/><\/a><p id=\"caption-attachment-19217\" class=\"wp-caption-text\">Fanpage Trends Sierpie\u0144 2015 &#8211; najlepsze posty w kategorii Samochody<\/p><\/div>\n<p style=\"text-align: justify;\"><span style=\"font-weight: 400;\">Inni za\u015b budzili si\u0119 w sierpniowe soboty z b\u00f3lem g\u0142owy &#8211; wakacje sprzyjaj\u0105 spo\u017cyciu mocnych trunk\u00f3w. Zaskoczy\u0107 Was mo\u017ce brak w naszym zestawieniu g\u0142o\u015bnego wpisu \u017bytniej Extra. Wyja\u015bniamy: post ten nie trafi\u0142 do rankingu,  poniewa\u017c zosta\u0142 usuni\u0119ty przez administrator\u00f3w. <\/span><\/p>\n<h2 style=\"text-align: justify;\"><b>Sotrender obna\u017ca prawd\u0119 o bran\u017cy porno<\/b><\/h2>\n<p style=\"text-align: justify;\"><span style=\"font-weight: 400;\">Wsp\u00f3lnie z serwisem Pornhub przenaliazowalismy aktywno\u015b\u0107 gwiazd porno na Facebooku,  Twitterze oraz Instagramie. Okaza\u0142o si\u0119,  \u017ce na Facebooku zdecydowanie prym wiedzie Alexis Texas,  kt\u00f3ra wyprzedza drug\u0105 w zestawieniu Sophie Dee a\u017c o blisko 300 tys. fan\u00f3w. Co jeszcze odkryli\u015bmy?<\/span><\/p>\n<div id=\"attachment_19215\" style=\"width: 740px\" class=\"wp-caption aligncenter\"><a href=\"https:\/\/www.sotrender.com\/blog\/wp-content\/uploads\/2015\/09\/NakedTruthAboutPorn_PL_single_faceboobs.png\"><img loading=\"lazy\" decoding=\"async\" aria-describedby=\"caption-attachment-19215\" class=\"size-full wp-image-19215\" src=\"https:\/\/www.sotrender.com\/blog\/wp-content\/uploads\/2015\/09\/NakedTruthAboutPorn_PL_single_faceboobs.png\" alt=\"Naga prawda o porno w social media - Piersi na Facebooku\" width=\"730\" height=\"780\" srcset=\"https:\/\/www.sotrender.com\/blog\/wp-content\/uploads\/2015\/09\/NakedTruthAboutPorn_PL_single_faceboobs.png 730w, https:\/\/www.sotrender.com\/blog\/wp-content\/uploads\/2015\/09\/NakedTruthAboutPorn_PL_single_faceboobs-475x508.png 475w, https:\/\/www.sotrender.com\/blog\/wp-content\/uploads\/2015\/09\/NakedTruthAboutPorn_PL_single_faceboobs-600x641.png 600w\" sizes=\"(max-width: 730px) 100vw, 730px\" \/><\/a><p id=\"caption-attachment-19215\" class=\"wp-caption-text\">Naga prawda o porno w social media &#8211; Piersi na Facebooku<\/p><\/div>\n<p style=\"text-align: justify;\"><span style=\"font-weight: 400;\">Chocia\u017cby fakt,  \u017ce a\u017c 66% fan\u00f3w porno to osoby,  kt\u00f3re pozostaj\u0105 w zwi\u0105zkach,  z kolei zdecydowana wi\u0119kszo\u015b\u0107 amator\u00f3w kina dla doros\u0142ych reprezentuje pogl\u0105dy skrajnie prawicowe. Przeczytaj wi\u0119cej na temat porno w social media we wpisie pt. <a title=\"Przeczytaj wi\u0119cej i zobacz infografik\u0119\" href=\"https:\/\/www.sotrender.com\/blog\/2015\/09\/naked-truth-about-porn-on-social-media\/\" target=\"_blank\">\u201eNaked truth about porn on social media &#8211; Infographic\u201d<\/a>!<\/span><\/p>\n<h2 style=\"text-align: center;\"><strong><a title=\"Przejd\u017a do raportu\" href=\"http:\/\/www.sotrender.pl\/trends\/facebook\/reports\/201508\/categories\" target=\"_blank\">Zapraszamy do lektury sierpniowego raportu Fanpage Trends!<\/a><\/strong><\/h2>\n","protected":false},"excerpt":{"rendered":"<p>Wakacje na Facebooku zago\u015bci\u0142y dopiero w zesz\u0142ym miesi\u0105cu. O ile analizowane przez Sotrender profile publikowa\u0142y zdecydowanie wi\u0119cej w lipcu, ni\u017c w czerwcu, o tyle liczba post\u00f3w w sierpniu wynios\u0142a nieco ponad 279 tys., czyli niemal 3% mniej. Kaniku\u0142y sprzyjaj\u0105 rozmowom! Wida\u0107 to we wzro\u015bcie \u015bredniej liczby komentarzy pod postami o ponad 5% przy jednoczesnym spadku [&hellip;]<\/p>\n","protected":false},"author":31,"featured_media":18445,"comment_status":"open","ping_status":"open","sticky":false,"template":"","format":"standard","meta":{"inline_featured_image":false,"footnotes":""},"categories":[1791,1797],"tags":[31,1553,7,17],"yoast_head":"<!-- This site is optimized with the Yoast SEO plugin v22.4 - https:\/\/yoast.com\/wordpress\/plugins\/seo\/ -->\n<title>Fanpage Trends Sierpie\u0144 2015 - kie\u0142basa polityczna w sezonie og\u00f3rkowym<\/title>\n<meta name=\"description\" content=\"Sotrender zaprasza do lektury sierpniowego wydania Fanpage Trends podsumowuj\u0105cego najwa\u017cniejsze wydarzenia na Facebooku w Polsce w minionym miesi\u0105cu.\" \/>\n<meta name=\"robots\" content=\"index, follow, max-snippet:-1, max-image-preview:large, max-video-preview:-1\" \/>\n<link rel=\"canonical\" href=\"https:\/\/www.sotrender.com\/blog\/pl\/2015\/09\/fanpage-trends-sierpien-2015\/\" \/>\n<meta property=\"og:locale\" content=\"pl_PL\" \/>\n<meta property=\"og:type\" content=\"article\" \/>\n<meta property=\"og:title\" content=\"Fanpage Trends Sierpie\u0144 2015 - kie\u0142basa polityczna w sezonie og\u00f3rkowym\" \/>\n<meta property=\"og:description\" content=\"Sotrender zaprasza do lektury sierpniowego wydania Fanpage Trends podsumowuj\u0105cego najwa\u017cniejsze wydarzenia na Facebooku w Polsce w minionym miesi\u0105cu.\" \/>\n<meta property=\"og:url\" content=\"https:\/\/www.sotrender.com\/blog\/pl\/2015\/09\/fanpage-trends-sierpien-2015\/\" \/>\n<meta property=\"og:site_name\" content=\"Sotrender Blog\" \/>\n<meta property=\"article:publisher\" content=\"https:\/\/www.facebook.com\/Sotrender\" \/>\n<meta property=\"article:published_time\" content=\"2015-09-09T12:45:47+00:00\" \/>\n<meta property=\"article:modified_time\" content=\"2015-12-01T20:19:58+00:00\" \/>\n<meta property=\"og:image\" content=\"https:\/\/www.sotrender.com\/blog\/wp-content\/uploads\/2015\/06\/fanpage-trends-featyred.jpg\" \/>\n\t<meta property=\"og:image:width\" content=\"1600\" \/>\n\t<meta property=\"og:image:height\" content=\"700\" \/>\n\t<meta property=\"og:image:type\" content=\"image\/jpeg\" \/>\n<meta name=\"author\" content=\"Aleksandra Prejs\" \/>\n<meta name=\"twitter:card\" content=\"summary_large_image\" \/>\n<meta name=\"twitter:creator\" content=\"@Sotrender\" \/>\n<meta name=\"twitter:site\" content=\"@Sotrender\" \/>\n<meta name=\"twitter:label1\" content=\"Written by\" \/>\n\t<meta name=\"twitter:data1\" content=\"Aleksandra Prejs\" \/>\n\t<meta name=\"twitter:label2\" content=\"Est. reading time\" \/>\n\t<meta name=\"twitter:data2\" content=\"2 minutes\" \/>\n<script type=\"application\/ld+json\" class=\"yoast-schema-graph\">{\"@context\":\"https:\/\/schema.org\",\"@graph\":[{\"@type\":\"WebPage\",\"@id\":\"https:\/\/www.sotrender.com\/blog\/pl\/2015\/09\/fanpage-trends-sierpien-2015\/\",\"url\":\"https:\/\/www.sotrender.com\/blog\/pl\/2015\/09\/fanpage-trends-sierpien-2015\/\",\"name\":\"Fanpage Trends Sierpie\u0144 2015 - kie\u0142basa polityczna w sezonie og\u00f3rkowym\",\"isPartOf\":{\"@id\":\"https:\/\/www.sotrender.com\/blog\/#website\"},\"primaryImageOfPage\":{\"@id\":\"https:\/\/www.sotrender.com\/blog\/pl\/2015\/09\/fanpage-trends-sierpien-2015\/#primaryimage\"},\"image\":{\"@id\":\"https:\/\/www.sotrender.com\/blog\/pl\/2015\/09\/fanpage-trends-sierpien-2015\/#primaryimage\"},\"thumbnailUrl\":\"https:\/\/www.sotrender.com\/blog\/wp-content\/uploads\/2015\/06\/fanpage-trends-featyred.jpg\",\"datePublished\":\"2015-09-09T12:45:47+00:00\",\"dateModified\":\"2015-12-01T20:19:58+00:00\",\"author\":{\"@id\":\"https:\/\/www.sotrender.com\/blog\/#\/schema\/person\/7106df62825269bc360ad9171cd7149b\"},\"description\":\"Sotrender zaprasza do lektury sierpniowego wydania Fanpage Trends podsumowuj\u0105cego najwa\u017cniejsze wydarzenia na Facebooku w Polsce w minionym miesi\u0105cu.\",\"breadcrumb\":{\"@id\":\"https:\/\/www.sotrender.com\/blog\/pl\/2015\/09\/fanpage-trends-sierpien-2015\/#breadcrumb\"},\"inLanguage\":\"pl-PL\",\"potentialAction\":[{\"@type\":\"ReadAction\",\"target\":[\"https:\/\/www.sotrender.com\/blog\/pl\/2015\/09\/fanpage-trends-sierpien-2015\/\"]}]},{\"@type\":\"ImageObject\",\"inLanguage\":\"pl-PL\",\"@id\":\"https:\/\/www.sotrender.com\/blog\/pl\/2015\/09\/fanpage-trends-sierpien-2015\/#primaryimage\",\"url\":\"https:\/\/www.sotrender.com\/blog\/wp-content\/uploads\/2015\/06\/fanpage-trends-featyred.jpg\",\"contentUrl\":\"https:\/\/www.sotrender.com\/blog\/wp-content\/uploads\/2015\/06\/fanpage-trends-featyred.jpg\",\"width\":1600,\"height\":700},{\"@type\":\"BreadcrumbList\",\"@id\":\"https:\/\/www.sotrender.com\/blog\/pl\/2015\/09\/fanpage-trends-sierpien-2015\/#breadcrumb\",\"itemListElement\":[{\"@type\":\"ListItem\",\"position\":1,\"name\":\"Home\",\"item\":\"https:\/\/www.sotrender.com\/blog\/\"},{\"@type\":\"ListItem\",\"position\":2,\"name\":\"Fanpage Trends Sierpie\u0144 2015 &#8211; kie\u0142basa polityczna w sezonie og\u00f3rkowym\"}]},{\"@type\":\"WebSite\",\"@id\":\"https:\/\/www.sotrender.com\/blog\/#website\",\"url\":\"https:\/\/www.sotrender.com\/blog\/\",\"name\":\"Sotrender Blog\",\"description\":\"\",\"potentialAction\":[{\"@type\":\"SearchAction\",\"target\":{\"@type\":\"EntryPoint\",\"urlTemplate\":\"https:\/\/www.sotrender.com\/blog\/?s={search_term_string}\"},\"query-input\":\"required name=search_term_string\"}],\"inLanguage\":\"pl-PL\"},{\"@type\":\"Person\",\"@id\":\"https:\/\/www.sotrender.com\/blog\/#\/schema\/person\/7106df62825269bc360ad9171cd7149b\",\"name\":\"Aleksandra Prejs\",\"image\":{\"@type\":\"ImageObject\",\"inLanguage\":\"pl-PL\",\"@id\":\"https:\/\/www.sotrender.com\/blog\/#\/schema\/person\/image\/\",\"url\":\"https:\/\/secure.gravatar.com\/avatar\/469000454b77ff0aacb32c49dba023be?s=96&d=mm&r=g\",\"contentUrl\":\"https:\/\/secure.gravatar.com\/avatar\/469000454b77ff0aacb32c49dba023be?s=96&d=mm&r=g\",\"caption\":\"Aleksandra Prejs\"},\"url\":\"https:\/\/www.sotrender.com\/blog\/pl\/author\/aleksandra-prejs\/\"}]}<\/script>\n<!-- \/ Yoast SEO plugin. -->","yoast_head_json":{"title":"Fanpage Trends Sierpie\u0144 2015 - kie\u0142basa polityczna w sezonie og\u00f3rkowym","description":"Sotrender zaprasza do lektury sierpniowego wydania Fanpage Trends podsumowuj\u0105cego najwa\u017cniejsze wydarzenia na Facebooku w Polsce w minionym miesi\u0105cu.","robots":{"index":"index","follow":"follow","max-snippet":"max-snippet:-1","max-image-preview":"max-image-preview:large","max-video-preview":"max-video-preview:-1"},"canonical":"https:\/\/www.sotrender.com\/blog\/pl\/2015\/09\/fanpage-trends-sierpien-2015\/","og_locale":"pl_PL","og_type":"article","og_title":"Fanpage Trends Sierpie\u0144 2015 - kie\u0142basa polityczna w sezonie og\u00f3rkowym","og_description":"Sotrender zaprasza do lektury sierpniowego wydania Fanpage Trends podsumowuj\u0105cego najwa\u017cniejsze wydarzenia na Facebooku w Polsce w minionym miesi\u0105cu.","og_url":"https:\/\/www.sotrender.com\/blog\/pl\/2015\/09\/fanpage-trends-sierpien-2015\/","og_site_name":"Sotrender Blog","article_publisher":"https:\/\/www.facebook.com\/Sotrender","article_published_time":"2015-09-09T12:45:47+00:00","article_modified_time":"2015-12-01T20:19:58+00:00","og_image":[{"width":1600,"height":700,"url":"https:\/\/www.sotrender.com\/blog\/wp-content\/uploads\/2015\/06\/fanpage-trends-featyred.jpg","type":"image\/jpeg"}],"author":"Aleksandra Prejs","twitter_card":"summary_large_image","twitter_creator":"@Sotrender","twitter_site":"@Sotrender","twitter_misc":{"Written by":"Aleksandra Prejs","Est. reading time":"2 minutes"},"schema":{"@context":"https:\/\/schema.org","@graph":[{"@type":"WebPage","@id":"https:\/\/www.sotrender.com\/blog\/pl\/2015\/09\/fanpage-trends-sierpien-2015\/","url":"https:\/\/www.sotrender.com\/blog\/pl\/2015\/09\/fanpage-trends-sierpien-2015\/","name":"Fanpage Trends Sierpie\u0144 2015 - kie\u0142basa polityczna w sezonie og\u00f3rkowym","isPartOf":{"@id":"https:\/\/www.sotrender.com\/blog\/#website"},"primaryImageOfPage":{"@id":"https:\/\/www.sotrender.com\/blog\/pl\/2015\/09\/fanpage-trends-sierpien-2015\/#primaryimage"},"image":{"@id":"https:\/\/www.sotrender.com\/blog\/pl\/2015\/09\/fanpage-trends-sierpien-2015\/#primaryimage"},"thumbnailUrl":"https:\/\/www.sotrender.com\/blog\/wp-content\/uploads\/2015\/06\/fanpage-trends-featyred.jpg","datePublished":"2015-09-09T12:45:47+00:00","dateModified":"2015-12-01T20:19:58+00:00","author":{"@id":"https:\/\/www.sotrender.com\/blog\/#\/schema\/person\/7106df62825269bc360ad9171cd7149b"},"description":"Sotrender zaprasza do lektury sierpniowego wydania Fanpage Trends podsumowuj\u0105cego najwa\u017cniejsze wydarzenia na Facebooku w Polsce w minionym miesi\u0105cu.","breadcrumb":{"@id":"https:\/\/www.sotrender.com\/blog\/pl\/2015\/09\/fanpage-trends-sierpien-2015\/#breadcrumb"},"inLanguage":"pl-PL","potentialAction":[{"@type":"ReadAction","target":["https:\/\/www.sotrender.com\/blog\/pl\/2015\/09\/fanpage-trends-sierpien-2015\/"]}]},{"@type":"ImageObject","inLanguage":"pl-PL","@id":"https:\/\/www.sotrender.com\/blog\/pl\/2015\/09\/fanpage-trends-sierpien-2015\/#primaryimage","url":"https:\/\/www.sotrender.com\/blog\/wp-content\/uploads\/2015\/06\/fanpage-trends-featyred.jpg","contentUrl":"https:\/\/www.sotrender.com\/blog\/wp-content\/uploads\/2015\/06\/fanpage-trends-featyred.jpg","width":1600,"height":700},{"@type":"BreadcrumbList","@id":"https:\/\/www.sotrender.com\/blog\/pl\/2015\/09\/fanpage-trends-sierpien-2015\/#breadcrumb","itemListElement":[{"@type":"ListItem","position":1,"name":"Home","item":"https:\/\/www.sotrender.com\/blog\/"},{"@type":"ListItem","position":2,"name":"Fanpage Trends Sierpie\u0144 2015 &#8211; kie\u0142basa polityczna w sezonie og\u00f3rkowym"}]},{"@type":"WebSite","@id":"https:\/\/www.sotrender.com\/blog\/#website","url":"https:\/\/www.sotrender.com\/blog\/","name":"Sotrender Blog","description":"","potentialAction":[{"@type":"SearchAction","target":{"@type":"EntryPoint","urlTemplate":"https:\/\/www.sotrender.com\/blog\/?s={search_term_string}"},"query-input":"required name=search_term_string"}],"inLanguage":"pl-PL"},{"@type":"Person","@id":"https:\/\/www.sotrender.com\/blog\/#\/schema\/person\/7106df62825269bc360ad9171cd7149b","name":"Aleksandra Prejs","image":{"@type":"ImageObject","inLanguage":"pl-PL","@id":"https:\/\/www.sotrender.com\/blog\/#\/schema\/person\/image\/","url":"https:\/\/secure.gravatar.com\/avatar\/469000454b77ff0aacb32c49dba023be?s=96&d=mm&r=g","contentUrl":"https:\/\/secure.gravatar.com\/avatar\/469000454b77ff0aacb32c49dba023be?s=96&d=mm&r=g","caption":"Aleksandra Prejs"},"url":"https:\/\/www.sotrender.com\/blog\/pl\/author\/aleksandra-prejs\/"}]}},"_links":{"self":[{"href":"https:\/\/www.sotrender.com\/blog\/pl\/wp-json\/wp\/v2\/posts\/19209"}],"collection":[{"href":"https:\/\/www.sotrender.com\/blog\/pl\/wp-json\/wp\/v2\/posts"}],"about":[{"href":"https:\/\/www.sotrender.com\/blog\/pl\/wp-json\/wp\/v2\/types\/post"}],"author":[{"embeddable":true,"href":"https:\/\/www.sotrender.com\/blog\/pl\/wp-json\/wp\/v2\/users\/31"}],"replies":[{"embeddable":true,"href":"https:\/\/www.sotrender.com\/blog\/pl\/wp-json\/wp\/v2\/comments?post=19209"}],"version-history":[{"count":4,"href":"https:\/\/www.sotrender.com\/blog\/pl\/wp-json\/wp\/v2\/posts\/19209\/revisions"}],"predecessor-version":[{"id":19223,"href":"https:\/\/www.sotrender.com\/blog\/pl\/wp-json\/wp\/v2\/posts\/19209\/revisions\/19223"}],"wp:featuredmedia":[{"embeddable":true,"href":"https:\/\/www.sotrender.com\/blog\/pl\/wp-json\/wp\/v2\/media\/18445"}],"wp:attachment":[{"href":"https:\/\/www.sotrender.com\/blog\/pl\/wp-json\/wp\/v2\/media?parent=19209"}],"wp:term":[{"taxonomy":"category","embeddable":true,"href":"https:\/\/www.sotrender.com\/blog\/pl\/wp-json\/wp\/v2\/categories?post=19209"},{"taxonomy":"post_tag","embeddable":true,"href":"https:\/\/www.sotrender.com\/blog\/pl\/wp-json\/wp\/v2\/tags?post=19209"}],"curies":[{"name":"wp","href":"https:\/\/api.w.org\/{rel}","templated":true}]}}