{"id":19063,"date":"2015-08-11T13:09:51","date_gmt":"2015-08-11T12:09:51","guid":{"rendered":"http:\/\/blog.sotrender.com\/?p=19063"},"modified":"2015-12-01T21:12:00","modified_gmt":"2015-12-01T20:12:00","slug":"fanpage-trends-lipiec-2015","status":"publish","type":"post","link":"https:\/\/www.sotrender.com\/blog\/pl\/2015\/08\/fanpage-trends-lipiec-2015\/","title":{"rendered":"Fanpage Trends Lipiec 2015 &#8211; upa\u0142y administratorom niestraszne"},"content":{"rendered":"<p style=\"text-align: justify;\"><span style=\"font-weight: 400;\">W przeciwie\u0144stwie do Twittera,  na Facebooku w lipcu nie zapanowa\u0142a atmosfera wakacyjnego rozleniwienia. Wr\u0119cz przeciwnie,  analizowane przez Sotrender profile opublikowa\u0142y w lipcu ponad 283 tys. post\u00f3w,  czyli o niemal 2% wi\u0119cej ni\u017c w czerwcu. Publikowane wpisy okaza\u0142y si\u0119 r\u00f3wnie\u017c znacznie bardziej anga\u017cuj\u0105ce ni\u017c w poprzednim miesi\u0105cu. Lipcowe posty \u015brednio anga\u017cowa\u0142y a\u017c o blisko 11% bardziej ni\u017c te opublikowane w czerwcu,  by\u0142y komentowane o ponad 13% i udost\u0119pniane o ponad 35% cz\u0119\u015bciej. Kr\u00f3lem lajk\u00f3w w lipcu zosta\u0142 Kamil Bednarek,  kt\u00f3rego zdj\u0119cie polubi\u0142o ponad 101 tys. os\u00f3b. Co jeszcze dzia\u0142o si\u0119 na Facebooku w lipcu? <a title=\"Przejd\u017a do raportu\" href=\"http:\/\/www.sotrender.pl\/trends\/facebook\" target=\"_blank\">Zapraszamy do lektury najnowszego wydania raportu Fanpage Trends<\/a> przygotowanego przez <a title=\"Przejd\u017a do strony Sotrendera\" href=\"http:\/\/www.sotrender.pl\/\" target=\"_blank\">Sotrender<\/a>!<\/span><\/p>\n<p style=\"text-align: justify;\"><!--more--><\/p>\n<h2 style=\"text-align: justify;\"><b>Letnia mobilizacja na Facebooku<\/b><\/h2>\n<p style=\"text-align: justify;\"><span style=\"font-weight: 400;\">Nie ulega w\u0105tpliwo\u015bci,  \u017ce w lipcu,  zamiast letniego rozpr\u0119\u017cenia,  w\u015br\u00f3d stron komercyjnych zapanowa\u0142a prawdziwa mobilizacja. Strony odpowiedzia\u0142y \u015brednio na ponad 7% wi\u0119cej post\u00f3w u\u017cytkownik\u00f3w,  ni\u017c w poprzednim miesi\u0105cu. Profile najlepsze pod wzgl\u0119dem obs\u0142ugi klienta na Facebooku,  czyli heyah,  T-Mobile PL oraz brilu.pl w lipcu odpowiedzia\u0142y na 100% post\u00f3w u\u017cytkownik\u00f3w,  a najszybszy z nich,  T-Mobile PL,  udziela\u0142 odpowiedzi \u015brednio po 2 minutach i 11 sekundach. Wynik Heyah by\u0142 jedynie o 5 sekund s\u0142abszy. W zestawieniu bran\u017c pod wzgl\u0119dem obs\u0142ugi klienta najwi\u0119kszy wzrost,  a\u017c o 15 pozycji,  zanotowa\u0142a w lipcu kategoria blogi. Tu\u017c za ni\u0105 uplasowa\u0142a si\u0119 kategoria NGO i akcje spo\u0142eczne,  kt\u00f3ra awansowa\u0142a o 14 miejsc.<\/span><\/p>\n<p style=\"text-align: justify;\"><strong><strong>\u00a0<\/strong><\/strong><\/p>\n<div id=\"attachment_19069\" style=\"width: 924px\" class=\"wp-caption aligncenter\"><a href=\"https:\/\/www.sotrender.com\/blog\/wp-content\/uploads\/2015\/08\/fpt-0715.png\"><img loading=\"lazy\" decoding=\"async\" aria-describedby=\"caption-attachment-19069\" class=\"size-full wp-image-19069\" src=\"https:\/\/www.sotrender.com\/blog\/wp-content\/uploads\/2015\/08\/fpt-0715.png\" alt=\"Obs\u0142uga klienta na Facebooku - Fanpage Trends Lipiec 2015\" width=\"914\" height=\"357\" \/><\/a><p id=\"caption-attachment-19069\" class=\"wp-caption-text\">Obs\u0142uga klienta na Facebooku &#8211; Fanpage Trends Lipiec 2015<\/p><\/div>\n<p style=\"text-align: justify;\"><div class=\"shortcode trial\"><h4><span>Sprawd\u017a w Sotrenderze,  jak wypadasz pod wzgl\u0119dem obs\u0142ugi klienta na Facebooku<\/span><a title=\"Wypr\u00f3buj za darmo!\" class=\"btn\" href=\"https:\/\/app.sotrender.com\/auth\/signup\/trial\/pl?utm_source=blog-cta-legacy\">Wypr\u00f3buj za darmo!<\/a><\/h4><\/div><\/p>\n<p style=\"text-align: justify;\"><b>Kto zyska\u0142,  a kto straci\u0142 w <a title=\"Przejd\u017a do raportu\" href=\"http:\/\/www.sotrender.pl\/trends\/facebook\" target=\"_blank\">Fanpage Trends<\/a><\/b><\/p>\n<p style=\"text-align: justify;\"><span style=\"font-weight: 400;\">W lipcu,  spo\u015br\u00f3d profili analizowanych przez Sotrender,  najwi\u0119cej,  bo niemal 9 tys. fan\u00f3w,  uby\u0142o stronie Serce i Rozum. Drugi pod tym wzgl\u0119dem by\u0142 Orange,  kt\u00f3ry straci\u0142 blisko 6 tys. fan\u00f3w,  trzecie miejsce przypad\u0142o za\u015b stronie Spryciarze.pl,  kt\u00f3rej uby\u0142o ponad 5, 9 tys. fan\u00f3w. Wi\u0119cej szcz\u0119\u015bcia w lipcu mia\u0142y profile Jogobella,  kt\u00f3ra zyska\u0142a 121 tys. fan\u00f3w,  Onet Wiadomo\u015bci,  kt\u00f3re zyska\u0142y 80 tys. fan\u00f3w oraz profil serialu TVN \u201eSzko\u0142a\u201d,  kt\u00f3ry polubi\u0142o 77 tys. nowych os\u00f3b.<\/span><strong><strong>\u00a0<\/strong><\/strong><\/p>\n<h2 style=\"text-align: justify;\"><b>Kiedy publikowa\u0107 posty na Facebooku?<\/b><\/h2>\n<p style=\"text-align: justify;\"><span style=\"font-weight: 400;\">Od dawna to w\u0142a\u015bnie pytanie sp\u0119dza sen z powiek wielu administratorom stron. Odpowied\u017a jest jedna &#8211; idealny czas postowania tak naprawd\u0119 nie istnieje. Zawsze b\u0119dzie on uzale\u017cniony od cel\u00f3w,  modelu biznesowego oraz grupy docelowej naszej marki. Ma\u0142o tego,  prawdopodobnie nie b\u0119dziesz w stanie okre\u015bli\u0107 najbardziej optymalnego czasu publikowania,  zanim nie zaczniesz skrupulatnie analizowa\u0107 wynik\u00f3w swojej strony. <a title=\"Przeczytaj artyku\u0142\" href=\"https:\/\/www.sotrender.com\/blog\/2015\/08\/what-is-the-best-posting-time-on-facebook\/\" target=\"_blank\">Zobacz,  jak r\u00f3\u017cni\u0105 si\u0119 rezultaty stron z r\u00f3\u017cnych kategorii w zale\u017cno\u015bci od wybranych przez nie godzin publikacji wpis\u00f3w oraz przeczytaj,  jakimi przes\u0142ankami kierowa\u0107 si\u0119 przy planowaniu w\u0142asnych wpis\u00f3w.<\/a><\/span><\/p>\n<h2 style=\"text-align: center;\"><a title=\"Przejd\u017a do raportu\" href=\"http:\/\/www.sotrender.pl\/trends\/facebook\/reports\/201507\/categories\" target=\"_blank\"><strong>Zapraszamy do lektury najnowszego wydania raportu Fanpage Trends!<\/strong><\/a><\/h2>\n","protected":false},"excerpt":{"rendered":"<p>W przeciwie\u0144stwie do Twittera, na Facebooku w lipcu nie zapanowa\u0142a atmosfera wakacyjnego rozleniwienia. Wr\u0119cz przeciwnie, analizowane przez Sotrender profile opublikowa\u0142y w lipcu ponad 283 tys. post\u00f3w, czyli o niemal 2% wi\u0119cej ni\u017c w czerwcu. Publikowane wpisy okaza\u0142y si\u0119 r\u00f3wnie\u017c znacznie bardziej anga\u017cuj\u0105ce ni\u017c w poprzednim miesi\u0105cu. Lipcowe posty \u015brednio anga\u017cowa\u0142y a\u017c o blisko 11% bardziej [&hellip;]<\/p>\n","protected":false},"author":31,"featured_media":18445,"comment_status":"open","ping_status":"open","sticky":false,"template":"","format":"standard","meta":{"inline_featured_image":false,"footnotes":""},"categories":[1791,1797],"tags":[7,17,25,31,779,781],"yoast_head":"<!-- This site is optimized with the Yoast SEO plugin v22.4 - https:\/\/yoast.com\/wordpress\/plugins\/seo\/ -->\n<title>Fanpage Trends Lipiec 2015 - upa\u0142y administratorom niestraszne<\/title>\n<meta name=\"description\" content=\"Sotrender zaprasza do lektury najnowszego wydania raportu Fanpage Trends, podsumowuj\u0105cego najwa\u017cniejsze wydarzenia na Facebooku w Polsce w lipcu.\" \/>\n<meta name=\"robots\" content=\"index, follow, max-snippet:-1, max-image-preview:large, max-video-preview:-1\" \/>\n<link rel=\"canonical\" href=\"https:\/\/www.sotrender.com\/blog\/pl\/2015\/08\/fanpage-trends-lipiec-2015\/\" \/>\n<meta property=\"og:locale\" content=\"pl_PL\" \/>\n<meta property=\"og:type\" content=\"article\" \/>\n<meta property=\"og:title\" content=\"Fanpage Trends Lipiec 2015 - upa\u0142y administratorom niestraszne\" \/>\n<meta property=\"og:description\" content=\"Sotrender zaprasza do lektury najnowszego wydania raportu Fanpage Trends, podsumowuj\u0105cego najwa\u017cniejsze wydarzenia na Facebooku w Polsce w lipcu.\" \/>\n<meta property=\"og:url\" content=\"https:\/\/www.sotrender.com\/blog\/pl\/2015\/08\/fanpage-trends-lipiec-2015\/\" \/>\n<meta property=\"og:site_name\" content=\"Sotrender Blog\" \/>\n<meta property=\"article:publisher\" content=\"https:\/\/www.facebook.com\/Sotrender\" \/>\n<meta property=\"article:published_time\" content=\"2015-08-11T12:09:51+00:00\" \/>\n<meta property=\"article:modified_time\" content=\"2015-12-01T20:12:00+00:00\" \/>\n<meta property=\"og:image\" content=\"https:\/\/www.sotrender.com\/blog\/wp-content\/uploads\/2015\/06\/fanpage-trends-featyred.jpg\" \/>\n\t<meta property=\"og:image:width\" content=\"1600\" \/>\n\t<meta property=\"og:image:height\" content=\"700\" \/>\n\t<meta property=\"og:image:type\" content=\"image\/jpeg\" \/>\n<meta name=\"author\" content=\"Aleksandra Prejs\" \/>\n<meta name=\"twitter:card\" content=\"summary_large_image\" \/>\n<meta name=\"twitter:creator\" content=\"@Sotrender\" \/>\n<meta name=\"twitter:site\" content=\"@Sotrender\" \/>\n<meta name=\"twitter:label1\" content=\"Written by\" \/>\n\t<meta name=\"twitter:data1\" content=\"Aleksandra Prejs\" \/>\n\t<meta name=\"twitter:label2\" content=\"Est. reading time\" \/>\n\t<meta name=\"twitter:data2\" content=\"3 minutes\" \/>\n<script type=\"application\/ld+json\" class=\"yoast-schema-graph\">{\"@context\":\"https:\/\/schema.org\",\"@graph\":[{\"@type\":\"WebPage\",\"@id\":\"https:\/\/www.sotrender.com\/blog\/pl\/2015\/08\/fanpage-trends-lipiec-2015\/\",\"url\":\"https:\/\/www.sotrender.com\/blog\/pl\/2015\/08\/fanpage-trends-lipiec-2015\/\",\"name\":\"Fanpage Trends Lipiec 2015 - upa\u0142y administratorom niestraszne\",\"isPartOf\":{\"@id\":\"https:\/\/www.sotrender.com\/blog\/#website\"},\"primaryImageOfPage\":{\"@id\":\"https:\/\/www.sotrender.com\/blog\/pl\/2015\/08\/fanpage-trends-lipiec-2015\/#primaryimage\"},\"image\":{\"@id\":\"https:\/\/www.sotrender.com\/blog\/pl\/2015\/08\/fanpage-trends-lipiec-2015\/#primaryimage\"},\"thumbnailUrl\":\"https:\/\/www.sotrender.com\/blog\/wp-content\/uploads\/2015\/06\/fanpage-trends-featyred.jpg\",\"datePublished\":\"2015-08-11T12:09:51+00:00\",\"dateModified\":\"2015-12-01T20:12:00+00:00\",\"author\":{\"@id\":\"https:\/\/www.sotrender.com\/blog\/#\/schema\/person\/7106df62825269bc360ad9171cd7149b\"},\"description\":\"Sotrender zaprasza do lektury najnowszego wydania raportu Fanpage Trends, podsumowuj\u0105cego najwa\u017cniejsze wydarzenia na Facebooku w Polsce w lipcu.\",\"breadcrumb\":{\"@id\":\"https:\/\/www.sotrender.com\/blog\/pl\/2015\/08\/fanpage-trends-lipiec-2015\/#breadcrumb\"},\"inLanguage\":\"pl-PL\",\"potentialAction\":[{\"@type\":\"ReadAction\",\"target\":[\"https:\/\/www.sotrender.com\/blog\/pl\/2015\/08\/fanpage-trends-lipiec-2015\/\"]}]},{\"@type\":\"ImageObject\",\"inLanguage\":\"pl-PL\",\"@id\":\"https:\/\/www.sotrender.com\/blog\/pl\/2015\/08\/fanpage-trends-lipiec-2015\/#primaryimage\",\"url\":\"https:\/\/www.sotrender.com\/blog\/wp-content\/uploads\/2015\/06\/fanpage-trends-featyred.jpg\",\"contentUrl\":\"https:\/\/www.sotrender.com\/blog\/wp-content\/uploads\/2015\/06\/fanpage-trends-featyred.jpg\",\"width\":1600,\"height\":700},{\"@type\":\"BreadcrumbList\",\"@id\":\"https:\/\/www.sotrender.com\/blog\/pl\/2015\/08\/fanpage-trends-lipiec-2015\/#breadcrumb\",\"itemListElement\":[{\"@type\":\"ListItem\",\"position\":1,\"name\":\"Home\",\"item\":\"https:\/\/www.sotrender.com\/blog\/\"},{\"@type\":\"ListItem\",\"position\":2,\"name\":\"Fanpage Trends Lipiec 2015 &#8211; upa\u0142y administratorom niestraszne\"}]},{\"@type\":\"WebSite\",\"@id\":\"https:\/\/www.sotrender.com\/blog\/#website\",\"url\":\"https:\/\/www.sotrender.com\/blog\/\",\"name\":\"Sotrender Blog\",\"description\":\"\",\"potentialAction\":[{\"@type\":\"SearchAction\",\"target\":{\"@type\":\"EntryPoint\",\"urlTemplate\":\"https:\/\/www.sotrender.com\/blog\/?s={search_term_string}\"},\"query-input\":\"required name=search_term_string\"}],\"inLanguage\":\"pl-PL\"},{\"@type\":\"Person\",\"@id\":\"https:\/\/www.sotrender.com\/blog\/#\/schema\/person\/7106df62825269bc360ad9171cd7149b\",\"name\":\"Aleksandra Prejs\",\"image\":{\"@type\":\"ImageObject\",\"inLanguage\":\"pl-PL\",\"@id\":\"https:\/\/www.sotrender.com\/blog\/#\/schema\/person\/image\/\",\"url\":\"https:\/\/secure.gravatar.com\/avatar\/469000454b77ff0aacb32c49dba023be?s=96&d=mm&r=g\",\"contentUrl\":\"https:\/\/secure.gravatar.com\/avatar\/469000454b77ff0aacb32c49dba023be?s=96&d=mm&r=g\",\"caption\":\"Aleksandra Prejs\"},\"url\":\"https:\/\/www.sotrender.com\/blog\/pl\/author\/aleksandra-prejs\/\"}]}<\/script>\n<!-- \/ Yoast SEO plugin. -->","yoast_head_json":{"title":"Fanpage Trends Lipiec 2015 - upa\u0142y administratorom niestraszne","description":"Sotrender zaprasza do lektury najnowszego wydania raportu Fanpage Trends, podsumowuj\u0105cego najwa\u017cniejsze wydarzenia na Facebooku w Polsce w lipcu.","robots":{"index":"index","follow":"follow","max-snippet":"max-snippet:-1","max-image-preview":"max-image-preview:large","max-video-preview":"max-video-preview:-1"},"canonical":"https:\/\/www.sotrender.com\/blog\/pl\/2015\/08\/fanpage-trends-lipiec-2015\/","og_locale":"pl_PL","og_type":"article","og_title":"Fanpage Trends Lipiec 2015 - upa\u0142y administratorom niestraszne","og_description":"Sotrender zaprasza do lektury najnowszego wydania raportu Fanpage Trends, podsumowuj\u0105cego najwa\u017cniejsze wydarzenia na Facebooku w Polsce w lipcu.","og_url":"https:\/\/www.sotrender.com\/blog\/pl\/2015\/08\/fanpage-trends-lipiec-2015\/","og_site_name":"Sotrender Blog","article_publisher":"https:\/\/www.facebook.com\/Sotrender","article_published_time":"2015-08-11T12:09:51+00:00","article_modified_time":"2015-12-01T20:12:00+00:00","og_image":[{"width":1600,"height":700,"url":"https:\/\/www.sotrender.com\/blog\/wp-content\/uploads\/2015\/06\/fanpage-trends-featyred.jpg","type":"image\/jpeg"}],"author":"Aleksandra Prejs","twitter_card":"summary_large_image","twitter_creator":"@Sotrender","twitter_site":"@Sotrender","twitter_misc":{"Written by":"Aleksandra Prejs","Est. reading time":"3 minutes"},"schema":{"@context":"https:\/\/schema.org","@graph":[{"@type":"WebPage","@id":"https:\/\/www.sotrender.com\/blog\/pl\/2015\/08\/fanpage-trends-lipiec-2015\/","url":"https:\/\/www.sotrender.com\/blog\/pl\/2015\/08\/fanpage-trends-lipiec-2015\/","name":"Fanpage Trends Lipiec 2015 - upa\u0142y administratorom niestraszne","isPartOf":{"@id":"https:\/\/www.sotrender.com\/blog\/#website"},"primaryImageOfPage":{"@id":"https:\/\/www.sotrender.com\/blog\/pl\/2015\/08\/fanpage-trends-lipiec-2015\/#primaryimage"},"image":{"@id":"https:\/\/www.sotrender.com\/blog\/pl\/2015\/08\/fanpage-trends-lipiec-2015\/#primaryimage"},"thumbnailUrl":"https:\/\/www.sotrender.com\/blog\/wp-content\/uploads\/2015\/06\/fanpage-trends-featyred.jpg","datePublished":"2015-08-11T12:09:51+00:00","dateModified":"2015-12-01T20:12:00+00:00","author":{"@id":"https:\/\/www.sotrender.com\/blog\/#\/schema\/person\/7106df62825269bc360ad9171cd7149b"},"description":"Sotrender zaprasza do lektury najnowszego wydania raportu Fanpage Trends, podsumowuj\u0105cego najwa\u017cniejsze wydarzenia na Facebooku w Polsce w lipcu.","breadcrumb":{"@id":"https:\/\/www.sotrender.com\/blog\/pl\/2015\/08\/fanpage-trends-lipiec-2015\/#breadcrumb"},"inLanguage":"pl-PL","potentialAction":[{"@type":"ReadAction","target":["https:\/\/www.sotrender.com\/blog\/pl\/2015\/08\/fanpage-trends-lipiec-2015\/"]}]},{"@type":"ImageObject","inLanguage":"pl-PL","@id":"https:\/\/www.sotrender.com\/blog\/pl\/2015\/08\/fanpage-trends-lipiec-2015\/#primaryimage","url":"https:\/\/www.sotrender.com\/blog\/wp-content\/uploads\/2015\/06\/fanpage-trends-featyred.jpg","contentUrl":"https:\/\/www.sotrender.com\/blog\/wp-content\/uploads\/2015\/06\/fanpage-trends-featyred.jpg","width":1600,"height":700},{"@type":"BreadcrumbList","@id":"https:\/\/www.sotrender.com\/blog\/pl\/2015\/08\/fanpage-trends-lipiec-2015\/#breadcrumb","itemListElement":[{"@type":"ListItem","position":1,"name":"Home","item":"https:\/\/www.sotrender.com\/blog\/"},{"@type":"ListItem","position":2,"name":"Fanpage Trends Lipiec 2015 &#8211; upa\u0142y administratorom niestraszne"}]},{"@type":"WebSite","@id":"https:\/\/www.sotrender.com\/blog\/#website","url":"https:\/\/www.sotrender.com\/blog\/","name":"Sotrender Blog","description":"","potentialAction":[{"@type":"SearchAction","target":{"@type":"EntryPoint","urlTemplate":"https:\/\/www.sotrender.com\/blog\/?s={search_term_string}"},"query-input":"required name=search_term_string"}],"inLanguage":"pl-PL"},{"@type":"Person","@id":"https:\/\/www.sotrender.com\/blog\/#\/schema\/person\/7106df62825269bc360ad9171cd7149b","name":"Aleksandra Prejs","image":{"@type":"ImageObject","inLanguage":"pl-PL","@id":"https:\/\/www.sotrender.com\/blog\/#\/schema\/person\/image\/","url":"https:\/\/secure.gravatar.com\/avatar\/469000454b77ff0aacb32c49dba023be?s=96&d=mm&r=g","contentUrl":"https:\/\/secure.gravatar.com\/avatar\/469000454b77ff0aacb32c49dba023be?s=96&d=mm&r=g","caption":"Aleksandra Prejs"},"url":"https:\/\/www.sotrender.com\/blog\/pl\/author\/aleksandra-prejs\/"}]}},"_links":{"self":[{"href":"https:\/\/www.sotrender.com\/blog\/pl\/wp-json\/wp\/v2\/posts\/19063"}],"collection":[{"href":"https:\/\/www.sotrender.com\/blog\/pl\/wp-json\/wp\/v2\/posts"}],"about":[{"href":"https:\/\/www.sotrender.com\/blog\/pl\/wp-json\/wp\/v2\/types\/post"}],"author":[{"embeddable":true,"href":"https:\/\/www.sotrender.com\/blog\/pl\/wp-json\/wp\/v2\/users\/31"}],"replies":[{"embeddable":true,"href":"https:\/\/www.sotrender.com\/blog\/pl\/wp-json\/wp\/v2\/comments?post=19063"}],"version-history":[{"count":5,"href":"https:\/\/www.sotrender.com\/blog\/pl\/wp-json\/wp\/v2\/posts\/19063\/revisions"}],"predecessor-version":[{"id":19085,"href":"https:\/\/www.sotrender.com\/blog\/pl\/wp-json\/wp\/v2\/posts\/19063\/revisions\/19085"}],"wp:featuredmedia":[{"embeddable":true,"href":"https:\/\/www.sotrender.com\/blog\/pl\/wp-json\/wp\/v2\/media\/18445"}],"wp:attachment":[{"href":"https:\/\/www.sotrender.com\/blog\/pl\/wp-json\/wp\/v2\/media?parent=19063"}],"wp:term":[{"taxonomy":"category","embeddable":true,"href":"https:\/\/www.sotrender.com\/blog\/pl\/wp-json\/wp\/v2\/categories?post=19063"},{"taxonomy":"post_tag","embeddable":true,"href":"https:\/\/www.sotrender.com\/blog\/pl\/wp-json\/wp\/v2\/tags?post=19063"}],"curies":[{"name":"wp","href":"https:\/\/api.w.org\/{rel}","templated":true}]}}