{"id":186,"date":"2012-01-05T15:47:42","date_gmt":"2012-01-05T14:47:42","guid":{"rendered":"http:\/\/blog.fanpagetrender.pl\/?p=186"},"modified":"2015-12-01T22:45:14","modified_gmt":"2015-12-01T21:45:14","slug":"trzej-krolowie-facebooka","status":"publish","type":"post","link":"https:\/\/www.sotrender.com\/blog\/pl\/2012\/01\/trzej-krolowie-facebooka\/","title":{"rendered":"Trzej Kr\u00f3lowie Facebooka"},"content":{"rendered":"<p>Trzej Kr\u00f3lowie,  inaczej zwani M\u0119drcami lub Magami,  pod\u0105\u017cali za Gwiazd\u0105 Betlejemsk\u0105 by przyby\u0107 do miejsca narodzin Jezusa i przekaza\u0107 mu swoje dary. Ju\u017c jutro ich \u015bwi\u0119to. Kim byliby wsp\u00f3\u0142cze\u015bnie? Co by\u0142by dla nich wa\u017cne? Komu oddaliby pok\u0142on?<\/p>\n<p>Ile razy trzeba <strong>zalajkowa\u0107 i ile komentarzy umie\u015bci\u0107<\/strong>,  by zas\u0142u\u017cy\u0107 na miano <strong>kr\u00f3la Facebooka<\/strong>? Fanpage Trender,  z okazji \u015bwi\u0119ta Trzech Kr\u00f3li,  przedstawia\u2026 trzech u\u017cytkownik\u00f3w Facebooka<strong> najaktywniejszych na firmowych fanpage\u2019ach polskich firm<\/strong>. \u00a0To ewidentnie osoby,  kt\u00f3rych \u017cycie w ca\u0142o\u015bci<strong> <\/strong>po\u015bwi\u0119cone jest social-mediowym aktywno\u015bciom\u2026<br \/>\n<!--more--><\/p>\n<h3><a href=\"https:\/\/www.sotrender.com\/blog\/wp-content\/uploads\/2012\/01\/najaktywniejsi_fani1.jpg\"><img loading=\"lazy\" decoding=\"async\" class=\"aligncenter size-full wp-image-198\" title=\"Trzej kr\u00f3lowie Facebooka\" src=\"https:\/\/www.sotrender.com\/blog\/wp-content\/uploads\/2012\/01\/najaktywniejsi_fani1.jpg\" alt=\"\" width=\"700\" height=\"806\" srcset=\"https:\/\/www.sotrender.com\/blog\/wp-content\/uploads\/2012\/01\/najaktywniejsi_fani1.jpg 700w, https:\/\/www.sotrender.com\/blog\/wp-content\/uploads\/2012\/01\/najaktywniejsi_fani1-475x547.jpg 475w, https:\/\/www.sotrender.com\/blog\/wp-content\/uploads\/2012\/01\/najaktywniejsi_fani1-600x691.jpg 600w\" sizes=\"(max-width: 700px) 100vw, 700px\" \/><\/a><br \/>\n<!--more--><br \/>\nCo lajkuj\u0105 najaktywniejsi fani?<\/h3>\n<p>Niekwestionowanym kr\u00f3lem,  kt\u00f3ry sk\u0142ada niew\u0105tpliwie najhojniejszy dar ze swojego czasu Facebookowi,  jest <strong>Melchior<\/strong>,  kt\u00f3ry &#8220;polubi\u0142&#8221; najr\u00f3\u017cniejsze facebookowe tre\u015bci a\u017c <strong>711<\/strong> razy i tylko w okresie 27 grudnia 2011 &#8211; 4 stycznia 2012,  czyli czasu ewangelicznej pielgrzymki do \u017c\u0142\u00f3bka trzech m\u0119drc\u00f3w,  zostawi\u0142 a\u017c <strong>424<\/strong> komentarze. Jego towarzysz podr\u00f3\u017cy &#8211; <strong>Kacper<\/strong> &#8211; w tym samym okresie \u201elajkowa\u0142\u201d ponad dwukrotnie rzadziej,  cho\u0107 zostawi\u0142 dok\u0142adnie <strong>100<\/strong> komentarzy wi\u0119cej. Do\u015b\u0107 interesuj\u0105c\u0105 postaci\u0105 jest <strong>Baltazar<\/strong>,  kt\u00f3ry zogniskowa\u0142 praktycznie ca\u0142\u0105 swoj\u0105 aktywno\u015b\u0107 na fanpejd\u017cu <a href=\"http:\/\/www.facebook.com\/czworka\">Polskiego Radia Czw\u00f3rka<\/a>,  gdzie komentowa\u0142 a\u017c <strong>579<\/strong> razy. Lubi\u0142 przy tym znacznie rzadziej ni\u017c pozostali kr\u00f3lowie Facebooka,  bo &#8220;tylko&#8221; 39 razy.<\/p>\n<p>Mo\u017ce,  kto\u015b z was jest jednym z naszych &#8220;kr\u00f3l\u00f3w&#8221;? \ud83d\ude42<\/p>\n","protected":false},"excerpt":{"rendered":"<p>Trzej Kr\u00f3lowie, inaczej zwani M\u0119drcami lub Magami, pod\u0105\u017cali za Gwiazd\u0105 Betlejemsk\u0105 by przyby\u0107 do miejsca narodzin Jezusa i przekaza\u0107 mu swoje dary. Ju\u017c jutro ich \u015bwi\u0119to. Kim byliby wsp\u00f3\u0142cze\u015bnie? Co by\u0142by dla nich wa\u017cne? Komu oddaliby pok\u0142on? Ile razy trzeba zalajkowa\u0107 i ile komentarzy umie\u015bci\u0107, by zas\u0142u\u017cy\u0107 na miano kr\u00f3la Facebooka? Fanpage Trender, z okazji [&hellip;]<\/p>\n","protected":false},"author":13,"featured_media":0,"comment_status":"open","ping_status":"open","sticky":false,"template":"","format":"standard","meta":{"inline_featured_image":false,"footnotes":""},"categories":[1793,1797],"tags":[319,323,17,25,311],"yoast_head":"<!-- This site is optimized with the Yoast SEO plugin v22.4 - https:\/\/yoast.com\/wordpress\/plugins\/seo\/ -->\n<title>Najaktywniejsi fani na polskim Facebooku<\/title>\n<meta name=\"description\" content=\"Przedstawiamy 3 najbardziej aktywnych fan\u00f3w na frimowych fanpage&#039;ach w Polsce. Sotrender - Social Media Marketing Blog.\" \/>\n<meta name=\"robots\" content=\"index, follow, max-snippet:-1, max-image-preview:large, max-video-preview:-1\" \/>\n<link rel=\"canonical\" href=\"https:\/\/www.sotrender.com\/blog\/pl\/2012\/01\/trzej-krolowie-facebooka\/\" \/>\n<meta property=\"og:locale\" content=\"pl_PL\" \/>\n<meta property=\"og:type\" content=\"article\" \/>\n<meta property=\"og:title\" content=\"Najaktywniejsi fani na polskim Facebooku\" \/>\n<meta property=\"og:description\" content=\"Przedstawiamy 3 najbardziej aktywnych fan\u00f3w na frimowych fanpage&#039;ach w Polsce. Sotrender - Social Media Marketing Blog.\" \/>\n<meta property=\"og:url\" content=\"https:\/\/www.sotrender.com\/blog\/pl\/2012\/01\/trzej-krolowie-facebooka\/\" \/>\n<meta property=\"og:site_name\" content=\"Sotrender Blog\" \/>\n<meta property=\"article:publisher\" content=\"https:\/\/www.facebook.com\/Sotrender\" \/>\n<meta property=\"article:author\" content=\"facebook.com\/tworkowski\" \/>\n<meta property=\"article:published_time\" content=\"2012-01-05T14:47:42+00:00\" \/>\n<meta property=\"article:modified_time\" content=\"2015-12-01T21:45:14+00:00\" \/>\n<meta property=\"og:image\" content=\"https:\/\/www.sotrender.com\/blog\/wp-content\/uploads\/2012\/01\/najaktywniejsi_fani1.jpg\" \/>\n<meta name=\"author\" content=\"Hubert Tworkowski\" \/>\n<meta name=\"twitter:card\" content=\"summary_large_image\" \/>\n<meta name=\"twitter:creator\" content=\"@twitter.com\/htworkowski\" \/>\n<meta name=\"twitter:site\" content=\"@Sotrender\" \/>\n<meta name=\"twitter:label1\" content=\"Written by\" \/>\n\t<meta name=\"twitter:data1\" content=\"Hubert Tworkowski\" \/>\n\t<meta name=\"twitter:label2\" content=\"Est. reading time\" \/>\n\t<meta name=\"twitter:data2\" content=\"1 minute\" \/>\n<script type=\"application\/ld+json\" class=\"yoast-schema-graph\">{\"@context\":\"https:\/\/schema.org\",\"@graph\":[{\"@type\":\"WebPage\",\"@id\":\"https:\/\/www.sotrender.com\/blog\/pl\/2012\/01\/trzej-krolowie-facebooka\/\",\"url\":\"https:\/\/www.sotrender.com\/blog\/pl\/2012\/01\/trzej-krolowie-facebooka\/\",\"name\":\"Najaktywniejsi fani na polskim Facebooku\",\"isPartOf\":{\"@id\":\"https:\/\/www.sotrender.com\/blog\/#website\"},\"primaryImageOfPage\":{\"@id\":\"https:\/\/www.sotrender.com\/blog\/pl\/2012\/01\/trzej-krolowie-facebooka\/#primaryimage\"},\"image\":{\"@id\":\"https:\/\/www.sotrender.com\/blog\/pl\/2012\/01\/trzej-krolowie-facebooka\/#primaryimage\"},\"thumbnailUrl\":\"https:\/\/www.sotrender.com\/blog\/wp-content\/uploads\/2012\/01\/najaktywniejsi_fani1.jpg\",\"datePublished\":\"2012-01-05T14:47:42+00:00\",\"dateModified\":\"2015-12-01T21:45:14+00:00\",\"author\":{\"@id\":\"https:\/\/www.sotrender.com\/blog\/#\/schema\/person\/9722ba4a24394dc9fd76b476ea2ba80a\"},\"description\":\"Przedstawiamy 3 najbardziej aktywnych fan\u00f3w na frimowych fanpage'ach w Polsce. Sotrender - Social Media Marketing Blog.\",\"breadcrumb\":{\"@id\":\"https:\/\/www.sotrender.com\/blog\/pl\/2012\/01\/trzej-krolowie-facebooka\/#breadcrumb\"},\"inLanguage\":\"pl-PL\",\"potentialAction\":[{\"@type\":\"ReadAction\",\"target\":[\"https:\/\/www.sotrender.com\/blog\/pl\/2012\/01\/trzej-krolowie-facebooka\/\"]}]},{\"@type\":\"ImageObject\",\"inLanguage\":\"pl-PL\",\"@id\":\"https:\/\/www.sotrender.com\/blog\/pl\/2012\/01\/trzej-krolowie-facebooka\/#primaryimage\",\"url\":\"https:\/\/www.sotrender.com\/blog\/wp-content\/uploads\/2012\/01\/najaktywniejsi_fani1.jpg\",\"contentUrl\":\"https:\/\/www.sotrender.com\/blog\/wp-content\/uploads\/2012\/01\/najaktywniejsi_fani1.jpg\"},{\"@type\":\"BreadcrumbList\",\"@id\":\"https:\/\/www.sotrender.com\/blog\/pl\/2012\/01\/trzej-krolowie-facebooka\/#breadcrumb\",\"itemListElement\":[{\"@type\":\"ListItem\",\"position\":1,\"name\":\"Home\",\"item\":\"https:\/\/www.sotrender.com\/blog\/\"},{\"@type\":\"ListItem\",\"position\":2,\"name\":\"Trzej Kr\u00f3lowie Facebooka\"}]},{\"@type\":\"WebSite\",\"@id\":\"https:\/\/www.sotrender.com\/blog\/#website\",\"url\":\"https:\/\/www.sotrender.com\/blog\/\",\"name\":\"Sotrender Blog\",\"description\":\"\",\"potentialAction\":[{\"@type\":\"SearchAction\",\"target\":{\"@type\":\"EntryPoint\",\"urlTemplate\":\"https:\/\/www.sotrender.com\/blog\/?s={search_term_string}\"},\"query-input\":\"required name=search_term_string\"}],\"inLanguage\":\"pl-PL\"},{\"@type\":\"Person\",\"@id\":\"https:\/\/www.sotrender.com\/blog\/#\/schema\/person\/9722ba4a24394dc9fd76b476ea2ba80a\",\"name\":\"Hubert Tworkowski\",\"image\":{\"@type\":\"ImageObject\",\"inLanguage\":\"pl-PL\",\"@id\":\"https:\/\/www.sotrender.com\/blog\/#\/schema\/person\/image\/\",\"url\":\"https:\/\/secure.gravatar.com\/avatar\/15f4a0279fa735e651c5439e345aa41b?s=96&d=mm&r=g\",\"contentUrl\":\"https:\/\/secure.gravatar.com\/avatar\/15f4a0279fa735e651c5439e345aa41b?s=96&d=mm&r=g\",\"caption\":\"Hubert Tworkowski\"},\"description\":\"Sales manager with over 8 years of experience in new media, with a profound knowledge of sales techniques, both from the position of a client and an agency.\",\"sameAs\":[\"facebook.com\/tworkowski\",\"linkedin.com\/in\/htworkowski\",\"https:\/\/twitter.com\/twitter.com\/htworkowski\"],\"url\":\"https:\/\/www.sotrender.com\/blog\/pl\/author\/htworkowskisnrs-pl\/\"}]}<\/script>\n<!-- \/ Yoast SEO plugin. -->","yoast_head_json":{"title":"Najaktywniejsi fani na polskim Facebooku","description":"Przedstawiamy 3 najbardziej aktywnych fan\u00f3w na frimowych fanpage'ach w Polsce. Sotrender - Social Media Marketing Blog.","robots":{"index":"index","follow":"follow","max-snippet":"max-snippet:-1","max-image-preview":"max-image-preview:large","max-video-preview":"max-video-preview:-1"},"canonical":"https:\/\/www.sotrender.com\/blog\/pl\/2012\/01\/trzej-krolowie-facebooka\/","og_locale":"pl_PL","og_type":"article","og_title":"Najaktywniejsi fani na polskim Facebooku","og_description":"Przedstawiamy 3 najbardziej aktywnych fan\u00f3w na frimowych fanpage'ach w Polsce. Sotrender - Social Media Marketing Blog.","og_url":"https:\/\/www.sotrender.com\/blog\/pl\/2012\/01\/trzej-krolowie-facebooka\/","og_site_name":"Sotrender Blog","article_publisher":"https:\/\/www.facebook.com\/Sotrender","article_author":"facebook.com\/tworkowski","article_published_time":"2012-01-05T14:47:42+00:00","article_modified_time":"2015-12-01T21:45:14+00:00","og_image":[{"url":"https:\/\/www.sotrender.com\/blog\/wp-content\/uploads\/2012\/01\/najaktywniejsi_fani1.jpg"}],"author":"Hubert Tworkowski","twitter_card":"summary_large_image","twitter_creator":"@twitter.com\/htworkowski","twitter_site":"@Sotrender","twitter_misc":{"Written by":"Hubert Tworkowski","Est. reading time":"1 minute"},"schema":{"@context":"https:\/\/schema.org","@graph":[{"@type":"WebPage","@id":"https:\/\/www.sotrender.com\/blog\/pl\/2012\/01\/trzej-krolowie-facebooka\/","url":"https:\/\/www.sotrender.com\/blog\/pl\/2012\/01\/trzej-krolowie-facebooka\/","name":"Najaktywniejsi fani na polskim Facebooku","isPartOf":{"@id":"https:\/\/www.sotrender.com\/blog\/#website"},"primaryImageOfPage":{"@id":"https:\/\/www.sotrender.com\/blog\/pl\/2012\/01\/trzej-krolowie-facebooka\/#primaryimage"},"image":{"@id":"https:\/\/www.sotrender.com\/blog\/pl\/2012\/01\/trzej-krolowie-facebooka\/#primaryimage"},"thumbnailUrl":"https:\/\/www.sotrender.com\/blog\/wp-content\/uploads\/2012\/01\/najaktywniejsi_fani1.jpg","datePublished":"2012-01-05T14:47:42+00:00","dateModified":"2015-12-01T21:45:14+00:00","author":{"@id":"https:\/\/www.sotrender.com\/blog\/#\/schema\/person\/9722ba4a24394dc9fd76b476ea2ba80a"},"description":"Przedstawiamy 3 najbardziej aktywnych fan\u00f3w na frimowych fanpage'ach w Polsce. Sotrender - Social Media Marketing Blog.","breadcrumb":{"@id":"https:\/\/www.sotrender.com\/blog\/pl\/2012\/01\/trzej-krolowie-facebooka\/#breadcrumb"},"inLanguage":"pl-PL","potentialAction":[{"@type":"ReadAction","target":["https:\/\/www.sotrender.com\/blog\/pl\/2012\/01\/trzej-krolowie-facebooka\/"]}]},{"@type":"ImageObject","inLanguage":"pl-PL","@id":"https:\/\/www.sotrender.com\/blog\/pl\/2012\/01\/trzej-krolowie-facebooka\/#primaryimage","url":"https:\/\/www.sotrender.com\/blog\/wp-content\/uploads\/2012\/01\/najaktywniejsi_fani1.jpg","contentUrl":"https:\/\/www.sotrender.com\/blog\/wp-content\/uploads\/2012\/01\/najaktywniejsi_fani1.jpg"},{"@type":"BreadcrumbList","@id":"https:\/\/www.sotrender.com\/blog\/pl\/2012\/01\/trzej-krolowie-facebooka\/#breadcrumb","itemListElement":[{"@type":"ListItem","position":1,"name":"Home","item":"https:\/\/www.sotrender.com\/blog\/"},{"@type":"ListItem","position":2,"name":"Trzej Kr\u00f3lowie Facebooka"}]},{"@type":"WebSite","@id":"https:\/\/www.sotrender.com\/blog\/#website","url":"https:\/\/www.sotrender.com\/blog\/","name":"Sotrender Blog","description":"","potentialAction":[{"@type":"SearchAction","target":{"@type":"EntryPoint","urlTemplate":"https:\/\/www.sotrender.com\/blog\/?s={search_term_string}"},"query-input":"required name=search_term_string"}],"inLanguage":"pl-PL"},{"@type":"Person","@id":"https:\/\/www.sotrender.com\/blog\/#\/schema\/person\/9722ba4a24394dc9fd76b476ea2ba80a","name":"Hubert Tworkowski","image":{"@type":"ImageObject","inLanguage":"pl-PL","@id":"https:\/\/www.sotrender.com\/blog\/#\/schema\/person\/image\/","url":"https:\/\/secure.gravatar.com\/avatar\/15f4a0279fa735e651c5439e345aa41b?s=96&d=mm&r=g","contentUrl":"https:\/\/secure.gravatar.com\/avatar\/15f4a0279fa735e651c5439e345aa41b?s=96&d=mm&r=g","caption":"Hubert Tworkowski"},"description":"Sales manager with over 8 years of experience in new media, with a profound knowledge of sales techniques, both from the position of a client and an agency.","sameAs":["facebook.com\/tworkowski","linkedin.com\/in\/htworkowski","https:\/\/twitter.com\/twitter.com\/htworkowski"],"url":"https:\/\/www.sotrender.com\/blog\/pl\/author\/htworkowskisnrs-pl\/"}]}},"_links":{"self":[{"href":"https:\/\/www.sotrender.com\/blog\/pl\/wp-json\/wp\/v2\/posts\/186"}],"collection":[{"href":"https:\/\/www.sotrender.com\/blog\/pl\/wp-json\/wp\/v2\/posts"}],"about":[{"href":"https:\/\/www.sotrender.com\/blog\/pl\/wp-json\/wp\/v2\/types\/post"}],"author":[{"embeddable":true,"href":"https:\/\/www.sotrender.com\/blog\/pl\/wp-json\/wp\/v2\/users\/13"}],"replies":[{"embeddable":true,"href":"https:\/\/www.sotrender.com\/blog\/pl\/wp-json\/wp\/v2\/comments?post=186"}],"version-history":[{"count":16,"href":"https:\/\/www.sotrender.com\/blog\/pl\/wp-json\/wp\/v2\/posts\/186\/revisions"}],"predecessor-version":[{"id":3103,"href":"https:\/\/www.sotrender.com\/blog\/pl\/wp-json\/wp\/v2\/posts\/186\/revisions\/3103"}],"wp:attachment":[{"href":"https:\/\/www.sotrender.com\/blog\/pl\/wp-json\/wp\/v2\/media?parent=186"}],"wp:term":[{"taxonomy":"category","embeddable":true,"href":"https:\/\/www.sotrender.com\/blog\/pl\/wp-json\/wp\/v2\/categories?post=186"},{"taxonomy":"post_tag","embeddable":true,"href":"https:\/\/www.sotrender.com\/blog\/pl\/wp-json\/wp\/v2\/tags?post=186"}],"curies":[{"name":"wp","href":"https:\/\/api.w.org\/{rel}","templated":true}]}}