{"id":18507,"date":"2015-06-17T12:17:01","date_gmt":"2015-06-17T11:17:01","guid":{"rendered":"http:\/\/blog.sotrender.com\/?p=18507"},"modified":"2015-12-01T21:23:08","modified_gmt":"2015-12-01T20:23:08","slug":"dane-a-komunikacja-w-social-media","status":"publish","type":"post","link":"https:\/\/www.sotrender.com\/blog\/pl\/2015\/06\/dane-a-komunikacja-w-social-media\/","title":{"rendered":"Dane a komunikacja w social media"},"content":{"rendered":"<p class=\"p1\" style=\"text-align: justify;\"><span class=\"s1\">Prezentacja odpowiadaj\u0105ca na pytanie,  w jaki spos\u00f3b wykorzysta\u0107 dane w dzia\u0142alno\u015bci PR-owca. Podpowiadamy,  co zrobi\u0107,  aby komunikacja w social media\u00a0przynosi\u0142a bardziej wymierne efekty. Niniejszy wpis jest rozwini\u0119ciem prezentacji wyg\u0142oszonej podczas <a title=\"Przejd\u017a do strony\" href=\"http:\/\/prwebinarday.prowly.com\/\" target=\"_blank\">PR Webinar Day organizowanego przez Prowly 17.06.15 r.<\/a><\/span><\/p>\n<p class=\"p1\" style=\"text-align: justify;\"><!--more--><\/p>\n<h4 class=\"p1\" style=\"text-align: justify;\"><span class=\"s1\">1. Poznaj swoich swoich odbiorc\u00f3w (ale tak naprawd\u0119)<\/span><\/h4>\n<p class=\"p1\" style=\"text-align: justify;\"><span class=\"s1\">Aby w og\u00f3le my\u015ble\u0107 o prowadzeniu skutecznej komunikacji,  trzeba zrobi\u0107 wszystko,  \u017ceby pozna\u0107 ludzi,  do kt\u00f3rych chcemy z t\u0105 komunikacj\u0105 dotrze\u0107. We\u017amy jako przyk\u0142ad widz\u00f3w\u00a0materia\u0142\u00f3w wideo.\u00a0<\/span>Najch\u0119tniej ogl\u0105dane filmy na YouTube w Polsce zupe\u0142nie nie koresponduj\u0105 z najch\u0119tniej ogl\u0105danymi programami w telewizji. S\u0105 to zupe\u0142nie inne \u015bwiaty,  obydwa liczone w milionach,  a marketerzy,  chc\u0105cy do nich dotrze\u0107,  powinni z takich r\u00f3\u017cnic zdawa\u0107 sobie spraw\u0119.<\/p>\n<p class=\"p1\" style=\"text-align: justify;\"><strong><span class=\"s1\">Wiedz\u0119 o odbiorcach czerpa\u0107 mo\u017cemy z <a title=\"Przejd\u017a do strony\" href=\"https:\/\/support.google.com\/adwords\/answer\/3056153?hl=pl\" target=\"_blank\">Google Adwords Display\u00a0Planner <\/a>(bezp\u0142atne narz\u0119dzie Google),  <a title=\"Przejd\u017a do strony\" href=\"http:\/\/www.panel.pbi.org.pl\/megapanel.php\" target=\"_blank\">Megapanel<\/a> (og\u00f3lne dane o popularno\u015bci w polskim internecie),  <a title=\"Przejd\u017a do strony\" href=\"http:\/\/www.similarweb.com\/\" target=\"_blank\">Similar Web<\/a>,  <a title=\"Przejd\u017a do strony\" href=\"http:\/\/www.alexa.com\/\" target=\"_blank\">Alexa<\/a> (dost\u0119pna wersja bezp\u0142atna).<\/span><\/strong><\/p>\n<p class=\"p1\" style=\"text-align: justify;\">Przydatne bywaj\u0105 r\u00f3wnie\u017c zestawienia i raporty bran\u017cowe: <a title=\"Zobacz raport Fanpage Trends\" href=\"http:\/\/www.sotrender.pl\/trends\/facebook\" target=\"_blank\">Fanpage Trends<\/a>,  <a title=\"Zobacz raport Twitter Trends\" href=\"http:\/\/www.sotrender.pl\/trends\/twitter\" target=\"_blank\">Twitter Trends<\/a> i <a title=\"Zobacz raport YouTube Trends\" href=\"http:\/\/www.sotrender.pl\/trends\/youtube\" target=\"_blank\">YouTube Trends<\/a>,  ale przede wszystkim nie mo\u017cna zapomina\u0107 o tym,  by\u00a0po prostu rozmawia\u0107 z lud\u017ami,  a nie tylko korzysta\u0107 z danych.<\/p>\n<h4 class=\"p1\" style=\"text-align: justify;\"><span class=\"s1\">2. Prowad\u017a dzia\u0142ania tylko na tych platformach,  na kt\u00f3rych prowadzenie masz zasoby<\/span><\/h4>\n<p class=\"p1\" style=\"text-align: justify;\"><span class=\"s1\">Serwis\u00f3w social media jest multum. Niekt\u00f3re ciesz\u0105 si\u0119 bardzo efemeryczn\u0105 popularno\u015bci\u0105,  niekt\u00f3re d\u0142u\u017cej buduj\u0105 swoj\u0105 pozycj\u0119. Musisz zdawa\u0107 sobie spraw\u0119,  \u017ce prowadzenie dzia\u0142a\u0144 na ka\u017cdej dodatkowej platformie oznacza kolejne obowi\u0105zki i wymaga nowych kompetencji.\u00a0<\/span>Zdecydowanie lepiej jest dzia\u0142a\u0107 na mniejszej liczbie serwis\u00f3w i robi\u0107 to dobrze ni\u017c pojawia\u0107 si\u0119 wsz\u0119dzie,  ale bez opracowania stosownej strategii.<\/p>\n<p class=\"p1\" style=\"text-align: justify;\"><span class=\"s1\">Nie trzeba skupia\u0107 si\u0119 wy\u0142\u0105cznie na najpopularniejszych kana\u0142ach,  promocja w niszowych mediach te\u017c czasem ma sens \u00a0&#8211;<span class=\"Apple-converted-space\">\u00a0przede wszystkim jednak\u00a0<\/span>nale\u017cy wybra\u0107 tyle platform,  ile jeste\u015bmy w stanie efektywnie prowadzi\u0107. Aby dowiedzie\u0107 si\u0119 wi\u0119cej o zasi\u0119gowych dzia\u0142aniach promocyjnych\u00a0w niszowych mediach,  zobaczcie prezentacj\u0119 Paw\u0142a Loedla:\u00a0<\/span><\/p>\n<div align=\"center\"><iframe loading=\"lazy\" src=\"\/\/www.slideshare.net\/slideshow\/embed_code\/key\/bQt66I6CUoxFj\" width=\"425\" height=\"355\" frameborder=\"0\" marginwidth=\"0\" marginheight=\"0\" scrolling=\"no\"><\/iframe><\/div>\n<h4 class=\"p1\" style=\"text-align: justify;\"><span class=\"s1\">3. Znajd\u017a swoje miejsce w internecie<\/span><\/h4>\n<p class=\"p1\" style=\"text-align: justify;\"><span class=\"s1\">Posiadanie w\u0142asnego bloga lub strony oznacza mo\u017cliwo\u015b\u0107 sprawowania nad nim pe\u0142nej kontroli i czerpanie korzy\u015bci p\u0142yn\u0105cych z SEO. Nie jeste\u015bcie tu ograniczeni kaprysami innych platform,  spadkami zasi\u0119gu itp. Poza tym umo\u017cliwia tworzenie w\u0142asnej spo\u0142eczno\u015bci,  zbieranie adres\u00f3w mailowych odbiorc\u00f3w i promowanie w\u015br\u00f3d nich swoich tre\u015bci,  a nast\u0119pnie publikowanie tych\u017ce tre\u015bci na w\u0142asnych kana\u0142ach spo\u0142eczno\u015bciowych. Internet pe\u0142en jest poradnik\u00f3w na temat tego,  w jaki spos\u00f3b efektywnie promowa\u0107 tworzone na blogu\/stronie tre\u015bci.\u00a0<\/span><\/p>\n<p class=\"p1\" style=\"text-align: justify;\"><a title=\"Przeczytaj poradnik\" href=\"http:\/\/www.quicksprout.com\/the-complete-guide-to-building-your-blog-audience\/\" target=\"_blank\"><span class=\"s1\">Przeczytaj poradnik Quick Sprout o tym,  jak spopularyzowa\u0107 bloga.\u00a0<\/span><\/a><\/p>\n<h4 class=\"p1\" style=\"text-align: justify;\"><span class=\"s1\">4. Czy na pewno wiesz jak to dzia\u0142a i co mo\u017cesz osi\u0105gn\u0105\u0107?<\/span><\/h4>\n<p class=\"p1\" style=\"text-align: justify;\"><span class=\"s1\">Jak obecnie liczba fan\u00f3w przek\u0142ada si\u0119 na sukces marki?\u00a0<\/span>Na przyk\u0142adzie Facebooka &#8211; ci\u0105gle jeszcze zdarza si\u0119,  \u017ce ludzie chwal\u0105 si\u0119 liczb\u0105 fan\u00f3w,  kt\u00f3ra teraz nie ma ju\u017c w zasadzie \u017cadnego znaczenia. Liczba fan\u00f3w bardzo s\u0142abo przek\u0142ada si\u0119 na zasi\u0119g publikowanych komunikat\u00f3w. Wszystko zale\u017cy od Edge Ranku,  algorytmu Facebooka,  kt\u00f3ry decyduje o tym,  jakie tre\u015bci s\u0105 wy\u015bwietlane na naszych News Feedach. Z powodu spadku zasi\u0119gu organicznego obecnie publikowane przez nas tre\u015bci dochodz\u0105 jedynie niewielkiego procenta odbiorc\u00f3w. Wi\u0119cej na temat spadku zasi\u0119gu organicznego pisali\u015bmy tutaj.<\/p>\n<p style=\"text-align: justify;\"><div class=\"shortcode trial\"><h4><span>Mierz dzia\u0142ania na Facebooku,  Twitterze oraz YouTube z Sotrenderem<\/span><a title=\"Wypr\u00f3buj za darmo!\" class=\"btn\" href=\"https:\/\/app.sotrender.com\/auth\/signup\/trial\/pl?utm_source=blog-cta-legacy\">Wypr\u00f3buj za darmo!<\/a><\/h4><\/div><\/p>\n<h4 class=\"p1\" style=\"text-align: justify;\"><span class=\"s1\">5. Pami\u0119taj o zaanga\u017cowaniu u\u017cytkownik\u00f3w oraz o tym,  \u017ce nie tylko ono si\u0119 liczy.<\/span><\/h4>\n<p class=\"p1\" style=\"text-align: justify;\"><span class=\"s1\">W mediach spo\u0142eczno\u015bciowych ka\u017cdy mo\u017ce w jaki\u015b spos\u00f3b zabra\u0107 g\u0142os,  wyrazi\u0107 swoj\u0105 opini\u0119. Przez zaanga\u017cowanie rozumiemy wszystkie aktywno\u015bci u\u017cytkownik\u00f3w wykonane na stronie w danym okresie,  takie jak lajki,  retweety,  udost\u0119pnienia,  komentarze itp.\u00a0<\/span>Wszystkie te zachowania s\u0105 widoczne r\u00f3wnie\u017c dla znajomych tych\u017ce u\u017cytkownik\u00f3w,  co ma znacz\u0105cy wp\u0142yw na zasi\u0119g tre\u015bci (tak zwany zasi\u0119g wirusowy).<\/p>\n<div id=\"attachment_18589\" style=\"width: 940px\" class=\"wp-caption aligncenter\"><a href=\"https:\/\/www.sotrender.com\/blog\/wp-content\/uploads\/2015\/06\/najbardziej-angazujace-strony-luty.png\"><img loading=\"lazy\" decoding=\"async\" aria-describedby=\"caption-attachment-18589\" class=\"size-full wp-image-18589\" src=\"https:\/\/www.sotrender.com\/blog\/wp-content\/uploads\/2015\/06\/najbardziej-angazujace-strony-luty.png\" alt=\"Najbardziej anga\u017cuj\u0105ce profile w lutym 2013 r.\" width=\"930\" height=\"609\" srcset=\"https:\/\/www.sotrender.com\/blog\/wp-content\/uploads\/2015\/06\/najbardziej-angazujace-strony-luty.png 930w, https:\/\/www.sotrender.com\/blog\/wp-content\/uploads\/2015\/06\/najbardziej-angazujace-strony-luty-475x311.png 475w, https:\/\/www.sotrender.com\/blog\/wp-content\/uploads\/2015\/06\/najbardziej-angazujace-strony-luty-768x503.png 768w, https:\/\/www.sotrender.com\/blog\/wp-content\/uploads\/2015\/06\/najbardziej-angazujace-strony-luty-600x393.png 600w\" sizes=\"(max-width: 930px) 100vw, 930px\" \/><\/a><p id=\"caption-attachment-18589\" class=\"wp-caption-text\">Najbardziej anga\u017cuj\u0105ce profile w lutym 2013 r.<\/p><\/div>\n<p class=\"p1\" style=\"text-align: justify;\"><span class=\"s1\">Zdania s\u0105\u00a0podzielone, \u00a0w jakich kampaniach zaanga\u017cowanie faktycznie jest wa\u017cne,  a w jakich ma mniejsze znaczenie.\u00a0<\/span>\u0141atwo jest wywo\u0142a\u0107 zaanga\u017cowanie publikuj\u0105c tre\u015bci,  kt\u00f3re zwyczajnie wzbudzaj\u0105 kontrowersje. Czy faktycznie jest to cenne dla marki zaanga\u017cowanie?<\/p>\n<p class=\"p1\" style=\"text-align: justify;\"><a title=\"Przeczytaj wi\u0119cej\" href=\"http:\/\/martinweigel.org\/2011\/09\/12\/fashionable-.\u2010yet-.\u2010bankrupt\/\" target=\"_blank\"><span class=\"s1\">Bardzo powa\u017cna krytyka zaanga\u017cowania.\u00a0<\/span><\/a><\/p>\n<h4 class=\"p1\" style=\"text-align: justify;\"><span class=\"s1\">6. My\u015bl o tym,  jak publikowa\u0107,  ale nie zapominaj,  \u017ce CO jest zawsze wa\u017cniejsze ni\u017c JAK<\/span><\/h4>\n<p class=\"p1\" style=\"text-align: justify;\">Pami\u0119taj,  \u017ce tre\u015b\u0107 jest zawsze wa\u017cniejsza od kana\u0142u,  a je\u015bli tre\u015b\u0107 broni si\u0119 sama,  uda jej si\u0119 wybroni\u0107 nawet,  je\u015bli nie b\u0119dzie odpowiednio opakowana.\u00a0<span class=\"s1\">Znowu dobrym przyk\u0142adem jest Facebook. Postuj\u0105c na Facebooku tre\u015bci zawieraj\u0105ce materia\u0142y wideo,  znacz\u0105co zwi\u0119kszasz zasi\u0119g swoich post\u00f3w.\u00a0<\/span>Wideo ma wi\u0119kszy zasi\u0119g ni\u017c tre\u015bci tekstowe,  administratorzy stron zdaj\u0105 ju\u017c sobie z tego spraw\u0119,  dlatego obserwujemy nieustannie zwi\u0119kszaj\u0105c\u0105 si\u0119 popularno\u015b\u0107 tre\u015bci wideo na Facebooku.<\/p>\n<p class=\"p1\" style=\"text-align: justify;\"><span class=\"s1\">Jak sprawdzi\u0107 co zainteresuje ludzi?\u00a0<\/span><strong><span class=\"s1\">Za po\u015brednictwem <a title=\"Przejd\u017a do strony\" href=\"http:\/\/buzzsumo.com\/\" target=\"_blank\">BuzzSumo<\/a> (pozwala sprawdzi\u0107,  jakie tre\u015bci by\u0142y najch\u0119tniej udost\u0119pniane w social media),  <a title=\"Przejd\u017a do strony\" href=\"https:\/\/www.google.com\/trends\/?hl=pl\" target=\"_blank\">Google Trends<\/a> lub <a title=\"Przejd\u017a do strony\" href=\"https:\/\/adwords.google.pl\/KeywordPlanner\" target=\"_blank\">Google Keyword Plannera<\/a>.<\/span><\/strong><\/p>\n<h4 class=\"p1\" style=\"text-align: justify;\"><span class=\"s1\">7. Podejd\u017a to tworzenia tre\u015bci z odrobin\u0105 sprytu<\/span><\/h4>\n<p class=\"p1\" style=\"text-align: justify;\"><span class=\"s1\">Wszystko po to,  \u017ceby osi\u0105ga\u0107 wymierne korzy\u015bci,  ale jednak si\u0119 nie przepracowa\u0107. Komunikacja w social media nadal cz\u0119sto sprowadza si\u0119 do starego jak \u015bwiat pytania<\/span>: jak cz\u0119sto postowa\u0107? Spr\u00f3bowali\u015bmy na nie odpowiedzie\u0107,  analizuj\u0105c zwyczaje postowania marek i medi\u00f3w.\u00a0<span class=\"s1\">Media postuj\u0105 znacznie cz\u0119\u015bciej ni\u017c marki. Mog\u0105 to robi\u0107,  poniewa\u017c algorytm Facebooka traktuje media i marki odmiennie.\u00a0<\/span>Marki nie mog\u0105 postowa\u0107 zbyt cz\u0119sto poniewa\u017c s\u0105 za to karane obni\u017ceniem zasi\u0119gu organicznego.<\/p>\n<p class=\"p1\" style=\"text-align: justify;\"><span class=\"s1\">Co w zwi\u0105zku z tym?<\/span><\/p>\n<ul style=\"text-align: justify;\">\n<li class=\"p1\" style=\"text-align: justify;\"><span class=\"s1\">Pisz cz\u0119sto,  ale nie przesadzaj z cz\u0119stotliwo\u015bci\u0105. <\/span><\/li>\n<li class=\"p1\" style=\"text-align: justify;\"><span class=\"s1\">Raz przygotowane tre\u015bci wykorzystuj wielokrotnie. Z artyku\u0142u na bloga przygotuj notk\u0119 prasow\u0105,  prezentacj\u0119,  e-booka,  podcast,  film,  posty na Facebooka,  zestaw tweet\u00f3w.<\/span><\/li>\n<li class=\"p1\" style=\"text-align: justify;\"><span class=\"s1\">Wykorzystuj tre\u015bci innych nadawc\u00f3w w ramach tzw. \u201econtent curation\u201d i zasady,  \u017ce nikt nie lubi ludzi,  kt\u00f3rzy m\u00f3wi\u0105 wy\u0142\u0105cznie o sobie.<\/span><\/li>\n<li class=\"p1\" style=\"text-align: justify;\"><span class=\"s1\">Zadbaj,  aby dzielenie si\u0119 Twoimi tre\u015bciami w mediach spo\u0142eczno\u015bciowych by\u0142o jak naj\u0142atwiejsze. <\/span><\/li>\n<\/ul>\n<h4 class=\"p1\" style=\"text-align: justify;\"><span class=\"s1\">8.<span class=\"Apple-converted-space\">\u00a0 <\/span>Poznaj si\u0142\u0119 growthhackingu (i pami\u0119taj,  \u017ce to nie PR)<\/span><\/h4>\n<p class=\"p1\" style=\"text-align: justify;\"><span class=\"s1\">Bardzo modny spos\u00f3b post\u0119powania w przypadku marketingu internetowego w celu pozyskania jak najwi\u0119kszej liczby u\u017cytkownik\u00f3w. Innymi s\u0142owy lekkie \u201ecwaniactwo\u201d,  poszukiwanie tego,  co mo\u017ce przynie\u015b\u0107 popularno\u015b\u0107 TERAZ. Nale\u017cy jednak pami\u0119ta\u0107,  \u017ce PR obejmuje nieco szerszy obraz,  uwzgl\u0119dnia strategi\u0119 i dba\u0142o\u015b\u0107 o wizerunek. Czyli &#8211; growthhacking &#8211; wy\u0142\u0105cznie efekty,  PR &#8211; efekty i jako\u015b\u0107.\u00a0<\/span><\/p>\n<p class=\"p1\" style=\"text-align: justify;\"><strong><span class=\"s1\">Gdzie mo\u017cna dowiedzie\u0107 si\u0119 wi\u0119cej o growthackingu? <\/span><\/strong><\/p>\n<p class=\"p1\" style=\"text-align: justify;\"><a title=\"Przejd\u017a do bloga Neila Patela\" href=\"http:\/\/neilpatel.com\/blog\/\" target=\"_blank\"><span class=\"s1\">Neil Patel<\/span><\/a><\/p>\n<p class=\"p1\" style=\"text-align: justify;\"><a title=\"Przejd\u017a do strony Lincolna Murphy'ego\" href=\"http:\/\/sixteenventures.com\/\" target=\"_blank\"><span class=\"s1\">Lincoln Murphy <\/span><\/a><\/p>\n<p class=\"p1\" style=\"text-align: justify;\"><a title=\"Przejd\u017a na stron\u0119 Briana Deana\" href=\"http:\/\/backlinko.com\/\" target=\"_blank\"><span class=\"s1\">Brian Dean<\/span><\/a><\/p>\n<h2>Zapraszam do obejrzenia prezentacji pt. &#8220;Dane a komunikacja w social media&#8221;:<\/h2>\n<div align=\"center\"><iframe loading=\"lazy\" src=\"https:\/\/www.slideshare.net\/slideshow\/embed_code\/key\/rNrOxeVuKtu9OR\" width=\"476\" height=\"400\" frameborder=\"0\" marginwidth=\"0\" marginheight=\"0\" scrolling=\"no\"><\/iframe><\/div>\n","protected":false},"excerpt":{"rendered":"<p>Prezentacja odpowiadaj\u0105ca na pytanie, w jaki spos\u00f3b wykorzysta\u0107 dane w dzia\u0142alno\u015bci PR-owca. Podpowiadamy, co zrobi\u0107, aby komunikacja w social media\u00a0przynosi\u0142a bardziej wymierne efekty. Niniejszy wpis jest rozwini\u0119ciem prezentacji wyg\u0142oszonej podczas PR Webinar Day organizowanego przez Prowly 17.06.15 r.<\/p>\n","protected":false},"author":2,"featured_media":18521,"comment_status":"open","ping_status":"open","sticky":false,"template":"","format":"standard","meta":{"inline_featured_image":false,"footnotes":""},"categories":[1793,1797],"tags":[517,589,1607,1609,1611,7,17],"yoast_head":"<!-- This site is optimized with the Yoast SEO plugin v22.4 - https:\/\/yoast.com\/wordpress\/plugins\/seo\/ -->\n<title>Dane a komunikacja w social media<\/title>\n<meta name=\"description\" content=\"dr Jan Zaj\u0105c z Sotrendera podpowiada co zrobi\u0107, aby komunikacja w social media, przynosi\u0142a bardziej wymierne efekty.\" \/>\n<meta name=\"robots\" content=\"index, follow, max-snippet:-1, max-image-preview:large, max-video-preview:-1\" \/>\n<link rel=\"canonical\" href=\"https:\/\/www.sotrender.com\/blog\/pl\/2015\/06\/dane-a-komunikacja-w-social-media\/\" \/>\n<meta property=\"og:locale\" content=\"pl_PL\" \/>\n<meta property=\"og:type\" content=\"article\" \/>\n<meta property=\"og:title\" content=\"Dane a komunikacja w social media\" \/>\n<meta property=\"og:description\" content=\"dr Jan Zaj\u0105c z Sotrendera podpowiada co zrobi\u0107, aby komunikacja w social media, przynosi\u0142a bardziej wymierne efekty.\" \/>\n<meta property=\"og:url\" content=\"https:\/\/www.sotrender.com\/blog\/pl\/2015\/06\/dane-a-komunikacja-w-social-media\/\" \/>\n<meta property=\"og:site_name\" content=\"Sotrender Blog\" \/>\n<meta property=\"article:publisher\" content=\"https:\/\/www.facebook.com\/Sotrender\" \/>\n<meta property=\"article:author\" content=\"https:\/\/www.facebook.com\/jan.zajac.75?fref=ts\" \/>\n<meta property=\"article:published_time\" content=\"2015-06-17T11:17:01+00:00\" \/>\n<meta property=\"article:modified_time\" content=\"2015-12-01T20:23:08+00:00\" \/>\n<meta property=\"og:image\" content=\"https:\/\/www.sotrender.com\/blog\/wp-content\/uploads\/2015\/06\/header_blog_31.jpg\" \/>\n\t<meta property=\"og:image:width\" content=\"1600\" \/>\n\t<meta property=\"og:image:height\" content=\"700\" \/>\n\t<meta property=\"og:image:type\" content=\"image\/jpeg\" \/>\n<meta name=\"author\" content=\"Jan Zaj\u0105c\" \/>\n<meta name=\"twitter:card\" content=\"summary_large_image\" \/>\n<meta name=\"twitter:creator\" content=\"@http:\/\/twitter.com\/janekzajac\" \/>\n<meta name=\"twitter:site\" content=\"@Sotrender\" \/>\n<meta name=\"twitter:label1\" content=\"Written by\" \/>\n\t<meta name=\"twitter:data1\" content=\"Jan Zaj\u0105c\" \/>\n\t<meta name=\"twitter:label2\" content=\"Est. reading time\" \/>\n\t<meta name=\"twitter:data2\" content=\"6 minutes\" \/>\n<script type=\"application\/ld+json\" class=\"yoast-schema-graph\">{\"@context\":\"https:\/\/schema.org\",\"@graph\":[{\"@type\":\"WebPage\",\"@id\":\"https:\/\/www.sotrender.com\/blog\/pl\/2015\/06\/dane-a-komunikacja-w-social-media\/\",\"url\":\"https:\/\/www.sotrender.com\/blog\/pl\/2015\/06\/dane-a-komunikacja-w-social-media\/\",\"name\":\"Dane a komunikacja w social media\",\"isPartOf\":{\"@id\":\"https:\/\/www.sotrender.com\/blog\/#website\"},\"primaryImageOfPage\":{\"@id\":\"https:\/\/www.sotrender.com\/blog\/pl\/2015\/06\/dane-a-komunikacja-w-social-media\/#primaryimage\"},\"image\":{\"@id\":\"https:\/\/www.sotrender.com\/blog\/pl\/2015\/06\/dane-a-komunikacja-w-social-media\/#primaryimage\"},\"thumbnailUrl\":\"https:\/\/www.sotrender.com\/blog\/wp-content\/uploads\/2015\/06\/header_blog_31.jpg\",\"datePublished\":\"2015-06-17T11:17:01+00:00\",\"dateModified\":\"2015-12-01T20:23:08+00:00\",\"author\":{\"@id\":\"https:\/\/www.sotrender.com\/blog\/#\/schema\/person\/15d4db3ba9c4e61b1cb96099300e7c51\"},\"description\":\"dr Jan Zaj\u0105c z Sotrendera podpowiada co zrobi\u0107, aby komunikacja w social media, przynosi\u0142a bardziej wymierne efekty.\",\"breadcrumb\":{\"@id\":\"https:\/\/www.sotrender.com\/blog\/pl\/2015\/06\/dane-a-komunikacja-w-social-media\/#breadcrumb\"},\"inLanguage\":\"pl-PL\",\"potentialAction\":[{\"@type\":\"ReadAction\",\"target\":[\"https:\/\/www.sotrender.com\/blog\/pl\/2015\/06\/dane-a-komunikacja-w-social-media\/\"]}]},{\"@type\":\"ImageObject\",\"inLanguage\":\"pl-PL\",\"@id\":\"https:\/\/www.sotrender.com\/blog\/pl\/2015\/06\/dane-a-komunikacja-w-social-media\/#primaryimage\",\"url\":\"https:\/\/www.sotrender.com\/blog\/wp-content\/uploads\/2015\/06\/header_blog_31.jpg\",\"contentUrl\":\"https:\/\/www.sotrender.com\/blog\/wp-content\/uploads\/2015\/06\/header_blog_31.jpg\",\"width\":1600,\"height\":700},{\"@type\":\"BreadcrumbList\",\"@id\":\"https:\/\/www.sotrender.com\/blog\/pl\/2015\/06\/dane-a-komunikacja-w-social-media\/#breadcrumb\",\"itemListElement\":[{\"@type\":\"ListItem\",\"position\":1,\"name\":\"Home\",\"item\":\"https:\/\/www.sotrender.com\/blog\/\"},{\"@type\":\"ListItem\",\"position\":2,\"name\":\"Dane a komunikacja w social media\"}]},{\"@type\":\"WebSite\",\"@id\":\"https:\/\/www.sotrender.com\/blog\/#website\",\"url\":\"https:\/\/www.sotrender.com\/blog\/\",\"name\":\"Sotrender Blog\",\"description\":\"\",\"potentialAction\":[{\"@type\":\"SearchAction\",\"target\":{\"@type\":\"EntryPoint\",\"urlTemplate\":\"https:\/\/www.sotrender.com\/blog\/?s={search_term_string}\"},\"query-input\":\"required name=search_term_string\"}],\"inLanguage\":\"pl-PL\"},{\"@type\":\"Person\",\"@id\":\"https:\/\/www.sotrender.com\/blog\/#\/schema\/person\/15d4db3ba9c4e61b1cb96099300e7c51\",\"name\":\"Jan Zaj\u0105c\",\"image\":{\"@type\":\"ImageObject\",\"inLanguage\":\"pl-PL\",\"@id\":\"https:\/\/www.sotrender.com\/blog\/#\/schema\/person\/image\/\",\"url\":\"https:\/\/secure.gravatar.com\/avatar\/330c70ea205c5402148d7c7d8927d81d?s=96&d=mm&r=g\",\"contentUrl\":\"https:\/\/secure.gravatar.com\/avatar\/330c70ea205c5402148d7c7d8927d81d?s=96&d=mm&r=g\",\"caption\":\"Jan Zaj\u0105c\"},\"description\":\"Psychologist &amp; economist, experienced consultant &amp; researcher, who speaks 6 languages and has cycled around 17 countries.\",\"sameAs\":[\"https:\/\/www.facebook.com\/jan.zajac.75?fref=ts\",\"https:\/\/www.linkedin.com\/in\/janekzajac\",\"https:\/\/twitter.com\/http:\/\/twitter.com\/janekzajac\"],\"url\":\"https:\/\/www.sotrender.com\/blog\/pl\/author\/jan_zajc\/\"}]}<\/script>\n<!-- \/ Yoast SEO plugin. -->","yoast_head_json":{"title":"Dane a komunikacja w social media","description":"dr Jan Zaj\u0105c z Sotrendera podpowiada co zrobi\u0107, aby komunikacja w social media, przynosi\u0142a bardziej wymierne efekty.","robots":{"index":"index","follow":"follow","max-snippet":"max-snippet:-1","max-image-preview":"max-image-preview:large","max-video-preview":"max-video-preview:-1"},"canonical":"https:\/\/www.sotrender.com\/blog\/pl\/2015\/06\/dane-a-komunikacja-w-social-media\/","og_locale":"pl_PL","og_type":"article","og_title":"Dane a komunikacja w social media","og_description":"dr Jan Zaj\u0105c z Sotrendera podpowiada co zrobi\u0107, aby komunikacja w social media, przynosi\u0142a bardziej wymierne efekty.","og_url":"https:\/\/www.sotrender.com\/blog\/pl\/2015\/06\/dane-a-komunikacja-w-social-media\/","og_site_name":"Sotrender Blog","article_publisher":"https:\/\/www.facebook.com\/Sotrender","article_author":"https:\/\/www.facebook.com\/jan.zajac.75?fref=ts","article_published_time":"2015-06-17T11:17:01+00:00","article_modified_time":"2015-12-01T20:23:08+00:00","og_image":[{"width":1600,"height":700,"url":"https:\/\/www.sotrender.com\/blog\/wp-content\/uploads\/2015\/06\/header_blog_31.jpg","type":"image\/jpeg"}],"author":"Jan Zaj\u0105c","twitter_card":"summary_large_image","twitter_creator":"@http:\/\/twitter.com\/janekzajac","twitter_site":"@Sotrender","twitter_misc":{"Written by":"Jan Zaj\u0105c","Est. reading time":"6 minutes"},"schema":{"@context":"https:\/\/schema.org","@graph":[{"@type":"WebPage","@id":"https:\/\/www.sotrender.com\/blog\/pl\/2015\/06\/dane-a-komunikacja-w-social-media\/","url":"https:\/\/www.sotrender.com\/blog\/pl\/2015\/06\/dane-a-komunikacja-w-social-media\/","name":"Dane a komunikacja w social media","isPartOf":{"@id":"https:\/\/www.sotrender.com\/blog\/#website"},"primaryImageOfPage":{"@id":"https:\/\/www.sotrender.com\/blog\/pl\/2015\/06\/dane-a-komunikacja-w-social-media\/#primaryimage"},"image":{"@id":"https:\/\/www.sotrender.com\/blog\/pl\/2015\/06\/dane-a-komunikacja-w-social-media\/#primaryimage"},"thumbnailUrl":"https:\/\/www.sotrender.com\/blog\/wp-content\/uploads\/2015\/06\/header_blog_31.jpg","datePublished":"2015-06-17T11:17:01+00:00","dateModified":"2015-12-01T20:23:08+00:00","author":{"@id":"https:\/\/www.sotrender.com\/blog\/#\/schema\/person\/15d4db3ba9c4e61b1cb96099300e7c51"},"description":"dr Jan Zaj\u0105c z Sotrendera podpowiada co zrobi\u0107, aby komunikacja w social media, przynosi\u0142a bardziej wymierne efekty.","breadcrumb":{"@id":"https:\/\/www.sotrender.com\/blog\/pl\/2015\/06\/dane-a-komunikacja-w-social-media\/#breadcrumb"},"inLanguage":"pl-PL","potentialAction":[{"@type":"ReadAction","target":["https:\/\/www.sotrender.com\/blog\/pl\/2015\/06\/dane-a-komunikacja-w-social-media\/"]}]},{"@type":"ImageObject","inLanguage":"pl-PL","@id":"https:\/\/www.sotrender.com\/blog\/pl\/2015\/06\/dane-a-komunikacja-w-social-media\/#primaryimage","url":"https:\/\/www.sotrender.com\/blog\/wp-content\/uploads\/2015\/06\/header_blog_31.jpg","contentUrl":"https:\/\/www.sotrender.com\/blog\/wp-content\/uploads\/2015\/06\/header_blog_31.jpg","width":1600,"height":700},{"@type":"BreadcrumbList","@id":"https:\/\/www.sotrender.com\/blog\/pl\/2015\/06\/dane-a-komunikacja-w-social-media\/#breadcrumb","itemListElement":[{"@type":"ListItem","position":1,"name":"Home","item":"https:\/\/www.sotrender.com\/blog\/"},{"@type":"ListItem","position":2,"name":"Dane a komunikacja w social media"}]},{"@type":"WebSite","@id":"https:\/\/www.sotrender.com\/blog\/#website","url":"https:\/\/www.sotrender.com\/blog\/","name":"Sotrender Blog","description":"","potentialAction":[{"@type":"SearchAction","target":{"@type":"EntryPoint","urlTemplate":"https:\/\/www.sotrender.com\/blog\/?s={search_term_string}"},"query-input":"required name=search_term_string"}],"inLanguage":"pl-PL"},{"@type":"Person","@id":"https:\/\/www.sotrender.com\/blog\/#\/schema\/person\/15d4db3ba9c4e61b1cb96099300e7c51","name":"Jan Zaj\u0105c","image":{"@type":"ImageObject","inLanguage":"pl-PL","@id":"https:\/\/www.sotrender.com\/blog\/#\/schema\/person\/image\/","url":"https:\/\/secure.gravatar.com\/avatar\/330c70ea205c5402148d7c7d8927d81d?s=96&d=mm&r=g","contentUrl":"https:\/\/secure.gravatar.com\/avatar\/330c70ea205c5402148d7c7d8927d81d?s=96&d=mm&r=g","caption":"Jan Zaj\u0105c"},"description":"Psychologist &amp; economist, experienced consultant &amp; researcher, who speaks 6 languages and has cycled around 17 countries.","sameAs":["https:\/\/www.facebook.com\/jan.zajac.75?fref=ts","https:\/\/www.linkedin.com\/in\/janekzajac","https:\/\/twitter.com\/http:\/\/twitter.com\/janekzajac"],"url":"https:\/\/www.sotrender.com\/blog\/pl\/author\/jan_zajc\/"}]}},"_links":{"self":[{"href":"https:\/\/www.sotrender.com\/blog\/pl\/wp-json\/wp\/v2\/posts\/18507"}],"collection":[{"href":"https:\/\/www.sotrender.com\/blog\/pl\/wp-json\/wp\/v2\/posts"}],"about":[{"href":"https:\/\/www.sotrender.com\/blog\/pl\/wp-json\/wp\/v2\/types\/post"}],"author":[{"embeddable":true,"href":"https:\/\/www.sotrender.com\/blog\/pl\/wp-json\/wp\/v2\/users\/2"}],"replies":[{"embeddable":true,"href":"https:\/\/www.sotrender.com\/blog\/pl\/wp-json\/wp\/v2\/comments?post=18507"}],"version-history":[{"count":38,"href":"https:\/\/www.sotrender.com\/blog\/pl\/wp-json\/wp\/v2\/posts\/18507\/revisions"}],"predecessor-version":[{"id":18595,"href":"https:\/\/www.sotrender.com\/blog\/pl\/wp-json\/wp\/v2\/posts\/18507\/revisions\/18595"}],"wp:featuredmedia":[{"embeddable":true,"href":"https:\/\/www.sotrender.com\/blog\/pl\/wp-json\/wp\/v2\/media\/18521"}],"wp:attachment":[{"href":"https:\/\/www.sotrender.com\/blog\/pl\/wp-json\/wp\/v2\/media?parent=18507"}],"wp:term":[{"taxonomy":"category","embeddable":true,"href":"https:\/\/www.sotrender.com\/blog\/pl\/wp-json\/wp\/v2\/categories?post=18507"},{"taxonomy":"post_tag","embeddable":true,"href":"https:\/\/www.sotrender.com\/blog\/pl\/wp-json\/wp\/v2\/tags?post=18507"}],"curies":[{"name":"wp","href":"https:\/\/api.w.org\/{rel}","templated":true}]}}