{"id":18429,"date":"2015-06-10T08:40:54","date_gmt":"2015-06-10T07:40:54","guid":{"rendered":"http:\/\/blog.sotrender.com\/?p=18429"},"modified":"2015-12-01T21:23:14","modified_gmt":"2015-12-01T20:23:14","slug":"fanpage-trends-maj-2015","status":"publish","type":"post","link":"https:\/\/www.sotrender.com\/blog\/pl\/2015\/06\/fanpage-trends-maj-2015\/","title":{"rendered":"Fanpage Trends Maj 2015 &#8211; polityka,  pi\u0142ka no\u017cna i mocne debiuty"},"content":{"rendered":"<p style=\"text-align: justify;\">Wybory prezydenckie nie zdominowa\u0142y tak mocno polskiego Facebooka jak Twittera. Oczywi\u015bcie m\u00f3wi\u0142o si\u0119 o nich bardzo du\u017co i cz\u0119sto,  jednak Facebook to przede wszystkim miejsce dla tre\u015bci rozrywkowych,  czyli lekkich,  \u0142atwych i przyjemnych. W\u015br\u00f3d pi\u0119ciu najbardziej interaktywnych post\u00f3w miesi\u0105ca ani jeden nie jest zwi\u0105zany z polityk\u0105. Znalaz\u0142y si\u0119 za to w nich trzy wideo i dwie grafiki,  co \u015bwiadczy o sile obrazu w mediach spo\u0142eczno\u015bciowych. W ubieg\u0142ym miesi\u0105cu da\u0142o odczu\u0107 si\u0119 r\u00f3wnie\u017c nadchodz\u0105ce lato &#8211; analizowane profile opublikowa\u0142y mniej tre\u015bci ni\u017c w kwietniu,  a strony komercyjne odpowiedzia\u0142y na 27% post\u00f3w u\u017cytkownik\u00f3w,  jest to wynik o 3% gorszy ni\u017c miesi\u0105c wcze\u015bniej. Co jeszcze dzia\u0142o si\u0119 na Facebooku w maju? <a title=\"Kliknij,  aby przeczyta\u0107 raport\" href=\"http:\/\/www.sotrender.pl\/trends\/facebook\/\" target=\"_blank\">Zapraszamy do lektury raportu Fanpage Trends<\/a> przygotowanego przez <a title=\"Kliknij,  aby przej\u015b\u0107 do strony\" href=\"http:\/\/soternder.pl\" target=\"_blank\">Sotrender<\/a>!<!--more--><\/p>\n<div id=\"attachment_18433\" style=\"width: 1091px\" class=\"wp-caption aligncenter\"><a href=\"https:\/\/www.sotrender.com\/blog\/wp-content\/uploads\/2015\/06\/demografia-FB.png\"><img loading=\"lazy\" decoding=\"async\" aria-describedby=\"caption-attachment-18433\" class=\"size-full wp-image-18433\" src=\"https:\/\/www.sotrender.com\/blog\/wp-content\/uploads\/2015\/06\/demografia-FB.png\" alt=\"U\u017cytkownicy Facebook - Sotrender Fanpage Trends maj 2015\" width=\"1081\" height=\"543\" srcset=\"https:\/\/www.sotrender.com\/blog\/wp-content\/uploads\/2015\/06\/demografia-FB.png 1081w, https:\/\/www.sotrender.com\/blog\/wp-content\/uploads\/2015\/06\/demografia-FB-475x239.png 475w, https:\/\/www.sotrender.com\/blog\/wp-content\/uploads\/2015\/06\/demografia-FB-768x386.png 768w, https:\/\/www.sotrender.com\/blog\/wp-content\/uploads\/2015\/06\/demografia-FB-950x477.png 950w, https:\/\/www.sotrender.com\/blog\/wp-content\/uploads\/2015\/06\/demografia-FB-600x301.png 600w\" sizes=\"(max-width: 1081px) 100vw, 1081px\" \/><\/a><p id=\"caption-attachment-18433\" class=\"wp-caption-text\">U\u017cytkownicy Facebook &#8211; Fanpage Trends maj 2015<\/p><\/div>\n<h2 style=\"text-align: justify;\">Anga\u017cuj\u0105ce wybory w Fanpage Trends<\/h2>\n<p style=\"text-align: justify;\">W\u015br\u00f3d profili w kategorii Ludzie na Facebooku mo\u017cna zauwa\u017cy\u0107 du\u017ce zmiany. Politycy zdominowali rankingi zaanga\u017cowania i interaktywno\u015bci. Bronis\u0142aw Komorowski i Robert Biedro\u0144 zaanga\u017cowali wi\u0119cej u\u017cytkownik\u00f3w ni\u017c maj\u0105 fan\u00f3w i awansowali odpowiednio o 32 i 48 miejsc w rankingu zaanga\u017cowania. W tym samym zestawieniu o 45 pozycji wy\u017cej ni\u017c przed miesi\u0105cem znalaz\u0142 si\u0119 prezydent elekt,  Andrzej Duda. Ranking pod wzgl\u0119dem interaktywno\u015bci wygl\u0105da do\u015b\u0107 podobnie,  warto w nim zauwa\u017cy\u0107 bardzo du\u017ce awanse Moniki Olejnik i Wojciecha Cejrowskiego,  komentator\u00f3w polskiego \u017cycia politycznego. W\u015br\u00f3d najpopularniejszych post\u00f3w miesi\u0105ca w tej kategorii jedynie jeden nie by\u0142 zwi\u0105zany z wyborami prezydenckimi. To status Mateusza Grzesiaka,  popularnego trenera osobowo\u015bci.<\/p>\n<div id=\"attachment_18435\" style=\"width: 1102px\" class=\"wp-caption aligncenter\"><a href=\"https:\/\/www.sotrender.com\/blog\/wp-content\/uploads\/2015\/06\/najbardziej-anga\u017cuj\u0105cy-ludzie-fanpage-trends-maj-2015.png\"><img loading=\"lazy\" decoding=\"async\" aria-describedby=\"caption-attachment-18435\" class=\"size-full wp-image-18435\" src=\"https:\/\/www.sotrender.com\/blog\/wp-content\/uploads\/2015\/06\/najbardziej-anga\u017cuj\u0105cy-ludzie-fanpage-trends-maj-2015.png\" alt=\"Najbardziej anga\u017cuj\u0105ce strony w kategorii Ludzie - Fanpage Trends maj 2015\" width=\"1092\" height=\"948\" srcset=\"https:\/\/www.sotrender.com\/blog\/wp-content\/uploads\/2015\/06\/najbardziej-anga\u017cuj\u0105cy-ludzie-fanpage-trends-maj-2015.png 1092w, https:\/\/www.sotrender.com\/blog\/wp-content\/uploads\/2015\/06\/najbardziej-anga\u017cuj\u0105cy-ludzie-fanpage-trends-maj-2015-475x412.png 475w, https:\/\/www.sotrender.com\/blog\/wp-content\/uploads\/2015\/06\/najbardziej-anga\u017cuj\u0105cy-ludzie-fanpage-trends-maj-2015-768x667.png 768w, https:\/\/www.sotrender.com\/blog\/wp-content\/uploads\/2015\/06\/najbardziej-anga\u017cuj\u0105cy-ludzie-fanpage-trends-maj-2015-950x825.png 950w, https:\/\/www.sotrender.com\/blog\/wp-content\/uploads\/2015\/06\/najbardziej-anga\u017cuj\u0105cy-ludzie-fanpage-trends-maj-2015-600x521.png 600w\" sizes=\"(max-width: 1092px) 100vw, 1092px\" \/><\/a><p id=\"caption-attachment-18435\" class=\"wp-caption-text\">Najbardziej anga\u017cuj\u0105ce strony w kategorii Ludzie &#8211; Fanpage Trends maj 2015<\/p><\/div>\n<h2 style=\"text-align: justify;\">Mocny debiut Paw\u0142a Kukiza w <a title=\"Kliknij,  aby przej\u015b\u0107 do raportu\" href=\"http:\/\/sotrender.pl\/trends\/facebook\" target=\"_blank\"><span style=\"text-decoration: underline;\">Fanpage Trends<\/span><\/a><\/h2>\n<p style=\"text-align: justify;\">W kategorii Polityka i Partie na drugim miejscu zadebiutowa\u0142 profil Paw\u0142a Kukiza (nie jest to ten sam profil,  co Prezydent Kukiz &#8211; oficjalny profil na czas kampanii prezydenckiej). Wi\u0119cej fan\u00f3w ma tylko Janusz Korwin-Mikke,  kt\u00f3rego profil w maju polubi\u0142o 40 tys. nowych u\u017cytkownik\u00f3w. Najwi\u0119kszym wzrostem liczby fan\u00f3w mo\u017ce pochwali\u0107 si\u0119 Andrzej Duda,  kt\u00f3rego stron\u0119 lubi 135% wi\u0119cej os\u00f3b ni\u017c w poprzednim miesi\u0105cu. W aktywno\u015bci w mediach spo\u0142eczno\u015bciowych mo\u017cna upatrywa\u0107 \u017ar\u00f3de\u0142 powodzenia kandydata PiS w majowych wyborach prezydenckich.<\/p>\n<div id=\"attachment_18439\" style=\"width: 1087px\" class=\"wp-caption aligncenter\"><a href=\"https:\/\/www.sotrender.com\/blog\/wp-content\/uploads\/2015\/06\/Najbardziej-anga\u017cuj\u0105cy-politycy-fanpage-trends-maj-2015.png\"><img loading=\"lazy\" decoding=\"async\" aria-describedby=\"caption-attachment-18439\" class=\"size-full wp-image-18439\" src=\"https:\/\/www.sotrender.com\/blog\/wp-content\/uploads\/2015\/06\/Najbardziej-anga\u017cuj\u0105cy-politycy-fanpage-trends-maj-2015.png\" alt=\"Najbardziej anga\u017cuj\u0105ce strony w kategorii Politycy i Partie - Fanpage Trends maj 2015\" width=\"1077\" height=\"947\" srcset=\"https:\/\/www.sotrender.com\/blog\/wp-content\/uploads\/2015\/06\/Najbardziej-anga\u017cuj\u0105cy-politycy-fanpage-trends-maj-2015.png 1077w, https:\/\/www.sotrender.com\/blog\/wp-content\/uploads\/2015\/06\/Najbardziej-anga\u017cuj\u0105cy-politycy-fanpage-trends-maj-2015-475x418.png 475w, https:\/\/www.sotrender.com\/blog\/wp-content\/uploads\/2015\/06\/Najbardziej-anga\u017cuj\u0105cy-politycy-fanpage-trends-maj-2015-768x675.png 768w, https:\/\/www.sotrender.com\/blog\/wp-content\/uploads\/2015\/06\/Najbardziej-anga\u017cuj\u0105cy-politycy-fanpage-trends-maj-2015-950x835.png 950w, https:\/\/www.sotrender.com\/blog\/wp-content\/uploads\/2015\/06\/Najbardziej-anga\u017cuj\u0105cy-politycy-fanpage-trends-maj-2015-600x528.png 600w\" sizes=\"(max-width: 1077px) 100vw, 1077px\" \/><\/a><p id=\"caption-attachment-18439\" class=\"wp-caption-text\">Najbardziej anga\u017cuj\u0105ce strony w kategorii Politycy i Partie &#8211; Fanpage Trends maj 2015<\/p><\/div>\n<p style=\"text-align: justify;\"><div class=\"shortcode trial\"><h4><span>Mierz dzia\u0142ania na Facebooku z Sotrenderem<\/span><a title=\"Wypr\u00f3buj za darmo!\" class=\"btn\" href=\"https:\/\/app.sotrender.com\/auth\/signup\/trial\/pl?utm_source=blog-cta-legacy\">Wypr\u00f3buj za darmo!<\/a><\/h4><\/div><\/p>\n<h2 style=\"text-align: justify;\">Si\u0142a nostalgii<\/h2>\n<p style=\"text-align: justify;\">Pod koniec kwietnia Grupa \u017cywiec og\u0142osi\u0142a powr\u00f3t marki EB,  elbl\u0105skiego piwa,  kt\u00f3re znikn\u0119\u0142o z rynku na pocz\u0105tku XXI wieku. Nostalgia to silne uczucie,  nic dziwnego,  \u017ce profil EB debiutuje od razu pi\u0119tnastce najwi\u0119kszych piwnych profili. 100 tys. fan\u00f3w w niewiele ponad miesi\u0105c &#8211; to naprawd\u0119 wyj\u0105tkowe osi\u0105gni\u0119cie. Profil Czas na EB (dla m\u0142odszych czytelnik\u00f3w &#8211; tak brzmia\u0142o has\u0142o reklamowe piwa) znalaz\u0142 si\u0119 r\u00f3wnie\u017c w czo\u0142\u00f3wce najbardziej anga\u017cuj\u0105cych i interaktywnych profili w swojej bran\u017cy. Co ciekawe,  \u017caden z post\u00f3w EB nie znalaz\u0142 si\u0119 w pi\u0105tce najpopularniejszych post\u00f3w. W\u015br\u00f3d nich wida\u0107 silny zwi\u0105zek piwa z pi\u0142k\u0105 no\u017cn\u0105,  posty Lecha Pils i Paulaner Polska odnosz\u0105 si\u0119 wydarze\u0144 na pi\u0142karskich stadionach i podkre\u015blaj\u0105 regionalne pochodzenie obu marek.<\/p>\n<div id=\"attachment_18437\" style=\"width: 1081px\" class=\"wp-caption aligncenter\"><a href=\"https:\/\/www.sotrender.com\/blog\/wp-content\/uploads\/2015\/06\/Najbardziej-interaktywne-piwo-fanpage-trends-maj-2015.png\"><img loading=\"lazy\" decoding=\"async\" aria-describedby=\"caption-attachment-18437\" class=\"size-full wp-image-18437\" src=\"https:\/\/www.sotrender.com\/blog\/wp-content\/uploads\/2015\/06\/Najbardziej-interaktywne-piwo-fanpage-trends-maj-2015.png\" alt=\"Najbardziej interaktywne strony w kategorii piwo - Fanpage Trends maj 2015\" width=\"1071\" height=\"930\" srcset=\"https:\/\/www.sotrender.com\/blog\/wp-content\/uploads\/2015\/06\/Najbardziej-interaktywne-piwo-fanpage-trends-maj-2015.png 1071w, https:\/\/www.sotrender.com\/blog\/wp-content\/uploads\/2015\/06\/Najbardziej-interaktywne-piwo-fanpage-trends-maj-2015-475x412.png 475w, https:\/\/www.sotrender.com\/blog\/wp-content\/uploads\/2015\/06\/Najbardziej-interaktywne-piwo-fanpage-trends-maj-2015-768x667.png 768w, https:\/\/www.sotrender.com\/blog\/wp-content\/uploads\/2015\/06\/Najbardziej-interaktywne-piwo-fanpage-trends-maj-2015-950x825.png 950w, https:\/\/www.sotrender.com\/blog\/wp-content\/uploads\/2015\/06\/Najbardziej-interaktywne-piwo-fanpage-trends-maj-2015-600x521.png 600w\" sizes=\"(max-width: 1071px) 100vw, 1071px\" \/><\/a><p id=\"caption-attachment-18437\" class=\"wp-caption-text\">Najbardziej interaktywne strony w kategorii piwo &#8211; Fanpage Trends maj 2015<\/p><\/div>\n<h2 style=\"text-align: justify;\">Ostatnie kolejki sezonu pi\u0142karskiego<\/h2>\n<p style=\"text-align: justify;\">Na samym ko\u0144cu sezonu Ekstraklasy przygl\u0105damy si\u0119 dzia\u0142aniom klub\u00f3w pi\u0142karskich na Facebooku. Niekwestionowanym liderem pod wzgl\u0119dem wielko\u015bci profilu pozostaje strona Legii Warszawa,  wyprzedzaj\u0105c Lecha Pozna\u0144 i Wis\u0142\u0119 Krak\u00f3w. W\u015br\u00f3d pi\u0119tnastu najmocniejszych klub\u00f3w na Facebooku trzy nie graj\u0105 w najwy\u017cszej klasie rozrywkowej &#8211; Widzew \u0141\u00f3d\u017a,  Arka Gdynia oraz Polonia Warszawa. Najskuteczniej swoich fan\u00f3w\/kibic\u00f3w anga\u017cuje Lech Pozna\u0144,  kt\u00f3ry w maju zaanga\u017cowa\u0142 prawie czterokrotnie wi\u0119cej u\u017cytkownik\u00f3w ni\u017c znajduj\u0105ca si\u0119 an drugim miejscu w rankingu Lechia Gda\u0144sk. Lech jest r\u00f3wnie\u017c liderem zestawienia interaktywno\u015bci. Na pozosta\u0142ych miejscach na podium w tym rankingu plasuj\u0105 si\u0119 Lechia i Jagiellonia Bia\u0142ystok. W por\u00f3wnaniu do kwietnia Legia spad\u0142a o siedem pozycji i w maju uplasowa\u0142a si\u0119 na 9. miejscu w rankingu. Najpopularniejsze posty dotycz\u0105 przede wszystkim zwyci\u0119stw,  cho\u0107 znajdziemy tu wyj\u0105tek w postaci \u017cycze\u0144 z okazji Dnia Matki z\u0142o\u017conych przez stron\u0119 Pogoni Szczecin.<\/p>\n<h2 style=\"text-align: justify;\">Negative Feedback &#8211; nowa funkcja w Sotrenderze<\/h2>\n<p style=\"text-align: justify;\">Zdarza si\u0119,  \u017ce nasze dzia\u0142ania w mediach spo\u0142eczno\u015bciowych nie przynosz\u0105 spodziewanych przez nas efekt\u00f3w. Czasem u\u017cytkownicy nie reaguj\u0105 na komunikacj\u0119 tak entuzjastycznie,  jak by\u015bmy tego chcieli. W <a href=\"http:\/\/sotrender.pl\/\"><b>Sotrenderze <\/b><\/a>wiemy,  \u017ce lepiej zapobiega\u0107 kryzysom ni\u017c je rozwi\u0105zywa\u0107,  dlatego wprowadzamy zupe\u0142nie now\u0105 funkcj\u0119,  kt\u00f3ra pozwoli Wam szybko reagowa\u0107 na negatywne reakcje u\u017cytkownik\u00f3w. Dzi\u0119ki analizie negatywnego feedbacku dowiecie si\u0119,  jakie aspekty komunikacji poprawi\u0107,  by w pe\u0142ni zadowoli\u0107 Waszych u\u017cytkownik\u00f3w. <a title=\"Nowa funkcja w Sotrenderze: analiza negatywnych reakcji\" href=\"https:\/\/www.sotrender.com\/blog\/pl\/2015\/05\/analiza-negatywnych-reakcji\/\" target=\"_blank\">Zapraszamy do test\u00f3w nowej funkcji!<\/a><\/p>\n<div id=\"attachment_18287\" style=\"width: 1665px\" class=\"wp-caption aligncenter\"><a href=\"https:\/\/www.sotrender.com\/blog\/wp-content\/uploads\/2015\/05\/negatywne-opinie.png\"><img loading=\"lazy\" decoding=\"async\" aria-describedby=\"caption-attachment-18287\" class=\"size-full wp-image-18287\" src=\"https:\/\/www.sotrender.com\/blog\/wp-content\/uploads\/2015\/05\/negatywne-opinie.png\" alt=\"Negatywne opinie w Sotrenderze\" width=\"1655\" height=\"631\" srcset=\"https:\/\/www.sotrender.com\/blog\/wp-content\/uploads\/2015\/05\/negatywne-opinie.png 1655w, https:\/\/www.sotrender.com\/blog\/wp-content\/uploads\/2015\/05\/negatywne-opinie-475x181.png 475w, https:\/\/www.sotrender.com\/blog\/wp-content\/uploads\/2015\/05\/negatywne-opinie-768x293.png 768w, https:\/\/www.sotrender.com\/blog\/wp-content\/uploads\/2015\/05\/negatywne-opinie-950x362.png 950w, https:\/\/www.sotrender.com\/blog\/wp-content\/uploads\/2015\/05\/negatywne-opinie-600x229.png 600w\" sizes=\"(max-width: 1655px) 100vw, 1655px\" \/><\/a><p id=\"caption-attachment-18287\" class=\"wp-caption-text\">Negatywny feedback w Sotrenderze<\/p><\/div>\n<h2 style=\"text-align: justify;\">Wydawcy w mediach spo\u0142eczno\u015bciowych<\/h2>\n<p style=\"text-align: justify;\">Facebook,  Twitter,  YouTube oraz inne media spo\u0142eczno\u015bciowe maj\u0105 obecnie wielkie znaczenie jako \u017ar\u00f3d\u0142o ruchu dla innych stron internetowych. W zwi\u0105zku z tym znacz\u0105ca wi\u0119kszo\u015b\u0107 medi\u00f3w i dziennikarzy aktywnie prowadzi swoje profile na platformach spo\u0142eczno\u015bciowych. Z powodu popularno\u015bci social media,  wsp\u00f3\u0142czesny dziennikarz musi si\u0119 z \u0142atwo\u015bci\u0105 po nich porusza\u0107 oraz \u015bledzi\u0107 trendy. Jednocze\u015bnie strategie i zmiany technologii najwi\u0119kszych gigant\u00f3w internetowych,  jak Google czy Facebook wp\u0142ywaj\u0105 na biznes medialny. <a title=\"Wydawcy a media spo\u0142eczno\u015bciowe [PREZENTACJA]\" href=\"https:\/\/www.sotrender.com\/blog\/pl\/2015\/05\/wydawcy-a-media-spolecznosciowe-prezentacja\/\" target=\"_blank\">Wpis jest rozszerzeniem prezentacji wyg\u0142oszonej przez Jana Zaj\u0105ca na Digital Press Days 21. maja 2015.<\/a><\/p>\n<div id=\"attachment_18219\" style=\"width: 948px\" class=\"wp-caption aligncenter\"><a href=\"https:\/\/www.sotrender.com\/blog\/wp-content\/uploads\/2015\/05\/fukrewanue.png\"><img loading=\"lazy\" decoding=\"async\" aria-describedby=\"caption-attachment-18219\" class=\"size-full wp-image-18219\" src=\"https:\/\/www.sotrender.com\/blog\/wp-content\/uploads\/2015\/05\/fukrewanue.png\" alt=\"Typy aktywno\u015bci w mediach spo\u0142eczno\u015bciowych\" width=\"938\" height=\"503\" srcset=\"https:\/\/www.sotrender.com\/blog\/wp-content\/uploads\/2015\/05\/fukrewanue.png 938w, https:\/\/www.sotrender.com\/blog\/wp-content\/uploads\/2015\/05\/fukrewanue-475x255.png 475w, https:\/\/www.sotrender.com\/blog\/wp-content\/uploads\/2015\/05\/fukrewanue-768x412.png 768w, https:\/\/www.sotrender.com\/blog\/wp-content\/uploads\/2015\/05\/fukrewanue-600x322.png 600w\" sizes=\"(max-width: 938px) 100vw, 938px\" \/><\/a><p id=\"caption-attachment-18219\" class=\"wp-caption-text\">Typy aktywno\u015bci w mediach spo\u0142eczno\u015bciowych<\/p><\/div>\n<h2 style=\"text-align: center;\"><a title=\"Kliknij,  aby rpzeczyta\u0107 raport\" href=\"http:\/\/www.sotrender.pl\/trends\/facebook\/reports\/201505\/categories\" target=\"_blank\">Zapraszamy do lektury najnowszego wydania raportu Fanpage Trends!<\/a><\/h2>\n","protected":false},"excerpt":{"rendered":"<p>Wybory prezydenckie nie zdominowa\u0142y tak mocno polskiego Facebooka jak Twittera. Oczywi\u015bcie m\u00f3wi\u0142o si\u0119 o nich bardzo du\u017co i cz\u0119sto, jednak Facebook to przede wszystkim miejsce dla tre\u015bci rozrywkowych, czyli lekkich, \u0142atwych i przyjemnych. W\u015br\u00f3d pi\u0119ciu najbardziej interaktywnych post\u00f3w miesi\u0105ca ani jeden nie jest zwi\u0105zany z polityk\u0105. Znalaz\u0142y si\u0119 za to w nich trzy wideo i [&hellip;]<\/p>\n","protected":false},"author":31,"featured_media":18445,"comment_status":"open","ping_status":"open","sticky":false,"template":"","format":"standard","meta":{"inline_featured_image":false,"footnotes":""},"categories":[1791,1797],"tags":[17,441,1579,1587,1589,1591],"yoast_head":"<!-- This site is optimized with the Yoast SEO plugin v22.4 - https:\/\/yoast.com\/wordpress\/plugins\/seo\/ -->\n<title>Fanpage Trends Maj 2015 - polityka, pi\u0142ka no\u017cna i mocne debiuty<\/title>\n<meta name=\"description\" content=\"Sotrender zaprasza do lektury majowego wydania raportu Fanpage Trends, podsumowuj\u0105cego najwa\u017cniejsze wydarzenia na Facebooku w minionym miesi\u0105cu.\" \/>\n<meta name=\"robots\" content=\"index, follow, max-snippet:-1, max-image-preview:large, max-video-preview:-1\" \/>\n<link rel=\"canonical\" href=\"https:\/\/www.sotrender.com\/blog\/pl\/2015\/06\/fanpage-trends-maj-2015\/\" \/>\n<meta property=\"og:locale\" content=\"pl_PL\" \/>\n<meta property=\"og:type\" content=\"article\" \/>\n<meta property=\"og:title\" content=\"Fanpage Trends Maj 2015 - polityka, pi\u0142ka no\u017cna i mocne debiuty\" \/>\n<meta property=\"og:description\" content=\"Sotrender zaprasza do lektury majowego wydania raportu Fanpage Trends, podsumowuj\u0105cego najwa\u017cniejsze wydarzenia na Facebooku w minionym miesi\u0105cu.\" \/>\n<meta property=\"og:url\" content=\"https:\/\/www.sotrender.com\/blog\/pl\/2015\/06\/fanpage-trends-maj-2015\/\" \/>\n<meta property=\"og:site_name\" content=\"Sotrender Blog\" \/>\n<meta property=\"article:publisher\" content=\"https:\/\/www.facebook.com\/Sotrender\" \/>\n<meta property=\"article:published_time\" content=\"2015-06-10T07:40:54+00:00\" \/>\n<meta property=\"article:modified_time\" content=\"2015-12-01T20:23:14+00:00\" \/>\n<meta property=\"og:image\" content=\"https:\/\/www.sotrender.com\/blog\/wp-content\/uploads\/2015\/06\/fanpage-trends-featyred.jpg\" \/>\n\t<meta property=\"og:image:width\" content=\"1600\" \/>\n\t<meta property=\"og:image:height\" content=\"700\" \/>\n\t<meta property=\"og:image:type\" content=\"image\/jpeg\" \/>\n<meta name=\"author\" content=\"Aleksandra Prejs\" \/>\n<meta name=\"twitter:card\" content=\"summary_large_image\" \/>\n<meta name=\"twitter:creator\" content=\"@Sotrender\" \/>\n<meta name=\"twitter:site\" content=\"@Sotrender\" \/>\n<meta name=\"twitter:label1\" content=\"Written by\" \/>\n\t<meta name=\"twitter:data1\" content=\"Aleksandra Prejs\" \/>\n\t<meta name=\"twitter:label2\" content=\"Est. reading time\" \/>\n\t<meta name=\"twitter:data2\" content=\"5 minutes\" \/>\n<script type=\"application\/ld+json\" class=\"yoast-schema-graph\">{\"@context\":\"https:\/\/schema.org\",\"@graph\":[{\"@type\":\"WebPage\",\"@id\":\"https:\/\/www.sotrender.com\/blog\/pl\/2015\/06\/fanpage-trends-maj-2015\/\",\"url\":\"https:\/\/www.sotrender.com\/blog\/pl\/2015\/06\/fanpage-trends-maj-2015\/\",\"name\":\"Fanpage Trends Maj 2015 - polityka, pi\u0142ka no\u017cna i mocne debiuty\",\"isPartOf\":{\"@id\":\"https:\/\/www.sotrender.com\/blog\/#website\"},\"primaryImageOfPage\":{\"@id\":\"https:\/\/www.sotrender.com\/blog\/pl\/2015\/06\/fanpage-trends-maj-2015\/#primaryimage\"},\"image\":{\"@id\":\"https:\/\/www.sotrender.com\/blog\/pl\/2015\/06\/fanpage-trends-maj-2015\/#primaryimage\"},\"thumbnailUrl\":\"https:\/\/www.sotrender.com\/blog\/wp-content\/uploads\/2015\/06\/fanpage-trends-featyred.jpg\",\"datePublished\":\"2015-06-10T07:40:54+00:00\",\"dateModified\":\"2015-12-01T20:23:14+00:00\",\"author\":{\"@id\":\"https:\/\/www.sotrender.com\/blog\/#\/schema\/person\/7106df62825269bc360ad9171cd7149b\"},\"description\":\"Sotrender zaprasza do lektury majowego wydania raportu Fanpage Trends, podsumowuj\u0105cego najwa\u017cniejsze wydarzenia na Facebooku w minionym miesi\u0105cu.\",\"breadcrumb\":{\"@id\":\"https:\/\/www.sotrender.com\/blog\/pl\/2015\/06\/fanpage-trends-maj-2015\/#breadcrumb\"},\"inLanguage\":\"pl-PL\",\"potentialAction\":[{\"@type\":\"ReadAction\",\"target\":[\"https:\/\/www.sotrender.com\/blog\/pl\/2015\/06\/fanpage-trends-maj-2015\/\"]}]},{\"@type\":\"ImageObject\",\"inLanguage\":\"pl-PL\",\"@id\":\"https:\/\/www.sotrender.com\/blog\/pl\/2015\/06\/fanpage-trends-maj-2015\/#primaryimage\",\"url\":\"https:\/\/www.sotrender.com\/blog\/wp-content\/uploads\/2015\/06\/fanpage-trends-featyred.jpg\",\"contentUrl\":\"https:\/\/www.sotrender.com\/blog\/wp-content\/uploads\/2015\/06\/fanpage-trends-featyred.jpg\",\"width\":1600,\"height\":700},{\"@type\":\"BreadcrumbList\",\"@id\":\"https:\/\/www.sotrender.com\/blog\/pl\/2015\/06\/fanpage-trends-maj-2015\/#breadcrumb\",\"itemListElement\":[{\"@type\":\"ListItem\",\"position\":1,\"name\":\"Home\",\"item\":\"https:\/\/www.sotrender.com\/blog\/\"},{\"@type\":\"ListItem\",\"position\":2,\"name\":\"Fanpage Trends Maj 2015 &#8211; polityka, pi\u0142ka no\u017cna i mocne debiuty\"}]},{\"@type\":\"WebSite\",\"@id\":\"https:\/\/www.sotrender.com\/blog\/#website\",\"url\":\"https:\/\/www.sotrender.com\/blog\/\",\"name\":\"Sotrender Blog\",\"description\":\"\",\"potentialAction\":[{\"@type\":\"SearchAction\",\"target\":{\"@type\":\"EntryPoint\",\"urlTemplate\":\"https:\/\/www.sotrender.com\/blog\/?s={search_term_string}\"},\"query-input\":\"required name=search_term_string\"}],\"inLanguage\":\"pl-PL\"},{\"@type\":\"Person\",\"@id\":\"https:\/\/www.sotrender.com\/blog\/#\/schema\/person\/7106df62825269bc360ad9171cd7149b\",\"name\":\"Aleksandra Prejs\",\"image\":{\"@type\":\"ImageObject\",\"inLanguage\":\"pl-PL\",\"@id\":\"https:\/\/www.sotrender.com\/blog\/#\/schema\/person\/image\/\",\"url\":\"https:\/\/secure.gravatar.com\/avatar\/469000454b77ff0aacb32c49dba023be?s=96&d=mm&r=g\",\"contentUrl\":\"https:\/\/secure.gravatar.com\/avatar\/469000454b77ff0aacb32c49dba023be?s=96&d=mm&r=g\",\"caption\":\"Aleksandra Prejs\"},\"url\":\"https:\/\/www.sotrender.com\/blog\/pl\/author\/aleksandra-prejs\/\"}]}<\/script>\n<!-- \/ Yoast SEO plugin. -->","yoast_head_json":{"title":"Fanpage Trends Maj 2015 - polityka, pi\u0142ka no\u017cna i mocne debiuty","description":"Sotrender zaprasza do lektury majowego wydania raportu Fanpage Trends, podsumowuj\u0105cego najwa\u017cniejsze wydarzenia na Facebooku w minionym miesi\u0105cu.","robots":{"index":"index","follow":"follow","max-snippet":"max-snippet:-1","max-image-preview":"max-image-preview:large","max-video-preview":"max-video-preview:-1"},"canonical":"https:\/\/www.sotrender.com\/blog\/pl\/2015\/06\/fanpage-trends-maj-2015\/","og_locale":"pl_PL","og_type":"article","og_title":"Fanpage Trends Maj 2015 - polityka, pi\u0142ka no\u017cna i mocne debiuty","og_description":"Sotrender zaprasza do lektury majowego wydania raportu Fanpage Trends, podsumowuj\u0105cego najwa\u017cniejsze wydarzenia na Facebooku w minionym miesi\u0105cu.","og_url":"https:\/\/www.sotrender.com\/blog\/pl\/2015\/06\/fanpage-trends-maj-2015\/","og_site_name":"Sotrender Blog","article_publisher":"https:\/\/www.facebook.com\/Sotrender","article_published_time":"2015-06-10T07:40:54+00:00","article_modified_time":"2015-12-01T20:23:14+00:00","og_image":[{"width":1600,"height":700,"url":"https:\/\/www.sotrender.com\/blog\/wp-content\/uploads\/2015\/06\/fanpage-trends-featyred.jpg","type":"image\/jpeg"}],"author":"Aleksandra Prejs","twitter_card":"summary_large_image","twitter_creator":"@Sotrender","twitter_site":"@Sotrender","twitter_misc":{"Written by":"Aleksandra Prejs","Est. reading time":"5 minutes"},"schema":{"@context":"https:\/\/schema.org","@graph":[{"@type":"WebPage","@id":"https:\/\/www.sotrender.com\/blog\/pl\/2015\/06\/fanpage-trends-maj-2015\/","url":"https:\/\/www.sotrender.com\/blog\/pl\/2015\/06\/fanpage-trends-maj-2015\/","name":"Fanpage Trends Maj 2015 - polityka, pi\u0142ka no\u017cna i mocne debiuty","isPartOf":{"@id":"https:\/\/www.sotrender.com\/blog\/#website"},"primaryImageOfPage":{"@id":"https:\/\/www.sotrender.com\/blog\/pl\/2015\/06\/fanpage-trends-maj-2015\/#primaryimage"},"image":{"@id":"https:\/\/www.sotrender.com\/blog\/pl\/2015\/06\/fanpage-trends-maj-2015\/#primaryimage"},"thumbnailUrl":"https:\/\/www.sotrender.com\/blog\/wp-content\/uploads\/2015\/06\/fanpage-trends-featyred.jpg","datePublished":"2015-06-10T07:40:54+00:00","dateModified":"2015-12-01T20:23:14+00:00","author":{"@id":"https:\/\/www.sotrender.com\/blog\/#\/schema\/person\/7106df62825269bc360ad9171cd7149b"},"description":"Sotrender zaprasza do lektury majowego wydania raportu Fanpage Trends, podsumowuj\u0105cego najwa\u017cniejsze wydarzenia na Facebooku w minionym miesi\u0105cu.","breadcrumb":{"@id":"https:\/\/www.sotrender.com\/blog\/pl\/2015\/06\/fanpage-trends-maj-2015\/#breadcrumb"},"inLanguage":"pl-PL","potentialAction":[{"@type":"ReadAction","target":["https:\/\/www.sotrender.com\/blog\/pl\/2015\/06\/fanpage-trends-maj-2015\/"]}]},{"@type":"ImageObject","inLanguage":"pl-PL","@id":"https:\/\/www.sotrender.com\/blog\/pl\/2015\/06\/fanpage-trends-maj-2015\/#primaryimage","url":"https:\/\/www.sotrender.com\/blog\/wp-content\/uploads\/2015\/06\/fanpage-trends-featyred.jpg","contentUrl":"https:\/\/www.sotrender.com\/blog\/wp-content\/uploads\/2015\/06\/fanpage-trends-featyred.jpg","width":1600,"height":700},{"@type":"BreadcrumbList","@id":"https:\/\/www.sotrender.com\/blog\/pl\/2015\/06\/fanpage-trends-maj-2015\/#breadcrumb","itemListElement":[{"@type":"ListItem","position":1,"name":"Home","item":"https:\/\/www.sotrender.com\/blog\/"},{"@type":"ListItem","position":2,"name":"Fanpage Trends Maj 2015 &#8211; polityka, pi\u0142ka no\u017cna i mocne debiuty"}]},{"@type":"WebSite","@id":"https:\/\/www.sotrender.com\/blog\/#website","url":"https:\/\/www.sotrender.com\/blog\/","name":"Sotrender Blog","description":"","potentialAction":[{"@type":"SearchAction","target":{"@type":"EntryPoint","urlTemplate":"https:\/\/www.sotrender.com\/blog\/?s={search_term_string}"},"query-input":"required name=search_term_string"}],"inLanguage":"pl-PL"},{"@type":"Person","@id":"https:\/\/www.sotrender.com\/blog\/#\/schema\/person\/7106df62825269bc360ad9171cd7149b","name":"Aleksandra Prejs","image":{"@type":"ImageObject","inLanguage":"pl-PL","@id":"https:\/\/www.sotrender.com\/blog\/#\/schema\/person\/image\/","url":"https:\/\/secure.gravatar.com\/avatar\/469000454b77ff0aacb32c49dba023be?s=96&d=mm&r=g","contentUrl":"https:\/\/secure.gravatar.com\/avatar\/469000454b77ff0aacb32c49dba023be?s=96&d=mm&r=g","caption":"Aleksandra Prejs"},"url":"https:\/\/www.sotrender.com\/blog\/pl\/author\/aleksandra-prejs\/"}]}},"_links":{"self":[{"href":"https:\/\/www.sotrender.com\/blog\/pl\/wp-json\/wp\/v2\/posts\/18429"}],"collection":[{"href":"https:\/\/www.sotrender.com\/blog\/pl\/wp-json\/wp\/v2\/posts"}],"about":[{"href":"https:\/\/www.sotrender.com\/blog\/pl\/wp-json\/wp\/v2\/types\/post"}],"author":[{"embeddable":true,"href":"https:\/\/www.sotrender.com\/blog\/pl\/wp-json\/wp\/v2\/users\/31"}],"replies":[{"embeddable":true,"href":"https:\/\/www.sotrender.com\/blog\/pl\/wp-json\/wp\/v2\/comments?post=18429"}],"version-history":[{"count":6,"href":"https:\/\/www.sotrender.com\/blog\/pl\/wp-json\/wp\/v2\/posts\/18429\/revisions"}],"predecessor-version":[{"id":18457,"href":"https:\/\/www.sotrender.com\/blog\/pl\/wp-json\/wp\/v2\/posts\/18429\/revisions\/18457"}],"wp:featuredmedia":[{"embeddable":true,"href":"https:\/\/www.sotrender.com\/blog\/pl\/wp-json\/wp\/v2\/media\/18445"}],"wp:attachment":[{"href":"https:\/\/www.sotrender.com\/blog\/pl\/wp-json\/wp\/v2\/media?parent=18429"}],"wp:term":[{"taxonomy":"category","embeddable":true,"href":"https:\/\/www.sotrender.com\/blog\/pl\/wp-json\/wp\/v2\/categories?post=18429"},{"taxonomy":"post_tag","embeddable":true,"href":"https:\/\/www.sotrender.com\/blog\/pl\/wp-json\/wp\/v2\/tags?post=18429"}],"curies":[{"name":"wp","href":"https:\/\/api.w.org\/{rel}","templated":true}]}}