{"id":18385,"date":"2015-06-03T14:20:00","date_gmt":"2015-06-03T13:20:00","guid":{"rendered":"http:\/\/blog.sotrender.com\/?p=18385"},"modified":"2015-12-01T21:24:57","modified_gmt":"2015-12-01T20:24:57","slug":"twitter-trends-maj-2015","status":"publish","type":"post","link":"https:\/\/www.sotrender.com\/blog\/pl\/2015\/06\/twitter-trends-maj-2015\/","title":{"rendered":"Twitter Trends Maj 2015 &#8211; #CzasDecyzji i pi\u0142karska gor\u0105czka"},"content":{"rendered":"<p style=\"text-align: justify;\">To by\u0142o do przewidzenia,  maj na Twitterze w Polsce up\u0142yn\u0105\u0142 pod znakiem wybor\u00f3w prezydenckich. Nie spodziewali\u015bmy si\u0119 jednak,  \u017ce tematyczna dominacja polityki b\u0119dzie a\u017c tak znacz\u0105ca. Uleg\u0142 jej nawet Dawid Kwiatkowski,  kt\u00f3ry po raz pierwszy od \u0142adnych paru miesi\u0119cy nie wys\u0142a\u0142 ani jednego z pi\u0119ciu najbardziej interaktywnych tweet\u00f3w. Co z kolei nie dziwi,  najcz\u0119\u015bciej u\u017cywanymi tagami miesi\u0105ca by\u0142y <strong>#debata<\/strong>,  <strong>#CzasDecyzji<\/strong> oraz <strong>#wybory2015<\/strong>. Z kolei fina\u0142 konkursu Eurowizji i hashtag #Eurovision2015 cieszy\u0142 si\u0119 mniejsz\u0105 popularno\u015bci\u0105 ni\u017c kongres za\u0142o\u017cycielski ruchu NowoczesnaPL. Najwi\u0119ksz\u0105 aktywno\u015bci\u0105 twitterowicze wykazali si\u0119 21. maja,  w dniu drugiej debaty mi\u0119dzy Bronis\u0142awem Komorowskim a Andrzejem Dud\u0105,  kiedy to wys\u0142ali o 40% wi\u0119cej tweet\u00f3w ni\u017c zwykle. Co ciekawe,  najlepszy tweet miesi\u0105ca nie by\u0142 wcale zwi\u0105zany z polityk\u0105. Jego autorem by\u0142 Robert Lewandowski og\u0142aszaj\u0105cy powr\u00f3t na muraw\u0119 po kontuzji,  jakiej dozna\u0142 w p\u00f3\u0142finale Pucharu Niemiec. Co jeszcze dzia\u0142o si\u0119 na Twitterze w maju? <b><a title=\"Kliknij,  aby przej\u015b\u0107 do raportu\" href=\"http:\/\/sotrender.pl\/tends\/twitter\" target=\"_blank\">Zapraszamy do lektury majowego wydania raportu Twitter Trends<\/a> przygotowanego przez <a title=\"Kliknij,  aby przej\u015b\u0107 do strony\" href=\"http:\/\/sotrender.pl\" target=\"_blank\">Sotrender<\/a>!<\/b><br \/>\n<!--more--><\/p>\n<div id=\"attachment_18387\" style=\"width: 2989px\" class=\"wp-caption aligncenter\"><a href=\"https:\/\/www.sotrender.com\/blog\/wp-content\/uploads\/2015\/06\/demografiaTT.png\"><img loading=\"lazy\" decoding=\"async\" aria-describedby=\"caption-attachment-18387\" class=\"size-full wp-image-18387\" src=\"https:\/\/www.sotrender.com\/blog\/wp-content\/uploads\/2015\/06\/demografiaTT.png\" alt=\"U\u017cytkownicy Twittera - YouTube Trends maj 2015\" width=\"2979\" height=\"1261\" srcset=\"https:\/\/www.sotrender.com\/blog\/wp-content\/uploads\/2015\/06\/demografiaTT.png 2979w, https:\/\/www.sotrender.com\/blog\/wp-content\/uploads\/2015\/06\/demografiaTT-475x201.png 475w, https:\/\/www.sotrender.com\/blog\/wp-content\/uploads\/2015\/06\/demografiaTT-768x325.png 768w, https:\/\/www.sotrender.com\/blog\/wp-content\/uploads\/2015\/06\/demografiaTT-950x402.png 950w, https:\/\/www.sotrender.com\/blog\/wp-content\/uploads\/2015\/06\/demografiaTT-600x254.png 600w\" sizes=\"(max-width: 2979px) 100vw, 2979px\" \/><\/a><p id=\"caption-attachment-18387\" class=\"wp-caption-text\">U\u017cytkownicy Twittera &#8211; YouTube Trends maj 2015<\/p><\/div>\n<h2 style=\"text-align: justify;\">Trudne majowe wybory Polak\u00f3w<\/h2>\n<p style=\"text-align: justify;\">W maju tematem numer jeden na Twitterze by\u0142y oczywi\u015bcie wybory prezydenckie. Wi\u0119kszo\u015b\u0107 najpopularniejszych hashtag\u00f3w w poszczeg\u00f3lnych dniach odnosi\u0142a si\u0119 albo do samych wybor\u00f3w,  albo do debat im towarzysz\u0105cych. I tak #debata by\u0142a najcz\u0119\u015bciej u\u017cywanym tagiem 5. maja. (dzie\u0144 debaty przed pierwsz\u0105 tur\u0105),  6. maja. oraz 17. (dzie\u0144 pierwszej debaty przed drug\u0105 tur\u0105) i 18. maja. Natomiast relacje i opinie dotycz\u0105ce drugiej debaty prezydenckiej by\u0142y tagowane przede wszystkim jako #CzasDecyzji i to w\u0142a\u015bnie ten hashtag by\u0142 najcz\u0119\u015bciej u\u017cywany w dniu spotkania kandydat\u00f3w na prezydenta w TVN24. W\u015br\u00f3d pi\u0119ciu najbardziej interaktywnych tweet\u00f3w maja dwa odnosz\u0105 si\u0119 do wybor\u00f3w. Nie wszystkie powa\u017cnie i bezpo\u015brednio,  jak chocia\u017cby \u0107wierkni\u0119cie profilu podwarszawskiego lotniska Modlin,  kt\u00f3re sta\u0142o si\u0119 sztandarowym przyk\u0142adem real-time-marketingu z przymru\u017ceniem oka w wydaniu lokalnym. O polityce pisali nie tylko twitterowicze z ni\u0105 zwi\u0105zani. Zn\u00f3w g\u0142os w tej sprawie zabra\u0142 Krzysztof Stanowski,  dziennikarz sportowy,  kt\u00f3ry ponownie znalaz\u0142 si\u0119 na szczycie ranking\u00f3w najbardziej anga\u017cuj\u0105cych\u00a0wspominanych polskich dziennikarzy.<\/p>\n<div id=\"attachment_18389\" style=\"width: 1084px\" class=\"wp-caption aligncenter\"><a href=\"https:\/\/www.sotrender.com\/blog\/wp-content\/uploads\/2015\/06\/najbardziej-anga\u017cuj\u0105cy-dziennikarze-Twitter-Trends-maj-2015.png\"><img loading=\"lazy\" decoding=\"async\" aria-describedby=\"caption-attachment-18389\" class=\"size-full wp-image-18389\" src=\"https:\/\/www.sotrender.com\/blog\/wp-content\/uploads\/2015\/06\/najbardziej-anga\u017cuj\u0105cy-dziennikarze-Twitter-Trends-maj-2015.png\" alt=\"Najbardziej anga\u017cuj\u0105cy dziennikarze - Sotrender Twitter Trends maj 2015\" width=\"1074\" height=\"930\" srcset=\"https:\/\/www.sotrender.com\/blog\/wp-content\/uploads\/2015\/06\/najbardziej-anga\u017cuj\u0105cy-dziennikarze-Twitter-Trends-maj-2015.png 1074w, https:\/\/www.sotrender.com\/blog\/wp-content\/uploads\/2015\/06\/najbardziej-anga\u017cuj\u0105cy-dziennikarze-Twitter-Trends-maj-2015-475x411.png 475w, https:\/\/www.sotrender.com\/blog\/wp-content\/uploads\/2015\/06\/najbardziej-anga\u017cuj\u0105cy-dziennikarze-Twitter-Trends-maj-2015-768x665.png 768w, https:\/\/www.sotrender.com\/blog\/wp-content\/uploads\/2015\/06\/najbardziej-anga\u017cuj\u0105cy-dziennikarze-Twitter-Trends-maj-2015-950x823.png 950w, https:\/\/www.sotrender.com\/blog\/wp-content\/uploads\/2015\/06\/najbardziej-anga\u017cuj\u0105cy-dziennikarze-Twitter-Trends-maj-2015-600x520.png 600w\" sizes=\"(max-width: 1074px) 100vw, 1074px\" \/><\/a><p id=\"caption-attachment-18389\" class=\"wp-caption-text\">Najbardziej anga\u017cuj\u0105cy dziennikarze &#8211; Twitter Trends maj 2015<\/p><\/div>\n<p style=\"text-align: justify;\"><div class=\"shortcode trial\"><h4><span>Mierz dzia\u0142ania na Twitterze z Sotrenderem<\/span><a title=\"Wypr\u00f3buj za darmo!\" class=\"btn\" href=\"https:\/\/app.sotrender.com\/auth\/signup\/trial\/pl?utm_source=blog-cta-legacy\">Wypr\u00f3buj za darmo!<\/a><\/h4><\/div><\/p>\n<p style=\"text-align: justify;\">O przedwyborczym krajobrazie polskich medi\u00f3w spo\u0142eczno\u015bciowych <a title=\"Kampania prezydencka w social media \u2013 kto wygrywa w wy\u015bcigu do Pa\u0142acu Prezydenckiego?\" href=\"https:\/\/www.sotrender.com\/blog\/pl\/2015\/04\/kampania-prezydencka-w-social-media\/\" target=\"_blank\">pisali\u015bmy w dw\u00f3ch analizach<\/a> dost\u0119pnych na <a title=\"Kampania prezydencka w social media \u2013 raport Sotrender\" href=\"https:\/\/www.sotrender.com\/blog\/pl\/2015\/05\/kampania-prezydencka-w-social-media-2\/\" target=\"_blank\">naszym blogu<\/a>. Zwyci\u0119zc\u0105 prezydenckiego pojedynku na Twitterze,  podobnie,  jak przy urnach wyborczych zosta\u0142 Andrzej Duda. Profil prezydenta elekta w maju podwoi\u0142 liczb\u0119 obserwuj\u0105cych,  trafiaj\u0105c do pi\u0119tnastki najwi\u0119kszych polskich profili politycznych. Andrzej Duda w maju tweetowa\u0142 niezbyt cz\u0119sto,  ale bardzo skutecznie,  idealnie trafiaj\u0105c do swoich odbiorc\u00f3w. Na ka\u017cdy jego tweet przypada\u0142o \u015brednio 3, 7 tys. aktywno\u015bci u\u017cytkownik\u00f3w Twittera. Dla por\u00f3wnania na ka\u017cdy tweet profilu Bronis\u0142awa Komorowskiego przypada\u0142o \u015brednio 73 aktywno\u015bci.<\/p>\n<div id=\"attachment_18391\" style=\"width: 1100px\" class=\"wp-caption aligncenter\"><a href=\"https:\/\/www.sotrender.com\/blog\/wp-content\/uploads\/2015\/06\/najbardziej-anga\u017cuj\u0105cy-politycy-Twitter-Trends-maj-2015.png\"><img loading=\"lazy\" decoding=\"async\" aria-describedby=\"caption-attachment-18391\" class=\"size-full wp-image-18391\" src=\"https:\/\/www.sotrender.com\/blog\/wp-content\/uploads\/2015\/06\/najbardziej-anga\u017cuj\u0105cy-politycy-Twitter-Trends-maj-2015.png\" alt=\"Najbardziej anga\u017cuj\u0105ce profile polityczne - Sotrender Twitter Trends 2015\" width=\"1090\" height=\"943\" srcset=\"https:\/\/www.sotrender.com\/blog\/wp-content\/uploads\/2015\/06\/najbardziej-anga\u017cuj\u0105cy-politycy-Twitter-Trends-maj-2015.png 1090w, https:\/\/www.sotrender.com\/blog\/wp-content\/uploads\/2015\/06\/najbardziej-anga\u017cuj\u0105cy-politycy-Twitter-Trends-maj-2015-475x411.png 475w, https:\/\/www.sotrender.com\/blog\/wp-content\/uploads\/2015\/06\/najbardziej-anga\u017cuj\u0105cy-politycy-Twitter-Trends-maj-2015-768x664.png 768w, https:\/\/www.sotrender.com\/blog\/wp-content\/uploads\/2015\/06\/najbardziej-anga\u017cuj\u0105cy-politycy-Twitter-Trends-maj-2015-950x822.png 950w, https:\/\/www.sotrender.com\/blog\/wp-content\/uploads\/2015\/06\/najbardziej-anga\u017cuj\u0105cy-politycy-Twitter-Trends-maj-2015-600x519.png 600w\" sizes=\"(max-width: 1090px) 100vw, 1090px\" \/><\/a><p id=\"caption-attachment-18391\" class=\"wp-caption-text\">Najbardziej anga\u017cuj\u0105ce profile polityczne &#8211; Twitter Trends 2015<\/p><\/div>\n<p style=\"text-align: justify;\">Wybory prezydenckie wp\u0142yn\u0119\u0142y r\u00f3wnie\u017c na pozycje i aktywno\u015b\u0107 niekt\u00f3rych tytu\u0142\u00f3w prasowych. Kojarzona z praw\u0105 strony sceny politycznej Rzeczpospolita zanotowa\u0142a w maju awanse w kategoriach zaanga\u017cowania i liczby wspomnie\u0144,  co mo\u017cna t\u0142umaczy\u0107 relacjonowaniem kampanii wyborczej. Podobnie du\u017ce wzrosty wida\u0107 w przypadku lewicowej Krytyki Politycznej &#8211; tu przyczyn\u0119 mo\u017cna upatrywa\u0107 w coraz g\u0142o\u015bniejszym wyra\u017caniem sprzeciwu wobec panuj\u0105cego porz\u0105dku w polskiej polityce. Co ciekawe,  w rankingu najcz\u0119\u015bciej wspominanych profili prasowych o sze\u015b\u0107 miejsc spad\u0142 profil Tygodnika w Sieci,  kt\u00f3ry jednocze\u015bnie awansowa\u0142 o jedno miejsce pod wzgl\u0119dem liczby obserwuj\u0105cych.<\/p>\n<h2 style=\"text-align: justify;\">Maj pod znakiem pi\u0142ki<\/h2>\n<p style=\"text-align: justify;\">Podobne do przedwyborczych emocje na polskim Twitterze w maju wzbudza\u0142y wydarzenia rozgrywaj\u0105ce si\u0119 na europejskich stadionach. Ostatnie tygodnie zdecydowanie nale\u017ca\u0142y do Grzegorza Krychowiaka,  kt\u00f3ry przyczyni\u0142 si\u0119 do zdobycia przez Sevill\u0119 pucharu Ligi Europy. Sukcesy pi\u0142karza na boisku zdecydowanie prze\u0142o\u017cy\u0142y si\u0119 na wzrost jego popularno\u015bci na Twitterze. Krychowiak by\u0142 w maju autorem drugiego najpopularniejszego tweeta miesi\u0105ca,  (autorem dw\u00f3ch pozosta\u0142ych z trzech najbardziej interaktywnych wpis\u00f3w maja by\u0142 dla odmiany Robert Lewandowski),  skoczy\u0142 o 14 pozycji w rankingu najbardziej anga\u017cuj\u0105cych profili polskoj\u0119zycznych oraz o 26 miejsc w zestawieniu pod wzgl\u0119dem aktywno\u015bci. Znacz\u0105co awansowa\u0142 r\u00f3wnie\u017c w zestawieniu najbardziej anga\u017cuj\u0105cych profili sportowych i w maju znalaz\u0142 si\u0119 na jego czele. Ma\u0142o tego,  Krychowiak wspi\u0105\u0142 si\u0119 r\u00f3wnie\u017c o 14 miejsc w rankingu najcz\u0119\u015bciej wspominanych profili sportowych. Wszystko za spraw\u0105 tweeta,  w kt\u00f3rym \u015bpiewa hymn swojego klubu po jego zwyci\u0119stwie z ukrai\u0144skim Dnipro Dniepropietrowskiem.<\/p>\n<div id=\"attachment_18403\" style=\"width: 1090px\" class=\"wp-caption aligncenter\"><a href=\"https:\/\/www.sotrender.com\/blog\/wp-content\/uploads\/2015\/06\/najlepsze-tweety-maj-2015.png\"><img loading=\"lazy\" decoding=\"async\" aria-describedby=\"caption-attachment-18403\" class=\"size-full wp-image-18403\" src=\"https:\/\/www.sotrender.com\/blog\/wp-content\/uploads\/2015\/06\/najlepsze-tweety-maj-2015.png\" alt=\"Najlepsze tweety - Twitter Trends maj 2015\" width=\"1080\" height=\"940\" srcset=\"https:\/\/www.sotrender.com\/blog\/wp-content\/uploads\/2015\/06\/najlepsze-tweety-maj-2015.png 1080w, https:\/\/www.sotrender.com\/blog\/wp-content\/uploads\/2015\/06\/najlepsze-tweety-maj-2015-475x413.png 475w, https:\/\/www.sotrender.com\/blog\/wp-content\/uploads\/2015\/06\/najlepsze-tweety-maj-2015-768x668.png 768w, https:\/\/www.sotrender.com\/blog\/wp-content\/uploads\/2015\/06\/najlepsze-tweety-maj-2015-950x827.png 950w, https:\/\/www.sotrender.com\/blog\/wp-content\/uploads\/2015\/06\/najlepsze-tweety-maj-2015-600x522.png 600w\" sizes=\"(max-width: 1080px) 100vw, 1080px\" \/><\/a><p id=\"caption-attachment-18403\" class=\"wp-caption-text\">Najlepsze tweety &#8211; Twitter Trends maj 2015<\/p><\/div>\n<h2 style=\"text-align: center;\"><a title=\"Kliknij,  aby przej\u015b\u0107 do raportu\" href=\"http:\/\/sotrender.pl\/trends\/twitter\" target=\"_blank\">Przeczytaj majowe wydanie raportu Twitter Trends przygotowanego przez Sotrender!<\/a><\/h2>\n","protected":false},"excerpt":{"rendered":"<p>To by\u0142o do przewidzenia, maj na Twitterze w Polsce up\u0142yn\u0105\u0142 pod znakiem wybor\u00f3w prezydenckich. Nie spodziewali\u015bmy si\u0119 jednak, \u017ce tematyczna dominacja polityki b\u0119dzie a\u017c tak znacz\u0105ca. Uleg\u0142 jej nawet Dawid Kwiatkowski, kt\u00f3ry po raz pierwszy od \u0142adnych paru miesi\u0119cy nie wys\u0142a\u0142 ani jednego z pi\u0119ciu najbardziej interaktywnych tweet\u00f3w. Co z kolei nie dziwi, najcz\u0119\u015bciej u\u017cywanymi [&hellip;]<\/p>\n","protected":false},"author":31,"featured_media":14993,"comment_status":"open","ping_status":"open","sticky":false,"template":"","format":"standard","meta":{"inline_featured_image":false,"footnotes":""},"categories":[1791,1799],"tags":[725,889,1551,1553,1579,1581,1583,1585],"yoast_head":"<!-- This site is optimized with the Yoast SEO plugin v22.4 - https:\/\/yoast.com\/wordpress\/plugins\/seo\/ -->\n<title>Twitter Trends Maj 2015 - #CzasDecyzji i pi\u0142karska gor\u0105czka<\/title>\n<meta name=\"description\" content=\"Maj na Twitterze zdominowa\u0142y dwa tematy - polityka i pi\u0142ka no\u017cna. Co jeszcze dzia\u0142o si\u0119 w maju - dowiecie si\u0119 z raportu Twitter Trends!\" \/>\n<meta name=\"robots\" content=\"index, follow, max-snippet:-1, max-image-preview:large, max-video-preview:-1\" \/>\n<link rel=\"canonical\" href=\"https:\/\/www.sotrender.com\/blog\/pl\/2015\/06\/twitter-trends-maj-2015\/\" \/>\n<meta property=\"og:locale\" content=\"pl_PL\" \/>\n<meta property=\"og:type\" content=\"article\" \/>\n<meta property=\"og:title\" content=\"Twitter Trends Maj 2015 - #CzasDecyzji i pi\u0142karska gor\u0105czka\" \/>\n<meta property=\"og:description\" content=\"Maj na Twitterze zdominowa\u0142y dwa tematy - polityka i pi\u0142ka no\u017cna. Co jeszcze dzia\u0142o si\u0119 w maju - dowiecie si\u0119 z raportu Twitter Trends!\" \/>\n<meta property=\"og:url\" content=\"https:\/\/www.sotrender.com\/blog\/pl\/2015\/06\/twitter-trends-maj-2015\/\" \/>\n<meta property=\"og:site_name\" content=\"Sotrender Blog\" \/>\n<meta property=\"article:publisher\" content=\"https:\/\/www.facebook.com\/Sotrender\" \/>\n<meta property=\"article:published_time\" content=\"2015-06-03T13:20:00+00:00\" \/>\n<meta property=\"article:modified_time\" content=\"2015-12-01T20:24:57+00:00\" \/>\n<meta property=\"og:image\" content=\"https:\/\/www.sotrender.com\/blog\/wp-content\/uploads\/2014\/10\/twitter_trends.jpg\" \/>\n\t<meta property=\"og:image:width\" content=\"1600\" \/>\n\t<meta property=\"og:image:height\" content=\"700\" \/>\n\t<meta property=\"og:image:type\" content=\"image\/jpeg\" \/>\n<meta name=\"author\" content=\"Aleksandra Prejs\" \/>\n<meta name=\"twitter:card\" content=\"summary_large_image\" \/>\n<meta name=\"twitter:creator\" content=\"@Sotrender\" \/>\n<meta name=\"twitter:site\" content=\"@Sotrender\" \/>\n<meta name=\"twitter:label1\" content=\"Written by\" \/>\n\t<meta name=\"twitter:data1\" content=\"Aleksandra Prejs\" \/>\n\t<meta name=\"twitter:label2\" content=\"Est. reading time\" \/>\n\t<meta name=\"twitter:data2\" content=\"4 minutes\" \/>\n<script type=\"application\/ld+json\" class=\"yoast-schema-graph\">{\"@context\":\"https:\/\/schema.org\",\"@graph\":[{\"@type\":\"WebPage\",\"@id\":\"https:\/\/www.sotrender.com\/blog\/pl\/2015\/06\/twitter-trends-maj-2015\/\",\"url\":\"https:\/\/www.sotrender.com\/blog\/pl\/2015\/06\/twitter-trends-maj-2015\/\",\"name\":\"Twitter Trends Maj 2015 - #CzasDecyzji i pi\u0142karska gor\u0105czka\",\"isPartOf\":{\"@id\":\"https:\/\/www.sotrender.com\/blog\/#website\"},\"primaryImageOfPage\":{\"@id\":\"https:\/\/www.sotrender.com\/blog\/pl\/2015\/06\/twitter-trends-maj-2015\/#primaryimage\"},\"image\":{\"@id\":\"https:\/\/www.sotrender.com\/blog\/pl\/2015\/06\/twitter-trends-maj-2015\/#primaryimage\"},\"thumbnailUrl\":\"https:\/\/www.sotrender.com\/blog\/wp-content\/uploads\/2014\/10\/twitter_trends.jpg\",\"datePublished\":\"2015-06-03T13:20:00+00:00\",\"dateModified\":\"2015-12-01T20:24:57+00:00\",\"author\":{\"@id\":\"https:\/\/www.sotrender.com\/blog\/#\/schema\/person\/7106df62825269bc360ad9171cd7149b\"},\"description\":\"Maj na Twitterze zdominowa\u0142y dwa tematy - polityka i pi\u0142ka no\u017cna. Co jeszcze dzia\u0142o si\u0119 w maju - dowiecie si\u0119 z raportu Twitter Trends!\",\"breadcrumb\":{\"@id\":\"https:\/\/www.sotrender.com\/blog\/pl\/2015\/06\/twitter-trends-maj-2015\/#breadcrumb\"},\"inLanguage\":\"pl-PL\",\"potentialAction\":[{\"@type\":\"ReadAction\",\"target\":[\"https:\/\/www.sotrender.com\/blog\/pl\/2015\/06\/twitter-trends-maj-2015\/\"]}]},{\"@type\":\"ImageObject\",\"inLanguage\":\"pl-PL\",\"@id\":\"https:\/\/www.sotrender.com\/blog\/pl\/2015\/06\/twitter-trends-maj-2015\/#primaryimage\",\"url\":\"https:\/\/www.sotrender.com\/blog\/wp-content\/uploads\/2014\/10\/twitter_trends.jpg\",\"contentUrl\":\"https:\/\/www.sotrender.com\/blog\/wp-content\/uploads\/2014\/10\/twitter_trends.jpg\",\"width\":1600,\"height\":700},{\"@type\":\"BreadcrumbList\",\"@id\":\"https:\/\/www.sotrender.com\/blog\/pl\/2015\/06\/twitter-trends-maj-2015\/#breadcrumb\",\"itemListElement\":[{\"@type\":\"ListItem\",\"position\":1,\"name\":\"Home\",\"item\":\"https:\/\/www.sotrender.com\/blog\/\"},{\"@type\":\"ListItem\",\"position\":2,\"name\":\"Twitter Trends Maj 2015 &#8211; #CzasDecyzji i pi\u0142karska gor\u0105czka\"}]},{\"@type\":\"WebSite\",\"@id\":\"https:\/\/www.sotrender.com\/blog\/#website\",\"url\":\"https:\/\/www.sotrender.com\/blog\/\",\"name\":\"Sotrender Blog\",\"description\":\"\",\"potentialAction\":[{\"@type\":\"SearchAction\",\"target\":{\"@type\":\"EntryPoint\",\"urlTemplate\":\"https:\/\/www.sotrender.com\/blog\/?s={search_term_string}\"},\"query-input\":\"required name=search_term_string\"}],\"inLanguage\":\"pl-PL\"},{\"@type\":\"Person\",\"@id\":\"https:\/\/www.sotrender.com\/blog\/#\/schema\/person\/7106df62825269bc360ad9171cd7149b\",\"name\":\"Aleksandra Prejs\",\"image\":{\"@type\":\"ImageObject\",\"inLanguage\":\"pl-PL\",\"@id\":\"https:\/\/www.sotrender.com\/blog\/#\/schema\/person\/image\/\",\"url\":\"https:\/\/secure.gravatar.com\/avatar\/469000454b77ff0aacb32c49dba023be?s=96&d=mm&r=g\",\"contentUrl\":\"https:\/\/secure.gravatar.com\/avatar\/469000454b77ff0aacb32c49dba023be?s=96&d=mm&r=g\",\"caption\":\"Aleksandra Prejs\"},\"url\":\"https:\/\/www.sotrender.com\/blog\/pl\/author\/aleksandra-prejs\/\"}]}<\/script>\n<!-- \/ Yoast SEO plugin. -->","yoast_head_json":{"title":"Twitter Trends Maj 2015 - #CzasDecyzji i pi\u0142karska gor\u0105czka","description":"Maj na Twitterze zdominowa\u0142y dwa tematy - polityka i pi\u0142ka no\u017cna. Co jeszcze dzia\u0142o si\u0119 w maju - dowiecie si\u0119 z raportu Twitter Trends!","robots":{"index":"index","follow":"follow","max-snippet":"max-snippet:-1","max-image-preview":"max-image-preview:large","max-video-preview":"max-video-preview:-1"},"canonical":"https:\/\/www.sotrender.com\/blog\/pl\/2015\/06\/twitter-trends-maj-2015\/","og_locale":"pl_PL","og_type":"article","og_title":"Twitter Trends Maj 2015 - #CzasDecyzji i pi\u0142karska gor\u0105czka","og_description":"Maj na Twitterze zdominowa\u0142y dwa tematy - polityka i pi\u0142ka no\u017cna. Co jeszcze dzia\u0142o si\u0119 w maju - dowiecie si\u0119 z raportu Twitter Trends!","og_url":"https:\/\/www.sotrender.com\/blog\/pl\/2015\/06\/twitter-trends-maj-2015\/","og_site_name":"Sotrender Blog","article_publisher":"https:\/\/www.facebook.com\/Sotrender","article_published_time":"2015-06-03T13:20:00+00:00","article_modified_time":"2015-12-01T20:24:57+00:00","og_image":[{"width":1600,"height":700,"url":"https:\/\/www.sotrender.com\/blog\/wp-content\/uploads\/2014\/10\/twitter_trends.jpg","type":"image\/jpeg"}],"author":"Aleksandra Prejs","twitter_card":"summary_large_image","twitter_creator":"@Sotrender","twitter_site":"@Sotrender","twitter_misc":{"Written by":"Aleksandra Prejs","Est. reading time":"4 minutes"},"schema":{"@context":"https:\/\/schema.org","@graph":[{"@type":"WebPage","@id":"https:\/\/www.sotrender.com\/blog\/pl\/2015\/06\/twitter-trends-maj-2015\/","url":"https:\/\/www.sotrender.com\/blog\/pl\/2015\/06\/twitter-trends-maj-2015\/","name":"Twitter Trends Maj 2015 - #CzasDecyzji i pi\u0142karska gor\u0105czka","isPartOf":{"@id":"https:\/\/www.sotrender.com\/blog\/#website"},"primaryImageOfPage":{"@id":"https:\/\/www.sotrender.com\/blog\/pl\/2015\/06\/twitter-trends-maj-2015\/#primaryimage"},"image":{"@id":"https:\/\/www.sotrender.com\/blog\/pl\/2015\/06\/twitter-trends-maj-2015\/#primaryimage"},"thumbnailUrl":"https:\/\/www.sotrender.com\/blog\/wp-content\/uploads\/2014\/10\/twitter_trends.jpg","datePublished":"2015-06-03T13:20:00+00:00","dateModified":"2015-12-01T20:24:57+00:00","author":{"@id":"https:\/\/www.sotrender.com\/blog\/#\/schema\/person\/7106df62825269bc360ad9171cd7149b"},"description":"Maj na Twitterze zdominowa\u0142y dwa tematy - polityka i pi\u0142ka no\u017cna. Co jeszcze dzia\u0142o si\u0119 w maju - dowiecie si\u0119 z raportu Twitter Trends!","breadcrumb":{"@id":"https:\/\/www.sotrender.com\/blog\/pl\/2015\/06\/twitter-trends-maj-2015\/#breadcrumb"},"inLanguage":"pl-PL","potentialAction":[{"@type":"ReadAction","target":["https:\/\/www.sotrender.com\/blog\/pl\/2015\/06\/twitter-trends-maj-2015\/"]}]},{"@type":"ImageObject","inLanguage":"pl-PL","@id":"https:\/\/www.sotrender.com\/blog\/pl\/2015\/06\/twitter-trends-maj-2015\/#primaryimage","url":"https:\/\/www.sotrender.com\/blog\/wp-content\/uploads\/2014\/10\/twitter_trends.jpg","contentUrl":"https:\/\/www.sotrender.com\/blog\/wp-content\/uploads\/2014\/10\/twitter_trends.jpg","width":1600,"height":700},{"@type":"BreadcrumbList","@id":"https:\/\/www.sotrender.com\/blog\/pl\/2015\/06\/twitter-trends-maj-2015\/#breadcrumb","itemListElement":[{"@type":"ListItem","position":1,"name":"Home","item":"https:\/\/www.sotrender.com\/blog\/"},{"@type":"ListItem","position":2,"name":"Twitter Trends Maj 2015 &#8211; #CzasDecyzji i pi\u0142karska gor\u0105czka"}]},{"@type":"WebSite","@id":"https:\/\/www.sotrender.com\/blog\/#website","url":"https:\/\/www.sotrender.com\/blog\/","name":"Sotrender Blog","description":"","potentialAction":[{"@type":"SearchAction","target":{"@type":"EntryPoint","urlTemplate":"https:\/\/www.sotrender.com\/blog\/?s={search_term_string}"},"query-input":"required name=search_term_string"}],"inLanguage":"pl-PL"},{"@type":"Person","@id":"https:\/\/www.sotrender.com\/blog\/#\/schema\/person\/7106df62825269bc360ad9171cd7149b","name":"Aleksandra Prejs","image":{"@type":"ImageObject","inLanguage":"pl-PL","@id":"https:\/\/www.sotrender.com\/blog\/#\/schema\/person\/image\/","url":"https:\/\/secure.gravatar.com\/avatar\/469000454b77ff0aacb32c49dba023be?s=96&d=mm&r=g","contentUrl":"https:\/\/secure.gravatar.com\/avatar\/469000454b77ff0aacb32c49dba023be?s=96&d=mm&r=g","caption":"Aleksandra Prejs"},"url":"https:\/\/www.sotrender.com\/blog\/pl\/author\/aleksandra-prejs\/"}]}},"_links":{"self":[{"href":"https:\/\/www.sotrender.com\/blog\/pl\/wp-json\/wp\/v2\/posts\/18385"}],"collection":[{"href":"https:\/\/www.sotrender.com\/blog\/pl\/wp-json\/wp\/v2\/posts"}],"about":[{"href":"https:\/\/www.sotrender.com\/blog\/pl\/wp-json\/wp\/v2\/types\/post"}],"author":[{"embeddable":true,"href":"https:\/\/www.sotrender.com\/blog\/pl\/wp-json\/wp\/v2\/users\/31"}],"replies":[{"embeddable":true,"href":"https:\/\/www.sotrender.com\/blog\/pl\/wp-json\/wp\/v2\/comments?post=18385"}],"version-history":[{"count":6,"href":"https:\/\/www.sotrender.com\/blog\/pl\/wp-json\/wp\/v2\/posts\/18385\/revisions"}],"predecessor-version":[{"id":18407,"href":"https:\/\/www.sotrender.com\/blog\/pl\/wp-json\/wp\/v2\/posts\/18385\/revisions\/18407"}],"wp:featuredmedia":[{"embeddable":true,"href":"https:\/\/www.sotrender.com\/blog\/pl\/wp-json\/wp\/v2\/media\/14993"}],"wp:attachment":[{"href":"https:\/\/www.sotrender.com\/blog\/pl\/wp-json\/wp\/v2\/media?parent=18385"}],"wp:term":[{"taxonomy":"category","embeddable":true,"href":"https:\/\/www.sotrender.com\/blog\/pl\/wp-json\/wp\/v2\/categories?post=18385"},{"taxonomy":"post_tag","embeddable":true,"href":"https:\/\/www.sotrender.com\/blog\/pl\/wp-json\/wp\/v2\/tags?post=18385"}],"curies":[{"name":"wp","href":"https:\/\/api.w.org\/{rel}","templated":true}]}}