{"id":18209,"date":"2015-05-21T14:30:21","date_gmt":"2015-05-21T13:30:21","guid":{"rendered":"http:\/\/blog.sotrender.com\/?p=18209"},"modified":"2020-01-31T10:51:36","modified_gmt":"2020-01-31T09:51:36","slug":"wydawcy-a-media-spolecznosciowe-prezentacja","status":"publish","type":"post","link":"https:\/\/www.sotrender.com\/blog\/pl\/2015\/05\/wydawcy-a-media-spolecznosciowe-prezentacja\/","title":{"rendered":"Wydawcy a media spo\u0142eczno\u015bciowe [PREZENTACJA]"},"content":{"rendered":"<p style=\"text-align: justify;\">Media spo\u0142eczno\u015bciowe maj\u0105 obecnie wielkie znaczenie jako \u017ar\u00f3d\u0142o ruchu dla innych stron internetowych. Zdecydowana wi\u0119kszo\u015b\u0107 medi\u00f3w i dziennikarzy aktywnie prowadzi swoje profile na platformach spo\u0142eczno\u015bciowych, takich, jak Facebook, Twitter czy YouTube. Z powodu popularno\u015bci social media, wsp\u00f3\u0142czesny dziennikarz musi si\u0119 z \u0142atwo\u015bci\u0105 po nich porusza\u0107 oraz \u015bledzi\u0107 trendy. Jednocze\u015bnie strategie i zmiany technologii najwi\u0119kszych gigant\u00f3w internetowych, jak Google czy Facebook wp\u0142ywaj\u0105 na biznes medialny.\u00a0<!--more--><\/p>\n<h2>Trendy wp\u0142ywaj\u0105ce na obecno\u015b\u0107 prasy w social media<\/h2>\n<p style=\"text-align: justify;\">Serwisy spo\u0142ecznosciowe takie jak Facebook, YouTube czy Twitter sta\u0142y si\u0119 dla prasy i innych tradycyjnych medi\u00f3w bardzo wa\u017cne. Wp\u0142ywaj\u0105 na to w du\u017cym stopniu trendy w korzystaniu z r\u00f3\u017cnych medi\u00f3w. W swoim opracowaniu Dominik Batorski, <a title=\"Kliknij, by dowiedzie\u0107 si\u0119 wi\u0119cej\" href=\"http:\/\/sotrender.com\/resources\/pl\/reports\" target=\"_blank\" rel=\"noopener\">Chief Scientist Sotrendera<\/a> zwraca uwag\u0119 na nast\u0119puj\u0105ce aspekty zmiany w korzystaniu z medi\u00f3w. U\u017cytkownicy dzia\u0142aj\u0105 w stanie ci\u0105g\u0142ego rozproszenia, s\u0105 bombardowani informacjami. Nie tylko ze strony medi\u00f3w, ale r\u00f3wnie\u017c Facebooka czy Google, kt\u00f3re konkuruj\u0105 z tradycyjnymi mediami o czas u\u017cytkownik\u00f3w (a co za tym idzie o bud\u017cety reklamowe). Jednocze\u015bnie Facebook i Google sta\u0142y si\u0119 jednymi z g\u0142\u00f3wnych po\u015brednik\u00f3w mi\u0119dzy odbiorcami a mediami (i odwrotnie).<\/p>\n<p style=\"text-align: justify;\">Trzeba tak\u017ce pami\u0119ta\u0107, \u017ce w internecie mo\u017cna znale\u017a\u0107 dos\u0142ownie wszystko. Ka\u017cda tre\u015b\u0107 mo\u017ce kogo\u015b zainteresowa\u0107, a zgodnie z zasad\u0105 d\u0142ugiego ogona, nawet ma\u0142o popularne tre\u015bci s\u0105 w stanie generowa\u0107 przych\u00f3d. Dodatkowo, w internecie mo\u017ce publikowa\u0107 ka\u017cdy, poniewa\u017c bariera wej\u015bcia jest bliska zeru. Publikuj\u0105 nie tylko dziennikarze, ale i zwykli u\u017cytkownicy oraz firmy, dla kt\u00f3rych tre\u015bci cyfrowe s\u0105 obecnie jedn\u0105 z g\u0142\u00f3wnych strategii marketingu internetowego.<\/p>\n<p style=\"text-align: justify;\">Co wi\u0119cej, sposoby korzystania z r\u00f3\u017cnych medi\u00f3w bardzo mocno r\u00f3\u017cni\u0105 si\u0119 pomi\u0119dzy poszczeg\u00f3lnymi grupami socjodemograficznymi. Cho\u0107 og\u00f3lny czas poswi\u0119cany na media jest podobny, to osoby m\u0142odsze oraz aktywne zawodowo lub ucz\u0105ce si\u0119 sp\u0119dzaj\u0105 obecnie znacznie wi\u0119cej czasu w internecie kosztem telewizji, o czym <a title=\"YouTube, wideo w sieci i telewizja \u2013 jak to naprawd\u0119 wygl\u0105da w Polsce?\" href=\"https:\/\/www.sotrender.com\/blog\/pl\/2015\/05\/youtube-wideo-w-sieci-i-telewizja\/\">wi\u0119cej pisa\u0142em w wcze\u015bniejszym wpisie<\/a>.<\/p>\n<h2>Znaczenie medi\u00f3w spo\u0142eczno\u015bciowych dla prasy<\/h2>\n<p style=\"text-align: justify;\">Serwisy spo\u0142eczno\u015bciowe dla wielu medi\u00f3w s\u0105 por\u00f3wnywalnie du\u017cym \u017ar\u00f3d\u0142em odwiedzin, jak wyszukiwanie przez Google, a w niekt\u00f3rych wypadkach nawet wazniejszym. To zjawisko ma kilka przyczyn, z kt\u00f3rych najwa\u017cniejsze jest filtrowanie tre\u015bci. Znajomi maj\u0105 zwykle podobne upodobania i zainteresowania, a wi\u0119c to od nich mo\u017cemy dowiedzie\u0107 si\u0119, co ciekawego si\u0119 dzieje, na co zwr\u00f3ci\u0107 uwag\u0119. Social media w du\u017cym stopniu zast\u0105pi\u0142y popularne niegdy\u015b czytniki RSS, poniewa\u017c mo\u017cemy za ich pomoc\u0105 \u015bledzi\u0107 kana\u0142y medi\u00f3w (kt\u00f3re chwal\u0105 si\u0119 swoimi publikacjami) oraz tre\u015bci polecone przez znajomych. Jak wynika z analizy Dominika Batorskiego na danych World Internet Project 2013 media spo\u0142eczno\u015bciowe s\u0142u\u017c\u0105 w\u0142a\u015bnie przede wszystkim do filtrowania nadmiaru tre\u015bci.<\/p>\n<div id=\"attachment_18219\" style=\"width: 610px\" class=\"wp-caption aligncenter\"><a href=\"https:\/\/www.sotrender.com\/blog\/wp-content\/uploads\/2015\/05\/fukrewanue.png\"><img loading=\"lazy\" decoding=\"async\" aria-describedby=\"caption-attachment-18219\" class=\"wp-image-18219\" src=\"https:\/\/www.sotrender.com\/blog\/wp-content\/uploads\/2015\/05\/fukrewanue.png\" alt=\"Typy aktywno\u015bci w mediach spo\u0142eczno\u015bciowych\" width=\"600\" height=\"322\" srcset=\"https:\/\/www.sotrender.com\/blog\/wp-content\/uploads\/2015\/05\/fukrewanue.png 938w, https:\/\/www.sotrender.com\/blog\/wp-content\/uploads\/2015\/05\/fukrewanue-475x255.png 475w, https:\/\/www.sotrender.com\/blog\/wp-content\/uploads\/2015\/05\/fukrewanue-768x412.png 768w, https:\/\/www.sotrender.com\/blog\/wp-content\/uploads\/2015\/05\/fukrewanue-600x322.png 600w\" sizes=\"(max-width: 600px) 100vw, 600px\" \/><\/a><p id=\"caption-attachment-18219\" class=\"wp-caption-text\">Typy aktywno\u015bci w mediach spo\u0142eczno\u015bciowych<\/p><\/div>\n<p style=\"text-align: justify;\">Oczywi\u015bcie wspiera ten trend rozw\u00f3j narz\u0119dzi: tw\u00f3rcy tre\u015bci w trosce o ruch umieszczaj\u0105 przyciski u\u0142atwiaj\u0105ce social sharing, dzi\u0119ki czemu rosn\u0105 szanse, \u017ce ich tre\u015bci pojawi\u0105 si\u0119 w serwisach social media.<\/p>\n<div class=\"shortcode trial\"><h4><span>Mierz dzia\u0142ania w social media z Sotrenderem!<\/span><a title=\"Wypr\u00f3buj za darmo!\" class=\"btn\" href=\"https:\/\/app.sotrender.com\/auth\/signup\/trial\/pl?utm_source=blog-cta-legacy\">Wypr\u00f3buj za darmo!<\/a><\/h4><\/div>\n<h2>Media spo\u0142eczno\u015bciowe\u00a0w pracy dziennikarza<\/h2>\n<p style=\"text-align: justify;\">Dla dziennikarzy media spo\u0142eczno\u015bciowe s\u0105 te\u017c swietnym \u017ar\u00f3d\u0142em inspiracji i materia\u0142\u00f3w, zar\u00f3wno wskutek obserwacji tego, o czym m\u00f3wi\u0105 i co robi\u0105 ich znajomi, jak i dzi\u0119ki \u015bledzeniu tre\u015bci publikowanych przez osoby szczeg\u00f3lnie wp\u0142ywowe czy inne media. Wszak cz\u0119sto mo\u017cna zaobserowa\u0107, jak na polskich stronach bardzo szybko pojawiaj\u0105 si\u0119 t\u0142umaczone artyku\u0142y i zestawienia, kt\u00f3re wcze\u015bniej zdoby\u0142y popularno\u015b\u0107 w serwisach takich jak Buzzfeed czy Upworthy.<\/p>\n<p style=\"text-align: justify;\">Dodatkowo, w serwisach spo\u0142eczno\u015bciowych firmy i marki same te\u017c staj\u0105 si\u0119 nadawcami, tworz\u0105c w\u0142asne profile, kana\u0142y czy blogi, i konkuruj\u0105c o uwag\u0119 u\u017cytkownik\u00f3w z tradycyjnymi mediami.<\/p>\n<p style=\"text-align: justify;\">W tej sytuacji nie dziwi, \u017ce bardzo wiele polskich medi\u00f3w i dziennikarzy, tak prasowych, jak i radiowych czy telewizyjnych, bardzo aktywnie dzia\u0142a w social media i buduje w\u0142asne profile w serwisach takich jak <a title=\"Kliknij, aby przej\u015b\u0107 do raportu\" href=\"https:\/\/www.sotrender.com\/trends\/facebook\/poland\" target=\"_blank\" rel=\"noopener\">Facebook<\/a>, \u00a0<a title=\"Kliknij, aby przej\u015b\u0107 do raportu\" href=\"https:\/\/www.sotrender.com\/trends\/youtube\/poland\" target=\"_blank\" rel=\"noopener\">YouTube<\/a> czy <a title=\"Kliknij, aby przej\u015b\u0107 do raportu\" href=\"https:\/\/www.sotrender.com\/trends\/twitter\/poland\" target=\"_blank\" rel=\"noopener\">Twitter<\/a>. Co odwa\u017cniejsi si\u0119gaj\u0105 te\u017c po Instagrama i, ostatnio, Snapchata, medium popularnego przede wszystkim w\u015br\u00f3d najm\u0142odszych u\u017cytkownik\u00f3w internetu.<\/p>\n<p style=\"text-align: justify;\">Aktywno\u015bci i zaanga\u017cowanie w mediach spo\u0142eczno\u015bciowych daj\u0105 si\u0119\u00a0zmierzy\u0107. Obserwuj\u0105c zachowanie u\u017cytkownik\u00f3w mo\u017cna przewidzie\u0107, co b\u0119dzie popularne w nieodleg\u0142ej przysz\u0142o\u015bci. Trendy w social media mo\u017cecie obserwowa\u0107 m.in. za pomoc\u0105 Sotrendera, publikujemy darmowe, comiesi\u0119czne raporty dla <a title=\"Kliknij, aby dowiedzie\u0107 si\u0119 wi\u0119cej\" href=\"http:\/\/sotrender.pl\/trends\/facebook\/\" target=\"_blank\" rel=\"noopener\">Facebooka<\/a>\u00a0i\u00a0<a title=\"Kliknij, aby dowiedzie\u0107 si\u0119 wi\u0119cej\" href=\"http:\/\/www.sotrender.pl\/trends\/twitter\" target=\"_blank\" rel=\"noopener\">Twittera<\/a>. Obserwujemy nie tylko media, ale marki i celebryt\u00f3w, daj\u0105c pe\u0142ny obraz polskich medi\u00f3w spo\u0142eczno\u015bciowych.<\/p>\n<p>&nbsp;<\/p>\n<div id=\"attachment_18221\" style=\"width: 610px\" class=\"wp-caption aligncenter\"><a href=\"https:\/\/www.sotrender.com\/blog\/wp-content\/uploads\/2015\/05\/naczj\u0119sciej-wzmiankowane-profile-medi\u00f3w-na-twitterze.png\"><img loading=\"lazy\" decoding=\"async\" aria-describedby=\"caption-attachment-18221\" class=\"wp-image-18221\" src=\"https:\/\/www.sotrender.com\/blog\/wp-content\/uploads\/2015\/05\/naczj\u0119sciej-wzmiankowane-profile-medi\u00f3w-na-twitterze.png\" alt=\"Najcz\u0119\u015bciej wzmiankowane profile medi\u00f3w na Twitterze \" width=\"600\" height=\"849\" \/><\/a><p id=\"caption-attachment-18221\" class=\"wp-caption-text\">Najcz\u0119\u015bciej wzmiankowane profile medi\u00f3w na Twitterze<\/p><\/div>\n<h2>Specjalna pozycja medi\u00f3w na Facebooku<\/h2>\n<p style=\"text-align: justify;\">Od pewnego czasu Facebook i jego algorytmy w szczeg\u00f3lny spos\u00f3b traktuj\u0105 nadawc\u00f3w medialnych i ich strony, ci za\u015b wprowadzaj\u0105 specjalne strategie komunikacji, z uwzgl\u0119dnieniem np. targetowania post\u00f3w. Opcja targetowania tre\u015bci na konkretnych u\u017cytkownik\u00f3w pozwala uzyska\u0107 du\u017co wi\u0119ksze zaanga\u017cowanie oraz sprawia, \u017ce fanpage jest du\u017co mniej nara\u017cony na negatywny odzew (schowanie postu, odlubienie strony, ukrycie jej tre\u015bci), poniewa\u017c jest dostosowana do zainteresowa\u0144 odbiorcy. Takie rozwi\u0105zanie komunikacyjne cz\u0119sto stosuj\u0105 profile prowadz\u0105ce bardzo intensywn\u0105 komunikacj\u0119 na Facebooku. Inaczej traktuje media i marki. Media postuj\u0105 wiele razy dziennie, bez konsekwencji dla zasi\u0119gu. Marki karane za zbyt wiele post\u00f3w spadaj\u0105cym zasi\u0119giem organicznym (<a title=\"Kliknij, aby przeczyta\u0107 post\" href=\"https:\/\/www.sotrender.com\/blog\/2015\/05\/posting-frequency-on-facebook\/\" target=\"_blank\" rel=\"noopener\">wi\u0119cej w naszej analizie nt. cz\u0119stotliwo\u015bci postowania<\/a>).<\/p>\n<div id=\"attachment_18149\" style=\"width: 610px\" class=\"wp-caption aligncenter\"><a href=\"https:\/\/www.sotrender.com\/blog\/wp-content\/uploads\/2015\/05\/posting-frequency.png\"><img loading=\"lazy\" decoding=\"async\" aria-describedby=\"caption-attachment-18149\" class=\"wp-image-18149\" src=\"https:\/\/www.sotrender.com\/blog\/wp-content\/uploads\/2015\/05\/posting-frequency.png\" alt=\"posting frequency\" width=\"600\" height=\"322\" srcset=\"https:\/\/www.sotrender.com\/blog\/wp-content\/uploads\/2015\/05\/posting-frequency.png 1920w, https:\/\/www.sotrender.com\/blog\/wp-content\/uploads\/2015\/05\/posting-frequency-475x255.png 475w, https:\/\/www.sotrender.com\/blog\/wp-content\/uploads\/2015\/05\/posting-frequency-768x412.png 768w, https:\/\/www.sotrender.com\/blog\/wp-content\/uploads\/2015\/05\/posting-frequency-950x510.png 950w, https:\/\/www.sotrender.com\/blog\/wp-content\/uploads\/2015\/05\/posting-frequency-600x322.png 600w\" sizes=\"(max-width: 600px) 100vw, 600px\" \/><\/a><p id=\"caption-attachment-18149\" class=\"wp-caption-text\">\u015arednia tygodniowa cz\u0119stotliwo\u015b\u0107 postowania dla profili marek i medi\u00f3w<\/p><\/div>\n<p style=\"text-align: justify;\">W tej sytuacji nie dziwi du\u017ce poruszenie, kt\u00f3re w \u015bwiecie medi\u00f3w wywo\u0142a\u0142o wprowadzenie przez Facebooka nowej funkcji, tzw. <a title=\"Kliknij, aby dowiedzie\u0107 si\u0119 wi\u0119cej\" href=\"http:\/\/media.fb.com\/2015\/05\/12\/instantarticles\/%20\" target=\"_blank\" rel=\"noopener\">Instant articles<\/a>.\u00a0Tre\u015bci opublikowane za pomoc\u0105 tego narz\u0119dzia pojawi\u0105 si\u0119 w newsfeedach u\u017cytkownik\u00f3w natychmiast i na eksponowanych pozycjach, zwi\u0119kszaj\u0105c zasi\u0119g tre\u015bci. Pierwsza wersja Instant Articles jest dost\u0119pna jedynie w wersji mobilnej serwisu oraz dotyczy to tylko 9 wybranych nadawc\u00f3w, ale poniewa\u017c wydaje si\u0119 to dla nich bardzo korzystne, mo\u017cemy spodziewa\u0107 si\u0119, \u017ce wkr\u00f3tce do wybranych dostawc\u00f3w tre\u015bci do\u0142\u0105cz\u0105 kolejni wydawcy.<\/p>\n<p style=\"text-align: justify;\">Wi\u0119cej informacji na temat medi\u00f3w tradycyjnych w social media oraz m.in. czas korzystania z r\u00f3\u017cnych rodzaj\u00f3w medi\u00f3w przez r\u00f3\u017cne grupy demograficzne znajdziecie w prezentacji. Zach\u0119cam r\u00f3wnie\u017c do <a title=\"Kliknij, aby dowiedzie\u0107 si\u0119 wi\u0119cej\" href=\"http:\/\/sotrender.pl\/#pricing\" target=\"_blank\" rel=\"noopener\">darmowego przetestowania Sotrendera<\/a>, narz\u0119dzia analizuj\u0105cego dzia\u0142ania w mediach spo\u0142eczno\u015bciowych. Z naszych us\u0142ug korzysta ju\u017c wielu wydawc\u00f3w, m.in. koncern medialny Agora.<\/p>\n<h2 style=\"text-align: center;\"><strong>Zapraszam do obejrzenia prezentacji<\/strong><\/h2>\n<p>&nbsp;<\/p>\n<div align=\"center\"><iframe loading=\"lazy\" src=\"https:\/\/www.slideshare.net\/slideshow\/embed_code\/key\/sX4o4TEv9eaq3L\" width=\"476\" height=\"400\" frameborder=\"0\" marginwidth=\"0\" marginheight=\"0\" scrolling=\"no\"><\/iframe><\/div>\n","protected":false},"excerpt":{"rendered":"<p>Media spo\u0142eczno\u015bciowe maj\u0105 obecnie wielkie znaczenie jako \u017ar\u00f3d\u0142o ruchu dla innych stron internetowych. Zdecydowana wi\u0119kszo\u015b\u0107 medi\u00f3w i dziennikarzy aktywnie prowadzi swoje profile na platformach spo\u0142eczno\u015bciowych, takich, jak Facebook, Twitter czy YouTube. Z powodu popularno\u015bci social media, wsp\u00f3\u0142czesny dziennikarz musi si\u0119 z \u0142atwo\u015bci\u0105 po nich porusza\u0107 oraz \u015bledzi\u0107 trendy. Jednocze\u015bnie strategie i zmiany technologii najwi\u0119kszych gigant\u00f3w [&hellip;]<\/p>\n","protected":false},"author":2,"featured_media":16817,"comment_status":"open","ping_status":"open","sticky":false,"template":"","format":"standard","meta":{"inline_featured_image":false,"footnotes":""},"categories":[1793,1797,1799],"tags":[],"yoast_head":"<!-- This site is optimized with the Yoast SEO plugin v22.4 - https:\/\/yoast.com\/wordpress\/plugins\/seo\/ -->\n<title>Media tradycyjne w mediach spo\u0142eczno\u015bciowych<\/title>\n<meta name=\"description\" content=\"Jak i dlaczego media tradycyjne powinny by\u0107 obecne w \u015bwiecie social media? Jakie mog\u0105 wyci\u0105gn\u0105\u0107 z nich korzy\u015bci?\" \/>\n<meta name=\"robots\" content=\"index, follow, max-snippet:-1, max-image-preview:large, max-video-preview:-1\" \/>\n<link rel=\"canonical\" href=\"https:\/\/www.sotrender.com\/blog\/pl\/2015\/05\/wydawcy-a-media-spolecznosciowe-prezentacja\/\" \/>\n<meta property=\"og:locale\" content=\"pl_PL\" \/>\n<meta property=\"og:type\" content=\"article\" \/>\n<meta property=\"og:title\" content=\"Media tradycyjne w mediach spo\u0142eczno\u015bciowych\" \/>\n<meta property=\"og:description\" content=\"Jak i dlaczego media tradycyjne powinny by\u0107 obecne w \u015bwiecie social media? Jakie mog\u0105 wyci\u0105gn\u0105\u0107 z nich korzy\u015bci?\" \/>\n<meta property=\"og:url\" content=\"https:\/\/www.sotrender.com\/blog\/pl\/2015\/05\/wydawcy-a-media-spolecznosciowe-prezentacja\/\" \/>\n<meta property=\"og:site_name\" content=\"Sotrender Blog\" \/>\n<meta property=\"article:publisher\" content=\"https:\/\/www.facebook.com\/Sotrender\" \/>\n<meta property=\"article:author\" content=\"https:\/\/www.facebook.com\/jan.zajac.75?fref=ts\" \/>\n<meta property=\"article:published_time\" content=\"2015-05-21T13:30:21+00:00\" \/>\n<meta property=\"article:modified_time\" content=\"2020-01-31T09:51:36+00:00\" \/>\n<meta property=\"og:image\" content=\"https:\/\/www.sotrender.com\/blog\/wp-content\/uploads\/2015\/02\/eo1231.png\" \/>\n\t<meta property=\"og:image:width\" content=\"1600\" \/>\n\t<meta property=\"og:image:height\" content=\"881\" \/>\n\t<meta property=\"og:image:type\" content=\"image\/png\" \/>\n<meta name=\"author\" content=\"Jan Zaj\u0105c\" \/>\n<meta name=\"twitter:card\" content=\"summary_large_image\" \/>\n<meta name=\"twitter:creator\" content=\"@http:\/\/twitter.com\/janekzajac\" \/>\n<meta name=\"twitter:site\" content=\"@Sotrender\" \/>\n<meta name=\"twitter:label1\" content=\"Written by\" \/>\n\t<meta name=\"twitter:data1\" content=\"Jan Zaj\u0105c\" \/>\n\t<meta name=\"twitter:label2\" content=\"Est. reading time\" \/>\n\t<meta name=\"twitter:data2\" content=\"6 minutes\" \/>\n<script type=\"application\/ld+json\" class=\"yoast-schema-graph\">{\"@context\":\"https:\/\/schema.org\",\"@graph\":[{\"@type\":\"WebPage\",\"@id\":\"https:\/\/www.sotrender.com\/blog\/pl\/2015\/05\/wydawcy-a-media-spolecznosciowe-prezentacja\/\",\"url\":\"https:\/\/www.sotrender.com\/blog\/pl\/2015\/05\/wydawcy-a-media-spolecznosciowe-prezentacja\/\",\"name\":\"Media tradycyjne w mediach spo\u0142eczno\u015bciowych\",\"isPartOf\":{\"@id\":\"https:\/\/www.sotrender.com\/blog\/#website\"},\"primaryImageOfPage\":{\"@id\":\"https:\/\/www.sotrender.com\/blog\/pl\/2015\/05\/wydawcy-a-media-spolecznosciowe-prezentacja\/#primaryimage\"},\"image\":{\"@id\":\"https:\/\/www.sotrender.com\/blog\/pl\/2015\/05\/wydawcy-a-media-spolecznosciowe-prezentacja\/#primaryimage\"},\"thumbnailUrl\":\"https:\/\/www.sotrender.com\/blog\/wp-content\/uploads\/2015\/02\/eo1231.png\",\"datePublished\":\"2015-05-21T13:30:21+00:00\",\"dateModified\":\"2020-01-31T09:51:36+00:00\",\"author\":{\"@id\":\"https:\/\/www.sotrender.com\/blog\/#\/schema\/person\/15d4db3ba9c4e61b1cb96099300e7c51\"},\"description\":\"Jak i dlaczego media tradycyjne powinny by\u0107 obecne w \u015bwiecie social media? Jakie mog\u0105 wyci\u0105gn\u0105\u0107 z nich korzy\u015bci?\",\"breadcrumb\":{\"@id\":\"https:\/\/www.sotrender.com\/blog\/pl\/2015\/05\/wydawcy-a-media-spolecznosciowe-prezentacja\/#breadcrumb\"},\"inLanguage\":\"pl-PL\",\"potentialAction\":[{\"@type\":\"ReadAction\",\"target\":[\"https:\/\/www.sotrender.com\/blog\/pl\/2015\/05\/wydawcy-a-media-spolecznosciowe-prezentacja\/\"]}]},{\"@type\":\"ImageObject\",\"inLanguage\":\"pl-PL\",\"@id\":\"https:\/\/www.sotrender.com\/blog\/pl\/2015\/05\/wydawcy-a-media-spolecznosciowe-prezentacja\/#primaryimage\",\"url\":\"https:\/\/www.sotrender.com\/blog\/wp-content\/uploads\/2015\/02\/eo1231.png\",\"contentUrl\":\"https:\/\/www.sotrender.com\/blog\/wp-content\/uploads\/2015\/02\/eo1231.png\",\"width\":1600,\"height\":881},{\"@type\":\"BreadcrumbList\",\"@id\":\"https:\/\/www.sotrender.com\/blog\/pl\/2015\/05\/wydawcy-a-media-spolecznosciowe-prezentacja\/#breadcrumb\",\"itemListElement\":[{\"@type\":\"ListItem\",\"position\":1,\"name\":\"Home\",\"item\":\"https:\/\/www.sotrender.com\/blog\/\"},{\"@type\":\"ListItem\",\"position\":2,\"name\":\"Wydawcy a media spo\u0142eczno\u015bciowe [PREZENTACJA]\"}]},{\"@type\":\"WebSite\",\"@id\":\"https:\/\/www.sotrender.com\/blog\/#website\",\"url\":\"https:\/\/www.sotrender.com\/blog\/\",\"name\":\"Sotrender Blog\",\"description\":\"\",\"potentialAction\":[{\"@type\":\"SearchAction\",\"target\":{\"@type\":\"EntryPoint\",\"urlTemplate\":\"https:\/\/www.sotrender.com\/blog\/?s={search_term_string}\"},\"query-input\":\"required name=search_term_string\"}],\"inLanguage\":\"pl-PL\"},{\"@type\":\"Person\",\"@id\":\"https:\/\/www.sotrender.com\/blog\/#\/schema\/person\/15d4db3ba9c4e61b1cb96099300e7c51\",\"name\":\"Jan Zaj\u0105c\",\"image\":{\"@type\":\"ImageObject\",\"inLanguage\":\"pl-PL\",\"@id\":\"https:\/\/www.sotrender.com\/blog\/#\/schema\/person\/image\/\",\"url\":\"https:\/\/secure.gravatar.com\/avatar\/330c70ea205c5402148d7c7d8927d81d?s=96&d=mm&r=g\",\"contentUrl\":\"https:\/\/secure.gravatar.com\/avatar\/330c70ea205c5402148d7c7d8927d81d?s=96&d=mm&r=g\",\"caption\":\"Jan Zaj\u0105c\"},\"description\":\"Psychologist &amp; economist, experienced consultant &amp; researcher, who speaks 6 languages and has cycled around 17 countries.\",\"sameAs\":[\"https:\/\/www.facebook.com\/jan.zajac.75?fref=ts\",\"https:\/\/www.linkedin.com\/in\/janekzajac\",\"https:\/\/twitter.com\/http:\/\/twitter.com\/janekzajac\"],\"url\":\"https:\/\/www.sotrender.com\/blog\/pl\/author\/jan_zajc\/\"}]}<\/script>\n<!-- \/ Yoast SEO plugin. -->","yoast_head_json":{"title":"Media tradycyjne w mediach spo\u0142eczno\u015bciowych","description":"Jak i dlaczego media tradycyjne powinny by\u0107 obecne w \u015bwiecie social media? Jakie mog\u0105 wyci\u0105gn\u0105\u0107 z nich korzy\u015bci?","robots":{"index":"index","follow":"follow","max-snippet":"max-snippet:-1","max-image-preview":"max-image-preview:large","max-video-preview":"max-video-preview:-1"},"canonical":"https:\/\/www.sotrender.com\/blog\/pl\/2015\/05\/wydawcy-a-media-spolecznosciowe-prezentacja\/","og_locale":"pl_PL","og_type":"article","og_title":"Media tradycyjne w mediach spo\u0142eczno\u015bciowych","og_description":"Jak i dlaczego media tradycyjne powinny by\u0107 obecne w \u015bwiecie social media? Jakie mog\u0105 wyci\u0105gn\u0105\u0107 z nich korzy\u015bci?","og_url":"https:\/\/www.sotrender.com\/blog\/pl\/2015\/05\/wydawcy-a-media-spolecznosciowe-prezentacja\/","og_site_name":"Sotrender Blog","article_publisher":"https:\/\/www.facebook.com\/Sotrender","article_author":"https:\/\/www.facebook.com\/jan.zajac.75?fref=ts","article_published_time":"2015-05-21T13:30:21+00:00","article_modified_time":"2020-01-31T09:51:36+00:00","og_image":[{"width":1600,"height":881,"url":"https:\/\/www.sotrender.com\/blog\/wp-content\/uploads\/2015\/02\/eo1231.png","type":"image\/png"}],"author":"Jan Zaj\u0105c","twitter_card":"summary_large_image","twitter_creator":"@http:\/\/twitter.com\/janekzajac","twitter_site":"@Sotrender","twitter_misc":{"Written by":"Jan Zaj\u0105c","Est. reading time":"6 minutes"},"schema":{"@context":"https:\/\/schema.org","@graph":[{"@type":"WebPage","@id":"https:\/\/www.sotrender.com\/blog\/pl\/2015\/05\/wydawcy-a-media-spolecznosciowe-prezentacja\/","url":"https:\/\/www.sotrender.com\/blog\/pl\/2015\/05\/wydawcy-a-media-spolecznosciowe-prezentacja\/","name":"Media tradycyjne w mediach spo\u0142eczno\u015bciowych","isPartOf":{"@id":"https:\/\/www.sotrender.com\/blog\/#website"},"primaryImageOfPage":{"@id":"https:\/\/www.sotrender.com\/blog\/pl\/2015\/05\/wydawcy-a-media-spolecznosciowe-prezentacja\/#primaryimage"},"image":{"@id":"https:\/\/www.sotrender.com\/blog\/pl\/2015\/05\/wydawcy-a-media-spolecznosciowe-prezentacja\/#primaryimage"},"thumbnailUrl":"https:\/\/www.sotrender.com\/blog\/wp-content\/uploads\/2015\/02\/eo1231.png","datePublished":"2015-05-21T13:30:21+00:00","dateModified":"2020-01-31T09:51:36+00:00","author":{"@id":"https:\/\/www.sotrender.com\/blog\/#\/schema\/person\/15d4db3ba9c4e61b1cb96099300e7c51"},"description":"Jak i dlaczego media tradycyjne powinny by\u0107 obecne w \u015bwiecie social media? Jakie mog\u0105 wyci\u0105gn\u0105\u0107 z nich korzy\u015bci?","breadcrumb":{"@id":"https:\/\/www.sotrender.com\/blog\/pl\/2015\/05\/wydawcy-a-media-spolecznosciowe-prezentacja\/#breadcrumb"},"inLanguage":"pl-PL","potentialAction":[{"@type":"ReadAction","target":["https:\/\/www.sotrender.com\/blog\/pl\/2015\/05\/wydawcy-a-media-spolecznosciowe-prezentacja\/"]}]},{"@type":"ImageObject","inLanguage":"pl-PL","@id":"https:\/\/www.sotrender.com\/blog\/pl\/2015\/05\/wydawcy-a-media-spolecznosciowe-prezentacja\/#primaryimage","url":"https:\/\/www.sotrender.com\/blog\/wp-content\/uploads\/2015\/02\/eo1231.png","contentUrl":"https:\/\/www.sotrender.com\/blog\/wp-content\/uploads\/2015\/02\/eo1231.png","width":1600,"height":881},{"@type":"BreadcrumbList","@id":"https:\/\/www.sotrender.com\/blog\/pl\/2015\/05\/wydawcy-a-media-spolecznosciowe-prezentacja\/#breadcrumb","itemListElement":[{"@type":"ListItem","position":1,"name":"Home","item":"https:\/\/www.sotrender.com\/blog\/"},{"@type":"ListItem","position":2,"name":"Wydawcy a media spo\u0142eczno\u015bciowe [PREZENTACJA]"}]},{"@type":"WebSite","@id":"https:\/\/www.sotrender.com\/blog\/#website","url":"https:\/\/www.sotrender.com\/blog\/","name":"Sotrender Blog","description":"","potentialAction":[{"@type":"SearchAction","target":{"@type":"EntryPoint","urlTemplate":"https:\/\/www.sotrender.com\/blog\/?s={search_term_string}"},"query-input":"required name=search_term_string"}],"inLanguage":"pl-PL"},{"@type":"Person","@id":"https:\/\/www.sotrender.com\/blog\/#\/schema\/person\/15d4db3ba9c4e61b1cb96099300e7c51","name":"Jan Zaj\u0105c","image":{"@type":"ImageObject","inLanguage":"pl-PL","@id":"https:\/\/www.sotrender.com\/blog\/#\/schema\/person\/image\/","url":"https:\/\/secure.gravatar.com\/avatar\/330c70ea205c5402148d7c7d8927d81d?s=96&d=mm&r=g","contentUrl":"https:\/\/secure.gravatar.com\/avatar\/330c70ea205c5402148d7c7d8927d81d?s=96&d=mm&r=g","caption":"Jan Zaj\u0105c"},"description":"Psychologist &amp; economist, experienced consultant &amp; researcher, who speaks 6 languages and has cycled around 17 countries.","sameAs":["https:\/\/www.facebook.com\/jan.zajac.75?fref=ts","https:\/\/www.linkedin.com\/in\/janekzajac","https:\/\/twitter.com\/http:\/\/twitter.com\/janekzajac"],"url":"https:\/\/www.sotrender.com\/blog\/pl\/author\/jan_zajc\/"}]}},"_links":{"self":[{"href":"https:\/\/www.sotrender.com\/blog\/pl\/wp-json\/wp\/v2\/posts\/18209"}],"collection":[{"href":"https:\/\/www.sotrender.com\/blog\/pl\/wp-json\/wp\/v2\/posts"}],"about":[{"href":"https:\/\/www.sotrender.com\/blog\/pl\/wp-json\/wp\/v2\/types\/post"}],"author":[{"embeddable":true,"href":"https:\/\/www.sotrender.com\/blog\/pl\/wp-json\/wp\/v2\/users\/2"}],"replies":[{"embeddable":true,"href":"https:\/\/www.sotrender.com\/blog\/pl\/wp-json\/wp\/v2\/comments?post=18209"}],"version-history":[{"count":15,"href":"https:\/\/www.sotrender.com\/blog\/pl\/wp-json\/wp\/v2\/posts\/18209\/revisions"}],"predecessor-version":[{"id":39557,"href":"https:\/\/www.sotrender.com\/blog\/pl\/wp-json\/wp\/v2\/posts\/18209\/revisions\/39557"}],"wp:featuredmedia":[{"embeddable":true,"href":"https:\/\/www.sotrender.com\/blog\/pl\/wp-json\/wp\/v2\/media\/16817"}],"wp:attachment":[{"href":"https:\/\/www.sotrender.com\/blog\/pl\/wp-json\/wp\/v2\/media?parent=18209"}],"wp:term":[{"taxonomy":"category","embeddable":true,"href":"https:\/\/www.sotrender.com\/blog\/pl\/wp-json\/wp\/v2\/categories?post=18209"},{"taxonomy":"post_tag","embeddable":true,"href":"https:\/\/www.sotrender.com\/blog\/pl\/wp-json\/wp\/v2\/tags?post=18209"}],"curies":[{"name":"wp","href":"https:\/\/api.w.org\/{rel}","templated":true}]}}