{"id":18191,"date":"2015-05-21T09:57:48","date_gmt":"2015-05-21T08:57:48","guid":{"rendered":"http:\/\/blog.sotrender.com\/?p=18191"},"modified":"2015-12-01T21:26:03","modified_gmt":"2015-12-01T20:26:03","slug":"fanpage-trends-kwiecien-2015","status":"publish","type":"post","link":"https:\/\/www.sotrender.com\/blog\/pl\/2015\/05\/fanpage-trends-kwiecien-2015\/","title":{"rendered":"Fanpage Trends Kwiecie\u0144 2015 &#8211; \u00a0wiosna pod znakiem polityki i 1%"},"content":{"rendered":"<p style=\"text-align: justify;\">Kwiecie\u0144 by\u0142 ostatnim miesi\u0105cem przed wyborami prezydenckimi. Nie da\u0142o si\u0119 nie zauwa\u017cy\u0107,  \u017ce nadchodz\u0105ca elekcja stanowi\u0142a doskona\u0142e \u017ar\u00f3d\u0142o inspiracji dla administrator\u00f3w stron i pojawi\u0142a si\u0119 w ponad 7, 4 tys. opublikowanych w minionym miesi\u0105cu post\u00f3w. Jednak nie sam\u0105 polityk\u0105 Facebook \u017cyje,  co pokazuj\u0105 najcz\u0119\u015bciej u\u017cywane hashtagi kwietnia: #muzyka,  #discopolo oraz #konkurs. Po chwilowym zastoju,  administratorzy stron na Facebooku cz\u0119\u015bciej komunikowali si\u0119 z fanami,  publikuj\u0105c w kwietniu o 17, 44% wi\u0119cej post\u00f3w ni\u017c w marcu. Co jeszcze dzia\u0142o si\u0119 na Facebooku w ubieg\u0142ym miesi\u0105cu? <strong>Zapraszamy do lektury raportu <a title=\"Kilknij,  aby przej\u015b\u0107 do raportu\" href=\"http:\/\/sotrender.pl\/trends\/facebook\/\" target=\"_blank\">Fanpage Trends<\/a> przygotowanego przez <a title=\"Kliknij,  aby przej\u015b\u0107 do strony\" href=\"http:\/\/sotrender.pl\" target=\"_blank\">Sotrender<\/a>!<\/strong><\/p>\n<p style=\"text-align: justify;\"><!--more--><\/p>\n<h2 style=\"text-align: justify;\"><b>Wielkie serca u\u017cytkownik\u00f3w Facebooka<\/b><strong><strong>\u00a0<\/strong><\/strong><\/h2>\n<p style=\"text-align: justify;\">Najbardziej interaktywnym postem kwietnia by\u0142 status Ewy Chodakowskiej,  w kt\u00f3rym znana trenerka wzywa do pomocy finansowej dla chorej Zuzi. Historia dziewczynki rozesz\u0142a si\u0119 szerokim echem r\u00f3wnie\u017c w mediach tradycyjnych i ci\u0105gu kilkudziesi\u0119ciu dni uda\u0142o si\u0119 zebra\u0107 potrzebn\u0105 kwot\u0119 na kosztown\u0105 terapi\u0119. W\u015br\u00f3d najlepszych kwietniowych post\u00f3w pojawi\u0142 si\u0119 podobny status Abelarda Gizy. Znany komik namawia\u0142 do spe\u0142nienia marze\u0144 \u015bmiertelnie chorego ch\u0142opca. U\u017cytkownicy Facebooka s\u0105 bardzo wra\u017cliwi na takie komunikaty,  dlatego niezwykle ch\u0119tnie je udost\u0119pniali,  komentowali i klikali \u201clubi\u0119 to!\u201d.<\/p>\n<p style=\"text-align: justify;\">Jednocze\u015bnie kwiecie\u0144 od kilku lat jest miesi\u0105cem najbardziej wzmo\u017conej aktywno\u015bci w mediach spo\u0142eczno\u015bciowych organizacji po\u017cytku publicznego,  co wi\u0105\u017ce si\u0119 z mo\u017cliwo\u015bci\u0105 przekazania 1% podatku dochodowego. W rezultacie du\u017ce wzrosty zaanga\u017cowania u\u017cytkownik\u00f3w zanotowa\u0142a wi\u0119kszo\u015b\u0107 stron organizacji pozarz\u0105dowych,  a ca\u0142a bran\u017ca w kwietniu znalaz\u0142a si\u0119 na czele rankingu interaktywno\u015bci.<\/p>\n<div id=\"attachment_18205\" style=\"width: 610px\" class=\"wp-caption aligncenter\"><a href=\"https:\/\/www.sotrender.com\/blog\/wp-content\/uploads\/2015\/05\/por\u00f3wnanie-bran\u017c-interakywno\u015b\u0107-fanpage-trends-kwiecie\u0144-2015.png\"><img loading=\"lazy\" decoding=\"async\" aria-describedby=\"caption-attachment-18205\" class=\"wp-image-18205\" src=\"https:\/\/www.sotrender.com\/blog\/wp-content\/uploads\/2015\/05\/por\u00f3wnanie-bran\u017c-interakywno\u015b\u0107-fanpage-trends-kwiecie\u0144-2015.png\" alt=\"Najbardziej interaktywne bran\u017ce - Fapage Trends kwiecie\u0144 2015\" width=\"600\" height=\"342\" srcset=\"https:\/\/www.sotrender.com\/blog\/wp-content\/uploads\/2015\/05\/por\u00f3wnanie-bran\u017c-interakywno\u015b\u0107-fanpage-trends-kwiecie\u0144-2015.png 936w, https:\/\/www.sotrender.com\/blog\/wp-content\/uploads\/2015\/05\/por\u00f3wnanie-bran\u017c-interakywno\u015b\u0107-fanpage-trends-kwiecie\u0144-2015-475x270.png 475w, https:\/\/www.sotrender.com\/blog\/wp-content\/uploads\/2015\/05\/por\u00f3wnanie-bran\u017c-interakywno\u015b\u0107-fanpage-trends-kwiecie\u0144-2015-768x437.png 768w, https:\/\/www.sotrender.com\/blog\/wp-content\/uploads\/2015\/05\/por\u00f3wnanie-bran\u017c-interakywno\u015b\u0107-fanpage-trends-kwiecie\u0144-2015-600x342.png 600w\" sizes=\"(max-width: 600px) 100vw, 600px\" \/><\/a><p id=\"caption-attachment-18205\" class=\"wp-caption-text\">Najbardziej interaktywne bran\u017ce- Fapage Trends kwiecie\u0144 2015<\/p><\/div>\n<h2 style=\"text-align: justify;\"><b>Kampania\u00a0w Fanpage Trends<\/b><\/h2>\n<p style=\"text-align: justify;\">Cho\u0107 kwiecie\u0144 by\u0142 gor\u0105cym okresem kampanii prezydenckiej,  to kategoria Politycy i partie w Fanpage Trends zanotowa\u0142a spadki zaanga\u017cowania i interaktywno\u015bci w por\u00f3wnaniu bran\u017c. Janusz Korwin-Mikke pozostaje niezagro\u017cony na pozycji najpopularniejszego na Facebooku polskiego polityka,  a jego fanpage w kwietniu polubi\u0142o 48 tys. nowych u\u017cytkownik\u00f3w. Na tak dobry wynik z pewno\u015bci\u0105 mia\u0142a wp\u0142yw intensywna kampania w mediach spo\u0142eczno\u015bciowych. R\u00f3wnie\u017c profile inicjatyw i polityk\u00f3w powi\u0105zanych z JKM zanotowa\u0142y spore wzrosty polubie\u0144. Partia KORWiN awansowa\u0142a na czwarte miejsce pod wzgl\u0119dem popularno\u015bci,  wyprzedzaj\u0105c profil Bronis\u0142awa Komorowskiego. Profil kontrkandydata urz\u0119duj\u0105cego prezydenta w majowych wyborach,  Andrzeja Dudy,  zyska\u0142 w ubieg\u0142ym miesi\u0105cu ponad 30 tys. nowych fan\u00f3w i awansowa\u0142 o pi\u0119\u0107 miejsc. Kolejny miesi\u0105c z rz\u0119du fan\u00f3w ubywa profilom Kongresu Nowej Prawicy oraz Twojego Ruchu.<\/p>\n<p style=\"text-align: justify;\"><strong><strong>\u00a0<\/strong><\/strong><\/p>\n<div id=\"attachment_18201\" style=\"width: 610px\" class=\"wp-caption aligncenter\"><a href=\"https:\/\/www.sotrender.com\/blog\/wp-content\/uploads\/2015\/05\/politycy-i-partie-najwi\u0119ksze-fp-trends-04-2015.png\"><img loading=\"lazy\" decoding=\"async\" aria-describedby=\"caption-attachment-18201\" class=\"wp-image-18201\" src=\"https:\/\/www.sotrender.com\/blog\/wp-content\/uploads\/2015\/05\/politycy-i-partie-najwi\u0119ksze-fp-trends-04-2015.png\" alt=\"Najwi\u0119ksze profile w kategorii Politycy i partie -  Fanpage Trends kwiecie\u0144 2015\" width=\"600\" height=\"347\" srcset=\"https:\/\/www.sotrender.com\/blog\/wp-content\/uploads\/2015\/05\/politycy-i-partie-najwi\u0119ksze-fp-trends-04-2015.png 944w, https:\/\/www.sotrender.com\/blog\/wp-content\/uploads\/2015\/05\/politycy-i-partie-najwi\u0119ksze-fp-trends-04-2015-475x275.png 475w, https:\/\/www.sotrender.com\/blog\/wp-content\/uploads\/2015\/05\/politycy-i-partie-najwi\u0119ksze-fp-trends-04-2015-768x444.png 768w, https:\/\/www.sotrender.com\/blog\/wp-content\/uploads\/2015\/05\/politycy-i-partie-najwi\u0119ksze-fp-trends-04-2015-600x347.png 600w\" sizes=\"(max-width: 600px) 100vw, 600px\" \/><\/a><p id=\"caption-attachment-18201\" class=\"wp-caption-text\">Najwi\u0119ksze profile w kategorii Politycy i partie &#8211; Fanpage Trends kwiecie\u0144 2015<\/p><\/div>\n<h2 style=\"text-align: justify;\"><b>Media mog\u0105 cz\u0119\u015bciej<\/b><\/h2>\n<p style=\"text-align: justify;\">W kwietniu postanowili\u015bmy sprawdzi\u0107,  jak cz\u0119stotliwo\u015b\u0107 postowania na Facebooku wp\u0142ywa na zasi\u0119g tre\u015bci i zaanga\u017cowanie u\u017cytkownik\u00f3w. W tym celu przebadali\u015bmy aktywno\u015b\u0107 ponad 3 tys. stron na Facebooku z kategorii Marki i Media. Chc\u0105c otrzyma\u0107 jak najdok\u0142adniejsze wyniki,  analiz\u0105 obj\u0119li\u015bmy okres od stycznia 2014 do kwietnia br. Rezultaty? Markom zupe\u0142nie nie op\u0142aca si\u0119 publikowa\u0107 tre\u015bci cz\u0119\u015bciej ni\u017c raz dziennie. Zar\u00f3wno zasi\u0119g organiczny i zaanga\u017cowanie spada drastycznie ju\u017c przy drugim po\u015bcie,  a przy nast\u0119pnych oba wska\u017aniki s\u0105 bliskie zeru. Inaczej sytuacja wygl\u0105da w przypadku stron Medi\u00f3w. Najwi\u0119ksze dzienne zasi\u0119gi odnotowuj\u0105 tre\u015bci opublikowane w pi\u0105tej,  a nawet sz\u00f3stej kolejno\u015bci. R\u00f3wnie\u017c zaanga\u017cowanie u\u017cytkownik\u00f3w nie spada tak szybko. Z tego powodu profile Marek du\u017co cz\u0119\u015bciej korzystaj\u0105 z p\u0142atnych form promocji tre\u015bci na Facebooku. <a title=\"Kliknij,  aby przeczyta\u0107 raport\" href=\"https:\/\/www.sotrender.com\/blog\/2015\/05\/posting-frequency-on-facebook\/\" target=\"_blank\">Po pe\u0142n\u0105 analiz\u0119 zapraszamy na naszego bloga.<\/a><\/p>\n<div id=\"attachment_18155\" style=\"width: 610px\" class=\"wp-caption aligncenter\"><a href=\"https:\/\/www.sotrender.com\/blog\/wp-content\/uploads\/2015\/05\/paid-reach.png\"><img loading=\"lazy\" decoding=\"async\" aria-describedby=\"caption-attachment-18155\" class=\"wp-image-18155\" src=\"https:\/\/www.sotrender.com\/blog\/wp-content\/uploads\/2015\/05\/paid-reach.png\" alt=\"The average paid reach in Media &amp; Brands categories - research by Sotrender\" width=\"600\" height=\"322\" srcset=\"https:\/\/www.sotrender.com\/blog\/wp-content\/uploads\/2015\/05\/paid-reach.png 1385w, https:\/\/www.sotrender.com\/blog\/wp-content\/uploads\/2015\/05\/paid-reach-475x255.png 475w, https:\/\/www.sotrender.com\/blog\/wp-content\/uploads\/2015\/05\/paid-reach-768x412.png 768w, https:\/\/www.sotrender.com\/blog\/wp-content\/uploads\/2015\/05\/paid-reach-950x510.png 950w, https:\/\/www.sotrender.com\/blog\/wp-content\/uploads\/2015\/05\/paid-reach-600x322.png 600w\" sizes=\"(max-width: 600px) 100vw, 600px\" \/><\/a><p id=\"caption-attachment-18155\" class=\"wp-caption-text\">The average paid reach in Media &amp; Brands categories<\/p><\/div>\n<p style=\"text-align: justify;\"><div class=\"shortcode trial\"><h4><span>Mierz dzia\u0142ania na Facebooku z Sotrenderem<\/span><a title=\"Wypr\u00f3buj za darmo!\" class=\"btn\" href=\"https:\/\/app.sotrender.com\/auth\/signup\/trial\/pl?utm_source=blog-cta-legacy\">Wypr\u00f3buj za darmo!<\/a><\/h4><\/div><\/p>\n<h2 style=\"text-align: justify;\"><b>Poznaj zainteresowania fan\u00f3w Twojej marki<\/b><\/h2>\n<p style=\"text-align: justify;\">Jako najwi\u0119kszy portal spo\u0142eczno\u015bciowy Facebook posiada ogromn\u0105 wiedz\u0119 na temat zachowa\u0144 swoich u\u017cytkownik\u00f3w i marek. Sotrender w ci\u0105gu 4 lat zebra\u0142 dziesi\u0105tki terabajt\u00f3w danych,  dzi\u0119ki kt\u00f3rym mo\u017cemy odpowiedzie\u0107 na pytanie \u201c<a title=\"Poznaj zainteresowania fan\u00f3w Twojej marki!\" href=\"https:\/\/www.sotrender.com\/blog\/pl\/2015\/05\/poznaj-zainteresowania-fanow-twojej-marki\/\">Jakie maj\u0105 zainteresowania fani naszej marki?<\/a>\u201d. Nasza baza profili,  tworzona od 2011 roku,  obejmuje obecnie ponad 22 tys. stron. Analizuj\u0105c dane z Facebooka,  mo\u017cna sprawdzi\u0107 zainteresowania naszych odbiorc\u00f3w dotycz\u0105ce dowolnego profilu czy bran\u017cy. Taka analiza z powodzeniem mo\u017ce uzupe\u0142ni\u0107,  albo nawet zast\u0105pi\u0107 badania konsumenckie,  tym bardziej,  \u017ce jest to badanie behawioralne,  a nie deklaratywne. W Sotrenderze dowiecie si\u0119 r\u00f3wnie\u017c,  z jakimi innymi profilami wchodz\u0105 w interakcj\u0119 u\u017cytkownicy zaanga\u017cowani na Waszym fanapage\u2019u,  co pomo\u017ce np. przygotowa\u0107 now\u0105 kampani\u0119 reklamow\u0105.<\/p>\n<div id=\"attachment_18018\" style=\"width: 610px\" class=\"wp-caption aligncenter\"><a href=\"https:\/\/www.sotrender.com\/blog\/wp-content\/uploads\/2015\/05\/wojak.jpg\"><img loading=\"lazy\" decoding=\"async\" aria-describedby=\"caption-attachment-18018\" class=\"wp-image-18018\" src=\"https:\/\/www.sotrender.com\/blog\/wp-content\/uploads\/2015\/05\/wojak.jpg\" alt=\"Zainteresowania u\u017cytkownik\u00f3w fanpage'a Wojaka\" width=\"600\" height=\"473\" srcset=\"https:\/\/www.sotrender.com\/blog\/wp-content\/uploads\/2015\/05\/wojak.jpg 1121w, https:\/\/www.sotrender.com\/blog\/wp-content\/uploads\/2015\/05\/wojak-475x375.jpg 475w, https:\/\/www.sotrender.com\/blog\/wp-content\/uploads\/2015\/05\/wojak-768x606.jpg 768w, https:\/\/www.sotrender.com\/blog\/wp-content\/uploads\/2015\/05\/wojak-950x749.jpg 950w, https:\/\/www.sotrender.com\/blog\/wp-content\/uploads\/2015\/05\/wojak-600x473.jpg 600w, https:\/\/www.sotrender.com\/blog\/wp-content\/uploads\/2015\/05\/wojak-550x433.jpg 550w\" sizes=\"(max-width: 600px) 100vw, 600px\" \/><\/a><p id=\"caption-attachment-18018\" class=\"wp-caption-text\">Zainteresowania u\u017cytkownik\u00f3w fanpage&#8217;a Wojaka<\/p><\/div>\n<h2 style=\"text-align: justify;\"><b>Urodziny Fanpage Trends<\/b><\/h2>\n<p style=\"text-align: justify;\">Kwiecie\u0144 to szczeg\u00f3lny miesi\u0105c r\u00f3wnie\u017c dla Sotrendera. W\u0142a\u015bnie w tym miesi\u0105cu,  w 2011 roku,  ukaza\u0142 si\u0119 pierwszy raport Fanpage Trends. Pierwsze wydanie Fanpage Trends mia\u0142o do\u015b\u0107 oszcz\u0119dn\u0105 szat\u0119 graficzn\u0105,  obejmowa\u0142o strony z najwy\u017csz\u0105 liczb\u0105 fan\u00f3w oraz zaanga\u017cowanych u\u017cytkownik\u00f3w i zestawienie post\u00f3w,  kt\u00f3re wywo\u0142a\u0142y najwi\u0119kszy odzew u\u017cytkownik\u00f3w. Od tamtej pory raporty przesz\u0142y liczne zmiany metodologiczne,  zyska\u0142y nowe kategorie,  wprowadzali\u015bmy sukcesywnie nowe wska\u017aniki i rankingi oraz zadbali\u015bmy o estetyczny wygl\u0105d publikacji. Obecnie comiesi\u0119czne raporty Trends to 5 publikacji,  uwzgl\u0119dniaj\u0105cych ponad 1000 stron tekstu i wykres\u00f3w. Przygotowywanie raport\u00f3w to gigantyczny wysi\u0142ek wszystkich os\u00f3b zaanga\u017cowanych w ten projekt. Wi\u0119cej o samym procesie powstawania raport\u00f3w,  jak i o tym,  jak w ci\u0105gu ostatnich kilku lat zmieni\u0142 si\u0119 ich g\u0142\u00f3wny bohater &#8211; czyli sam Facebook,  mo\u017cecie przeczyta\u0107 na blogu Sotrendera,  we wpisie pt.: \u201c<a title=\"Fanpage Trends \u2013 4 lata w s\u0142u\u017cbie polskiego marketingu na Facebooku (PREZENTACJA)\" href=\"https:\/\/www.sotrender.com\/blog\/pl\/2015\/04\/fanpage-trends-prezentacja\/\">Fanpage Trends \u2013 4 lata w s\u0142u\u017cbie polskiego marketingu na Facebooku<\/a>\u201d. Cieszymy si\u0119,  \u017ce doceniacie nasze starania i co miesi\u0105c wyczekujecie raport\u00f3w z tak\u0105 niecierpliwo\u015bci\u0105! Dzi\u0119ki!<\/p>\n<div id=\"attachment_17819\" style=\"width: 610px\" class=\"wp-caption aligncenter\"><a href=\"https:\/\/www.sotrender.com\/blog\/wp-content\/uploads\/2015\/04\/trends-w-liczbach.png\"><img loading=\"lazy\" decoding=\"async\" aria-describedby=\"caption-attachment-17819\" class=\"wp-image-17819\" src=\"https:\/\/www.sotrender.com\/blog\/wp-content\/uploads\/2015\/04\/trends-w-liczbach.png\" alt=\"Raporty Trends w liczbach\" width=\"600\" height=\"444\" srcset=\"https:\/\/www.sotrender.com\/blog\/wp-content\/uploads\/2015\/04\/trends-w-liczbach.png 994w, https:\/\/www.sotrender.com\/blog\/wp-content\/uploads\/2015\/04\/trends-w-liczbach-475x352.png 475w, https:\/\/www.sotrender.com\/blog\/wp-content\/uploads\/2015\/04\/trends-w-liczbach-768x569.png 768w, https:\/\/www.sotrender.com\/blog\/wp-content\/uploads\/2015\/04\/trends-w-liczbach-950x703.png 950w, https:\/\/www.sotrender.com\/blog\/wp-content\/uploads\/2015\/04\/trends-w-liczbach-600x444.png 600w\" sizes=\"(max-width: 600px) 100vw, 600px\" \/><\/a><p id=\"caption-attachment-17819\" class=\"wp-caption-text\">Raporty Trends w liczbach<\/p><\/div>\n<h2 style=\"text-align: center;\"><strong><br \/>\n<a title=\"Kliknij,  aby przeczyta\u0107 raport\" href=\"http:\/\/sotrender.pl\/trends\/facebook\/\" target=\"_blank\"><b>Zapraszamy do lektury kwietniowego wydania raportu <\/b><\/a><\/strong><\/h2>\n<h2 style=\"text-align: center;\"><a title=\"Kliknij,  aby przeczyta\u0107 raport\" href=\"http:\/\/sotrender.pl\/trends\/facebook\/\" target=\"_blank\"><strong><b>Fanpage Trends!<\/b><\/strong><\/a><\/h2>\n","protected":false},"excerpt":{"rendered":"<p>Kwiecie\u0144 by\u0142 ostatnim miesi\u0105cem przed wyborami prezydenckimi. Nie da\u0142o si\u0119 nie zauwa\u017cy\u0107, \u017ce nadchodz\u0105ca elekcja stanowi\u0142a doskona\u0142e \u017ar\u00f3d\u0142o inspiracji dla administrator\u00f3w stron i pojawi\u0142a si\u0119 w ponad 7, 4 tys. opublikowanych w minionym miesi\u0105cu post\u00f3w. Jednak nie sam\u0105 polityk\u0105 Facebook \u017cyje, co pokazuj\u0105 najcz\u0119\u015bciej u\u017cywane hashtagi kwietnia: #muzyka, #discopolo oraz #konkurs. Po chwilowym zastoju, administratorzy [&hellip;]<\/p>\n","protected":false},"author":31,"featured_media":14935,"comment_status":"open","ping_status":"open","sticky":false,"template":"","format":"standard","meta":{"inline_featured_image":false,"footnotes":""},"categories":[1791,1797],"tags":[7,17,31],"yoast_head":"<!-- This site is optimized with the Yoast SEO plugin v22.4 - https:\/\/yoast.com\/wordpress\/plugins\/seo\/ -->\n<title>Fanpage Trends Kwiecie\u0144 2015 - \u00a0wiosna pod znakiem polityki i 1%<\/title>\n<meta name=\"description\" content=\"Sotrender zaprasza do lektury kwietniowego wydania raportu Fanpage Trends, podsumowuj\u0105cego najwa\u017cniejsze wydarzenia na Facebooku w minionym miesi\u0105cu.\" \/>\n<meta name=\"robots\" content=\"index, follow, max-snippet:-1, max-image-preview:large, max-video-preview:-1\" \/>\n<link rel=\"canonical\" href=\"https:\/\/www.sotrender.com\/blog\/pl\/2015\/05\/fanpage-trends-kwiecien-2015\/\" \/>\n<meta property=\"og:locale\" content=\"pl_PL\" \/>\n<meta property=\"og:type\" content=\"article\" \/>\n<meta property=\"og:title\" content=\"Fanpage Trends Kwiecie\u0144 2015 - \u00a0wiosna pod znakiem polityki i 1%\" \/>\n<meta property=\"og:description\" content=\"Sotrender zaprasza do lektury kwietniowego wydania raportu Fanpage Trends, podsumowuj\u0105cego najwa\u017cniejsze wydarzenia na Facebooku w minionym miesi\u0105cu.\" \/>\n<meta property=\"og:url\" content=\"https:\/\/www.sotrender.com\/blog\/pl\/2015\/05\/fanpage-trends-kwiecien-2015\/\" \/>\n<meta property=\"og:site_name\" content=\"Sotrender Blog\" \/>\n<meta property=\"article:publisher\" content=\"https:\/\/www.facebook.com\/Sotrender\" \/>\n<meta property=\"article:published_time\" content=\"2015-05-21T08:57:48+00:00\" \/>\n<meta property=\"article:modified_time\" content=\"2015-12-01T20:26:03+00:00\" \/>\n<meta property=\"og:image\" content=\"https:\/\/www.sotrender.com\/blog\/wp-content\/uploads\/2014\/09\/trends.jpg\" \/>\n\t<meta property=\"og:image:width\" content=\"1600\" \/>\n\t<meta property=\"og:image:height\" content=\"700\" \/>\n\t<meta property=\"og:image:type\" content=\"image\/jpeg\" \/>\n<meta name=\"author\" content=\"Aleksandra Prejs\" \/>\n<meta name=\"twitter:card\" content=\"summary_large_image\" \/>\n<meta name=\"twitter:creator\" content=\"@Sotrender\" \/>\n<meta name=\"twitter:site\" content=\"@Sotrender\" \/>\n<meta name=\"twitter:label1\" content=\"Written by\" \/>\n\t<meta name=\"twitter:data1\" content=\"Aleksandra Prejs\" \/>\n\t<meta name=\"twitter:label2\" content=\"Est. reading time\" \/>\n\t<meta name=\"twitter:data2\" content=\"5 minutes\" \/>\n<script type=\"application\/ld+json\" class=\"yoast-schema-graph\">{\"@context\":\"https:\/\/schema.org\",\"@graph\":[{\"@type\":\"WebPage\",\"@id\":\"https:\/\/www.sotrender.com\/blog\/pl\/2015\/05\/fanpage-trends-kwiecien-2015\/\",\"url\":\"https:\/\/www.sotrender.com\/blog\/pl\/2015\/05\/fanpage-trends-kwiecien-2015\/\",\"name\":\"Fanpage Trends Kwiecie\u0144 2015 - \u00a0wiosna pod znakiem polityki i 1%\",\"isPartOf\":{\"@id\":\"https:\/\/www.sotrender.com\/blog\/#website\"},\"primaryImageOfPage\":{\"@id\":\"https:\/\/www.sotrender.com\/blog\/pl\/2015\/05\/fanpage-trends-kwiecien-2015\/#primaryimage\"},\"image\":{\"@id\":\"https:\/\/www.sotrender.com\/blog\/pl\/2015\/05\/fanpage-trends-kwiecien-2015\/#primaryimage\"},\"thumbnailUrl\":\"https:\/\/www.sotrender.com\/blog\/wp-content\/uploads\/2014\/09\/trends.jpg\",\"datePublished\":\"2015-05-21T08:57:48+00:00\",\"dateModified\":\"2015-12-01T20:26:03+00:00\",\"author\":{\"@id\":\"https:\/\/www.sotrender.com\/blog\/#\/schema\/person\/7106df62825269bc360ad9171cd7149b\"},\"description\":\"Sotrender zaprasza do lektury kwietniowego wydania raportu Fanpage Trends, podsumowuj\u0105cego najwa\u017cniejsze wydarzenia na Facebooku w minionym miesi\u0105cu.\",\"breadcrumb\":{\"@id\":\"https:\/\/www.sotrender.com\/blog\/pl\/2015\/05\/fanpage-trends-kwiecien-2015\/#breadcrumb\"},\"inLanguage\":\"pl-PL\",\"potentialAction\":[{\"@type\":\"ReadAction\",\"target\":[\"https:\/\/www.sotrender.com\/blog\/pl\/2015\/05\/fanpage-trends-kwiecien-2015\/\"]}]},{\"@type\":\"ImageObject\",\"inLanguage\":\"pl-PL\",\"@id\":\"https:\/\/www.sotrender.com\/blog\/pl\/2015\/05\/fanpage-trends-kwiecien-2015\/#primaryimage\",\"url\":\"https:\/\/www.sotrender.com\/blog\/wp-content\/uploads\/2014\/09\/trends.jpg\",\"contentUrl\":\"https:\/\/www.sotrender.com\/blog\/wp-content\/uploads\/2014\/09\/trends.jpg\",\"width\":1600,\"height\":700},{\"@type\":\"BreadcrumbList\",\"@id\":\"https:\/\/www.sotrender.com\/blog\/pl\/2015\/05\/fanpage-trends-kwiecien-2015\/#breadcrumb\",\"itemListElement\":[{\"@type\":\"ListItem\",\"position\":1,\"name\":\"Home\",\"item\":\"https:\/\/www.sotrender.com\/blog\/\"},{\"@type\":\"ListItem\",\"position\":2,\"name\":\"Fanpage Trends Kwiecie\u0144 2015 &#8211; \u00a0wiosna pod znakiem polityki i 1%\"}]},{\"@type\":\"WebSite\",\"@id\":\"https:\/\/www.sotrender.com\/blog\/#website\",\"url\":\"https:\/\/www.sotrender.com\/blog\/\",\"name\":\"Sotrender Blog\",\"description\":\"\",\"potentialAction\":[{\"@type\":\"SearchAction\",\"target\":{\"@type\":\"EntryPoint\",\"urlTemplate\":\"https:\/\/www.sotrender.com\/blog\/?s={search_term_string}\"},\"query-input\":\"required name=search_term_string\"}],\"inLanguage\":\"pl-PL\"},{\"@type\":\"Person\",\"@id\":\"https:\/\/www.sotrender.com\/blog\/#\/schema\/person\/7106df62825269bc360ad9171cd7149b\",\"name\":\"Aleksandra Prejs\",\"image\":{\"@type\":\"ImageObject\",\"inLanguage\":\"pl-PL\",\"@id\":\"https:\/\/www.sotrender.com\/blog\/#\/schema\/person\/image\/\",\"url\":\"https:\/\/secure.gravatar.com\/avatar\/469000454b77ff0aacb32c49dba023be?s=96&d=mm&r=g\",\"contentUrl\":\"https:\/\/secure.gravatar.com\/avatar\/469000454b77ff0aacb32c49dba023be?s=96&d=mm&r=g\",\"caption\":\"Aleksandra Prejs\"},\"url\":\"https:\/\/www.sotrender.com\/blog\/pl\/author\/aleksandra-prejs\/\"}]}<\/script>\n<!-- \/ Yoast SEO plugin. -->","yoast_head_json":{"title":"Fanpage Trends Kwiecie\u0144 2015 - \u00a0wiosna pod znakiem polityki i 1%","description":"Sotrender zaprasza do lektury kwietniowego wydania raportu Fanpage Trends, podsumowuj\u0105cego najwa\u017cniejsze wydarzenia na Facebooku w minionym miesi\u0105cu.","robots":{"index":"index","follow":"follow","max-snippet":"max-snippet:-1","max-image-preview":"max-image-preview:large","max-video-preview":"max-video-preview:-1"},"canonical":"https:\/\/www.sotrender.com\/blog\/pl\/2015\/05\/fanpage-trends-kwiecien-2015\/","og_locale":"pl_PL","og_type":"article","og_title":"Fanpage Trends Kwiecie\u0144 2015 - \u00a0wiosna pod znakiem polityki i 1%","og_description":"Sotrender zaprasza do lektury kwietniowego wydania raportu Fanpage Trends, podsumowuj\u0105cego najwa\u017cniejsze wydarzenia na Facebooku w minionym miesi\u0105cu.","og_url":"https:\/\/www.sotrender.com\/blog\/pl\/2015\/05\/fanpage-trends-kwiecien-2015\/","og_site_name":"Sotrender Blog","article_publisher":"https:\/\/www.facebook.com\/Sotrender","article_published_time":"2015-05-21T08:57:48+00:00","article_modified_time":"2015-12-01T20:26:03+00:00","og_image":[{"width":1600,"height":700,"url":"https:\/\/www.sotrender.com\/blog\/wp-content\/uploads\/2014\/09\/trends.jpg","type":"image\/jpeg"}],"author":"Aleksandra Prejs","twitter_card":"summary_large_image","twitter_creator":"@Sotrender","twitter_site":"@Sotrender","twitter_misc":{"Written by":"Aleksandra Prejs","Est. reading time":"5 minutes"},"schema":{"@context":"https:\/\/schema.org","@graph":[{"@type":"WebPage","@id":"https:\/\/www.sotrender.com\/blog\/pl\/2015\/05\/fanpage-trends-kwiecien-2015\/","url":"https:\/\/www.sotrender.com\/blog\/pl\/2015\/05\/fanpage-trends-kwiecien-2015\/","name":"Fanpage Trends Kwiecie\u0144 2015 - \u00a0wiosna pod znakiem polityki i 1%","isPartOf":{"@id":"https:\/\/www.sotrender.com\/blog\/#website"},"primaryImageOfPage":{"@id":"https:\/\/www.sotrender.com\/blog\/pl\/2015\/05\/fanpage-trends-kwiecien-2015\/#primaryimage"},"image":{"@id":"https:\/\/www.sotrender.com\/blog\/pl\/2015\/05\/fanpage-trends-kwiecien-2015\/#primaryimage"},"thumbnailUrl":"https:\/\/www.sotrender.com\/blog\/wp-content\/uploads\/2014\/09\/trends.jpg","datePublished":"2015-05-21T08:57:48+00:00","dateModified":"2015-12-01T20:26:03+00:00","author":{"@id":"https:\/\/www.sotrender.com\/blog\/#\/schema\/person\/7106df62825269bc360ad9171cd7149b"},"description":"Sotrender zaprasza do lektury kwietniowego wydania raportu Fanpage Trends, podsumowuj\u0105cego najwa\u017cniejsze wydarzenia na Facebooku w minionym miesi\u0105cu.","breadcrumb":{"@id":"https:\/\/www.sotrender.com\/blog\/pl\/2015\/05\/fanpage-trends-kwiecien-2015\/#breadcrumb"},"inLanguage":"pl-PL","potentialAction":[{"@type":"ReadAction","target":["https:\/\/www.sotrender.com\/blog\/pl\/2015\/05\/fanpage-trends-kwiecien-2015\/"]}]},{"@type":"ImageObject","inLanguage":"pl-PL","@id":"https:\/\/www.sotrender.com\/blog\/pl\/2015\/05\/fanpage-trends-kwiecien-2015\/#primaryimage","url":"https:\/\/www.sotrender.com\/blog\/wp-content\/uploads\/2014\/09\/trends.jpg","contentUrl":"https:\/\/www.sotrender.com\/blog\/wp-content\/uploads\/2014\/09\/trends.jpg","width":1600,"height":700},{"@type":"BreadcrumbList","@id":"https:\/\/www.sotrender.com\/blog\/pl\/2015\/05\/fanpage-trends-kwiecien-2015\/#breadcrumb","itemListElement":[{"@type":"ListItem","position":1,"name":"Home","item":"https:\/\/www.sotrender.com\/blog\/"},{"@type":"ListItem","position":2,"name":"Fanpage Trends Kwiecie\u0144 2015 &#8211; \u00a0wiosna pod znakiem polityki i 1%"}]},{"@type":"WebSite","@id":"https:\/\/www.sotrender.com\/blog\/#website","url":"https:\/\/www.sotrender.com\/blog\/","name":"Sotrender Blog","description":"","potentialAction":[{"@type":"SearchAction","target":{"@type":"EntryPoint","urlTemplate":"https:\/\/www.sotrender.com\/blog\/?s={search_term_string}"},"query-input":"required name=search_term_string"}],"inLanguage":"pl-PL"},{"@type":"Person","@id":"https:\/\/www.sotrender.com\/blog\/#\/schema\/person\/7106df62825269bc360ad9171cd7149b","name":"Aleksandra Prejs","image":{"@type":"ImageObject","inLanguage":"pl-PL","@id":"https:\/\/www.sotrender.com\/blog\/#\/schema\/person\/image\/","url":"https:\/\/secure.gravatar.com\/avatar\/469000454b77ff0aacb32c49dba023be?s=96&d=mm&r=g","contentUrl":"https:\/\/secure.gravatar.com\/avatar\/469000454b77ff0aacb32c49dba023be?s=96&d=mm&r=g","caption":"Aleksandra Prejs"},"url":"https:\/\/www.sotrender.com\/blog\/pl\/author\/aleksandra-prejs\/"}]}},"_links":{"self":[{"href":"https:\/\/www.sotrender.com\/blog\/pl\/wp-json\/wp\/v2\/posts\/18191"}],"collection":[{"href":"https:\/\/www.sotrender.com\/blog\/pl\/wp-json\/wp\/v2\/posts"}],"about":[{"href":"https:\/\/www.sotrender.com\/blog\/pl\/wp-json\/wp\/v2\/types\/post"}],"author":[{"embeddable":true,"href":"https:\/\/www.sotrender.com\/blog\/pl\/wp-json\/wp\/v2\/users\/31"}],"replies":[{"embeddable":true,"href":"https:\/\/www.sotrender.com\/blog\/pl\/wp-json\/wp\/v2\/comments?post=18191"}],"version-history":[{"count":9,"href":"https:\/\/www.sotrender.com\/blog\/pl\/wp-json\/wp\/v2\/posts\/18191\/revisions"}],"predecessor-version":[{"id":18449,"href":"https:\/\/www.sotrender.com\/blog\/pl\/wp-json\/wp\/v2\/posts\/18191\/revisions\/18449"}],"wp:featuredmedia":[{"embeddable":true,"href":"https:\/\/www.sotrender.com\/blog\/pl\/wp-json\/wp\/v2\/media\/14935"}],"wp:attachment":[{"href":"https:\/\/www.sotrender.com\/blog\/pl\/wp-json\/wp\/v2\/media?parent=18191"}],"wp:term":[{"taxonomy":"category","embeddable":true,"href":"https:\/\/www.sotrender.com\/blog\/pl\/wp-json\/wp\/v2\/categories?post=18191"},{"taxonomy":"post_tag","embeddable":true,"href":"https:\/\/www.sotrender.com\/blog\/pl\/wp-json\/wp\/v2\/tags?post=18191"}],"curies":[{"name":"wp","href":"https:\/\/api.w.org\/{rel}","templated":true}]}}