{"id":17953,"date":"2015-05-07T17:07:42","date_gmt":"2015-05-07T16:07:42","guid":{"rendered":"http:\/\/blog.sotrender.com\/?p=17953"},"modified":"2017-04-13T13:05:50","modified_gmt":"2017-04-13T11:05:50","slug":"kampania-prezydencka-w-social-media-2","status":"publish","type":"post","link":"https:\/\/www.sotrender.com\/blog\/pl\/2015\/05\/kampania-prezydencka-w-social-media-2\/","title":{"rendered":"Kampania prezydencka w social media &#8211; raport Sotrender"},"content":{"rendered":"<p style=\"text-align: justify;\">Na moment przed wyborami prezydenckimi Sotrender sprawdza, jak kandydaci do obj\u0119cia najwa\u017cniejszego urz\u0119du w pa\u0144stwie radz\u0105 sobie w mediach spo\u0142eczno\u015bciowych. Kt\u00f3ry z ubiegaj\u0105cych si\u0119 o fotel prezydenta prowadzi najbardziej intensywn\u0105 komunikacj\u0119, a kt\u00f3ry najskuteczniej anga\u017cuje u\u017cytkownik\u00f3w spo\u0142eczno\u015bci? Kto prowadzi w rankingach wed\u0142ug liczby fan\u00f3w, obserwuj\u0105cych czy subskrybent\u00f3w? Zapraszamy do lektury drugiej cz\u0119\u015bci raportu Sotrendera, podsumowuj\u0105cego spo\u0142eczno\u015bciowy wy\u015bcig do Pa\u0142acu Prezydenckiego.<\/p>\n<p style=\"text-align: justify;\">Trzy tygodnie temu <a href=\"https:\/\/www.sotrender.com\/blog\/pl\/2015\/04\/kampania-prezydencka-w-social-media\/\">Sotrender opublikowa\u0142 pierwsz\u0105 cz\u0119\u015b\u0107 raportu<\/a>\u00a0dotycz\u0105cego aktywno\u015bci kandydat\u00f3w na prezydenta w mediach spo\u0142eczno\u015bciowych. Aby odpowiedzie\u0107 na pytanie, \u00a0jak kandydaci na prezydenta radzili sobie w mediach spo\u0142eczno\u015bciowych na nieca\u0142y miesi\u0105c przed wyborami i kt\u00f3ry z nich w\u00f3wczas szczeg\u00f3lnie wyr\u00f3\u017cnia\u0142 si\u0119 pod wzgl\u0119dem intensywno\u015bci komunikacji, \u00a0zmierzyli\u015bmy popularno\u015b\u0107 prowadzonych przez nich profili, \u00a0sprawdzili\u015bmy, \u00a0jak bardzo anga\u017cuj\u0105 si\u0119 w interakcje z u\u017cytkownikami oraz zbadali\u015bmy zainteresowania ich fan\u00f3w. Poddali\u015bmy analizie aktywno\u015bci kandydat\u00f3w na prezydenta w mediach spo\u0142eczno\u015bciowych wykonane mi\u0119dzy 16. kwietnia a 6. maja br. Jak obecnie wygl\u0105da kampania prezydencka w social media?<\/p>\n<h2 style=\"text-align: justify;\"><b>Kandydaci na ostatniej prostej<\/b><\/h2>\n<p style=\"text-align: justify;\">Ostatnie tygodnie przedwyborczych zmaga\u0144 kandydat\u00f3w na prezydenta w mediach spo\u0142eczno\u015bciowych przynios\u0142y kilka istotnych zmian. Przede wszystkim pod wzgl\u0119dem intensywno\u015bci komunikacji dotychczasowego lidera, Bronis\u0142awa Komorowskiego, wyprzedzi\u0142 Pawe\u0142 Kukiz, kt\u00f3ry\u2026 zdecydowa\u0142 dzi\u015b o zawieszeniu kampanii przedwyborczej z powod\u00f3w osobistych. Janusz Korwin-Mikke pozostaje kr\u00f3lem Facebooka,\u00a0ale znacznie s\u0142abiej radzi sobie w innych kana\u0142ach spo\u0142eczno\u015bciowych. Symboliczny pr\u00f3g 100 tys. fan\u00f3w przekroczy\u0142 fanpage Paw\u0142a Kukiza. Wyniki analiz ewidentnie pokazuj\u0105,\u00a0\u017ce chocia\u017c wszyscy kandydaci do Pa\u0142acu Prezydenckiego opanowali komunikacj\u0119 na Facebooku,\u00a0wi\u0119kszo\u015b\u0107 z nich nie doceni\u0142a jeszcze potencja\u0142u, jaki daje YouTube.<\/p>\n<h2 style=\"text-align: justify;\"><b>Kukiz z najintensywniejsz\u0105 komunikacj\u0105 w social media<\/b><\/h2>\n<p style=\"text-align: justify;\">W zbiorczym rankingu intensywno\u015bci komunikacji w mediach spo\u0142eczno\u015bciowych wida\u0107 du\u017ce zmiany. Na pierwszym miejscu znajduje si\u0119 Pawe\u0142 Kukiz, kt\u00f3ry tak du\u017cy awans zawdzi\u0119cza aktywno\u015bci na Facebooku i YouTube. Bronis\u0142aw Komorowski, cho\u0107 utrzyma\u0142 podobny poziom intensywno\u015bci komunikacji, znalaz\u0142 si\u0119 na drugim miejscu. Na najni\u017cszy stopie\u0144 podium awansowa\u0142 Andrzej Duda, a zajmuj\u0105cy w poprzednim raporcie Marian Kowalski wyra\u017anie zwolni\u0142 tempo na ostatniej prostej i spad\u0142 na si\u00f3dme miejsce. Dzi\u0119ki aktywno\u015bci na YouTube, Grzegorz Braun zr\u00f3wna\u0142 si\u0119 punktami z Januszem Korwin-Mikkem,\u00a0kt\u00f3ry jest niezagro\u017conym liderem w\u015br\u00f3d polityk\u00f3w na Facebooku, ale nie radzi sobie por\u00f3wnywalnie dobrze w innych kana\u0142ach spo\u0142eczno\u015bciowych.<\/p>\n<p><img loading=\"lazy\" decoding=\"async\" class=\"wp-image-17979\" src=\"https:\/\/www.sotrender.com\/blog\/wp-content\/uploads\/2015\/05\/ranking_sumaryczny2.png\" alt=\"Wska\u017anik intensywno\u015bci komunikacji kandydat\u00f3w na prezydenta w meidach spo\u0142eczno\u015bciowych - raport Sotrendera\" width=\"600\" height=\"400\" srcset=\"https:\/\/www.sotrender.com\/blog\/wp-content\/uploads\/2015\/05\/ranking_sumaryczny2.png 1950w, https:\/\/www.sotrender.com\/blog\/wp-content\/uploads\/2015\/05\/ranking_sumaryczny2-475x317.png 475w, https:\/\/www.sotrender.com\/blog\/wp-content\/uploads\/2015\/05\/ranking_sumaryczny2-768x512.png 768w, https:\/\/www.sotrender.com\/blog\/wp-content\/uploads\/2015\/05\/ranking_sumaryczny2-950x633.png 950w, https:\/\/www.sotrender.com\/blog\/wp-content\/uploads\/2015\/05\/ranking_sumaryczny2-600x400.png 600w\" sizes=\"(max-width: 600px) 100vw, 600px\" \/><\/p>\n<p style=\"text-align: justify;\">Wska\u017anik podsumowuje osi\u0105gni\u0119cia kandydat\u00f3w pod wzgl\u0119dem jako\u015bci oraz liczby publikowanych tre\u015bci oraz zdolno\u015bci do anga\u017cowania fan\u00f3w. Zosta\u0142 on obliczony na podstawie pozycji profilu w poszczegolnych zestawieniach, kt\u00f3re przedstawiamy poni\u017cej. Za osi\u0105gni\u0119cie pierwszego miejsca w rankingu profil otrzymywa\u0142 5 punkt\u00f3w, za miejsce pi\u0105te \u2013 1 punkt. Pozosta\u0142e miejsca nie s\u0105 punktowane.<\/p>\n<h2 style=\"text-align: justify;\"><b>Wyra\u017ane zmiany w demografii fan\u00f3w na Facebooku<\/b><\/h2>\n<p style=\"text-align: justify;\">Mo\u017cemy zaobserwowa\u0107 ciekawe zmiany w demografii fan\u00f3w facebookowych stron kandydat\u00f3w na prezydenta. Profil Bronis\u0142awa Komorowskiego pozosta\u0142 jedynym profilem lubianym cz\u0119\u015bciej przez kobiety ni\u017c m\u0119\u017cczyzn. Udzia\u0142 kobiet w strukturze fan\u00f3w strony urz\u0119duj\u0105cego prezydenta spad\u0142 o jeden punkt procentowy.<\/p>\n<p><img loading=\"lazy\" decoding=\"async\" class=\"wp-image-17955\" src=\"https:\/\/www.sotrender.com\/blog\/wp-content\/uploads\/2015\/05\/gender.png\" alt=\"Demografia fan\u00f3w stron kandydat\u00f3w na prezydenta w wyborach 2015 - raport Sotrender\" width=\"600\" height=\"388\" srcset=\"https:\/\/www.sotrender.com\/blog\/wp-content\/uploads\/2015\/05\/gender.png 1700w, https:\/\/www.sotrender.com\/blog\/wp-content\/uploads\/2015\/05\/gender-475x307.png 475w, https:\/\/www.sotrender.com\/blog\/wp-content\/uploads\/2015\/05\/gender-768x497.png 768w, https:\/\/www.sotrender.com\/blog\/wp-content\/uploads\/2015\/05\/gender-950x615.png 950w, https:\/\/www.sotrender.com\/blog\/wp-content\/uploads\/2015\/05\/gender-600x388.png 600w\" sizes=\"(max-width: 600px) 100vw, 600px\" \/><\/p>\n<p style=\"text-align: justify;\">Wysoki odsetek kobiet mo\u017cemy r\u00f3wnie\u017c zauwa\u017cy\u0107 na profilu Adama Jarubasa, kandydata Polskiego Stronnictwa Ludowego. Najbardziej zmaskulinizowanym profilem jest strona Mariana Kowalskiego, lidera Ruchu Narodowego. Jest to zmiana w stosunku do 16 kwietnia. Wtedy najbardziej m\u0119sk\u0105 struktur\u0119 fan\u00f3w mia\u0142 Jacek Wilk,\u00a0kandydat Kongresu Nowej Prawicy.<\/p>\n<h2 style=\"text-align: justify;\"><b>Korwin-Mikke kr\u00f3lem Facebooka<\/b><\/h2>\n<p style=\"text-align: justify;\">Janusz Korwin-Mikke, niepodzielny w\u0142adca polskiego politycznego Facebooka przekroczy\u0142 kolejn\u0105 symboliczn\u0105 barier\u0119. Jego fanpage polubi\u0142o ponad 600 tys. os\u00f3b, a od 16. kwietnia jego strona zyska\u0142a ponad 50 tys. fan\u00f3w. Profil Paw\u0142a Kukiza do\u0142\u0105czy\u0142 do stron maj\u0105cych ponad 100 tys. fan\u00f3w, a do tej liczby w dniu 6. maja zbli\u017ca si\u0119 fanpage Andrzeja Dudy i dzi\u015b te\u017c ju\u017c j\u0105 przekroczy\u0142. Bardzo wolno w por\u00f3wnaniu do najsilniejszych konkurent\u00f3w ro\u015bnie liczba fan\u00f3w Bronis\u0142awa Komorowskiego, w por\u00f3wnaniu do 16. kwietnia jego strona ma jedynie o 3 tys. fan\u00f3w wi\u0119cej. Strona Paw\u0142a Tanajno, kandydata Demokracji Bezpo\u015bredniej wzros\u0142a o prawie 100%, jednak w warto\u015bciach bezwzgl\u0119dnych Tanajno plasuje si\u0119 na ko\u0144cu ranking\u00f3w,\u00a0maj\u0105c ponad 2 tys. fan\u00f3w.<\/p>\n<p><img loading=\"lazy\" decoding=\"async\" class=\"wp-image-17961\" src=\"https:\/\/www.sotrender.com\/blog\/wp-content\/uploads\/2015\/05\/ranking_fans_fb.png\" alt=\"Liczba fan\u00f3w na stronach kandydat\u00f3w na prezydenta - Sotrender\" width=\"600\" height=\"388\" srcset=\"https:\/\/www.sotrender.com\/blog\/wp-content\/uploads\/2015\/05\/ranking_fans_fb.png 1700w, https:\/\/www.sotrender.com\/blog\/wp-content\/uploads\/2015\/05\/ranking_fans_fb-475x307.png 475w, https:\/\/www.sotrender.com\/blog\/wp-content\/uploads\/2015\/05\/ranking_fans_fb-768x497.png 768w, https:\/\/www.sotrender.com\/blog\/wp-content\/uploads\/2015\/05\/ranking_fans_fb-950x615.png 950w, https:\/\/www.sotrender.com\/blog\/wp-content\/uploads\/2015\/05\/ranking_fans_fb-600x388.png 600w\" sizes=\"(max-width: 600px) 100vw, 600px\" \/><\/p>\n<p style=\"text-align: justify;\">Janusz Korwin-Mikke jest tak\u017ce najbardziej anga\u017cuj\u0105cym kandydatem na Facebooku (jest r\u00f3wnie\u017c najbardziej anga\u017cuj\u0105cym polskim politykiem w serwisie wed\u0142ug raport\u00f3w <a href=\"http:\/\/www.sotrender.pl\/trends\/facebook\/\">Fanpage Trends<\/a> &#8211; comiesi\u0119cznych raport\u00f3w Sotrendera podsumowuj\u0105cych najwa\u017cniejsze wydarzenia na Facebooku w Polsce),\u00a0w badanym okresie tre\u015bci publikowane przez lidera partii KORWiN zaanga\u017cowa\u0142y ponad 380 tys. u\u017cytkownik\u00f3w serwisu, ponad 3 razy wi\u0119cej ni\u017c drugiego w tym zestawieniu Paw\u0142a Kukiza. Nale\u017cy jednak zaznaczy\u0107,\u00a0\u017ce Pawe\u0142 Kukiz zaanga\u017cowa\u0142 wi\u0119cej u\u017cytkownik\u00f3w ni\u017c jego profil ma fan\u00f3w. Mo\u017ce by\u0107 to zwi\u0105zane z bardzo du\u017c\u0105 aktywno\u015bci\u0105 eks-muzyka, w badanym okresie komunikowa\u0142 si\u0119 ponad trzystukrotnie.<\/p>\n<p><img loading=\"lazy\" decoding=\"async\" class=\"wp-image-17963\" src=\"https:\/\/www.sotrender.com\/blog\/wp-content\/uploads\/2015\/05\/ranking_engagement_fb.png\" alt=\"Liczba zaanga\u017cowanych u\u017cytkownik\u00f3w na stronach kandytat\u00f3w na prezydenta - raport Sotrender\" width=\"600\" height=\"388\" srcset=\"https:\/\/www.sotrender.com\/blog\/wp-content\/uploads\/2015\/05\/ranking_engagement_fb.png 1700w, https:\/\/www.sotrender.com\/blog\/wp-content\/uploads\/2015\/05\/ranking_engagement_fb-475x307.png 475w, https:\/\/www.sotrender.com\/blog\/wp-content\/uploads\/2015\/05\/ranking_engagement_fb-768x497.png 768w, https:\/\/www.sotrender.com\/blog\/wp-content\/uploads\/2015\/05\/ranking_engagement_fb-950x615.png 950w, https:\/\/www.sotrender.com\/blog\/wp-content\/uploads\/2015\/05\/ranking_engagement_fb-600x388.png 600w\" sizes=\"(max-width: 600px) 100vw, 600px\" \/><\/p>\n<p style=\"text-align: justify;\">Najaktywniejszym kandydatem na Facebooku by\u0142 w badanym okresie Pawe\u0142 Kukiz, kt\u00f3ry zamie\u015bci\u0142 na swojej stronie prawie 200 post\u00f3w, o pi\u0119\u0107dziesi\u0105t wi\u0119cej ni\u017c drugi w rankingu Marian Kowalski. Prawie tak samo cz\u0119sto komunikowali si\u0119 Janusz Korwin-Mikke i Grzegorz Braun. Najrzadziej publikowa\u0142a posty Magdalena Og\u00f3rek. W por\u00f3wnaniu z poprzednim raportem, ranking aktywno\u015bci na Facebooku nie zmieni\u0142 si\u0119 diametralnie, najwi\u0119kszy spadek zanotowa\u0142 Adam Jarubas. Kandydat PSL w badanym okresie wys\u0142a\u0142 86 komunikat\u00f3w i plasuje si\u0119 7. miejscu (spadek o dwa miejsca w por\u00f3wnaniu z wynikami sprzed trzech tygodni).<\/p>\n<p><img loading=\"lazy\" decoding=\"async\" class=\"wp-image-17965\" src=\"https:\/\/www.sotrender.com\/blog\/wp-content\/uploads\/2015\/05\/ranking_activity_fb.png\" alt=\"Liczba post\u00f3w zamieszczonych na stronach kandydat\u00f3w na prezydenta - raport Sotrendera\" width=\"600\" height=\"400\" srcset=\"https:\/\/www.sotrender.com\/blog\/wp-content\/uploads\/2015\/05\/ranking_activity_fb.png 1650w, https:\/\/www.sotrender.com\/blog\/wp-content\/uploads\/2015\/05\/ranking_activity_fb-475x317.png 475w, https:\/\/www.sotrender.com\/blog\/wp-content\/uploads\/2015\/05\/ranking_activity_fb-768x512.png 768w, https:\/\/www.sotrender.com\/blog\/wp-content\/uploads\/2015\/05\/ranking_activity_fb-950x633.png 950w, https:\/\/www.sotrender.com\/blog\/wp-content\/uploads\/2015\/05\/ranking_activity_fb-600x400.png 600w\" sizes=\"(max-width: 600px) 100vw, 600px\" \/><\/p>\n<p style=\"text-align: justify;\"><div class=\"shortcode trial\"><h4><span>Popraw wyniki dzia\u0142a\u0144 na Facebooku, Twitterze i YouTube<\/span><a title=\"Dowiedz si\u0119 wi\u0119cej\" class=\"btn\" href=\"https:\/\/app.sotrender.com\/auth\/signup\/trial\/pl?utm_source=blog-cta-legacy\">Dowiedz si\u0119 wi\u0119cej<\/a><\/h4><\/div><\/p>\n<h2 style=\"text-align: justify;\"><b>Kampania prezydencka na Twitterze<\/b><\/h2>\n<p style=\"text-align: justify;\">Najpopularniejszym i najaktywniejszym na Twitterze kandydatem na najwy\u017cszy urz\u0105d w pa\u0144stwie pozostaje lider Twojego Ruchu, Janusz Palikot, b\u0119d\u0105cy jednocze\u015bnie najcz\u0119\u015bciej obserwowanym polskim politykiem wg raport\u00f3w <a href=\"http:\/\/sotrender.pl\/trends\/twitter\">Twitter Trends<\/a> &#8211; cyklicznych raport\u00f3w przygotowywanych przez Sotrendera. Jednak, mimo \u017ce tweetuje najcz\u0119\u015bciej, jego \u0107wierkni\u0119cia nie s\u0105 tak szeroko komentowane, jak tre\u015bci wys\u0142ane przez Andrzeja Dud\u0119. Kandydat Prawa i Sprawiedliwo\u015bci od 16. kwietnia wys\u0142a\u0142 tylko 8 tweet\u00f3w natywnych (tweet\u00f3w nieb\u0119d\u0105cych odpowiedziami na inne \u0107wierkni\u0119cia oraz podaniami dalej), jednak jego profil wywo\u0142uje najwi\u0119cej aktywno\u015bci u\u017cytkownik\u00f3w Twittera. R\u00f3wnie\u017c dlatego, \u017ce Andrzej Duda cz\u0119sto podaje dalej tre\u015bci innych twitterowicz\u00f3w oraz odpowiada na \u0107wierkni\u0119cia.<\/p>\n<p><img loading=\"lazy\" decoding=\"async\" class=\"wp-image-17969\" src=\"https:\/\/www.sotrender.com\/blog\/wp-content\/uploads\/2015\/05\/ranking_engagement_tw.png\" alt=\"ranking_engagement_tw\" width=\"600\" height=\"388\" srcset=\"https:\/\/www.sotrender.com\/blog\/wp-content\/uploads\/2015\/05\/ranking_engagement_tw.png 1700w, https:\/\/www.sotrender.com\/blog\/wp-content\/uploads\/2015\/05\/ranking_engagement_tw-475x307.png 475w, https:\/\/www.sotrender.com\/blog\/wp-content\/uploads\/2015\/05\/ranking_engagement_tw-768x497.png 768w, https:\/\/www.sotrender.com\/blog\/wp-content\/uploads\/2015\/05\/ranking_engagement_tw-950x615.png 950w, https:\/\/www.sotrender.com\/blog\/wp-content\/uploads\/2015\/05\/ranking_engagement_tw-600x388.png 600w\" sizes=\"(max-width: 600px) 100vw, 600px\" \/><\/p>\n<p style=\"text-align: justify;\">Na Twitterze uaktywni\u0142 si\u0119 Janusz Korwin-Mikke, cho\u0107 jego komunikacja na tym serwisie nadal nie jest perfekcyjna. Lider partii KORWiN potrafi milcze\u0107 przez kilka dni, a potem wys\u0142a\u0107 kilka tweet\u00f3w jednego dnia. Wida\u0107 wyra\u017anie, \u017ce Korwin-Mikke najlepiej czuje si\u0119 na Facebooku.\u00a0Pawe\u0142 Kukiz w ko\u0144c\u00f3wce kampanii tak\u017ce uaktywni\u0142 si\u0119 na Twitterze, w badanym okresie wys\u0142a\u0142 ponad 180 tweet\u00f3w, podczas, gdy w okresie od 1 marca do 15 kwietnia zaledwie 50.<\/p>\n<p><img loading=\"lazy\" decoding=\"async\" class=\"wp-image-17967\" src=\"https:\/\/www.sotrender.com\/blog\/wp-content\/uploads\/2015\/05\/ranking_activity_tw.png\" alt=\"Liczba tweet\u00f3w wys\u0142anych przez kandydat\u00f3w na prezydenta - raport Sotrendera \" width=\"600\" height=\"400\" srcset=\"https:\/\/www.sotrender.com\/blog\/wp-content\/uploads\/2015\/05\/ranking_activity_tw.png 1650w, https:\/\/www.sotrender.com\/blog\/wp-content\/uploads\/2015\/05\/ranking_activity_tw-475x317.png 475w, https:\/\/www.sotrender.com\/blog\/wp-content\/uploads\/2015\/05\/ranking_activity_tw-768x512.png 768w, https:\/\/www.sotrender.com\/blog\/wp-content\/uploads\/2015\/05\/ranking_activity_tw-950x633.png 950w, https:\/\/www.sotrender.com\/blog\/wp-content\/uploads\/2015\/05\/ranking_activity_tw-600x400.png 600w\" sizes=\"(max-width: 600px) 100vw, 600px\" \/><\/p>\n<h2 style=\"text-align: justify;\"><b>Kampania prezydencka w social media &#8211; YouTube<\/b><\/h2>\n<p style=\"text-align: justify;\">Wi\u0119kszo\u015b\u0107 kandydat\u00f3w nie odkry\u0142a nadal potencja\u0142u, jaki daje YouTube, najwi\u0119ksza platforma wideo w Internecie. Cho\u0107 Janusz Korwin-Mikke jest bohaterem wielu nagra\u0144 umieszczonych na YouTube,\u00a0nie za\u0142o\u017cy\u0142 jeszcze w\u0142asnego konta, kt\u00f3re umo\u017cliwi\u0142oby mu publikowanie moderowanych tre\u015bci.<\/p>\n<p><img loading=\"lazy\" decoding=\"async\" class=\"wp-image-17975\" src=\"https:\/\/www.sotrender.com\/blog\/wp-content\/uploads\/2015\/05\/ranking_fans_yt.png\" alt=\"Liczba ods\u0142on film\u00f3w na kana\u0142ach kandydat\u00f3w na prezydenta - raport Sotrendera\" width=\"600\" height=\"388\" srcset=\"https:\/\/www.sotrender.com\/blog\/wp-content\/uploads\/2015\/05\/ranking_fans_yt.png 1700w, https:\/\/www.sotrender.com\/blog\/wp-content\/uploads\/2015\/05\/ranking_fans_yt-475x307.png 475w, https:\/\/www.sotrender.com\/blog\/wp-content\/uploads\/2015\/05\/ranking_fans_yt-768x497.png 768w, https:\/\/www.sotrender.com\/blog\/wp-content\/uploads\/2015\/05\/ranking_fans_yt-950x615.png 950w, https:\/\/www.sotrender.com\/blog\/wp-content\/uploads\/2015\/05\/ranking_fans_yt-600x388.png 600w\" sizes=\"(max-width: 600px) 100vw, 600px\" \/><\/p>\n<p style=\"text-align: justify;\">Lider partii KORWiN nie jest jedynym kandydatem bez oficjalnego kana\u0142u na YouTube \u2013 nie posiadaj\u0105 go r\u00f3wnie\u017c Marian Kowalski i Pawe\u0142 Tanajno. Z kolei Bronis\u0142aw Komorowski ujawnia liczby swoich subskrybent\u00f3w, dlatego te\u017c mimo i\u017c posiada sw\u00f3j oficjalny kana\u0142, kt\u00f3ry niew\u0105tpliwie gromadzi liczne grono widz\u00f3w, na poni\u017cszym wykresie obok jego nazwiska figuruje cyfra 0.<\/p>\n<p><img loading=\"lazy\" decoding=\"async\" class=\"wp-image-17977\" src=\"https:\/\/www.sotrender.com\/blog\/wp-content\/uploads\/2015\/05\/ranking_engagement_yt.png\" alt=\"Liczba ods\u0142on film\u00f3w na kana\u0142ach kandydat\u00f3w na prezydenta - raport Sotrendera\" width=\"600\" height=\"388\" srcset=\"https:\/\/www.sotrender.com\/blog\/wp-content\/uploads\/2015\/05\/ranking_engagement_yt.png 1700w, https:\/\/www.sotrender.com\/blog\/wp-content\/uploads\/2015\/05\/ranking_engagement_yt-475x307.png 475w, https:\/\/www.sotrender.com\/blog\/wp-content\/uploads\/2015\/05\/ranking_engagement_yt-768x497.png 768w, https:\/\/www.sotrender.com\/blog\/wp-content\/uploads\/2015\/05\/ranking_engagement_yt-950x615.png 950w, https:\/\/www.sotrender.com\/blog\/wp-content\/uploads\/2015\/05\/ranking_engagement_yt-600x388.png 600w\" sizes=\"(max-width: 600px) 100vw, 600px\" \/><\/p>\n<p><img loading=\"lazy\" decoding=\"async\" class=\"wp-image-17981\" src=\"https:\/\/www.sotrender.com\/blog\/wp-content\/uploads\/2015\/05\/ranking_activity_yt.png\" alt=\"Liczba film\u00f3w zamieszczonych na kana\u0142ach kandydat\u00f3w na prezydenta - raport Sotrendera\" width=\"600\" height=\"400\" srcset=\"https:\/\/www.sotrender.com\/blog\/wp-content\/uploads\/2015\/05\/ranking_activity_yt.png 1650w, https:\/\/www.sotrender.com\/blog\/wp-content\/uploads\/2015\/05\/ranking_activity_yt-475x317.png 475w, https:\/\/www.sotrender.com\/blog\/wp-content\/uploads\/2015\/05\/ranking_activity_yt-768x512.png 768w, https:\/\/www.sotrender.com\/blog\/wp-content\/uploads\/2015\/05\/ranking_activity_yt-950x633.png 950w, https:\/\/www.sotrender.com\/blog\/wp-content\/uploads\/2015\/05\/ranking_activity_yt-600x400.png 600w\" sizes=\"(max-width: 600px) 100vw, 600px\" \/><\/p>\n<p style=\"text-align: justify;\">W\u015br\u00f3d 11 kandydat\u00f3w jest jeden wyj\u0105tek. To Pawe\u0142 Kukiz, kt\u00f3ry na ostatniej prostej kampanii wyborczej szturmem podbi\u0142 YouTube. Od 16 kwietnia Kukiz doda\u0142 osiem film\u00f3w, kt\u00f3re \u0142\u0105cznie zosta\u0142y wy\u015bwietlone ponad 450 tys. razy, co w por\u00f3wnaniu z 6 tys. ods\u0142on od 1. marca do 15. kwietnia jest wynikiem fenomenalnym. Tre\u015bci wideo Paw\u0142a Kukiza by\u0142y wy\u015bwietlane ponad dwukrotnie cz\u0119\u015bciej ni\u017c klipy Andrzeja Dudy lidera poprzedniego rankingu. Trzeba jednak zauwa\u017cy\u0107, \u017ce s\u0105 to warto\u015bci niewielkie, gdy por\u00f3wnamy je \u00a0z najpopularniejszymi polskimi tw\u00f3rcami wideo, kt\u00f3rych osi\u0105gni\u0119cia co miesi\u0105c podsumowujemy w raporcie <a href=\"https:\/\/www.sotrender.com\/trends\/youtube\/poland\">YouTube Trends<\/a>. Najwi\u0119cej subskrybent\u00f3w nadal posiada kana\u0142 Jacka Wilka, jednak najwi\u0119kszy wzrost liczby subskrypcji zanotowali Grzegorz Braun i Pawe\u0142 Kukiz.<\/p>\n<p style=\"text-align: justify;\">Sotrender nie opowiada si\u0119 za \u017cadnym z kandydat\u00f3w. Przedstawione wy\u017cej wyniki analiz s\u0105 ca\u0142kowicie obiektywne i oparte na danych z Facebooka,\u00a0Twittera oraz YouTube. Analizie zosta\u0142y poddane aktywno\u015bci kandydat\u00f3w na prezydenta w mediach spo\u0142eczno\u015bciowych wykonane mi\u0119dzy 16. kwietnia a 6. maja br. Z us\u0142ug analitycznych Sotrendera bezpo\u015brednio lub za po\u015brednictwem obs\u0142uguj\u0105cych agencji korzystaj\u0105 sztaby kilku kandydat\u00f3w.<\/p>\n","protected":false},"excerpt":{"rendered":"<p>Na moment przed wyborami prezydenckimi Sotrender sprawdza, jak kandydaci do obj\u0119cia najwa\u017cniejszego urz\u0119du w pa\u0144stwie radz\u0105 sobie w mediach spo\u0142eczno\u015bciowych. Kt\u00f3ry z ubiegaj\u0105cych si\u0119 o fotel prezydenta prowadzi najbardziej intensywn\u0105 komunikacj\u0119, a kt\u00f3ry najskuteczniej anga\u017cuje u\u017cytkownik\u00f3w spo\u0142eczno\u015bci? Kto prowadzi w rankingach wed\u0142ug liczby fan\u00f3w, obserwuj\u0105cych czy subskrybent\u00f3w? Zapraszamy do lektury drugiej cz\u0119\u015bci raportu Sotrendera, podsumowuj\u0105cego [&hellip;]<\/p>\n","protected":false},"author":49,"featured_media":17603,"comment_status":"open","ping_status":"open","sticky":false,"template":"","format":"standard","meta":{"inline_featured_image":false,"footnotes":""},"categories":[1791,1793,1797,1799,1801],"tags":[1555,1565,1575,7,17,25,515,517],"yoast_head":"<!-- This site is optimized with the Yoast SEO plugin v22.4 - https:\/\/yoast.com\/wordpress\/plugins\/seo\/ -->\n<title>Kampania prezydencka w social media - raport Sotrender<\/title>\n<meta name=\"description\" content=\"Na moment przed wyborami prezydenckimi Sotrender sprawdza, jak kandydaci na prezydenta radz\u0105 sobie w mediach spo\u0142eczno\u015bciowych. Kto wygrywa?\" \/>\n<meta name=\"robots\" content=\"index, follow, max-snippet:-1, max-image-preview:large, max-video-preview:-1\" \/>\n<link rel=\"canonical\" href=\"https:\/\/www.sotrender.com\/blog\/pl\/2015\/05\/kampania-prezydencka-w-social-media-2\/\" \/>\n<meta property=\"og:locale\" content=\"pl_PL\" \/>\n<meta property=\"og:type\" content=\"article\" \/>\n<meta property=\"og:title\" content=\"Kampania prezydencka w social media - raport Sotrender\" \/>\n<meta property=\"og:description\" content=\"Na moment przed wyborami prezydenckimi Sotrender sprawdza, jak kandydaci na prezydenta radz\u0105 sobie w mediach spo\u0142eczno\u015bciowych. Kto wygrywa?\" \/>\n<meta property=\"og:url\" content=\"https:\/\/www.sotrender.com\/blog\/pl\/2015\/05\/kampania-prezydencka-w-social-media-2\/\" \/>\n<meta property=\"og:site_name\" content=\"Sotrender Blog\" \/>\n<meta property=\"article:publisher\" content=\"https:\/\/www.facebook.com\/Sotrender\" \/>\n<meta property=\"article:published_time\" content=\"2015-05-07T16:07:42+00:00\" \/>\n<meta property=\"article:modified_time\" content=\"2017-04-13T11:05:50+00:00\" \/>\n<meta property=\"og:image\" content=\"https:\/\/www.sotrender.com\/blog\/wp-content\/uploads\/2015\/04\/prezydenty2.jpg\" \/>\n\t<meta property=\"og:image:width\" content=\"1600\" \/>\n\t<meta property=\"og:image:height\" content=\"741\" \/>\n\t<meta property=\"og:image:type\" content=\"image\/jpeg\" \/>\n<meta name=\"author\" content=\"Micha\u0142 Wieczorek\" \/>\n<meta name=\"twitter:card\" content=\"summary_large_image\" \/>\n<meta name=\"twitter:creator\" content=\"@http:\/\/twitter.com\/eveningo\" \/>\n<meta name=\"twitter:site\" content=\"@Sotrender\" \/>\n<meta name=\"twitter:label1\" content=\"Written by\" \/>\n\t<meta name=\"twitter:data1\" content=\"Micha\u0142 Wieczorek\" \/>\n\t<meta name=\"twitter:label2\" content=\"Est. reading time\" \/>\n\t<meta name=\"twitter:data2\" content=\"7 minutes\" \/>\n<script type=\"application\/ld+json\" class=\"yoast-schema-graph\">{\"@context\":\"https:\/\/schema.org\",\"@graph\":[{\"@type\":\"WebPage\",\"@id\":\"https:\/\/www.sotrender.com\/blog\/pl\/2015\/05\/kampania-prezydencka-w-social-media-2\/\",\"url\":\"https:\/\/www.sotrender.com\/blog\/pl\/2015\/05\/kampania-prezydencka-w-social-media-2\/\",\"name\":\"Kampania prezydencka w social media - raport Sotrender\",\"isPartOf\":{\"@id\":\"https:\/\/www.sotrender.com\/blog\/#website\"},\"primaryImageOfPage\":{\"@id\":\"https:\/\/www.sotrender.com\/blog\/pl\/2015\/05\/kampania-prezydencka-w-social-media-2\/#primaryimage\"},\"image\":{\"@id\":\"https:\/\/www.sotrender.com\/blog\/pl\/2015\/05\/kampania-prezydencka-w-social-media-2\/#primaryimage\"},\"thumbnailUrl\":\"https:\/\/www.sotrender.com\/blog\/wp-content\/uploads\/2015\/04\/prezydenty2.jpg\",\"datePublished\":\"2015-05-07T16:07:42+00:00\",\"dateModified\":\"2017-04-13T11:05:50+00:00\",\"author\":{\"@id\":\"https:\/\/www.sotrender.com\/blog\/#\/schema\/person\/48ed6f8ff39863778de8dd32f58467f5\"},\"description\":\"Na moment przed wyborami prezydenckimi Sotrender sprawdza, jak kandydaci na prezydenta radz\u0105 sobie w mediach spo\u0142eczno\u015bciowych. Kto wygrywa?\",\"breadcrumb\":{\"@id\":\"https:\/\/www.sotrender.com\/blog\/pl\/2015\/05\/kampania-prezydencka-w-social-media-2\/#breadcrumb\"},\"inLanguage\":\"pl-PL\",\"potentialAction\":[{\"@type\":\"ReadAction\",\"target\":[\"https:\/\/www.sotrender.com\/blog\/pl\/2015\/05\/kampania-prezydencka-w-social-media-2\/\"]}]},{\"@type\":\"ImageObject\",\"inLanguage\":\"pl-PL\",\"@id\":\"https:\/\/www.sotrender.com\/blog\/pl\/2015\/05\/kampania-prezydencka-w-social-media-2\/#primaryimage\",\"url\":\"https:\/\/www.sotrender.com\/blog\/wp-content\/uploads\/2015\/04\/prezydenty2.jpg\",\"contentUrl\":\"https:\/\/www.sotrender.com\/blog\/wp-content\/uploads\/2015\/04\/prezydenty2.jpg\",\"width\":1600,\"height\":741},{\"@type\":\"BreadcrumbList\",\"@id\":\"https:\/\/www.sotrender.com\/blog\/pl\/2015\/05\/kampania-prezydencka-w-social-media-2\/#breadcrumb\",\"itemListElement\":[{\"@type\":\"ListItem\",\"position\":1,\"name\":\"Home\",\"item\":\"https:\/\/www.sotrender.com\/blog\/\"},{\"@type\":\"ListItem\",\"position\":2,\"name\":\"Kampania prezydencka w social media &#8211; raport Sotrender\"}]},{\"@type\":\"WebSite\",\"@id\":\"https:\/\/www.sotrender.com\/blog\/#website\",\"url\":\"https:\/\/www.sotrender.com\/blog\/\",\"name\":\"Sotrender Blog\",\"description\":\"\",\"potentialAction\":[{\"@type\":\"SearchAction\",\"target\":{\"@type\":\"EntryPoint\",\"urlTemplate\":\"https:\/\/www.sotrender.com\/blog\/?s={search_term_string}\"},\"query-input\":\"required name=search_term_string\"}],\"inLanguage\":\"pl-PL\"},{\"@type\":\"Person\",\"@id\":\"https:\/\/www.sotrender.com\/blog\/#\/schema\/person\/48ed6f8ff39863778de8dd32f58467f5\",\"name\":\"Micha\u0142 Wieczorek\",\"image\":{\"@type\":\"ImageObject\",\"inLanguage\":\"pl-PL\",\"@id\":\"https:\/\/www.sotrender.com\/blog\/#\/schema\/person\/image\/\",\"url\":\"https:\/\/secure.gravatar.com\/avatar\/65ceb2020aa2338488b9c5f33c10137f?s=96&d=mm&r=g\",\"contentUrl\":\"https:\/\/secure.gravatar.com\/avatar\/65ceb2020aa2338488b9c5f33c10137f?s=96&d=mm&r=g\",\"caption\":\"Micha\u0142 Wieczorek\"},\"description\":\"Baltic linguist, marketer, and music journalist in his free time. A big fan of good food and even better music.\",\"sameAs\":[\"https:\/\/www.linkedin.com\/in\/michaldwieczorek\",\"https:\/\/twitter.com\/http:\/\/twitter.com\/eveningo\"],\"url\":\"https:\/\/www.sotrender.com\/blog\/pl\/author\/micha_wieczorek\/\"}]}<\/script>\n<!-- \/ Yoast SEO plugin. -->","yoast_head_json":{"title":"Kampania prezydencka w social media - raport Sotrender","description":"Na moment przed wyborami prezydenckimi Sotrender sprawdza, jak kandydaci na prezydenta radz\u0105 sobie w mediach spo\u0142eczno\u015bciowych. Kto wygrywa?","robots":{"index":"index","follow":"follow","max-snippet":"max-snippet:-1","max-image-preview":"max-image-preview:large","max-video-preview":"max-video-preview:-1"},"canonical":"https:\/\/www.sotrender.com\/blog\/pl\/2015\/05\/kampania-prezydencka-w-social-media-2\/","og_locale":"pl_PL","og_type":"article","og_title":"Kampania prezydencka w social media - raport Sotrender","og_description":"Na moment przed wyborami prezydenckimi Sotrender sprawdza, jak kandydaci na prezydenta radz\u0105 sobie w mediach spo\u0142eczno\u015bciowych. Kto wygrywa?","og_url":"https:\/\/www.sotrender.com\/blog\/pl\/2015\/05\/kampania-prezydencka-w-social-media-2\/","og_site_name":"Sotrender Blog","article_publisher":"https:\/\/www.facebook.com\/Sotrender","article_published_time":"2015-05-07T16:07:42+00:00","article_modified_time":"2017-04-13T11:05:50+00:00","og_image":[{"width":1600,"height":741,"url":"https:\/\/www.sotrender.com\/blog\/wp-content\/uploads\/2015\/04\/prezydenty2.jpg","type":"image\/jpeg"}],"author":"Micha\u0142 Wieczorek","twitter_card":"summary_large_image","twitter_creator":"@http:\/\/twitter.com\/eveningo","twitter_site":"@Sotrender","twitter_misc":{"Written by":"Micha\u0142 Wieczorek","Est. reading time":"7 minutes"},"schema":{"@context":"https:\/\/schema.org","@graph":[{"@type":"WebPage","@id":"https:\/\/www.sotrender.com\/blog\/pl\/2015\/05\/kampania-prezydencka-w-social-media-2\/","url":"https:\/\/www.sotrender.com\/blog\/pl\/2015\/05\/kampania-prezydencka-w-social-media-2\/","name":"Kampania prezydencka w social media - raport Sotrender","isPartOf":{"@id":"https:\/\/www.sotrender.com\/blog\/#website"},"primaryImageOfPage":{"@id":"https:\/\/www.sotrender.com\/blog\/pl\/2015\/05\/kampania-prezydencka-w-social-media-2\/#primaryimage"},"image":{"@id":"https:\/\/www.sotrender.com\/blog\/pl\/2015\/05\/kampania-prezydencka-w-social-media-2\/#primaryimage"},"thumbnailUrl":"https:\/\/www.sotrender.com\/blog\/wp-content\/uploads\/2015\/04\/prezydenty2.jpg","datePublished":"2015-05-07T16:07:42+00:00","dateModified":"2017-04-13T11:05:50+00:00","author":{"@id":"https:\/\/www.sotrender.com\/blog\/#\/schema\/person\/48ed6f8ff39863778de8dd32f58467f5"},"description":"Na moment przed wyborami prezydenckimi Sotrender sprawdza, jak kandydaci na prezydenta radz\u0105 sobie w mediach spo\u0142eczno\u015bciowych. Kto wygrywa?","breadcrumb":{"@id":"https:\/\/www.sotrender.com\/blog\/pl\/2015\/05\/kampania-prezydencka-w-social-media-2\/#breadcrumb"},"inLanguage":"pl-PL","potentialAction":[{"@type":"ReadAction","target":["https:\/\/www.sotrender.com\/blog\/pl\/2015\/05\/kampania-prezydencka-w-social-media-2\/"]}]},{"@type":"ImageObject","inLanguage":"pl-PL","@id":"https:\/\/www.sotrender.com\/blog\/pl\/2015\/05\/kampania-prezydencka-w-social-media-2\/#primaryimage","url":"https:\/\/www.sotrender.com\/blog\/wp-content\/uploads\/2015\/04\/prezydenty2.jpg","contentUrl":"https:\/\/www.sotrender.com\/blog\/wp-content\/uploads\/2015\/04\/prezydenty2.jpg","width":1600,"height":741},{"@type":"BreadcrumbList","@id":"https:\/\/www.sotrender.com\/blog\/pl\/2015\/05\/kampania-prezydencka-w-social-media-2\/#breadcrumb","itemListElement":[{"@type":"ListItem","position":1,"name":"Home","item":"https:\/\/www.sotrender.com\/blog\/"},{"@type":"ListItem","position":2,"name":"Kampania prezydencka w social media &#8211; raport Sotrender"}]},{"@type":"WebSite","@id":"https:\/\/www.sotrender.com\/blog\/#website","url":"https:\/\/www.sotrender.com\/blog\/","name":"Sotrender Blog","description":"","potentialAction":[{"@type":"SearchAction","target":{"@type":"EntryPoint","urlTemplate":"https:\/\/www.sotrender.com\/blog\/?s={search_term_string}"},"query-input":"required name=search_term_string"}],"inLanguage":"pl-PL"},{"@type":"Person","@id":"https:\/\/www.sotrender.com\/blog\/#\/schema\/person\/48ed6f8ff39863778de8dd32f58467f5","name":"Micha\u0142 Wieczorek","image":{"@type":"ImageObject","inLanguage":"pl-PL","@id":"https:\/\/www.sotrender.com\/blog\/#\/schema\/person\/image\/","url":"https:\/\/secure.gravatar.com\/avatar\/65ceb2020aa2338488b9c5f33c10137f?s=96&d=mm&r=g","contentUrl":"https:\/\/secure.gravatar.com\/avatar\/65ceb2020aa2338488b9c5f33c10137f?s=96&d=mm&r=g","caption":"Micha\u0142 Wieczorek"},"description":"Baltic linguist, marketer, and music journalist in his free time. A big fan of good food and even better music.","sameAs":["https:\/\/www.linkedin.com\/in\/michaldwieczorek","https:\/\/twitter.com\/http:\/\/twitter.com\/eveningo"],"url":"https:\/\/www.sotrender.com\/blog\/pl\/author\/micha_wieczorek\/"}]}},"_links":{"self":[{"href":"https:\/\/www.sotrender.com\/blog\/pl\/wp-json\/wp\/v2\/posts\/17953"}],"collection":[{"href":"https:\/\/www.sotrender.com\/blog\/pl\/wp-json\/wp\/v2\/posts"}],"about":[{"href":"https:\/\/www.sotrender.com\/blog\/pl\/wp-json\/wp\/v2\/types\/post"}],"author":[{"embeddable":true,"href":"https:\/\/www.sotrender.com\/blog\/pl\/wp-json\/wp\/v2\/users\/49"}],"replies":[{"embeddable":true,"href":"https:\/\/www.sotrender.com\/blog\/pl\/wp-json\/wp\/v2\/comments?post=17953"}],"version-history":[{"count":11,"href":"https:\/\/www.sotrender.com\/blog\/pl\/wp-json\/wp\/v2\/posts\/17953\/revisions"}],"predecessor-version":[{"id":26555,"href":"https:\/\/www.sotrender.com\/blog\/pl\/wp-json\/wp\/v2\/posts\/17953\/revisions\/26555"}],"wp:featuredmedia":[{"embeddable":true,"href":"https:\/\/www.sotrender.com\/blog\/pl\/wp-json\/wp\/v2\/media\/17603"}],"wp:attachment":[{"href":"https:\/\/www.sotrender.com\/blog\/pl\/wp-json\/wp\/v2\/media?parent=17953"}],"wp:term":[{"taxonomy":"category","embeddable":true,"href":"https:\/\/www.sotrender.com\/blog\/pl\/wp-json\/wp\/v2\/categories?post=17953"},{"taxonomy":"post_tag","embeddable":true,"href":"https:\/\/www.sotrender.com\/blog\/pl\/wp-json\/wp\/v2\/tags?post=17953"}],"curies":[{"name":"wp","href":"https:\/\/api.w.org\/{rel}","templated":true}]}}