{"id":17807,"date":"2015-04-24T14:34:16","date_gmt":"2015-04-24T13:34:16","guid":{"rendered":"http:\/\/blog.sotrender.com\/?p=17807"},"modified":"2015-12-01T21:32:41","modified_gmt":"2015-12-01T20:32:41","slug":"fanpage-trends-prezentacja","status":"publish","type":"post","link":"https:\/\/www.sotrender.com\/blog\/pl\/2015\/04\/fanpage-trends-prezentacja\/","title":{"rendered":"Fanpage Trends &#8211; 4 lata w s\u0142u\u017cbie polskiego marketingu na Facebooku (PREZENTACJA)"},"content":{"rendered":"<p class=\"p1\" style=\"text-align: justify;\"><a title=\"Kliknij,  aby przej\u015b\u0107 do strony\" href=\"http:\/\/sotrender.pl\" target=\"_blank\">Sotrender<\/a> wydaje <a title=\"Kliknij,  aby przej\u015b\u0107 do raportu\" href=\"http:\/\/sotrender.pl\/trends\/facebook\/\" target=\"_blank\">Fanpage Trends<\/a> ju\u017c od 4 lat! Z tej okazji pokusili\u015bmy si\u0119 o kr\u00f3tkie podsumowanie tego,  jak w tym czasie zmieni\u0142y si\u0119 same raporty oraz ich g\u0142\u00f3wny bohater &#8211; czyli Facebook. <a title=\"Kliknij,  aby zobaczy\u0107 prezentacj\u0119\" href=\"http:\/\/www.slideshare.net\/FanpageTrender\/fanpage-trends-4-lata-w-subie-polskiego-marketingu-na-facebooku\" target=\"_blank\">Niniejszy wpis jest rozwini\u0119ciem prezentacji wyg\u0142oszonej podczas 47. Czwartku Social Media w Warszawie.<\/a><!--more--><\/p>\n<h2 class=\"p1\" style=\"text-align: justify;\"><span class=\"s1\">Facebook 2011<\/span><\/h2>\n<p class=\"p1\" style=\"text-align: justify;\"><span class=\"s1\">Na pocz\u0105tku 2011 roku,  kiedy zaczynali\u015bmy prace nad pierwszym wydaniem Fanpage Trends,  Facebook s\u0142u\u017cy\u0142 przede wszystkim jako \u017ar\u00f3d\u0142o rozrywki. Kr\u00f3lowa\u0142y na nim tre\u015bci proste,  lekkie i przyjemne,  w wi\u0119kszo\u015bci zabawne albo przynajmniej chc\u0105ce za takie uchodzi\u0107. Poniewa\u017c liczba u\u017cytkownik\u00f3w serwisu ros\u0142y szybko,  przybywa\u0142o r\u00f3wnie\u017c marek,  kt\u00f3re zaczyna\u0142y interesowa\u0107 si\u0119 tym kana\u0142em potencjalnej promocji. St\u0105d te\u017c zrodzi\u0142a si\u0119 potrzeba stworzenia zestawienia polskich profili na Facebooku,  kt\u00f3re uwzgl\u0119dnia\u0142by nie tylko liczb\u0119 fan\u00f3w stron,  ale bra\u0142oby pod uwag\u0119 r\u00f3wnie\u017c kilka innych wska\u017anik\u00f3w.<\/span><\/p>\n<p class=\"p3\" style=\"text-align: justify;\"><span class=\"s1\">Tym sposobem w kwietniu 2011 r. jako <strong>Fanpage Trender<\/strong>,  bo tak si\u0119 wtedy nazywali\u015bmy,  pokusili\u015bmy si\u0119 o pierwsze szacunki. W marcu 2011 r. na Facebooku w Polsce by\u0142o ponad 1, 1 tys. stron,  licz\u0105cych powy\u017cej 10 tys.<span class=\"Apple-converted-space\">\u00a0 <\/span>fan\u00f3w. <\/span><\/p>\n<h2 class=\"p3\" style=\"text-align: justify;\"><span class=\"s1\">Fanpage Trends Marzec 2011<\/span><\/h2>\n<p class=\"p3\" style=\"text-align: justify;\"><span class=\"s1\">Pierwsze wydanie Fanpage Trends mia\u0142o do\u015b\u0107 oszcz\u0119dn\u0105 szat\u0119 graficzn\u0105,  obejmowa\u0142o strony z najwy\u017csz\u0105 liczb\u0105 fan\u00f3w oraz zaanga\u017cowanych u\u017cytkownik\u00f3w i zestawienie post\u00f3w,  kt\u00f3re wywo\u0142a\u0142y najwi\u0119kszy odzew u\u017cytkownik\u00f3w.<\/span><\/p>\n<p class=\"p1\" style=\"text-align: justify;\"><span class=\"s1\">Po wprowadzeniu w maju 2011 r. podzia\u0142u na strony markowe i niemarkowe,  z miesi\u0105ca na miesi\u0105c do raport\u00f3w do\u0142\u0105czali\u015bmy kolejne kategorie produktowe. We wrze\u015bniu 2011 r. by\u0142o ich ju\u017c 17,  w kwietniu 2012 r. &#8211; ju\u017c dwa razy wi\u0119cej. <\/span><\/p>\n<p class=\"p5\" style=\"text-align: justify;\"><span class=\"s1\">W czerwcu 2012 roku poprosili\u015bmy przedstawicieli bran\u017cy o to,  \u017ceby skomentowali nasz raport. Od tamtego czasu komentatorzy wzbogacaj\u0105 interpretacj\u0119 wykres\u00f3w swoim do\u015bwiadczeniem i wiedz\u0105 dotycz\u0105c\u0105 poszczeg\u00f3lnych bran\u017c i dziedzin.<\/span><\/p>\n<div id=\"attachment_17833\" style=\"width: 975px\" class=\"wp-caption aligncenter\"><a href=\"https:\/\/www.sotrender.com\/blog\/wp-content\/uploads\/2015\/04\/obrazek-trendsy.png\"><img loading=\"lazy\" decoding=\"async\" aria-describedby=\"caption-attachment-17833\" class=\"size-full wp-image-17833\" src=\"https:\/\/www.sotrender.com\/blog\/wp-content\/uploads\/2015\/04\/obrazek-trendsy.png\" alt=\"Komentatorzy Fanpage Trends\" width=\"965\" height=\"688\" srcset=\"https:\/\/www.sotrender.com\/blog\/wp-content\/uploads\/2015\/04\/obrazek-trendsy.png 965w, https:\/\/www.sotrender.com\/blog\/wp-content\/uploads\/2015\/04\/obrazek-trendsy-475x339.png 475w, https:\/\/www.sotrender.com\/blog\/wp-content\/uploads\/2015\/04\/obrazek-trendsy-768x548.png 768w, https:\/\/www.sotrender.com\/blog\/wp-content\/uploads\/2015\/04\/obrazek-trendsy-950x677.png 950w, https:\/\/www.sotrender.com\/blog\/wp-content\/uploads\/2015\/04\/obrazek-trendsy-600x428.png 600w\" sizes=\"(max-width: 965px) 100vw, 965px\" \/><\/a><p id=\"caption-attachment-17833\" class=\"wp-caption-text\">Komentatorzy Fanpage Trends<\/p><\/div>\n<p class=\"p1\" style=\"text-align: justify;\"><span class=\"s1\">Na Facebooku dzia\u0142y si\u0119 w\u00f3wczas rzeczy fascynuj\u0105ce. Za\u0142o\u017cenia skutecznej komunikacji marketingowej,  takie jak nawi\u0105zywanie do produktu czy anga\u017cowanie konsumenta by\u0142y nadinterpretowane na wszystkie mo\u017cliwe sposoby. Obserwowali\u015bmy to z niemym zachwytem i oczywi\u015bcie wszystko skrupulatnie mierzyli\u015bmy i analizowali\u015bmy. <\/span><\/p>\n<p class=\"p1\" style=\"text-align: justify;\"><span class=\"s1\">W kwietniu 2013 r. raport liczy\u0142 ju\u017c 42 kategorie. Dodali\u015bmy do niego w\u00f3wczas pierwsz\u0105 infografik\u0119 podsumowuj\u0105c\u0105 w kilku kategoriach informacje o u\u017cytkownikach Facebooka. <\/span><\/p>\n<p class=\"p1\" style=\"text-align: justify;\"><span class=\"s1\">Jak wspomnia\u0142am,  na Facebooku dzia\u0142o si\u0119 w\u00f3wczas r\u00f3\u017cnie,  co doskonale obrazuje zestawienie najbardziej anga\u017cuj\u0105cych stron z lutego 2013.<\/span><\/p>\n<div id=\"attachment_17817\" style=\"width: 738px\" class=\"wp-caption aligncenter\"><a href=\"https:\/\/www.sotrender.com\/blog\/wp-content\/uploads\/2015\/04\/najbardziej-ang.png\"><img loading=\"lazy\" decoding=\"async\" aria-describedby=\"caption-attachment-17817\" class=\"size-full wp-image-17817\" src=\"https:\/\/www.sotrender.com\/blog\/wp-content\/uploads\/2015\/04\/najbardziej-ang.png\" alt=\"Fanpage Trends Luty 2013 - najbardziej anga\u017cuj\u0105ce strony\" width=\"728\" height=\"713\" srcset=\"https:\/\/www.sotrender.com\/blog\/wp-content\/uploads\/2015\/04\/najbardziej-ang.png 728w, https:\/\/www.sotrender.com\/blog\/wp-content\/uploads\/2015\/04\/najbardziej-ang-475x465.png 475w, https:\/\/www.sotrender.com\/blog\/wp-content\/uploads\/2015\/04\/najbardziej-ang-600x588.png 600w\" sizes=\"(max-width: 728px) 100vw, 728px\" \/><\/a><p id=\"caption-attachment-17817\" class=\"wp-caption-text\">Fanpage Trends Luty 2013 &#8211; najbardziej anga\u017cuj\u0105ce strony<\/p><\/div>\n<p class=\"p1\" style=\"text-align: justify;\">Raporty ros\u0142y i zmienia\u0142y si\u0119 razem z samym Sotrenderem. W styczniu 2014 r. do Fanpage Trends do\u0142\u0105czy\u0142 <a title=\"Kliknij,  aby zobaczy\u0107 raport\" href=\"http:\/\/sotrender.pl\/trends\/youtube\" target=\"_blank\">YouTube Trends<\/a>,  a w lipcu 2014 r. r\u00f3wnie\u017c <a title=\"Kliknij,  aby przej\u015b\u0107 do raportu\" href=\"http:\/\/sotrender.pl\/trends\/twitter\" target=\"_blank\">Twitter Trends<\/a>. Baza profili uwzgl\u0119dnianych w raportach jestaktualizowana na bie\u017c\u0105co i liczby obecnie ponad 17 tys. stron.<\/p>\n<p class=\"p1\" style=\"text-align: justify;\"><div class=\"shortcode trial\"><h4><span>Popraw wyniki dzia\u0142a\u0144 na Facebooku,  Twitterze i YouTube<\/span><a title=\"Dowiedz si\u0119 wi\u0119cej\" class=\"btn\" href=\"https:\/\/app.sotrender.com\/auth\/signup\/trial\/pl?utm_source=blog-cta-legacy\">Dowiedz si\u0119 wi\u0119cej<\/a><\/h4><\/div><\/p>\n<h2 class=\"p1\" style=\"text-align: justify;\"><span class=\"s1\">Fanpage Trends w liczbach<\/span><\/h2>\n<div id=\"attachment_17819\" style=\"width: 1004px\" class=\"wp-caption aligncenter\"><a href=\"https:\/\/www.sotrender.com\/blog\/wp-content\/uploads\/2015\/04\/trends-w-liczbach.png\"><img loading=\"lazy\" decoding=\"async\" aria-describedby=\"caption-attachment-17819\" class=\"wp-image-17819 size-full\" src=\"https:\/\/www.sotrender.com\/blog\/wp-content\/uploads\/2015\/04\/trends-w-liczbach.png\" alt=\"Raporty Trends w liczbach\" width=\"994\" height=\"736\" srcset=\"https:\/\/www.sotrender.com\/blog\/wp-content\/uploads\/2015\/04\/trends-w-liczbach.png 994w, https:\/\/www.sotrender.com\/blog\/wp-content\/uploads\/2015\/04\/trends-w-liczbach-475x352.png 475w, https:\/\/www.sotrender.com\/blog\/wp-content\/uploads\/2015\/04\/trends-w-liczbach-768x569.png 768w, https:\/\/www.sotrender.com\/blog\/wp-content\/uploads\/2015\/04\/trends-w-liczbach-950x703.png 950w, https:\/\/www.sotrender.com\/blog\/wp-content\/uploads\/2015\/04\/trends-w-liczbach-600x444.png 600w\" sizes=\"(max-width: 994px) 100vw, 994px\" \/><\/a><p id=\"caption-attachment-17819\" class=\"wp-caption-text\">Raporty Trends w liczbach<\/p><\/div>\n<h2 class=\"p1\" style=\"text-align: justify;\"><span class=\"s1\">Fanpage Trends w praktyce<\/span><\/h2>\n<p class=\"p1\" style=\"text-align: justify;\"><span class=\"s1\">Przygotowywanie raport\u00f3w to gigantyczny wysi\u0142ek wszystkich os\u00f3b zaanga\u017cowanych w ten projekt. Jako \u017ce raport przygotowywany jest przez 4 osoby,  z kt\u00f3rych ka\u017cda pracuje nad nim przez ca\u0142y tydzie\u0144,  \u0142atwo policzy\u0107,  \u017ce praca trwa tak naprawd\u0119 w\u0142a\u015bciwie non stop. Przez d\u0142ugi czas uczyli\u015bmy si\u0119,  \u017ce przygotowuj\u0105c tak gigantyczny i wieloetapowy projekt,  niemo\u017cliwym jest sprostanie oczekiwaniom wszystkich. Facebook zmienia API oraz algorytmy,  jedne strony powstaj\u0105,  inne zostaj\u0105 zamkni\u0119te,  jeszcze inne \u0142\u0105cz\u0105 si\u0119 w mi\u0119dzynarodowe. Staramy si\u0119 trzyma\u0107 r\u0119k\u0119 na pulsie. W tym celu musieli\u015bmy przeorganizowa\u0107 prac\u0119 w dzia\u0142ach marketingu i analiz tak,  \u017ce w praktyce zawsze w pierwszym tygodniu miesi\u0105ca wszystko kr\u0119ci si\u0119 wok\u00f3\u0142 raport\u00f3w. \u017beby nie zaniedbywa\u0107 w tym czasie naszych zwyk\u0142ych obowi\u0105zk\u00f3w,  starali\u015bmy si\u0119 mo\u017cliwie jak najbardziej zautomatyzowa\u0107 sam proces powstawania raport\u00f3w. Od r\u0119cznego sklejania wykres\u00f3w i pdf\u00f3w przeszli\u015bmy bardzo d\u0142ug\u0105 drog\u0119 to automatycznego generowania plik\u00f3w. Sprzyja\u0142a nam tradycja wydawania raport\u00f3w zawsze w tym samym czasie,  co pomaga\u0142o zaplanowa\u0107 prace i podzia\u0142 zada\u0144.<\/span><\/p>\n<h2 class=\"p1\" style=\"text-align: justify;\"><span class=\"s1\">Najcz\u0119\u015bciej zadawane pytania<\/span><\/h2>\n<p>&nbsp;<\/p>\n<ul style=\"text-align: justify;\">\n<li class=\"p1\"><strong><span class=\"s1\">Kiedy b\u0119d\u0105 trendsy?<br \/>\n<\/span><\/strong>Zawsze w ci\u0105gu pierwszych 7 dni roboczych miesi\u0105ca.<\/li>\n<\/ul>\n<ul style=\"text-align: justify;\">\n<li class=\"p1\"><span class=\"s1\"><strong>Dlaczego nie ma Lewandowskiego i Szcz\u0119snego?<br \/>\n<\/strong><\/span>Poniewa\u017c w raportach uwzgl\u0119dniane s\u0105 strony polskoj\u0119zyczne (czyli prowadz\u0105ce komunikacj\u0119 g\u0142\u00f3wnie w j\u0119zyku polskim) oraz posiadaj\u0105ce co najmniej 50% fan\u00f3w z Polski. W przypadku Lewandowskiego oraz Szcz\u0119snego fani z Polski stanowi\u0105 odpowiednio 18% i 32% wszystkich fan\u00f3w strony.<\/li>\n<\/ul>\n<ul style=\"text-align: justify;\">\n<li class=\"p1\"><strong><span class=\"s1\">Dlaczego nie ma mnie?!<br \/>\n<\/span><\/strong>Prawdopodobnie dlatego,  \u017ce Twoja strona\/profil nie zosta\u0142 zg\u0142oszony do bazy lub nie odpowiada przyj\u0119tym przez nas zasadom kategoryzacji stron. Skontaktuj si\u0119 z nami,  wyja\u015bnimy to: <a href=\"mailto:trends@sotrender.com\"><span class=\"s2\">trends@sotrender.com<\/span><\/a>.<\/li>\n<\/ul>\n<ul style=\"text-align: justify;\">\n<li class=\"p1\"><strong><span class=\"s1\">Jak zg\u0142osi\u0107 stron\u0119\/profil\/kana\u0142 do raport\u00f3w?<br \/>\n<\/span><\/strong>Wystarczy napisa\u0107 maila z adresem url strony i propozycj\u0105 kategorii,  w kt\u00f3rej powinna si\u0119 znale\u017a\u0107: <a href=\"mailto:trends@sotrender.com\"><span class=\"s2\">trends@sotrender.com<\/span><\/a><\/li>\n<\/ul>\n<h2 class=\"p1\" style=\"text-align: justify;\"><span class=\"s1\">Zapraszam do obejrzenia prezentacji z 47. Czwartku Social Media w Warszawie!<\/span><\/h2>\n<div align=\"center\">\n<p><iframe loading=\"lazy\" src=\"\/\/www.slideshare.net\/slideshow\/embed_code\/key\/C0SfDRiMOwvyzz\" width=\"425\" height=\"355\" frameborder=\"0\" marginwidth=\"0\" marginheight=\"0\" scrolling=\"no\" style=\"border:1px solid #CCC; border-width:1px; margin-bottom:5px; max-width: 100%;\" allowfullscreen> <\/iframe> <\/p>\n<div style=\"margin-bottom:5px\"> <strong> <a href=\"\/\/www.slideshare.net\/FanpageTrender\/fanpage-trends-4-lata-w-subie-polskiego-marketingu-na-facebooku\" title=\"Fanpage Trends - 4 lata w s\u0142u\u017cbie polskiego marketingu na Facebooku\" target=\"_blank\">Fanpage Trends &#8211; 4 lata w s\u0142u\u017cbie polskiego marketingu na Facebooku<\/a> <\/strong> from <strong><a href=\"\/\/www.slideshare.net\/FanpageTrender\" target=\"_blank\">Sotrender<\/a><\/strong> <\/div>\n","protected":false},"excerpt":{"rendered":"<p>Sotrender wydaje Fanpage Trends ju\u017c od 4 lat! Z tej okazji pokusili\u015bmy si\u0119 o kr\u00f3tkie podsumowanie tego, jak w tym czasie zmieni\u0142y si\u0119 same raporty oraz ich g\u0142\u00f3wny bohater &#8211; czyli Facebook. Niniejszy wpis jest rozwini\u0119ciem prezentacji wyg\u0142oszonej podczas 47. Czwartku Social Media w Warszawie.<\/p>\n","protected":false},"author":31,"featured_media":14935,"comment_status":"closed","ping_status":"closed","sticky":false,"template":"","format":"standard","meta":{"inline_featured_image":false,"footnotes":""},"categories":[1791,1797],"tags":[31,625,885,889,1573],"yoast_head":"<!-- This site is optimized with the Yoast SEO plugin v22.4 - https:\/\/yoast.com\/wordpress\/plugins\/seo\/ -->\n<title>Fanpage Trends - 4 lata w s\u0142u\u017cbie polskiego marketingu na Facebooku (PREZENTACJA)<\/title>\n<meta name=\"description\" content=\"Jak w ci\u0105gu 4 lat od premiery zmieni\u0142y si\u0119 raporty Fanpage Trends wydawane przez Sotrender oraz ich g\u0142\u00f3wny bohater, czyli sam Facebook? Zobacz prezentacj\u0119!\" \/>\n<meta name=\"robots\" content=\"index, follow, max-snippet:-1, max-image-preview:large, max-video-preview:-1\" \/>\n<link rel=\"canonical\" href=\"https:\/\/www.sotrender.com\/blog\/pl\/2015\/04\/fanpage-trends-prezentacja\/\" \/>\n<meta property=\"og:locale\" content=\"pl_PL\" \/>\n<meta property=\"og:type\" content=\"article\" \/>\n<meta property=\"og:title\" content=\"Fanpage Trends - 4 lata w s\u0142u\u017cbie polskiego marketingu na Facebooku (PREZENTACJA)\" \/>\n<meta property=\"og:description\" content=\"Jak w ci\u0105gu 4 lat od premiery zmieni\u0142y si\u0119 raporty Fanpage Trends wydawane przez Sotrender oraz ich g\u0142\u00f3wny bohater, czyli sam Facebook? Zobacz prezentacj\u0119!\" \/>\n<meta property=\"og:url\" content=\"https:\/\/www.sotrender.com\/blog\/pl\/2015\/04\/fanpage-trends-prezentacja\/\" \/>\n<meta property=\"og:site_name\" content=\"Sotrender Blog\" \/>\n<meta property=\"article:publisher\" content=\"https:\/\/www.facebook.com\/Sotrender\" \/>\n<meta property=\"article:published_time\" content=\"2015-04-24T13:34:16+00:00\" \/>\n<meta property=\"article:modified_time\" content=\"2015-12-01T20:32:41+00:00\" \/>\n<meta property=\"og:image\" content=\"https:\/\/www.sotrender.com\/blog\/wp-content\/uploads\/2014\/09\/trends.jpg\" \/>\n\t<meta property=\"og:image:width\" content=\"1600\" \/>\n\t<meta property=\"og:image:height\" content=\"700\" \/>\n\t<meta property=\"og:image:type\" content=\"image\/jpeg\" \/>\n<meta name=\"author\" content=\"Aleksandra Prejs\" \/>\n<meta name=\"twitter:card\" content=\"summary_large_image\" \/>\n<meta name=\"twitter:creator\" content=\"@Sotrender\" \/>\n<meta name=\"twitter:site\" content=\"@Sotrender\" \/>\n<meta name=\"twitter:label1\" content=\"Written by\" \/>\n\t<meta name=\"twitter:data1\" content=\"Aleksandra Prejs\" \/>\n\t<meta name=\"twitter:label2\" content=\"Est. reading time\" \/>\n\t<meta name=\"twitter:data2\" content=\"4 minutes\" \/>\n<script type=\"application\/ld+json\" class=\"yoast-schema-graph\">{\"@context\":\"https:\/\/schema.org\",\"@graph\":[{\"@type\":\"WebPage\",\"@id\":\"https:\/\/www.sotrender.com\/blog\/pl\/2015\/04\/fanpage-trends-prezentacja\/\",\"url\":\"https:\/\/www.sotrender.com\/blog\/pl\/2015\/04\/fanpage-trends-prezentacja\/\",\"name\":\"Fanpage Trends - 4 lata w s\u0142u\u017cbie polskiego marketingu na Facebooku (PREZENTACJA)\",\"isPartOf\":{\"@id\":\"https:\/\/www.sotrender.com\/blog\/#website\"},\"primaryImageOfPage\":{\"@id\":\"https:\/\/www.sotrender.com\/blog\/pl\/2015\/04\/fanpage-trends-prezentacja\/#primaryimage\"},\"image\":{\"@id\":\"https:\/\/www.sotrender.com\/blog\/pl\/2015\/04\/fanpage-trends-prezentacja\/#primaryimage\"},\"thumbnailUrl\":\"https:\/\/www.sotrender.com\/blog\/wp-content\/uploads\/2014\/09\/trends.jpg\",\"datePublished\":\"2015-04-24T13:34:16+00:00\",\"dateModified\":\"2015-12-01T20:32:41+00:00\",\"author\":{\"@id\":\"https:\/\/www.sotrender.com\/blog\/#\/schema\/person\/7106df62825269bc360ad9171cd7149b\"},\"description\":\"Jak w ci\u0105gu 4 lat od premiery zmieni\u0142y si\u0119 raporty Fanpage Trends wydawane przez Sotrender oraz ich g\u0142\u00f3wny bohater, czyli sam Facebook? Zobacz prezentacj\u0119!\",\"breadcrumb\":{\"@id\":\"https:\/\/www.sotrender.com\/blog\/pl\/2015\/04\/fanpage-trends-prezentacja\/#breadcrumb\"},\"inLanguage\":\"pl-PL\",\"potentialAction\":[{\"@type\":\"ReadAction\",\"target\":[\"https:\/\/www.sotrender.com\/blog\/pl\/2015\/04\/fanpage-trends-prezentacja\/\"]}]},{\"@type\":\"ImageObject\",\"inLanguage\":\"pl-PL\",\"@id\":\"https:\/\/www.sotrender.com\/blog\/pl\/2015\/04\/fanpage-trends-prezentacja\/#primaryimage\",\"url\":\"https:\/\/www.sotrender.com\/blog\/wp-content\/uploads\/2014\/09\/trends.jpg\",\"contentUrl\":\"https:\/\/www.sotrender.com\/blog\/wp-content\/uploads\/2014\/09\/trends.jpg\",\"width\":1600,\"height\":700},{\"@type\":\"BreadcrumbList\",\"@id\":\"https:\/\/www.sotrender.com\/blog\/pl\/2015\/04\/fanpage-trends-prezentacja\/#breadcrumb\",\"itemListElement\":[{\"@type\":\"ListItem\",\"position\":1,\"name\":\"Home\",\"item\":\"https:\/\/www.sotrender.com\/blog\/\"},{\"@type\":\"ListItem\",\"position\":2,\"name\":\"Fanpage Trends &#8211; 4 lata w s\u0142u\u017cbie polskiego marketingu na Facebooku (PREZENTACJA)\"}]},{\"@type\":\"WebSite\",\"@id\":\"https:\/\/www.sotrender.com\/blog\/#website\",\"url\":\"https:\/\/www.sotrender.com\/blog\/\",\"name\":\"Sotrender Blog\",\"description\":\"\",\"potentialAction\":[{\"@type\":\"SearchAction\",\"target\":{\"@type\":\"EntryPoint\",\"urlTemplate\":\"https:\/\/www.sotrender.com\/blog\/?s={search_term_string}\"},\"query-input\":\"required name=search_term_string\"}],\"inLanguage\":\"pl-PL\"},{\"@type\":\"Person\",\"@id\":\"https:\/\/www.sotrender.com\/blog\/#\/schema\/person\/7106df62825269bc360ad9171cd7149b\",\"name\":\"Aleksandra Prejs\",\"image\":{\"@type\":\"ImageObject\",\"inLanguage\":\"pl-PL\",\"@id\":\"https:\/\/www.sotrender.com\/blog\/#\/schema\/person\/image\/\",\"url\":\"https:\/\/secure.gravatar.com\/avatar\/469000454b77ff0aacb32c49dba023be?s=96&d=mm&r=g\",\"contentUrl\":\"https:\/\/secure.gravatar.com\/avatar\/469000454b77ff0aacb32c49dba023be?s=96&d=mm&r=g\",\"caption\":\"Aleksandra Prejs\"},\"url\":\"https:\/\/www.sotrender.com\/blog\/pl\/author\/aleksandra-prejs\/\"}]}<\/script>\n<!-- \/ Yoast SEO plugin. -->","yoast_head_json":{"title":"Fanpage Trends - 4 lata w s\u0142u\u017cbie polskiego marketingu na Facebooku (PREZENTACJA)","description":"Jak w ci\u0105gu 4 lat od premiery zmieni\u0142y si\u0119 raporty Fanpage Trends wydawane przez Sotrender oraz ich g\u0142\u00f3wny bohater, czyli sam Facebook? Zobacz prezentacj\u0119!","robots":{"index":"index","follow":"follow","max-snippet":"max-snippet:-1","max-image-preview":"max-image-preview:large","max-video-preview":"max-video-preview:-1"},"canonical":"https:\/\/www.sotrender.com\/blog\/pl\/2015\/04\/fanpage-trends-prezentacja\/","og_locale":"pl_PL","og_type":"article","og_title":"Fanpage Trends - 4 lata w s\u0142u\u017cbie polskiego marketingu na Facebooku (PREZENTACJA)","og_description":"Jak w ci\u0105gu 4 lat od premiery zmieni\u0142y si\u0119 raporty Fanpage Trends wydawane przez Sotrender oraz ich g\u0142\u00f3wny bohater, czyli sam Facebook? Zobacz prezentacj\u0119!","og_url":"https:\/\/www.sotrender.com\/blog\/pl\/2015\/04\/fanpage-trends-prezentacja\/","og_site_name":"Sotrender Blog","article_publisher":"https:\/\/www.facebook.com\/Sotrender","article_published_time":"2015-04-24T13:34:16+00:00","article_modified_time":"2015-12-01T20:32:41+00:00","og_image":[{"width":1600,"height":700,"url":"https:\/\/www.sotrender.com\/blog\/wp-content\/uploads\/2014\/09\/trends.jpg","type":"image\/jpeg"}],"author":"Aleksandra Prejs","twitter_card":"summary_large_image","twitter_creator":"@Sotrender","twitter_site":"@Sotrender","twitter_misc":{"Written by":"Aleksandra Prejs","Est. reading time":"4 minutes"},"schema":{"@context":"https:\/\/schema.org","@graph":[{"@type":"WebPage","@id":"https:\/\/www.sotrender.com\/blog\/pl\/2015\/04\/fanpage-trends-prezentacja\/","url":"https:\/\/www.sotrender.com\/blog\/pl\/2015\/04\/fanpage-trends-prezentacja\/","name":"Fanpage Trends - 4 lata w s\u0142u\u017cbie polskiego marketingu na Facebooku (PREZENTACJA)","isPartOf":{"@id":"https:\/\/www.sotrender.com\/blog\/#website"},"primaryImageOfPage":{"@id":"https:\/\/www.sotrender.com\/blog\/pl\/2015\/04\/fanpage-trends-prezentacja\/#primaryimage"},"image":{"@id":"https:\/\/www.sotrender.com\/blog\/pl\/2015\/04\/fanpage-trends-prezentacja\/#primaryimage"},"thumbnailUrl":"https:\/\/www.sotrender.com\/blog\/wp-content\/uploads\/2014\/09\/trends.jpg","datePublished":"2015-04-24T13:34:16+00:00","dateModified":"2015-12-01T20:32:41+00:00","author":{"@id":"https:\/\/www.sotrender.com\/blog\/#\/schema\/person\/7106df62825269bc360ad9171cd7149b"},"description":"Jak w ci\u0105gu 4 lat od premiery zmieni\u0142y si\u0119 raporty Fanpage Trends wydawane przez Sotrender oraz ich g\u0142\u00f3wny bohater, czyli sam Facebook? Zobacz prezentacj\u0119!","breadcrumb":{"@id":"https:\/\/www.sotrender.com\/blog\/pl\/2015\/04\/fanpage-trends-prezentacja\/#breadcrumb"},"inLanguage":"pl-PL","potentialAction":[{"@type":"ReadAction","target":["https:\/\/www.sotrender.com\/blog\/pl\/2015\/04\/fanpage-trends-prezentacja\/"]}]},{"@type":"ImageObject","inLanguage":"pl-PL","@id":"https:\/\/www.sotrender.com\/blog\/pl\/2015\/04\/fanpage-trends-prezentacja\/#primaryimage","url":"https:\/\/www.sotrender.com\/blog\/wp-content\/uploads\/2014\/09\/trends.jpg","contentUrl":"https:\/\/www.sotrender.com\/blog\/wp-content\/uploads\/2014\/09\/trends.jpg","width":1600,"height":700},{"@type":"BreadcrumbList","@id":"https:\/\/www.sotrender.com\/blog\/pl\/2015\/04\/fanpage-trends-prezentacja\/#breadcrumb","itemListElement":[{"@type":"ListItem","position":1,"name":"Home","item":"https:\/\/www.sotrender.com\/blog\/"},{"@type":"ListItem","position":2,"name":"Fanpage Trends &#8211; 4 lata w s\u0142u\u017cbie polskiego marketingu na Facebooku (PREZENTACJA)"}]},{"@type":"WebSite","@id":"https:\/\/www.sotrender.com\/blog\/#website","url":"https:\/\/www.sotrender.com\/blog\/","name":"Sotrender Blog","description":"","potentialAction":[{"@type":"SearchAction","target":{"@type":"EntryPoint","urlTemplate":"https:\/\/www.sotrender.com\/blog\/?s={search_term_string}"},"query-input":"required name=search_term_string"}],"inLanguage":"pl-PL"},{"@type":"Person","@id":"https:\/\/www.sotrender.com\/blog\/#\/schema\/person\/7106df62825269bc360ad9171cd7149b","name":"Aleksandra Prejs","image":{"@type":"ImageObject","inLanguage":"pl-PL","@id":"https:\/\/www.sotrender.com\/blog\/#\/schema\/person\/image\/","url":"https:\/\/secure.gravatar.com\/avatar\/469000454b77ff0aacb32c49dba023be?s=96&d=mm&r=g","contentUrl":"https:\/\/secure.gravatar.com\/avatar\/469000454b77ff0aacb32c49dba023be?s=96&d=mm&r=g","caption":"Aleksandra Prejs"},"url":"https:\/\/www.sotrender.com\/blog\/pl\/author\/aleksandra-prejs\/"}]}},"_links":{"self":[{"href":"https:\/\/www.sotrender.com\/blog\/pl\/wp-json\/wp\/v2\/posts\/17807"}],"collection":[{"href":"https:\/\/www.sotrender.com\/blog\/pl\/wp-json\/wp\/v2\/posts"}],"about":[{"href":"https:\/\/www.sotrender.com\/blog\/pl\/wp-json\/wp\/v2\/types\/post"}],"author":[{"embeddable":true,"href":"https:\/\/www.sotrender.com\/blog\/pl\/wp-json\/wp\/v2\/users\/31"}],"replies":[{"embeddable":true,"href":"https:\/\/www.sotrender.com\/blog\/pl\/wp-json\/wp\/v2\/comments?post=17807"}],"version-history":[{"count":11,"href":"https:\/\/www.sotrender.com\/blog\/pl\/wp-json\/wp\/v2\/posts\/17807\/revisions"}],"predecessor-version":[{"id":18011,"href":"https:\/\/www.sotrender.com\/blog\/pl\/wp-json\/wp\/v2\/posts\/17807\/revisions\/18011"}],"wp:featuredmedia":[{"embeddable":true,"href":"https:\/\/www.sotrender.com\/blog\/pl\/wp-json\/wp\/v2\/media\/14935"}],"wp:attachment":[{"href":"https:\/\/www.sotrender.com\/blog\/pl\/wp-json\/wp\/v2\/media?parent=17807"}],"wp:term":[{"taxonomy":"category","embeddable":true,"href":"https:\/\/www.sotrender.com\/blog\/pl\/wp-json\/wp\/v2\/categories?post=17807"},{"taxonomy":"post_tag","embeddable":true,"href":"https:\/\/www.sotrender.com\/blog\/pl\/wp-json\/wp\/v2\/tags?post=17807"}],"curies":[{"name":"wp","href":"https:\/\/api.w.org\/{rel}","templated":true}]}}