{"id":17601,"date":"2015-04-16T16:15:56","date_gmt":"2015-04-16T15:15:56","guid":{"rendered":"http:\/\/blog.sotrender.com\/?p=17601"},"modified":"2017-02-02T10:48:31","modified_gmt":"2017-02-02T09:48:31","slug":"kampania-prezydencka-w-social-media","status":"publish","type":"post","link":"https:\/\/www.sotrender.com\/blog\/pl\/2015\/04\/kampania-prezydencka-w-social-media\/","title":{"rendered":"Kampania prezydencka w social media &#8211; kto wygrywa w wy\u015bcigu do Pa\u0142acu Prezydenckiego?"},"content":{"rendered":"<p style=\"text-align: justify;\">Obecno\u015b\u0107 polityk\u00f3w w mediach spo\u0142eczno\u015bciowych jest dzi\u015b jednym z podstawowych element\u00f3w kampanii wyborczych. Z okazji zbli\u017caj\u0105cych si\u0119 wielkimi krokami wybor\u00f3w, Sotrender\u00a0postanowi\u0142 bacznie przyjrze\u0107 si\u0119 aktywno\u015bci w mediach spo\u0142eczno\u015bciowych kandydat\u00f3w do najwa\u017cniejszego urz\u0119du w pa\u0144stwie. Aby odpowiedzie\u0107 na pytanie, \u00a0jak kandydaci na prezydenta radz\u0105 sobie w mediach spo\u0142eczno\u015bciowych na nieca\u0142y miesi\u0105c przed wyborami i kt\u00f3ry z nich prowadzi najintensywniejsz\u0105 komunikacj\u0119 w spo\u0142eczno\u015bciach, zmierzyli\u015bmy popularno\u015b\u0107 prowadzonych przez nich profili, sprawdzili\u015bmy, \u00a0jak bardzo anga\u017cuj\u0105 si\u0119 w interakcje z u\u017cytkownikami oraz zbadali\u015bmy zainteresowania ich fan\u00f3w. <a title=\"Zobacz prezentacj\u0119 na SlideShare\" href=\"http:\/\/www.slideshare.net\/FanpageTrender\/polityka-na-facebooku\" target=\"_blank\">Podobn\u0105 analiz\u0119 przygotowali\u015bmy przy okazji wybor\u00f3w samorz\u0105dowych w 2010 r.<\/a> jednak w\u00f3wczas badali\u015bmy jedynie aktywno\u015bci w obr\u0119bie Facebooka, poniewa\u017c pozosta\u0142e kana\u0142y spo\u0142eczno\u015bciowe, jak YouTube czy Twitter, \u00a0nie by\u0142y efektywnie wykorzystywane w marketingu politycznym. W tym roku przyjrzeli\u015bmy si\u0119 r\u00f3wnie\u017c wyborom parlamentarnym w Wielkiej Brytanii. Jak sytuacja wygl\u0105da obecnie i kt\u00f3ry z polityk\u00f3w, poza Bronis\u0142awem Komorowskim, kt\u00f3ry zdominowa\u0142 zestawienia Sotrendera, najbardziej wyr\u00f3\u017cnia si\u0119 na tle konkurencji?<\/p>\n<h2 style=\"text-align: justify;\">Kampania prezydencka &#8211; najaktywniejsi \u00a0kandydaci w social media<\/h2>\n<p style=\"text-align: justify;\">Kt\u00f3ry z polityk\u00f3w najbardziej wyr\u00f3\u017cnia si\u0119 pod wzgl\u0119dem intensywno\u015bci komunikacji w mediach spo\u0142eczno\u015bciowych? Aby to okre\u015bli\u0107 stworzyli\u015bmy wska\u017anik podsumowuj\u0105cy osi\u0105gni\u0119cia poszczeg\u00f3lnych kandydat\u00f3w \u00a0pod wzgl\u0119dem jako\u015bci oraz liczby publikowanych tre\u015bci oraz zdolno\u015bci do anga\u017cowania fan\u00f3w. Zosta\u0142 on obliczony na podstawie pozycji profilu w poszczeg\u00f3lnych zestawieniach,\u00a0kt\u00f3re przedstawiamy poni\u017cej. Za osi\u0105gni\u0119cie pierwszego miejsca w rankingu profil otrzymywa\u0142 5 punkt\u00f3w, za miejsce pi\u0105te &#8211; 1 punkt. Pozosta\u0142e miejsca nie by\u0142y punktowane.<\/p>\n<p style=\"text-align: justify;\">Zdecydowanym zwyci\u0119zc\u0105 okaza\u0142 si\u0119 Bronis\u0142aw Komorowski, kt\u00f3ry zgromadzi\u0142 28 punkt\u00f3w. Na drugim miejscu uplasowa\u0142 si\u0119 Janusz Palikot, kt\u00f3remu uda\u0142o si\u0119 zebra\u0107 22 punkty, a na trzecim Marian Kowalski z 21 punktami. Warto zauwa\u017cy\u0107, \u017ce kandydata Prawa i Sprawiedliwo\u015bci, Andrzeja Dud\u0119, od plasuj\u0105cego si\u0119 na najni\u017cszym stopniu podium Mariana Kowalskiego dzieli a\u017c 7 punkt\u00f3w, co wynika z faktu, i\u017c kandydat Ruchu Narodowego bardzo dba o regularn\u0105 komunikacj\u0119 ze swoim elektoratem. Andrzej Duda, kt\u00f3remu sonda\u017ce daj\u0105 drugie miejsce,\u00a0w rankingu intensywno\u015bci komunikacji w mediach spo\u0142eczno\u015bciowych zaj\u0105\u0142 czwart\u0105 pozycj\u0119, co jest spowodowane wysy\u0142aniem niewielkiej liczby komunikat\u00f3w na Twitterze oraz Facebooku w por\u00f3wnaniu z innymi kandydatami. Nale\u017cy jednak zauwa\u017cy\u0107, \u017ce Andrzej Duda nale\u017cy do kandydat\u00f3w najlepiej anga\u017cuj\u0105cych swoj\u0105 spo\u0142eczno\u015b\u0107 wg comiesi\u0119cznych raport\u00f3w Twitter Trends.<\/p>\n<p><img loading=\"lazy\" decoding=\"async\" class=\"wp-image-17609 size-large aligncenter\" src=\"https:\/\/www.sotrender.com\/blog\/wp-content\/uploads\/2015\/04\/ranking_sumaryczny-3-950x585.png\" alt=\"Wska\u017anik intensywno\u015bci kampanii w mediach spo\u0142eczno\u015bciowych - Sotrender\" width=\"950\" height=\"585\" srcset=\"https:\/\/www.sotrender.com\/blog\/wp-content\/uploads\/2015\/04\/ranking_sumaryczny-3-950x585.png 950w, https:\/\/www.sotrender.com\/blog\/wp-content\/uploads\/2015\/04\/ranking_sumaryczny-3-475x292.png 475w, https:\/\/www.sotrender.com\/blog\/wp-content\/uploads\/2015\/04\/ranking_sumaryczny-3-768x473.png 768w, https:\/\/www.sotrender.com\/blog\/wp-content\/uploads\/2015\/04\/ranking_sumaryczny-3-600x369.png 600w, https:\/\/www.sotrender.com\/blog\/wp-content\/uploads\/2015\/04\/ranking_sumaryczny-3.png 1950w\" sizes=\"(max-width: 950px) 100vw, 950px\" \/><\/p>\n<h2 style=\"text-align: justify;\">Kampania prezydencka w social media &#8211;\u00a0Facebook<\/h2>\n<p style=\"text-align: justify;\">Strony na Facebooku prowadz\u0105 wszyscy kandydaci zarejestrowani w nadchodz\u0105cych wyborach. Najwi\u0119cej u\u017cytkownik\u00f3w polubi\u0142o stron\u0119 Janusza Korwin-Mikkego, \u00a0kt\u00f3ry jak wynika z comiesi\u0119cznych raport\u00f3w Fanpage Trends\u00a0przygotowywanych przez Sotrender, jednocze\u015bnie mo\u017ce pochwali\u0107 si\u0119 tytu\u0142em najpopularniejszego polityka na Facebooku w Polsce. Swoj\u0105 pozycj\u0119 zawdzi\u0119cza nie tylko wyrazistym pogl\u0105dom, ale i ponad przeci\u0119tnej aktywno\u015bci. Od 1. marca 2014 r. do 14. kwietnia br. Korwin-Mikke opublikowa\u0142 na profilu 222 posty. Tak du\u017ca aktywno\u015b\u0107 wp\u0142ywa pozytywnie na zaanga\u017cowanie u\u017cytkownik\u00f3w na stronie Korwin-Mikkego. W analizowanym okresie w interakcje z ni\u0105 wesz\u0142o ponad 100 tys. internaut\u00f3w. Jednocze\u015bnie Korwin-Mikke by\u0142 autorem najbardziej interaktywnego wpisu w analizowanym okresie. Druga pod wzgl\u0119dem wielko\u015bci strona to profil ubiegaj\u0105cego si\u0119 o reelekcj\u0119 Bronis\u0142awa Komorowskiego, kt\u00f3ry polubi\u0142o 140 tys. u\u017cytkownik\u00f3w. Warto zauwa\u017cy\u0107, \u017ce jedynie ci dwaj kandydaci przekroczyli liczb\u0119 100 tys. fan\u00f3w.<\/p>\n<p><img loading=\"lazy\" decoding=\"async\" class=\"aligncenter wp-image-17611 size-large\" src=\"https:\/\/www.sotrender.com\/blog\/wp-content\/uploads\/2015\/04\/ranking_fans_fb-950x559.png\" alt=\"Liczba fan\u00f3w na profilach kandydat\u00f3w na Faceboku - wybory prezydenckie 2015\" width=\"950\" height=\"559\" srcset=\"https:\/\/www.sotrender.com\/blog\/wp-content\/uploads\/2015\/04\/ranking_fans_fb-950x559.png 950w, https:\/\/www.sotrender.com\/blog\/wp-content\/uploads\/2015\/04\/ranking_fans_fb-475x279.png 475w, https:\/\/www.sotrender.com\/blog\/wp-content\/uploads\/2015\/04\/ranking_fans_fb-768x452.png 768w, https:\/\/www.sotrender.com\/blog\/wp-content\/uploads\/2015\/04\/ranking_fans_fb-600x353.png 600w, https:\/\/www.sotrender.com\/blog\/wp-content\/uploads\/2015\/04\/ranking_fans_fb.png 1700w\" sizes=\"(max-width: 950px) 100vw, 950px\" \/><\/p>\n<p><img loading=\"lazy\" decoding=\"async\" class=\"aligncenter wp-image-17613 size-large\" src=\"https:\/\/www.sotrender.com\/blog\/wp-content\/uploads\/2015\/04\/ranking_activity_fb-950x576.png\" alt=\"Liczba post\u00f3w na profilach facebookowych kandydat\u00f3w na prezydenta \" width=\"950\" height=\"576\" srcset=\"https:\/\/www.sotrender.com\/blog\/wp-content\/uploads\/2015\/04\/ranking_activity_fb-950x576.png 950w, https:\/\/www.sotrender.com\/blog\/wp-content\/uploads\/2015\/04\/ranking_activity_fb-475x288.png 475w, https:\/\/www.sotrender.com\/blog\/wp-content\/uploads\/2015\/04\/ranking_activity_fb-768x465.png 768w, https:\/\/www.sotrender.com\/blog\/wp-content\/uploads\/2015\/04\/ranking_activity_fb-600x364.png 600w, https:\/\/www.sotrender.com\/blog\/wp-content\/uploads\/2015\/04\/ranking_activity_fb.png 1650w\" sizes=\"(max-width: 950px) 100vw, 950px\" \/><\/p>\n<p><img loading=\"lazy\" decoding=\"async\" class=\"aligncenter wp-image-17615 size-full\" src=\"https:\/\/www.sotrender.com\/blog\/wp-content\/uploads\/2015\/04\/best_posts.png\" alt=\"Najbardziej interaktywne posty kandydat\u00f3w na prezydenta - wybory prezydenckie 2015\" width=\"928\" height=\"912\" srcset=\"https:\/\/www.sotrender.com\/blog\/wp-content\/uploads\/2015\/04\/best_posts.png 928w, https:\/\/www.sotrender.com\/blog\/wp-content\/uploads\/2015\/04\/best_posts-475x467.png 475w, https:\/\/www.sotrender.com\/blog\/wp-content\/uploads\/2015\/04\/best_posts-768x755.png 768w, https:\/\/www.sotrender.com\/blog\/wp-content\/uploads\/2015\/04\/best_posts-600x590.png 600w, https:\/\/www.sotrender.com\/blog\/wp-content\/uploads\/2015\/04\/best_posts-80x80.png 80w\" sizes=\"(max-width: 928px) 100vw, 928px\" \/><\/p>\n<h2 style=\"text-align: justify;\">Kobiety nie lubi\u0105 Wilka<\/h2>\n<p style=\"text-align: justify;\">W\u015br\u00f3d fan\u00f3w profili kandydat\u00f3w na prezydenta na Facebooku przewa\u017caj\u0105 m\u0119\u017cczy\u017ani. Jedynie profile Bronis\u0142awa Komorowskiego i Adama Jarubasa lubi\u0105 w por\u00f3wnywalnym stopniu kobiety i m\u0119\u017cczy\u017ani. Pozosta\u0142e strony s\u0105 w du\u017cym stopniu zmaskulinizowane. Najwi\u0119ksz\u0105 dysproporcj\u0119 wida\u0107 na profilach Janusza Korwin-Mikkego i Jacka Wilka, kandydat\u00f3w konserwatywno-liberalnych, odpowiednio 11% i 10% ich fan\u00f3w to kobiety. Profil jedynej przedstawicielki p\u0142ci pi\u0119knej w wy\u015bcigu do Pa\u0142acu Prezydenckiego &#8211; Magdaleny Og\u00f3rek r\u00f3wnie\u017c cz\u0119\u015bciej lubi\u0105 m\u0119\u017cczy\u017ani ni\u017c kobiety.<\/p>\n<p><img loading=\"lazy\" decoding=\"async\" class=\"aligncenter wp-image-17617 size-large\" src=\"https:\/\/www.sotrender.com\/blog\/wp-content\/uploads\/2015\/04\/gender-2-950x581.png\" alt=\"P\u0142e\u0107 fan\u00f3w profili kandydat\u00f3w na prezydenta - wybory 2015\" width=\"950\" height=\"581\" srcset=\"https:\/\/www.sotrender.com\/blog\/wp-content\/uploads\/2015\/04\/gender-2-950x581.png 950w, https:\/\/www.sotrender.com\/blog\/wp-content\/uploads\/2015\/04\/gender-2-475x291.png 475w, https:\/\/www.sotrender.com\/blog\/wp-content\/uploads\/2015\/04\/gender-2-768x470.png 768w, https:\/\/www.sotrender.com\/blog\/wp-content\/uploads\/2015\/04\/gender-2-600x367.png 600w, https:\/\/www.sotrender.com\/blog\/wp-content\/uploads\/2015\/04\/gender-2.png 1700w\" sizes=\"(max-width: 950px) 100vw, 950px\" \/><\/p>\n<p style=\"text-align: justify;\"><div class=\"shortcode trial\"><h4><span>Popraw wyniki dzia\u0142a\u0144 na Facebooku,  Twitterze i YouTube<\/span><a title=\"Dowiedz si\u0119 wi\u0119cej\" class=\"btn\" href=\"https:\/\/app.sotrender.com\/auth\/signup\/trial\/pl?utm_source=blog-cta-legacy\">Dowiedz si\u0119 wi\u0119cej<\/a><\/h4><\/div><\/p>\n<h2 style=\"text-align: justify;\"><b>Kampania prezydencka w social media &#8211; Twitter<\/b><\/h2>\n<p style=\"text-align: justify;\">Jednak chocia\u017c lider partii KORWiN nie ma sobie r\u00f3wnych w serwisie Marka Zuckerberga, w innych serwisach spo\u0142eczno\u015bciowych musi uzna\u0107 wy\u017cszo\u015b\u0107 konkurent\u00f3w. Na Twitterze najwi\u0119cej u\u017cytkownik\u00f3w obserwuje profil Janusza Palikota, kt\u00f3ry z ponad 300 tys. obserwuj\u0105cych ma ogromn\u0105 przewag\u0119 nad drugim w rankingu Andrzejem Dud\u0105, kandydatem Prawa i Sprawiedliwo\u015bci (26 tys. obserwuj\u0105cych). Mimo \u017ce polityk Twojego Ruchu tweetuje najcz\u0119\u015bciej, to aktywno\u015b\u0107 kandydata PiS wywo\u0142uje najwi\u0119kszy odzew w\u015br\u00f3d u\u017cytkownik\u00f3w Twittera. Co ciekawe, w badanym okresie Janusz Palikot za\u0107wierka\u0142 359 razy, Marian Kowalski 335, Bronis\u0142aw Komorowski 349 razy, a Andrzej Duda wys\u0142a\u0142 zaledwie 31 tweet\u00f3w. Sk\u0105d wi\u0119c tak wysoki wska\u017anik zaanga\u017cowania kandydata Prawa i Sprawiedliwo\u015bci?<\/p>\n<p><img loading=\"lazy\" decoding=\"async\" class=\"wp-image-17619\" src=\"https:\/\/www.sotrender.com\/blog\/wp-content\/uploads\/2015\/04\/ranking_fans_tw.png\" alt=\"Liczba obserwuj\u0105cych profile twitterowe kandydat\u00f3w na prezydenta - wybory 2015\" width=\"600\" height=\"353\" srcset=\"https:\/\/www.sotrender.com\/blog\/wp-content\/uploads\/2015\/04\/ranking_fans_tw.png 1700w, https:\/\/www.sotrender.com\/blog\/wp-content\/uploads\/2015\/04\/ranking_fans_tw-475x279.png 475w, https:\/\/www.sotrender.com\/blog\/wp-content\/uploads\/2015\/04\/ranking_fans_tw-768x452.png 768w, https:\/\/www.sotrender.com\/blog\/wp-content\/uploads\/2015\/04\/ranking_fans_tw-950x559.png 950w, https:\/\/www.sotrender.com\/blog\/wp-content\/uploads\/2015\/04\/ranking_fans_tw-600x353.png 600w\" sizes=\"(max-width: 600px) 100vw, 600px\" \/><\/p>\n<p style=\"text-align: justify;\">Jak pisali\u015bmy we wst\u0119pie do<a href=\"https:\/\/www.sotrender.com\/blog\/pl\/2015\/04\/twitter-trends-marzec-2015\/\"> marcowego wydania raportu Twitter Trends<\/a>, w ubieg\u0142ym miesi\u0105cu Andrzej Duda zorganizowa\u0142 Tweetup,\u00a0czyli spotkanie na \u017cywo z u\u017cytkownikami Twittera,\u00a0w tym przypadku byli to dziennikarze. Og\u0142oszenie spotkania i sam jego charakter mia\u0142o z pewno\u015bci\u0105 wp\u0142yw na cz\u0119stsze oznaczanie profilu Andrzeja Dudy przez innych u\u017cytkownik\u00f3w serwisu. To niejedyna przyczyna. W comiesi\u0119cznych raportach Sotrendera kandydat Prawa i Sprawiedliwo\u015bci od momentu startu w wyborach prezydenckich jest jednym z najbardziej anga\u017cuj\u0105cych polskich polityk\u00f3w na Twitterze. W\u015br\u00f3d pozosta\u0142ych kandydat\u00f3w w majowej elekcji najlepiej radzi sobie Bronis\u0142aw Komorowski. Urz\u0119duj\u0105cy prezydent. Mo\u017ce zaskakiwa\u0107 bierno\u015b\u0107 Janusza Korwin-Mikkego, od 1. lutego za\u0107wierka\u0142 tylko 48 razy,\u00a0co w por\u00f3wnaniu z 313 postami na Facebooku jest bardzo nisk\u0105 warto\u015bci\u0105. Czy\u017cby kandydat z ramienia partii KORWiN postanowi\u0142 oprze\u0107 swoj\u0105 internetow\u0105 kampani\u0119 wyborcz\u0105 jedynie na Facebooku?<\/p>\n<p><img loading=\"lazy\" decoding=\"async\" class=\"aligncenter wp-image-17621 size-large\" src=\"https:\/\/www.sotrender.com\/blog\/wp-content\/uploads\/2015\/04\/ranking_engagement_tw-950x559.png\" alt=\"Liczba aktywno\u015bci innych u\u017cytkownik\u00f3w na profilach twitterowych kandydat\u00f3w na prezydenta - wybory 2015\" width=\"950\" height=\"559\" srcset=\"https:\/\/www.sotrender.com\/blog\/wp-content\/uploads\/2015\/04\/ranking_engagement_tw-950x559.png 950w, https:\/\/www.sotrender.com\/blog\/wp-content\/uploads\/2015\/04\/ranking_engagement_tw-475x279.png 475w, https:\/\/www.sotrender.com\/blog\/wp-content\/uploads\/2015\/04\/ranking_engagement_tw-768x452.png 768w, https:\/\/www.sotrender.com\/blog\/wp-content\/uploads\/2015\/04\/ranking_engagement_tw-600x353.png 600w, https:\/\/www.sotrender.com\/blog\/wp-content\/uploads\/2015\/04\/ranking_engagement_tw.png 1700w\" sizes=\"(max-width: 950px) 100vw, 950px\" \/><\/p>\n<p><img loading=\"lazy\" decoding=\"async\" class=\"aligncenter wp-image-17623 size-large\" src=\"https:\/\/www.sotrender.com\/blog\/wp-content\/uploads\/2015\/04\/ranking_activity_tw-950x576.png\" alt=\"Liczba tweet\u00f3w na profilach kandydat\u00f3w na prezydenta - wybory 2015\" width=\"950\" height=\"576\" srcset=\"https:\/\/www.sotrender.com\/blog\/wp-content\/uploads\/2015\/04\/ranking_activity_tw-950x576.png 950w, https:\/\/www.sotrender.com\/blog\/wp-content\/uploads\/2015\/04\/ranking_activity_tw-475x288.png 475w, https:\/\/www.sotrender.com\/blog\/wp-content\/uploads\/2015\/04\/ranking_activity_tw-768x465.png 768w, https:\/\/www.sotrender.com\/blog\/wp-content\/uploads\/2015\/04\/ranking_activity_tw-600x364.png 600w, https:\/\/www.sotrender.com\/blog\/wp-content\/uploads\/2015\/04\/ranking_activity_tw.png 1650w\" sizes=\"(max-width: 950px) 100vw, 950px\" \/><\/p>\n<h2 style=\"text-align: justify;\"><b>Kampania prezydencka w social media &#8211; YouTube <\/b><\/h2>\n<p style=\"text-align: justify;\">Wi\u0119kszo\u015b\u0107 kandydat\u00f3w nie odkry\u0142a jeszcze potencja\u0142u, jaki daje YouTube, najwi\u0119ksza platforma wideo w Internecie. Cho\u0107 Janusz Korwin-Mikke jest bohaterem wielu nagra\u0144 umieszczonych na YouTube, nie za\u0142o\u017cy\u0142 jeszcze w\u0142asnego konta,\u00a0kt\u00f3re umo\u017cliwi\u0142oby mu publikowanie moderowanych tre\u015bci. Lider partii KORWiN nie jest jedynym kandydatem bez oficjalnego kana\u0142u na YouTube &#8211; nie posiadaj\u0105 go r\u00f3wnie\u017c Marian Kowalski i Pawe\u0142 Tanajno. Z kolei Bronis\u0142aw Komorowski oraz Magdalena Og\u00f3rek nie ujawniaj\u0105 liczby swoich subskrybent\u00f3w, dlatego te\u017c mimo i\u017c posiadaj\u0105 swoje oficjalne kana\u0142y, kt\u00f3re niew\u0105tpliwie gromadz\u0105 liczne grono widz\u00f3w, na poni\u017cszym wykresie obok ich nazwisk figuruje cyfra O.<\/p>\n<p><img loading=\"lazy\" decoding=\"async\" class=\"aligncenter wp-image-17625 size-large\" src=\"https:\/\/www.sotrender.com\/blog\/wp-content\/uploads\/2015\/04\/ranking_fans_yt-950x559.png\" alt=\"Liczba subskrybent\u00f3w kana\u0142\u00f3w kandydat\u00f3w na prezydenta - wybory 2015\" width=\"950\" height=\"559\" srcset=\"https:\/\/www.sotrender.com\/blog\/wp-content\/uploads\/2015\/04\/ranking_fans_yt-950x559.png 950w, https:\/\/www.sotrender.com\/blog\/wp-content\/uploads\/2015\/04\/ranking_fans_yt-475x279.png 475w, https:\/\/www.sotrender.com\/blog\/wp-content\/uploads\/2015\/04\/ranking_fans_yt-768x452.png 768w, https:\/\/www.sotrender.com\/blog\/wp-content\/uploads\/2015\/04\/ranking_fans_yt-600x353.png 600w, https:\/\/www.sotrender.com\/blog\/wp-content\/uploads\/2015\/04\/ranking_fans_yt.png 1700w\" sizes=\"(max-width: 950px) 100vw, 950px\" \/><\/p>\n<p style=\"text-align: justify;\">Cho\u0107 najwi\u0119cej subskrybent\u00f3w zebra\u0142 kana\u0142 Jacka Wilka (2140 subskrypcji), kandydata Kongresu Nowej Prawicy, internauci najcz\u0119\u015bciej ogl\u0105daj\u0105 produkcje Andrzeja Dudy (266\u00a0tys. wy\u015bwietle\u0144). Podobnie,\u00a0jak w przypadku Twittera,\u00a0w\u015br\u00f3d polityk\u00f3w posiadaj\u0105cych kana\u0142 na YouTube prym wiedzie wi\u0119c kandydat Prawa i Sprawiedliwo\u015bci. Z drugiej strony, cho\u0107 filmy Dudy maj\u0105 ponad dwa\u00a0razy wi\u0119cej wy\u015bwietle\u0144 ni\u017c drugiego w rankingu Bronis\u0142awa Komorowskiego, s\u0105 to warto\u015bci bardzo niewielkie, gdy por\u00f3wnamy je \u00a0z najpopularniejszymi polskimi tw\u00f3rcami wideo, kt\u00f3rych osi\u0105gni\u0119cia co miesi\u0105c podsumowujemy w raporcie YouTube Trends.<\/p>\n<p><img loading=\"lazy\" decoding=\"async\" class=\"aligncenter wp-image-17627 size-large\" src=\"https:\/\/www.sotrender.com\/blog\/wp-content\/uploads\/2015\/04\/ranking_engagement_yt-950x559.png\" alt=\"Liczba ods\u0142on film\u00f3w na kana\u0142ach kandydat\u00f3w na prezydenta - wybory 2015\" width=\"950\" height=\"559\" srcset=\"https:\/\/www.sotrender.com\/blog\/wp-content\/uploads\/2015\/04\/ranking_engagement_yt-950x559.png 950w, https:\/\/www.sotrender.com\/blog\/wp-content\/uploads\/2015\/04\/ranking_engagement_yt-475x279.png 475w, https:\/\/www.sotrender.com\/blog\/wp-content\/uploads\/2015\/04\/ranking_engagement_yt-768x452.png 768w, https:\/\/www.sotrender.com\/blog\/wp-content\/uploads\/2015\/04\/ranking_engagement_yt-600x353.png 600w, https:\/\/www.sotrender.com\/blog\/wp-content\/uploads\/2015\/04\/ranking_engagement_yt.png 1700w\" sizes=\"(max-width: 950px) 100vw, 950px\" \/><\/p>\n<p><img loading=\"lazy\" decoding=\"async\" class=\"aligncenter wp-image-17629 size-large\" src=\"https:\/\/www.sotrender.com\/blog\/wp-content\/uploads\/2015\/04\/ranking_activity_yt-950x576.png\" alt=\"Liczba film\u00f3w na kana\u0142ach kandydat\u00f3w na prezydenta - wybory 2015\" width=\"950\" height=\"576\" srcset=\"https:\/\/www.sotrender.com\/blog\/wp-content\/uploads\/2015\/04\/ranking_activity_yt-950x576.png 950w, https:\/\/www.sotrender.com\/blog\/wp-content\/uploads\/2015\/04\/ranking_activity_yt-475x288.png 475w, https:\/\/www.sotrender.com\/blog\/wp-content\/uploads\/2015\/04\/ranking_activity_yt-768x465.png 768w, https:\/\/www.sotrender.com\/blog\/wp-content\/uploads\/2015\/04\/ranking_activity_yt-600x364.png 600w, https:\/\/www.sotrender.com\/blog\/wp-content\/uploads\/2015\/04\/ranking_activity_yt.png 1650w\" sizes=\"(max-width: 950px) 100vw, 950px\" \/><\/p>\n<p style=\"text-align: justify;\"><div class=\"shortcode trial\"><h4><span>Poznaj wskaz\u00f3wki dla Twoich profili na Facebooku, Twitterze i YouTube<\/span><a title=\"Dowiedz si\u0119 wi\u0119cej\" class=\"btn\" href=\"https:\/\/app.sotrender.com\/auth\/signup\/trial\/pl?utm_source=blog-cta-legacy\">Dowiedz si\u0119 wi\u0119cej<\/a><\/h4><\/div><\/p>\n<p><img loading=\"lazy\" decoding=\"async\" class=\"aligncenter wp-image-17631 size-large\" src=\"https:\/\/www.sotrender.com\/blog\/wp-content\/uploads\/2015\/04\/coactivity_pl_politycy-2-950x950.png\" alt=\"Sie\u0107 zainteresowa\u0144\" width=\"950\" height=\"950\" srcset=\"https:\/\/www.sotrender.com\/blog\/wp-content\/uploads\/2015\/04\/coactivity_pl_politycy-2-950x950.png 950w, https:\/\/www.sotrender.com\/blog\/wp-content\/uploads\/2015\/04\/coactivity_pl_politycy-2-475x475.png 475w, https:\/\/www.sotrender.com\/blog\/wp-content\/uploads\/2015\/04\/coactivity_pl_politycy-2-768x768.png 768w, https:\/\/www.sotrender.com\/blog\/wp-content\/uploads\/2015\/04\/coactivity_pl_politycy-2-600x600.png 600w, https:\/\/www.sotrender.com\/blog\/wp-content\/uploads\/2015\/04\/coactivity_pl_politycy-2-80x80.png 80w\" sizes=\"(max-width: 950px) 100vw, 950px\" \/><\/p>\n<p style=\"text-align: justify;\">Najwi\u0119cej u\u017cytkownik\u00f3w anga\u017cuje si\u0119 jednocze\u015bnie zar\u00f3wno na profilu Janusza Korwin-Mikkego i Bronis\u0142awa Komorowskiego oraz Janusza Korwin-Mikkego i Mariana Kowalskiego. Du\u017co wsp\u00f3lnych u\u017cytkownik\u00f3w maj\u0105 tak\u017ce profile Paw\u0142a Kukiza i,\u00a0ponownie, lidera partii KORWiN. U\u017cytkownicy zaanga\u017cowani na profilach kandydat\u00f3w prawicowych raczej nie anga\u017cuj\u0105 si\u0119 na profilach kandydat\u00f3w lewicowych.<\/p>\n<h2 style=\"text-align: justify;\"><b>Jakie media wybieraj\u0105 fani profili kandydat\u00f3w na prezydenta?<\/b><\/h2>\n<p style=\"text-align: justify;\">Sotrender przeanalizowa\u0142 r\u00f3wnie\u017c, na stronach jakich medi\u00f3w anga\u017cuj\u0105 si\u0119 osoby, kt\u00f3re wykonuj\u0105 aktywno\u015bci (dodaj\u0105 komentarze, udost\u0119pniaj\u0105 tre\u015bci, polubili profil lub jego tre\u015bci) r\u00f3wnie\u017c na stronie kt\u00f3rego\u015b z kandydat\u00f3w na prezydenta. Co si\u0119 okaza\u0142o?<\/p>\n<p style=\"text-align: justify;\">Najpopularniejszym czasopismem w\u015br\u00f3d u\u017cytkownik\u00f3w Faceboka zaanga\u017cowanych na profilach kandydat\u00f3w w nadchodz\u0105cych wyborach jest Najwy\u017cszy Czas!, ale wywo\u0142uje on zaanga\u017cowanie u\u017cytkownik\u00f3w profili kandydat\u00f3w prawicowych (przede wszystkim Janusza Korwin-Mikkego oraz Jacka Wilka). Co ciekawe, u\u017cytkownicy zaanga\u017cowani na stronie Bronis\u0142awa Komorowskiego stanowi\u0105 a\u017c 24% wszystkich zaanga\u017cowanych internaut\u00f3w na stronie programu \u201cWstajesz i wiesz\u201d emitowanego na TVN 24. Bardzo du\u017c\u0105 aktywno\u015bci\u0105 odznaczaj\u0105 si\u0119 u\u017cytkownicy zaanga\u017cowani na profilu telewizji informacyjnej Superstacja, kt\u00f3rzy wchodz\u0105 w interakcj\u0119 przede wszystkim ze stronami kandydat\u00f3w lokuj\u0105cych si\u0119 po prawej stronie sceny politycznej.<\/p>\n<p style=\"text-align: justify;\">Poni\u017cej przedstawiamy komplet zestawie\u0144 pokazuj\u0105cych, na profilach jakich medi\u00f3w anga\u017cuj\u0105 si\u0119 fani stron na Facebooku prowadzonych przez poszczeg\u00f3lnych kandydat\u00f3w na prezydenta. <a title=\"Zwi\u0119ksz zasi\u0119g post\u00f3w na Facebooku dzi\u0119ki nowym wskaz\u00f3wkom Sotrendera\" href=\"https:\/\/www.sotrender.com\/blog\/pl\/2015\/03\/zwieksz-zasieg-dzieki-wskazowkom-sotrendera\/\">Dla ka\u017cdego z kandydat\u00f3w przygotowali\u015bmy r\u00f3wnie\u017c dedykowan\u0105 wskaz\u00f3wk\u0119 podpowiadaj\u0105c\u0105<\/a>, kt\u00f3ry aspekt komunikacji najpilniej wymaga poprawy oraz wyodr\u0119bnili\u015bmy najbardziej interaktywny post z analizowanego okresu (01.03 &#8211; 14.04 br). Lista kandydat\u00f3w zosta\u0142a przedstawiona w porz\u0105dku alfabetycznym.<\/p>\n<h3 style=\"text-align: justify;\"><b>Grzegorz Braun<\/b><\/h3>\n<p style=\"text-align: justify;\">W interakcj\u0119 z profilem Grzegorza Brauna wchodzi\u0142 najwi\u0119kszy odsetek u\u017cytkownik\u00f3w Najwy\u017cszego Czasu!, Uwa\u017cam Rze oraz Superstacji.<\/p>\n<p style=\"text-align: justify;\">Najlepszy post Grzegorza Brauna w badanym okresie to link do nagrania z wizyty kandydata w programie \u201cBez pardonu\u201d emitowanym w Tele 5. Co ciekawe, jest to link do YouTube, a taki typ post\u00f3w generalnie wywo\u0142uje mniejsze zaanga\u017cowanie fan\u00f3w. Jednak zosta\u0142 on udost\u0119pniony 258 razy.<\/p>\n<p style=\"text-align: justify;\">Wed\u0142ug \u00a0wskaz\u00f3wek Sotrendera,\u00a0aby bardziej anga\u017cowa\u0107 u\u017cytkownik\u00f3w,\u00a0Grzegorz Braun powinien publikowa\u0107 tre\u015bci nieco rzadziej.<\/p>\n<p><img loading=\"lazy\" decoding=\"async\" class=\"aligncenter wp-image-17659 size-large\" src=\"https:\/\/www.sotrender.com\/blog\/wp-content\/uploads\/2015\/04\/Grzegorz-Braun_coactive1-950x585.png\" width=\"950\" height=\"585\" srcset=\"https:\/\/www.sotrender.com\/blog\/wp-content\/uploads\/2015\/04\/Grzegorz-Braun_coactive1-950x585.png 950w, https:\/\/www.sotrender.com\/blog\/wp-content\/uploads\/2015\/04\/Grzegorz-Braun_coactive1-475x292.png 475w, https:\/\/www.sotrender.com\/blog\/wp-content\/uploads\/2015\/04\/Grzegorz-Braun_coactive1-768x473.png 768w, https:\/\/www.sotrender.com\/blog\/wp-content\/uploads\/2015\/04\/Grzegorz-Braun_coactive1-600x369.png 600w, https:\/\/www.sotrender.com\/blog\/wp-content\/uploads\/2015\/04\/Grzegorz-Braun_coactive1.png 1950w\" sizes=\"(max-width: 950px) 100vw, 950px\" \/><\/p>\n<p><img loading=\"lazy\" decoding=\"async\" class=\"aligncenter wp-image-17637 size-full\" src=\"https:\/\/www.sotrender.com\/blog\/wp-content\/uploads\/2015\/04\/braun.jpg\" alt=\"braun\" width=\"488\" height=\"359\" srcset=\"https:\/\/www.sotrender.com\/blog\/wp-content\/uploads\/2015\/04\/braun.jpg 488w, https:\/\/www.sotrender.com\/blog\/wp-content\/uploads\/2015\/04\/braun-475x349.jpg 475w\" sizes=\"(max-width: 488px) 100vw, 488px\" \/><\/p>\n<p><img loading=\"lazy\" decoding=\"async\" class=\"aligncenter wp-image-17639 size-full\" src=\"https:\/\/www.sotrender.com\/blog\/wp-content\/uploads\/2015\/04\/Grzegorz-Braun-nie-pisz-tak-cz\u0119sto.png\" alt=\"Grzegorz Braun nie pisz tak cz\u0119sto\" width=\"317\" height=\"249\" \/><\/p>\n<h3 style=\"text-align: justify;\"><b>Andrzej Duda<\/b><\/h3>\n<p style=\"text-align: justify;\">W interakcj\u0119 z profilem Andrzeja Dudy wchodzi\u0142a prawie jedna czwarta u\u017cytkownik\u00f3w zaanga\u017cowanych na stronie miesi\u0119cznika Uwa\u017cam Rze. Fani Andrzeja Dudy stanowi\u0105 ponad 10% u\u017cytkownik\u00f3w zaanga\u017cowanych na profilu katolickiego tygodnia Go\u015b\u0107 Niedzielny i ponad 8% zaanga\u017cowanych na fanpage\u2019u Rzeczpospolitej.<\/p>\n<p style=\"text-align: justify;\">Kandydat Prawa i Sprawiedliwo\u015bci postanowi\u0142 skorzysta\u0107 z mo\u017cliwo\u015bci udost\u0119pnienia filmu bezpo\u015brednio poprzez Faceboooka i wida\u0107,\u00a0\u017ce by\u0142a to trafna decyzja. Najlepszy post kandydata by\u0142 prawie tak samo cz\u0119sto udost\u0119pniany, jak lubiany.<\/p>\n<p style=\"text-align: justify;\">Podobnie jak wi\u0119kszo\u015b\u0107 konkurent\u00f3w, kandydat Prawa i Sprawiedliwo\u015bci nie dyskutuje pod w\u0142asnymi postami, co mo\u017ce sugerowa\u0107, \u017ce zamiast komunikowa\u0107 si\u0119 ze swoim elektoratem i s\u0142ucha\u0107 jego opinii,\u00a0za po\u015brednictwem medi\u00f3w spo\u0142eczno\u015bciowych jedynie przekazuje mu kolejne informacje.<\/p>\n<p><img loading=\"lazy\" decoding=\"async\" class=\"aligncenter wp-image-17661 size-large\" src=\"https:\/\/www.sotrender.com\/blog\/wp-content\/uploads\/2015\/04\/Andrzej-Duda_coactive1-950x585.png\" width=\"950\" height=\"585\" srcset=\"https:\/\/www.sotrender.com\/blog\/wp-content\/uploads\/2015\/04\/Andrzej-Duda_coactive1-950x585.png 950w, https:\/\/www.sotrender.com\/blog\/wp-content\/uploads\/2015\/04\/Andrzej-Duda_coactive1-475x292.png 475w, https:\/\/www.sotrender.com\/blog\/wp-content\/uploads\/2015\/04\/Andrzej-Duda_coactive1-768x473.png 768w, https:\/\/www.sotrender.com\/blog\/wp-content\/uploads\/2015\/04\/Andrzej-Duda_coactive1-600x369.png 600w, https:\/\/www.sotrender.com\/blog\/wp-content\/uploads\/2015\/04\/Andrzej-Duda_coactive1.png 1950w\" sizes=\"(max-width: 950px) 100vw, 950px\" \/><\/p>\n<p><img loading=\"lazy\" decoding=\"async\" class=\"wp-image-17643 size-full aligncenter\" src=\"https:\/\/www.sotrender.com\/blog\/wp-content\/uploads\/2015\/04\/duda.jpg\" alt=\"duda\" width=\"488\" height=\"470\" srcset=\"https:\/\/www.sotrender.com\/blog\/wp-content\/uploads\/2015\/04\/duda.jpg 488w, https:\/\/www.sotrender.com\/blog\/wp-content\/uploads\/2015\/04\/duda-475x457.jpg 475w\" sizes=\"(max-width: 488px) 100vw, 488px\" \/><\/p>\n<p><img loading=\"lazy\" decoding=\"async\" class=\"wp-image-17645 size-full aligncenter\" src=\"https:\/\/www.sotrender.com\/blog\/wp-content\/uploads\/2015\/04\/Duda-odpowiadaj-na-pody.png\" alt=\"Duda odpowiadaj na pody\" width=\"318\" height=\"252\" \/><\/p>\n<h3 style=\"text-align: justify;\"><b>Adam Jarubas<\/b><\/h3>\n<p style=\"text-align: justify;\">Kandydat Polskiego Stronnictwa Ludowego jest znany najbardziej jako marsza\u0142ek wojew\u00f3dztwa \u015bwi\u0119tokrzyskiego, nic dziwnego, \u017ce u\u017cytkownicy zaanga\u017cowani \u00a0na profilu Adama Jarubasa stanowi\u0105 najwi\u0119kszy odsetek u\u017cytkownik\u00f3w zaanga\u017cowanych na stronie Echo Dnia \u015bwi\u0119tokrzyskie.<\/p>\n<p style=\"text-align: justify;\">Najpopularniejszy post zamieszczony na profilu Adam Jarubasa to zdj\u0119cie z podr\u00f3\u017cy w kampanii wyborczej.<\/p>\n<p style=\"text-align: justify;\">Wskaz\u00f3wki Sotrendera sugeruj\u0105, \u017ce Jarubas powinien popracowa\u0107 nad zaanga\u017cowaniem swoich fan\u00f3w.<\/p>\n<p><img loading=\"lazy\" decoding=\"async\" class=\"aligncenter wp-image-17663 size-large\" src=\"https:\/\/www.sotrender.com\/blog\/wp-content\/uploads\/2015\/04\/Adam-Jarubas_coactive1-950x585.png\" width=\"950\" height=\"585\" srcset=\"https:\/\/www.sotrender.com\/blog\/wp-content\/uploads\/2015\/04\/Adam-Jarubas_coactive1-950x585.png 950w, https:\/\/www.sotrender.com\/blog\/wp-content\/uploads\/2015\/04\/Adam-Jarubas_coactive1-475x292.png 475w, https:\/\/www.sotrender.com\/blog\/wp-content\/uploads\/2015\/04\/Adam-Jarubas_coactive1-768x473.png 768w, https:\/\/www.sotrender.com\/blog\/wp-content\/uploads\/2015\/04\/Adam-Jarubas_coactive1-600x369.png 600w, https:\/\/www.sotrender.com\/blog\/wp-content\/uploads\/2015\/04\/Adam-Jarubas_coactive1.png 1950w\" sizes=\"(max-width: 950px) 100vw, 950px\" \/><\/p>\n<p><img loading=\"lazy\" decoding=\"async\" class=\"wp-image-17649 size-full aligncenter\" src=\"https:\/\/www.sotrender.com\/blog\/wp-content\/uploads\/2015\/04\/jarubas.jpg\" alt=\"jarubas\" width=\"488\" height=\"618\" srcset=\"https:\/\/www.sotrender.com\/blog\/wp-content\/uploads\/2015\/04\/jarubas.jpg 488w, https:\/\/www.sotrender.com\/blog\/wp-content\/uploads\/2015\/04\/jarubas-475x602.jpg 475w\" sizes=\"(max-width: 488px) 100vw, 488px\" \/><\/p>\n<p><img loading=\"lazy\" decoding=\"async\" class=\"wp-image-17651 size-full aligncenter\" src=\"https:\/\/www.sotrender.com\/blog\/wp-content\/uploads\/2015\/04\/jarubas-ma\u0142o-post\u00f3w-u\u017cytkownik\u00f3w.png\" alt=\"jarubas ma\u0142o post\u00f3w u\u017cytkownik\u00f3w\" width=\"317\" height=\"252\" \/><\/p>\n<h3 style=\"text-align: justify;\"><b>Bronis\u0142aw Komorowski<\/b><\/h3>\n<p style=\"text-align: justify;\">W badanym okresie w interakcj\u0119 z profilem Komorowskiego wesz\u0142o \u00a0prawie 25% u\u017cytkownik\u00f3w anga\u017cuj\u0105cych si\u0119 na fanpage\u2019u porannego programu \u201cWstajesz i Wiesz\u201d TVN24. U\u017cytkownicy zaanga\u017cowani na stronie urz\u0119duj\u0105cego prezydenta stanowi\u0105 ponadto odpowiednio 18% i prawie 14% u\u017cytkownik\u00f3w zaanga\u017cowanych na stronach Kontakt 24 oraz Radia TOK FM.<\/p>\n<p style=\"text-align: justify;\">Najpopularniejszy post Bronis\u0142awa Komorowskiego z analizowanego okresu to jego nowe zdj\u0119cie profilowe,\u00a0kt\u00f3re polubi\u0142o ponad 13 tys. u\u017cytkownik\u00f3w.<\/p>\n<p style=\"text-align: justify;\">Wed\u0142ug wskaz\u00f3wek Sotrendera kandydat Komorowski powinien komunikowa\u0107 si\u0119 ze swoimi fanami na Facebooku regularniej.<\/p>\n<p><img loading=\"lazy\" decoding=\"async\" class=\"aligncenter wp-image-17657 size-large\" src=\"https:\/\/www.sotrender.com\/blog\/wp-content\/uploads\/2015\/04\/Bronis\u0142aw-Komorowski_coactive1-950x585.png\" alt=\"Bronis\u0142aw Komorowski_coactive\" width=\"950\" height=\"585\" srcset=\"https:\/\/www.sotrender.com\/blog\/wp-content\/uploads\/2015\/04\/Bronis\u0142aw-Komorowski_coactive1-950x585.png 950w, https:\/\/www.sotrender.com\/blog\/wp-content\/uploads\/2015\/04\/Bronis\u0142aw-Komorowski_coactive1-475x292.png 475w, https:\/\/www.sotrender.com\/blog\/wp-content\/uploads\/2015\/04\/Bronis\u0142aw-Komorowski_coactive1-768x473.png 768w, https:\/\/www.sotrender.com\/blog\/wp-content\/uploads\/2015\/04\/Bronis\u0142aw-Komorowski_coactive1-600x369.png 600w, https:\/\/www.sotrender.com\/blog\/wp-content\/uploads\/2015\/04\/Bronis\u0142aw-Komorowski_coactive1.png 1950w\" sizes=\"(max-width: 950px) 100vw, 950px\" \/><\/p>\n<p><img loading=\"lazy\" decoding=\"async\" class=\"wp-image-17655 size-full aligncenter\" src=\"https:\/\/www.sotrender.com\/blog\/wp-content\/uploads\/2015\/04\/komorowski.jpg\" alt=\"komorowski\" width=\"488\" height=\"657\" srcset=\"https:\/\/www.sotrender.com\/blog\/wp-content\/uploads\/2015\/04\/komorowski.jpg 488w, https:\/\/www.sotrender.com\/blog\/wp-content\/uploads\/2015\/04\/komorowski-475x639.jpg 475w\" sizes=\"(max-width: 488px) 100vw, 488px\" \/><\/p>\n<p><img loading=\"lazy\" decoding=\"async\" class=\"wp-image-17665 size-full aligncenter\" src=\"https:\/\/www.sotrender.com\/blog\/wp-content\/uploads\/2015\/04\/Komorowski-pisz-cz\u0119\u015bciej.png\" alt=\"Komorowski pisz cz\u0119\u015bciej\" width=\"318\" height=\"252\" \/><\/p>\n<h3 style=\"text-align: justify;\"><b>Janusz Korwin-Mikke<\/b><\/h3>\n<p style=\"text-align: justify;\">Korwin-Mikke jest sta\u0142ym felietonist\u0105 Najwy\u017cszego Czasu!,\u00a0nie dziwi wi\u0119c fakt, \u017ce ponad 28% u\u017cytkownik\u00f3w zaanga\u017cowanych na profilu tego czasopisma, wchodzi w interakcj\u0119 z profilem kandydata partii KORWiN. Na stronie Korwin-Mikkego anga\u017cuje si\u0119 prawie tak samo du\u017cy odsetek (28,47%) u\u017cytkownik\u00f3w strony Uwa\u017cam Rze.<\/p>\n<p style=\"text-align: justify;\">Najwi\u0119ksz\u0105 zaanga\u017cowaniem w\u015br\u00f3d post\u00f3w kandydat\u00f3w na prezydenta cieszy\u0142y si\u0119 tre\u015bci multimedialne. Nie inaczej jest w przypadku Janusza Korwin-Mikkego, kt\u00f3rego kola\u017c zdj\u0119\u0107 ze spotka\u0144 wyborczych by\u0142 jego najlepszym postem w badanym okresie.<\/p>\n<p style=\"text-align: justify;\">Podobnie, jak w przypadku pozosta\u0142ych kandydat\u00f3w, Janusz Korwin-Mikke niech\u0119tnie odpowiada na posty zamieszczone na swoim profilu przez innych u\u017cytkownik\u00f3w. Zach\u0119camy do cz\u0119stszego anga\u017cowania si\u0119 w dyskusje z fanami!<\/p>\n<p><img loading=\"lazy\" decoding=\"async\" class=\"aligncenter wp-image-17669 size-large\" src=\"https:\/\/www.sotrender.com\/blog\/wp-content\/uploads\/2015\/04\/Janusz-Korwin-Mikke_coactive-950x585.png\" alt=\"Janusz Korwin-Mikke_coactive\" width=\"950\" height=\"585\" srcset=\"https:\/\/www.sotrender.com\/blog\/wp-content\/uploads\/2015\/04\/Janusz-Korwin-Mikke_coactive-950x585.png 950w, https:\/\/www.sotrender.com\/blog\/wp-content\/uploads\/2015\/04\/Janusz-Korwin-Mikke_coactive-475x292.png 475w, https:\/\/www.sotrender.com\/blog\/wp-content\/uploads\/2015\/04\/Janusz-Korwin-Mikke_coactive-768x473.png 768w, https:\/\/www.sotrender.com\/blog\/wp-content\/uploads\/2015\/04\/Janusz-Korwin-Mikke_coactive-600x369.png 600w, https:\/\/www.sotrender.com\/blog\/wp-content\/uploads\/2015\/04\/Janusz-Korwin-Mikke_coactive.png 1950w\" sizes=\"(max-width: 950px) 100vw, 950px\" \/><\/p>\n<p><img loading=\"lazy\" decoding=\"async\" class=\"wp-image-17671 size-full aligncenter\" src=\"https:\/\/www.sotrender.com\/blog\/wp-content\/uploads\/2015\/04\/korwin.jpg\" alt=\"korwin\" width=\"486\" height=\"709\" srcset=\"https:\/\/www.sotrender.com\/blog\/wp-content\/uploads\/2015\/04\/korwin.jpg 486w, https:\/\/www.sotrender.com\/blog\/wp-content\/uploads\/2015\/04\/korwin-475x693.jpg 475w\" sizes=\"(max-width: 486px) 100vw, 486px\" \/><\/p>\n<p><img loading=\"lazy\" decoding=\"async\" class=\"wp-image-17673 size-full aligncenter\" src=\"https:\/\/www.sotrender.com\/blog\/wp-content\/uploads\/2015\/04\/korwin-odpowiadaj-na-posty.png\" alt=\"korwin odpowiadaj na posty\" width=\"315\" height=\"250\" \/><\/p>\n<h3><b>Marian Kowalski<\/b><\/h3>\n<p style=\"text-align: justify;\">Wsp\u00f3lne zainteresowania medialne u\u017cytkownik\u00f3w zaanga\u017cowanych na profilu lidera Ruchu Narodowego nie r\u00f3\u017cni\u0105 si\u0119 od zainteresowa\u0144 u\u017cytkownik\u00f3w profili innych kandydat\u00f3w prawicowych. Na pierwszych trzech miejscach znajdziemy Najwy\u017cszy Czas!,\u00a0Uwa\u017cam Rze, oraz Superstacj\u0119.<\/p>\n<p style=\"text-align: justify;\">Najlepszy post Mariana Kowalskiego, podobnie, jak Andrzeja Dudy, to wideo zamieszczone bezpo\u015brednio na Facebooku (post zawiera r\u00f3wnie\u017c link do tego samego nagrania na YouTube).<\/p>\n<p style=\"text-align: justify;\">Co ciekawe, Sotrender zauwa\u017cy\u0142 problem w odpowiadaniu przez profil Mariana Kowalskiego na posty wysy\u0142ane w dni robocze.<\/p>\n<p><img loading=\"lazy\" decoding=\"async\" class=\"aligncenter wp-image-17675 size-large\" src=\"https:\/\/www.sotrender.com\/blog\/wp-content\/uploads\/2015\/04\/Marian-Kowalski_coactive-950x585.png\" alt=\"Marian Kowalski_coactive\" width=\"950\" height=\"585\" srcset=\"https:\/\/www.sotrender.com\/blog\/wp-content\/uploads\/2015\/04\/Marian-Kowalski_coactive-950x585.png 950w, https:\/\/www.sotrender.com\/blog\/wp-content\/uploads\/2015\/04\/Marian-Kowalski_coactive-475x292.png 475w, https:\/\/www.sotrender.com\/blog\/wp-content\/uploads\/2015\/04\/Marian-Kowalski_coactive-768x473.png 768w, https:\/\/www.sotrender.com\/blog\/wp-content\/uploads\/2015\/04\/Marian-Kowalski_coactive-600x369.png 600w, https:\/\/www.sotrender.com\/blog\/wp-content\/uploads\/2015\/04\/Marian-Kowalski_coactive.png 1950w\" sizes=\"(max-width: 950px) 100vw, 950px\" \/><\/p>\n<p><img loading=\"lazy\" decoding=\"async\" class=\"wp-image-17677 size-full aligncenter\" src=\"https:\/\/www.sotrender.com\/blog\/wp-content\/uploads\/2015\/04\/kowalski.jpg\" alt=\"kowalski\" width=\"488\" height=\"532\" srcset=\"https:\/\/www.sotrender.com\/blog\/wp-content\/uploads\/2015\/04\/kowalski.jpg 488w, https:\/\/www.sotrender.com\/blog\/wp-content\/uploads\/2015\/04\/kowalski-475x518.jpg 475w\" sizes=\"(max-width: 488px) 100vw, 488px\" \/><\/p>\n<p><img loading=\"lazy\" decoding=\"async\" class=\"wp-image-17679 size-full aligncenter\" src=\"https:\/\/www.sotrender.com\/blog\/wp-content\/uploads\/2015\/04\/Kowalski-odpowiadaj-w-dni-robocze.png\" alt=\"Kowalski odpowiadaj w dni robocze\" width=\"317\" height=\"250\" \/><\/p>\n<h3 style=\"text-align: justify;\"><b>Pawe\u0142 Kukiz<\/b><\/h3>\n<p style=\"text-align: justify;\">U\u017cytkownicy zaanga\u017cowani na profilu Prezydent Kukiz stanowi\u0105 najwi\u0119kszy odsetek u\u017cytkownik\u00f3w Najwy\u017cszego Czasu!, Uwa\u017cam Rze oraz Superstacji.<\/p>\n<p style=\"text-align: justify;\">Najlepszy post na profilu Paw\u0142a Kukiza to og\u0142oszenie zebrania 100 tys. podpis\u00f3w, umo\u017cliwiaj\u0105cych muzykowi start w wyborach prezydenckich.<\/p>\n<p style=\"text-align: justify;\">Wed\u0142ug wskaz\u00f3wek Sotrendera administratorzy profilu Paw\u0142a Kukiza powinni zwraca\u0107 wi\u0119ksz\u0105 uwag\u0119 na posty u\u017cytkownik\u00f3w zamieszczane w weekendy.<\/p>\n<p><img loading=\"lazy\" decoding=\"async\" class=\"aligncenter wp-image-17681 size-large\" src=\"https:\/\/www.sotrender.com\/blog\/wp-content\/uploads\/2015\/04\/Prezydent-Kukiz_coactive-950x585.png\" alt=\"Prezydent Kukiz_coactive\" width=\"950\" height=\"585\" srcset=\"https:\/\/www.sotrender.com\/blog\/wp-content\/uploads\/2015\/04\/Prezydent-Kukiz_coactive-950x585.png 950w, https:\/\/www.sotrender.com\/blog\/wp-content\/uploads\/2015\/04\/Prezydent-Kukiz_coactive-475x292.png 475w, https:\/\/www.sotrender.com\/blog\/wp-content\/uploads\/2015\/04\/Prezydent-Kukiz_coactive-768x473.png 768w, https:\/\/www.sotrender.com\/blog\/wp-content\/uploads\/2015\/04\/Prezydent-Kukiz_coactive-600x369.png 600w, https:\/\/www.sotrender.com\/blog\/wp-content\/uploads\/2015\/04\/Prezydent-Kukiz_coactive.png 1950w\" sizes=\"(max-width: 950px) 100vw, 950px\" \/><\/p>\n<p><img loading=\"lazy\" decoding=\"async\" class=\"wp-image-17683 size-full aligncenter\" src=\"https:\/\/www.sotrender.com\/blog\/wp-content\/uploads\/2015\/04\/kukiz.jpg\" alt=\"kukiz\" width=\"488\" height=\"669\" srcset=\"https:\/\/www.sotrender.com\/blog\/wp-content\/uploads\/2015\/04\/kukiz.jpg 488w, https:\/\/www.sotrender.com\/blog\/wp-content\/uploads\/2015\/04\/kukiz-475x651.jpg 475w\" sizes=\"(max-width: 488px) 100vw, 488px\" \/><\/p>\n<p><img loading=\"lazy\" decoding=\"async\" class=\"wp-image-17685 size-full aligncenter\" src=\"https:\/\/www.sotrender.com\/blog\/wp-content\/uploads\/2015\/04\/kukiz-odpowiadaj-w-weekendy.png\" alt=\"kukiz odpowiadaj w weekendy\" width=\"315\" height=\"248\" \/><\/p>\n<h3 style=\"text-align: justify;\"><b>Magdalena Og\u00f3rek<\/b><\/h3>\n<p style=\"text-align: justify;\">U\u017cytkownicy zaanga\u017cowani na profilu Magdaleny Og\u00f3rek w badanym okresie najcz\u0119\u015bciej wchodzili w interakcj\u0119 z profilami Superstacji, dziennika Polska The Times oraz serwisu Kontakt24.<\/p>\n<p style=\"text-align: justify;\">Najlepszy post kandydatki Sojuszu Lewicy Demokratycznej to, podobnie, jak w przypadku Bronis\u0142awa Komorowskiego, nowe zdj\u0119cie profilowe, kt\u00f3re polubi\u0142o ponad 3600 i udost\u0119pni\u0142o 263 u\u017cytkownik\u00f3w Facebooka.<\/p>\n<p style=\"text-align: justify;\">Wskaz\u00f3wki Sotrendera sugeruj\u0105, \u017ce aby bardziej anga\u017cowa\u0107 fan\u00f3w,\u00a0Og\u00f3rek powinna zadba\u0107 o regularniejsz\u0105 komunikacj\u0119.<\/p>\n<p><img loading=\"lazy\" decoding=\"async\" class=\"aligncenter wp-image-17687 size-large\" src=\"https:\/\/www.sotrender.com\/blog\/wp-content\/uploads\/2015\/04\/Magdalena-Og\u00f3rek_coactive-950x585.png\" alt=\"Magdalena Og\u00f3rek_coactive\" width=\"950\" height=\"585\" srcset=\"https:\/\/www.sotrender.com\/blog\/wp-content\/uploads\/2015\/04\/Magdalena-Og\u00f3rek_coactive-950x585.png 950w, https:\/\/www.sotrender.com\/blog\/wp-content\/uploads\/2015\/04\/Magdalena-Og\u00f3rek_coactive-475x292.png 475w, https:\/\/www.sotrender.com\/blog\/wp-content\/uploads\/2015\/04\/Magdalena-Og\u00f3rek_coactive-768x473.png 768w, https:\/\/www.sotrender.com\/blog\/wp-content\/uploads\/2015\/04\/Magdalena-Og\u00f3rek_coactive-600x369.png 600w, https:\/\/www.sotrender.com\/blog\/wp-content\/uploads\/2015\/04\/Magdalena-Og\u00f3rek_coactive.png 1950w\" sizes=\"(max-width: 950px) 100vw, 950px\" \/><\/p>\n<p><img loading=\"lazy\" decoding=\"async\" class=\"wp-image-17689 size-full aligncenter\" src=\"https:\/\/www.sotrender.com\/blog\/wp-content\/uploads\/2015\/04\/ogorek.jpg\" alt=\"ogorek\" width=\"488\" height=\"643\" srcset=\"https:\/\/www.sotrender.com\/blog\/wp-content\/uploads\/2015\/04\/ogorek.jpg 488w, https:\/\/www.sotrender.com\/blog\/wp-content\/uploads\/2015\/04\/ogorek-475x626.jpg 475w\" sizes=\"(max-width: 488px) 100vw, 488px\" \/><\/p>\n<p><img loading=\"lazy\" decoding=\"async\" class=\"wp-image-17691 size-full aligncenter\" src=\"https:\/\/www.sotrender.com\/blog\/wp-content\/uploads\/2015\/04\/Magdlena-og\u00f3rek-pisz-regularniej.png\" alt=\"Wskaz\u00f3wka Sotrendera dla Magdaleny Og\u00f3rek\" width=\"314\" height=\"250\" \/><\/p>\n<h3 style=\"text-align: justify;\"><b>Janusz Palikot<\/b><\/h3>\n<p style=\"text-align: justify;\">U\u017cytkownicy zaanga\u017cowani na profilu lidera Twojego Ruchu stanowi\u0105 5% u\u017cytkownik\u00f3w strony Superstacji,\u00a03% Radia TOK FM oraz 2,5% &#8211; Krytyki Politycznej.<\/p>\n<p style=\"text-align: justify;\">Najlepszy post Janusza Palikota w badanym okresie nie jest bezpo\u015brednio zwi\u0105zany z kampani\u0105 wyborcz\u0105 i to jeden z dw\u00f3ch takich przypadk\u00f3w w\u015br\u00f3d 11 kandydat\u00f3w. Zdj\u0119cie z cennikiem us\u0142ug pogrzebowych polubi\u0142y 394 osoby i zosta\u0142o udost\u0119pnione 166 razy.<\/p>\n<p style=\"text-align: justify;\">Sotrender zaleca Januszowi Palikotowi wi\u0119ksz\u0105 zwi\u0119z\u0142o\u015b\u0107 w komunikacji na Facebooku.<\/p>\n<p><img loading=\"lazy\" decoding=\"async\" class=\"aligncenter wp-image-17693 size-large\" src=\"https:\/\/www.sotrender.com\/blog\/wp-content\/uploads\/2015\/04\/Janusz-Palikot_coactive-950x585.png\" alt=\"Janusz Palikot_coactive\" width=\"950\" height=\"585\" srcset=\"https:\/\/www.sotrender.com\/blog\/wp-content\/uploads\/2015\/04\/Janusz-Palikot_coactive-950x585.png 950w, https:\/\/www.sotrender.com\/blog\/wp-content\/uploads\/2015\/04\/Janusz-Palikot_coactive-475x292.png 475w, https:\/\/www.sotrender.com\/blog\/wp-content\/uploads\/2015\/04\/Janusz-Palikot_coactive-768x473.png 768w, https:\/\/www.sotrender.com\/blog\/wp-content\/uploads\/2015\/04\/Janusz-Palikot_coactive-600x369.png 600w, https:\/\/www.sotrender.com\/blog\/wp-content\/uploads\/2015\/04\/Janusz-Palikot_coactive.png 1950w\" sizes=\"(max-width: 950px) 100vw, 950px\" \/><\/p>\n<p><img loading=\"lazy\" decoding=\"async\" class=\"wp-image-17695 size-full aligncenter\" src=\"https:\/\/www.sotrender.com\/blog\/wp-content\/uploads\/2015\/04\/palikot.jpg\" alt=\"palikot\" width=\"488\" height=\"662\" srcset=\"https:\/\/www.sotrender.com\/blog\/wp-content\/uploads\/2015\/04\/palikot.jpg 488w, https:\/\/www.sotrender.com\/blog\/wp-content\/uploads\/2015\/04\/palikot-475x644.jpg 475w\" sizes=\"(max-width: 488px) 100vw, 488px\" \/><\/p>\n<p><img loading=\"lazy\" decoding=\"async\" class=\"wp-image-17697 size-full aligncenter\" src=\"https:\/\/www.sotrender.com\/blog\/wp-content\/uploads\/2015\/04\/Palikot-pisz-kr\u00f3cej.png\" alt=\"Wskaz\u00f3wka Sotrendera dla Janusza Palikota\" width=\"318\" height=\"251\" \/><\/p>\n<h3 style=\"text-align: justify;\"><b>Pawe\u0142 Tanajno<\/b><\/h3>\n<p style=\"text-align: justify;\">U\u017cytkownicy zaanga\u017cowani na profilu Paw\u0142a Tanajny stanowi\u0105 najwi\u0119kszy odsetek zaanga\u017cowanych u\u017cytkownik\u00f3w dziennika Polska the Times, Superstacji oraz Uwa\u017cam Rze.<\/p>\n<p style=\"text-align: justify;\">Kandydat Demokracji Bezpo\u015bredniej, ma najmniejszy profil ze wszystkich kandydat\u00f3w. Cho\u0107 uda\u0142o mu si\u0119 zebra\u0107 wymagan\u0105 liczb\u0119 podpis\u00f3w, jego najlepszy post w badanym okresie polubi\u0142o zaledwie 40 i udost\u0119pni\u0142o 115 os\u00f3b. Co ciekawe, jest to jedyny w zestawieniu najlepszych post\u00f3w status tekstowy.<\/p>\n<p style=\"text-align: justify;\">Wg wskaz\u00f3wek Sotrendera Pawe\u0142 Tanajno, podobnie,\u00a0jak wi\u0119kszo\u015b\u0107 kandydat\u00f3w powinien postara\u0107 si\u0119 publikowa\u0107 troch\u0119 rzadziej.<\/p>\n<p><img loading=\"lazy\" decoding=\"async\" class=\"aligncenter wp-image-17705 size-large\" src=\"https:\/\/www.sotrender.com\/blog\/wp-content\/uploads\/2015\/04\/Pawe\u0142-Tanajno_coactive-950x585.png\" alt=\"Pawe\u0142 Tanajno_coactive\" width=\"950\" height=\"585\" srcset=\"https:\/\/www.sotrender.com\/blog\/wp-content\/uploads\/2015\/04\/Pawe\u0142-Tanajno_coactive-950x585.png 950w, https:\/\/www.sotrender.com\/blog\/wp-content\/uploads\/2015\/04\/Pawe\u0142-Tanajno_coactive-475x292.png 475w, https:\/\/www.sotrender.com\/blog\/wp-content\/uploads\/2015\/04\/Pawe\u0142-Tanajno_coactive-768x473.png 768w, https:\/\/www.sotrender.com\/blog\/wp-content\/uploads\/2015\/04\/Pawe\u0142-Tanajno_coactive-600x369.png 600w, https:\/\/www.sotrender.com\/blog\/wp-content\/uploads\/2015\/04\/Pawe\u0142-Tanajno_coactive.png 1950w\" sizes=\"(max-width: 950px) 100vw, 950px\" \/><\/p>\n<p><img loading=\"lazy\" decoding=\"async\" class=\"wp-image-17701 size-full aligncenter\" src=\"https:\/\/www.sotrender.com\/blog\/wp-content\/uploads\/2015\/04\/tanajno.jpg\" alt=\"tanajno\" width=\"488\" height=\"637\" srcset=\"https:\/\/www.sotrender.com\/blog\/wp-content\/uploads\/2015\/04\/tanajno.jpg 488w, https:\/\/www.sotrender.com\/blog\/wp-content\/uploads\/2015\/04\/tanajno-475x620.jpg 475w\" sizes=\"(max-width: 488px) 100vw, 488px\" \/><\/p>\n<p><img loading=\"lazy\" decoding=\"async\" class=\"wp-image-17699 size-full aligncenter\" src=\"https:\/\/www.sotrender.com\/blog\/wp-content\/uploads\/2015\/04\/tanajno-publikuj-rzadziej.png\" alt=\"Wskaz\u00f3wka Sotrendera dla Paw\u0142a Tanajny\" width=\"313\" height=\"246\" \/><\/p>\n<h3 style=\"text-align: justify;\"><b>Jacek Wilk<\/b><\/h3>\n<p style=\"text-align: justify;\">U\u017cytkownicy wchodz\u0105cy w interakcj\u0119 ze stron\u0105 Jacka Wilka stanowi\u0105 prawie 9% u\u017cytkownik\u00f3w Najwy\u017cszego Czasu! Poza tym s\u0105 obecni przede wszystkim na stronach medi\u00f3w ekonomicznych.<\/p>\n<p style=\"text-align: justify;\">Kandydat Kongresu Nowej Prawicy, w analizowanym okresie najmocniej zaanga\u017cowa\u0142 u\u017cytkownik\u00f3w postem o szwajcarskiej s\u0142u\u017cbie zdrowia, kt\u00f3ry polubi\u0142o 535 i udost\u0119pni\u0142o 98 os\u00f3b.<\/p>\n<p style=\"text-align: justify;\">Jak sugeruj\u0105 wskaz\u00f3wki Sotrendera, kandydat Kongresu Nowej Prawicy powinien prowadzi\u0107 regularniejsz\u0105 komunikacj\u0119 na Facebooku.<\/p>\n<p><img loading=\"lazy\" decoding=\"async\" class=\"aligncenter wp-image-17707 size-large\" src=\"https:\/\/www.sotrender.com\/blog\/wp-content\/uploads\/2015\/04\/Jacek-Wilk_coactive-950x585.png\" alt=\"Jacek Wilk_coactive\" width=\"950\" height=\"585\" srcset=\"https:\/\/www.sotrender.com\/blog\/wp-content\/uploads\/2015\/04\/Jacek-Wilk_coactive-950x585.png 950w, https:\/\/www.sotrender.com\/blog\/wp-content\/uploads\/2015\/04\/Jacek-Wilk_coactive-475x292.png 475w, https:\/\/www.sotrender.com\/blog\/wp-content\/uploads\/2015\/04\/Jacek-Wilk_coactive-768x473.png 768w, https:\/\/www.sotrender.com\/blog\/wp-content\/uploads\/2015\/04\/Jacek-Wilk_coactive-600x369.png 600w, https:\/\/www.sotrender.com\/blog\/wp-content\/uploads\/2015\/04\/Jacek-Wilk_coactive.png 1950w\" sizes=\"(max-width: 950px) 100vw, 950px\" \/><\/p>\n<p><img loading=\"lazy\" decoding=\"async\" class=\"wp-image-17709 size-full aligncenter\" src=\"https:\/\/www.sotrender.com\/blog\/wp-content\/uploads\/2015\/04\/wilk.jpg\" alt=\"wilk\" width=\"488\" height=\"567\" srcset=\"https:\/\/www.sotrender.com\/blog\/wp-content\/uploads\/2015\/04\/wilk.jpg 488w, https:\/\/www.sotrender.com\/blog\/wp-content\/uploads\/2015\/04\/wilk-475x552.jpg 475w\" sizes=\"(max-width: 488px) 100vw, 488px\" \/><\/p>\n<p><img loading=\"lazy\" decoding=\"async\" class=\"wp-image-17713 size-full aligncenter\" src=\"https:\/\/www.sotrender.com\/blog\/wp-content\/uploads\/2015\/04\/Wilk-pisz-regularniej.png\" alt=\"Wskaz\u00f3wka Sotrendera dla Jacka Wilka\" width=\"318\" height=\"250\" \/><\/p>\n<p style=\"text-align: justify;\">Sotrender nie opowiada si\u0119 za \u017cadnym z kandydat\u00f3w. Przedstawione wy\u017cej wyniki analiz s\u0105 ca\u0142kowicie obiektywne i oparte na danych z Facebooka, Twittera oraz YouTube. Analizie zosta\u0142y poddane aktywno\u015bci kandydat\u00f3w na prezydenta w mediach spo\u0142eczno\u015bciowych wykonane mi\u0119dzy 1. marca a 14. kwietnia br. Z us\u0142ug analitycznych Sotrendera bezpo\u015brednio lub za po\u015brednictwem obs\u0142uguj\u0105cych agencji korzystaj\u0105 sztaby kilku kandydat\u00f3w.<\/p>\n","protected":false},"excerpt":{"rendered":"<p>Obecno\u015b\u0107 polityk\u00f3w w mediach spo\u0142eczno\u015bciowych jest dzi\u015b jednym z podstawowych element\u00f3w kampanii wyborczych. Z okazji zbli\u017caj\u0105cych si\u0119 wielkimi krokami wybor\u00f3w, Sotrender\u00a0postanowi\u0142 bacznie przyjrze\u0107 si\u0119 aktywno\u015bci w mediach spo\u0142eczno\u015bciowych kandydat\u00f3w do najwa\u017cniejszego urz\u0119du w pa\u0144stwie. Aby odpowiedzie\u0107 na pytanie, \u00a0jak kandydaci na prezydenta radz\u0105 sobie w mediach spo\u0142eczno\u015bciowych na nieca\u0142y miesi\u0105c przed wyborami i kt\u00f3ry z [&hellip;]<\/p>\n","protected":false},"author":31,"featured_media":17603,"comment_status":"open","ping_status":"open","sticky":false,"template":"","format":"standard","meta":{"inline_featured_image":false,"footnotes":""},"categories":[1791,1793,1797,1799,1801],"tags":[471,1565,1567,1569,1571],"yoast_head":"<!-- This site is optimized with the Yoast SEO plugin v22.4 - https:\/\/yoast.com\/wordpress\/plugins\/seo\/ -->\n<title>Kampania prezydencka w social media - kto wygrywa?<\/title>\n<meta name=\"description\" content=\"Jak wygl\u0105da kampania prezydencka w social media? Kt\u00f3ry z polityk\u00f3w najbardziej wyr\u00f3\u017cnia si\u0119 na tle konkurencji? Przeczytaj raport Sotrendera.\" \/>\n<meta name=\"robots\" content=\"index, follow, max-snippet:-1, max-image-preview:large, max-video-preview:-1\" \/>\n<link rel=\"canonical\" href=\"https:\/\/www.sotrender.com\/blog\/pl\/2015\/04\/kampania-prezydencka-w-social-media\/\" \/>\n<meta property=\"og:locale\" content=\"pl_PL\" \/>\n<meta property=\"og:type\" content=\"article\" \/>\n<meta property=\"og:title\" content=\"Kampania prezydencka w social media - kto wygrywa?\" \/>\n<meta property=\"og:description\" content=\"Jak wygl\u0105da kampania prezydencka w social media? Kt\u00f3ry z polityk\u00f3w najbardziej wyr\u00f3\u017cnia si\u0119 na tle konkurencji? Przeczytaj raport Sotrendera.\" \/>\n<meta property=\"og:url\" content=\"https:\/\/www.sotrender.com\/blog\/pl\/2015\/04\/kampania-prezydencka-w-social-media\/\" \/>\n<meta property=\"og:site_name\" content=\"Sotrender Blog\" \/>\n<meta property=\"article:publisher\" content=\"https:\/\/www.facebook.com\/Sotrender\" \/>\n<meta property=\"article:published_time\" content=\"2015-04-16T15:15:56+00:00\" \/>\n<meta property=\"article:modified_time\" content=\"2017-02-02T09:48:31+00:00\" \/>\n<meta property=\"og:image\" content=\"https:\/\/www.sotrender.com\/blog\/wp-content\/uploads\/2015\/04\/prezydenty2.jpg\" \/>\n\t<meta property=\"og:image:width\" content=\"1600\" \/>\n\t<meta property=\"og:image:height\" content=\"741\" \/>\n\t<meta property=\"og:image:type\" content=\"image\/jpeg\" \/>\n<meta name=\"author\" content=\"Aleksandra Prejs\" \/>\n<meta name=\"twitter:card\" content=\"summary_large_image\" \/>\n<meta name=\"twitter:creator\" content=\"@Sotrender\" \/>\n<meta name=\"twitter:site\" content=\"@Sotrender\" \/>\n<meta name=\"twitter:label1\" content=\"Written by\" \/>\n\t<meta name=\"twitter:data1\" content=\"Aleksandra Prejs\" \/>\n\t<meta name=\"twitter:label2\" content=\"Est. reading time\" \/>\n\t<meta name=\"twitter:data2\" content=\"13 minutes\" \/>\n<script type=\"application\/ld+json\" class=\"yoast-schema-graph\">{\"@context\":\"https:\/\/schema.org\",\"@graph\":[{\"@type\":\"WebPage\",\"@id\":\"https:\/\/www.sotrender.com\/blog\/pl\/2015\/04\/kampania-prezydencka-w-social-media\/\",\"url\":\"https:\/\/www.sotrender.com\/blog\/pl\/2015\/04\/kampania-prezydencka-w-social-media\/\",\"name\":\"Kampania prezydencka w social media - kto wygrywa?\",\"isPartOf\":{\"@id\":\"https:\/\/www.sotrender.com\/blog\/#website\"},\"primaryImageOfPage\":{\"@id\":\"https:\/\/www.sotrender.com\/blog\/pl\/2015\/04\/kampania-prezydencka-w-social-media\/#primaryimage\"},\"image\":{\"@id\":\"https:\/\/www.sotrender.com\/blog\/pl\/2015\/04\/kampania-prezydencka-w-social-media\/#primaryimage\"},\"thumbnailUrl\":\"https:\/\/www.sotrender.com\/blog\/wp-content\/uploads\/2015\/04\/prezydenty2.jpg\",\"datePublished\":\"2015-04-16T15:15:56+00:00\",\"dateModified\":\"2017-02-02T09:48:31+00:00\",\"author\":{\"@id\":\"https:\/\/www.sotrender.com\/blog\/#\/schema\/person\/7106df62825269bc360ad9171cd7149b\"},\"description\":\"Jak wygl\u0105da kampania prezydencka w social media? Kt\u00f3ry z polityk\u00f3w najbardziej wyr\u00f3\u017cnia si\u0119 na tle konkurencji? Przeczytaj raport Sotrendera.\",\"breadcrumb\":{\"@id\":\"https:\/\/www.sotrender.com\/blog\/pl\/2015\/04\/kampania-prezydencka-w-social-media\/#breadcrumb\"},\"inLanguage\":\"pl-PL\",\"potentialAction\":[{\"@type\":\"ReadAction\",\"target\":[\"https:\/\/www.sotrender.com\/blog\/pl\/2015\/04\/kampania-prezydencka-w-social-media\/\"]}]},{\"@type\":\"ImageObject\",\"inLanguage\":\"pl-PL\",\"@id\":\"https:\/\/www.sotrender.com\/blog\/pl\/2015\/04\/kampania-prezydencka-w-social-media\/#primaryimage\",\"url\":\"https:\/\/www.sotrender.com\/blog\/wp-content\/uploads\/2015\/04\/prezydenty2.jpg\",\"contentUrl\":\"https:\/\/www.sotrender.com\/blog\/wp-content\/uploads\/2015\/04\/prezydenty2.jpg\",\"width\":1600,\"height\":741},{\"@type\":\"BreadcrumbList\",\"@id\":\"https:\/\/www.sotrender.com\/blog\/pl\/2015\/04\/kampania-prezydencka-w-social-media\/#breadcrumb\",\"itemListElement\":[{\"@type\":\"ListItem\",\"position\":1,\"name\":\"Home\",\"item\":\"https:\/\/www.sotrender.com\/blog\/\"},{\"@type\":\"ListItem\",\"position\":2,\"name\":\"Kampania prezydencka w social media &#8211; kto wygrywa w wy\u015bcigu do Pa\u0142acu Prezydenckiego?\"}]},{\"@type\":\"WebSite\",\"@id\":\"https:\/\/www.sotrender.com\/blog\/#website\",\"url\":\"https:\/\/www.sotrender.com\/blog\/\",\"name\":\"Sotrender Blog\",\"description\":\"\",\"potentialAction\":[{\"@type\":\"SearchAction\",\"target\":{\"@type\":\"EntryPoint\",\"urlTemplate\":\"https:\/\/www.sotrender.com\/blog\/?s={search_term_string}\"},\"query-input\":\"required name=search_term_string\"}],\"inLanguage\":\"pl-PL\"},{\"@type\":\"Person\",\"@id\":\"https:\/\/www.sotrender.com\/blog\/#\/schema\/person\/7106df62825269bc360ad9171cd7149b\",\"name\":\"Aleksandra Prejs\",\"image\":{\"@type\":\"ImageObject\",\"inLanguage\":\"pl-PL\",\"@id\":\"https:\/\/www.sotrender.com\/blog\/#\/schema\/person\/image\/\",\"url\":\"https:\/\/secure.gravatar.com\/avatar\/469000454b77ff0aacb32c49dba023be?s=96&d=mm&r=g\",\"contentUrl\":\"https:\/\/secure.gravatar.com\/avatar\/469000454b77ff0aacb32c49dba023be?s=96&d=mm&r=g\",\"caption\":\"Aleksandra Prejs\"},\"url\":\"https:\/\/www.sotrender.com\/blog\/pl\/author\/aleksandra-prejs\/\"}]}<\/script>\n<!-- \/ Yoast SEO plugin. -->","yoast_head_json":{"title":"Kampania prezydencka w social media - kto wygrywa?","description":"Jak wygl\u0105da kampania prezydencka w social media? Kt\u00f3ry z polityk\u00f3w najbardziej wyr\u00f3\u017cnia si\u0119 na tle konkurencji? Przeczytaj raport Sotrendera.","robots":{"index":"index","follow":"follow","max-snippet":"max-snippet:-1","max-image-preview":"max-image-preview:large","max-video-preview":"max-video-preview:-1"},"canonical":"https:\/\/www.sotrender.com\/blog\/pl\/2015\/04\/kampania-prezydencka-w-social-media\/","og_locale":"pl_PL","og_type":"article","og_title":"Kampania prezydencka w social media - kto wygrywa?","og_description":"Jak wygl\u0105da kampania prezydencka w social media? Kt\u00f3ry z polityk\u00f3w najbardziej wyr\u00f3\u017cnia si\u0119 na tle konkurencji? Przeczytaj raport Sotrendera.","og_url":"https:\/\/www.sotrender.com\/blog\/pl\/2015\/04\/kampania-prezydencka-w-social-media\/","og_site_name":"Sotrender Blog","article_publisher":"https:\/\/www.facebook.com\/Sotrender","article_published_time":"2015-04-16T15:15:56+00:00","article_modified_time":"2017-02-02T09:48:31+00:00","og_image":[{"width":1600,"height":741,"url":"https:\/\/www.sotrender.com\/blog\/wp-content\/uploads\/2015\/04\/prezydenty2.jpg","type":"image\/jpeg"}],"author":"Aleksandra Prejs","twitter_card":"summary_large_image","twitter_creator":"@Sotrender","twitter_site":"@Sotrender","twitter_misc":{"Written by":"Aleksandra Prejs","Est. reading time":"13 minutes"},"schema":{"@context":"https:\/\/schema.org","@graph":[{"@type":"WebPage","@id":"https:\/\/www.sotrender.com\/blog\/pl\/2015\/04\/kampania-prezydencka-w-social-media\/","url":"https:\/\/www.sotrender.com\/blog\/pl\/2015\/04\/kampania-prezydencka-w-social-media\/","name":"Kampania prezydencka w social media - kto wygrywa?","isPartOf":{"@id":"https:\/\/www.sotrender.com\/blog\/#website"},"primaryImageOfPage":{"@id":"https:\/\/www.sotrender.com\/blog\/pl\/2015\/04\/kampania-prezydencka-w-social-media\/#primaryimage"},"image":{"@id":"https:\/\/www.sotrender.com\/blog\/pl\/2015\/04\/kampania-prezydencka-w-social-media\/#primaryimage"},"thumbnailUrl":"https:\/\/www.sotrender.com\/blog\/wp-content\/uploads\/2015\/04\/prezydenty2.jpg","datePublished":"2015-04-16T15:15:56+00:00","dateModified":"2017-02-02T09:48:31+00:00","author":{"@id":"https:\/\/www.sotrender.com\/blog\/#\/schema\/person\/7106df62825269bc360ad9171cd7149b"},"description":"Jak wygl\u0105da kampania prezydencka w social media? Kt\u00f3ry z polityk\u00f3w najbardziej wyr\u00f3\u017cnia si\u0119 na tle konkurencji? Przeczytaj raport Sotrendera.","breadcrumb":{"@id":"https:\/\/www.sotrender.com\/blog\/pl\/2015\/04\/kampania-prezydencka-w-social-media\/#breadcrumb"},"inLanguage":"pl-PL","potentialAction":[{"@type":"ReadAction","target":["https:\/\/www.sotrender.com\/blog\/pl\/2015\/04\/kampania-prezydencka-w-social-media\/"]}]},{"@type":"ImageObject","inLanguage":"pl-PL","@id":"https:\/\/www.sotrender.com\/blog\/pl\/2015\/04\/kampania-prezydencka-w-social-media\/#primaryimage","url":"https:\/\/www.sotrender.com\/blog\/wp-content\/uploads\/2015\/04\/prezydenty2.jpg","contentUrl":"https:\/\/www.sotrender.com\/blog\/wp-content\/uploads\/2015\/04\/prezydenty2.jpg","width":1600,"height":741},{"@type":"BreadcrumbList","@id":"https:\/\/www.sotrender.com\/blog\/pl\/2015\/04\/kampania-prezydencka-w-social-media\/#breadcrumb","itemListElement":[{"@type":"ListItem","position":1,"name":"Home","item":"https:\/\/www.sotrender.com\/blog\/"},{"@type":"ListItem","position":2,"name":"Kampania prezydencka w social media &#8211; kto wygrywa w wy\u015bcigu do Pa\u0142acu Prezydenckiego?"}]},{"@type":"WebSite","@id":"https:\/\/www.sotrender.com\/blog\/#website","url":"https:\/\/www.sotrender.com\/blog\/","name":"Sotrender Blog","description":"","potentialAction":[{"@type":"SearchAction","target":{"@type":"EntryPoint","urlTemplate":"https:\/\/www.sotrender.com\/blog\/?s={search_term_string}"},"query-input":"required name=search_term_string"}],"inLanguage":"pl-PL"},{"@type":"Person","@id":"https:\/\/www.sotrender.com\/blog\/#\/schema\/person\/7106df62825269bc360ad9171cd7149b","name":"Aleksandra Prejs","image":{"@type":"ImageObject","inLanguage":"pl-PL","@id":"https:\/\/www.sotrender.com\/blog\/#\/schema\/person\/image\/","url":"https:\/\/secure.gravatar.com\/avatar\/469000454b77ff0aacb32c49dba023be?s=96&d=mm&r=g","contentUrl":"https:\/\/secure.gravatar.com\/avatar\/469000454b77ff0aacb32c49dba023be?s=96&d=mm&r=g","caption":"Aleksandra Prejs"},"url":"https:\/\/www.sotrender.com\/blog\/pl\/author\/aleksandra-prejs\/"}]}},"_links":{"self":[{"href":"https:\/\/www.sotrender.com\/blog\/pl\/wp-json\/wp\/v2\/posts\/17601"}],"collection":[{"href":"https:\/\/www.sotrender.com\/blog\/pl\/wp-json\/wp\/v2\/posts"}],"about":[{"href":"https:\/\/www.sotrender.com\/blog\/pl\/wp-json\/wp\/v2\/types\/post"}],"author":[{"embeddable":true,"href":"https:\/\/www.sotrender.com\/blog\/pl\/wp-json\/wp\/v2\/users\/31"}],"replies":[{"embeddable":true,"href":"https:\/\/www.sotrender.com\/blog\/pl\/wp-json\/wp\/v2\/comments?post=17601"}],"version-history":[{"count":19,"href":"https:\/\/www.sotrender.com\/blog\/pl\/wp-json\/wp\/v2\/posts\/17601\/revisions"}],"predecessor-version":[{"id":25389,"href":"https:\/\/www.sotrender.com\/blog\/pl\/wp-json\/wp\/v2\/posts\/17601\/revisions\/25389"}],"wp:featuredmedia":[{"embeddable":true,"href":"https:\/\/www.sotrender.com\/blog\/pl\/wp-json\/wp\/v2\/media\/17603"}],"wp:attachment":[{"href":"https:\/\/www.sotrender.com\/blog\/pl\/wp-json\/wp\/v2\/media?parent=17601"}],"wp:term":[{"taxonomy":"category","embeddable":true,"href":"https:\/\/www.sotrender.com\/blog\/pl\/wp-json\/wp\/v2\/categories?post=17601"},{"taxonomy":"post_tag","embeddable":true,"href":"https:\/\/www.sotrender.com\/blog\/pl\/wp-json\/wp\/v2\/tags?post=17601"}],"curies":[{"name":"wp","href":"https:\/\/api.w.org\/{rel}","templated":true}]}}