{"id":17541,"date":"2015-04-09T13:35:39","date_gmt":"2015-04-09T12:35:39","guid":{"rendered":"http:\/\/blog.sotrender.com\/?p=17541"},"modified":"2015-12-01T21:35:33","modified_gmt":"2015-12-01T20:35:33","slug":"fanpage-trends-marzec-2015","status":"publish","type":"post","link":"https:\/\/www.sotrender.com\/blog\/pl\/2015\/04\/fanpage-trends-marzec-2015\/","title":{"rendered":"Fanpage Trends Marzec 2015 &#8211; wiosenne porz\u0105dki na Facebooku"},"content":{"rendered":"<p style=\"text-align: justify;\">Nadchodz\u0105ca wiosna zdominowa\u0142a tematyk\u0119 post\u00f3w na Facebooku,  a w\u0105tki dotycz\u0105ce tej pory roku pojawi\u0142y si\u0119 w ponad 8 tysi\u0105cach wpis\u00f3w. Nie da\u0142o si\u0119 nie zauwa\u017cy\u0107 lekkiego rozleniwienia administrator\u00f3w stron &#8211; w marcu polskie profile opublikowa\u0142y 24, 8 tys. post\u00f3w,  czyli o 7% mniej ni\u017c w lutym. Na Facebooku zapanowa\u0142a r\u00f3wnie\u017c prawdziwa polityczna gor\u0105czka zwi\u0105zana ze zbli\u017caj\u0105cymi si\u0119 wyborami prezydenckimi. Wydarzeniem miesi\u0105ca by\u0142 jednak z pewno\u015bci\u0105 pocz\u0105tek usuwania polubie\u0144 pochodz\u0105cych z nieaktywnych kont,  co mia\u0142o wp\u0142yw tak\u017ce na nasze rankingi wed\u0142ug liczby fan\u00f3w. <a title=\"Kliknij,  aby przeczyta\u0107 raport\" href=\"http:\/\/www.sotrender.pl\/trends\/facebook\/\" target=\"_blank\">Zapraszamy do lektury najnowszego wydania raportu Fanpage Trends <\/a>przygotowanego przez <a title=\"Kliknij,  aby przej\u015b\u0107 do strony\" href=\"http:\/\/www.sotrender.pl\" target=\"_blank\">Sotrender<\/a>!<!--more--><\/p>\n<h2 style=\"text-align: justify;\"><b>Spadki liczby fan\u00f3w w Fanpage Trends<\/b><\/h2>\n<p style=\"text-align: justify;\">Usuwanie polubie\u0144 pochodz\u0105cych z nieaktywnych kont,  kt\u00f3re rozpocz\u0119\u0142o si\u0119 12 marca wp\u0142yn\u0119\u0142o na popularno\u015b\u0107 tak\u017ce polskich stron. Najwi\u0119cej \u201clajk\u00f3w\u201d straci\u0142y strony z kategorii muzyka &#8211; ponad 600 tys. Jednak ta bran\u017ca utrzyma\u0142a swoj\u0105 pozycj\u0119 w rankingu. Blogi,  zyskuj\u0105c ponad 86 tys. fan\u00f3w,  awansowa\u0142y o jedno miejsce. W\u015br\u00f3d dziesi\u0119ciu najwi\u0119kszych stron na Facebooku wzrost liczby fan\u00f3w zanotowa\u0142y tylko profile SA Ward\u0119gi i Wiedzy bezu\u017cytecznej\u00a0\u015arednio polskie strony na Facebooku w wyniku wiosennych porz\u0105dk\u00f3w straci\u0142y po 289 fan\u00f3w,  z kolei ponad po\u0142owie analizowanych profili uby\u0142o po 25 fan\u00f3w. Jedna czwarta wszystkich analizowanych stron straci\u0142a po ponad 165 fan\u00f3w. Wi\u0119cej na ten temat przeczytacie na naszym blogu we wpisie &#8211;<a title=\"Kliknij,  aby przeczyta\u0107 wpis\" href=\"https:\/\/www.sotrender.com\/blog\/pl\/2015\/03\/spadek-liczby-fanow\/\" target=\"_blank\"> Spadek liczby fan\u00f3w stron na Facebooku \u2013 ile lajk\u00f3w straci\u0142a Twoja strona?<\/a><\/p>\n<div id=\"attachment_17543\" style=\"width: 610px\" class=\"wp-caption aligncenter\"><a href=\"https:\/\/www.sotrender.com\/blog\/wp-content\/uploads\/2015\/04\/najwi\u0119ksze-strony-FB-032015.png\"><img loading=\"lazy\" decoding=\"async\" aria-describedby=\"caption-attachment-17543\" class=\"wp-image-17543\" src=\"https:\/\/www.sotrender.com\/blog\/wp-content\/uploads\/2015\/04\/najwi\u0119ksze-strony-FB-032015.png\" alt=\"Najwi\u0119ksze strony - Fanpage Trends marzec 2015 by Sotrender\" width=\"600\" height=\"493\" srcset=\"https:\/\/www.sotrender.com\/blog\/wp-content\/uploads\/2015\/04\/najwi\u0119ksze-strony-FB-032015.png 715w, https:\/\/www.sotrender.com\/blog\/wp-content\/uploads\/2015\/04\/najwi\u0119ksze-strony-FB-032015-475x391.png 475w, https:\/\/www.sotrender.com\/blog\/wp-content\/uploads\/2015\/04\/najwi\u0119ksze-strony-FB-032015-600x493.png 600w\" sizes=\"(max-width: 600px) 100vw, 600px\" \/><\/a><p id=\"caption-attachment-17543\" class=\"wp-caption-text\">Najwi\u0119ksze strony &#8211; Fanpage Trends marzec 2015<\/p><\/div>\n<h2 style=\"text-align: justify;\"><b>Fit rewelacja miesi\u0105ca<\/b><\/h2>\n<p style=\"text-align: justify;\">Najpopularniejszym postem marca by\u0142 film opublikowany przez fit.pl,  kt\u00f3ry osi\u0105gn\u0105\u0142 zadziwiaj\u0105cy (i godny pozazdroszczenia) Interactivity Index wynosz\u0105cy 1, 8 mln. Dzi\u0119ki temu strona poszybowa\u0142a w rankingach zaanga\u017cowania i interaktywno\u015bci. W pierwszym z nich zanotowa\u0142a awans o 9 tys. (s\u0142ownie: dziewi\u0119\u0107 tysi\u0119cy) miejsc i znalaz\u0142a si\u0119 na czwartej pozycji,  anga\u017cuj\u0105c 413, 5 tys. u\u017cytkownik\u00f3w,  czyli 414% swoich fan\u00f3w (tak wysoki procent wynika z faktu,  \u017ce Facebook umo\u017cliwia interakcje r\u00f3wnie\u017c u\u017cytkownikom nieb\u0119d\u0105cym fanami danej strony). W rankingu interaktywno\u015bci Fit.pl awansowa\u0142 o 1008 miejsc i otwiera to zestawienie.<\/p>\n<div id=\"attachment_17545\" style=\"width: 610px\" class=\"wp-caption aligncenter\"><a href=\"https:\/\/www.sotrender.com\/blog\/wp-content\/uploads\/2015\/04\/Najbardziej-angazujace-strony-FB-032015.png\"><img loading=\"lazy\" decoding=\"async\" aria-describedby=\"caption-attachment-17545\" class=\"wp-image-17545\" src=\"https:\/\/www.sotrender.com\/blog\/wp-content\/uploads\/2015\/04\/Najbardziej-angazujace-strony-FB-032015.png\" alt=\"Najbardziej anga\u017cuj\u0105ce strony - Fanpage Trends marzec 2015 by Sotrender\" width=\"600\" height=\"500\" srcset=\"https:\/\/www.sotrender.com\/blog\/wp-content\/uploads\/2015\/04\/Najbardziej-angazujace-strony-FB-032015.png 707w, https:\/\/www.sotrender.com\/blog\/wp-content\/uploads\/2015\/04\/Najbardziej-angazujace-strony-FB-032015-475x396.png 475w, https:\/\/www.sotrender.com\/blog\/wp-content\/uploads\/2015\/04\/Najbardziej-angazujace-strony-FB-032015-600x500.png 600w\" sizes=\"(max-width: 600px) 100vw, 600px\" \/><\/a><p id=\"caption-attachment-17545\" class=\"wp-caption-text\">Najbardziej anga\u017cuj\u0105ce strony &#8211; Fanpage Trends marzec 2015<\/p><\/div>\n<p style=\"text-align: justify;\"><div class=\"shortcode trial\"><h4><span>Mierz dzia\u0142ania na Facebooku z Sotrenderem<\/span><a title=\"Dowiedz si\u0119 wi\u0119cej!\" class=\"btn\" href=\"https:\/\/app.sotrender.com\/auth\/signup\/trial\/pl?utm_source=blog-cta-legacy\">Dowiedz si\u0119 wi\u0119cej!<\/a><\/h4><\/div><\/p>\n<h2 style=\"text-align: justify;\"><b>Polityka ro\u015bnie w si\u0142\u0119<\/b><\/h2>\n<p style=\"text-align: justify;\">Mimo wspomnianych ju\u017c porz\u0105dk\u00f3w,  strony z kategorii Polityka i Partie w marcu raczej zyskiwa\u0142y fan\u00f3w ni\u017c ich traci\u0142y. Liczba fan\u00f3w spad\u0142a tylko w przypadku sze\u015bciu z pi\u0119tnastu najwi\u0119kszych profili w kategorii. Najwi\u0119cej nowych polubie\u0144 otrzyma\u0142 profil Andrzeja Dudy &#8211; w ubieg\u0142ym miesi\u0105cu polubi\u0142o go ponad 20 tys. u\u017cytkownik\u00f3w. W\u015br\u00f3d kandydat\u00f3w na prezydenta prym wiedzie,  jak mo\u017cna si\u0119 domy\u015bla\u0107,  Janusz Korwin-Mikke,  jednak najlepszy post w kategorii nie by\u0142 jego autorstwa. Palma pierwsze\u0144stwa przypad\u0142a w tym przypadku Przemys\u0142awowi Wiplerowi,  innemu dzia\u0142aczowi Partii KORWiN. Formacja obu polityk\u00f3w pnie si\u0119 w g\u00f3r\u0119 w rankingu najwi\u0119kszych stron i zbli\u017ca si\u0119 ju\u017c do podium. Co ciekawe,  przybywa jej fan\u00f3w mimo prawie ca\u0142kowitego braku interakcji z u\u017cytkownikami &#8211; z 625 post\u00f3w na stron\u0119 odpowiedzi doczeka\u0142o si\u0119 jedynie sze\u015b\u0107. Nad tym aspektem obecno\u015bci w mediach spo\u0142eczno\u015bciowych zdecydowanie warto popracowa\u0107. W zestawieniu zaanga\u017cowania mo\u017cemy zauwa\u017cy\u0107 spore zmiany i dominacj\u0119 polityk\u00f3w zwi\u0105zanych z Parti\u0105 KORWiN. W najlepszej pi\u0119tnastce znalaz\u0142o si\u0119 ich a\u017c czworo (opr\u00f3cz Przemys\u0142awa Wiplera i Janusza Korwin-Mikkego &#8211; Konrad Berkowicz oraz Agata Banasik). Ju\u017c nied\u0142ugo na naszym blogu uka\u017ce si\u0119 pierwsza z serii analiz dotycz\u0105cych obecno\u015bci kandydat\u00f3w do obj\u0119cia urz\u0119du g\u0142owy pa\u0144stwa w mediach spo\u0142eczno\u015bciowych.<\/p>\n<div id=\"attachment_17547\" style=\"width: 610px\" class=\"wp-caption aligncenter\"><a href=\"https:\/\/www.sotrender.com\/blog\/wp-content\/uploads\/2015\/04\/najbardziej-interaktywni-poliycy.png\"><img loading=\"lazy\" decoding=\"async\" aria-describedby=\"caption-attachment-17547\" class=\"wp-image-17547\" src=\"https:\/\/www.sotrender.com\/blog\/wp-content\/uploads\/2015\/04\/najbardziej-interaktywni-poliycy.png\" alt=\"Najbardziej interaktywne profile polityczne - Fanpage Trends marzec 2015 by Sotrender\" width=\"600\" height=\"498\" srcset=\"https:\/\/www.sotrender.com\/blog\/wp-content\/uploads\/2015\/04\/najbardziej-interaktywni-poliycy.png 711w, https:\/\/www.sotrender.com\/blog\/wp-content\/uploads\/2015\/04\/najbardziej-interaktywni-poliycy-475x394.png 475w, https:\/\/www.sotrender.com\/blog\/wp-content\/uploads\/2015\/04\/najbardziej-interaktywni-poliycy-600x498.png 600w\" sizes=\"(max-width: 600px) 100vw, 600px\" \/><\/a><p id=\"caption-attachment-17547\" class=\"wp-caption-text\">Najbardziej interaktywne profile polityczne &#8211; Fanpage Trends marzec 2015<\/p><\/div>\n<h2 style=\"text-align: justify;\"><b>Fanpage Trends \u015bwi\u0119tuj\u0105 4. urodziny!<\/b><\/h2>\n<p style=\"text-align: justify;\">To ju\u017c 4 lata,  od kiedy co miesi\u0105c wydajemy Fanpage Trends. Zastanawiali\u015bcie si\u0119 kiedy\u015b,  jak w tym czasie zmienia\u0142o si\u0119 podej\u015bcie do marketingu na Facebooku? Podpowiemy,  \u017ce naprawd\u0119 znacz\u0105co \ud83d\ude42 Wi\u0119cej szczeg\u00f3\u0142\u00f3w zdradzimy podczas 47. Czwartku Social Media w Warszawie,  gdzie opowiemy,  jak przez lata rozwija\u0142y si\u0119 nasze raporty oraz podsumujemy najwa\u017cniejsze zmiany na Facebooku w Polsce.<\/p>\n<h2 style=\"text-align: justify;\"><b>Nowe wskaz\u00f3wki <a title=\"Przejd\u017a na stron\u0119 Sotrendera\" href=\"http:\/\/www.sotrender.pl\/\" target=\"_blank\">Sotrendera<\/a><\/b><\/h2>\n<p style=\"text-align: justify;\"><a title=\"Kliknij,  aby przeczyta\u0107 wpis\" href=\"https:\/\/www.sotrender.com\/blog\/pl\/2015\/03\/zwieksz-zasieg-dzieki-wskazowkom-sotrendera\/\" target=\"_blank\">W marcu dodali\u015bmy do narz\u0119dzia nowy zestaw wskaz\u00f3wek<\/a> optymalizacyjnych dla Facebooka,  tym razem opartych na danych z Facebook Insights. Sprawdzicie dzi\u0119ki nim,  jakie s\u0105 mo\u017cliwe przyczyny s\u0142abego zasi\u0119gu Waszych post\u00f3w oraz dowiecie si\u0119,  jak mo\u017cecie go poprawi\u0107. Dodatkowo wskaz\u00f3wki w jeszcze wi\u0119kszym stopniu uwzgl\u0119dniaj\u0105 grupy demograficzne. Bior\u0105c pod uwag\u0119 konkretne grupy odbiorc\u00f3w,  pozwalaj\u0105 na bardziej precyzyjne dostosowanie tre\u015bci do grupy docelowej. Zach\u0119camy do korzystania ze wskaz\u00f3wek,  poniewa\u017c jak pokazuj\u0105 nasze analizy,  regularne ich stosowanie pozwala na popraw\u0119 wynik\u00f3w stron a\u017c o blisko 30%!<\/p>\n<div id=\"attachment_17333\" style=\"width: 610px\" class=\"wp-caption aligncenter\"><a href=\"https:\/\/www.sotrender.com\/blog\/wp-content\/uploads\/2015\/03\/nowe-wsk-zasieg.png\"><img loading=\"lazy\" decoding=\"async\" aria-describedby=\"caption-attachment-17333\" class=\"wp-image-17333\" src=\"https:\/\/www.sotrender.com\/blog\/wp-content\/uploads\/2015\/03\/nowe-wsk-zasieg.png\" alt=\"Wskaz\u00f3wki Sotrendera dotycz\u0105ce zasi\u0119gu\" width=\"600\" height=\"264\" srcset=\"https:\/\/www.sotrender.com\/blog\/wp-content\/uploads\/2015\/03\/nowe-wsk-zasieg.png 906w, https:\/\/www.sotrender.com\/blog\/wp-content\/uploads\/2015\/03\/nowe-wsk-zasieg-475x209.png 475w, https:\/\/www.sotrender.com\/blog\/wp-content\/uploads\/2015\/03\/nowe-wsk-zasieg-768x338.png 768w, https:\/\/www.sotrender.com\/blog\/wp-content\/uploads\/2015\/03\/nowe-wsk-zasieg-600x264.png 600w\" sizes=\"(max-width: 600px) 100vw, 600px\" \/><\/a><p id=\"caption-attachment-17333\" class=\"wp-caption-text\">Wskaz\u00f3wki Sotrendera dotycz\u0105ce zasi\u0119gu<\/p><\/div>\n<h2 style=\"text-align: center;\"><b><a title=\"Kliknij,  aby przeczyta\u0107 raport\" href=\"http:\/\/www.sotrender.pl\/trends\/facebook\/reports\/201503\/categories\" target=\"_blank\">Zapraszamy do lektury marcowego wydania raportu Fanpage Trends<\/a>!<\/b><\/h2>\n","protected":false},"excerpt":{"rendered":"<p>Nadchodz\u0105ca wiosna zdominowa\u0142a tematyk\u0119 post\u00f3w na Facebooku, a w\u0105tki dotycz\u0105ce tej pory roku pojawi\u0142y si\u0119 w ponad 8 tysi\u0105cach wpis\u00f3w. Nie da\u0142o si\u0119 nie zauwa\u017cy\u0107 lekkiego rozleniwienia administrator\u00f3w stron &#8211; w marcu polskie profile opublikowa\u0142y 24, 8 tys. post\u00f3w, czyli o 7% mniej ni\u017c w lutym. Na Facebooku zapanowa\u0142a r\u00f3wnie\u017c prawdziwa polityczna gor\u0105czka zwi\u0105zana ze [&hellip;]<\/p>\n","protected":false},"author":49,"featured_media":14935,"comment_status":"open","ping_status":"open","sticky":false,"template":"","format":"standard","meta":{"inline_featured_image":false,"footnotes":""},"categories":[1791,1797],"tags":[1559,7,17,31,675,1557],"yoast_head":"<!-- This site is optimized with the Yoast SEO plugin v22.4 - https:\/\/yoast.com\/wordpress\/plugins\/seo\/ -->\n<title>Fanpage Trends Marzec 2015 - wiosenne porz\u0105dki na Facebooku \u2013 Sotrender Blog \u2013 Analyze, Benchmark &amp; Report Your Social Media Performance<\/title>\n<meta name=\"description\" content=\"Nadchodz\u0105ca wiosna zdominowa\u0142a tematyk\u0119 post\u00f3w na Facebooku, a w\u0105tki dotycz\u0105ce tej pory roku pojawi\u0142y si\u0119 w ponad 8 tysi\u0105cach wpis\u00f3w. Nie da\u0142o si\u0119 nie Social Media Marketing &amp; Analytics Blog.\" \/>\n<meta name=\"robots\" content=\"index, follow, max-snippet:-1, max-image-preview:large, max-video-preview:-1\" \/>\n<link rel=\"canonical\" href=\"https:\/\/www.sotrender.com\/blog\/pl\/2015\/04\/fanpage-trends-marzec-2015\/\" \/>\n<meta property=\"og:locale\" content=\"pl_PL\" \/>\n<meta property=\"og:type\" content=\"article\" \/>\n<meta property=\"og:title\" content=\"Fanpage Trends Marzec 2015 - wiosenne porz\u0105dki na Facebooku \u2013 Sotrender Blog \u2013 Analyze, Benchmark &amp; Report Your Social Media Performance\" \/>\n<meta property=\"og:description\" content=\"Nadchodz\u0105ca wiosna zdominowa\u0142a tematyk\u0119 post\u00f3w na Facebooku, a w\u0105tki dotycz\u0105ce tej pory roku pojawi\u0142y si\u0119 w ponad 8 tysi\u0105cach wpis\u00f3w. Nie da\u0142o si\u0119 nie Social Media Marketing &amp; Analytics Blog.\" \/>\n<meta property=\"og:url\" content=\"https:\/\/www.sotrender.com\/blog\/pl\/2015\/04\/fanpage-trends-marzec-2015\/\" \/>\n<meta property=\"og:site_name\" content=\"Sotrender Blog\" \/>\n<meta property=\"article:publisher\" content=\"https:\/\/www.facebook.com\/Sotrender\" \/>\n<meta property=\"article:published_time\" content=\"2015-04-09T12:35:39+00:00\" \/>\n<meta property=\"article:modified_time\" content=\"2015-12-01T20:35:33+00:00\" \/>\n<meta property=\"og:image\" content=\"https:\/\/www.sotrender.com\/blog\/wp-content\/uploads\/2014\/09\/trends.jpg\" \/>\n\t<meta property=\"og:image:width\" content=\"1600\" \/>\n\t<meta property=\"og:image:height\" content=\"700\" \/>\n\t<meta property=\"og:image:type\" content=\"image\/jpeg\" \/>\n<meta name=\"author\" content=\"Micha\u0142 Wieczorek\" \/>\n<meta name=\"twitter:card\" content=\"summary_large_image\" \/>\n<meta name=\"twitter:creator\" content=\"@http:\/\/twitter.com\/eveningo\" \/>\n<meta name=\"twitter:site\" content=\"@Sotrender\" \/>\n<meta name=\"twitter:label1\" content=\"Written by\" \/>\n\t<meta name=\"twitter:data1\" content=\"Micha\u0142 Wieczorek\" \/>\n\t<meta name=\"twitter:label2\" content=\"Est. reading time\" \/>\n\t<meta name=\"twitter:data2\" content=\"4 minutes\" \/>\n<script type=\"application\/ld+json\" class=\"yoast-schema-graph\">{\"@context\":\"https:\/\/schema.org\",\"@graph\":[{\"@type\":\"WebPage\",\"@id\":\"https:\/\/www.sotrender.com\/blog\/pl\/2015\/04\/fanpage-trends-marzec-2015\/\",\"url\":\"https:\/\/www.sotrender.com\/blog\/pl\/2015\/04\/fanpage-trends-marzec-2015\/\",\"name\":\"Fanpage Trends Marzec 2015 - wiosenne porz\u0105dki na Facebooku \u2013 Sotrender Blog \u2013 Analyze, Benchmark & Report Your Social Media Performance\",\"isPartOf\":{\"@id\":\"https:\/\/www.sotrender.com\/blog\/#website\"},\"primaryImageOfPage\":{\"@id\":\"https:\/\/www.sotrender.com\/blog\/pl\/2015\/04\/fanpage-trends-marzec-2015\/#primaryimage\"},\"image\":{\"@id\":\"https:\/\/www.sotrender.com\/blog\/pl\/2015\/04\/fanpage-trends-marzec-2015\/#primaryimage\"},\"thumbnailUrl\":\"https:\/\/www.sotrender.com\/blog\/wp-content\/uploads\/2014\/09\/trends.jpg\",\"datePublished\":\"2015-04-09T12:35:39+00:00\",\"dateModified\":\"2015-12-01T20:35:33+00:00\",\"author\":{\"@id\":\"https:\/\/www.sotrender.com\/blog\/#\/schema\/person\/48ed6f8ff39863778de8dd32f58467f5\"},\"description\":\"Nadchodz\u0105ca wiosna zdominowa\u0142a tematyk\u0119 post\u00f3w na Facebooku, a w\u0105tki dotycz\u0105ce tej pory roku pojawi\u0142y si\u0119 w ponad 8 tysi\u0105cach wpis\u00f3w. Nie da\u0142o si\u0119 nie Social Media Marketing & Analytics Blog.\",\"breadcrumb\":{\"@id\":\"https:\/\/www.sotrender.com\/blog\/pl\/2015\/04\/fanpage-trends-marzec-2015\/#breadcrumb\"},\"inLanguage\":\"pl-PL\",\"potentialAction\":[{\"@type\":\"ReadAction\",\"target\":[\"https:\/\/www.sotrender.com\/blog\/pl\/2015\/04\/fanpage-trends-marzec-2015\/\"]}]},{\"@type\":\"ImageObject\",\"inLanguage\":\"pl-PL\",\"@id\":\"https:\/\/www.sotrender.com\/blog\/pl\/2015\/04\/fanpage-trends-marzec-2015\/#primaryimage\",\"url\":\"https:\/\/www.sotrender.com\/blog\/wp-content\/uploads\/2014\/09\/trends.jpg\",\"contentUrl\":\"https:\/\/www.sotrender.com\/blog\/wp-content\/uploads\/2014\/09\/trends.jpg\",\"width\":1600,\"height\":700},{\"@type\":\"BreadcrumbList\",\"@id\":\"https:\/\/www.sotrender.com\/blog\/pl\/2015\/04\/fanpage-trends-marzec-2015\/#breadcrumb\",\"itemListElement\":[{\"@type\":\"ListItem\",\"position\":1,\"name\":\"Home\",\"item\":\"https:\/\/www.sotrender.com\/blog\/\"},{\"@type\":\"ListItem\",\"position\":2,\"name\":\"Fanpage Trends Marzec 2015 &#8211; wiosenne porz\u0105dki na Facebooku\"}]},{\"@type\":\"WebSite\",\"@id\":\"https:\/\/www.sotrender.com\/blog\/#website\",\"url\":\"https:\/\/www.sotrender.com\/blog\/\",\"name\":\"Sotrender Blog\",\"description\":\"\",\"potentialAction\":[{\"@type\":\"SearchAction\",\"target\":{\"@type\":\"EntryPoint\",\"urlTemplate\":\"https:\/\/www.sotrender.com\/blog\/?s={search_term_string}\"},\"query-input\":\"required name=search_term_string\"}],\"inLanguage\":\"pl-PL\"},{\"@type\":\"Person\",\"@id\":\"https:\/\/www.sotrender.com\/blog\/#\/schema\/person\/48ed6f8ff39863778de8dd32f58467f5\",\"name\":\"Micha\u0142 Wieczorek\",\"image\":{\"@type\":\"ImageObject\",\"inLanguage\":\"pl-PL\",\"@id\":\"https:\/\/www.sotrender.com\/blog\/#\/schema\/person\/image\/\",\"url\":\"https:\/\/secure.gravatar.com\/avatar\/65ceb2020aa2338488b9c5f33c10137f?s=96&d=mm&r=g\",\"contentUrl\":\"https:\/\/secure.gravatar.com\/avatar\/65ceb2020aa2338488b9c5f33c10137f?s=96&d=mm&r=g\",\"caption\":\"Micha\u0142 Wieczorek\"},\"description\":\"Baltic linguist, marketer, and music journalist in his free time. A big fan of good food and even better music.\",\"sameAs\":[\"https:\/\/www.linkedin.com\/in\/michaldwieczorek\",\"https:\/\/twitter.com\/http:\/\/twitter.com\/eveningo\"],\"url\":\"https:\/\/www.sotrender.com\/blog\/pl\/author\/micha_wieczorek\/\"}]}<\/script>\n<!-- \/ Yoast SEO plugin. -->","yoast_head_json":{"title":"Fanpage Trends Marzec 2015 - wiosenne porz\u0105dki na Facebooku \u2013 Sotrender Blog \u2013 Analyze, Benchmark & Report Your Social Media Performance","description":"Nadchodz\u0105ca wiosna zdominowa\u0142a tematyk\u0119 post\u00f3w na Facebooku, a w\u0105tki dotycz\u0105ce tej pory roku pojawi\u0142y si\u0119 w ponad 8 tysi\u0105cach wpis\u00f3w. Nie da\u0142o si\u0119 nie Social Media Marketing & Analytics Blog.","robots":{"index":"index","follow":"follow","max-snippet":"max-snippet:-1","max-image-preview":"max-image-preview:large","max-video-preview":"max-video-preview:-1"},"canonical":"https:\/\/www.sotrender.com\/blog\/pl\/2015\/04\/fanpage-trends-marzec-2015\/","og_locale":"pl_PL","og_type":"article","og_title":"Fanpage Trends Marzec 2015 - wiosenne porz\u0105dki na Facebooku \u2013 Sotrender Blog \u2013 Analyze, Benchmark & Report Your Social Media Performance","og_description":"Nadchodz\u0105ca wiosna zdominowa\u0142a tematyk\u0119 post\u00f3w na Facebooku, a w\u0105tki dotycz\u0105ce tej pory roku pojawi\u0142y si\u0119 w ponad 8 tysi\u0105cach wpis\u00f3w. Nie da\u0142o si\u0119 nie Social Media Marketing & Analytics Blog.","og_url":"https:\/\/www.sotrender.com\/blog\/pl\/2015\/04\/fanpage-trends-marzec-2015\/","og_site_name":"Sotrender Blog","article_publisher":"https:\/\/www.facebook.com\/Sotrender","article_published_time":"2015-04-09T12:35:39+00:00","article_modified_time":"2015-12-01T20:35:33+00:00","og_image":[{"width":1600,"height":700,"url":"https:\/\/www.sotrender.com\/blog\/wp-content\/uploads\/2014\/09\/trends.jpg","type":"image\/jpeg"}],"author":"Micha\u0142 Wieczorek","twitter_card":"summary_large_image","twitter_creator":"@http:\/\/twitter.com\/eveningo","twitter_site":"@Sotrender","twitter_misc":{"Written by":"Micha\u0142 Wieczorek","Est. reading time":"4 minutes"},"schema":{"@context":"https:\/\/schema.org","@graph":[{"@type":"WebPage","@id":"https:\/\/www.sotrender.com\/blog\/pl\/2015\/04\/fanpage-trends-marzec-2015\/","url":"https:\/\/www.sotrender.com\/blog\/pl\/2015\/04\/fanpage-trends-marzec-2015\/","name":"Fanpage Trends Marzec 2015 - wiosenne porz\u0105dki na Facebooku \u2013 Sotrender Blog \u2013 Analyze, Benchmark & Report Your Social Media Performance","isPartOf":{"@id":"https:\/\/www.sotrender.com\/blog\/#website"},"primaryImageOfPage":{"@id":"https:\/\/www.sotrender.com\/blog\/pl\/2015\/04\/fanpage-trends-marzec-2015\/#primaryimage"},"image":{"@id":"https:\/\/www.sotrender.com\/blog\/pl\/2015\/04\/fanpage-trends-marzec-2015\/#primaryimage"},"thumbnailUrl":"https:\/\/www.sotrender.com\/blog\/wp-content\/uploads\/2014\/09\/trends.jpg","datePublished":"2015-04-09T12:35:39+00:00","dateModified":"2015-12-01T20:35:33+00:00","author":{"@id":"https:\/\/www.sotrender.com\/blog\/#\/schema\/person\/48ed6f8ff39863778de8dd32f58467f5"},"description":"Nadchodz\u0105ca wiosna zdominowa\u0142a tematyk\u0119 post\u00f3w na Facebooku, a w\u0105tki dotycz\u0105ce tej pory roku pojawi\u0142y si\u0119 w ponad 8 tysi\u0105cach wpis\u00f3w. Nie da\u0142o si\u0119 nie Social Media Marketing & Analytics Blog.","breadcrumb":{"@id":"https:\/\/www.sotrender.com\/blog\/pl\/2015\/04\/fanpage-trends-marzec-2015\/#breadcrumb"},"inLanguage":"pl-PL","potentialAction":[{"@type":"ReadAction","target":["https:\/\/www.sotrender.com\/blog\/pl\/2015\/04\/fanpage-trends-marzec-2015\/"]}]},{"@type":"ImageObject","inLanguage":"pl-PL","@id":"https:\/\/www.sotrender.com\/blog\/pl\/2015\/04\/fanpage-trends-marzec-2015\/#primaryimage","url":"https:\/\/www.sotrender.com\/blog\/wp-content\/uploads\/2014\/09\/trends.jpg","contentUrl":"https:\/\/www.sotrender.com\/blog\/wp-content\/uploads\/2014\/09\/trends.jpg","width":1600,"height":700},{"@type":"BreadcrumbList","@id":"https:\/\/www.sotrender.com\/blog\/pl\/2015\/04\/fanpage-trends-marzec-2015\/#breadcrumb","itemListElement":[{"@type":"ListItem","position":1,"name":"Home","item":"https:\/\/www.sotrender.com\/blog\/"},{"@type":"ListItem","position":2,"name":"Fanpage Trends Marzec 2015 &#8211; wiosenne porz\u0105dki na Facebooku"}]},{"@type":"WebSite","@id":"https:\/\/www.sotrender.com\/blog\/#website","url":"https:\/\/www.sotrender.com\/blog\/","name":"Sotrender Blog","description":"","potentialAction":[{"@type":"SearchAction","target":{"@type":"EntryPoint","urlTemplate":"https:\/\/www.sotrender.com\/blog\/?s={search_term_string}"},"query-input":"required name=search_term_string"}],"inLanguage":"pl-PL"},{"@type":"Person","@id":"https:\/\/www.sotrender.com\/blog\/#\/schema\/person\/48ed6f8ff39863778de8dd32f58467f5","name":"Micha\u0142 Wieczorek","image":{"@type":"ImageObject","inLanguage":"pl-PL","@id":"https:\/\/www.sotrender.com\/blog\/#\/schema\/person\/image\/","url":"https:\/\/secure.gravatar.com\/avatar\/65ceb2020aa2338488b9c5f33c10137f?s=96&d=mm&r=g","contentUrl":"https:\/\/secure.gravatar.com\/avatar\/65ceb2020aa2338488b9c5f33c10137f?s=96&d=mm&r=g","caption":"Micha\u0142 Wieczorek"},"description":"Baltic linguist, marketer, and music journalist in his free time. A big fan of good food and even better music.","sameAs":["https:\/\/www.linkedin.com\/in\/michaldwieczorek","https:\/\/twitter.com\/http:\/\/twitter.com\/eveningo"],"url":"https:\/\/www.sotrender.com\/blog\/pl\/author\/micha_wieczorek\/"}]}},"_links":{"self":[{"href":"https:\/\/www.sotrender.com\/blog\/pl\/wp-json\/wp\/v2\/posts\/17541"}],"collection":[{"href":"https:\/\/www.sotrender.com\/blog\/pl\/wp-json\/wp\/v2\/posts"}],"about":[{"href":"https:\/\/www.sotrender.com\/blog\/pl\/wp-json\/wp\/v2\/types\/post"}],"author":[{"embeddable":true,"href":"https:\/\/www.sotrender.com\/blog\/pl\/wp-json\/wp\/v2\/users\/49"}],"replies":[{"embeddable":true,"href":"https:\/\/www.sotrender.com\/blog\/pl\/wp-json\/wp\/v2\/comments?post=17541"}],"version-history":[{"count":4,"href":"https:\/\/www.sotrender.com\/blog\/pl\/wp-json\/wp\/v2\/posts\/17541\/revisions"}],"predecessor-version":[{"id":17557,"href":"https:\/\/www.sotrender.com\/blog\/pl\/wp-json\/wp\/v2\/posts\/17541\/revisions\/17557"}],"wp:featuredmedia":[{"embeddable":true,"href":"https:\/\/www.sotrender.com\/blog\/pl\/wp-json\/wp\/v2\/media\/14935"}],"wp:attachment":[{"href":"https:\/\/www.sotrender.com\/blog\/pl\/wp-json\/wp\/v2\/media?parent=17541"}],"wp:term":[{"taxonomy":"category","embeddable":true,"href":"https:\/\/www.sotrender.com\/blog\/pl\/wp-json\/wp\/v2\/categories?post=17541"},{"taxonomy":"post_tag","embeddable":true,"href":"https:\/\/www.sotrender.com\/blog\/pl\/wp-json\/wp\/v2\/tags?post=17541"}],"curies":[{"name":"wp","href":"https:\/\/api.w.org\/{rel}","templated":true}]}}