{"id":17403,"date":"2015-03-20T14:37:13","date_gmt":"2015-03-20T13:37:13","guid":{"rendered":"http:\/\/blog.sotrender.com\/?p=17403"},"modified":"2015-12-01T21:36:15","modified_gmt":"2015-12-01T20:36:15","slug":"spadek-liczby-fanow","status":"publish","type":"post","link":"https:\/\/www.sotrender.com\/blog\/pl\/2015\/03\/spadek-liczby-fanow\/","title":{"rendered":"Spadek liczby fan\u00f3w stron na Facebooku &#8211; ile lajk\u00f3w straci\u0142a Twoja strona?"},"content":{"rendered":"<p style=\"text-align: justify;\">Wiosna to czas porz\u0105dk\u00f3w,  r\u00f3wnie\u017c w mediach spo\u0142eczno\u015bciowych. Kilka dni temu Facebook rozpocz\u0105\u0142 zapowiadan\u0105 wcze\u015bniej akcj\u0119 czyszczenia portalu z polubie\u0144 wykonanych przez u\u017cytkownik\u00f3w,  kt\u00f3rzy dezaktywowali konta. W rezultacie wi\u0119kszo\u015b\u0107 stron zanotowa\u0142a powa\u017cne spadki liczby fan\u00f3w. <a title=\"Kliknij,  by przej\u015b\u0107 do strony\" href=\"http:\/\/www.sotrender.pl\/\" target=\"_blank\">Sotrender<\/a> przeanalizowa\u0142 12 tys. polskich profili,  aby przekona\u0107 si\u0119,  jak bardzo powa\u017cne by\u0142y to spadki. Sprawd\u017acie,  czy spadek liczby fan\u00f3w na Waszych profilach mie\u015bci si\u0119 w normie,  czy jednak powinni\u015bcie zacz\u0105\u0107 si\u0119 martwi\u0107.<\/p>\n<p style=\"text-align: justify;\"><!--more--><\/p>\n<p style=\"text-align: justify;\">Na <a title=\"Przeczytaj wi\u0119cej\" href=\"https:\/\/www.facebook.com\/business\/news\/page-likes-update\" target=\"_blank\">blogu Facebooka<\/a> czytamy,  \u017ce pomniejszenie ca\u0142kowitej liczby fan\u00f3w strony przez usuni\u0119cie danych zwi\u0105zanych z nieaktywnymi ju\u017c kontami pozwoli na dok\u0142adniejsz\u0105 analiz\u0119 odbiorc\u00f3w,  kt\u00f3rzy aktywnie obserwuj\u0105 strony oraz u\u0142atwi ich administratorom dotarcie do nowych grup odbiorc\u00f3w. Proces usuwania fan\u00f3w zacz\u0105\u0142 si\u0119 12 marca i ma potrwa\u0107 jeszcze kilka tygodni. Efektem porz\u0105dk\u00f3w ma by\u0107 mo\u017cliwo\u015b\u0107 <a title=\"Sotrender Research Insight \u2013 wszystko,  co trzeba wiedzie\u0107 o spadaj\u0105cym zasi\u0119gu organicznym\" href=\"https:\/\/www.sotrender.com\/blog\/pl\/2014\/11\/sri-zasieg-organiczny\/\" target=\"_blank\">podwy\u017cszenia zasi\u0119gu organicznego post\u00f3w<\/a>,  kt\u00f3ry od miesi\u0119cy nieustanie spada\u0142. Analiza wynik\u00f3w profili polskoj\u0119zycznych jest kontynuacj\u0105 tematu zmian w liczbach fan\u00f3w,  kt\u00f3ry rozpocz\u0119li\u015bmy wczoraj artyku\u0142em na temat <a title=\"Przeczytaj artyku\u0142\" href=\"https:\/\/www.sotrender.com\/blog\/2015\/03\/facebook-likes-drop\/\" target=\"_blank\">spadk\u00f3w liczby fan\u00f3w stron\u00a0na ca\u0142ym \u015bwiecie.<\/a><\/p>\n<h2 style=\"text-align: justify;\"><b>Pi\u0105tek 13. &#8211; pechowy dla stron na Facebooku<\/b><\/h2>\n<p style=\"text-align: justify;\">13. marca okaza\u0142 si\u0119 pechowy dla wi\u0119kszo\u015bci analizowanych przez nas profili. To w\u0142a\u015bnie tego dnia,  tu\u017c po rozpocz\u0119ciu akcji czyszczenia stron z polubie\u0144 nieaktywnych kont,  \u00a0zdecydowana wi\u0119kszo\u015b\u0107 analizowanych przez Sotrender profili odnotowa\u0142a najbardziej spektakularne spadki liczby fan\u00f3w.<\/p>\n<div id=\"attachment_17405\" style=\"width: 582px\" class=\"wp-caption aligncenter\"><a href=\"https:\/\/www.sotrender.com\/blog\/wp-content\/uploads\/2015\/03\/1_pl.png\"><img loading=\"lazy\" decoding=\"async\" aria-describedby=\"caption-attachment-17405\" class=\"size-full wp-image-17405\" src=\"https:\/\/www.sotrender.com\/blog\/wp-content\/uploads\/2015\/03\/1_pl.png\" alt=\"Zmiana liczby fan\u00f3w polskich stron\" width=\"572\" height=\"543\" srcset=\"https:\/\/www.sotrender.com\/blog\/wp-content\/uploads\/2015\/03\/1_pl.png 572w, https:\/\/www.sotrender.com\/blog\/wp-content\/uploads\/2015\/03\/1_pl-475x451.png 475w\" sizes=\"(max-width: 572px) 100vw, 572px\" \/><\/a><p id=\"caption-attachment-17405\" class=\"wp-caption-text\">Zmiana liczby fan\u00f3w polskich stron<\/p><\/div>\n<p style=\"text-align: justify;\"><strong><strong>\u00a0<\/strong><\/strong>Jak mo\u017cecie zauwa\u017cy\u0107,  spadki mia\u0142y miejsce r\u00f3wnie\u017c 14. i 15. marca. Cho\u0107 nie s\u0105 tak spektakularne,  bardzo si\u0119 r\u00f3\u017cni\u0105 od wcze\u015bniejszego trendu wzrostowego. 17. marca spadki wyhamowa\u0142y i proces pozyskiwania nowych fan\u00f3w powoli zacz\u0105\u0142 wraca\u0107 poprzedniego tempa.<\/p>\n<p style=\"text-align: justify;\">Cho\u0107 strony na Facebooku trac\u0105 polubienia codziennie z rozmaitych powod\u00f3w,  zwykle te spadki nie s\u0105 znacz\u0105ce (ani widoczne) i <strong>dotycz\u0105 nie wi\u0119cej ni\u017c 25% stron dziennie<\/strong> (pami\u0119tajcie,  \u017ce codziennie spadki dotykaj\u0105 innych profili). Mi\u0119dzy 13. a 18. marca zauwa\u017cyli\u015bmy znacz\u0105cy wzrost liczby stron,  kt\u00f3rym spad\u0142a liczba fan\u00f3w.<\/p>\n<div id=\"attachment_17407\" style=\"width: 582px\" class=\"wp-caption aligncenter\"><a href=\"https:\/\/www.sotrender.com\/blog\/wp-content\/uploads\/2015\/03\/2_pl.png\"><img loading=\"lazy\" decoding=\"async\" aria-describedby=\"caption-attachment-17407\" class=\"size-full wp-image-17407\" src=\"https:\/\/www.sotrender.com\/blog\/wp-content\/uploads\/2015\/03\/2_pl.png\" alt=\"Procent stron,  na kt\u00f3rych odnotowano spadki\" width=\"572\" height=\"543\" srcset=\"https:\/\/www.sotrender.com\/blog\/wp-content\/uploads\/2015\/03\/2_pl.png 572w, https:\/\/www.sotrender.com\/blog\/wp-content\/uploads\/2015\/03\/2_pl-475x451.png 475w\" sizes=\"(max-width: 572px) 100vw, 572px\" \/><\/a><p id=\"caption-attachment-17407\" class=\"wp-caption-text\">Procent stron,  na kt\u00f3rych odnotowano spadki<\/p><\/div>\n<p style=\"text-align: justify;\"><div class=\"shortcode trial\"><h4><span>Popraw wyniki Twoich stron na Facebooku<\/span><a title=\"Dowiedz si\u0119 wi\u0119cej!\" class=\"btn\" href=\"https:\/\/app.sotrender.com\/auth\/signup\/trial\/pl?utm_source=blog-cta-legacy\">Dowiedz si\u0119 wi\u0119cej!<\/a><\/h4><\/div><\/p>\n<p style=\"text-align: justify;\">W okresie od 13 do 18 marca br. najbardziej znacz\u0105ce spadki liczby polubie\u0144 stron odnotowali\u015bmy w przypadku najwi\u0119kszych profili (licz\u0105cych powy\u017cej 500 tys. fan\u00f3w) oraz takich,  kt\u00f3rych liczba fan\u00f3w waha\u0142a si\u0119 od 5 do 10 tys. &#8211; spadek wyni\u00f3s\u0142 na nich ponad 1, 5%. Dla odmiany niewielkie spadki wynosz\u0105ce poni\u017cej 0, 5% odnotowa\u0142y najmniejsze strony oraz te o \u015bredniej wielko\u015bci (posiadaj\u0105ce mi\u0119dzy 10 a 50 tys. fan\u00f3w).<\/p>\n<div id=\"attachment_17409\" style=\"width: 582px\" class=\"wp-caption aligncenter\"><a href=\"https:\/\/www.sotrender.com\/blog\/wp-content\/uploads\/2015\/03\/3_pl.png\"><img loading=\"lazy\" decoding=\"async\" aria-describedby=\"caption-attachment-17409\" class=\"size-full wp-image-17409\" src=\"https:\/\/www.sotrender.com\/blog\/wp-content\/uploads\/2015\/03\/3_pl.png\" alt=\"Spadek liczby fan\u00f3w stron wed\u0142ug klasy wielko\u015bci\" width=\"572\" height=\"515\" srcset=\"https:\/\/www.sotrender.com\/blog\/wp-content\/uploads\/2015\/03\/3_pl.png 572w, https:\/\/www.sotrender.com\/blog\/wp-content\/uploads\/2015\/03\/3_pl-475x428.png 475w\" sizes=\"(max-width: 572px) 100vw, 572px\" \/><\/a><p id=\"caption-attachment-17409\" class=\"wp-caption-text\">Spadek liczby fan\u00f3w stron wed\u0142ug klasy wielko\u015bci<\/p><\/div>\n<p style=\"text-align: justify;\">Najbardziej znacz\u0105ce spadki liczby fan\u00f3w w Polsce dotkn\u0119\u0142y strony: <strong>Serce i Rozum,  Radio Eska<\/strong> oraz <strong>Allegro<\/strong>.\u00a0Z kolei bior\u0105c pod uwag\u0119 procentowy spadek liczby fan\u00f3w,  w wyniku wiosennych porz\u0105dk\u00f3w najbardziej ucierpia\u0142y strony <strong>&#8216;Kasia&#8217; Ewa Skowronska<\/strong>,  kt\u00f3ra straci\u0142a 15, 91% fan\u00f3w oraz <strong>NO! NO! NO<\/strong>! i <strong>Pimax Art Bookbindery,  Introligatornia Artystyczna,  Exclusive Gifts<\/strong>,  kt\u00f3re straci\u0142y odpowiednio po 14, 30% fan\u00f3w oraz 7, 72% fan\u00f3w.<\/p>\n<div id=\"attachment_17411\" style=\"width: 760px\" class=\"wp-caption aligncenter\"><a href=\"https:\/\/www.sotrender.com\/blog\/wp-content\/uploads\/2015\/03\/ranking-2.png\"><img loading=\"lazy\" decoding=\"async\" aria-describedby=\"caption-attachment-17411\" class=\"size-full wp-image-17411\" src=\"https:\/\/www.sotrender.com\/blog\/wp-content\/uploads\/2015\/03\/ranking-2.png\" alt=\"Polskie strony,  kt\u00f3re utraci\u0142y najwi\u0119ksz\u0105 liczb\u0119 fan\u00f3w\" width=\"750\" height=\"800\" srcset=\"https:\/\/www.sotrender.com\/blog\/wp-content\/uploads\/2015\/03\/ranking-2.png 750w, https:\/\/www.sotrender.com\/blog\/wp-content\/uploads\/2015\/03\/ranking-2-475x507.png 475w, https:\/\/www.sotrender.com\/blog\/wp-content\/uploads\/2015\/03\/ranking-2-600x640.png 600w\" sizes=\"(max-width: 750px) 100vw, 750px\" \/><\/a><p id=\"caption-attachment-17411\" class=\"wp-caption-text\">Polskie strony,  kt\u00f3re utraci\u0142y najwi\u0119ksz\u0105 liczb\u0119 fan\u00f3w<\/p><\/div>\n<p style=\"text-align: justify;\">\u015arednio polskie strony na Facebooku w wyniku wiosennych porz\u0105dk\u00f3w straci\u0142y po 289 fan\u00f3w,  z kolei ponad po\u0142owie analizowanych profili uby\u0142o po 25 fan\u00f3w. 25% wszystkich analizowanych stron straci\u0142a ponad 165 fan\u00f3w.<\/p>\n<h3 style=\"text-align: center;\">17% stron straci\u0142o poni\u017cej 50 fan\u00f3w<\/h3>\n<h3 style=\"text-align: center;\">9% stron straci\u0142o od 51 do 100 fan\u00f3w<\/h3>\n<h3 style=\"text-align: center;\">20% stron straci\u0142o od 100 do 1k fan\u00f3w<\/h3>\n<h3 style=\"text-align: center;\">6% stron straci\u0142o od od 1k do 5k fan\u00f3w<\/h3>\n<h3 style=\"text-align: center;\">1% stron straci\u0142o od 5k do 10k fan\u00f3w<\/h3>\n<h3 style=\"text-align: center;\">1% straci\u0142o powy\u017cej 10k fan\u00f3w<\/h3>\n<p style=\"text-align: justify;\">Ilu fan\u00f3w straci\u0142a Twoja strona?<\/p>\n","protected":false},"excerpt":{"rendered":"<p>Wiosna to czas porz\u0105dk\u00f3w, r\u00f3wnie\u017c w mediach spo\u0142eczno\u015bciowych. Kilka dni temu Facebook rozpocz\u0105\u0142 zapowiadan\u0105 wcze\u015bniej akcj\u0119 czyszczenia portalu z polubie\u0144 wykonanych przez u\u017cytkownik\u00f3w, kt\u00f3rzy dezaktywowali konta. W rezultacie wi\u0119kszo\u015b\u0107 stron zanotowa\u0142a powa\u017cne spadki liczby fan\u00f3w. Sotrender przeanalizowa\u0142 12 tys. polskich profili, aby przekona\u0107 si\u0119, jak bardzo powa\u017cne by\u0142y to spadki. Sprawd\u017acie, czy spadek liczby fan\u00f3w [&hellip;]<\/p>\n","protected":false},"author":31,"featured_media":16047,"comment_status":"open","ping_status":"open","sticky":false,"template":"","format":"standard","meta":{"inline_featured_image":false,"footnotes":""},"categories":[1793,1797],"tags":[17,1543,1545],"yoast_head":"<!-- This site is optimized with the Yoast SEO plugin v22.4 - https:\/\/yoast.com\/wordpress\/plugins\/seo\/ -->\n<title>Spadek liczby fan\u00f3w stron na Facebooku - ile lajk\u00f3w straci\u0142a Twoja strona? \u2013 Sotrender Blog \u2013 Analyze, Benchmark &amp; Report Your Social Media Performance<\/title>\n<meta name=\"description\" content=\"Wiosna to czas porz\u0105dk\u00f3w, r\u00f3wnie\u017c w mediach spo\u0142eczno\u015bciowych. Kilka dni temu Facebook rozpocz\u0105\u0142 zapowiadan\u0105 wcze\u015bniej akcj\u0119 czyszczenia portalu z Social Media Marketing &amp; Analytics Blog.\" \/>\n<meta name=\"robots\" content=\"index, follow, max-snippet:-1, max-image-preview:large, max-video-preview:-1\" \/>\n<link rel=\"canonical\" href=\"https:\/\/www.sotrender.com\/blog\/pl\/2015\/03\/spadek-liczby-fanow\/\" \/>\n<meta property=\"og:locale\" content=\"pl_PL\" \/>\n<meta property=\"og:type\" content=\"article\" \/>\n<meta property=\"og:title\" content=\"Spadek liczby fan\u00f3w stron na Facebooku - ile lajk\u00f3w straci\u0142a Twoja strona? \u2013 Sotrender Blog \u2013 Analyze, Benchmark &amp; Report Your Social Media Performance\" \/>\n<meta property=\"og:description\" content=\"Wiosna to czas porz\u0105dk\u00f3w, r\u00f3wnie\u017c w mediach spo\u0142eczno\u015bciowych. Kilka dni temu Facebook rozpocz\u0105\u0142 zapowiadan\u0105 wcze\u015bniej akcj\u0119 czyszczenia portalu z Social Media Marketing &amp; Analytics Blog.\" \/>\n<meta property=\"og:url\" content=\"https:\/\/www.sotrender.com\/blog\/pl\/2015\/03\/spadek-liczby-fanow\/\" \/>\n<meta property=\"og:site_name\" content=\"Sotrender Blog\" \/>\n<meta property=\"article:publisher\" content=\"https:\/\/www.facebook.com\/Sotrender\" \/>\n<meta property=\"article:published_time\" content=\"2015-03-20T13:37:13+00:00\" \/>\n<meta property=\"article:modified_time\" content=\"2015-12-01T20:36:15+00:00\" \/>\n<meta property=\"og:image\" content=\"https:\/\/www.sotrender.com\/blog\/wp-content\/uploads\/2014\/12\/unsplash-kitsune-3-950x633.jpg\" \/>\n\t<meta property=\"og:image:width\" content=\"950\" \/>\n\t<meta property=\"og:image:height\" content=\"633\" \/>\n\t<meta property=\"og:image:type\" content=\"image\/jpeg\" \/>\n<meta name=\"author\" content=\"Aleksandra Prejs\" \/>\n<meta name=\"twitter:card\" content=\"summary_large_image\" \/>\n<meta name=\"twitter:creator\" content=\"@Sotrender\" \/>\n<meta name=\"twitter:site\" content=\"@Sotrender\" \/>\n<meta name=\"twitter:label1\" content=\"Written by\" \/>\n\t<meta name=\"twitter:data1\" content=\"Aleksandra Prejs\" \/>\n\t<meta name=\"twitter:label2\" content=\"Est. reading time\" \/>\n\t<meta name=\"twitter:data2\" content=\"3 minutes\" \/>\n<script type=\"application\/ld+json\" class=\"yoast-schema-graph\">{\"@context\":\"https:\/\/schema.org\",\"@graph\":[{\"@type\":\"WebPage\",\"@id\":\"https:\/\/www.sotrender.com\/blog\/pl\/2015\/03\/spadek-liczby-fanow\/\",\"url\":\"https:\/\/www.sotrender.com\/blog\/pl\/2015\/03\/spadek-liczby-fanow\/\",\"name\":\"Spadek liczby fan\u00f3w stron na Facebooku - ile lajk\u00f3w straci\u0142a Twoja strona? \u2013 Sotrender Blog \u2013 Analyze, Benchmark & Report Your Social Media Performance\",\"isPartOf\":{\"@id\":\"https:\/\/www.sotrender.com\/blog\/#website\"},\"primaryImageOfPage\":{\"@id\":\"https:\/\/www.sotrender.com\/blog\/pl\/2015\/03\/spadek-liczby-fanow\/#primaryimage\"},\"image\":{\"@id\":\"https:\/\/www.sotrender.com\/blog\/pl\/2015\/03\/spadek-liczby-fanow\/#primaryimage\"},\"thumbnailUrl\":\"https:\/\/www.sotrender.com\/blog\/wp-content\/uploads\/2014\/12\/unsplash-kitsune-3.jpg\",\"datePublished\":\"2015-03-20T13:37:13+00:00\",\"dateModified\":\"2015-12-01T20:36:15+00:00\",\"author\":{\"@id\":\"https:\/\/www.sotrender.com\/blog\/#\/schema\/person\/7106df62825269bc360ad9171cd7149b\"},\"description\":\"Wiosna to czas porz\u0105dk\u00f3w, r\u00f3wnie\u017c w mediach spo\u0142eczno\u015bciowych. Kilka dni temu Facebook rozpocz\u0105\u0142 zapowiadan\u0105 wcze\u015bniej akcj\u0119 czyszczenia portalu z Social Media Marketing & Analytics Blog.\",\"breadcrumb\":{\"@id\":\"https:\/\/www.sotrender.com\/blog\/pl\/2015\/03\/spadek-liczby-fanow\/#breadcrumb\"},\"inLanguage\":\"pl-PL\",\"potentialAction\":[{\"@type\":\"ReadAction\",\"target\":[\"https:\/\/www.sotrender.com\/blog\/pl\/2015\/03\/spadek-liczby-fanow\/\"]}]},{\"@type\":\"ImageObject\",\"inLanguage\":\"pl-PL\",\"@id\":\"https:\/\/www.sotrender.com\/blog\/pl\/2015\/03\/spadek-liczby-fanow\/#primaryimage\",\"url\":\"https:\/\/www.sotrender.com\/blog\/wp-content\/uploads\/2014\/12\/unsplash-kitsune-3.jpg\",\"contentUrl\":\"https:\/\/www.sotrender.com\/blog\/wp-content\/uploads\/2014\/12\/unsplash-kitsune-3.jpg\",\"width\":5184,\"height\":3456},{\"@type\":\"BreadcrumbList\",\"@id\":\"https:\/\/www.sotrender.com\/blog\/pl\/2015\/03\/spadek-liczby-fanow\/#breadcrumb\",\"itemListElement\":[{\"@type\":\"ListItem\",\"position\":1,\"name\":\"Home\",\"item\":\"https:\/\/www.sotrender.com\/blog\/\"},{\"@type\":\"ListItem\",\"position\":2,\"name\":\"Spadek liczby fan\u00f3w stron na Facebooku &#8211; ile lajk\u00f3w straci\u0142a Twoja strona?\"}]},{\"@type\":\"WebSite\",\"@id\":\"https:\/\/www.sotrender.com\/blog\/#website\",\"url\":\"https:\/\/www.sotrender.com\/blog\/\",\"name\":\"Sotrender Blog\",\"description\":\"\",\"potentialAction\":[{\"@type\":\"SearchAction\",\"target\":{\"@type\":\"EntryPoint\",\"urlTemplate\":\"https:\/\/www.sotrender.com\/blog\/?s={search_term_string}\"},\"query-input\":\"required name=search_term_string\"}],\"inLanguage\":\"pl-PL\"},{\"@type\":\"Person\",\"@id\":\"https:\/\/www.sotrender.com\/blog\/#\/schema\/person\/7106df62825269bc360ad9171cd7149b\",\"name\":\"Aleksandra Prejs\",\"image\":{\"@type\":\"ImageObject\",\"inLanguage\":\"pl-PL\",\"@id\":\"https:\/\/www.sotrender.com\/blog\/#\/schema\/person\/image\/\",\"url\":\"https:\/\/secure.gravatar.com\/avatar\/469000454b77ff0aacb32c49dba023be?s=96&d=mm&r=g\",\"contentUrl\":\"https:\/\/secure.gravatar.com\/avatar\/469000454b77ff0aacb32c49dba023be?s=96&d=mm&r=g\",\"caption\":\"Aleksandra Prejs\"},\"url\":\"https:\/\/www.sotrender.com\/blog\/pl\/author\/aleksandra-prejs\/\"}]}<\/script>\n<!-- \/ Yoast SEO plugin. -->","yoast_head_json":{"title":"Spadek liczby fan\u00f3w stron na Facebooku - ile lajk\u00f3w straci\u0142a Twoja strona? \u2013 Sotrender Blog \u2013 Analyze, Benchmark & Report Your Social Media Performance","description":"Wiosna to czas porz\u0105dk\u00f3w, r\u00f3wnie\u017c w mediach spo\u0142eczno\u015bciowych. Kilka dni temu Facebook rozpocz\u0105\u0142 zapowiadan\u0105 wcze\u015bniej akcj\u0119 czyszczenia portalu z Social Media Marketing & Analytics Blog.","robots":{"index":"index","follow":"follow","max-snippet":"max-snippet:-1","max-image-preview":"max-image-preview:large","max-video-preview":"max-video-preview:-1"},"canonical":"https:\/\/www.sotrender.com\/blog\/pl\/2015\/03\/spadek-liczby-fanow\/","og_locale":"pl_PL","og_type":"article","og_title":"Spadek liczby fan\u00f3w stron na Facebooku - ile lajk\u00f3w straci\u0142a Twoja strona? \u2013 Sotrender Blog \u2013 Analyze, Benchmark & Report Your Social Media Performance","og_description":"Wiosna to czas porz\u0105dk\u00f3w, r\u00f3wnie\u017c w mediach spo\u0142eczno\u015bciowych. Kilka dni temu Facebook rozpocz\u0105\u0142 zapowiadan\u0105 wcze\u015bniej akcj\u0119 czyszczenia portalu z Social Media Marketing & Analytics Blog.","og_url":"https:\/\/www.sotrender.com\/blog\/pl\/2015\/03\/spadek-liczby-fanow\/","og_site_name":"Sotrender Blog","article_publisher":"https:\/\/www.facebook.com\/Sotrender","article_published_time":"2015-03-20T13:37:13+00:00","article_modified_time":"2015-12-01T20:36:15+00:00","og_image":[{"width":950,"height":633,"url":"https:\/\/www.sotrender.com\/blog\/wp-content\/uploads\/2014\/12\/unsplash-kitsune-3-950x633.jpg","type":"image\/jpeg"}],"author":"Aleksandra Prejs","twitter_card":"summary_large_image","twitter_creator":"@Sotrender","twitter_site":"@Sotrender","twitter_misc":{"Written by":"Aleksandra Prejs","Est. reading time":"3 minutes"},"schema":{"@context":"https:\/\/schema.org","@graph":[{"@type":"WebPage","@id":"https:\/\/www.sotrender.com\/blog\/pl\/2015\/03\/spadek-liczby-fanow\/","url":"https:\/\/www.sotrender.com\/blog\/pl\/2015\/03\/spadek-liczby-fanow\/","name":"Spadek liczby fan\u00f3w stron na Facebooku - ile lajk\u00f3w straci\u0142a Twoja strona? \u2013 Sotrender Blog \u2013 Analyze, Benchmark & Report Your Social Media Performance","isPartOf":{"@id":"https:\/\/www.sotrender.com\/blog\/#website"},"primaryImageOfPage":{"@id":"https:\/\/www.sotrender.com\/blog\/pl\/2015\/03\/spadek-liczby-fanow\/#primaryimage"},"image":{"@id":"https:\/\/www.sotrender.com\/blog\/pl\/2015\/03\/spadek-liczby-fanow\/#primaryimage"},"thumbnailUrl":"https:\/\/www.sotrender.com\/blog\/wp-content\/uploads\/2014\/12\/unsplash-kitsune-3.jpg","datePublished":"2015-03-20T13:37:13+00:00","dateModified":"2015-12-01T20:36:15+00:00","author":{"@id":"https:\/\/www.sotrender.com\/blog\/#\/schema\/person\/7106df62825269bc360ad9171cd7149b"},"description":"Wiosna to czas porz\u0105dk\u00f3w, r\u00f3wnie\u017c w mediach spo\u0142eczno\u015bciowych. Kilka dni temu Facebook rozpocz\u0105\u0142 zapowiadan\u0105 wcze\u015bniej akcj\u0119 czyszczenia portalu z Social Media Marketing & Analytics Blog.","breadcrumb":{"@id":"https:\/\/www.sotrender.com\/blog\/pl\/2015\/03\/spadek-liczby-fanow\/#breadcrumb"},"inLanguage":"pl-PL","potentialAction":[{"@type":"ReadAction","target":["https:\/\/www.sotrender.com\/blog\/pl\/2015\/03\/spadek-liczby-fanow\/"]}]},{"@type":"ImageObject","inLanguage":"pl-PL","@id":"https:\/\/www.sotrender.com\/blog\/pl\/2015\/03\/spadek-liczby-fanow\/#primaryimage","url":"https:\/\/www.sotrender.com\/blog\/wp-content\/uploads\/2014\/12\/unsplash-kitsune-3.jpg","contentUrl":"https:\/\/www.sotrender.com\/blog\/wp-content\/uploads\/2014\/12\/unsplash-kitsune-3.jpg","width":5184,"height":3456},{"@type":"BreadcrumbList","@id":"https:\/\/www.sotrender.com\/blog\/pl\/2015\/03\/spadek-liczby-fanow\/#breadcrumb","itemListElement":[{"@type":"ListItem","position":1,"name":"Home","item":"https:\/\/www.sotrender.com\/blog\/"},{"@type":"ListItem","position":2,"name":"Spadek liczby fan\u00f3w stron na Facebooku &#8211; ile lajk\u00f3w straci\u0142a Twoja strona?"}]},{"@type":"WebSite","@id":"https:\/\/www.sotrender.com\/blog\/#website","url":"https:\/\/www.sotrender.com\/blog\/","name":"Sotrender Blog","description":"","potentialAction":[{"@type":"SearchAction","target":{"@type":"EntryPoint","urlTemplate":"https:\/\/www.sotrender.com\/blog\/?s={search_term_string}"},"query-input":"required name=search_term_string"}],"inLanguage":"pl-PL"},{"@type":"Person","@id":"https:\/\/www.sotrender.com\/blog\/#\/schema\/person\/7106df62825269bc360ad9171cd7149b","name":"Aleksandra Prejs","image":{"@type":"ImageObject","inLanguage":"pl-PL","@id":"https:\/\/www.sotrender.com\/blog\/#\/schema\/person\/image\/","url":"https:\/\/secure.gravatar.com\/avatar\/469000454b77ff0aacb32c49dba023be?s=96&d=mm&r=g","contentUrl":"https:\/\/secure.gravatar.com\/avatar\/469000454b77ff0aacb32c49dba023be?s=96&d=mm&r=g","caption":"Aleksandra Prejs"},"url":"https:\/\/www.sotrender.com\/blog\/pl\/author\/aleksandra-prejs\/"}]}},"_links":{"self":[{"href":"https:\/\/www.sotrender.com\/blog\/pl\/wp-json\/wp\/v2\/posts\/17403"}],"collection":[{"href":"https:\/\/www.sotrender.com\/blog\/pl\/wp-json\/wp\/v2\/posts"}],"about":[{"href":"https:\/\/www.sotrender.com\/blog\/pl\/wp-json\/wp\/v2\/types\/post"}],"author":[{"embeddable":true,"href":"https:\/\/www.sotrender.com\/blog\/pl\/wp-json\/wp\/v2\/users\/31"}],"replies":[{"embeddable":true,"href":"https:\/\/www.sotrender.com\/blog\/pl\/wp-json\/wp\/v2\/comments?post=17403"}],"version-history":[{"count":12,"href":"https:\/\/www.sotrender.com\/blog\/pl\/wp-json\/wp\/v2\/posts\/17403\/revisions"}],"predecessor-version":[{"id":17435,"href":"https:\/\/www.sotrender.com\/blog\/pl\/wp-json\/wp\/v2\/posts\/17403\/revisions\/17435"}],"wp:featuredmedia":[{"embeddable":true,"href":"https:\/\/www.sotrender.com\/blog\/pl\/wp-json\/wp\/v2\/media\/16047"}],"wp:attachment":[{"href":"https:\/\/www.sotrender.com\/blog\/pl\/wp-json\/wp\/v2\/media?parent=17403"}],"wp:term":[{"taxonomy":"category","embeddable":true,"href":"https:\/\/www.sotrender.com\/blog\/pl\/wp-json\/wp\/v2\/categories?post=17403"},{"taxonomy":"post_tag","embeddable":true,"href":"https:\/\/www.sotrender.com\/blog\/pl\/wp-json\/wp\/v2\/tags?post=17403"}],"curies":[{"name":"wp","href":"https:\/\/api.w.org\/{rel}","templated":true}]}}