{"id":17121,"date":"2015-03-02T09:52:56","date_gmt":"2015-03-02T08:52:56","guid":{"rendered":"http:\/\/blog.sotrender.com\/?p=17121"},"modified":"2017-05-29T10:41:33","modified_gmt":"2017-05-29T08:41:33","slug":"social-media-rekrutacja","status":"publish","type":"post","link":"https:\/\/www.sotrender.com\/blog\/pl\/2015\/03\/social-media-rekrutacja\/","title":{"rendered":"Social media w pracy rekrutera"},"content":{"rendered":"<p style=\"text-align: justify;\">Na rynek pracy wkracza pokolenie Z, wychowane w cyfrowym \u015brodowisku. Jak skutecznie do nich dotrze\u0107, nie zapominaj\u0105c o wcze\u015bniejszych generacjach &#8211; iksach i millenialsach? Efektywne korzystanie z medi\u00f3w spo\u0142eczno\u015bciowych jest odpowiedzi\u0105 na to pytanie dr\u0119cz\u0105ce rekruter\u00f3w i HRowc\u00f3w. Wpis jest uzupe\u0142nieniem prezentacji wyg\u0142oszonej na konferencji Warszawskie Dni Rekrutacji. Sam\u0105 prezentacj\u0119 znajdziecie na ko\u0144cu wpisu.<!--more--><\/p>\n<h2 style=\"text-align: left;\">Charakterysytyka u\u017cytkownik\u00f3w medi\u00f3w spo\u0142eczno\u015bciowych<\/h2>\n<p style=\"text-align: justify;\">Najpopularniejszymi serwisami spo\u0142eczno\u015bciowymi w Polsce s\u0105 <a title=\"Kliknij, aby przej\u015b\u0107 do raportu\" href=\"http:\/\/www.sotrender.pl\/trends\/youtube\" target=\"_blank\">YouTube<\/a> i <a title=\"Kliknij, aby przej\u015b\u0107 do raportu\" href=\"http:\/\/www.sotrender.pl\/trends\/facebook\/\" target=\"_blank\">Facebook<\/a>. Liczba realnych u\u017cytkownik\u00f3w YouTube w ubieg\u0142ym roku wzros\u0142a o 5%, najwi\u0119ksze wzrosty odnotowali\u015bmy w\u015br\u00f3d najm\u0142odszych i najstarszych grup wiekowych. Pog\u0142oski o \u015bmierci serwisu Marka Zuckerberga s\u0105 zdecydowanie przesadzone, liczba u\u017cytkownik\u00f3w FB w ubieg\u0142ym roku wzros\u0142a w Polsce o 10%, najbardziej w grupie wiekowej 55+. Jednocze\u015bnie wida\u0107, \u017ce Facebook staje si\u0119 serwisem przeznaczonym dla doros\u0142ych, nastolatki (13-18 lat) to jedyna grupa wiekowa, w kt\u00f3rej zaobserwowali\u015bmy spadek liczby u\u017cytkownik\u00f3w. Przenosz\u0105 si\u0119 oni do serwis\u00f3w opartych przede wszystkim na aplikacjach mobilnych &#8211; Instagram, Snapchat. Twitter, jedno z najwa\u017cniejszych i najpopularniejszych globalnie medi\u00f3w spo\u0142eczno\u015bciowych w Polsce nie cieszy sie du\u017c\u0105 popularno\u015bci\u0105. Dla rekruter\u00f3w i pracownik\u00f3w dzia\u0142\u00f3w HR bardzo wa\u017cnym serwisem jest LinkedIn. Zauwa\u017cyli to tak\u017ce pracownicy, w ubieg\u0142ym roku liczba real users portalu wzros\u0142a o 37%(wg badania Megapanel PBI\/Gemius, dzi\u0119kujemy Polskim Badaniom Internetu za udost\u0119pnienie danych!). LinkedIn staje si\u0119 coraz popularniejszym narz\u0119dziem do szukania zatrudnienia, a tak\u017ce miejscem, by zaprezentowa\u0107 si\u0119 potencjalnemu pracodawcy. Innym portalem spo\u0142eczno\u015bciowym skupiaj\u0105cym profesjonalist\u00f3w jest polski Goldenline.<\/p>\n<div id=\"attachment_17123\" style=\"width: 955px\" class=\"wp-caption alignnone\"><a href=\"https:\/\/www.sotrender.com\/blog\/wp-content\/uploads\/2015\/02\/Realusers-LinkedIn.png\"><img loading=\"lazy\" decoding=\"async\" aria-describedby=\"caption-attachment-17123\" class=\"size-full wp-image-17123\" src=\"https:\/\/www.sotrender.com\/blog\/wp-content\/uploads\/2015\/02\/Realusers-LinkedIn.png\" alt=\"U\u017cytkownicy LinkedIn\" width=\"945\" height=\"430\" srcset=\"https:\/\/www.sotrender.com\/blog\/wp-content\/uploads\/2015\/02\/Realusers-LinkedIn.png 945w, https:\/\/www.sotrender.com\/blog\/wp-content\/uploads\/2015\/02\/Realusers-LinkedIn-475x216.png 475w, https:\/\/www.sotrender.com\/blog\/wp-content\/uploads\/2015\/02\/Realusers-LinkedIn-768x349.png 768w, https:\/\/www.sotrender.com\/blog\/wp-content\/uploads\/2015\/02\/Realusers-LinkedIn-600x273.png 600w\" sizes=\"(max-width: 945px) 100vw, 945px\" \/><\/a><p id=\"caption-attachment-17123\" class=\"wp-caption-text\">Real users LinkedIn<\/p><\/div>\n<p style=\"text-align: justify;\"><div class=\"shortcode trial\"><h4><span>Mierz swoj\u0105 dzia\u0142alno\u015b\u0107 w social media<\/span><a title=\"Dowiedz si\u0119 wi\u0119cej!\" class=\"btn\" href=\"https:\/\/app.sotrender.com\/auth\/signup\/trial\/pl?utm_source=blog-cta-legacy\">Dowiedz si\u0119 wi\u0119cej!<\/a><\/h4><\/div><\/p>\n<h2 style=\"text-align: justify;\">Media spo\u0142eczno\u015bciowe w rekrutacji pracownik\u00f3w.<\/h2>\n<p style=\"text-align: justify;\">Jak rekrutowa\u0107 pracownik\u00f3w wychowanych w \u015bwiecie, w kt\u00f3rym internet i media spo\u0142eczno\u015bciowe odgrywaj\u0105 niebanaln\u0105 rol\u0119? Mo\u017cna spr\u00f3bowa\u0107 przem\u00f3wi\u0107 do nich zrozumia\u0142ym j\u0119zykiem &#8211; tak post\u0105pi\u0142a agencja reklamowa Tequila TBWA, kt\u00f3ra swoj\u0105 rekrutacj\u0119 przeprowadzi\u0142a m.in. na Tinderze, spo\u0142eczno\u015bciowym serwisie randkowym, gdzie mo\u017cna by\u0142o um\u00f3wi\u0107 si\u0119 na \u201crandk\u0119\u201d z rekruterem. Jak ju\u017c pisa\u0142em, bardzo wa\u017cna jest obecno\u015b\u0107 na LinkedIn i Goldenline (tak dla pracodawcy, jak i pracownika), jednak r\u00f3wnie istotnym serwisem w dzia\u0142aniach HR jest Facebook. <a title=\"Kliknij, aby dowiedzie\u0107 si\u0119 wi\u0119cej\" href=\"https:\/\/www.sotrender.com\/blog\/pl\/2014\/11\/sri-zasieg-organiczny\/\" target=\"_blank\">Mimo obcinanych zasi\u0119g\u00f3w organicznych<\/a>, na Facebooku koncentruje si\u0119 aktywno\u015b\u0107 zdecydowanej wi\u0119kszo\u015bci internaut\u00f3w z pokolenia X i Y. Tam naj\u0142atwiej zwr\u00f3ci\u0107 ich uwag\u0119, firmy nadal przeznaczaj\u0105 najwi\u0119ksz\u0105 cz\u0119\u015b\u0107 bud\u017cet\u00f3w marketingu cyfrowego na Facebooka, s\u0105 na nim r\u00f3wnie\u017c obecne portale rekrutacyjne. Facebook bardzo dobrze funkcjonuje jako wirtualna tablica og\u0142osze\u0144, wyspecjalizowane grupy zrzeszaj\u0105ce profesjonalist\u00f3w z danych dziedzin sprawiaj\u0105, \u017ce znalezienie i dotarcie do odpowiedniej osoby jest bardzo \u0142atwe.<\/p>\n<div id=\"attachment_17125\" style=\"width: 681px\" class=\"wp-caption alignnone\"><a href=\"https:\/\/www.sotrender.com\/blog\/wp-content\/uploads\/2015\/02\/praca-na-facebooku.png\"><img loading=\"lazy\" decoding=\"async\" aria-describedby=\"caption-attachment-17125\" class=\"size-full wp-image-17125\" src=\"https:\/\/www.sotrender.com\/blog\/wp-content\/uploads\/2015\/02\/praca-na-facebooku.png\" alt=\"HR i Praca - Facebook Trends\" width=\"671\" height=\"596\" srcset=\"https:\/\/www.sotrender.com\/blog\/wp-content\/uploads\/2015\/02\/praca-na-facebooku.png 671w, https:\/\/www.sotrender.com\/blog\/wp-content\/uploads\/2015\/02\/praca-na-facebooku-475x422.png 475w, https:\/\/www.sotrender.com\/blog\/wp-content\/uploads\/2015\/02\/praca-na-facebooku-600x533.png 600w\" sizes=\"(max-width: 671px) 100vw, 671px\" \/><\/a><p id=\"caption-attachment-17125\" class=\"wp-caption-text\">Facebook Trends &#8211; kategoria HR<\/p><\/div>\n<h2 style=\"text-align: justify;\">Employer branding w mediach spo\u0142eczno\u015bciowych<\/h2>\n<p style=\"text-align: justify;\"><strong><strong>\u00a0<\/strong><\/strong>Kwesti\u0105 zwi\u0105zan\u0105 z rekrutacj\u0105 jest employer branding, czyli to, w jaki spos\u00f3b firmy reklamuj\u0105 si\u0119 jako pracodawcy. Przyk\u0142adem takiego dzia\u0142ania jest Google, kt\u00f3ry dzi\u0119ki wyt\u0119\u017conym dzia\u0142aniom marketingowym (ale i rzeczywistym bonusom dla pracownik\u00f3w) sta\u0142 si\u0119 jednym z najbardziej po\u017c\u0105danych pracodawc\u00f3w. Dobrym i efektywnym kana\u0142em employer brandingu s\u0105 rzecz jasna media spo\u0142eczno\u015bciowe. Cz\u0119\u015b\u0107 korporacji, jak Danone, tworzy nawet specjalne profile przeznaczone tylko do tego typu komunikacji. Naturalnym rozwi\u0105zaniem wydaje si\u0119 powierzenie odpowiedzialno\u015bci za employer branding dzia\u0142owi HR, ale z powodzeniem mo\u017cna przekaza\u0107 go dzia\u0142owi marketingu\/PR, co pozwoli ujednolici\u0107 przekaz i ca\u0142\u0105 korporacyjn\u0105 komunikacj\u0119 nie tylko w obr\u0119bie medi\u00f3w spo\u0142eczno\u015bciowych. Wreszcie, kolejnym rozwi\u0105zaniem jest outsourcing i wynaj\u0119cie agencji PR.<\/p>\n<p style=\"text-align: justify;\">Zbyt cz\u0119sto pomijanym aspektem employer brandingu s\u0105 dzia\u0142ania skierowane do obecnych pracownik\u00f3w. Dobry wizerunek firmy jest wa\u017cny nie tylko dla kandydat\u00f3w. Ka\u017cdy przecie\u017c chce pracowa\u0107 w najlepszej firmie na \u015bwiecie i by\u0107 cz\u0119\u015bci\u0105 zgranego zespo\u0142u. <a title=\"Kliknij, aby przej\u015b\u0107 do strony rekrutacji\" href=\"https:\/\/www.sotrender.com\/pl\/jobs\" target=\"_blank\">Takiego, jak Sotrender \ud83d\ude42<\/a><\/p>\n<h2 style=\"text-align: center;\">Wi\u0119cej znajdziecie w poni\u017cszej prezentacji:<\/h2>\n<p><iframe loading=\"lazy\" style=\"border: 1px solid #CCC; border-width: 1px; margin-bottom: 5px; max-width: 100%;\" src=\"\/\/www.slideshare.net\/slideshow\/embed_code\/key\/odmkIIE3cXf8Sc\" width=\"595\" height=\"485\" frameborder=\"0\" marginwidth=\"0\" marginheight=\"0\" scrolling=\"no\" allowfullscreen=\"allowfullscreen\"> <\/iframe><\/p>\n<div style=\"margin-bottom: 5px;\"><strong> <a title=\"Social media w pracy rekrutera\" href=\"\/\/www.slideshare.net\/FanpageTrender\/zajac-2015-hrsocialmedia\" target=\"_blank\">Social media w pracy rekrutera<\/a> <\/strong> from <strong><a href=\"https:\/\/www.slideshare.net\/FanpageTrender\" target=\"_blank\">Sotrender<\/a><\/strong><\/div>\n","protected":false},"excerpt":{"rendered":"<p>Na rynek pracy wkracza pokolenie Z, wychowane w cyfrowym \u015brodowisku. Jak skutecznie do nich dotrze\u0107, nie zapominaj\u0105c o wcze\u015bniejszych generacjach &#8211; iksach i millenialsach? Efektywne korzystanie z medi\u00f3w spo\u0142eczno\u015bciowych jest odpowiedzi\u0105 na to pytanie dr\u0119cz\u0105ce rekruter\u00f3w i HRowc\u00f3w. Wpis jest uzupe\u0142nieniem prezentacji wyg\u0142oszonej na konferencji Warszawskie Dni Rekrutacji. Sam\u0105 prezentacj\u0119 znajdziecie na ko\u0144cu wpisu.<\/p>\n","protected":false},"author":2,"featured_media":16817,"comment_status":"open","ping_status":"open","sticky":false,"template":"","format":"standard","meta":{"inline_featured_image":false,"footnotes":""},"categories":[2275],"tags":[2351,2355,2357,2359],"yoast_head":"<!-- This site is optimized with the Yoast SEO plugin v22.4 - https:\/\/yoast.com\/wordpress\/plugins\/seo\/ -->\n<title>Social media w pracy rekrutera \u2013 Sotrender Blog \u2013 Analyze, Benchmark &amp; Report Your Social Media Performance<\/title>\n<meta name=\"description\" content=\"Na rynek pracy wkracza pokolenie Z, wychowane w cyfrowym \u015brodowisku. Jak skutecznie do nich dotrze\u0107, nie zapominaj\u0105c o wcze\u015bniejszych generacjach - iksach Social Media Marketing &amp; Analytics Blog.\" \/>\n<meta name=\"robots\" content=\"index, follow, max-snippet:-1, max-image-preview:large, max-video-preview:-1\" \/>\n<link rel=\"canonical\" href=\"https:\/\/www.sotrender.com\/blog\/pl\/2015\/03\/social-media-rekrutacja\/\" \/>\n<meta property=\"og:locale\" content=\"pl_PL\" \/>\n<meta property=\"og:type\" content=\"article\" \/>\n<meta property=\"og:title\" content=\"Social media w pracy rekrutera \u2013 Sotrender Blog \u2013 Analyze, Benchmark &amp; Report Your Social Media Performance\" \/>\n<meta property=\"og:description\" content=\"Na rynek pracy wkracza pokolenie Z, wychowane w cyfrowym \u015brodowisku. Jak skutecznie do nich dotrze\u0107, nie zapominaj\u0105c o wcze\u015bniejszych generacjach - iksach Social Media Marketing &amp; Analytics Blog.\" \/>\n<meta property=\"og:url\" content=\"https:\/\/www.sotrender.com\/blog\/pl\/2015\/03\/social-media-rekrutacja\/\" \/>\n<meta property=\"og:site_name\" content=\"Sotrender Blog\" \/>\n<meta property=\"article:publisher\" content=\"https:\/\/www.facebook.com\/Sotrender\" \/>\n<meta property=\"article:author\" content=\"https:\/\/www.facebook.com\/jan.zajac.75?fref=ts\" \/>\n<meta property=\"article:published_time\" content=\"2015-03-02T08:52:56+00:00\" \/>\n<meta property=\"article:modified_time\" content=\"2017-05-29T08:41:33+00:00\" \/>\n<meta property=\"og:image\" content=\"https:\/\/www.sotrender.com\/blog\/wp-content\/uploads\/2015\/02\/eo1231.png\" \/>\n\t<meta property=\"og:image:width\" content=\"1600\" \/>\n\t<meta property=\"og:image:height\" content=\"881\" \/>\n\t<meta property=\"og:image:type\" content=\"image\/png\" \/>\n<meta name=\"author\" content=\"Jan Zaj\u0105c\" \/>\n<meta name=\"twitter:card\" content=\"summary_large_image\" \/>\n<meta name=\"twitter:creator\" content=\"@http:\/\/twitter.com\/janekzajac\" \/>\n<meta name=\"twitter:site\" content=\"@Sotrender\" \/>\n<meta name=\"twitter:label1\" content=\"Written by\" \/>\n\t<meta name=\"twitter:data1\" content=\"Jan Zaj\u0105c\" \/>\n\t<meta name=\"twitter:label2\" content=\"Est. reading time\" \/>\n\t<meta name=\"twitter:data2\" content=\"4 minutes\" \/>\n<script type=\"application\/ld+json\" class=\"yoast-schema-graph\">{\"@context\":\"https:\/\/schema.org\",\"@graph\":[{\"@type\":\"WebPage\",\"@id\":\"https:\/\/www.sotrender.com\/blog\/pl\/2015\/03\/social-media-rekrutacja\/\",\"url\":\"https:\/\/www.sotrender.com\/blog\/pl\/2015\/03\/social-media-rekrutacja\/\",\"name\":\"Social media w pracy rekrutera \u2013 Sotrender Blog \u2013 Analyze, Benchmark & Report Your Social Media Performance\",\"isPartOf\":{\"@id\":\"https:\/\/www.sotrender.com\/blog\/#website\"},\"primaryImageOfPage\":{\"@id\":\"https:\/\/www.sotrender.com\/blog\/pl\/2015\/03\/social-media-rekrutacja\/#primaryimage\"},\"image\":{\"@id\":\"https:\/\/www.sotrender.com\/blog\/pl\/2015\/03\/social-media-rekrutacja\/#primaryimage\"},\"thumbnailUrl\":\"https:\/\/www.sotrender.com\/blog\/wp-content\/uploads\/2015\/02\/eo1231.png\",\"datePublished\":\"2015-03-02T08:52:56+00:00\",\"dateModified\":\"2017-05-29T08:41:33+00:00\",\"author\":{\"@id\":\"https:\/\/www.sotrender.com\/blog\/#\/schema\/person\/15d4db3ba9c4e61b1cb96099300e7c51\"},\"description\":\"Na rynek pracy wkracza pokolenie Z, wychowane w cyfrowym \u015brodowisku. Jak skutecznie do nich dotrze\u0107, nie zapominaj\u0105c o wcze\u015bniejszych generacjach - iksach Social Media Marketing & Analytics Blog.\",\"breadcrumb\":{\"@id\":\"https:\/\/www.sotrender.com\/blog\/pl\/2015\/03\/social-media-rekrutacja\/#breadcrumb\"},\"inLanguage\":\"pl-PL\",\"potentialAction\":[{\"@type\":\"ReadAction\",\"target\":[\"https:\/\/www.sotrender.com\/blog\/pl\/2015\/03\/social-media-rekrutacja\/\"]}]},{\"@type\":\"ImageObject\",\"inLanguage\":\"pl-PL\",\"@id\":\"https:\/\/www.sotrender.com\/blog\/pl\/2015\/03\/social-media-rekrutacja\/#primaryimage\",\"url\":\"https:\/\/www.sotrender.com\/blog\/wp-content\/uploads\/2015\/02\/eo1231.png\",\"contentUrl\":\"https:\/\/www.sotrender.com\/blog\/wp-content\/uploads\/2015\/02\/eo1231.png\",\"width\":1600,\"height\":881},{\"@type\":\"BreadcrumbList\",\"@id\":\"https:\/\/www.sotrender.com\/blog\/pl\/2015\/03\/social-media-rekrutacja\/#breadcrumb\",\"itemListElement\":[{\"@type\":\"ListItem\",\"position\":1,\"name\":\"Home\",\"item\":\"https:\/\/www.sotrender.com\/blog\/\"},{\"@type\":\"ListItem\",\"position\":2,\"name\":\"Social media w pracy rekrutera\"}]},{\"@type\":\"WebSite\",\"@id\":\"https:\/\/www.sotrender.com\/blog\/#website\",\"url\":\"https:\/\/www.sotrender.com\/blog\/\",\"name\":\"Sotrender Blog\",\"description\":\"\",\"potentialAction\":[{\"@type\":\"SearchAction\",\"target\":{\"@type\":\"EntryPoint\",\"urlTemplate\":\"https:\/\/www.sotrender.com\/blog\/?s={search_term_string}\"},\"query-input\":\"required name=search_term_string\"}],\"inLanguage\":\"pl-PL\"},{\"@type\":\"Person\",\"@id\":\"https:\/\/www.sotrender.com\/blog\/#\/schema\/person\/15d4db3ba9c4e61b1cb96099300e7c51\",\"name\":\"Jan Zaj\u0105c\",\"image\":{\"@type\":\"ImageObject\",\"inLanguage\":\"pl-PL\",\"@id\":\"https:\/\/www.sotrender.com\/blog\/#\/schema\/person\/image\/\",\"url\":\"https:\/\/secure.gravatar.com\/avatar\/330c70ea205c5402148d7c7d8927d81d?s=96&d=mm&r=g\",\"contentUrl\":\"https:\/\/secure.gravatar.com\/avatar\/330c70ea205c5402148d7c7d8927d81d?s=96&d=mm&r=g\",\"caption\":\"Jan Zaj\u0105c\"},\"description\":\"Psychologist &amp; economist, experienced consultant &amp; researcher, who speaks 6 languages and has cycled around 17 countries.\",\"sameAs\":[\"https:\/\/www.facebook.com\/jan.zajac.75?fref=ts\",\"https:\/\/www.linkedin.com\/in\/janekzajac\",\"https:\/\/twitter.com\/http:\/\/twitter.com\/janekzajac\"],\"url\":\"https:\/\/www.sotrender.com\/blog\/pl\/author\/jan_zajc\/\"}]}<\/script>\n<!-- \/ Yoast SEO plugin. -->","yoast_head_json":{"title":"Social media w pracy rekrutera \u2013 Sotrender Blog \u2013 Analyze, Benchmark & Report Your Social Media Performance","description":"Na rynek pracy wkracza pokolenie Z, wychowane w cyfrowym \u015brodowisku. Jak skutecznie do nich dotrze\u0107, nie zapominaj\u0105c o wcze\u015bniejszych generacjach - iksach Social Media Marketing & Analytics Blog.","robots":{"index":"index","follow":"follow","max-snippet":"max-snippet:-1","max-image-preview":"max-image-preview:large","max-video-preview":"max-video-preview:-1"},"canonical":"https:\/\/www.sotrender.com\/blog\/pl\/2015\/03\/social-media-rekrutacja\/","og_locale":"pl_PL","og_type":"article","og_title":"Social media w pracy rekrutera \u2013 Sotrender Blog \u2013 Analyze, Benchmark & Report Your Social Media Performance","og_description":"Na rynek pracy wkracza pokolenie Z, wychowane w cyfrowym \u015brodowisku. Jak skutecznie do nich dotrze\u0107, nie zapominaj\u0105c o wcze\u015bniejszych generacjach - iksach Social Media Marketing & Analytics Blog.","og_url":"https:\/\/www.sotrender.com\/blog\/pl\/2015\/03\/social-media-rekrutacja\/","og_site_name":"Sotrender Blog","article_publisher":"https:\/\/www.facebook.com\/Sotrender","article_author":"https:\/\/www.facebook.com\/jan.zajac.75?fref=ts","article_published_time":"2015-03-02T08:52:56+00:00","article_modified_time":"2017-05-29T08:41:33+00:00","og_image":[{"width":1600,"height":881,"url":"https:\/\/www.sotrender.com\/blog\/wp-content\/uploads\/2015\/02\/eo1231.png","type":"image\/png"}],"author":"Jan Zaj\u0105c","twitter_card":"summary_large_image","twitter_creator":"@http:\/\/twitter.com\/janekzajac","twitter_site":"@Sotrender","twitter_misc":{"Written by":"Jan Zaj\u0105c","Est. reading time":"4 minutes"},"schema":{"@context":"https:\/\/schema.org","@graph":[{"@type":"WebPage","@id":"https:\/\/www.sotrender.com\/blog\/pl\/2015\/03\/social-media-rekrutacja\/","url":"https:\/\/www.sotrender.com\/blog\/pl\/2015\/03\/social-media-rekrutacja\/","name":"Social media w pracy rekrutera \u2013 Sotrender Blog \u2013 Analyze, Benchmark & Report Your Social Media Performance","isPartOf":{"@id":"https:\/\/www.sotrender.com\/blog\/#website"},"primaryImageOfPage":{"@id":"https:\/\/www.sotrender.com\/blog\/pl\/2015\/03\/social-media-rekrutacja\/#primaryimage"},"image":{"@id":"https:\/\/www.sotrender.com\/blog\/pl\/2015\/03\/social-media-rekrutacja\/#primaryimage"},"thumbnailUrl":"https:\/\/www.sotrender.com\/blog\/wp-content\/uploads\/2015\/02\/eo1231.png","datePublished":"2015-03-02T08:52:56+00:00","dateModified":"2017-05-29T08:41:33+00:00","author":{"@id":"https:\/\/www.sotrender.com\/blog\/#\/schema\/person\/15d4db3ba9c4e61b1cb96099300e7c51"},"description":"Na rynek pracy wkracza pokolenie Z, wychowane w cyfrowym \u015brodowisku. Jak skutecznie do nich dotrze\u0107, nie zapominaj\u0105c o wcze\u015bniejszych generacjach - iksach Social Media Marketing & Analytics Blog.","breadcrumb":{"@id":"https:\/\/www.sotrender.com\/blog\/pl\/2015\/03\/social-media-rekrutacja\/#breadcrumb"},"inLanguage":"pl-PL","potentialAction":[{"@type":"ReadAction","target":["https:\/\/www.sotrender.com\/blog\/pl\/2015\/03\/social-media-rekrutacja\/"]}]},{"@type":"ImageObject","inLanguage":"pl-PL","@id":"https:\/\/www.sotrender.com\/blog\/pl\/2015\/03\/social-media-rekrutacja\/#primaryimage","url":"https:\/\/www.sotrender.com\/blog\/wp-content\/uploads\/2015\/02\/eo1231.png","contentUrl":"https:\/\/www.sotrender.com\/blog\/wp-content\/uploads\/2015\/02\/eo1231.png","width":1600,"height":881},{"@type":"BreadcrumbList","@id":"https:\/\/www.sotrender.com\/blog\/pl\/2015\/03\/social-media-rekrutacja\/#breadcrumb","itemListElement":[{"@type":"ListItem","position":1,"name":"Home","item":"https:\/\/www.sotrender.com\/blog\/"},{"@type":"ListItem","position":2,"name":"Social media w pracy rekrutera"}]},{"@type":"WebSite","@id":"https:\/\/www.sotrender.com\/blog\/#website","url":"https:\/\/www.sotrender.com\/blog\/","name":"Sotrender Blog","description":"","potentialAction":[{"@type":"SearchAction","target":{"@type":"EntryPoint","urlTemplate":"https:\/\/www.sotrender.com\/blog\/?s={search_term_string}"},"query-input":"required name=search_term_string"}],"inLanguage":"pl-PL"},{"@type":"Person","@id":"https:\/\/www.sotrender.com\/blog\/#\/schema\/person\/15d4db3ba9c4e61b1cb96099300e7c51","name":"Jan Zaj\u0105c","image":{"@type":"ImageObject","inLanguage":"pl-PL","@id":"https:\/\/www.sotrender.com\/blog\/#\/schema\/person\/image\/","url":"https:\/\/secure.gravatar.com\/avatar\/330c70ea205c5402148d7c7d8927d81d?s=96&d=mm&r=g","contentUrl":"https:\/\/secure.gravatar.com\/avatar\/330c70ea205c5402148d7c7d8927d81d?s=96&d=mm&r=g","caption":"Jan Zaj\u0105c"},"description":"Psychologist &amp; economist, experienced consultant &amp; researcher, who speaks 6 languages and has cycled around 17 countries.","sameAs":["https:\/\/www.facebook.com\/jan.zajac.75?fref=ts","https:\/\/www.linkedin.com\/in\/janekzajac","https:\/\/twitter.com\/http:\/\/twitter.com\/janekzajac"],"url":"https:\/\/www.sotrender.com\/blog\/pl\/author\/jan_zajc\/"}]}},"_links":{"self":[{"href":"https:\/\/www.sotrender.com\/blog\/pl\/wp-json\/wp\/v2\/posts\/17121"}],"collection":[{"href":"https:\/\/www.sotrender.com\/blog\/pl\/wp-json\/wp\/v2\/posts"}],"about":[{"href":"https:\/\/www.sotrender.com\/blog\/pl\/wp-json\/wp\/v2\/types\/post"}],"author":[{"embeddable":true,"href":"https:\/\/www.sotrender.com\/blog\/pl\/wp-json\/wp\/v2\/users\/2"}],"replies":[{"embeddable":true,"href":"https:\/\/www.sotrender.com\/blog\/pl\/wp-json\/wp\/v2\/comments?post=17121"}],"version-history":[{"count":8,"href":"https:\/\/www.sotrender.com\/blog\/pl\/wp-json\/wp\/v2\/posts\/17121\/revisions"}],"predecessor-version":[{"id":27671,"href":"https:\/\/www.sotrender.com\/blog\/pl\/wp-json\/wp\/v2\/posts\/17121\/revisions\/27671"}],"wp:featuredmedia":[{"embeddable":true,"href":"https:\/\/www.sotrender.com\/blog\/pl\/wp-json\/wp\/v2\/media\/16817"}],"wp:attachment":[{"href":"https:\/\/www.sotrender.com\/blog\/pl\/wp-json\/wp\/v2\/media?parent=17121"}],"wp:term":[{"taxonomy":"category","embeddable":true,"href":"https:\/\/www.sotrender.com\/blog\/pl\/wp-json\/wp\/v2\/categories?post=17121"},{"taxonomy":"post_tag","embeddable":true,"href":"https:\/\/www.sotrender.com\/blog\/pl\/wp-json\/wp\/v2\/tags?post=17121"}],"curies":[{"name":"wp","href":"https:\/\/api.w.org\/{rel}","templated":true}]}}