{"id":16763,"date":"2015-02-06T12:35:31","date_gmt":"2015-02-06T11:35:31","guid":{"rendered":"http:\/\/blog.sotrender.com\/?p=16763"},"modified":"2017-02-15T10:29:40","modified_gmt":"2017-02-15T09:29:40","slug":"fanpage-trends-styczen-2015","status":"publish","type":"post","link":"https:\/\/www.sotrender.com\/blog\/pl\/2015\/02\/fanpage-trends-styczen-2015\/","title":{"rendered":"Fanpage Trends Stycze\u0144 2015 &#8211; KORWiN na podb\u00f3j Facebooka"},"content":{"rendered":"<p style=\"text-align: justify;\">Grudzie\u0144 ub. roku by\u0142 miesi\u0105cem lekkiego przestoju na Facebooku. Dla odmiany w styczniu wypocz\u0119ci u\u017cytkownicy Facebooka wykazywali si\u0119 wi\u0119ksz\u0105 energi\u0105, co wida\u0107 w naszych statystykach &#8211; prawie wsz\u0119dzie odnotowali\u015bmy wzrosty. Przeci\u0119tna strona w styczniu odnotowa\u0142a 133 lajki pod postami, czyli o 9% wi\u0119cej ni\u017c w grudniu. Analizowane przez nas strony zebra\u0142y 24, 2 mln nowych polubie\u0144, a\u017c o 220% wi\u0119cej ni\u017c miesi\u0105cem. U\u017cytkownicy ch\u0119tniej komentowali r\u00f3wnie\u017c dzia\u0142alno\u015b\u0107 profili na Facebooku &#8211; statystyczny post zebra\u0142 nieco ponad 9 komentarzy, tu wzrost wyni\u00f3s\u0142 ponad 8% w stosunku do grudnia. My te\u017c wkraczamy w nowy rok z mn\u00f3stwem \u015bwie\u017cej energii &#8211; prezentujemy zupe\u0142nie odmienionego Sotrendera z nowym wygl\u0105dem, dodatkowymi funkcjami i korzystniejszym cennikiem! Zmienia si\u0119 tak\u017ce nasza strona g\u0142\u00f3wna! <a title=\"Klikinij, aby przeczyta\u0107 raport\" href=\"http:\/\/sotrender.pl\/trends\/facebook\/\" target=\"_blank\">Tymczasem zapraszamy do lektury najnowszego raportu Fanpage Trends!<\/a><!--more--><\/p>\n<div id=\"attachment_16769\" style=\"width: 610px\" class=\"wp-caption aligncenter\"><a href=\"https:\/\/www.sotrender.com\/blog\/wp-content\/uploads\/2015\/02\/U\u017cytkownicy-FB.png\"><img loading=\"lazy\" decoding=\"async\" aria-describedby=\"caption-attachment-16769\" class=\"wp-image-16769\" src=\"https:\/\/www.sotrender.com\/blog\/wp-content\/uploads\/2015\/02\/U\u017cytkownicy-FB.png\" alt=\"U\u017cytkownicy Facebooka w styczniu 2015\" width=\"600\" height=\"226\" srcset=\"https:\/\/www.sotrender.com\/blog\/wp-content\/uploads\/2015\/02\/U\u017cytkownicy-FB.png 1272w, https:\/\/www.sotrender.com\/blog\/wp-content\/uploads\/2015\/02\/U\u017cytkownicy-FB-475x179.png 475w, https:\/\/www.sotrender.com\/blog\/wp-content\/uploads\/2015\/02\/U\u017cytkownicy-FB-768x289.png 768w, https:\/\/www.sotrender.com\/blog\/wp-content\/uploads\/2015\/02\/U\u017cytkownicy-FB-950x358.png 950w, https:\/\/www.sotrender.com\/blog\/wp-content\/uploads\/2015\/02\/U\u017cytkownicy-FB-600x226.png 600w\" sizes=\"(max-width: 600px) 100vw, 600px\" \/><\/a><p id=\"caption-attachment-16769\" class=\"wp-caption-text\">U\u017cytkownicy Facebooka w styczniu 2015<\/p><\/div>\n<h2 style=\"text-align: justify;\"><b>KORWiN po zwyci\u0119stwo w internecie<br \/>\n<\/b><\/h2>\n<p style=\"text-align: justify;\">Kongres Nowej Prawicy w styczniu wykluczy\u0142 ze swoich szereg\u00f3w dotychczasowego prezesa &#8211; <strong>Janusza Korwin-Mikkego<\/strong>. Najpopularniejszy polityk na polskim Facebooku postanowi\u0142 za\u0142o\u017cy\u0107 now\u0105 formacj\u0119, twierdz\u0105c, \u017ce najwi\u0119kszym kapita\u0142em KNP by\u0142 on sam. Cho\u0107 kongres za\u0142o\u017cycielski KORWiNu jeszcze przed nami, partia rozpocz\u0119\u0142a dzia\u0142alno\u015b\u0107 w mediach, r\u00f3wnie\u017c spo\u0142eczno\u015bciowych. Efekt by\u0142 natychmiastowy. KNP straci\u0142a w styczniu 7% swoich fan\u00f3w, a profil Partia KORWiN przebojem wdar\u0142 si\u0119 do czo\u0142\u00f3wki rankingu, zdobywaj\u0105c w ci\u0105gu pierwszych pi\u0119ciu dni funkcjonowania 100 tys. fan\u00f3w. Dzi\u0119ki temu znalaz\u0142 si\u0119 on na sz\u00f3stym miejscu w rankingu pod wzgl\u0119dem wielko\u015bci profilu w kategorii \u201cPolitycy i partie\u201d, wyprzedziwszy najwi\u0119ksze polskie partie polityczne &#8211; Platform\u0119 Obywatelsk\u0105 i Prawo i Sprawiedliwo\u015b\u0107. KORWiN mocno anga\u017cuje fan\u00f3w &#8211; w zestawieniu pod wzgl\u0119dem zaanga\u017cowania znalaz\u0142 si\u0119 r\u00f3wnie\u017c na sz\u00f3stym miejscu. Sukces nowej inicjatywy odbi\u0142 si\u0119 na jej pozosta\u0142ych liderach, profile Przemys\u0142awa Wiplera i Konrada Berkowskiego zanotowa\u0142y du\u017ce wzrosty w kategoriach zaanga\u017cowania i interaktywno\u015bci. Z drugiej strony sceny politycznej kolejnym miesi\u0105cem wzrostu liczby fan\u00f3w mo\u017ce pochwali\u0107 si\u0119 Robert Biedro\u0144. Profil urz\u0119duj\u0105cego prezydenta S\u0142upska polubi\u0142o w styczniu ponad 13, 2 tys. os\u00f3b, co da\u0142o mu awans do pierwszej dziesi\u0105tki najwi\u0119kszych profili politycznych na Facebooku.<\/p>\n<div id=\"attachment_16765\" style=\"width: 610px\" class=\"wp-caption aligncenter\"><a href=\"https:\/\/www.sotrender.com\/blog\/wp-content\/uploads\/2015\/02\/PolitycynaFB.png\"><img loading=\"lazy\" decoding=\"async\" aria-describedby=\"caption-attachment-16765\" class=\"wp-image-16765\" src=\"https:\/\/www.sotrender.com\/blog\/wp-content\/uploads\/2015\/02\/PolitycynaFB.png\" alt=\"Najwi\u0119ksze fanpage'e polityczne w styczniu 2015 - Fanpage Trends\" width=\"600\" height=\"531\" srcset=\"https:\/\/www.sotrender.com\/blog\/wp-content\/uploads\/2015\/02\/PolitycynaFB.png 713w, https:\/\/www.sotrender.com\/blog\/wp-content\/uploads\/2015\/02\/PolitycynaFB-475x420.png 475w, https:\/\/www.sotrender.com\/blog\/wp-content\/uploads\/2015\/02\/PolitycynaFB-600x531.png 600w\" sizes=\"(max-width: 600px) 100vw, 600px\" \/><\/a><p id=\"caption-attachment-16765\" class=\"wp-caption-text\">Najwi\u0119ksze fanpage&#8217;e polityczne w styczniu 2015 &#8211; Fanpage Trends<\/p><\/div>\n<h2 style=\"text-align: justify;\"><b>Zmieniona obs\u0142uga klienta w Fanpage Trends<\/b><\/h2>\n<p style=\"text-align: justify;\">Nie zdziwcie si\u0119, widz\u0105c wiele zmian w zestawieniach dotycz\u0105cych obs\u0142ugi klienta na Facebooku. Od stycznia do ranking\u00f3w wzgl\u0119dem procenta udzielonych odpowiedzi wprowadzili\u015bmy pr\u00f3g wynosz\u0105cy median\u0119 liczby post\u00f3w u\u017cytkownik\u00f3w. Wszystko po to, by unikn\u0105\u0107 sytuacji, w kt\u00f3rej liderami zestawienia zostaj\u0105 strony, odpowiadaj\u0105ce na 100% post\u00f3w u\u017cytkownik\u00f3w, czyli np. trzy posty w miesi\u0105cu, wyprzedzaj\u0105c strony, kt\u00f3re odpowiadaj\u0105 na 70% post\u00f3w, co dla niekt\u00f3rych profili oznacza np. ponad 10 tys. wpis\u00f3w.<\/p>\n<p style=\"text-align: justify;\"><div class=\"shortcode trial\"><h4><span>Przekonaj si\u0119, jak Sotrender pomo\u017ce Ci poprawi\u0107 wyniki<\/span><a title=\"Za\u0142\u00f3\u017c konto!\" class=\"btn\" href=\"https:\/\/app.sotrender.com\/auth\/signup\/trial\/pl?utm_source=blog-cta-legacy\">Za\u0142\u00f3\u017c konto!<\/a><\/h4><\/div><\/p>\n<h2 style=\"text-align: justify;\"><b>Podsumowanie roku 2014 na Facebooku w Polsce &#8211; infografika<\/b><\/h2>\n<p style=\"text-align: justify;\">W ci\u0105gu ubieg\u0142ego roku Facebook nadal zyskiwa\u0142 u\u017cytkownik\u00f3w cho\u0107 tempo ich przyrostu by\u0142o zdecydowanie wolniejsze ni\u017c w poprzednich latach. W 2014 r. zyska\u0142 800 tys. nowych u\u017cytkownik\u00f3w, podczas gdy rok wcze\u015bniej wzrost ten by\u0142 dwukrotnie wi\u0119kszy. Nadal nie ma jednak mowy o spadku znaczenia komunikacji za po\u015brednictwem serwisu z Menlo Park. Dlatego te\u017c wydajemy co miesi\u0105c Fanpage Trends i po\u015bwi\u0119camy wiele uwagi, a w efekcie analiz, r\u00f3wnie\u017c r\u00f3\u017cnym zjawiskom nierozerwalnie zwi\u0105zanym z komunikacj\u0105 na Facebooku, takim jak chocia\u017cby zmiany w Edge Ranku, spadki zasi\u0119gu czy wp\u0142yw u\u017cywania hashtag\u00f3w oraz poszczeg\u00f3lnych typ\u00f3w post\u00f3w na zaanga\u017cowanie. Te naszym zdaniem najwa\u017cniejsze, a zarazem ciesz\u0105ce si\u0119 najwi\u0119ksz\u0105 popularno\u015bci\u0105 analizy podsumowali\u015bmy we wpisie: \u201e<a title=\"Kliknij, aby przej\u015b\u0107 do postu\" href=\"https:\/\/www.sotrender.com\/blog\/pl\/2015\/01\/facebook-2014-blog\/\" target=\"_blank\">Zasi\u0119g, zaanga\u017cowanie, hashtagi \u2013 czego dowiedzieli\u015bmy si\u0119 o Facebooku w 2014 r.?<\/a>\u201d Zapraszamy r\u00f3wnie\u017c do <a title=\"Kliknij, aby przej\u015b\u0107 do postu\" href=\"https:\/\/www.sotrender.com\/blog\/pl\/2015\/02\/facebook-polska-2014\/\" target=\"_blank\">obejrzenia infografiki<\/a>\u00a0przygotowanej wsp\u00f3lnie z <strong>PanWizualny.pl<\/strong>, na kt\u00f3rej podsumowali\u015bmy najwa\u017cniejsze fakty zwi\u0105zane z komunikacj\u0105 na Facebooku w minionym roku.<\/p>\n<div id=\"attachment_16767\" style=\"width: 610px\" class=\"wp-caption aligncenter\"><a href=\"https:\/\/www.sotrender.com\/blog\/wp-content\/uploads\/2015\/02\/FBdemografia.png\"><img loading=\"lazy\" decoding=\"async\" aria-describedby=\"caption-attachment-16767\" class=\"wp-image-16767\" src=\"https:\/\/www.sotrender.com\/blog\/wp-content\/uploads\/2015\/02\/FBdemografia.png\" alt=\"Demografia u\u017cytkownik\u00f3w Faceboka w 2014 roku\" width=\"600\" height=\"345\" srcset=\"https:\/\/www.sotrender.com\/blog\/wp-content\/uploads\/2015\/02\/FBdemografia.png 900w, https:\/\/www.sotrender.com\/blog\/wp-content\/uploads\/2015\/02\/FBdemografia-475x273.png 475w, https:\/\/www.sotrender.com\/blog\/wp-content\/uploads\/2015\/02\/FBdemografia-768x441.png 768w, https:\/\/www.sotrender.com\/blog\/wp-content\/uploads\/2015\/02\/FBdemografia-600x345.png 600w\" sizes=\"(max-width: 600px) 100vw, 600px\" \/><\/a><p id=\"caption-attachment-16767\" class=\"wp-caption-text\">Demografia u\u017cytkownik\u00f3w Faceboka w 2014 roku<\/p><\/div>\n<h2 style=\"text-align: justify;\"><b>Du\u017ce zmiany w Sotrenderze!<\/b><\/h2>\n<p style=\"text-align: justify;\">W Sotrenderze czas zmian. Ulepszony, przejrzysty i przyjazny Sotrender jeszcze bardziej pomo\u017ce Ci poprawi\u0107 efekty dzia\u0142a\u0144 na Facebooku, Twitterze i YouTube. Co nowego? Nowy, \u0142adny i przyjazny layout oparty na dw\u00f3ch rodzajach menu, uwzgl\u0119dniaj\u0105cy sp\u00f3jny system pomiaru marketingu w social media, <a title=\"kliknij, aby przej\u015b\u0107 do strony\" href=\"www.sotrender.pl\/features\" target=\"_blank\">nowe funkcjonalno\u015bci i troch\u0119 porz\u0105dk\u00f3w w dotychczasowych<\/a>. Od\u015bwie\u017cyli\u015bmy <a title=\"Kliknij, aby przejs\u0107 do strony\" href=\"http:\/\/sotrender.pl\" target=\"_blank\">stron\u0119 g\u0142\u00f3wn\u0105<\/a>. Upro\u015bcili\u015bmy system p\u0142atno\u015bci oraz wprowadzili\u015bmy nowy korzystniejszy cennik. Dotychczasowi klienci mog\u0105 zdecydowa\u0107, czy zostaj\u0105 przy dotychczasowej metodzie rozlicze\u0144, czy przechodz\u0105 na nowe pakiety. Wi\u0119cej dowiecie si\u0119 ze specjalnego wpisu na naszym blogu: <a title=\"Kliknij, aby przej\u015b\u0107 do strony\" href=\"https:\/\/www.sotrender.com\/blog\/pl\/2015\/02\/odmieniony-sotrender\/\" target=\"_blank\">Odmieniony Sotrender \u2013 sprawd\u017a, jak pomo\u017ce Ci poprawi\u0107 wyniki!<\/a><\/p>\n<h2 style=\"text-align: center;\"><a title=\"Kliknij, aby przeczyta\u0107 raport\" href=\"http:\/\/sotrender.pl\/trends\/facebook\/\" target=\"_blank\"><b>Zapraszamy do lektury styczniowego raportu Fanpage Trends!<\/b><\/a><\/h2>\n","protected":false},"excerpt":{"rendered":"<p>Grudzie\u0144 ub. roku by\u0142 miesi\u0105cem lekkiego przestoju na Facebooku. Dla odmiany w styczniu wypocz\u0119ci u\u017cytkownicy Facebooka wykazywali si\u0119 wi\u0119ksz\u0105 energi\u0105, co wida\u0107 w naszych statystykach &#8211; prawie wsz\u0119dzie odnotowali\u015bmy wzrosty. Przeci\u0119tna strona w styczniu odnotowa\u0142a 133 lajki pod postami, czyli o 9% wi\u0119cej ni\u017c w grudniu. Analizowane przez nas strony zebra\u0142y 24, 2 mln nowych [&hellip;]<\/p>\n","protected":false},"author":49,"featured_media":14935,"comment_status":"open","ping_status":"open","sticky":false,"template":"","format":"standard","meta":{"inline_featured_image":false,"footnotes":""},"categories":[1791,1797],"tags":[31,1569,2211],"yoast_head":"<!-- This site is optimized with the Yoast SEO plugin v22.4 - https:\/\/yoast.com\/wordpress\/plugins\/seo\/ -->\n<title>Fanpage Trends Stycze\u0144 2015 - KORWiN na podb\u00f3j Facebooka \u2013 Sotrender Blog \u2013 Analyze, Benchmark &amp; Report Your Social Media Performance<\/title>\n<meta name=\"description\" content=\"Grudzie\u0144 ub. roku by\u0142 miesi\u0105cem lekkiego przestoju na Facebooku. Dla odmiany w styczniu wypocz\u0119ci u\u017cytkownicy Facebooka wykazywali si\u0119 wi\u0119ksz\u0105 energi\u0105, co Social Media Marketing &amp; Analytics Blog.\" \/>\n<meta name=\"robots\" content=\"index, follow, max-snippet:-1, max-image-preview:large, max-video-preview:-1\" \/>\n<link rel=\"canonical\" href=\"https:\/\/www.sotrender.com\/blog\/pl\/2015\/02\/fanpage-trends-styczen-2015\/\" \/>\n<meta property=\"og:locale\" content=\"pl_PL\" \/>\n<meta property=\"og:type\" content=\"article\" \/>\n<meta property=\"og:title\" content=\"Fanpage Trends Stycze\u0144 2015 - KORWiN na podb\u00f3j Facebooka \u2013 Sotrender Blog \u2013 Analyze, Benchmark &amp; Report Your Social Media Performance\" \/>\n<meta property=\"og:description\" content=\"Grudzie\u0144 ub. roku by\u0142 miesi\u0105cem lekkiego przestoju na Facebooku. Dla odmiany w styczniu wypocz\u0119ci u\u017cytkownicy Facebooka wykazywali si\u0119 wi\u0119ksz\u0105 energi\u0105, co Social Media Marketing &amp; Analytics Blog.\" \/>\n<meta property=\"og:url\" content=\"https:\/\/www.sotrender.com\/blog\/pl\/2015\/02\/fanpage-trends-styczen-2015\/\" \/>\n<meta property=\"og:site_name\" content=\"Sotrender Blog\" \/>\n<meta property=\"article:publisher\" content=\"https:\/\/www.facebook.com\/Sotrender\" \/>\n<meta property=\"article:published_time\" content=\"2015-02-06T11:35:31+00:00\" \/>\n<meta property=\"article:modified_time\" content=\"2017-02-15T09:29:40+00:00\" \/>\n<meta property=\"og:image\" content=\"https:\/\/www.sotrender.com\/blog\/wp-content\/uploads\/2014\/09\/trends.jpg\" \/>\n\t<meta property=\"og:image:width\" content=\"1600\" \/>\n\t<meta property=\"og:image:height\" content=\"700\" \/>\n\t<meta property=\"og:image:type\" content=\"image\/jpeg\" \/>\n<meta name=\"author\" content=\"Micha\u0142 Wieczorek\" \/>\n<meta name=\"twitter:card\" content=\"summary_large_image\" \/>\n<meta name=\"twitter:creator\" content=\"@http:\/\/twitter.com\/eveningo\" \/>\n<meta name=\"twitter:site\" content=\"@Sotrender\" \/>\n<meta name=\"twitter:label1\" content=\"Written by\" \/>\n\t<meta name=\"twitter:data1\" content=\"Micha\u0142 Wieczorek\" \/>\n\t<meta name=\"twitter:label2\" content=\"Est. reading time\" \/>\n\t<meta name=\"twitter:data2\" content=\"4 minutes\" \/>\n<script type=\"application\/ld+json\" class=\"yoast-schema-graph\">{\"@context\":\"https:\/\/schema.org\",\"@graph\":[{\"@type\":\"WebPage\",\"@id\":\"https:\/\/www.sotrender.com\/blog\/pl\/2015\/02\/fanpage-trends-styczen-2015\/\",\"url\":\"https:\/\/www.sotrender.com\/blog\/pl\/2015\/02\/fanpage-trends-styczen-2015\/\",\"name\":\"Fanpage Trends Stycze\u0144 2015 - KORWiN na podb\u00f3j Facebooka \u2013 Sotrender Blog \u2013 Analyze, Benchmark & Report Your Social Media Performance\",\"isPartOf\":{\"@id\":\"https:\/\/www.sotrender.com\/blog\/#website\"},\"primaryImageOfPage\":{\"@id\":\"https:\/\/www.sotrender.com\/blog\/pl\/2015\/02\/fanpage-trends-styczen-2015\/#primaryimage\"},\"image\":{\"@id\":\"https:\/\/www.sotrender.com\/blog\/pl\/2015\/02\/fanpage-trends-styczen-2015\/#primaryimage\"},\"thumbnailUrl\":\"https:\/\/www.sotrender.com\/blog\/wp-content\/uploads\/2014\/09\/trends.jpg\",\"datePublished\":\"2015-02-06T11:35:31+00:00\",\"dateModified\":\"2017-02-15T09:29:40+00:00\",\"author\":{\"@id\":\"https:\/\/www.sotrender.com\/blog\/#\/schema\/person\/48ed6f8ff39863778de8dd32f58467f5\"},\"description\":\"Grudzie\u0144 ub. roku by\u0142 miesi\u0105cem lekkiego przestoju na Facebooku. Dla odmiany w styczniu wypocz\u0119ci u\u017cytkownicy Facebooka wykazywali si\u0119 wi\u0119ksz\u0105 energi\u0105, co Social Media Marketing & Analytics Blog.\",\"breadcrumb\":{\"@id\":\"https:\/\/www.sotrender.com\/blog\/pl\/2015\/02\/fanpage-trends-styczen-2015\/#breadcrumb\"},\"inLanguage\":\"pl-PL\",\"potentialAction\":[{\"@type\":\"ReadAction\",\"target\":[\"https:\/\/www.sotrender.com\/blog\/pl\/2015\/02\/fanpage-trends-styczen-2015\/\"]}]},{\"@type\":\"ImageObject\",\"inLanguage\":\"pl-PL\",\"@id\":\"https:\/\/www.sotrender.com\/blog\/pl\/2015\/02\/fanpage-trends-styczen-2015\/#primaryimage\",\"url\":\"https:\/\/www.sotrender.com\/blog\/wp-content\/uploads\/2014\/09\/trends.jpg\",\"contentUrl\":\"https:\/\/www.sotrender.com\/blog\/wp-content\/uploads\/2014\/09\/trends.jpg\",\"width\":1600,\"height\":700},{\"@type\":\"BreadcrumbList\",\"@id\":\"https:\/\/www.sotrender.com\/blog\/pl\/2015\/02\/fanpage-trends-styczen-2015\/#breadcrumb\",\"itemListElement\":[{\"@type\":\"ListItem\",\"position\":1,\"name\":\"Home\",\"item\":\"https:\/\/www.sotrender.com\/blog\/\"},{\"@type\":\"ListItem\",\"position\":2,\"name\":\"Fanpage Trends Stycze\u0144 2015 &#8211; KORWiN na podb\u00f3j Facebooka\"}]},{\"@type\":\"WebSite\",\"@id\":\"https:\/\/www.sotrender.com\/blog\/#website\",\"url\":\"https:\/\/www.sotrender.com\/blog\/\",\"name\":\"Sotrender Blog\",\"description\":\"\",\"potentialAction\":[{\"@type\":\"SearchAction\",\"target\":{\"@type\":\"EntryPoint\",\"urlTemplate\":\"https:\/\/www.sotrender.com\/blog\/?s={search_term_string}\"},\"query-input\":\"required name=search_term_string\"}],\"inLanguage\":\"pl-PL\"},{\"@type\":\"Person\",\"@id\":\"https:\/\/www.sotrender.com\/blog\/#\/schema\/person\/48ed6f8ff39863778de8dd32f58467f5\",\"name\":\"Micha\u0142 Wieczorek\",\"image\":{\"@type\":\"ImageObject\",\"inLanguage\":\"pl-PL\",\"@id\":\"https:\/\/www.sotrender.com\/blog\/#\/schema\/person\/image\/\",\"url\":\"https:\/\/secure.gravatar.com\/avatar\/65ceb2020aa2338488b9c5f33c10137f?s=96&d=mm&r=g\",\"contentUrl\":\"https:\/\/secure.gravatar.com\/avatar\/65ceb2020aa2338488b9c5f33c10137f?s=96&d=mm&r=g\",\"caption\":\"Micha\u0142 Wieczorek\"},\"description\":\"Baltic linguist, marketer, and music journalist in his free time. A big fan of good food and even better music.\",\"sameAs\":[\"https:\/\/www.linkedin.com\/in\/michaldwieczorek\",\"https:\/\/twitter.com\/http:\/\/twitter.com\/eveningo\"],\"url\":\"https:\/\/www.sotrender.com\/blog\/pl\/author\/micha_wieczorek\/\"}]}<\/script>\n<!-- \/ Yoast SEO plugin. -->","yoast_head_json":{"title":"Fanpage Trends Stycze\u0144 2015 - KORWiN na podb\u00f3j Facebooka \u2013 Sotrender Blog \u2013 Analyze, Benchmark & Report Your Social Media Performance","description":"Grudzie\u0144 ub. roku by\u0142 miesi\u0105cem lekkiego przestoju na Facebooku. Dla odmiany w styczniu wypocz\u0119ci u\u017cytkownicy Facebooka wykazywali si\u0119 wi\u0119ksz\u0105 energi\u0105, co Social Media Marketing & Analytics Blog.","robots":{"index":"index","follow":"follow","max-snippet":"max-snippet:-1","max-image-preview":"max-image-preview:large","max-video-preview":"max-video-preview:-1"},"canonical":"https:\/\/www.sotrender.com\/blog\/pl\/2015\/02\/fanpage-trends-styczen-2015\/","og_locale":"pl_PL","og_type":"article","og_title":"Fanpage Trends Stycze\u0144 2015 - KORWiN na podb\u00f3j Facebooka \u2013 Sotrender Blog \u2013 Analyze, Benchmark & Report Your Social Media Performance","og_description":"Grudzie\u0144 ub. roku by\u0142 miesi\u0105cem lekkiego przestoju na Facebooku. Dla odmiany w styczniu wypocz\u0119ci u\u017cytkownicy Facebooka wykazywali si\u0119 wi\u0119ksz\u0105 energi\u0105, co Social Media Marketing & Analytics Blog.","og_url":"https:\/\/www.sotrender.com\/blog\/pl\/2015\/02\/fanpage-trends-styczen-2015\/","og_site_name":"Sotrender Blog","article_publisher":"https:\/\/www.facebook.com\/Sotrender","article_published_time":"2015-02-06T11:35:31+00:00","article_modified_time":"2017-02-15T09:29:40+00:00","og_image":[{"width":1600,"height":700,"url":"https:\/\/www.sotrender.com\/blog\/wp-content\/uploads\/2014\/09\/trends.jpg","type":"image\/jpeg"}],"author":"Micha\u0142 Wieczorek","twitter_card":"summary_large_image","twitter_creator":"@http:\/\/twitter.com\/eveningo","twitter_site":"@Sotrender","twitter_misc":{"Written by":"Micha\u0142 Wieczorek","Est. reading time":"4 minutes"},"schema":{"@context":"https:\/\/schema.org","@graph":[{"@type":"WebPage","@id":"https:\/\/www.sotrender.com\/blog\/pl\/2015\/02\/fanpage-trends-styczen-2015\/","url":"https:\/\/www.sotrender.com\/blog\/pl\/2015\/02\/fanpage-trends-styczen-2015\/","name":"Fanpage Trends Stycze\u0144 2015 - KORWiN na podb\u00f3j Facebooka \u2013 Sotrender Blog \u2013 Analyze, Benchmark & Report Your Social Media Performance","isPartOf":{"@id":"https:\/\/www.sotrender.com\/blog\/#website"},"primaryImageOfPage":{"@id":"https:\/\/www.sotrender.com\/blog\/pl\/2015\/02\/fanpage-trends-styczen-2015\/#primaryimage"},"image":{"@id":"https:\/\/www.sotrender.com\/blog\/pl\/2015\/02\/fanpage-trends-styczen-2015\/#primaryimage"},"thumbnailUrl":"https:\/\/www.sotrender.com\/blog\/wp-content\/uploads\/2014\/09\/trends.jpg","datePublished":"2015-02-06T11:35:31+00:00","dateModified":"2017-02-15T09:29:40+00:00","author":{"@id":"https:\/\/www.sotrender.com\/blog\/#\/schema\/person\/48ed6f8ff39863778de8dd32f58467f5"},"description":"Grudzie\u0144 ub. roku by\u0142 miesi\u0105cem lekkiego przestoju na Facebooku. Dla odmiany w styczniu wypocz\u0119ci u\u017cytkownicy Facebooka wykazywali si\u0119 wi\u0119ksz\u0105 energi\u0105, co Social Media Marketing & Analytics Blog.","breadcrumb":{"@id":"https:\/\/www.sotrender.com\/blog\/pl\/2015\/02\/fanpage-trends-styczen-2015\/#breadcrumb"},"inLanguage":"pl-PL","potentialAction":[{"@type":"ReadAction","target":["https:\/\/www.sotrender.com\/blog\/pl\/2015\/02\/fanpage-trends-styczen-2015\/"]}]},{"@type":"ImageObject","inLanguage":"pl-PL","@id":"https:\/\/www.sotrender.com\/blog\/pl\/2015\/02\/fanpage-trends-styczen-2015\/#primaryimage","url":"https:\/\/www.sotrender.com\/blog\/wp-content\/uploads\/2014\/09\/trends.jpg","contentUrl":"https:\/\/www.sotrender.com\/blog\/wp-content\/uploads\/2014\/09\/trends.jpg","width":1600,"height":700},{"@type":"BreadcrumbList","@id":"https:\/\/www.sotrender.com\/blog\/pl\/2015\/02\/fanpage-trends-styczen-2015\/#breadcrumb","itemListElement":[{"@type":"ListItem","position":1,"name":"Home","item":"https:\/\/www.sotrender.com\/blog\/"},{"@type":"ListItem","position":2,"name":"Fanpage Trends Stycze\u0144 2015 &#8211; KORWiN na podb\u00f3j Facebooka"}]},{"@type":"WebSite","@id":"https:\/\/www.sotrender.com\/blog\/#website","url":"https:\/\/www.sotrender.com\/blog\/","name":"Sotrender Blog","description":"","potentialAction":[{"@type":"SearchAction","target":{"@type":"EntryPoint","urlTemplate":"https:\/\/www.sotrender.com\/blog\/?s={search_term_string}"},"query-input":"required name=search_term_string"}],"inLanguage":"pl-PL"},{"@type":"Person","@id":"https:\/\/www.sotrender.com\/blog\/#\/schema\/person\/48ed6f8ff39863778de8dd32f58467f5","name":"Micha\u0142 Wieczorek","image":{"@type":"ImageObject","inLanguage":"pl-PL","@id":"https:\/\/www.sotrender.com\/blog\/#\/schema\/person\/image\/","url":"https:\/\/secure.gravatar.com\/avatar\/65ceb2020aa2338488b9c5f33c10137f?s=96&d=mm&r=g","contentUrl":"https:\/\/secure.gravatar.com\/avatar\/65ceb2020aa2338488b9c5f33c10137f?s=96&d=mm&r=g","caption":"Micha\u0142 Wieczorek"},"description":"Baltic linguist, marketer, and music journalist in his free time. A big fan of good food and even better music.","sameAs":["https:\/\/www.linkedin.com\/in\/michaldwieczorek","https:\/\/twitter.com\/http:\/\/twitter.com\/eveningo"],"url":"https:\/\/www.sotrender.com\/blog\/pl\/author\/micha_wieczorek\/"}]}},"_links":{"self":[{"href":"https:\/\/www.sotrender.com\/blog\/pl\/wp-json\/wp\/v2\/posts\/16763"}],"collection":[{"href":"https:\/\/www.sotrender.com\/blog\/pl\/wp-json\/wp\/v2\/posts"}],"about":[{"href":"https:\/\/www.sotrender.com\/blog\/pl\/wp-json\/wp\/v2\/types\/post"}],"author":[{"embeddable":true,"href":"https:\/\/www.sotrender.com\/blog\/pl\/wp-json\/wp\/v2\/users\/49"}],"replies":[{"embeddable":true,"href":"https:\/\/www.sotrender.com\/blog\/pl\/wp-json\/wp\/v2\/comments?post=16763"}],"version-history":[{"count":10,"href":"https:\/\/www.sotrender.com\/blog\/pl\/wp-json\/wp\/v2\/posts\/16763\/revisions"}],"predecessor-version":[{"id":25385,"href":"https:\/\/www.sotrender.com\/blog\/pl\/wp-json\/wp\/v2\/posts\/16763\/revisions\/25385"}],"wp:featuredmedia":[{"embeddable":true,"href":"https:\/\/www.sotrender.com\/blog\/pl\/wp-json\/wp\/v2\/media\/14935"}],"wp:attachment":[{"href":"https:\/\/www.sotrender.com\/blog\/pl\/wp-json\/wp\/v2\/media?parent=16763"}],"wp:term":[{"taxonomy":"category","embeddable":true,"href":"https:\/\/www.sotrender.com\/blog\/pl\/wp-json\/wp\/v2\/categories?post=16763"},{"taxonomy":"post_tag","embeddable":true,"href":"https:\/\/www.sotrender.com\/blog\/pl\/wp-json\/wp\/v2\/tags?post=16763"}],"curies":[{"name":"wp","href":"https:\/\/api.w.org\/{rel}","templated":true}]}}