{"id":1669,"date":"2012-08-09T08:40:34","date_gmt":"2012-08-09T07:40:34","guid":{"rendered":"http:\/\/blog.sotrender.com\/?p=1669"},"modified":"2015-12-28T11:38:59","modified_gmt":"2015-12-28T10:38:59","slug":"marketing-polskich-firm-na-facebooku-raport-fanpage-trends-lipiec-2012-by-sotrender","status":"publish","type":"post","link":"https:\/\/www.sotrender.com\/blog\/pl\/2012\/08\/marketing-polskich-firm-na-facebooku-raport-fanpage-trends-lipiec-2012-by-sotrender\/","title":{"rendered":"Marketing polskich firm na Facebooku &#8211; raport Fanpage Trends lipiec 2012 by Sotrender"},"content":{"rendered":"<p>Sotrender prezentuje\u00a0<a title=\"Najnowszy raport Fanpage Trends \" href=\"http:\/\/www.sotrender.com\/pl\/fanpage-trends\/201207\">najnowszy raport z cyklu Fanpage Trends<\/a>,  podsumowuj\u0105cy <strong>marketing na Facebooku<\/strong> w 31 kategoriach produktowych. Po raz drugi wzbogacili\u015bmy go o 21\u00a0komentarzy ekspert\u00f3w do poszczeg\u00f3lnych kategorii produktowych.<\/p>\n<p>Cho\u0107 \u0142adna pogoda i wakacje` nie sprzyjaj\u0105 siedzeniu przy komputerze,  <strong>Facebook<\/strong> zdobywa coraz silniejsz\u0105 pozycj\u0119 w\u015br\u00f3d serwis\u00f3w spo\u0142eczno\u015bciowych. Obecnie ma 8, 8 mln zarejestrowanych u\u017cytkownik\u00f3w z Polski,  a wg najnowszych wynik\u00f3w badania Megapanel PBI\/Gemius w czerwcu 2012 r. na jego strony wchodzi prawie 14 mln polskich internaut\u00f3w (real users),  czyli 70% u\u017cytkownik\u00f3w sieci. Oznacza to,  \u017ce Facebook.com przegoni\u0142 w tej klasyfikacji Youtube.com i zajmuje drugie miejsce w rankingu domen,  po Google.pl. Co wi\u0119cej,  Facebook pozostaje g\u0142\u00f3wn\u0105 przestrzeni\u0105 dzia\u0142a\u0144 marketingowych firm w social media.<\/p>\n<p><!--more--><br \/>\nCo ciekawego dzia\u0142o si\u0119 w lipcu? Pomimo wakacyjnej atmosfery pad\u0142 polski rekord liczby \u201elajk\u00f3w\u201d do 1 posta. Na rozrywkowym profilu \u201eNie ogarniam\u201d prowadzonym przez Agencj\u0119 Livebrand pojawi\u0142 si\u0119\u00a0<a href=\"https:\/\/www.facebook.com\/304460261975\/posts\/10150947250516976 \">ten oto post<\/a>\u00a0przedstawiaj\u0105cy par\u0119 staruszk\u00f3w o 85-letnim sta\u017cu ma\u0142\u017ce\u0144stwa. Dzi\u0119ki zdj\u0119ciu i zach\u0119cie \u201eDajmy im milion like-\u00f3w!\u201d polubi\u0142o to ju\u017c ponad 150 tys. os\u00f3b. Co ciekawe,  prawdziwa historia dotyczy czarnosk\u00f3rej pary,  a na potrzeby Polski zdj\u0119cie zosta\u0142o \u201ewybielone\u201d,  czego dowiedzieli\u015bmy si\u0119 z dyskusji na\u00a0<a href=\"https:\/\/www.facebook.com\/Sotrender\/posts\/367238286680753\">naszym profilu Facebookowym<\/a>.<\/p>\n<p>Warto te\u017c zwr\u00f3ci\u0107 uwag\u0119 na banalnie proste sposoby sk\u0142aniania do klikania w \u201eLubi\u0119 to\u201d i komentowania,  zwane te\u017c <em>\u017cebrolajkami<\/em>. Jest to coraz popularniejsza technika,  wykorzystywana nie tylko przez rozrywkowe fanpage\u2019e &#8211; wida\u0107 to w zestawieniu najpopularniejszych post\u00f3w. Coraz cz\u0119\u015bciej pr\u00f3buj\u0105 budowa\u0107 na tym komunikacj\u0119 powa\u017cne profile,  kt\u00f3rym takie dzia\u0142ania nie przystoj\u0105,  a tym bardziej nie przynosz\u0105 prawdziwych korzy\u015bci dla marki. Wi\u0119cej o rekordowych postach i \u017cebrolajkach pisali\u015bmy niedawno\u00a0<a href=\"https:\/\/www.sotrender.com\/blog\/pl\/2012\/08\/nowy-rekord-lajkow-na-polskim-facebooku-czyli-jak-skorzystac-z-edge-ranka\/\">na blogu Sotrendera<\/a>\u00a0. W t\u0119 poetyk\u0119 \u015bwietnie wpisa\u0142 si\u0119 niewielki fanpage Zobacz to,  kt\u00f3ry zaanga\u017cowa\u0142 39 razy wi\u0119cej u\u017cytkownik\u00f3w ni\u017c ma fan\u00f3w i zaj\u0105\u0142 3 miejsce w og\u00f3lnopolskim rankingu liczby zaanga\u017cowanych fan\u00f3w. Taki wynik i nag\u0142e wielkie zainteresowanie strona zawdzi\u0119cza przede wszystkim\u00a0<a href=\"https:\/\/www.facebook.com\/298810220187058\/posts\/365279600206786\">postowi<\/a>\u00a0odwo\u0142uj\u0105cemu si\u0119 do znanych i lubianych bohater\u00f3w popkultury.\u00a0Pr\u00f3bowa\u0142o tak\u017ce Allegro,  kt\u00f3re podj\u0119\u0142o pr\u00f3b\u0119 pobicia rekordu Guinessa w komentarzach do posta. Zabrak\u0142o sporo \u2013 z potrzebnych 377 tysi\u0119cy komentarzy uda\u0142o si\u0119 zebra\u0107 nieca\u0142e 74 tys. W tej sytuacji,  podobnie jak wielu polskim olimpijczykom,  mo\u017cemy pogratulowa\u0107 odwagi,  ale nie wyniku \ud83d\ude09<\/p>\n<p style=\"text-align: center;\"><a href=\"https:\/\/www.sotrender.com\/blog\/wp-content\/uploads\/2012\/08\/pl_top_posts_gender.png\"><img loading=\"lazy\" decoding=\"async\" class=\"aligncenter  wp-image-1685\" title=\"Top posts July 2012\" src=\"https:\/\/www.sotrender.com\/blog\/wp-content\/uploads\/2012\/08\/pl_top_posts_gender.png\" alt=\"\" width=\"405\" height=\"600\" srcset=\"https:\/\/www.sotrender.com\/blog\/wp-content\/uploads\/2012\/08\/pl_top_posts_gender.png 675w, https:\/\/www.sotrender.com\/blog\/wp-content\/uploads\/2012\/08\/pl_top_posts_gender-475x704.png 475w, https:\/\/www.sotrender.com\/blog\/wp-content\/uploads\/2012\/08\/pl_top_posts_gender-600x889.png 600w\" sizes=\"(max-width: 405px) 100vw, 405px\" \/><\/a><\/p>\n<p style=\"text-align: center;\"><em>(kliknij,  \u017ceby powi\u0119kszy\u0107)<\/em><\/p>\n<p>Letnia senno\u015b\u0107 dotkn\u0119\u0142a nieco profile firm i marek. W czo\u0142\u00f3wce bez zmian. Demotywatory,  Serce i Rozum,  Kwejk i Play pozostaj\u0105 jedynymi profilami maj\u0105cymi ponad milion fan\u00f3w. W rankingu najwi\u0119kszych profili firmowych nie zaobserwowali\u015bmy tak du\u017cych,  &#8211; kilkunastoprocentowych &#8211; wzrost\u00f3w jak w poprzednich miesi\u0105cach. Na tym tle przyrostem liczby fan\u00f3w wyr\u00f3\u017cnili si\u0119 Orange Polska (7% i a\u017c 57 tys. nowych fan\u00f3w) i Plus (5%,  37 tys.),  a tak\u017ce Radio ESKA (5%,  33, 6 tys. nowych fan\u00f3w).<\/p>\n<p>W\u00a0<a href=\"http:\/\/www.sotrender.com\/pl\/fanpage-trends\/201206\">czerwcowym raporcie Fanpage Trends<\/a>\u00a0przy okazji osi\u0105gni\u0119cia przez profil Kwejka liczby miliona fan\u00f3w przypominali\u015bmy,  \u017ce jest on <strong>najbardziej interaktywn\u0105 i anga\u017cuj\u0105c\u0105 stron\u0105 polskiego Facebooka<\/strong>. Chocia\u017c Kwejk nie spocz\u0105\u0142 na laurach,  to pierwszy raz w tym roku spad\u0142 na drugie miejsca ranking\u00f3w interaktywno\u015bci i zaanga\u017cowania,  ust\u0119puj\u0105c palmy pierwsze\u0144stwa<strong> Demotywatorom<\/strong>. Ten ostatni profil awansowa\u0142 tak\u017ce na drugie miejsce w rankingu Ludzi,  kt\u00f3rzy o tym m\u00f3wi\u0105 (wska\u017anik Facebooka \u2013 wi\u0119cej\u00a0<a href=\"https:\/\/www.sotrender.com\/blog\/pl\/2012\/01\/o-czym-mowi-facebook-czyli-talking-about-zanalizowany\/\">na naszym blogu<\/a>),  po wielkim spadku w zesz\u0142ym miesi\u0105cu. Znaczniej ni\u017cej spad\u0142 natomiast z drugiego miejsca profil <strong>Serce i Rozum<\/strong>.<br \/>\nTo tylko wycinek najwa\u017cniejszych informacji,  znacznie wi\u0119cej informacji i przede wszystkim komentarze ekspert\u00f3w znajdziecie w pe\u0142nym\u00a0<a href=\"http:\/\/www.sotrender.com\/pl\/fanpage-trends\/201207\">raporcie podsumowuj\u0105cym marketing polskich firm na Facebooku<\/a>.<\/p>\n","protected":false},"excerpt":{"rendered":"<p>Sotrender prezentuje\u00a0najnowszy raport z cyklu Fanpage Trends, podsumowuj\u0105cy marketing na Facebooku w 31 kategoriach produktowych. Po raz drugi wzbogacili\u015bmy go o 21\u00a0komentarzy ekspert\u00f3w do poszczeg\u00f3lnych kategorii produktowych. Cho\u0107 \u0142adna pogoda i wakacje` nie sprzyjaj\u0105 siedzeniu przy komputerze, Facebook zdobywa coraz silniejsz\u0105 pozycj\u0119 w\u015br\u00f3d serwis\u00f3w spo\u0142eczno\u015bciowych. Obecnie ma 8, 8 mln zarejestrowanych u\u017cytkownik\u00f3w z Polski, a [&hellip;]<\/p>\n","protected":false},"author":2,"featured_media":18901,"comment_status":"open","ping_status":"open","sticky":false,"template":"","format":"standard","meta":{"inline_featured_image":false,"footnotes":""},"categories":[1791,1797],"tags":[25,31,7,17],"yoast_head":"<!-- This site is optimized with the Yoast SEO plugin v22.4 - https:\/\/yoast.com\/wordpress\/plugins\/seo\/ -->\n<title>Sotrender raport - marketing polskich firm na Facebooku (lipiec 2012)<\/title>\n<meta name=\"description\" content=\"Fanpage Trends by Sotrender - raport podsumowuj\u0105cy marketing polskich firm na Facebooku; 31 bran\u017c, 21 komentarzy ekspert\u00f3w, 200 stron analiz\" \/>\n<meta name=\"robots\" content=\"index, follow, max-snippet:-1, max-image-preview:large, max-video-preview:-1\" \/>\n<link rel=\"canonical\" href=\"https:\/\/www.sotrender.com\/blog\/pl\/2012\/08\/marketing-polskich-firm-na-facebooku-raport-fanpage-trends-lipiec-2012-by-sotrender\/\" \/>\n<meta property=\"og:locale\" content=\"pl_PL\" \/>\n<meta property=\"og:type\" content=\"article\" \/>\n<meta property=\"og:title\" content=\"Sotrender raport - marketing polskich firm na Facebooku (lipiec 2012)\" \/>\n<meta property=\"og:description\" content=\"Fanpage Trends by Sotrender - raport podsumowuj\u0105cy marketing polskich firm na Facebooku; 31 bran\u017c, 21 komentarzy ekspert\u00f3w, 200 stron analiz\" \/>\n<meta property=\"og:url\" content=\"https:\/\/www.sotrender.com\/blog\/pl\/2012\/08\/marketing-polskich-firm-na-facebooku-raport-fanpage-trends-lipiec-2012-by-sotrender\/\" \/>\n<meta property=\"og:site_name\" content=\"Sotrender Blog\" \/>\n<meta property=\"article:publisher\" content=\"https:\/\/www.facebook.com\/Sotrender\" \/>\n<meta property=\"article:author\" content=\"https:\/\/www.facebook.com\/jan.zajac.75?fref=ts\" \/>\n<meta property=\"article:published_time\" content=\"2012-08-09T07:40:34+00:00\" \/>\n<meta property=\"article:modified_time\" content=\"2015-12-28T10:38:59+00:00\" \/>\n<meta property=\"og:image\" content=\"https:\/\/www.sotrender.com\/blog\/wp-content\/uploads\/2015\/07\/header_blog_3.jpg\" \/>\n\t<meta property=\"og:image:width\" content=\"1600\" \/>\n\t<meta property=\"og:image:height\" content=\"700\" \/>\n\t<meta property=\"og:image:type\" content=\"image\/jpeg\" \/>\n<meta name=\"author\" content=\"Jan Zaj\u0105c\" \/>\n<meta name=\"twitter:card\" content=\"summary_large_image\" \/>\n<meta name=\"twitter:creator\" content=\"@http:\/\/twitter.com\/janekzajac\" \/>\n<meta name=\"twitter:site\" content=\"@Sotrender\" \/>\n<meta name=\"twitter:label1\" content=\"Written by\" \/>\n\t<meta name=\"twitter:data1\" content=\"Jan Zaj\u0105c\" \/>\n\t<meta name=\"twitter:label2\" content=\"Est. reading time\" \/>\n\t<meta name=\"twitter:data2\" content=\"3 minutes\" \/>\n<script type=\"application\/ld+json\" class=\"yoast-schema-graph\">{\"@context\":\"https:\/\/schema.org\",\"@graph\":[{\"@type\":\"WebPage\",\"@id\":\"https:\/\/www.sotrender.com\/blog\/pl\/2012\/08\/marketing-polskich-firm-na-facebooku-raport-fanpage-trends-lipiec-2012-by-sotrender\/\",\"url\":\"https:\/\/www.sotrender.com\/blog\/pl\/2012\/08\/marketing-polskich-firm-na-facebooku-raport-fanpage-trends-lipiec-2012-by-sotrender\/\",\"name\":\"Sotrender raport - marketing polskich firm na Facebooku (lipiec 2012)\",\"isPartOf\":{\"@id\":\"https:\/\/www.sotrender.com\/blog\/#website\"},\"primaryImageOfPage\":{\"@id\":\"https:\/\/www.sotrender.com\/blog\/pl\/2012\/08\/marketing-polskich-firm-na-facebooku-raport-fanpage-trends-lipiec-2012-by-sotrender\/#primaryimage\"},\"image\":{\"@id\":\"https:\/\/www.sotrender.com\/blog\/pl\/2012\/08\/marketing-polskich-firm-na-facebooku-raport-fanpage-trends-lipiec-2012-by-sotrender\/#primaryimage\"},\"thumbnailUrl\":\"https:\/\/www.sotrender.com\/blog\/wp-content\/uploads\/2015\/07\/header_blog_3.jpg\",\"datePublished\":\"2012-08-09T07:40:34+00:00\",\"dateModified\":\"2015-12-28T10:38:59+00:00\",\"author\":{\"@id\":\"https:\/\/www.sotrender.com\/blog\/#\/schema\/person\/15d4db3ba9c4e61b1cb96099300e7c51\"},\"description\":\"Fanpage Trends by Sotrender - raport podsumowuj\u0105cy marketing polskich firm na Facebooku; 31 bran\u017c, 21 komentarzy ekspert\u00f3w, 200 stron analiz\",\"breadcrumb\":{\"@id\":\"https:\/\/www.sotrender.com\/blog\/pl\/2012\/08\/marketing-polskich-firm-na-facebooku-raport-fanpage-trends-lipiec-2012-by-sotrender\/#breadcrumb\"},\"inLanguage\":\"pl-PL\",\"potentialAction\":[{\"@type\":\"ReadAction\",\"target\":[\"https:\/\/www.sotrender.com\/blog\/pl\/2012\/08\/marketing-polskich-firm-na-facebooku-raport-fanpage-trends-lipiec-2012-by-sotrender\/\"]}]},{\"@type\":\"ImageObject\",\"inLanguage\":\"pl-PL\",\"@id\":\"https:\/\/www.sotrender.com\/blog\/pl\/2012\/08\/marketing-polskich-firm-na-facebooku-raport-fanpage-trends-lipiec-2012-by-sotrender\/#primaryimage\",\"url\":\"https:\/\/www.sotrender.com\/blog\/wp-content\/uploads\/2015\/07\/header_blog_3.jpg\",\"contentUrl\":\"https:\/\/www.sotrender.com\/blog\/wp-content\/uploads\/2015\/07\/header_blog_3.jpg\",\"width\":1600,\"height\":700},{\"@type\":\"BreadcrumbList\",\"@id\":\"https:\/\/www.sotrender.com\/blog\/pl\/2012\/08\/marketing-polskich-firm-na-facebooku-raport-fanpage-trends-lipiec-2012-by-sotrender\/#breadcrumb\",\"itemListElement\":[{\"@type\":\"ListItem\",\"position\":1,\"name\":\"Home\",\"item\":\"https:\/\/www.sotrender.com\/blog\/\"},{\"@type\":\"ListItem\",\"position\":2,\"name\":\"Marketing polskich firm na Facebooku &#8211; raport Fanpage Trends lipiec 2012 by Sotrender\"}]},{\"@type\":\"WebSite\",\"@id\":\"https:\/\/www.sotrender.com\/blog\/#website\",\"url\":\"https:\/\/www.sotrender.com\/blog\/\",\"name\":\"Sotrender Blog\",\"description\":\"\",\"potentialAction\":[{\"@type\":\"SearchAction\",\"target\":{\"@type\":\"EntryPoint\",\"urlTemplate\":\"https:\/\/www.sotrender.com\/blog\/?s={search_term_string}\"},\"query-input\":\"required name=search_term_string\"}],\"inLanguage\":\"pl-PL\"},{\"@type\":\"Person\",\"@id\":\"https:\/\/www.sotrender.com\/blog\/#\/schema\/person\/15d4db3ba9c4e61b1cb96099300e7c51\",\"name\":\"Jan Zaj\u0105c\",\"image\":{\"@type\":\"ImageObject\",\"inLanguage\":\"pl-PL\",\"@id\":\"https:\/\/www.sotrender.com\/blog\/#\/schema\/person\/image\/\",\"url\":\"https:\/\/secure.gravatar.com\/avatar\/330c70ea205c5402148d7c7d8927d81d?s=96&d=mm&r=g\",\"contentUrl\":\"https:\/\/secure.gravatar.com\/avatar\/330c70ea205c5402148d7c7d8927d81d?s=96&d=mm&r=g\",\"caption\":\"Jan Zaj\u0105c\"},\"description\":\"Psychologist &amp; economist, experienced consultant &amp; researcher, who speaks 6 languages and has cycled around 17 countries.\",\"sameAs\":[\"https:\/\/www.facebook.com\/jan.zajac.75?fref=ts\",\"https:\/\/www.linkedin.com\/in\/janekzajac\",\"https:\/\/twitter.com\/http:\/\/twitter.com\/janekzajac\"],\"url\":\"https:\/\/www.sotrender.com\/blog\/pl\/author\/jan_zajc\/\"}]}<\/script>\n<!-- \/ Yoast SEO plugin. -->","yoast_head_json":{"title":"Sotrender raport - marketing polskich firm na Facebooku (lipiec 2012)","description":"Fanpage Trends by Sotrender - raport podsumowuj\u0105cy marketing polskich firm na Facebooku; 31 bran\u017c, 21 komentarzy ekspert\u00f3w, 200 stron analiz","robots":{"index":"index","follow":"follow","max-snippet":"max-snippet:-1","max-image-preview":"max-image-preview:large","max-video-preview":"max-video-preview:-1"},"canonical":"https:\/\/www.sotrender.com\/blog\/pl\/2012\/08\/marketing-polskich-firm-na-facebooku-raport-fanpage-trends-lipiec-2012-by-sotrender\/","og_locale":"pl_PL","og_type":"article","og_title":"Sotrender raport - marketing polskich firm na Facebooku (lipiec 2012)","og_description":"Fanpage Trends by Sotrender - raport podsumowuj\u0105cy marketing polskich firm na Facebooku; 31 bran\u017c, 21 komentarzy ekspert\u00f3w, 200 stron analiz","og_url":"https:\/\/www.sotrender.com\/blog\/pl\/2012\/08\/marketing-polskich-firm-na-facebooku-raport-fanpage-trends-lipiec-2012-by-sotrender\/","og_site_name":"Sotrender Blog","article_publisher":"https:\/\/www.facebook.com\/Sotrender","article_author":"https:\/\/www.facebook.com\/jan.zajac.75?fref=ts","article_published_time":"2012-08-09T07:40:34+00:00","article_modified_time":"2015-12-28T10:38:59+00:00","og_image":[{"width":1600,"height":700,"url":"https:\/\/www.sotrender.com\/blog\/wp-content\/uploads\/2015\/07\/header_blog_3.jpg","type":"image\/jpeg"}],"author":"Jan Zaj\u0105c","twitter_card":"summary_large_image","twitter_creator":"@http:\/\/twitter.com\/janekzajac","twitter_site":"@Sotrender","twitter_misc":{"Written by":"Jan Zaj\u0105c","Est. reading time":"3 minutes"},"schema":{"@context":"https:\/\/schema.org","@graph":[{"@type":"WebPage","@id":"https:\/\/www.sotrender.com\/blog\/pl\/2012\/08\/marketing-polskich-firm-na-facebooku-raport-fanpage-trends-lipiec-2012-by-sotrender\/","url":"https:\/\/www.sotrender.com\/blog\/pl\/2012\/08\/marketing-polskich-firm-na-facebooku-raport-fanpage-trends-lipiec-2012-by-sotrender\/","name":"Sotrender raport - marketing polskich firm na Facebooku (lipiec 2012)","isPartOf":{"@id":"https:\/\/www.sotrender.com\/blog\/#website"},"primaryImageOfPage":{"@id":"https:\/\/www.sotrender.com\/blog\/pl\/2012\/08\/marketing-polskich-firm-na-facebooku-raport-fanpage-trends-lipiec-2012-by-sotrender\/#primaryimage"},"image":{"@id":"https:\/\/www.sotrender.com\/blog\/pl\/2012\/08\/marketing-polskich-firm-na-facebooku-raport-fanpage-trends-lipiec-2012-by-sotrender\/#primaryimage"},"thumbnailUrl":"https:\/\/www.sotrender.com\/blog\/wp-content\/uploads\/2015\/07\/header_blog_3.jpg","datePublished":"2012-08-09T07:40:34+00:00","dateModified":"2015-12-28T10:38:59+00:00","author":{"@id":"https:\/\/www.sotrender.com\/blog\/#\/schema\/person\/15d4db3ba9c4e61b1cb96099300e7c51"},"description":"Fanpage Trends by Sotrender - raport podsumowuj\u0105cy marketing polskich firm na Facebooku; 31 bran\u017c, 21 komentarzy ekspert\u00f3w, 200 stron analiz","breadcrumb":{"@id":"https:\/\/www.sotrender.com\/blog\/pl\/2012\/08\/marketing-polskich-firm-na-facebooku-raport-fanpage-trends-lipiec-2012-by-sotrender\/#breadcrumb"},"inLanguage":"pl-PL","potentialAction":[{"@type":"ReadAction","target":["https:\/\/www.sotrender.com\/blog\/pl\/2012\/08\/marketing-polskich-firm-na-facebooku-raport-fanpage-trends-lipiec-2012-by-sotrender\/"]}]},{"@type":"ImageObject","inLanguage":"pl-PL","@id":"https:\/\/www.sotrender.com\/blog\/pl\/2012\/08\/marketing-polskich-firm-na-facebooku-raport-fanpage-trends-lipiec-2012-by-sotrender\/#primaryimage","url":"https:\/\/www.sotrender.com\/blog\/wp-content\/uploads\/2015\/07\/header_blog_3.jpg","contentUrl":"https:\/\/www.sotrender.com\/blog\/wp-content\/uploads\/2015\/07\/header_blog_3.jpg","width":1600,"height":700},{"@type":"BreadcrumbList","@id":"https:\/\/www.sotrender.com\/blog\/pl\/2012\/08\/marketing-polskich-firm-na-facebooku-raport-fanpage-trends-lipiec-2012-by-sotrender\/#breadcrumb","itemListElement":[{"@type":"ListItem","position":1,"name":"Home","item":"https:\/\/www.sotrender.com\/blog\/"},{"@type":"ListItem","position":2,"name":"Marketing polskich firm na Facebooku &#8211; raport Fanpage Trends lipiec 2012 by Sotrender"}]},{"@type":"WebSite","@id":"https:\/\/www.sotrender.com\/blog\/#website","url":"https:\/\/www.sotrender.com\/blog\/","name":"Sotrender Blog","description":"","potentialAction":[{"@type":"SearchAction","target":{"@type":"EntryPoint","urlTemplate":"https:\/\/www.sotrender.com\/blog\/?s={search_term_string}"},"query-input":"required name=search_term_string"}],"inLanguage":"pl-PL"},{"@type":"Person","@id":"https:\/\/www.sotrender.com\/blog\/#\/schema\/person\/15d4db3ba9c4e61b1cb96099300e7c51","name":"Jan Zaj\u0105c","image":{"@type":"ImageObject","inLanguage":"pl-PL","@id":"https:\/\/www.sotrender.com\/blog\/#\/schema\/person\/image\/","url":"https:\/\/secure.gravatar.com\/avatar\/330c70ea205c5402148d7c7d8927d81d?s=96&d=mm&r=g","contentUrl":"https:\/\/secure.gravatar.com\/avatar\/330c70ea205c5402148d7c7d8927d81d?s=96&d=mm&r=g","caption":"Jan Zaj\u0105c"},"description":"Psychologist &amp; economist, experienced consultant &amp; researcher, who speaks 6 languages and has cycled around 17 countries.","sameAs":["https:\/\/www.facebook.com\/jan.zajac.75?fref=ts","https:\/\/www.linkedin.com\/in\/janekzajac","https:\/\/twitter.com\/http:\/\/twitter.com\/janekzajac"],"url":"https:\/\/www.sotrender.com\/blog\/pl\/author\/jan_zajc\/"}]}},"_links":{"self":[{"href":"https:\/\/www.sotrender.com\/blog\/pl\/wp-json\/wp\/v2\/posts\/1669"}],"collection":[{"href":"https:\/\/www.sotrender.com\/blog\/pl\/wp-json\/wp\/v2\/posts"}],"about":[{"href":"https:\/\/www.sotrender.com\/blog\/pl\/wp-json\/wp\/v2\/types\/post"}],"author":[{"embeddable":true,"href":"https:\/\/www.sotrender.com\/blog\/pl\/wp-json\/wp\/v2\/users\/2"}],"replies":[{"embeddable":true,"href":"https:\/\/www.sotrender.com\/blog\/pl\/wp-json\/wp\/v2\/comments?post=1669"}],"version-history":[{"count":17,"href":"https:\/\/www.sotrender.com\/blog\/pl\/wp-json\/wp\/v2\/posts\/1669\/revisions"}],"predecessor-version":[{"id":2995,"href":"https:\/\/www.sotrender.com\/blog\/pl\/wp-json\/wp\/v2\/posts\/1669\/revisions\/2995"}],"wp:featuredmedia":[{"embeddable":true,"href":"https:\/\/www.sotrender.com\/blog\/pl\/wp-json\/wp\/v2\/media\/18901"}],"wp:attachment":[{"href":"https:\/\/www.sotrender.com\/blog\/pl\/wp-json\/wp\/v2\/media?parent=1669"}],"wp:term":[{"taxonomy":"category","embeddable":true,"href":"https:\/\/www.sotrender.com\/blog\/pl\/wp-json\/wp\/v2\/categories?post=1669"},{"taxonomy":"post_tag","embeddable":true,"href":"https:\/\/www.sotrender.com\/blog\/pl\/wp-json\/wp\/v2\/tags?post=1669"}],"curies":[{"name":"wp","href":"https:\/\/api.w.org\/{rel}","templated":true}]}}