{"id":16589,"date":"2015-02-02T08:54:57","date_gmt":"2015-02-02T07:54:57","guid":{"rendered":"http:\/\/blog.sotrender.com\/?p=16589"},"modified":"2015-12-01T21:39:14","modified_gmt":"2015-12-01T20:39:14","slug":"facebook-polska-2014","status":"publish","type":"post","link":"https:\/\/www.sotrender.com\/blog\/pl\/2015\/02\/facebook-polska-2014\/","title":{"rendered":"Facebook w Polsce &#8211; podsumowanie 2014 r. &#8211; infografika"},"content":{"rendered":"<p style=\"text-align: justify;\">Kiedy przed 12 miesi\u0105cami wydawali\u015bmy <a title=\"Dowiedz si\u0119 wi\u0119cej\" href=\"https:\/\/www.sotrender.com\/blog\/pl\/2014\/01\/podsumowanie-2013\/\" target=\"_blank\">ca\u0142oroczne wydanie raportu Fanpage Trends<\/a>,  w kt\u00f3rym podsumowali\u015bmy najwa\u017cniejsze wydarzenia na Facebooku w 2013 r.,  zwracali\u015bmy uwag\u0119 na fakt,  \u017ce jego popularno\u015b\u0107 nadal wzrasta,  cho\u0107 zdecydowanie wolniej. Trend ten utrzyma\u0142 si\u0119 r\u00f3wnie\u017c w roku 2014. \u0141\u0105czna liczba u\u017cytkownik\u00f3w Facebooka na koniec ub. roku wynosi\u0142a bowiem 12, 4 mln,  podczas gdy w roku poprzednim by\u0142o to 11, 6 mln. Facebook zyska\u0142 wi\u0119c oko\u0142o 800 tys. nowych u\u017cytkownik\u00f3w,  podczas gdy w roku 2013 r. wzrost ten by\u0142 dwukrotnie wi\u0119kszy. Nadal nie ma jednak mowy o spadku znaczenia komunikacji za po\u015brednictwem serwisu z Menlo Park. Dlatego te\u017c <a title=\"Przejd\u017a na stron\u0119 Sotrendera\" href=\"http:\/\/www.sotrender.pl\/\" target=\"_blank\">Sotrender<\/a>\u00a0kontynuuje tradycj\u0119 wydawania co miesi\u0105c <a title=\"Przejd\u017a na stron\u0119 Fanpage Trends\" href=\"http:\/\/www.sotrender.pl\/trends\/facebook\/?hp\" target=\"_blank\">dedykowanych Facebookowi raport\u00f3w Fanpage Trends<\/a>. Wiele uwagi,  a w efekcie analiz,  po\u015bwi\u0119camy r\u00f3wnie\u017c r\u00f3\u017cnym\u00a0zjawiskom nierozerwalnie z nim zwi\u0105zanych,  takim jak chocia\u017cby zmiany w Edge Ranku,  spadki zasi\u0119gu czy wp\u0142yw u\u017cywania hashtag\u00f3w oraz poszczeg\u00f3lnych typ\u00f3w post\u00f3w na zaanga\u017cowanie. Te naszym zdaniem najwa\u017cniejsze,  a zarazem ciesz\u0105ce si\u0119 najwi\u0119ksz\u0105 popularno\u015bci\u0105 analizy podsumowali\u015bmy we wpisie: <a title=\"Przeczytaj wpis\" href=\"https:\/\/www.sotrender.com\/blog\/pl\/2015\/01\/facebook-2014-blog\/\" target=\"_blank\">&#8220;Zasi\u0119g,  zaanga\u017cowanie,  hashtagi \u2013 czego dowiedzieli\u015bmy si\u0119 o Facebooku w 2014 r.?&#8221;<\/a> Tymczasem <strong>zapraszamy do obejrzenia infografiki <\/strong>przygotowanej\u00a0wsp\u00f3lnie z <a title=\"Przejd\u017a na stron\u0119\" href=\"http:\/\/panwizualny.pl\/\" target=\"_blank\">PanWizualny.pl<\/a>, \u00a0na kt\u00f3rej podsumowali\u015bmy najwa\u017cniejsze fakty zwi\u0105zane z komunikacj\u0105 na Facebooku w minionym roku.<\/p>\n<p style=\"text-align: justify;\"><!--more--><\/p>\n<h2 style=\"text-align: justify;\">Facebook 2013 vs. Facebook 2014<\/h2>\n<p style=\"text-align: justify;\">Jak wygl\u0105da\u0142 Facebookowy krajobraz pod koniec 2014 r.? Przede wszystkim sta\u0142 si\u0119 mniej homogeniczny ni\u017c w roku 2013 r. Nie da si\u0119 nie zauwa\u017cy\u0107,  \u017ce ostatnie 12 miesi\u0119cy przynios\u0142o odp\u0142yw z Facebooka m\u0142odzie\u017cy z grupy 13-18 lat i jednoczesny znacz\u0105cy wzrost liczby u\u017cytkownik\u00f3w,  kt\u00f3ry przekroczyli 50. rok \u017cycia oraz tych tych z grupy wiekowej 41-50 lat. Jednocze\u015bnie,  jak pokazuje zestawienie najpopularniejszych post\u00f3w 2014 r. &#8211; na Facebooku nadal kr\u00f3luj\u0105 kotki i pieski (dwa najlepsze posty zosta\u0142y opublikowane przez organizacje pozarz\u0105dowe),  a nad tematami trudnymi i wywo\u0142uj\u0105cymi emocje nadal zdecydowan\u0105 przewag\u0119 maj\u0105\u00a0tematy lekkie,  mi\u0142e i przyjemne,  takie jak dzie\u0144 poca\u0142unku,  przera\u017caj\u0105cy paj\u0105kpies i kr\u00f3lik Bugs twierdz\u0105cy,  \u017ce nie warto si\u0119 za bardzo wszystkim przejmowa\u0107. Zarazem wielcy reklamodawcy (czy du\u017ce firmy) coraz cz\u0119\u015bciej rezygnuj\u0105 z komunikat\u00f3w rozrywkowych i prowadz\u0105 komunikacj\u0119 bardziej zbli\u017con\u0105 do produktu,  najcze\u015bciej wspieran\u0105 przez du\u017ce wydatki na promowanie post\u00f3w i,  coraz cz\u0119\u015bciej,  tak\u017ce wideo.\u00a0Z kolei najpopularniejsze hashtagi roku,  kt\u00f3re r\u00f3wnie\u017c uwzgl\u0119dnili\u015bmy na infografice,  zdradzaj\u0105 co nieco na temat g\u0142\u00f3wnego celu korzystania przez Polak\u00f3w z Facebooka,  jak r\u00f3wnie\u017c ich gustu muzycznego. \ud83d\ude42<\/p>\n<p style=\"text-align: justify;\">Wyra\u017anie wida\u0107 tak\u017ce wzrost znaczenia medi\u00f3w na Facebooku. Co prawda na koniec 2014 r. profile markowe by\u0142y wi\u0119ksze od stron prowadzonych przez media przeci\u0119tnie o 44%,  podczas gdy na pocz\u0105tku roku r\u00f3\u017cnica ta wynosi\u0142a 34%,  jednak przeci\u0119tny profil z kategorii &#8220;Media&#8221; w ub.r. powi\u0119kszy\u0142 liczb\u0119 swoich fan\u00f3w \u015brednio o 32%,  a profil markowy o 27%. Co wi\u0119cej,  strony medi\u00f3w zdominowa\u0142y roczne zestawienie pod wzgl\u0119dem zaanga\u017cowania. W 2014 r. na stronach z tej kategorii\u00a0anga\u017cowa\u0142o si\u0119 przeci\u0119tnie 2, 7 raza wi\u0119cej u\u017cytkownik\u00f3w ni\u017c na stronach markowych.<\/p>\n<p style=\"text-align: justify;\">Jak mo\u017cna si\u0119 by\u0142o spodziewa\u0107,  strony operator\u00f3w telekomunikacyjnych zosta\u0142y w ub. r. dos\u0142ownie zasypane postami u\u017cytkownik\u00f3w. Rekordzist\u0105 by\u0142 profil Orange,  na kt\u00f3rym u\u017cytkownicy napisali ponad 33, 2 tys. post\u00f3w,  drugi Plus otrzyma\u0142 ich 23 tys. Jak pokazuje infografika,  jednocze\u015bnie telekomy sta\u0142y si\u0119 w ub.r. niedo\u015bcignionym wzorem dla innych stron pod wzgl\u0119dem obs\u0142ugi klienta. W ci\u0105gu ostatnich miesi\u0119cy Plus na posty u\u017cytkownik\u00f3w reagowa\u0142 \u015brednio po 3 min 22 sekundach,  T-Mobile po 4 min i 9 sekundach,  a Heyah po 4 min i 46 sekundach.<\/p>\n<h2 style=\"text-align: center;\"><strong>Zapraszamy do obejrzenia ca\u0142ej infografiki podsumowuj\u0105cej 2014 r. na Facebooku w Polsce!<\/strong><\/h2>\n<div id=\"attachment_16591\" style=\"width: 910px\" class=\"wp-caption aligncenter\"><a href=\"https:\/\/www.sotrender.com\/blog\/wp-content\/uploads\/2015\/02\/sotrender_facebook_final.png\"><img loading=\"lazy\" decoding=\"async\" aria-describedby=\"caption-attachment-16591\" class=\"size-full wp-image-16591\" src=\"https:\/\/www.sotrender.com\/blog\/wp-content\/uploads\/2015\/02\/sotrender_facebook_final.png\" alt=\"Rok 2014 na Facebooku w Polsce - infografika\" width=\"900\" height=\"8473\" srcset=\"https:\/\/www.sotrender.com\/blog\/wp-content\/uploads\/2015\/02\/sotrender_facebook_final.png 900w, https:\/\/www.sotrender.com\/blog\/wp-content\/uploads\/2015\/02\/sotrender_facebook_final-475x4472.png 475w, https:\/\/www.sotrender.com\/blog\/wp-content\/uploads\/2015\/02\/sotrender_facebook_final-768x7230.png 768w, https:\/\/www.sotrender.com\/blog\/wp-content\/uploads\/2015\/02\/sotrender_facebook_final-600x5649.png 600w\" sizes=\"(max-width: 900px) 100vw, 900px\" \/><\/a><p id=\"caption-attachment-16591\" class=\"wp-caption-text\">Rok 2014 na Facebooku w Polsce &#8211; infografika<\/p><\/div>\n<div class=\"shortcode trial\"><h4><span>Analizuj dzia\u0142ania na Facebooku za pomoc\u0105 Sotrendera<\/span><a title=\"Za\u0142\u00f3\u017c konto!\" class=\"btn\" href=\"https:\/\/app.sotrender.com\/auth\/signup\/trial\/pl?utm_source=blog-cta-legacy\">Za\u0142\u00f3\u017c konto!<\/a><\/h4><\/div>\n<h2 style=\"text-align: center;\">Zapraszamy r\u00f3wnie\u017c do obejrzenia infografik podsumowuj\u0105cych rok 2014 na Twitterze oraz YouTube:<\/h2>\n<p style=\"text-align: center;\"><strong><a title=\"Zobacz infografik\u0119\" href=\"https:\/\/www.sotrender.com\/blog\/pl\/2015\/01\/twitter-polska-2014\/\" target=\"_blank\">Twitter w Polsce \u2013 podsumowanie 2014 r. \u2013 infografika<\/a><\/strong><\/p>\n<p style=\"text-align: center;\"><strong><a title=\"Zobacz infografik\u0119\" href=\"https:\/\/www.sotrender.com\/blog\/pl\/2015\/01\/youtube-polska-2014\/\" target=\"_blank\">YouTube w Polsce \u2013 podsumowanie 2014 r. \u2013 infografika<\/a><\/strong><\/p>\n","protected":false},"excerpt":{"rendered":"<p>Kiedy przed 12 miesi\u0105cami wydawali\u015bmy ca\u0142oroczne wydanie raportu Fanpage Trends, w kt\u00f3rym podsumowali\u015bmy najwa\u017cniejsze wydarzenia na Facebooku w 2013 r., zwracali\u015bmy uwag\u0119 na fakt, \u017ce jego popularno\u015b\u0107 nadal wzrasta, cho\u0107 zdecydowanie wolniej. Trend ten utrzyma\u0142 si\u0119 r\u00f3wnie\u017c w roku 2014. \u0141\u0105czna liczba u\u017cytkownik\u00f3w Facebooka na koniec ub. roku wynosi\u0142a bowiem 12, 4 mln, podczas gdy [&hellip;]<\/p>\n","protected":false},"author":31,"featured_media":16047,"comment_status":"open","ping_status":"open","sticky":false,"template":"","format":"standard","meta":{"inline_featured_image":false,"footnotes":""},"categories":[1791,1793,1797],"tags":[781,1473,1475,1477,7,17,31,351,359,503,519,589,631,675,683,779],"yoast_head":"<!-- This site is optimized with the Yoast SEO plugin v22.4 - https:\/\/yoast.com\/wordpress\/plugins\/seo\/ -->\n<title>Facebook w Polsce - podsumowanie 2014 r. - infografika \u2013 Sotrender Blog \u2013 Analyze, Benchmark &amp; Report Your Social Media Performance<\/title>\n<meta name=\"description\" content=\"Kiedy przed 12 miesi\u0105cami wydawali\u015bmy ca\u0142oroczne wydanie raportu Fanpage Trends, w kt\u00f3rym podsumowali\u015bmy najwa\u017cniejsze wydarzenia na Facebooku w 2013 r., Social Media Marketing &amp; Analytics Blog.\" \/>\n<meta name=\"robots\" content=\"index, follow, max-snippet:-1, max-image-preview:large, max-video-preview:-1\" \/>\n<link rel=\"canonical\" href=\"https:\/\/www.sotrender.com\/blog\/pl\/2015\/02\/facebook-polska-2014\/\" \/>\n<meta property=\"og:locale\" content=\"pl_PL\" \/>\n<meta property=\"og:type\" content=\"article\" \/>\n<meta property=\"og:title\" content=\"Facebook w Polsce - podsumowanie 2014 r. - infografika \u2013 Sotrender Blog \u2013 Analyze, Benchmark &amp; Report Your Social Media Performance\" \/>\n<meta property=\"og:description\" content=\"Kiedy przed 12 miesi\u0105cami wydawali\u015bmy ca\u0142oroczne wydanie raportu Fanpage Trends, w kt\u00f3rym podsumowali\u015bmy najwa\u017cniejsze wydarzenia na Facebooku w 2013 r., Social Media Marketing &amp; Analytics Blog.\" \/>\n<meta property=\"og:url\" content=\"https:\/\/www.sotrender.com\/blog\/pl\/2015\/02\/facebook-polska-2014\/\" \/>\n<meta property=\"og:site_name\" content=\"Sotrender Blog\" \/>\n<meta property=\"article:publisher\" content=\"https:\/\/www.facebook.com\/Sotrender\" \/>\n<meta property=\"article:published_time\" content=\"2015-02-02T07:54:57+00:00\" \/>\n<meta property=\"article:modified_time\" content=\"2015-12-01T20:39:14+00:00\" \/>\n<meta property=\"og:image\" content=\"https:\/\/www.sotrender.com\/blog\/wp-content\/uploads\/2014\/12\/unsplash-kitsune-3-950x633.jpg\" \/>\n\t<meta property=\"og:image:width\" content=\"950\" \/>\n\t<meta property=\"og:image:height\" content=\"633\" \/>\n\t<meta property=\"og:image:type\" content=\"image\/jpeg\" \/>\n<meta name=\"author\" content=\"Aleksandra Prejs\" \/>\n<meta name=\"twitter:card\" content=\"summary_large_image\" \/>\n<meta name=\"twitter:creator\" content=\"@Sotrender\" \/>\n<meta name=\"twitter:site\" content=\"@Sotrender\" \/>\n<meta name=\"twitter:label1\" content=\"Written by\" \/>\n\t<meta name=\"twitter:data1\" content=\"Aleksandra Prejs\" \/>\n\t<meta name=\"twitter:label2\" content=\"Est. reading time\" \/>\n\t<meta name=\"twitter:data2\" content=\"4 minutes\" \/>\n<script type=\"application\/ld+json\" class=\"yoast-schema-graph\">{\"@context\":\"https:\/\/schema.org\",\"@graph\":[{\"@type\":\"WebPage\",\"@id\":\"https:\/\/www.sotrender.com\/blog\/pl\/2015\/02\/facebook-polska-2014\/\",\"url\":\"https:\/\/www.sotrender.com\/blog\/pl\/2015\/02\/facebook-polska-2014\/\",\"name\":\"Facebook w Polsce - podsumowanie 2014 r. - infografika \u2013 Sotrender Blog \u2013 Analyze, Benchmark & Report Your Social Media Performance\",\"isPartOf\":{\"@id\":\"https:\/\/www.sotrender.com\/blog\/#website\"},\"primaryImageOfPage\":{\"@id\":\"https:\/\/www.sotrender.com\/blog\/pl\/2015\/02\/facebook-polska-2014\/#primaryimage\"},\"image\":{\"@id\":\"https:\/\/www.sotrender.com\/blog\/pl\/2015\/02\/facebook-polska-2014\/#primaryimage\"},\"thumbnailUrl\":\"https:\/\/www.sotrender.com\/blog\/wp-content\/uploads\/2014\/12\/unsplash-kitsune-3.jpg\",\"datePublished\":\"2015-02-02T07:54:57+00:00\",\"dateModified\":\"2015-12-01T20:39:14+00:00\",\"author\":{\"@id\":\"https:\/\/www.sotrender.com\/blog\/#\/schema\/person\/7106df62825269bc360ad9171cd7149b\"},\"description\":\"Kiedy przed 12 miesi\u0105cami wydawali\u015bmy ca\u0142oroczne wydanie raportu Fanpage Trends, w kt\u00f3rym podsumowali\u015bmy najwa\u017cniejsze wydarzenia na Facebooku w 2013 r., Social Media Marketing & Analytics Blog.\",\"breadcrumb\":{\"@id\":\"https:\/\/www.sotrender.com\/blog\/pl\/2015\/02\/facebook-polska-2014\/#breadcrumb\"},\"inLanguage\":\"pl-PL\",\"potentialAction\":[{\"@type\":\"ReadAction\",\"target\":[\"https:\/\/www.sotrender.com\/blog\/pl\/2015\/02\/facebook-polska-2014\/\"]}]},{\"@type\":\"ImageObject\",\"inLanguage\":\"pl-PL\",\"@id\":\"https:\/\/www.sotrender.com\/blog\/pl\/2015\/02\/facebook-polska-2014\/#primaryimage\",\"url\":\"https:\/\/www.sotrender.com\/blog\/wp-content\/uploads\/2014\/12\/unsplash-kitsune-3.jpg\",\"contentUrl\":\"https:\/\/www.sotrender.com\/blog\/wp-content\/uploads\/2014\/12\/unsplash-kitsune-3.jpg\",\"width\":5184,\"height\":3456},{\"@type\":\"BreadcrumbList\",\"@id\":\"https:\/\/www.sotrender.com\/blog\/pl\/2015\/02\/facebook-polska-2014\/#breadcrumb\",\"itemListElement\":[{\"@type\":\"ListItem\",\"position\":1,\"name\":\"Home\",\"item\":\"https:\/\/www.sotrender.com\/blog\/\"},{\"@type\":\"ListItem\",\"position\":2,\"name\":\"Facebook w Polsce &#8211; podsumowanie 2014 r. &#8211; infografika\"}]},{\"@type\":\"WebSite\",\"@id\":\"https:\/\/www.sotrender.com\/blog\/#website\",\"url\":\"https:\/\/www.sotrender.com\/blog\/\",\"name\":\"Sotrender Blog\",\"description\":\"\",\"potentialAction\":[{\"@type\":\"SearchAction\",\"target\":{\"@type\":\"EntryPoint\",\"urlTemplate\":\"https:\/\/www.sotrender.com\/blog\/?s={search_term_string}\"},\"query-input\":\"required name=search_term_string\"}],\"inLanguage\":\"pl-PL\"},{\"@type\":\"Person\",\"@id\":\"https:\/\/www.sotrender.com\/blog\/#\/schema\/person\/7106df62825269bc360ad9171cd7149b\",\"name\":\"Aleksandra Prejs\",\"image\":{\"@type\":\"ImageObject\",\"inLanguage\":\"pl-PL\",\"@id\":\"https:\/\/www.sotrender.com\/blog\/#\/schema\/person\/image\/\",\"url\":\"https:\/\/secure.gravatar.com\/avatar\/469000454b77ff0aacb32c49dba023be?s=96&d=mm&r=g\",\"contentUrl\":\"https:\/\/secure.gravatar.com\/avatar\/469000454b77ff0aacb32c49dba023be?s=96&d=mm&r=g\",\"caption\":\"Aleksandra Prejs\"},\"url\":\"https:\/\/www.sotrender.com\/blog\/pl\/author\/aleksandra-prejs\/\"}]}<\/script>\n<!-- \/ Yoast SEO plugin. -->","yoast_head_json":{"title":"Facebook w Polsce - podsumowanie 2014 r. - infografika \u2013 Sotrender Blog \u2013 Analyze, Benchmark & Report Your Social Media Performance","description":"Kiedy przed 12 miesi\u0105cami wydawali\u015bmy ca\u0142oroczne wydanie raportu Fanpage Trends, w kt\u00f3rym podsumowali\u015bmy najwa\u017cniejsze wydarzenia na Facebooku w 2013 r., Social Media Marketing & Analytics Blog.","robots":{"index":"index","follow":"follow","max-snippet":"max-snippet:-1","max-image-preview":"max-image-preview:large","max-video-preview":"max-video-preview:-1"},"canonical":"https:\/\/www.sotrender.com\/blog\/pl\/2015\/02\/facebook-polska-2014\/","og_locale":"pl_PL","og_type":"article","og_title":"Facebook w Polsce - podsumowanie 2014 r. - infografika \u2013 Sotrender Blog \u2013 Analyze, Benchmark & Report Your Social Media Performance","og_description":"Kiedy przed 12 miesi\u0105cami wydawali\u015bmy ca\u0142oroczne wydanie raportu Fanpage Trends, w kt\u00f3rym podsumowali\u015bmy najwa\u017cniejsze wydarzenia na Facebooku w 2013 r., Social Media Marketing & Analytics Blog.","og_url":"https:\/\/www.sotrender.com\/blog\/pl\/2015\/02\/facebook-polska-2014\/","og_site_name":"Sotrender Blog","article_publisher":"https:\/\/www.facebook.com\/Sotrender","article_published_time":"2015-02-02T07:54:57+00:00","article_modified_time":"2015-12-01T20:39:14+00:00","og_image":[{"width":950,"height":633,"url":"https:\/\/www.sotrender.com\/blog\/wp-content\/uploads\/2014\/12\/unsplash-kitsune-3-950x633.jpg","type":"image\/jpeg"}],"author":"Aleksandra Prejs","twitter_card":"summary_large_image","twitter_creator":"@Sotrender","twitter_site":"@Sotrender","twitter_misc":{"Written by":"Aleksandra Prejs","Est. reading time":"4 minutes"},"schema":{"@context":"https:\/\/schema.org","@graph":[{"@type":"WebPage","@id":"https:\/\/www.sotrender.com\/blog\/pl\/2015\/02\/facebook-polska-2014\/","url":"https:\/\/www.sotrender.com\/blog\/pl\/2015\/02\/facebook-polska-2014\/","name":"Facebook w Polsce - podsumowanie 2014 r. - infografika \u2013 Sotrender Blog \u2013 Analyze, Benchmark & Report Your Social Media Performance","isPartOf":{"@id":"https:\/\/www.sotrender.com\/blog\/#website"},"primaryImageOfPage":{"@id":"https:\/\/www.sotrender.com\/blog\/pl\/2015\/02\/facebook-polska-2014\/#primaryimage"},"image":{"@id":"https:\/\/www.sotrender.com\/blog\/pl\/2015\/02\/facebook-polska-2014\/#primaryimage"},"thumbnailUrl":"https:\/\/www.sotrender.com\/blog\/wp-content\/uploads\/2014\/12\/unsplash-kitsune-3.jpg","datePublished":"2015-02-02T07:54:57+00:00","dateModified":"2015-12-01T20:39:14+00:00","author":{"@id":"https:\/\/www.sotrender.com\/blog\/#\/schema\/person\/7106df62825269bc360ad9171cd7149b"},"description":"Kiedy przed 12 miesi\u0105cami wydawali\u015bmy ca\u0142oroczne wydanie raportu Fanpage Trends, w kt\u00f3rym podsumowali\u015bmy najwa\u017cniejsze wydarzenia na Facebooku w 2013 r., Social Media Marketing & Analytics Blog.","breadcrumb":{"@id":"https:\/\/www.sotrender.com\/blog\/pl\/2015\/02\/facebook-polska-2014\/#breadcrumb"},"inLanguage":"pl-PL","potentialAction":[{"@type":"ReadAction","target":["https:\/\/www.sotrender.com\/blog\/pl\/2015\/02\/facebook-polska-2014\/"]}]},{"@type":"ImageObject","inLanguage":"pl-PL","@id":"https:\/\/www.sotrender.com\/blog\/pl\/2015\/02\/facebook-polska-2014\/#primaryimage","url":"https:\/\/www.sotrender.com\/blog\/wp-content\/uploads\/2014\/12\/unsplash-kitsune-3.jpg","contentUrl":"https:\/\/www.sotrender.com\/blog\/wp-content\/uploads\/2014\/12\/unsplash-kitsune-3.jpg","width":5184,"height":3456},{"@type":"BreadcrumbList","@id":"https:\/\/www.sotrender.com\/blog\/pl\/2015\/02\/facebook-polska-2014\/#breadcrumb","itemListElement":[{"@type":"ListItem","position":1,"name":"Home","item":"https:\/\/www.sotrender.com\/blog\/"},{"@type":"ListItem","position":2,"name":"Facebook w Polsce &#8211; podsumowanie 2014 r. &#8211; infografika"}]},{"@type":"WebSite","@id":"https:\/\/www.sotrender.com\/blog\/#website","url":"https:\/\/www.sotrender.com\/blog\/","name":"Sotrender Blog","description":"","potentialAction":[{"@type":"SearchAction","target":{"@type":"EntryPoint","urlTemplate":"https:\/\/www.sotrender.com\/blog\/?s={search_term_string}"},"query-input":"required name=search_term_string"}],"inLanguage":"pl-PL"},{"@type":"Person","@id":"https:\/\/www.sotrender.com\/blog\/#\/schema\/person\/7106df62825269bc360ad9171cd7149b","name":"Aleksandra Prejs","image":{"@type":"ImageObject","inLanguage":"pl-PL","@id":"https:\/\/www.sotrender.com\/blog\/#\/schema\/person\/image\/","url":"https:\/\/secure.gravatar.com\/avatar\/469000454b77ff0aacb32c49dba023be?s=96&d=mm&r=g","contentUrl":"https:\/\/secure.gravatar.com\/avatar\/469000454b77ff0aacb32c49dba023be?s=96&d=mm&r=g","caption":"Aleksandra Prejs"},"url":"https:\/\/www.sotrender.com\/blog\/pl\/author\/aleksandra-prejs\/"}]}},"_links":{"self":[{"href":"https:\/\/www.sotrender.com\/blog\/pl\/wp-json\/wp\/v2\/posts\/16589"}],"collection":[{"href":"https:\/\/www.sotrender.com\/blog\/pl\/wp-json\/wp\/v2\/posts"}],"about":[{"href":"https:\/\/www.sotrender.com\/blog\/pl\/wp-json\/wp\/v2\/types\/post"}],"author":[{"embeddable":true,"href":"https:\/\/www.sotrender.com\/blog\/pl\/wp-json\/wp\/v2\/users\/31"}],"replies":[{"embeddable":true,"href":"https:\/\/www.sotrender.com\/blog\/pl\/wp-json\/wp\/v2\/comments?post=16589"}],"version-history":[{"count":10,"href":"https:\/\/www.sotrender.com\/blog\/pl\/wp-json\/wp\/v2\/posts\/16589\/revisions"}],"predecessor-version":[{"id":16619,"href":"https:\/\/www.sotrender.com\/blog\/pl\/wp-json\/wp\/v2\/posts\/16589\/revisions\/16619"}],"wp:featuredmedia":[{"embeddable":true,"href":"https:\/\/www.sotrender.com\/blog\/pl\/wp-json\/wp\/v2\/media\/16047"}],"wp:attachment":[{"href":"https:\/\/www.sotrender.com\/blog\/pl\/wp-json\/wp\/v2\/media?parent=16589"}],"wp:term":[{"taxonomy":"category","embeddable":true,"href":"https:\/\/www.sotrender.com\/blog\/pl\/wp-json\/wp\/v2\/categories?post=16589"},{"taxonomy":"post_tag","embeddable":true,"href":"https:\/\/www.sotrender.com\/blog\/pl\/wp-json\/wp\/v2\/tags?post=16589"}],"curies":[{"name":"wp","href":"https:\/\/api.w.org\/{rel}","templated":true}]}}