{"id":16141,"date":"2015-01-27T13:09:24","date_gmt":"2015-01-27T12:09:24","guid":{"rendered":"http:\/\/blog.sotrender.com\/?p=16141"},"modified":"2015-12-01T21:42:59","modified_gmt":"2015-12-01T20:42:59","slug":"facebook-2014-blog","status":"publish","type":"post","link":"https:\/\/www.sotrender.com\/blog\/pl\/2015\/01\/facebook-2014-blog\/","title":{"rendered":"Zasi\u0119g,  zaanga\u017cowanie,  hashtagi &#8211; czego dowiedzieli\u015bmy si\u0119 o Facebooku w 2014 r.?"},"content":{"rendered":"<p style=\"text-align: justify;\">Rok 2014 na Facebook up\u0142yn\u0105\u0142 przede wszystkim pod znakiem zmian w Edge Ranku i w konsekwencji spadaj\u0105cego zasi\u0119gu organicznego. Ten temat zdominowa\u0142 dyskusj\u0119 o najpopularniejszym medium spo\u0142eczno\u015bciowym,  ale nie by\u0142 jedynym kt\u00f3ry <a title=\"Przejd\u017a na stron\u0119 Sotrendera\" href=\"http:\/\/www.sotrender.pl\" target=\"_blank\">Sotrender<\/a> podj\u0105\u0142 na swoim blogu. W ubieg\u0142ym roku pisali\u015bmy mi\u0119dzy innymi tak\u017ce o stosunku zaanga\u017cowania fan\u00f3w a typami post\u00f3w,  czy o Facebookowych hashtagach. Zapraszamy do lektury!<!--more--><\/p>\n<h2 style=\"text-align: justify;\"><a title=\"Kliknij,  aby przeczyta\u0107\" href=\"https:\/\/www.sotrender.com\/blog\/pl\/2014\/11\/sri-zasieg-organiczny\/\" target=\"_blank\">Wszystko,  co trzeba wiedzie\u0107 o spadaj\u0105cym zasi\u0119gu organicznym<\/a><\/h2>\n<p style=\"text-align: justify;\">Zasi\u0119g organiczny na Facebooku stale maleje,  co wi\u0119cej,  znacz\u0105co r\u00f3\u017cni si\u0119 w zale\u017cno\u015bci od wielko\u015bci profilu,  a tak\u017ce \u2013 w nieco mniejszym stopniu \u2013 od typu opublikowanego posta. Jak w tej sytuacji powinni post\u0119powa\u0107 tw\u00f3rcy strategii komunikacji marek w social media? <a title=\"Kliknij,  aby przeczyta\u0107\" href=\"https:\/\/www.sotrender.com\/blog\/pl\/2014\/11\/sri-zasieg-organiczny\/\" target=\"_blank\">Postanowili\u015bmy sprawdzi\u0107,  jak na przestrzeni ostatniego roku zmienia\u0142a si\u0119 warto\u015b\u0107 zasi\u0119gu organicznego,  do jakiej cz\u0119\u015bci u\u017cytkownik\u00f3w docieraj\u0105 obecnie publikowane przez strony tre\u015bci oraz kt\u00f3re typy post\u00f3w s\u0105 teraz najbardziej widoczne.<\/a><\/p>\n<div id=\"attachment_15627\" style=\"width: 610px\" class=\"wp-caption aligncenter\"><a href=\"https:\/\/www.sotrender.com\/blog\/wp-content\/uploads\/2014\/11\/plot_dynamics.png\"><img loading=\"lazy\" decoding=\"async\" aria-describedby=\"caption-attachment-15627\" class=\"wp-image-15627\" src=\"https:\/\/www.sotrender.com\/blog\/wp-content\/uploads\/2014\/11\/plot_dynamics.png\" alt=\"Zasi\u0119g a liczba fan\u00f3w\" width=\"600\" height=\"467\" srcset=\"https:\/\/www.sotrender.com\/blog\/wp-content\/uploads\/2014\/11\/plot_dynamics.png 724w, https:\/\/www.sotrender.com\/blog\/wp-content\/uploads\/2014\/11\/plot_dynamics-410x320.png 410w, https:\/\/www.sotrender.com\/blog\/wp-content\/uploads\/2014\/11\/plot_dynamics-475x369.png 475w, https:\/\/www.sotrender.com\/blog\/wp-content\/uploads\/2014\/11\/plot_dynamics-600x467.png 600w\" sizes=\"(max-width: 600px) 100vw, 600px\" \/><\/a><p id=\"caption-attachment-15627\" class=\"wp-caption-text\">Zasi\u0119g a liczba fan\u00f3w<\/p><\/div>\n<h2 style=\"text-align: justify;\"><a title=\"Kliknij,  aby przeczyta\u0107\" href=\"https:\/\/www.sotrender.com\/blog\/pl\/2014\/07\/sri-zaangazowanie-typ-post\" target=\"_blank\">Zaanga\u017cowanie a typ posta<\/a><\/h2>\n<p style=\"text-align: justify;\">Badamy skutki zmian EdgeRanku \u2013 tym razem pod k\u0105tem r\u00f3\u017cnych typ\u00f3w post\u00f3w: status\u00f3w tekstowych,  zdj\u0119\u0107,  materia\u0142\u00f3w wideo i link\u00f3w. Okaza\u0142o si\u0119,  \u017ce rodzaje post\u00f3w,  kt\u00f3re maj\u0105 najwi\u0119ksz\u0105 zdolno\u015b\u0107 do anga\u017cowania u\u017cytkownik\u00f3w Facebooka,  pod wzgl\u0119dem zasi\u0119gu organicznego radz\u0105 sobie najgorzej. <a title=\"Kliknij,  aby przeczyta\u0107\" href=\"https:\/\/www.sotrender.com\/blog\/pl\/2014\/07\/sri-zaangazowanie-typ-post\" target=\"_blank\">Dowiedzcie si\u0119 wi\u0119cej.<\/a><\/p>\n<div id=\"attachment_13403\" style=\"width: 610px\" class=\"wp-caption aligncenter\"><a href=\"https:\/\/www.sotrender.com\/blog\/wp-content\/uploads\/2014\/07\/SRI_wykres11.png\"><img loading=\"lazy\" decoding=\"async\" aria-describedby=\"caption-attachment-13403\" class=\"wp-image-13403\" src=\"https:\/\/www.sotrender.com\/blog\/wp-content\/uploads\/2014\/07\/SRI_wykres11.png\" alt=\"Sotrender Research Insight - Zasi\u0119g,  a typ posta\" width=\"600\" height=\"439\" srcset=\"https:\/\/www.sotrender.com\/blog\/wp-content\/uploads\/2014\/07\/SRI_wykres11.png 848w, https:\/\/www.sotrender.com\/blog\/wp-content\/uploads\/2014\/07\/SRI_wykres11-475x348.png 475w, https:\/\/www.sotrender.com\/blog\/wp-content\/uploads\/2014\/07\/SRI_wykres11-768x562.png 768w, https:\/\/www.sotrender.com\/blog\/wp-content\/uploads\/2014\/07\/SRI_wykres11-600x439.png 600w\" sizes=\"(max-width: 600px) 100vw, 600px\" \/><\/a><p id=\"caption-attachment-13403\" class=\"wp-caption-text\">Sotrender Research Insight &#8211; Zasi\u0119g,  a typ posta<\/p><\/div>\n<h2 style=\"text-align: justify;\"><a title=\"Kliknij,  aby przeczyta\u0107\" href=\"https:\/\/www.sotrender.com\/blog\/2014\/06\/facebook-hashtags\/\" target=\"_blank\">Hashtagi na Facebooku: czy marki powinny z nich korzysta\u0107?<\/a><\/h2>\n<p style=\"text-align: justify;\">U\u017cytkownicy Facebooka kochaj\u0105 hashtagi. Dlatego sprawdzili\u015bmy wp\u0142yw u\u017cywania hashtag\u00f3w na popularno\u015b\u0107 i interaktywnos\u0107 post\u00f3w marek. Zbadali\u015bmy sto profili ameryka\u0144skich i mi\u0119dzynarodowych marek,  maj\u0105cych ponad 1 mln fan\u00f3w. Okaza\u0142o si\u0119,  \u017ce posty z hashtagami anga\u017cuj\u0105 wi\u0119cej fan\u00f3w ni\u017c te bez nich,  ale najwi\u0119ksze marki staraj\u0105 si\u0119 u\u017cywa\u0107 ich z umiarem. Co jeszcze odkryli\u015bmy? <a title=\"Kliknij,  aby przeczyta\u0107\" href=\"https:\/\/www.sotrender.com\/blog\/pl\/2014\/12\/12-social-media-blogosfera\/%20https:\/\/www.sotrender.com\/blog\/2014\/06\/facebook-hashtags\/\" target=\"_blank\">Wpis w j\u0119zyku angielskim.<\/a><\/p>\n<p>\u00a0<a href=\"https:\/\/www.sotrender.com\/blog\/wp-content\/uploads\/2014\/06\/chmura.png\"><img loading=\"lazy\" decoding=\"async\" class=\"wp-image-13073 aligncenter\" src=\"https:\/\/www.sotrender.com\/blog\/wp-content\/uploads\/2014\/06\/chmura.png\" alt=\"chmura\" width=\"600\" height=\"383\" srcset=\"https:\/\/www.sotrender.com\/blog\/wp-content\/uploads\/2014\/06\/chmura.png 850w, https:\/\/www.sotrender.com\/blog\/wp-content\/uploads\/2014\/06\/chmura-475x303.png 475w, https:\/\/www.sotrender.com\/blog\/wp-content\/uploads\/2014\/06\/chmura-768x490.png 768w, https:\/\/www.sotrender.com\/blog\/wp-content\/uploads\/2014\/06\/chmura-600x383.png 600w\" sizes=\"(max-width: 600px) 100vw, 600px\" \/><\/a><\/p>\n","protected":false},"excerpt":{"rendered":"<p>Rok 2014 na Facebook up\u0142yn\u0105\u0142 przede wszystkim pod znakiem zmian w Edge Ranku i w konsekwencji spadaj\u0105cego zasi\u0119gu organicznego. Ten temat zdominowa\u0142 dyskusj\u0119 o najpopularniejszym medium spo\u0142eczno\u015bciowym, ale nie by\u0142 jedynym kt\u00f3ry Sotrender podj\u0105\u0142 na swoim blogu. W ubieg\u0142ym roku pisali\u015bmy mi\u0119dzy innymi tak\u017ce o stosunku zaanga\u017cowania fan\u00f3w a typami post\u00f3w, czy o Facebookowych hashtagach. [&hellip;]<\/p>\n","protected":false},"author":49,"featured_media":16065,"comment_status":"open","ping_status":"open","sticky":false,"template":"","format":"standard","meta":{"inline_featured_image":false,"footnotes":""},"categories":[1791,1793,1797],"tags":[17,207,643,675,801,1469],"yoast_head":"<!-- This site is optimized with the Yoast SEO plugin v22.4 - https:\/\/yoast.com\/wordpress\/plugins\/seo\/ -->\n<title>Zasi\u0119g, zaanga\u017cowanie, hashtagi - czego dowiedzieli\u015bmy si\u0119 o Facebooku w 2014 r.? \u2013 Sotrender Blog \u2013 Analyze, Benchmark &amp; Report Your Social Media Performance<\/title>\n<meta name=\"description\" content=\"Rok 2014 na Facebook up\u0142yn\u0105\u0142 przede wszystkim pod znakiem zmian w Edge Ranku i w konsekwencji spadaj\u0105cego zasi\u0119gu organicznego. Ten temat zdominowa\u0142 Social Media Marketing &amp; Analytics Blog.\" \/>\n<meta name=\"robots\" content=\"index, follow, max-snippet:-1, max-image-preview:large, max-video-preview:-1\" \/>\n<link rel=\"canonical\" href=\"https:\/\/www.sotrender.com\/blog\/pl\/2015\/01\/facebook-2014-blog\/\" \/>\n<meta property=\"og:locale\" content=\"pl_PL\" \/>\n<meta property=\"og:type\" content=\"article\" \/>\n<meta property=\"og:title\" content=\"Zasi\u0119g, zaanga\u017cowanie, hashtagi - czego dowiedzieli\u015bmy si\u0119 o Facebooku w 2014 r.? \u2013 Sotrender Blog \u2013 Analyze, Benchmark &amp; Report Your Social Media Performance\" \/>\n<meta property=\"og:description\" content=\"Rok 2014 na Facebook up\u0142yn\u0105\u0142 przede wszystkim pod znakiem zmian w Edge Ranku i w konsekwencji spadaj\u0105cego zasi\u0119gu organicznego. Ten temat zdominowa\u0142 Social Media Marketing &amp; Analytics Blog.\" \/>\n<meta property=\"og:url\" content=\"https:\/\/www.sotrender.com\/blog\/pl\/2015\/01\/facebook-2014-blog\/\" \/>\n<meta property=\"og:site_name\" content=\"Sotrender Blog\" \/>\n<meta property=\"article:publisher\" content=\"https:\/\/www.facebook.com\/Sotrender\" \/>\n<meta property=\"article:published_time\" content=\"2015-01-27T12:09:24+00:00\" \/>\n<meta property=\"article:modified_time\" content=\"2015-12-01T20:42:59+00:00\" \/>\n<meta property=\"og:image\" content=\"https:\/\/www.sotrender.com\/blog\/wp-content\/uploads\/2014\/12\/mac-glasses-e1422546512562.jpg\" \/>\n\t<meta property=\"og:image:width\" content=\"921\" \/>\n\t<meta property=\"og:image:height\" content=\"467\" \/>\n\t<meta property=\"og:image:type\" content=\"image\/jpeg\" \/>\n<meta name=\"author\" content=\"Micha\u0142 Wieczorek\" \/>\n<meta name=\"twitter:card\" content=\"summary_large_image\" \/>\n<meta name=\"twitter:creator\" content=\"@http:\/\/twitter.com\/eveningo\" \/>\n<meta name=\"twitter:site\" content=\"@Sotrender\" \/>\n<meta name=\"twitter:label1\" content=\"Written by\" \/>\n\t<meta name=\"twitter:data1\" content=\"Micha\u0142 Wieczorek\" \/>\n\t<meta name=\"twitter:label2\" content=\"Est. reading time\" \/>\n\t<meta name=\"twitter:data2\" content=\"2 minutes\" \/>\n<script type=\"application\/ld+json\" class=\"yoast-schema-graph\">{\"@context\":\"https:\/\/schema.org\",\"@graph\":[{\"@type\":\"WebPage\",\"@id\":\"https:\/\/www.sotrender.com\/blog\/pl\/2015\/01\/facebook-2014-blog\/\",\"url\":\"https:\/\/www.sotrender.com\/blog\/pl\/2015\/01\/facebook-2014-blog\/\",\"name\":\"Zasi\u0119g, zaanga\u017cowanie, hashtagi - czego dowiedzieli\u015bmy si\u0119 o Facebooku w 2014 r.? \u2013 Sotrender Blog \u2013 Analyze, Benchmark & Report Your Social Media Performance\",\"isPartOf\":{\"@id\":\"https:\/\/www.sotrender.com\/blog\/#website\"},\"primaryImageOfPage\":{\"@id\":\"https:\/\/www.sotrender.com\/blog\/pl\/2015\/01\/facebook-2014-blog\/#primaryimage\"},\"image\":{\"@id\":\"https:\/\/www.sotrender.com\/blog\/pl\/2015\/01\/facebook-2014-blog\/#primaryimage\"},\"thumbnailUrl\":\"https:\/\/www.sotrender.com\/blog\/wp-content\/uploads\/2014\/12\/mac-glasses-e1422546512562.jpg\",\"datePublished\":\"2015-01-27T12:09:24+00:00\",\"dateModified\":\"2015-12-01T20:42:59+00:00\",\"author\":{\"@id\":\"https:\/\/www.sotrender.com\/blog\/#\/schema\/person\/48ed6f8ff39863778de8dd32f58467f5\"},\"description\":\"Rok 2014 na Facebook up\u0142yn\u0105\u0142 przede wszystkim pod znakiem zmian w Edge Ranku i w konsekwencji spadaj\u0105cego zasi\u0119gu organicznego. Ten temat zdominowa\u0142 Social Media Marketing & Analytics Blog.\",\"breadcrumb\":{\"@id\":\"https:\/\/www.sotrender.com\/blog\/pl\/2015\/01\/facebook-2014-blog\/#breadcrumb\"},\"inLanguage\":\"pl-PL\",\"potentialAction\":[{\"@type\":\"ReadAction\",\"target\":[\"https:\/\/www.sotrender.com\/blog\/pl\/2015\/01\/facebook-2014-blog\/\"]}]},{\"@type\":\"ImageObject\",\"inLanguage\":\"pl-PL\",\"@id\":\"https:\/\/www.sotrender.com\/blog\/pl\/2015\/01\/facebook-2014-blog\/#primaryimage\",\"url\":\"https:\/\/www.sotrender.com\/blog\/wp-content\/uploads\/2014\/12\/mac-glasses-e1422546512562.jpg\",\"contentUrl\":\"https:\/\/www.sotrender.com\/blog\/wp-content\/uploads\/2014\/12\/mac-glasses-e1422546512562.jpg\",\"width\":921,\"height\":467},{\"@type\":\"BreadcrumbList\",\"@id\":\"https:\/\/www.sotrender.com\/blog\/pl\/2015\/01\/facebook-2014-blog\/#breadcrumb\",\"itemListElement\":[{\"@type\":\"ListItem\",\"position\":1,\"name\":\"Home\",\"item\":\"https:\/\/www.sotrender.com\/blog\/\"},{\"@type\":\"ListItem\",\"position\":2,\"name\":\"Zasi\u0119g, zaanga\u017cowanie, hashtagi &#8211; czego dowiedzieli\u015bmy si\u0119 o Facebooku w 2014 r.?\"}]},{\"@type\":\"WebSite\",\"@id\":\"https:\/\/www.sotrender.com\/blog\/#website\",\"url\":\"https:\/\/www.sotrender.com\/blog\/\",\"name\":\"Sotrender Blog\",\"description\":\"\",\"potentialAction\":[{\"@type\":\"SearchAction\",\"target\":{\"@type\":\"EntryPoint\",\"urlTemplate\":\"https:\/\/www.sotrender.com\/blog\/?s={search_term_string}\"},\"query-input\":\"required name=search_term_string\"}],\"inLanguage\":\"pl-PL\"},{\"@type\":\"Person\",\"@id\":\"https:\/\/www.sotrender.com\/blog\/#\/schema\/person\/48ed6f8ff39863778de8dd32f58467f5\",\"name\":\"Micha\u0142 Wieczorek\",\"image\":{\"@type\":\"ImageObject\",\"inLanguage\":\"pl-PL\",\"@id\":\"https:\/\/www.sotrender.com\/blog\/#\/schema\/person\/image\/\",\"url\":\"https:\/\/secure.gravatar.com\/avatar\/65ceb2020aa2338488b9c5f33c10137f?s=96&d=mm&r=g\",\"contentUrl\":\"https:\/\/secure.gravatar.com\/avatar\/65ceb2020aa2338488b9c5f33c10137f?s=96&d=mm&r=g\",\"caption\":\"Micha\u0142 Wieczorek\"},\"description\":\"Baltic linguist, marketer, and music journalist in his free time. A big fan of good food and even better music.\",\"sameAs\":[\"https:\/\/www.linkedin.com\/in\/michaldwieczorek\",\"https:\/\/twitter.com\/http:\/\/twitter.com\/eveningo\"],\"url\":\"https:\/\/www.sotrender.com\/blog\/pl\/author\/micha_wieczorek\/\"}]}<\/script>\n<!-- \/ Yoast SEO plugin. -->","yoast_head_json":{"title":"Zasi\u0119g, zaanga\u017cowanie, hashtagi - czego dowiedzieli\u015bmy si\u0119 o Facebooku w 2014 r.? \u2013 Sotrender Blog \u2013 Analyze, Benchmark & Report Your Social Media Performance","description":"Rok 2014 na Facebook up\u0142yn\u0105\u0142 przede wszystkim pod znakiem zmian w Edge Ranku i w konsekwencji spadaj\u0105cego zasi\u0119gu organicznego. Ten temat zdominowa\u0142 Social Media Marketing & Analytics Blog.","robots":{"index":"index","follow":"follow","max-snippet":"max-snippet:-1","max-image-preview":"max-image-preview:large","max-video-preview":"max-video-preview:-1"},"canonical":"https:\/\/www.sotrender.com\/blog\/pl\/2015\/01\/facebook-2014-blog\/","og_locale":"pl_PL","og_type":"article","og_title":"Zasi\u0119g, zaanga\u017cowanie, hashtagi - czego dowiedzieli\u015bmy si\u0119 o Facebooku w 2014 r.? \u2013 Sotrender Blog \u2013 Analyze, Benchmark & Report Your Social Media Performance","og_description":"Rok 2014 na Facebook up\u0142yn\u0105\u0142 przede wszystkim pod znakiem zmian w Edge Ranku i w konsekwencji spadaj\u0105cego zasi\u0119gu organicznego. Ten temat zdominowa\u0142 Social Media Marketing & Analytics Blog.","og_url":"https:\/\/www.sotrender.com\/blog\/pl\/2015\/01\/facebook-2014-blog\/","og_site_name":"Sotrender Blog","article_publisher":"https:\/\/www.facebook.com\/Sotrender","article_published_time":"2015-01-27T12:09:24+00:00","article_modified_time":"2015-12-01T20:42:59+00:00","og_image":[{"width":921,"height":467,"url":"https:\/\/www.sotrender.com\/blog\/wp-content\/uploads\/2014\/12\/mac-glasses-e1422546512562.jpg","type":"image\/jpeg"}],"author":"Micha\u0142 Wieczorek","twitter_card":"summary_large_image","twitter_creator":"@http:\/\/twitter.com\/eveningo","twitter_site":"@Sotrender","twitter_misc":{"Written by":"Micha\u0142 Wieczorek","Est. reading time":"2 minutes"},"schema":{"@context":"https:\/\/schema.org","@graph":[{"@type":"WebPage","@id":"https:\/\/www.sotrender.com\/blog\/pl\/2015\/01\/facebook-2014-blog\/","url":"https:\/\/www.sotrender.com\/blog\/pl\/2015\/01\/facebook-2014-blog\/","name":"Zasi\u0119g, zaanga\u017cowanie, hashtagi - czego dowiedzieli\u015bmy si\u0119 o Facebooku w 2014 r.? \u2013 Sotrender Blog \u2013 Analyze, Benchmark & Report Your Social Media Performance","isPartOf":{"@id":"https:\/\/www.sotrender.com\/blog\/#website"},"primaryImageOfPage":{"@id":"https:\/\/www.sotrender.com\/blog\/pl\/2015\/01\/facebook-2014-blog\/#primaryimage"},"image":{"@id":"https:\/\/www.sotrender.com\/blog\/pl\/2015\/01\/facebook-2014-blog\/#primaryimage"},"thumbnailUrl":"https:\/\/www.sotrender.com\/blog\/wp-content\/uploads\/2014\/12\/mac-glasses-e1422546512562.jpg","datePublished":"2015-01-27T12:09:24+00:00","dateModified":"2015-12-01T20:42:59+00:00","author":{"@id":"https:\/\/www.sotrender.com\/blog\/#\/schema\/person\/48ed6f8ff39863778de8dd32f58467f5"},"description":"Rok 2014 na Facebook up\u0142yn\u0105\u0142 przede wszystkim pod znakiem zmian w Edge Ranku i w konsekwencji spadaj\u0105cego zasi\u0119gu organicznego. Ten temat zdominowa\u0142 Social Media Marketing & Analytics Blog.","breadcrumb":{"@id":"https:\/\/www.sotrender.com\/blog\/pl\/2015\/01\/facebook-2014-blog\/#breadcrumb"},"inLanguage":"pl-PL","potentialAction":[{"@type":"ReadAction","target":["https:\/\/www.sotrender.com\/blog\/pl\/2015\/01\/facebook-2014-blog\/"]}]},{"@type":"ImageObject","inLanguage":"pl-PL","@id":"https:\/\/www.sotrender.com\/blog\/pl\/2015\/01\/facebook-2014-blog\/#primaryimage","url":"https:\/\/www.sotrender.com\/blog\/wp-content\/uploads\/2014\/12\/mac-glasses-e1422546512562.jpg","contentUrl":"https:\/\/www.sotrender.com\/blog\/wp-content\/uploads\/2014\/12\/mac-glasses-e1422546512562.jpg","width":921,"height":467},{"@type":"BreadcrumbList","@id":"https:\/\/www.sotrender.com\/blog\/pl\/2015\/01\/facebook-2014-blog\/#breadcrumb","itemListElement":[{"@type":"ListItem","position":1,"name":"Home","item":"https:\/\/www.sotrender.com\/blog\/"},{"@type":"ListItem","position":2,"name":"Zasi\u0119g, zaanga\u017cowanie, hashtagi &#8211; czego dowiedzieli\u015bmy si\u0119 o Facebooku w 2014 r.?"}]},{"@type":"WebSite","@id":"https:\/\/www.sotrender.com\/blog\/#website","url":"https:\/\/www.sotrender.com\/blog\/","name":"Sotrender Blog","description":"","potentialAction":[{"@type":"SearchAction","target":{"@type":"EntryPoint","urlTemplate":"https:\/\/www.sotrender.com\/blog\/?s={search_term_string}"},"query-input":"required name=search_term_string"}],"inLanguage":"pl-PL"},{"@type":"Person","@id":"https:\/\/www.sotrender.com\/blog\/#\/schema\/person\/48ed6f8ff39863778de8dd32f58467f5","name":"Micha\u0142 Wieczorek","image":{"@type":"ImageObject","inLanguage":"pl-PL","@id":"https:\/\/www.sotrender.com\/blog\/#\/schema\/person\/image\/","url":"https:\/\/secure.gravatar.com\/avatar\/65ceb2020aa2338488b9c5f33c10137f?s=96&d=mm&r=g","contentUrl":"https:\/\/secure.gravatar.com\/avatar\/65ceb2020aa2338488b9c5f33c10137f?s=96&d=mm&r=g","caption":"Micha\u0142 Wieczorek"},"description":"Baltic linguist, marketer, and music journalist in his free time. A big fan of good food and even better music.","sameAs":["https:\/\/www.linkedin.com\/in\/michaldwieczorek","https:\/\/twitter.com\/http:\/\/twitter.com\/eveningo"],"url":"https:\/\/www.sotrender.com\/blog\/pl\/author\/micha_wieczorek\/"}]}},"_links":{"self":[{"href":"https:\/\/www.sotrender.com\/blog\/pl\/wp-json\/wp\/v2\/posts\/16141"}],"collection":[{"href":"https:\/\/www.sotrender.com\/blog\/pl\/wp-json\/wp\/v2\/posts"}],"about":[{"href":"https:\/\/www.sotrender.com\/blog\/pl\/wp-json\/wp\/v2\/types\/post"}],"author":[{"embeddable":true,"href":"https:\/\/www.sotrender.com\/blog\/pl\/wp-json\/wp\/v2\/users\/49"}],"replies":[{"embeddable":true,"href":"https:\/\/www.sotrender.com\/blog\/pl\/wp-json\/wp\/v2\/comments?post=16141"}],"version-history":[{"count":8,"href":"https:\/\/www.sotrender.com\/blog\/pl\/wp-json\/wp\/v2\/posts\/16141\/revisions"}],"predecessor-version":[{"id":16461,"href":"https:\/\/www.sotrender.com\/blog\/pl\/wp-json\/wp\/v2\/posts\/16141\/revisions\/16461"}],"wp:featuredmedia":[{"embeddable":true,"href":"https:\/\/www.sotrender.com\/blog\/pl\/wp-json\/wp\/v2\/media\/16065"}],"wp:attachment":[{"href":"https:\/\/www.sotrender.com\/blog\/pl\/wp-json\/wp\/v2\/media?parent=16141"}],"wp:term":[{"taxonomy":"category","embeddable":true,"href":"https:\/\/www.sotrender.com\/blog\/pl\/wp-json\/wp\/v2\/categories?post=16141"},{"taxonomy":"post_tag","embeddable":true,"href":"https:\/\/www.sotrender.com\/blog\/pl\/wp-json\/wp\/v2\/tags?post=16141"}],"curies":[{"name":"wp","href":"https:\/\/api.w.org\/{rel}","templated":true}]}}