{"id":16061,"date":"2014-12-30T12:34:58","date_gmt":"2014-12-30T11:34:58","guid":{"rendered":"http:\/\/blog.sotrender.com\/?p=16061"},"modified":"2015-12-01T21:47:17","modified_gmt":"2015-12-01T20:47:17","slug":"12-social-media-blogosfera","status":"publish","type":"post","link":"https:\/\/www.sotrender.com\/blog\/pl\/2014\/12\/12-social-media-blogosfera\/","title":{"rendered":"10 rzeczy,  kt\u00f3rych dowiedzieli\u015bmy si\u0119 w 2014 roku o social media i blogosferze"},"content":{"rendered":"<p style=\"text-align: justify;\">Rok 2014 up\u0142yn\u0105\u0142 pod znakiem wielkich wydarze\u0144. Zacz\u0119\u0142o si\u0119 od Igrzysk Olimpijskich w Soczi,  potem mundiale w pi\u0142ce no\u017cnej i siatk\u00f3wce,  po drodze wybory samorz\u0105dowe i europejskie. By\u0142y afery,  Luis Suarez gryz\u0142,  zasi\u0119g na Facebooku spada\u0142,  blogosfera si\u0119 zmienia\u0142a,  a Niemcy i tak zostali mistrzami \u015bwiata (Polacy te\u017c). Wszystkie te wydarzenia odbi\u0142y si\u0119 szerokim echem w mediach spo\u0142eczno\u015bciowych oraz,  w konsekwencji,  r\u00f3wnie\u017c na naszym blogu. \u017begnaj\u0105c mijaj\u0105cy rok,  przygotowali\u015bmy zestawienie 10 wpis\u00f3w z bloga Sotrendera,  dotycz\u0105cych Twittera,  Facebooka,  YouTube oraz blogosfery,  kt\u00f3re cieszy\u0142y si\u0119 w ostatnich 12 miesi\u0105cach najwi\u0119ksz\u0105 popularno\u015bci\u0105.<!--more--><\/p>\n<h2 style=\"text-align: justify;\"><span style=\"text-decoration: underline;\"><a title=\"Kliknij,  aby przeczyta\u0107\" href=\"https:\/\/www.sotrender.com\/blog\/2014\/10\/how-to-use-hashtags\/\" target=\"_blank\">Jak u\u017cywa\u0107 hashtag\u00f3w na Twitterze?<\/a><\/span><\/h2>\n<p style=\"text-align: justify;\">Nie spos\u00f3b wyobrazi\u0107 sobie Twitter bez hashtag\u00f3w &#8211; to podstawowy spos\u00f3b komunikacji i wyr\u00f3\u017cniania tematyki tweet\u00f3w. Pomagaj\u0105 r\u00f3wnie\u017c w zdobywaniu zasi\u0119gu w\u015br\u00f3d u\u017cytkownik\u00f3w. Specyfika Twittera powoduje,  \u017ce nie istniej\u0105 uniwersalne hashtagi,  z kt\u00f3rych ka\u017cdy u\u017cytkownik mo\u017ce z powodzeniem korzysta\u0107. Istniej\u0105 rozmaite strategie i zasady rz\u0105dz\u0105ce u\u017cywaniem hashtag\u00f3w przez marki i w\u0142a\u015bnie o nich przeczytacie w tym wpisie. <a title=\"Kliknij,  aby przeczyta\u0107\" href=\"https:\/\/www.sotrender.com\/blog\/2014\/10\/how-to-use-hashtags\/\" target=\"_blank\">Wpis w j\u0119zyku angielskim.<\/a><\/p>\n<p style=\"text-align: justify;\"><a href=\"https:\/\/www.sotrender.com\/blog\/wp-content\/uploads\/2014\/10\/listerine-worldcup.png\"><img loading=\"lazy\" decoding=\"async\" class=\"alignnone wp-image-14891 size-full\" src=\"https:\/\/www.sotrender.com\/blog\/wp-content\/uploads\/2014\/10\/listerine-worldcup.png\" alt=\"Hashtags used by Listerine Global\" width=\"474\" height=\"964\" \/><\/a><\/p>\n<h2 style=\"text-align: justify;\"><span style=\"text-decoration: underline;\"><a title=\"Kliknij,  aby przeczyta\u0107\" href=\"https:\/\/www.sotrender.com\/blog\/pl\/2014\/11\/sri-zasieg-organiczny\/\" target=\"_blank\">Wszystko,  co trzeba wiedzie\u0107 o spadaj\u0105cym zasi\u0119gu organicznym<\/a><\/span><\/h2>\n<p style=\"text-align: justify;\">Zasi\u0119g organiczny na Facebooku stale maleje,  co wi\u0119cej,  znacz\u0105co r\u00f3\u017cni si\u0119 w zale\u017cno\u015bci od wielko\u015bci profilu,  a tak\u017ce \u2013 w nieco mniejszym stopniu \u2013 od typu opublikowanego posta. Jak w tej sytuacji powinni post\u0119powa\u0107 tw\u00f3rcy strategii komunikacji marek w social media? <a title=\"Kliknij,  aby przeczyta\u0107\" href=\"https:\/\/www.sotrender.com\/blog\/pl\/2014\/11\/sri-zasieg-organiczny\/\" target=\"_blank\">Postanowili\u015bmy sprawdzi\u0107,  jak na przestrzeni ostatniego roku zmienia\u0142a si\u0119 warto\u015b\u0107 zasi\u0119gu organicznego,  do jakiej cz\u0119\u015bci u\u017cytkownik\u00f3w docieraj\u0105 obecnie publikowane przez strony tre\u015bci oraz kt\u00f3re typy post\u00f3w s\u0105 teraz najbardziej widoczne.<\/a><\/p>\n<div id=\"attachment_15623\" style=\"width: 734px\" class=\"wp-caption alignnone\"><a href=\"https:\/\/www.sotrender.com\/blog\/wp-content\/uploads\/2014\/11\/nowy_plot.png\"><img loading=\"lazy\" decoding=\"async\" aria-describedby=\"caption-attachment-15623\" class=\"wp-image-15623 size-article-incontent\" src=\"https:\/\/www.sotrender.com\/blog\/wp-content\/uploads\/2014\/11\/nowy_plot-724x300.png\" alt=\"Spadek zasi\u0119gu a wielko\u015b\u0107 profilu\" width=\"724\" height=\"300\" \/><\/a><p id=\"caption-attachment-15623\" class=\"wp-caption-text\">Spadek zasi\u0119gu a wielko\u015b\u0107 profilu<\/p><\/div>\n<h2 style=\"text-align: justify;\"><\/h2>\n<h2 style=\"text-align: justify;\"><\/h2>\n<h2 style=\"text-align: justify;\"><span style=\"text-decoration: underline;\"><a title=\"Kliknij,  aby przeczyta\u0107\" href=\"https:\/\/www.sotrender.com\/blog\/2014\/07\/fifa-world-cup-facebook\/\" target=\"_blank\">Mistrzostwa \u015bwiata w pi\u0142ce no\u017cnej a marketing na Facebooku<\/a><\/span><\/h2>\n<p style=\"text-align: justify;\">Wszyscy pami\u0119tamy tegoroczny pi\u0142karski mundial. Luis Suarez pokaza\u0142 moc swojej szcz\u0119ki,  Niemcy nie mieli lito\u015bci dla brazylijskich gospodarzy,  Tim Howard dokonywa\u0142 cud\u00f3w w ameryka\u0144skiej bramce. Z popularno\u015bci tych wydarze\u0144 korzysta\u0142y r\u00f3wnie\u017c marki nieb\u0119d\u0105ce sponsorami mistrzostw,  prowadz\u0105c czasem bardzo udane dzia\u0142ania real-time marketingowe. Przyk\u0142ady najciekawszych zebrali\u015bmy na naszym blogu. <a title=\"Kliknij,  aby przeczyta\u0107\" href=\"https:\/\/www.sotrender.com\/blog\/2014\/07\/fifa-world-cup-facebook\/\" target=\"_blank\">Wpis w j\u0119zyku angielskim.<\/a><\/p>\n<p style=\"text-align: justify;\"><a href=\"https:\/\/www.sotrender.com\/blog\/wp-content\/uploads\/2014\/12\/fifaworldcup12.jpg\"><img loading=\"lazy\" decoding=\"async\" class=\"alignnone size-full wp-image-16085\" src=\"https:\/\/www.sotrender.com\/blog\/wp-content\/uploads\/2014\/12\/fifaworldcup12.jpg\" alt=\"fifaworldcup12\" width=\"600\" height=\"442\" srcset=\"https:\/\/www.sotrender.com\/blog\/wp-content\/uploads\/2014\/12\/fifaworldcup12.jpg 600w, https:\/\/www.sotrender.com\/blog\/wp-content\/uploads\/2014\/12\/fifaworldcup12-475x350.jpg 475w\" sizes=\"(max-width: 600px) 100vw, 600px\" \/><\/a><\/p>\n<h2><span style=\"text-decoration: underline;\"><a title=\"Kliknij,  aby przeczyta\u0107\" href=\"https:\/\/www.sotrender.com\/blog\/2014\/06\/facebook-hashtags\/\" target=\"_blank\">Hashtagi na Facebooku: czy marki powinny z nich korzysta\u0107?<\/a><\/span><\/h2>\n<p style=\"text-align: justify;\">U\u017cytkownicy Facebooka kochaj\u0105 hashtagi. Dlatego sprawdzili\u015bmy wp\u0142yw u\u017cywania hashtag\u00f3w na popularno\u015b\u0107 i interaktywnos\u0107 post\u00f3w marek. Zbadali\u015bmy sto profili ameryka\u0144skich i mi\u0119dzynarodowych marek,  maj\u0105cych ponad 1 mln fan\u00f3w. Okaza\u0142o si\u0119,  \u017ce posty z hashtagami anga\u017cuj\u0105 wi\u0119cej fan\u00f3w ni\u017c te bez nich,  ale najwi\u0119ksze marki staraj\u0105 si\u0119 u\u017cywa\u0107 ich z umiarem. Co jeszcze odkryli\u015bmy? <a title=\"Kliknij,  aby przeczyta\u0107\" href=\"%20https:\/\/www.sotrender.com\/blog\/2014\/06\/facebook-hashtags\/\" target=\"_blank\">Wpis w j\u0119zyku angielskim.<\/a><\/p>\n<div id=\"attachment_13103\" style=\"width: 610px\" class=\"wp-caption alignnone\"><a href=\"https:\/\/www.sotrender.com\/blog\/wp-content\/uploads\/2014\/06\/wykres11-e1403004243135.png\"><img loading=\"lazy\" decoding=\"async\" aria-describedby=\"caption-attachment-13103\" class=\"size-full wp-image-13103\" src=\"https:\/\/www.sotrender.com\/blog\/wp-content\/uploads\/2014\/06\/wykres11-e1403004243135.png\" alt=\"Facebook hashtags - \u015brednia liczba hashtag\u00f3w na post\" width=\"600\" height=\"480\" srcset=\"https:\/\/www.sotrender.com\/blog\/wp-content\/uploads\/2014\/06\/wykres11-e1403004243135.png 600w, https:\/\/www.sotrender.com\/blog\/wp-content\/uploads\/2014\/06\/wykres11-e1403004243135-475x380.png 475w\" sizes=\"(max-width: 600px) 100vw, 600px\" \/><\/a><p id=\"caption-attachment-13103\" class=\"wp-caption-text\">Facebook hashtags &#8211; \u015brednia liczba hashtag\u00f3w na post<\/p><\/div>\n<h2 style=\"text-align: justify;\"><span style=\"text-decoration: underline;\"><a title=\"Kliknij,  aby przeczyta\u0107\" href=\"https:\/\/www.sotrender.com\/blog\/pl\/2014\/09\/real-time-marketing-polska\/\" target=\"_blank\">Real-time marketing w Polsce \u2013 daleki od mistrzostwa<\/a><\/span><\/h2>\n<p style=\"text-align: justify;\">Od dawna zwracamy uwag\u0119 na fakt,  \u017ce wielkie wydarzenia kulturalne czy sportowe s\u0105 doskona\u0142\u0105 okazj\u0105 promocyjn\u0105 dla marek. Jedyne,  co trzeba zrobi\u0107,  to mie\u0107 pomys\u0142,  przygotowa\u0107 si\u0119 i zrealizowa\u0107 go we w\u0142a\u015bciwym momencie. Dowodem tego by\u0142y ciesz\u0105ce si\u0119 ogromn\u0105 popularno\u015bci\u0105 posty oraz tweety zagranicznych marek nawi\u0105zuj\u0105ce do Luisa Suareza czy Royal Baby. <a title=\"Kliknij,  aby przeczyta\u0107\" href=\"https:\/\/www.sotrender.com\/blog\/pl\/2014\/09\/real-time-marketing-polska\/\">Tym razem sprawdzili\u015bmy,  czy polskie marki s\u0105 \u015bwiadome korzy\u015bci p\u0142yn\u0105cych z nawi\u0105zywania do bie\u017c\u0105cych wydarze\u0144 i zobaczyli\u015bmy,  czy w swojej komunikacji w mediach spo\u0142eczno\u015bciowych nawi\u0105zywa\u0142y do fina\u0142owego meczu mistrzostw \u015bwiata w siatk\u00f3wce.<\/a><\/p>\n<p style=\"text-align: justify;\"><a href=\"https:\/\/www.sotrender.com\/blog\/wp-content\/uploads\/2014\/09\/johnie.jpg\"><img loading=\"lazy\" decoding=\"async\" class=\"alignnone size-full wp-image-14783\" src=\"https:\/\/www.sotrender.com\/blog\/wp-content\/uploads\/2014\/09\/johnie.jpg\" alt=\"johnie\" width=\"441\" height=\"535\" \/><\/a><\/p>\n<h2 style=\"text-align: justify;\"><span style=\"text-decoration: underline;\"><a title=\"Kliknij,  aby przeczyta\u0107\" href=\"https:\/\/www.sotrender.com\/blog\/pl\/2014\/12\/jak-mierzyc-yt\/\" target=\"_blank\">Mierzenie dzia\u0142a\u0144\u00a0na YouTube i innych serwisach wideo w sieci\u00a0&#8211; jak to robi\u0107?<\/a><\/span><\/h2>\n<p style=\"text-align: justify;\">Komunikacja wideo odgrywa coraz wi\u0119ksz\u0105 rol\u0119 w marketingu internetowym. Firmy i marki nie tylko emituj\u0105 reklamy,  ale te\u017c tworz\u0105 w\u0142asne kana\u0142y i wykorzystuj\u0105 w komunikacji vloger\u00f3w i youtuber\u00f3w. Co za tym idzie,  pojawia si\u0119 potrzeba dok\u0142adnego pomiaru dzia\u0142a\u0144,  powi\u0105zanego z celami strategicznymi. W tym wpisie odpowiadamy na nurtuj\u0105ce marketingowc\u00f3w pytanie &#8211;<a title=\"Kliknij,  aby przeczyta\u0107\" href=\"https:\/\/www.sotrender.com\/blog\/pl\/2014\/12\/jak-mierzyc-yt\/\" target=\"_blank\"> jak skutecznie mierzy\u0107 skuteczno\u015b\u0107 komunikacji na YouTube.<\/a><\/p>\n<p style=\"text-align: justify;\"><a href=\"https:\/\/www.sotrender.com\/blog\/wp-content\/uploads\/2014\/12\/ytt.png\"><img loading=\"lazy\" decoding=\"async\" class=\"alignnone size-full wp-image-15837\" src=\"https:\/\/www.sotrender.com\/blog\/wp-content\/uploads\/2014\/12\/ytt.png\" alt=\"ytt\" width=\"844\" height=\"474\" srcset=\"https:\/\/www.sotrender.com\/blog\/wp-content\/uploads\/2014\/12\/ytt.png 844w, https:\/\/www.sotrender.com\/blog\/wp-content\/uploads\/2014\/12\/ytt-475x267.png 475w, https:\/\/www.sotrender.com\/blog\/wp-content\/uploads\/2014\/12\/ytt-768x431.png 768w, https:\/\/www.sotrender.com\/blog\/wp-content\/uploads\/2014\/12\/ytt-600x337.png 600w\" sizes=\"(max-width: 844px) 100vw, 844px\" \/><\/a><\/p>\n<h2 style=\"text-align: justify;\"><span style=\"text-decoration: underline;\"><a title=\"Kliknij,  aby przeczyta\u0107\" href=\"https:\/\/www.sotrender.com\/blog\/pl\/2014\/10\/sri-youtube\/\" target=\"_blank\">Jak filmy zdobywaj\u0105 popularno\u015b\u0107 na YouTube?<\/a><\/span><\/h2>\n<p style=\"text-align: justify;\">Postanowili\u015bmy przeanalizowa\u0107 zmian\u0119 popularno\u015bci wideo na YouTube na przestrzeni czasu. Zbadali\u015bmy,  czy publikowane filmy s\u0105 wy\u015bwietlane najch\u0119tniej bezpo\u015brednio po publikacji,  czy mo\u017ce \u201ezmartwychwstaj\u0105\u201d dopiero po jakim\u015b czasie. Sprawdzili\u015bmy r\u00f3wnie\u017c,  czy na \u0142\u0105czn\u0105 liczb\u0119 wy\u015bwietle\u0144 kana\u0142\u00f3w maj\u0105 wp\u0142yw wszystkie opublikowane na nich materia\u0142y,  czy mo\u017ce tylko najnowsze oraz jak d\u0142ugo wp\u0142yw ten jest zauwa\u017calny. <a title=\"Kliknij,  aby przeczyta\u0107\" href=\"https:\/\/www.sotrender.com\/blog\/pl\/2014\/10\/sri-youtube\/\" target=\"_blank\">Takie informacje s\u0105 przydatne przede wszystkim do lepszego zrozumienia swojego kana\u0142u oraz budowy w\u0142asnej strategii zamieszczania tre\u015bci.<\/a><\/p>\n<div id=\"attachment_15301\" style=\"width: 810px\" class=\"wp-caption alignnone\"><a href=\"https:\/\/www.sotrender.com\/blog\/wp-content\/uploads\/2014\/10\/2.png\"><img loading=\"lazy\" decoding=\"async\" aria-describedby=\"caption-attachment-15301\" class=\"size-full wp-image-15301\" src=\"https:\/\/www.sotrender.com\/blog\/wp-content\/uploads\/2014\/10\/2.png\" alt=\"Jak filmy na YouTube zdobywaj\u0105 popularno\u015b\u0107\" width=\"800\" height=\"600\" srcset=\"https:\/\/www.sotrender.com\/blog\/wp-content\/uploads\/2014\/10\/2.png 800w, https:\/\/www.sotrender.com\/blog\/wp-content\/uploads\/2014\/10\/2-475x356.png 475w, https:\/\/www.sotrender.com\/blog\/wp-content\/uploads\/2014\/10\/2-768x576.png 768w, https:\/\/www.sotrender.com\/blog\/wp-content\/uploads\/2014\/10\/2-600x450.png 600w\" sizes=\"(max-width: 800px) 100vw, 800px\" \/><\/a><p id=\"caption-attachment-15301\" class=\"wp-caption-text\">Jak filmy na YouTube zdobywaj\u0105 popularno\u015b\u0107<\/p><\/div>\n<h2 style=\"text-align: justify;\"><span style=\"text-decoration: underline;\"><a title=\"Kliknij,  aby przeczyta\u0107\" href=\"https:\/\/www.sotrender.com\/blog\/pl\/2014\/10\/blogi-wczoraj-dzis\/\" target=\"_blank\">Blogi wczoraj i dzi\u015b \u2013 badania oraz obserwacje<\/a><\/span><\/h2>\n<p style=\"text-align: justify;\">Jak zwykle na Blog Forum Gda\u0144sk nie mog\u0142o zabrakn\u0105\u0107 Sotrendera. W tym roku opowiedzieli\u015bmy o tym,  jak zmieni\u0142y si\u0119 polskie blogi i blogosfera w ci\u0105gu ostatnich kilku lat. Pokazali\u015bmy,  jak bardzo blogi si\u0119 profesjonalizuj\u0105 oraz jak wiele si\u0142 blogerzy po\u015bwi\u0119caj\u0105 na promocj\u0119 napisanych tre\u015bci w innych kana\u0142ach. <a title=\"Kliknij,  aby przeczyta\u0107\" href=\"https:\/\/www.sotrender.com\/blog\/pl\/2014\/10\/blogi-wczoraj-dzis\/\" target=\"_blank\">W niniejszym wpisie zwracamy te\u017c uwag\u0119,  \u017ce poza imponuj\u0105cym rozwojem blogosfera ma pewien problem. Wykorzystujemy dane Sotrendera i PBI oraz przede wszystkim komentarze ekspert\u00f3w.<\/a><\/p>\n<p style=\"text-align: justify;\"><a href=\"https:\/\/www.sotrender.com\/blog\/wp-content\/uploads\/2014\/10\/10365857_859958990701805_1779440027330959543_n.jpg\"><img loading=\"lazy\" decoding=\"async\" class=\"alignnone wp-image-15229\" src=\"https:\/\/www.sotrender.com\/blog\/wp-content\/uploads\/2014\/10\/10365857_859958990701805_1779440027330959543_n.jpg\" alt=\"10365857_859958990701805_1779440027330959543_n\" width=\"600\" height=\"575\" srcset=\"https:\/\/www.sotrender.com\/blog\/wp-content\/uploads\/2014\/10\/10365857_859958990701805_1779440027330959543_n.jpg 960w, https:\/\/www.sotrender.com\/blog\/wp-content\/uploads\/2014\/10\/10365857_859958990701805_1779440027330959543_n-475x455.jpg 475w, https:\/\/www.sotrender.com\/blog\/wp-content\/uploads\/2014\/10\/10365857_859958990701805_1779440027330959543_n-768x736.jpg 768w, https:\/\/www.sotrender.com\/blog\/wp-content\/uploads\/2014\/10\/10365857_859958990701805_1779440027330959543_n-950x910.jpg 950w, https:\/\/www.sotrender.com\/blog\/wp-content\/uploads\/2014\/10\/10365857_859958990701805_1779440027330959543_n-600x575.jpg 600w\" sizes=\"(max-width: 600px) 100vw, 600px\" \/><\/a><\/p>\n<h2 style=\"text-align: justify;\"><span style=\"text-decoration: underline;\"><a title=\"Kliknij,  aby przeczyta\u0107\" href=\"https:\/\/www.sotrender.com\/blog\/pl\/2014\/11\/mierzenie-social-media-2015\/\" target=\"_blank\">Pomiary social media w 2015 r. &#8211; jak b\u0119d\u0105 wygl\u0105da\u0107?<\/a><\/span><\/h2>\n<p style=\"text-align: justify;\">Firmy i marki prowadz\u0105 coraz intensywniejsze i bardziej profesjonalne dzia\u0142ania w mediach spo\u0142eczno\u015bciowych,  dlatego te\u017c zmienia si\u0119 spos\u00f3b,  w jaki patrz\u0105 na mierzenie ich rezultat\u00f3w. Dok\u0142adny,  a zarazem zgodny z celami pomiar efekt\u00f3w komunikacji pokazuje przecie\u017c,  w jakim stopniu firma realizuje wyznaczone cele i jak radzi sobie na tle konkurent\u00f3w. Warto wiedzie\u0107,  co i jak mo\u017cna mierzy\u0107 oraz wybra\u0107 wska\u017aniki odpowiednie do konkretnych cel\u00f3w i strategii. <a title=\"Kliknij,  aby przeczyta\u0107\" href=\"https:\/\/www.sotrender.com\/blog\/pl\/2014\/11\/mierzenie-social-media-2015\/\" target=\"_blank\">Wydaje si\u0119,  \u017ce tak\u017ce w Polsce nadszed\u0142 ju\u017c czas na pomiar nieco bardziej dojrza\u0142y ni\u017c tylko zliczanie liczby fan\u00f3w,  udost\u0119pnie\u0144 czy innych warto\u015bci wska\u017anik\u00f3w zaanga\u017cowania,  niezale\u017cnie od strategii marki i cel\u00f3w komunikacyjnych<\/a>.<\/p>\n<div id=\"attachment_15599\" style=\"width: 710px\" class=\"wp-caption alignnone\"><a href=\"https:\/\/www.sotrender.com\/blog\/wp-content\/uploads\/2014\/11\/typy-post\u00f3w.png\"><img loading=\"lazy\" decoding=\"async\" aria-describedby=\"caption-attachment-15599\" class=\"wp-image-15599\" src=\"https:\/\/www.sotrender.com\/blog\/wp-content\/uploads\/2014\/11\/typy-post\u00f3w.png\" alt=\"typy post\u00f3w\" width=\"700\" height=\"418\" srcset=\"https:\/\/www.sotrender.com\/blog\/wp-content\/uploads\/2014\/11\/typy-post\u00f3w.png 1004w, https:\/\/www.sotrender.com\/blog\/wp-content\/uploads\/2014\/11\/typy-post\u00f3w-475x283.png 475w, https:\/\/www.sotrender.com\/blog\/wp-content\/uploads\/2014\/11\/typy-post\u00f3w-768x458.png 768w, https:\/\/www.sotrender.com\/blog\/wp-content\/uploads\/2014\/11\/typy-post\u00f3w-950x567.png 950w, https:\/\/www.sotrender.com\/blog\/wp-content\/uploads\/2014\/11\/typy-post\u00f3w-600x358.png 600w, https:\/\/www.sotrender.com\/blog\/wp-content\/uploads\/2014\/11\/typy-post\u00f3w-300x180.png 300w\" sizes=\"(max-width: 700px) 100vw, 700px\" \/><\/a><p id=\"caption-attachment-15599\" class=\"wp-caption-text\">Zasi\u0119g post\u00f3w a ich liczba i rodzaj<\/p><\/div>\n<h2 style=\"text-align: justify;\"><span style=\"text-decoration: underline;\"><a title=\"Kliknij,  aby przeczyta\u0107\" href=\"https:\/\/www.sotrender.com\/blog\/pl\/2014\/03\/wskazowki-sotrendera\/\" target=\"_blank\">Wskaz\u00f3wki Sotrendera pomog\u0105 Ci poprawi\u0107 wyniki<\/a><\/span><\/h2>\n<p style=\"text-align: justify;\">Sotrender Analytics to nie tylko wykresy,  dane i najlepsze posty. P\u00f3\u0142tora roku temu wprowadzili\u015bmy do narz\u0119dzia now\u0105 funkcjonalno\u015b\u0107 \u2013 Wskaz\u00f3wki optymalizacyjne generowane automatycznie na podstawie danych. Cz\u0119sto pytano nas,  jak realizacja Wskaz\u00f3wek wp\u0142ywa na skuteczno\u015b\u0107 dzia\u0142a\u0144 na Facebooku. W niniejszym wpisie ujawniamy wszystkim niedowiarkom analiz\u0119 skuteczno\u015bci Wskaz\u00f3wek opart\u0105 o twarde dane. Stosowanie si\u0119 do naszych wskaz\u00f3wek skutkuje wzrostem zaanga\u017cowania u\u017cytkownik\u00f3w \u015brednio o 35%,  a efektywno\u015b\u0107 o 29%. <a title=\"Kliknij,  aby przeczyta\u0107\" href=\"https:\/\/www.sotrender.com\/blog\/pl\/2014\/03\/wskazowki-sotrendera\/\" target=\"_blank\">Dowiedz si\u0119 wi\u0119cej!<\/a><a href=\"https:\/\/www.sotrender.com\/blog\/wp-content\/uploads\/2014\/03\/5315e79238d38711155bd968.png\"><img loading=\"lazy\" decoding=\"async\" class=\"alignnone size-full wp-image-10891\" src=\"https:\/\/www.sotrender.com\/blog\/wp-content\/uploads\/2014\/03\/5315e79238d38711155bd968.png\" alt=\"5315e79238d38711155bd968\" width=\"800\" height=\"600\" srcset=\"https:\/\/www.sotrender.com\/blog\/wp-content\/uploads\/2014\/03\/5315e79238d38711155bd968.png 800w, https:\/\/www.sotrender.com\/blog\/wp-content\/uploads\/2014\/03\/5315e79238d38711155bd968-475x356.png 475w, https:\/\/www.sotrender.com\/blog\/wp-content\/uploads\/2014\/03\/5315e79238d38711155bd968-768x576.png 768w, https:\/\/www.sotrender.com\/blog\/wp-content\/uploads\/2014\/03\/5315e79238d38711155bd968-600x450.png 600w\" sizes=\"(max-width: 800px) 100vw, 800px\" \/><\/a><\/p>\n","protected":false},"excerpt":{"rendered":"<p>Rok 2014 up\u0142yn\u0105\u0142 pod znakiem wielkich wydarze\u0144. Zacz\u0119\u0142o si\u0119 od Igrzysk Olimpijskich w Soczi, potem mundiale w pi\u0142ce no\u017cnej i siatk\u00f3wce, po drodze wybory samorz\u0105dowe i europejskie. By\u0142y afery, Luis Suarez gryz\u0142, zasi\u0119g na Facebooku spada\u0142, blogosfera si\u0119 zmienia\u0142a, a Niemcy i tak zostali mistrzami \u015bwiata (Polacy te\u017c). Wszystkie te wydarzenia odbi\u0142y si\u0119 szerokim echem [&hellip;]<\/p>\n","protected":false},"author":49,"featured_media":16065,"comment_status":"open","ping_status":"open","sticky":false,"template":"","format":"standard","meta":{"inline_featured_image":false,"footnotes":""},"categories":[1791,1793,1797,1799,1801],"tags":[],"yoast_head":"<!-- This site is optimized with the Yoast SEO plugin v22.4 - https:\/\/yoast.com\/wordpress\/plugins\/seo\/ -->\n<title>10 rzeczy, kt\u00f3rych dowiedzieli\u015bmy si\u0119 w 2014 roku o social media i blogosferze \u2013 Sotrender Blog \u2013 Analyze, Benchmark &amp; Report Your Social Media Performance<\/title>\n<meta name=\"description\" content=\"Rok 2014 up\u0142yn\u0105\u0142 pod znakiem wielkich wydarze\u0144. Zacz\u0119\u0142o si\u0119 od Igrzysk Olimpijskich w Soczi, potem mundiale w pi\u0142ce no\u017cnej i siatk\u00f3wce, po drodze wybory Social Media Marketing &amp; Analytics Blog.\" \/>\n<meta name=\"robots\" content=\"index, follow, max-snippet:-1, max-image-preview:large, max-video-preview:-1\" \/>\n<link rel=\"canonical\" href=\"https:\/\/www.sotrender.com\/blog\/pl\/2014\/12\/12-social-media-blogosfera\/\" \/>\n<meta property=\"og:locale\" content=\"pl_PL\" \/>\n<meta property=\"og:type\" content=\"article\" \/>\n<meta property=\"og:title\" content=\"10 rzeczy, kt\u00f3rych dowiedzieli\u015bmy si\u0119 w 2014 roku o social media i blogosferze \u2013 Sotrender Blog \u2013 Analyze, Benchmark &amp; Report Your Social Media Performance\" \/>\n<meta property=\"og:description\" content=\"Rok 2014 up\u0142yn\u0105\u0142 pod znakiem wielkich wydarze\u0144. Zacz\u0119\u0142o si\u0119 od Igrzysk Olimpijskich w Soczi, potem mundiale w pi\u0142ce no\u017cnej i siatk\u00f3wce, po drodze wybory Social Media Marketing &amp; Analytics Blog.\" \/>\n<meta property=\"og:url\" content=\"https:\/\/www.sotrender.com\/blog\/pl\/2014\/12\/12-social-media-blogosfera\/\" \/>\n<meta property=\"og:site_name\" content=\"Sotrender Blog\" \/>\n<meta property=\"article:publisher\" content=\"https:\/\/www.facebook.com\/Sotrender\" \/>\n<meta property=\"article:published_time\" content=\"2014-12-30T11:34:58+00:00\" \/>\n<meta property=\"article:modified_time\" content=\"2015-12-01T20:47:17+00:00\" \/>\n<meta property=\"og:image\" content=\"https:\/\/www.sotrender.com\/blog\/wp-content\/uploads\/2014\/12\/mac-glasses-e1422546512562.jpg\" \/>\n\t<meta property=\"og:image:width\" content=\"921\" \/>\n\t<meta property=\"og:image:height\" content=\"467\" \/>\n\t<meta property=\"og:image:type\" content=\"image\/jpeg\" \/>\n<meta name=\"author\" content=\"Micha\u0142 Wieczorek\" \/>\n<meta name=\"twitter:card\" content=\"summary_large_image\" \/>\n<meta name=\"twitter:creator\" content=\"@http:\/\/twitter.com\/eveningo\" \/>\n<meta name=\"twitter:site\" content=\"@Sotrender\" \/>\n<meta name=\"twitter:label1\" content=\"Written by\" \/>\n\t<meta name=\"twitter:data1\" content=\"Micha\u0142 Wieczorek\" \/>\n\t<meta name=\"twitter:label2\" content=\"Est. reading time\" \/>\n\t<meta name=\"twitter:data2\" content=\"6 minutes\" \/>\n<script type=\"application\/ld+json\" class=\"yoast-schema-graph\">{\"@context\":\"https:\/\/schema.org\",\"@graph\":[{\"@type\":\"WebPage\",\"@id\":\"https:\/\/www.sotrender.com\/blog\/pl\/2014\/12\/12-social-media-blogosfera\/\",\"url\":\"https:\/\/www.sotrender.com\/blog\/pl\/2014\/12\/12-social-media-blogosfera\/\",\"name\":\"10 rzeczy, kt\u00f3rych dowiedzieli\u015bmy si\u0119 w 2014 roku o social media i blogosferze \u2013 Sotrender Blog \u2013 Analyze, Benchmark & Report Your Social Media Performance\",\"isPartOf\":{\"@id\":\"https:\/\/www.sotrender.com\/blog\/#website\"},\"primaryImageOfPage\":{\"@id\":\"https:\/\/www.sotrender.com\/blog\/pl\/2014\/12\/12-social-media-blogosfera\/#primaryimage\"},\"image\":{\"@id\":\"https:\/\/www.sotrender.com\/blog\/pl\/2014\/12\/12-social-media-blogosfera\/#primaryimage\"},\"thumbnailUrl\":\"https:\/\/www.sotrender.com\/blog\/wp-content\/uploads\/2014\/12\/mac-glasses-e1422546512562.jpg\",\"datePublished\":\"2014-12-30T11:34:58+00:00\",\"dateModified\":\"2015-12-01T20:47:17+00:00\",\"author\":{\"@id\":\"https:\/\/www.sotrender.com\/blog\/#\/schema\/person\/48ed6f8ff39863778de8dd32f58467f5\"},\"description\":\"Rok 2014 up\u0142yn\u0105\u0142 pod znakiem wielkich wydarze\u0144. Zacz\u0119\u0142o si\u0119 od Igrzysk Olimpijskich w Soczi, potem mundiale w pi\u0142ce no\u017cnej i siatk\u00f3wce, po drodze wybory Social Media Marketing & Analytics Blog.\",\"breadcrumb\":{\"@id\":\"https:\/\/www.sotrender.com\/blog\/pl\/2014\/12\/12-social-media-blogosfera\/#breadcrumb\"},\"inLanguage\":\"pl-PL\",\"potentialAction\":[{\"@type\":\"ReadAction\",\"target\":[\"https:\/\/www.sotrender.com\/blog\/pl\/2014\/12\/12-social-media-blogosfera\/\"]}]},{\"@type\":\"ImageObject\",\"inLanguage\":\"pl-PL\",\"@id\":\"https:\/\/www.sotrender.com\/blog\/pl\/2014\/12\/12-social-media-blogosfera\/#primaryimage\",\"url\":\"https:\/\/www.sotrender.com\/blog\/wp-content\/uploads\/2014\/12\/mac-glasses-e1422546512562.jpg\",\"contentUrl\":\"https:\/\/www.sotrender.com\/blog\/wp-content\/uploads\/2014\/12\/mac-glasses-e1422546512562.jpg\",\"width\":921,\"height\":467},{\"@type\":\"BreadcrumbList\",\"@id\":\"https:\/\/www.sotrender.com\/blog\/pl\/2014\/12\/12-social-media-blogosfera\/#breadcrumb\",\"itemListElement\":[{\"@type\":\"ListItem\",\"position\":1,\"name\":\"Home\",\"item\":\"https:\/\/www.sotrender.com\/blog\/\"},{\"@type\":\"ListItem\",\"position\":2,\"name\":\"10 rzeczy, kt\u00f3rych dowiedzieli\u015bmy si\u0119 w 2014 roku o social media i blogosferze\"}]},{\"@type\":\"WebSite\",\"@id\":\"https:\/\/www.sotrender.com\/blog\/#website\",\"url\":\"https:\/\/www.sotrender.com\/blog\/\",\"name\":\"Sotrender Blog\",\"description\":\"\",\"potentialAction\":[{\"@type\":\"SearchAction\",\"target\":{\"@type\":\"EntryPoint\",\"urlTemplate\":\"https:\/\/www.sotrender.com\/blog\/?s={search_term_string}\"},\"query-input\":\"required name=search_term_string\"}],\"inLanguage\":\"pl-PL\"},{\"@type\":\"Person\",\"@id\":\"https:\/\/www.sotrender.com\/blog\/#\/schema\/person\/48ed6f8ff39863778de8dd32f58467f5\",\"name\":\"Micha\u0142 Wieczorek\",\"image\":{\"@type\":\"ImageObject\",\"inLanguage\":\"pl-PL\",\"@id\":\"https:\/\/www.sotrender.com\/blog\/#\/schema\/person\/image\/\",\"url\":\"https:\/\/secure.gravatar.com\/avatar\/65ceb2020aa2338488b9c5f33c10137f?s=96&d=mm&r=g\",\"contentUrl\":\"https:\/\/secure.gravatar.com\/avatar\/65ceb2020aa2338488b9c5f33c10137f?s=96&d=mm&r=g\",\"caption\":\"Micha\u0142 Wieczorek\"},\"description\":\"Baltic linguist, marketer, and music journalist in his free time. A big fan of good food and even better music.\",\"sameAs\":[\"https:\/\/www.linkedin.com\/in\/michaldwieczorek\",\"https:\/\/twitter.com\/http:\/\/twitter.com\/eveningo\"],\"url\":\"https:\/\/www.sotrender.com\/blog\/pl\/author\/micha_wieczorek\/\"}]}<\/script>\n<!-- \/ Yoast SEO plugin. -->","yoast_head_json":{"title":"10 rzeczy, kt\u00f3rych dowiedzieli\u015bmy si\u0119 w 2014 roku o social media i blogosferze \u2013 Sotrender Blog \u2013 Analyze, Benchmark & Report Your Social Media Performance","description":"Rok 2014 up\u0142yn\u0105\u0142 pod znakiem wielkich wydarze\u0144. Zacz\u0119\u0142o si\u0119 od Igrzysk Olimpijskich w Soczi, potem mundiale w pi\u0142ce no\u017cnej i siatk\u00f3wce, po drodze wybory Social Media Marketing & Analytics Blog.","robots":{"index":"index","follow":"follow","max-snippet":"max-snippet:-1","max-image-preview":"max-image-preview:large","max-video-preview":"max-video-preview:-1"},"canonical":"https:\/\/www.sotrender.com\/blog\/pl\/2014\/12\/12-social-media-blogosfera\/","og_locale":"pl_PL","og_type":"article","og_title":"10 rzeczy, kt\u00f3rych dowiedzieli\u015bmy si\u0119 w 2014 roku o social media i blogosferze \u2013 Sotrender Blog \u2013 Analyze, Benchmark & Report Your Social Media Performance","og_description":"Rok 2014 up\u0142yn\u0105\u0142 pod znakiem wielkich wydarze\u0144. Zacz\u0119\u0142o si\u0119 od Igrzysk Olimpijskich w Soczi, potem mundiale w pi\u0142ce no\u017cnej i siatk\u00f3wce, po drodze wybory Social Media Marketing & Analytics Blog.","og_url":"https:\/\/www.sotrender.com\/blog\/pl\/2014\/12\/12-social-media-blogosfera\/","og_site_name":"Sotrender Blog","article_publisher":"https:\/\/www.facebook.com\/Sotrender","article_published_time":"2014-12-30T11:34:58+00:00","article_modified_time":"2015-12-01T20:47:17+00:00","og_image":[{"width":921,"height":467,"url":"https:\/\/www.sotrender.com\/blog\/wp-content\/uploads\/2014\/12\/mac-glasses-e1422546512562.jpg","type":"image\/jpeg"}],"author":"Micha\u0142 Wieczorek","twitter_card":"summary_large_image","twitter_creator":"@http:\/\/twitter.com\/eveningo","twitter_site":"@Sotrender","twitter_misc":{"Written by":"Micha\u0142 Wieczorek","Est. reading time":"6 minutes"},"schema":{"@context":"https:\/\/schema.org","@graph":[{"@type":"WebPage","@id":"https:\/\/www.sotrender.com\/blog\/pl\/2014\/12\/12-social-media-blogosfera\/","url":"https:\/\/www.sotrender.com\/blog\/pl\/2014\/12\/12-social-media-blogosfera\/","name":"10 rzeczy, kt\u00f3rych dowiedzieli\u015bmy si\u0119 w 2014 roku o social media i blogosferze \u2013 Sotrender Blog \u2013 Analyze, Benchmark & Report Your Social Media Performance","isPartOf":{"@id":"https:\/\/www.sotrender.com\/blog\/#website"},"primaryImageOfPage":{"@id":"https:\/\/www.sotrender.com\/blog\/pl\/2014\/12\/12-social-media-blogosfera\/#primaryimage"},"image":{"@id":"https:\/\/www.sotrender.com\/blog\/pl\/2014\/12\/12-social-media-blogosfera\/#primaryimage"},"thumbnailUrl":"https:\/\/www.sotrender.com\/blog\/wp-content\/uploads\/2014\/12\/mac-glasses-e1422546512562.jpg","datePublished":"2014-12-30T11:34:58+00:00","dateModified":"2015-12-01T20:47:17+00:00","author":{"@id":"https:\/\/www.sotrender.com\/blog\/#\/schema\/person\/48ed6f8ff39863778de8dd32f58467f5"},"description":"Rok 2014 up\u0142yn\u0105\u0142 pod znakiem wielkich wydarze\u0144. Zacz\u0119\u0142o si\u0119 od Igrzysk Olimpijskich w Soczi, potem mundiale w pi\u0142ce no\u017cnej i siatk\u00f3wce, po drodze wybory Social Media Marketing & Analytics Blog.","breadcrumb":{"@id":"https:\/\/www.sotrender.com\/blog\/pl\/2014\/12\/12-social-media-blogosfera\/#breadcrumb"},"inLanguage":"pl-PL","potentialAction":[{"@type":"ReadAction","target":["https:\/\/www.sotrender.com\/blog\/pl\/2014\/12\/12-social-media-blogosfera\/"]}]},{"@type":"ImageObject","inLanguage":"pl-PL","@id":"https:\/\/www.sotrender.com\/blog\/pl\/2014\/12\/12-social-media-blogosfera\/#primaryimage","url":"https:\/\/www.sotrender.com\/blog\/wp-content\/uploads\/2014\/12\/mac-glasses-e1422546512562.jpg","contentUrl":"https:\/\/www.sotrender.com\/blog\/wp-content\/uploads\/2014\/12\/mac-glasses-e1422546512562.jpg","width":921,"height":467},{"@type":"BreadcrumbList","@id":"https:\/\/www.sotrender.com\/blog\/pl\/2014\/12\/12-social-media-blogosfera\/#breadcrumb","itemListElement":[{"@type":"ListItem","position":1,"name":"Home","item":"https:\/\/www.sotrender.com\/blog\/"},{"@type":"ListItem","position":2,"name":"10 rzeczy, kt\u00f3rych dowiedzieli\u015bmy si\u0119 w 2014 roku o social media i blogosferze"}]},{"@type":"WebSite","@id":"https:\/\/www.sotrender.com\/blog\/#website","url":"https:\/\/www.sotrender.com\/blog\/","name":"Sotrender Blog","description":"","potentialAction":[{"@type":"SearchAction","target":{"@type":"EntryPoint","urlTemplate":"https:\/\/www.sotrender.com\/blog\/?s={search_term_string}"},"query-input":"required name=search_term_string"}],"inLanguage":"pl-PL"},{"@type":"Person","@id":"https:\/\/www.sotrender.com\/blog\/#\/schema\/person\/48ed6f8ff39863778de8dd32f58467f5","name":"Micha\u0142 Wieczorek","image":{"@type":"ImageObject","inLanguage":"pl-PL","@id":"https:\/\/www.sotrender.com\/blog\/#\/schema\/person\/image\/","url":"https:\/\/secure.gravatar.com\/avatar\/65ceb2020aa2338488b9c5f33c10137f?s=96&d=mm&r=g","contentUrl":"https:\/\/secure.gravatar.com\/avatar\/65ceb2020aa2338488b9c5f33c10137f?s=96&d=mm&r=g","caption":"Micha\u0142 Wieczorek"},"description":"Baltic linguist, marketer, and music journalist in his free time. A big fan of good food and even better music.","sameAs":["https:\/\/www.linkedin.com\/in\/michaldwieczorek","https:\/\/twitter.com\/http:\/\/twitter.com\/eveningo"],"url":"https:\/\/www.sotrender.com\/blog\/pl\/author\/micha_wieczorek\/"}]}},"_links":{"self":[{"href":"https:\/\/www.sotrender.com\/blog\/pl\/wp-json\/wp\/v2\/posts\/16061"}],"collection":[{"href":"https:\/\/www.sotrender.com\/blog\/pl\/wp-json\/wp\/v2\/posts"}],"about":[{"href":"https:\/\/www.sotrender.com\/blog\/pl\/wp-json\/wp\/v2\/types\/post"}],"author":[{"embeddable":true,"href":"https:\/\/www.sotrender.com\/blog\/pl\/wp-json\/wp\/v2\/users\/49"}],"replies":[{"embeddable":true,"href":"https:\/\/www.sotrender.com\/blog\/pl\/wp-json\/wp\/v2\/comments?post=16061"}],"version-history":[{"count":25,"href":"https:\/\/www.sotrender.com\/blog\/pl\/wp-json\/wp\/v2\/posts\/16061\/revisions"}],"predecessor-version":[{"id":16125,"href":"https:\/\/www.sotrender.com\/blog\/pl\/wp-json\/wp\/v2\/posts\/16061\/revisions\/16125"}],"wp:featuredmedia":[{"embeddable":true,"href":"https:\/\/www.sotrender.com\/blog\/pl\/wp-json\/wp\/v2\/media\/16065"}],"wp:attachment":[{"href":"https:\/\/www.sotrender.com\/blog\/pl\/wp-json\/wp\/v2\/media?parent=16061"}],"wp:term":[{"taxonomy":"category","embeddable":true,"href":"https:\/\/www.sotrender.com\/blog\/pl\/wp-json\/wp\/v2\/categories?post=16061"},{"taxonomy":"post_tag","embeddable":true,"href":"https:\/\/www.sotrender.com\/blog\/pl\/wp-json\/wp\/v2\/tags?post=16061"}],"curies":[{"name":"wp","href":"https:\/\/api.w.org\/{rel}","templated":true}]}}