{"id":1587,"date":"2012-08-02T19:01:17","date_gmt":"2012-08-02T18:01:17","guid":{"rendered":"http:\/\/blog.sotrender.com\/?p=1587"},"modified":"2017-04-13T17:42:01","modified_gmt":"2017-04-13T15:42:01","slug":"nowy-rekord-lajkow-na-polskim-facebooku-czyli-jak-skorzystac-z-edge-ranka","status":"publish","type":"post","link":"https:\/\/www.sotrender.com\/blog\/pl\/2012\/08\/nowy-rekord-lajkow-na-polskim-facebooku-czyli-jak-skorzystac-z-edge-ranka\/","title":{"rendered":"Nowy rekord lajk\u00f3w na polskim Facebooku,  czyli jak skorzysta\u0107 z Edge Ranka"},"content":{"rendered":"<p style=\"text-align: justify;\"><a title=\"Sotrender\" href=\"http:\/\/www.sotrender.com\">Sotrender<\/a> potwierdza &#8211; w\u0142a\u015bnie pad\u0142 nowy rekord w liczbie &#8220;lubi\u0119 to&#8221; do jednego posta. Pobi\u0142 go nasz Klient, <a href=\"http:\/\/www.livebrand.pl\/\">Agencja Livebrand<\/a>, na prowadzonym przez siebie fanpage&#8217;u <a href=\"http:\/\/www.facebook.com\/rozumiesz?\">Nie Ogarniam<\/a>\u00a0&#8211; gratulujemy! \ud83d\ude42<\/p>\n<p style=\"text-align: justify;\">A oto <a href=\"https:\/\/www.facebook.com\/304460261975\/posts\/10150947250516976\">rekordowy post<\/a>:<\/p>\n<p style=\"text-align: justify;\">\u00a0<!--more--><\/p>\n<p style=\"text-align: justify;\"><a href=\"https:\/\/www.sotrender.com\/blog\/wp-content\/uploads\/2012\/08\/nieogarniam.jpg\"><img loading=\"lazy\" decoding=\"async\" class=\"aligncenter size-full wp-image-1593\" title=\"Rekordowy post Nie ogarniam.\" src=\"https:\/\/www.sotrender.com\/blog\/wp-content\/uploads\/2012\/08\/nieogarniam.jpg\" alt=\"\" width=\"625\" height=\"629\" srcset=\"https:\/\/www.sotrender.com\/blog\/wp-content\/uploads\/2012\/08\/nieogarniam.jpg 625w, https:\/\/www.sotrender.com\/blog\/wp-content\/uploads\/2012\/08\/nieogarniam-475x478.jpg 475w, https:\/\/www.sotrender.com\/blog\/wp-content\/uploads\/2012\/08\/nieogarniam-600x604.jpg 600w, https:\/\/www.sotrender.com\/blog\/wp-content\/uploads\/2012\/08\/nieogarniam-80x80.jpg 80w\" sizes=\"(max-width: 625px) 100vw, 625px\" \/><\/a><\/p>\n<p style=\"text-align: justify;\">Zreszt\u0105 o tym, \u017ce rekord si\u0119 szykuje, <a href=\"https:\/\/www.facebook.com\/Sotrender\/posts\/394532067271116\">pisali\u015bmy ju\u017c ponad tydzie\u0144 temu<\/a>\u00a0na naszym fanpage&#8217;u (ale niestety dostali\u015bmy troch\u0119 mniej lajk\u00f3w \ud83d\ude09 )<\/p>\n<p style=\"text-align: justify;\">Mechanizm takich rekord\u00f3w wydaje si\u0119 bardzo prosty, cho\u0107 jednak nikt do tej pory tak dobrze go nie wykorzysta\u0142:<\/p>\n<p style=\"text-align: justify;\">&#8211; zdj\u0119cie odwo\u0142uj\u0105ce si\u0119 do prostych emocji (zreszt\u0105 pewnie z tzw. stock&#8217;a)<\/p>\n<p style=\"text-align: justify;\">&#8211; proste wezwanie, tzw. <em>call to action<\/em>, sk\u0142aniaj\u0105ce do konkretnych aktywno\u015bci &#8211; lubienia, komentowania, dzielenia si\u0119 ze znajomymi, kt\u00f3re powoduj\u0105, \u017ce dany post jest widoczny dla znajomych i ma wysoki tzw. Edge Rank<\/p>\n<p style=\"text-align: justify;\">&#8211; no i pewnie wsparcie szybkim rozpropagowaniem w\u015br\u00f3d znajomych i wsp\u00f3\u0142pracownik\u00f3w.<\/p>\n<p style=\"text-align: justify;\">Zreszt\u0105 te same mechanizmy wykorzystywa\u0142o wiele najpopularniejszych post\u00f3w z okresu Euro 2012, <a href=\"https:\/\/www.sotrender.com\/blog\/pl\/2012\/06\/euro-2012-na-facebooku\/\">opisanych w naszej analizie<\/a>.<\/p>\n<p style=\"text-align: justify;\">Oczywi\u015bcie nie ka\u017cda marka mo\u017ce sobie na to pozwoli\u0107, i ca\u0142e szcz\u0119\u015bcie. Stratedzy s\u0142usznie podkre\u015blaj\u0105, \u017ce tzw. \u017cebrolajki w przypadku marek d\u0142ugofalowo nie maj\u0105 raczej sensu, nawet je\u015bli poprzez nabijanie Edge&#8217; Ranka (mechanizm Facebooka s\u0142u\u017c\u0105cy filtrowaniu post\u00f3w pokazywanych u\u017cytkownikom w streamie) zyskaj\u0105 du\u017cy zasi\u0119g.<\/p>\n<p style=\"text-align: justify;\">Zarazem jednak r\u00f3\u017cne rozrywkowe fanpage typu <a href=\"http:\/\/www.facebook.com\/rozumiesz?\">Nie Ogarniam<\/a>\u00a0coraz skuteczniej wykorzystuj\u0105 t\u0119 technik\u0119, czasem sprowadzaj\u0105c j\u0105 do absurdu. Cz\u0119sto s\u0105 prowadzone przez profesjonalne agencje, kt\u00f3re w ten spos\u00f3b trenuj\u0105 przed &#8220;powa\u017cnymi kampaniami&#8221; i buduj\u0105 zaplecze w postaci tzw. farm fan\u00f3w.<\/p>\n<p style=\"text-align: justify;\">Poznajcie zatem kolejnych, nieco mniej spektakularnych rekordzist\u00f3w &#8211; oto 2. i 3. najch\u0119tniej lubiany post z ostatniego miesi\u0105ca.<\/p>\n<p style=\"text-align: justify;\">Zaczynamy od znanych i lubianych bohater\u00f3w popkultury:<\/p>\n<p style=\"text-align: justify;\"><a href=\"https:\/\/www.sotrender.com\/blog\/wp-content\/uploads\/2012\/08\/Ferdek.jpg\"><img loading=\"lazy\" decoding=\"async\" class=\"size-medium wp-image-1599\" title=\"Ferdek na Zobacz to\" src=\"https:\/\/www.sotrender.com\/blog\/wp-content\/uploads\/2012\/08\/Ferdek-300x275.jpg\" alt=\"\" width=\"300\" height=\"275\" \/><\/a><\/p>\n<p style=\"text-align: justify;\"><a href=\"https:\/\/www.facebook.com\/298810220187058\/posts\/365279600206786\">https:\/\/www.facebook.com\/298810220187058\/posts\/365279600206786<\/a><\/p>\n<p style=\"text-align: justify;\">Ferdek i Pa\u017adzioch zaanga\u017cowali 11-krotnie wi\u0119cej fan\u00f3w, ni\u017c ma ca\u0142y <a href=\"https:\/\/www.facebook.com\/zobacztosam\">fanpage Zobacz to<\/a>.<\/p>\n<p style=\"text-align: justify;\">Przekroczy\u0107 granice absurdu w walce na lajki uda\u0142o si\u0119 <a href=\"https:\/\/www.facebook.com\/112222768788072\/posts\/474843232526022\">Komixxom<\/a>:<\/p>\n<p style=\"text-align: justify;\"><a href=\"https:\/\/www.sotrender.com\/blog\/wp-content\/uploads\/2012\/08\/Bieber-vs-Toster2.jpg\"><img loading=\"lazy\" decoding=\"async\" class=\"aligncenter size-medium wp-image-1613\" title=\"Bieber vs Toster\" src=\"https:\/\/www.sotrender.com\/blog\/wp-content\/uploads\/2012\/08\/Bieber-vs-Toster2-300x240.jpg\" alt=\"https:\/\/www.facebook.com\/112222768788072\/posts\/474843232526022\" width=\"300\" height=\"240\" \/><\/a><\/p>\n<p style=\"text-align: justify;\">Marki komercyjne mog\u0105 marzy\u0107 o zbli\u017ceniu si\u0119 do takich wynik\u00f3w. Najlepszy czerwcowy post markowego fanpage&#8217;a nale\u017c\u0105cy do Serca i Rozumu\u00a0 zdoby\u0142 niespe\u0142na 30 tys. lajk\u00f3w i 1.157 komentarzy. Pomimo, \u017ce rozrywkowym fanpage&#8217;om du\u017co \u0142atwiej jest o aktywno\u015bci fan\u00f3w, najpopularniejszy czerwcowy post zamieszczony przez KWEJK zdoby\u0142 nieca\u0142e 100 tys. lajk\u00f3w i 904 komentarze.<\/p>\n<p style=\"text-align: justify;\">A zatem lajkujemy, komentujemy wg algorytmu<\/p>\n<p style=\"text-align: justify;\">&#8211; 1 like \u00a0= 1 gratulacja dla autor\u00f3w tego posta,<\/p>\n<p style=\"text-align: justify;\">&#8211; kto nie lubi &#8220;\u017cebrolajk\u00f3w&#8221;, ten komentuje,<\/p>\n<p style=\"text-align: justify;\">&#8211; a kto czyta\u0142 &#8211; ten tr\u0105ba i <a href=\"https:\/\/www.facebook.com\/pages\/Witold-Gombrowicz\/109363485749469\">klika tu<\/a>.<\/p>\n<p style=\"text-align: justify;\">Autorzy: Jan Zaj\u0105c (CEO), Daria Kuczmara (analityczka)<\/p>\n","protected":false},"excerpt":{"rendered":"<p>Sotrender potwierdza &#8211; w\u0142a\u015bnie pad\u0142 nowy rekord w liczbie &#8220;lubi\u0119 to&#8221; do jednego posta. Pobi\u0142 go nasz Klient, Agencja Livebrand, na prowadzonym przez siebie fanpage&#8217;u Nie Ogarniam\u00a0&#8211; gratulujemy! \ud83d\ude42 A oto rekordowy post: \u00a0<\/p>\n","protected":false},"author":2,"featured_media":18901,"comment_status":"open","ping_status":"open","sticky":false,"template":"","format":"standard","meta":{"inline_featured_image":false,"footnotes":""},"categories":[1793,1797],"tags":[17,25,207,311,1537,1857],"yoast_head":"<!-- This site is optimized with the Yoast SEO plugin v22.4 - https:\/\/yoast.com\/wordpress\/plugins\/seo\/ -->\n<title>Rekord na polskim Facebooku, czyli skuteczny przepis na Edge Rank<\/title>\n<meta name=\"description\" content=\"Rekord liczby &quot;lajk\u00f3w&quot; na polskim Facebooku - najch\u0119tniej lubiany post, wykorzystuj\u0105cy mechanizm Edge Ranka; analiza najlepszych post\u00f3w\" \/>\n<meta name=\"robots\" content=\"index, follow, max-snippet:-1, max-image-preview:large, max-video-preview:-1\" \/>\n<link rel=\"canonical\" href=\"https:\/\/www.sotrender.com\/blog\/pl\/2012\/08\/nowy-rekord-lajkow-na-polskim-facebooku-czyli-jak-skorzystac-z-edge-ranka\/\" \/>\n<meta property=\"og:locale\" content=\"pl_PL\" \/>\n<meta property=\"og:type\" content=\"article\" \/>\n<meta property=\"og:title\" content=\"Rekord na polskim Facebooku, czyli skuteczny przepis na Edge Rank\" \/>\n<meta property=\"og:description\" content=\"Rekord liczby &quot;lajk\u00f3w&quot; na polskim Facebooku - najch\u0119tniej lubiany post, wykorzystuj\u0105cy mechanizm Edge Ranka; analiza najlepszych post\u00f3w\" \/>\n<meta property=\"og:url\" content=\"https:\/\/www.sotrender.com\/blog\/pl\/2012\/08\/nowy-rekord-lajkow-na-polskim-facebooku-czyli-jak-skorzystac-z-edge-ranka\/\" \/>\n<meta property=\"og:site_name\" content=\"Sotrender Blog\" \/>\n<meta property=\"article:publisher\" content=\"https:\/\/www.facebook.com\/Sotrender\" \/>\n<meta property=\"article:author\" content=\"https:\/\/www.facebook.com\/jan.zajac.75?fref=ts\" \/>\n<meta property=\"article:published_time\" content=\"2012-08-02T18:01:17+00:00\" \/>\n<meta property=\"article:modified_time\" content=\"2017-04-13T15:42:01+00:00\" \/>\n<meta property=\"og:image\" content=\"https:\/\/www.sotrender.com\/blog\/wp-content\/uploads\/2015\/07\/header_blog_3.jpg\" \/>\n\t<meta property=\"og:image:width\" content=\"1600\" \/>\n\t<meta property=\"og:image:height\" content=\"700\" \/>\n\t<meta property=\"og:image:type\" content=\"image\/jpeg\" \/>\n<meta name=\"author\" content=\"Jan Zaj\u0105c\" \/>\n<meta name=\"twitter:card\" content=\"summary_large_image\" \/>\n<meta name=\"twitter:creator\" content=\"@http:\/\/twitter.com\/janekzajac\" \/>\n<meta name=\"twitter:site\" content=\"@Sotrender\" \/>\n<meta name=\"twitter:label1\" content=\"Written by\" \/>\n\t<meta name=\"twitter:data1\" content=\"Jan Zaj\u0105c\" \/>\n\t<meta name=\"twitter:label2\" content=\"Est. reading time\" \/>\n\t<meta name=\"twitter:data2\" content=\"2 minutes\" \/>\n<script type=\"application\/ld+json\" class=\"yoast-schema-graph\">{\"@context\":\"https:\/\/schema.org\",\"@graph\":[{\"@type\":\"WebPage\",\"@id\":\"https:\/\/www.sotrender.com\/blog\/pl\/2012\/08\/nowy-rekord-lajkow-na-polskim-facebooku-czyli-jak-skorzystac-z-edge-ranka\/\",\"url\":\"https:\/\/www.sotrender.com\/blog\/pl\/2012\/08\/nowy-rekord-lajkow-na-polskim-facebooku-czyli-jak-skorzystac-z-edge-ranka\/\",\"name\":\"Rekord na polskim Facebooku, czyli skuteczny przepis na Edge Rank\",\"isPartOf\":{\"@id\":\"https:\/\/www.sotrender.com\/blog\/#website\"},\"primaryImageOfPage\":{\"@id\":\"https:\/\/www.sotrender.com\/blog\/pl\/2012\/08\/nowy-rekord-lajkow-na-polskim-facebooku-czyli-jak-skorzystac-z-edge-ranka\/#primaryimage\"},\"image\":{\"@id\":\"https:\/\/www.sotrender.com\/blog\/pl\/2012\/08\/nowy-rekord-lajkow-na-polskim-facebooku-czyli-jak-skorzystac-z-edge-ranka\/#primaryimage\"},\"thumbnailUrl\":\"https:\/\/www.sotrender.com\/blog\/wp-content\/uploads\/2015\/07\/header_blog_3.jpg\",\"datePublished\":\"2012-08-02T18:01:17+00:00\",\"dateModified\":\"2017-04-13T15:42:01+00:00\",\"author\":{\"@id\":\"https:\/\/www.sotrender.com\/blog\/#\/schema\/person\/15d4db3ba9c4e61b1cb96099300e7c51\"},\"description\":\"Rekord liczby \\\"lajk\u00f3w\\\" na polskim Facebooku - najch\u0119tniej lubiany post, wykorzystuj\u0105cy mechanizm Edge Ranka; analiza najlepszych post\u00f3w\",\"breadcrumb\":{\"@id\":\"https:\/\/www.sotrender.com\/blog\/pl\/2012\/08\/nowy-rekord-lajkow-na-polskim-facebooku-czyli-jak-skorzystac-z-edge-ranka\/#breadcrumb\"},\"inLanguage\":\"pl-PL\",\"potentialAction\":[{\"@type\":\"ReadAction\",\"target\":[\"https:\/\/www.sotrender.com\/blog\/pl\/2012\/08\/nowy-rekord-lajkow-na-polskim-facebooku-czyli-jak-skorzystac-z-edge-ranka\/\"]}]},{\"@type\":\"ImageObject\",\"inLanguage\":\"pl-PL\",\"@id\":\"https:\/\/www.sotrender.com\/blog\/pl\/2012\/08\/nowy-rekord-lajkow-na-polskim-facebooku-czyli-jak-skorzystac-z-edge-ranka\/#primaryimage\",\"url\":\"https:\/\/www.sotrender.com\/blog\/wp-content\/uploads\/2015\/07\/header_blog_3.jpg\",\"contentUrl\":\"https:\/\/www.sotrender.com\/blog\/wp-content\/uploads\/2015\/07\/header_blog_3.jpg\",\"width\":1600,\"height\":700},{\"@type\":\"BreadcrumbList\",\"@id\":\"https:\/\/www.sotrender.com\/blog\/pl\/2012\/08\/nowy-rekord-lajkow-na-polskim-facebooku-czyli-jak-skorzystac-z-edge-ranka\/#breadcrumb\",\"itemListElement\":[{\"@type\":\"ListItem\",\"position\":1,\"name\":\"Home\",\"item\":\"https:\/\/www.sotrender.com\/blog\/\"},{\"@type\":\"ListItem\",\"position\":2,\"name\":\"Nowy rekord lajk\u00f3w na polskim Facebooku, czyli jak skorzysta\u0107 z Edge Ranka\"}]},{\"@type\":\"WebSite\",\"@id\":\"https:\/\/www.sotrender.com\/blog\/#website\",\"url\":\"https:\/\/www.sotrender.com\/blog\/\",\"name\":\"Sotrender Blog\",\"description\":\"\",\"potentialAction\":[{\"@type\":\"SearchAction\",\"target\":{\"@type\":\"EntryPoint\",\"urlTemplate\":\"https:\/\/www.sotrender.com\/blog\/?s={search_term_string}\"},\"query-input\":\"required name=search_term_string\"}],\"inLanguage\":\"pl-PL\"},{\"@type\":\"Person\",\"@id\":\"https:\/\/www.sotrender.com\/blog\/#\/schema\/person\/15d4db3ba9c4e61b1cb96099300e7c51\",\"name\":\"Jan Zaj\u0105c\",\"image\":{\"@type\":\"ImageObject\",\"inLanguage\":\"pl-PL\",\"@id\":\"https:\/\/www.sotrender.com\/blog\/#\/schema\/person\/image\/\",\"url\":\"https:\/\/secure.gravatar.com\/avatar\/330c70ea205c5402148d7c7d8927d81d?s=96&d=mm&r=g\",\"contentUrl\":\"https:\/\/secure.gravatar.com\/avatar\/330c70ea205c5402148d7c7d8927d81d?s=96&d=mm&r=g\",\"caption\":\"Jan Zaj\u0105c\"},\"description\":\"Psychologist &amp; economist, experienced consultant &amp; researcher, who speaks 6 languages and has cycled around 17 countries.\",\"sameAs\":[\"https:\/\/www.facebook.com\/jan.zajac.75?fref=ts\",\"https:\/\/www.linkedin.com\/in\/janekzajac\",\"https:\/\/twitter.com\/http:\/\/twitter.com\/janekzajac\"],\"url\":\"https:\/\/www.sotrender.com\/blog\/pl\/author\/jan_zajc\/\"}]}<\/script>\n<!-- \/ Yoast SEO plugin. -->","yoast_head_json":{"title":"Rekord na polskim Facebooku, czyli skuteczny przepis na Edge Rank","description":"Rekord liczby \"lajk\u00f3w\" na polskim Facebooku - najch\u0119tniej lubiany post, wykorzystuj\u0105cy mechanizm Edge Ranka; analiza najlepszych post\u00f3w","robots":{"index":"index","follow":"follow","max-snippet":"max-snippet:-1","max-image-preview":"max-image-preview:large","max-video-preview":"max-video-preview:-1"},"canonical":"https:\/\/www.sotrender.com\/blog\/pl\/2012\/08\/nowy-rekord-lajkow-na-polskim-facebooku-czyli-jak-skorzystac-z-edge-ranka\/","og_locale":"pl_PL","og_type":"article","og_title":"Rekord na polskim Facebooku, czyli skuteczny przepis na Edge Rank","og_description":"Rekord liczby \"lajk\u00f3w\" na polskim Facebooku - najch\u0119tniej lubiany post, wykorzystuj\u0105cy mechanizm Edge Ranka; analiza najlepszych post\u00f3w","og_url":"https:\/\/www.sotrender.com\/blog\/pl\/2012\/08\/nowy-rekord-lajkow-na-polskim-facebooku-czyli-jak-skorzystac-z-edge-ranka\/","og_site_name":"Sotrender Blog","article_publisher":"https:\/\/www.facebook.com\/Sotrender","article_author":"https:\/\/www.facebook.com\/jan.zajac.75?fref=ts","article_published_time":"2012-08-02T18:01:17+00:00","article_modified_time":"2017-04-13T15:42:01+00:00","og_image":[{"width":1600,"height":700,"url":"https:\/\/www.sotrender.com\/blog\/wp-content\/uploads\/2015\/07\/header_blog_3.jpg","type":"image\/jpeg"}],"author":"Jan Zaj\u0105c","twitter_card":"summary_large_image","twitter_creator":"@http:\/\/twitter.com\/janekzajac","twitter_site":"@Sotrender","twitter_misc":{"Written by":"Jan Zaj\u0105c","Est. reading time":"2 minutes"},"schema":{"@context":"https:\/\/schema.org","@graph":[{"@type":"WebPage","@id":"https:\/\/www.sotrender.com\/blog\/pl\/2012\/08\/nowy-rekord-lajkow-na-polskim-facebooku-czyli-jak-skorzystac-z-edge-ranka\/","url":"https:\/\/www.sotrender.com\/blog\/pl\/2012\/08\/nowy-rekord-lajkow-na-polskim-facebooku-czyli-jak-skorzystac-z-edge-ranka\/","name":"Rekord na polskim Facebooku, czyli skuteczny przepis na Edge Rank","isPartOf":{"@id":"https:\/\/www.sotrender.com\/blog\/#website"},"primaryImageOfPage":{"@id":"https:\/\/www.sotrender.com\/blog\/pl\/2012\/08\/nowy-rekord-lajkow-na-polskim-facebooku-czyli-jak-skorzystac-z-edge-ranka\/#primaryimage"},"image":{"@id":"https:\/\/www.sotrender.com\/blog\/pl\/2012\/08\/nowy-rekord-lajkow-na-polskim-facebooku-czyli-jak-skorzystac-z-edge-ranka\/#primaryimage"},"thumbnailUrl":"https:\/\/www.sotrender.com\/blog\/wp-content\/uploads\/2015\/07\/header_blog_3.jpg","datePublished":"2012-08-02T18:01:17+00:00","dateModified":"2017-04-13T15:42:01+00:00","author":{"@id":"https:\/\/www.sotrender.com\/blog\/#\/schema\/person\/15d4db3ba9c4e61b1cb96099300e7c51"},"description":"Rekord liczby \"lajk\u00f3w\" na polskim Facebooku - najch\u0119tniej lubiany post, wykorzystuj\u0105cy mechanizm Edge Ranka; analiza najlepszych post\u00f3w","breadcrumb":{"@id":"https:\/\/www.sotrender.com\/blog\/pl\/2012\/08\/nowy-rekord-lajkow-na-polskim-facebooku-czyli-jak-skorzystac-z-edge-ranka\/#breadcrumb"},"inLanguage":"pl-PL","potentialAction":[{"@type":"ReadAction","target":["https:\/\/www.sotrender.com\/blog\/pl\/2012\/08\/nowy-rekord-lajkow-na-polskim-facebooku-czyli-jak-skorzystac-z-edge-ranka\/"]}]},{"@type":"ImageObject","inLanguage":"pl-PL","@id":"https:\/\/www.sotrender.com\/blog\/pl\/2012\/08\/nowy-rekord-lajkow-na-polskim-facebooku-czyli-jak-skorzystac-z-edge-ranka\/#primaryimage","url":"https:\/\/www.sotrender.com\/blog\/wp-content\/uploads\/2015\/07\/header_blog_3.jpg","contentUrl":"https:\/\/www.sotrender.com\/blog\/wp-content\/uploads\/2015\/07\/header_blog_3.jpg","width":1600,"height":700},{"@type":"BreadcrumbList","@id":"https:\/\/www.sotrender.com\/blog\/pl\/2012\/08\/nowy-rekord-lajkow-na-polskim-facebooku-czyli-jak-skorzystac-z-edge-ranka\/#breadcrumb","itemListElement":[{"@type":"ListItem","position":1,"name":"Home","item":"https:\/\/www.sotrender.com\/blog\/"},{"@type":"ListItem","position":2,"name":"Nowy rekord lajk\u00f3w na polskim Facebooku, czyli jak skorzysta\u0107 z Edge Ranka"}]},{"@type":"WebSite","@id":"https:\/\/www.sotrender.com\/blog\/#website","url":"https:\/\/www.sotrender.com\/blog\/","name":"Sotrender Blog","description":"","potentialAction":[{"@type":"SearchAction","target":{"@type":"EntryPoint","urlTemplate":"https:\/\/www.sotrender.com\/blog\/?s={search_term_string}"},"query-input":"required name=search_term_string"}],"inLanguage":"pl-PL"},{"@type":"Person","@id":"https:\/\/www.sotrender.com\/blog\/#\/schema\/person\/15d4db3ba9c4e61b1cb96099300e7c51","name":"Jan Zaj\u0105c","image":{"@type":"ImageObject","inLanguage":"pl-PL","@id":"https:\/\/www.sotrender.com\/blog\/#\/schema\/person\/image\/","url":"https:\/\/secure.gravatar.com\/avatar\/330c70ea205c5402148d7c7d8927d81d?s=96&d=mm&r=g","contentUrl":"https:\/\/secure.gravatar.com\/avatar\/330c70ea205c5402148d7c7d8927d81d?s=96&d=mm&r=g","caption":"Jan Zaj\u0105c"},"description":"Psychologist &amp; economist, experienced consultant &amp; researcher, who speaks 6 languages and has cycled around 17 countries.","sameAs":["https:\/\/www.facebook.com\/jan.zajac.75?fref=ts","https:\/\/www.linkedin.com\/in\/janekzajac","https:\/\/twitter.com\/http:\/\/twitter.com\/janekzajac"],"url":"https:\/\/www.sotrender.com\/blog\/pl\/author\/jan_zajc\/"}]}},"_links":{"self":[{"href":"https:\/\/www.sotrender.com\/blog\/pl\/wp-json\/wp\/v2\/posts\/1587"}],"collection":[{"href":"https:\/\/www.sotrender.com\/blog\/pl\/wp-json\/wp\/v2\/posts"}],"about":[{"href":"https:\/\/www.sotrender.com\/blog\/pl\/wp-json\/wp\/v2\/types\/post"}],"author":[{"embeddable":true,"href":"https:\/\/www.sotrender.com\/blog\/pl\/wp-json\/wp\/v2\/users\/2"}],"replies":[{"embeddable":true,"href":"https:\/\/www.sotrender.com\/blog\/pl\/wp-json\/wp\/v2\/comments?post=1587"}],"version-history":[{"count":40,"href":"https:\/\/www.sotrender.com\/blog\/pl\/wp-json\/wp\/v2\/posts\/1587\/revisions"}],"predecessor-version":[{"id":26719,"href":"https:\/\/www.sotrender.com\/blog\/pl\/wp-json\/wp\/v2\/posts\/1587\/revisions\/26719"}],"wp:featuredmedia":[{"embeddable":true,"href":"https:\/\/www.sotrender.com\/blog\/pl\/wp-json\/wp\/v2\/media\/18901"}],"wp:attachment":[{"href":"https:\/\/www.sotrender.com\/blog\/pl\/wp-json\/wp\/v2\/media?parent=1587"}],"wp:term":[{"taxonomy":"category","embeddable":true,"href":"https:\/\/www.sotrender.com\/blog\/pl\/wp-json\/wp\/v2\/categories?post=1587"},{"taxonomy":"post_tag","embeddable":true,"href":"https:\/\/www.sotrender.com\/blog\/pl\/wp-json\/wp\/v2\/tags?post=1587"}],"curies":[{"name":"wp","href":"https:\/\/api.w.org\/{rel}","templated":true}]}}