{"id":15809,"date":"2014-12-04T17:53:19","date_gmt":"2014-12-04T16:53:19","guid":{"rendered":"http:\/\/blog.sotrender.com\/?p=15809"},"modified":"2015-12-01T21:49:01","modified_gmt":"2015-12-01T20:49:01","slug":"fanpage-trends-listopad-2014","status":"publish","type":"post","link":"https:\/\/www.sotrender.com\/blog\/pl\/2014\/12\/fanpage-trends-listopad-2014\/","title":{"rendered":"Fanpage Trends Listopad 2014 &#8211; Facebook wybra\u0142 Szpilk\u0119"},"content":{"rendered":"<p style=\"text-align: justify;\">W listopadzie na Facebooku #wybory przegra\u0142y z #konkursami,  #muzyk\u0105,  #disco oraz\u2026 Arturem Szpilk\u0105,  kt\u00f3ry wsp\u00f3lnie z TVN pozbawi\u0142 Ew\u0119 Chodakowsk\u0105 pozycji liderki zestawienia najbardziej anga\u017cuj\u0105cych stron polskoj\u0119zycznych. Co jeszcze dzia\u0142o si\u0119 na Facebooku w minionym miesi\u0105cu? <a title=\"Przejd\u017a do raportu\" href=\"http:\/\/www.sotrender.pl\/trends\/facebook\/?hp\" target=\"_blank\">Zapraszamy do lektury najnowszego wydania Fanpage Trends!<\/a><\/p>\n<p style=\"text-align: justify;\"><!--more--><\/p>\n<h2 style=\"text-align: justify;\"><b>Facebook nie g\u0142osowa\u0142 <\/b><\/h2>\n<p style=\"text-align: justify;\">O ile na Twitterze ubieg\u0142omiesi\u0119czne wybory samorz\u0105dowe odbi\u0142y si\u0119 naprawd\u0119 g\u0142o\u015bnym echem,  Facebook \u017cy\u0142 w listopadzie zupe\u0142nie innymi tematami. Co prawda kategoria \u201cPolitycy i partie\u201d odnotowa\u0142a najwi\u0119kszy odsetek zaanga\u017cowanych fan\u00f3w ze wszystkich kategorii w #FanpageTrends i awansowa\u0142a na 13. miejsce zestawienia najbardziej anga\u017cuj\u0105cych i na 11. miejsce zestawienia najbardziej interaktywnych bran\u017c,  jednak popularno\u015b\u0107 hashtag\u00f3w o tematyce politycznej,  a w\u0142a\u015bciwie ich niepopularno\u015b\u0107,  bezlito\u015bnie zdradza,  \u017ce Facebook polityk\u0105 nie stoi. Podczas gdy na Twitterze #pkw zosta\u0142 u\u017cyty przez 1, 2 tys. u\u017cytkownik\u00f3w,  na Facebooku w listopadzie pojawi\u0142 si\u0119 jedynie 145 razy,  podobnie jak #polityka,  natomiast hashtag #wybory zosta\u0142 na Facebooku u\u017cyty jedynie 301 razy. Dla odmiany #konkurs pojawi\u0142 si\u0119 a\u017c w 613 postach,  #muzyka &#8211; 413 a #disco &#8211; 359.<\/p>\n<p style=\"text-align: justify;\"><strong><strong>\u00a0<\/strong><\/strong><\/p>\n<div id=\"attachment_15817\" style=\"width: 762px\" class=\"wp-caption aligncenter\"><a href=\"https:\/\/www.sotrender.com\/blog\/wp-content\/uploads\/2014\/12\/hash.png\"><img loading=\"lazy\" decoding=\"async\" aria-describedby=\"caption-attachment-15817\" class=\"wp-image-15817 size-full\" src=\"https:\/\/www.sotrender.com\/blog\/wp-content\/uploads\/2014\/12\/hash.png\" alt=\"Najpopularniejsze hashtagi na Facebooku  w listopadzie\" width=\"752\" height=\"625\" srcset=\"https:\/\/www.sotrender.com\/blog\/wp-content\/uploads\/2014\/12\/hash.png 752w, https:\/\/www.sotrender.com\/blog\/wp-content\/uploads\/2014\/12\/hash-475x395.png 475w, https:\/\/www.sotrender.com\/blog\/wp-content\/uploads\/2014\/12\/hash-600x499.png 600w\" sizes=\"(max-width: 752px) 100vw, 752px\" \/><\/a><p id=\"caption-attachment-15817\" class=\"wp-caption-text\">Najpopularniejsze hashtagi na Facebooku w listopadzie<\/p><\/div>\n<h2 style=\"text-align: justify;\"><b>Facebook write center<\/b><\/h2>\n<p style=\"text-align: justify;\">Pod wzgl\u0119dem obs\u0142ugi klienta pierwsza pi\u0105tka bran\u017c jest bezkonkurencyjna. Strony z kategorii \u201cTelekomunikacja\u201d odpowiadaj\u0105 na ponad 85% zapyta\u0144 u\u017cytkownik\u00f3w,  a \u015bredni czas ich odpowiedzi to 6 min 50 sekund. Na drugim miejscu plasuj\u0105 si\u0119 strony bankowe,  kt\u00f3re odpowiadaj\u0105 na 78% post\u00f3w u\u017cytkownik\u00f3w w \u015brednim czasie poni\u017cej 1 godz. 8 min. \u00a0Na podium znalaz\u0142y si\u0119 r\u00f3wnie\u017c \u201cSupermarkety\u201d z 74, 5% odpowiedzi udzielonych w \u015brednim czasie kr\u00f3tszym ni\u017c 55 min i 19 sekund. Pod wzgl\u0119dem obs\u0142ugi klienta najbardziej w listopadzie awansowa\u0142y strony prowadzone przez bloger\u00f3w,  kt\u00f3re po skoku o 17 pozycji przesun\u0119\u0142y si\u0119 na 15. miejsce zestawienia. Drugi i trzeci najwi\u0119kszy awans nale\u017ca\u0142 z kolei do stron organizacji pozarz\u0105dowych oraz tych po\u015bwi\u0119conych macierzy\u0144stwu,  kt\u00f3re po skokach o 12 pozycji znalaz\u0142y si\u0119 odpowiednio na 14. i 12. miejscu pod wzgl\u0119dem procenta odpowiedzi udzielonych na posty u\u017cytkownik\u00f3w.<\/p>\n<p style=\"text-align: justify;\"><strong><strong>\u00a0<\/strong><\/strong><\/p>\n<div id=\"attachment_15815\" style=\"width: 760px\" class=\"wp-caption aligncenter\"><a href=\"https:\/\/www.sotrender.com\/blog\/wp-content\/uploads\/2014\/12\/obs\u0142uga-branze.png\"><img loading=\"lazy\" decoding=\"async\" aria-describedby=\"caption-attachment-15815\" class=\"wp-image-15815\" src=\"https:\/\/www.sotrender.com\/blog\/wp-content\/uploads\/2014\/12\/obs\u0142uga-branze.png\" alt=\"Fanpage Trends - najlepsze bran\u017ce pod wzgl\u0119dem obs\u0142ugi klienta\" width=\"750\" height=\"304\" srcset=\"https:\/\/www.sotrender.com\/blog\/wp-content\/uploads\/2014\/12\/obs\u0142uga-branze.png 865w, https:\/\/www.sotrender.com\/blog\/wp-content\/uploads\/2014\/12\/obs\u0142uga-branze-475x193.png 475w, https:\/\/www.sotrender.com\/blog\/wp-content\/uploads\/2014\/12\/obs\u0142uga-branze-768x312.png 768w, https:\/\/www.sotrender.com\/blog\/wp-content\/uploads\/2014\/12\/obs\u0142uga-branze-600x243.png 600w\" sizes=\"(max-width: 750px) 100vw, 750px\" \/><\/a><p id=\"caption-attachment-15815\" class=\"wp-caption-text\">Fanpage Trends &#8211; najlepsze bran\u017ce pod wzgl\u0119dem obs\u0142ugi klienta<\/p><\/div>\n<h2 style=\"text-align: justify;\"><b>Szpilka w Chodakowsk\u0105<\/b><\/h2>\n<p style=\"text-align: justify;\">Kr\u00f3lowa fitnessu <a title=\"Zobacz profil na Facebooku\" href=\"https:\/\/www.facebook.com\/chodakowskaewa?fref=ts\" target=\"_blank\">Ewa Chodakowska<\/a> zosta\u0142a w listopadzie pozbawiona korony kr\u00f3lowej najbardziej anga\u017cuj\u0105cych stron polskoj\u0119zycznych. Nowym liderem zestawienia jest od ubieg\u0142ego miesi\u0105ca <a title=\"Zobacz profil na Facebooku\" href=\"https:\/\/www.facebook.com\/tvnpl?fref=ts\" target=\"_blank\">TVN<\/a>,  kt\u00f3ry anga\u017cuje a\u017c 40% swoich fan\u00f3w. Nie da si\u0119 jednak nie zauwa\u017cy\u0107,  \u017ce podczas gdy Chodakowska spad\u0142a w zestawieniu o 4 pozycje,  <a title=\"Zobacz profil na Facebooku\" href=\"https:\/\/www.facebook.com\/pages\/Artur-Szpilka\/274911289215982?fref=ts\" target=\"_blank\">Artur Szpilka<\/a> awansowa\u0142 w nim na drug\u0105 lokat\u0119,  po skoku a\u017c o 35 pozycji. Jednocze\u015bnie po awansie o 9 pozycji zosta\u0142 r\u00f3wnie\u017c liderem rankingu najbardziej anga\u017cuj\u0105cych stron w kategorii \u201cLudzie\u201d. Szpilka by\u0142 te\u017c autorem najbardziej interaktywnego posta minionego miesi\u0105ca w tej kategorii.<\/p>\n<div id=\"attachment_15819\" style=\"width: 760px\" class=\"wp-caption aligncenter\"><a href=\"https:\/\/www.sotrender.com\/blog\/wp-content\/uploads\/2014\/12\/najb-ang.png\"><img loading=\"lazy\" decoding=\"async\" aria-describedby=\"caption-attachment-15819\" class=\"wp-image-15819\" src=\"https:\/\/www.sotrender.com\/blog\/wp-content\/uploads\/2014\/12\/najb-ang.png\" alt=\"Najbardziej anga\u017cuj\u0105ce polskie strony\" width=\"750\" height=\"317\" srcset=\"https:\/\/www.sotrender.com\/blog\/wp-content\/uploads\/2014\/12\/najb-ang.png 841w, https:\/\/www.sotrender.com\/blog\/wp-content\/uploads\/2014\/12\/najb-ang-475x201.png 475w, https:\/\/www.sotrender.com\/blog\/wp-content\/uploads\/2014\/12\/najb-ang-768x325.png 768w, https:\/\/www.sotrender.com\/blog\/wp-content\/uploads\/2014\/12\/najb-ang-600x254.png 600w\" sizes=\"(max-width: 750px) 100vw, 750px\" \/><\/a><p id=\"caption-attachment-15819\" class=\"wp-caption-text\">Najbardziej anga\u017cuj\u0105ce polskie strony<\/p><\/div>\n<p style=\"text-align: justify;\">W zestawieniu najbardziej anga\u017cuj\u0105cych stron polskoj\u0119zycznych w listopadzie po awansie o 8 pozycji wyr\u00f3\u017cni\u0142 si\u0119 r\u00f3wnie\u017c profil <a title=\"Zobacz profil na Facebooku\" href=\"https:\/\/www.facebook.com\/TopModelTVN?fref=ts\" target=\"_blank\">Top Model TVN<\/a>,  kt\u00f3ry jednocze\u015bnie skoczy\u0142 o 23 miejsca tak\u017ce w rankingu najbardziej interaktywnych profili i zaj\u0105\u0142 w nim 10. lokat\u0119. \u00a0Fakt,  \u017ce program anga\u017cuje a\u017c 51% swoich Facebookowych fan\u00f3w Top Model prawdopodobnie zawdzi\u0119cza fina\u0142owi sezonu,  kt\u00f3ry odby\u0142 si\u0119 pod koniec listopada oraz wygranej Osi Ugonoh,  pierwszej ciemnosk\u00f3rej modelki,  kt\u00f3ra wygra\u0142a program w Polsce,  jednocze\u015bnie po raz pierwszy w finale staj\u0105c do walki z m\u0119\u017cczyzn\u0105,  Micha\u0142em Baryz\u0105.<\/p>\n<h2 style=\"text-align: justify;\"><b>Zasi\u0119g organiczny bez tajemnic<\/b><\/h2>\n<p style=\"text-align: justify;\">Wszyscy wiedz\u0105,  \u017ce zasi\u0119g organiczny spada,  ale nie wszyscy umiej\u0105 sobie z tym faktem radzi\u0107. Najwa\u017cniejsza jest w tym przypadku znajomo\u015b\u0107 danego medium,  kt\u00f3ra umo\u017cliwia precyzyjny dob\u00f3r \u015brodk\u00f3w odpowiednich do osi\u0105gni\u0119cia obranych cel\u00f3w. W ramach listopadowego Sotrender Reseach Insight postanowili\u015bmy wi\u0119c sprawdzi\u0107,  jak na przestrzeni ostatniego roku zmienia\u0142a si\u0119 warto\u015b\u0107 zasi\u0119gu organicznego,  do jakiej cz\u0119\u015bci u\u017cytkownik\u00f3w docieraj\u0105 obecnie publikowane przez strony tre\u015bci oraz kt\u00f3re typy post\u00f3w s\u0105 teraz najbardziej widoczne. W listopadowym Sotrender Research Insight pt. <a title=\"Przeczytaj wpis\" href=\"https:\/\/www.sotrender.com\/blog\/pl\/2014\/11\/sri-zasieg-organiczny\/\" target=\"_blank\">\u201cWszystko,  co trzeba wiedzie\u0107 o spadaj\u0105cym zasi\u0119gu organicznym\u201d<\/a> radzimy r\u00f3wnie\u017c,  jak tworzy\u0107 elastyczne strategie komunikacji wobec coraz s\u0142abszego zasi\u0119gu publikowanych tre\u015bci.<\/p>\n<div id=\"attachment_15623\" style=\"width: 734px\" class=\"wp-caption aligncenter\"><a href=\"https:\/\/www.sotrender.com\/blog\/wp-content\/uploads\/2014\/11\/nowy_plot.png\"><img loading=\"lazy\" decoding=\"async\" aria-describedby=\"caption-attachment-15623\" class=\"size-full wp-image-15623\" src=\"https:\/\/www.sotrender.com\/blog\/wp-content\/uploads\/2014\/11\/nowy_plot.png\" alt=\"Spadek zasi\u0119gu a wielko\u015b\u0107 profilu\" width=\"724\" height=\"535\" srcset=\"https:\/\/www.sotrender.com\/blog\/wp-content\/uploads\/2014\/11\/nowy_plot.png 724w, https:\/\/www.sotrender.com\/blog\/wp-content\/uploads\/2014\/11\/nowy_plot-475x351.png 475w, https:\/\/www.sotrender.com\/blog\/wp-content\/uploads\/2014\/11\/nowy_plot-600x443.png 600w\" sizes=\"(max-width: 724px) 100vw, 724px\" \/><\/a><p id=\"caption-attachment-15623\" class=\"wp-caption-text\">Spadek zasi\u0119gu a wielko\u015b\u0107 profilu<\/p><\/div>\n<p style=\"text-align: justify;\"><strong><strong>\u00a0<\/strong><\/strong><\/p>\n<h2 style=\"text-align: justify;\"><b>Pie\u015b\u0144 przysz\u0142o\u015bci &#8211; mierzenie social media w 2015 r.<\/b><\/h2>\n<p style=\"text-align: justify;\">Firmy i marki prowadz\u0105 coraz intensywniejsze i bardziej profesjonalne dzia\u0142ania w mediach spo\u0142eczno\u015bciowych,  dlatego te\u017c zmienia si\u0119 spos\u00f3b,  w jaki patrz\u0105 na mierzenie ich rezultat\u00f3w. Dok\u0142adny,  a zarazem zgodny z celami pomiar efekt\u00f3w komunikacji pokazuje przecie\u017c,  w jakim stopniu firma realizuje wyznaczone cele i jak radzi sobie na tle konkurent\u00f3w. Warto wiedzie\u0107,  co i jak mo\u017cna mierzy\u0107 oraz wybra\u0107 wska\u017aniki odpowiednie do konkretnych cel\u00f3w i strategii. Wydaje si\u0119,  \u017ce tak\u017ce w Polsce nadszed\u0142 ju\u017c czas na pomiar nieco bardziej dojrza\u0142y ni\u017c tylko zliczanie liczby fan\u00f3w,  \u201cshare\u2019\u00f3w\u201d czy innych warto\u015bci wska\u017anik\u00f3w zaanga\u017cowania,  niezale\u017cnie od strategii marki i cel\u00f3w komunikacyjnych. W\u0142a\u015bnie dlatego w artykule pt. <a title=\"Przeczytaj wpis\" href=\"https:\/\/www.sotrender.com\/blog\/pl\/2014\/11\/mierzenie-social-media-2015\/\" target=\"_blank\">\u201eJak b\u0119dziemy mierzy\u0107 efekty komunikacji w social media w 2015?\u201d<\/a>,  kt\u00f3ry znajdziecie na naszym blogu,  dokonali\u015bmy przegl\u0105du wszystkich dost\u0119pnych wska\u017anik\u00f3w i ocenili\u015bmy ich przydatno\u015b\u0107. Mamy nadziej\u0119,  \u017ce oka\u017ce si\u0119 on dla Was przydatny!<\/p>\n<p style=\"text-align: justify;\"><strong><strong>\u00a0<a href=\"https:\/\/www.sotrender.com\/blog\/wp-content\/uploads\/2014\/11\/siec.jpg\"><img loading=\"lazy\" decoding=\"async\" class=\"aligncenter wp-image-15591\" src=\"https:\/\/www.sotrender.com\/blog\/wp-content\/uploads\/2014\/11\/siec.jpg\" alt=\"siec\" width=\"750\" height=\"750\" srcset=\"https:\/\/www.sotrender.com\/blog\/wp-content\/uploads\/2014\/11\/siec.jpg 1000w, https:\/\/www.sotrender.com\/blog\/wp-content\/uploads\/2014\/11\/siec-475x475.jpg 475w, https:\/\/www.sotrender.com\/blog\/wp-content\/uploads\/2014\/11\/siec-768x768.jpg 768w, https:\/\/www.sotrender.com\/blog\/wp-content\/uploads\/2014\/11\/siec-950x950.jpg 950w, https:\/\/www.sotrender.com\/blog\/wp-content\/uploads\/2014\/11\/siec-600x600.jpg 600w, https:\/\/www.sotrender.com\/blog\/wp-content\/uploads\/2014\/11\/siec-80x80.jpg 80w\" sizes=\"(max-width: 750px) 100vw, 750px\" \/><\/a><\/strong><\/strong><\/p>\n<h2 style=\"text-align: center;\"><a title=\"Przejd\u017a do raportu\" href=\"http:\/\/www.sotrender.pl\/trends\/facebook\/?hp\" target=\"_blank\"><b>Zapraszamy do lektury listopadowego wydania raportu Fanpage Trends!<\/b><\/a><\/h2>\n","protected":false},"excerpt":{"rendered":"<p>W listopadzie na Facebooku #wybory przegra\u0142y z #konkursami, #muzyk\u0105, #disco oraz\u2026 Arturem Szpilk\u0105, kt\u00f3ry wsp\u00f3lnie z TVN pozbawi\u0142 Ew\u0119 Chodakowsk\u0105 pozycji liderki zestawienia najbardziej anga\u017cuj\u0105cych stron polskoj\u0119zycznych. Co jeszcze dzia\u0142o si\u0119 na Facebooku w minionym miesi\u0105cu? Zapraszamy do lektury najnowszego wydania Fanpage Trends!<\/p>\n","protected":false},"author":31,"featured_media":14935,"comment_status":"open","ping_status":"open","sticky":false,"template":"","format":"standard","meta":{"inline_featured_image":false,"footnotes":""},"categories":[1791,1797],"tags":[7,31],"yoast_head":"<!-- This site is optimized with the Yoast SEO plugin v22.4 - https:\/\/yoast.com\/wordpress\/plugins\/seo\/ -->\n<title>Fanpage Trends Listopad 2014 - Facebook wybra\u0142 Szpilk\u0119 \u2013 Sotrender Blog \u2013 Analyze, Benchmark &amp; Report Your Social Media Performance<\/title>\n<meta name=\"description\" content=\"W listopadzie na Facebooku #wybory przegra\u0142y z #konkursami, #muzyk\u0105, #disco oraz\u2026 Arturem Szpilk\u0105, kt\u00f3ry wsp\u00f3lnie z TVN pozbawi\u0142 Ew\u0119 Chodakowsk\u0105 pozycji Social Media Marketing &amp; Analytics Blog.\" \/>\n<meta name=\"robots\" content=\"index, follow, max-snippet:-1, max-image-preview:large, max-video-preview:-1\" \/>\n<link rel=\"canonical\" href=\"https:\/\/www.sotrender.com\/blog\/pl\/2014\/12\/fanpage-trends-listopad-2014\/\" \/>\n<meta property=\"og:locale\" content=\"pl_PL\" \/>\n<meta property=\"og:type\" content=\"article\" \/>\n<meta property=\"og:title\" content=\"Fanpage Trends Listopad 2014 - Facebook wybra\u0142 Szpilk\u0119 \u2013 Sotrender Blog \u2013 Analyze, Benchmark &amp; Report Your Social Media Performance\" \/>\n<meta property=\"og:description\" content=\"W listopadzie na Facebooku #wybory przegra\u0142y z #konkursami, #muzyk\u0105, #disco oraz\u2026 Arturem Szpilk\u0105, kt\u00f3ry wsp\u00f3lnie z TVN pozbawi\u0142 Ew\u0119 Chodakowsk\u0105 pozycji Social Media Marketing &amp; Analytics Blog.\" \/>\n<meta property=\"og:url\" content=\"https:\/\/www.sotrender.com\/blog\/pl\/2014\/12\/fanpage-trends-listopad-2014\/\" \/>\n<meta property=\"og:site_name\" content=\"Sotrender Blog\" \/>\n<meta property=\"article:publisher\" content=\"https:\/\/www.facebook.com\/Sotrender\" \/>\n<meta property=\"article:published_time\" content=\"2014-12-04T16:53:19+00:00\" \/>\n<meta property=\"article:modified_time\" content=\"2015-12-01T20:49:01+00:00\" \/>\n<meta property=\"og:image\" content=\"https:\/\/www.sotrender.com\/blog\/wp-content\/uploads\/2014\/09\/trends.jpg\" \/>\n\t<meta property=\"og:image:width\" content=\"1600\" \/>\n\t<meta property=\"og:image:height\" content=\"700\" \/>\n\t<meta property=\"og:image:type\" content=\"image\/jpeg\" \/>\n<meta name=\"author\" content=\"Aleksandra Prejs\" \/>\n<meta name=\"twitter:card\" content=\"summary_large_image\" \/>\n<meta name=\"twitter:creator\" content=\"@Sotrender\" \/>\n<meta name=\"twitter:site\" content=\"@Sotrender\" \/>\n<meta name=\"twitter:label1\" content=\"Written by\" \/>\n\t<meta name=\"twitter:data1\" content=\"Aleksandra Prejs\" \/>\n\t<meta name=\"twitter:label2\" content=\"Est. reading time\" \/>\n\t<meta name=\"twitter:data2\" content=\"5 minutes\" \/>\n<script type=\"application\/ld+json\" class=\"yoast-schema-graph\">{\"@context\":\"https:\/\/schema.org\",\"@graph\":[{\"@type\":\"WebPage\",\"@id\":\"https:\/\/www.sotrender.com\/blog\/pl\/2014\/12\/fanpage-trends-listopad-2014\/\",\"url\":\"https:\/\/www.sotrender.com\/blog\/pl\/2014\/12\/fanpage-trends-listopad-2014\/\",\"name\":\"Fanpage Trends Listopad 2014 - Facebook wybra\u0142 Szpilk\u0119 \u2013 Sotrender Blog \u2013 Analyze, Benchmark & Report Your Social Media Performance\",\"isPartOf\":{\"@id\":\"https:\/\/www.sotrender.com\/blog\/#website\"},\"primaryImageOfPage\":{\"@id\":\"https:\/\/www.sotrender.com\/blog\/pl\/2014\/12\/fanpage-trends-listopad-2014\/#primaryimage\"},\"image\":{\"@id\":\"https:\/\/www.sotrender.com\/blog\/pl\/2014\/12\/fanpage-trends-listopad-2014\/#primaryimage\"},\"thumbnailUrl\":\"https:\/\/www.sotrender.com\/blog\/wp-content\/uploads\/2014\/09\/trends.jpg\",\"datePublished\":\"2014-12-04T16:53:19+00:00\",\"dateModified\":\"2015-12-01T20:49:01+00:00\",\"author\":{\"@id\":\"https:\/\/www.sotrender.com\/blog\/#\/schema\/person\/7106df62825269bc360ad9171cd7149b\"},\"description\":\"W listopadzie na Facebooku #wybory przegra\u0142y z #konkursami, #muzyk\u0105, #disco oraz\u2026 Arturem Szpilk\u0105, kt\u00f3ry wsp\u00f3lnie z TVN pozbawi\u0142 Ew\u0119 Chodakowsk\u0105 pozycji Social Media Marketing & Analytics Blog.\",\"breadcrumb\":{\"@id\":\"https:\/\/www.sotrender.com\/blog\/pl\/2014\/12\/fanpage-trends-listopad-2014\/#breadcrumb\"},\"inLanguage\":\"pl-PL\",\"potentialAction\":[{\"@type\":\"ReadAction\",\"target\":[\"https:\/\/www.sotrender.com\/blog\/pl\/2014\/12\/fanpage-trends-listopad-2014\/\"]}]},{\"@type\":\"ImageObject\",\"inLanguage\":\"pl-PL\",\"@id\":\"https:\/\/www.sotrender.com\/blog\/pl\/2014\/12\/fanpage-trends-listopad-2014\/#primaryimage\",\"url\":\"https:\/\/www.sotrender.com\/blog\/wp-content\/uploads\/2014\/09\/trends.jpg\",\"contentUrl\":\"https:\/\/www.sotrender.com\/blog\/wp-content\/uploads\/2014\/09\/trends.jpg\",\"width\":1600,\"height\":700},{\"@type\":\"BreadcrumbList\",\"@id\":\"https:\/\/www.sotrender.com\/blog\/pl\/2014\/12\/fanpage-trends-listopad-2014\/#breadcrumb\",\"itemListElement\":[{\"@type\":\"ListItem\",\"position\":1,\"name\":\"Home\",\"item\":\"https:\/\/www.sotrender.com\/blog\/\"},{\"@type\":\"ListItem\",\"position\":2,\"name\":\"Fanpage Trends Listopad 2014 &#8211; Facebook wybra\u0142 Szpilk\u0119\"}]},{\"@type\":\"WebSite\",\"@id\":\"https:\/\/www.sotrender.com\/blog\/#website\",\"url\":\"https:\/\/www.sotrender.com\/blog\/\",\"name\":\"Sotrender Blog\",\"description\":\"\",\"potentialAction\":[{\"@type\":\"SearchAction\",\"target\":{\"@type\":\"EntryPoint\",\"urlTemplate\":\"https:\/\/www.sotrender.com\/blog\/?s={search_term_string}\"},\"query-input\":\"required name=search_term_string\"}],\"inLanguage\":\"pl-PL\"},{\"@type\":\"Person\",\"@id\":\"https:\/\/www.sotrender.com\/blog\/#\/schema\/person\/7106df62825269bc360ad9171cd7149b\",\"name\":\"Aleksandra Prejs\",\"image\":{\"@type\":\"ImageObject\",\"inLanguage\":\"pl-PL\",\"@id\":\"https:\/\/www.sotrender.com\/blog\/#\/schema\/person\/image\/\",\"url\":\"https:\/\/secure.gravatar.com\/avatar\/469000454b77ff0aacb32c49dba023be?s=96&d=mm&r=g\",\"contentUrl\":\"https:\/\/secure.gravatar.com\/avatar\/469000454b77ff0aacb32c49dba023be?s=96&d=mm&r=g\",\"caption\":\"Aleksandra Prejs\"},\"url\":\"https:\/\/www.sotrender.com\/blog\/pl\/author\/aleksandra-prejs\/\"}]}<\/script>\n<!-- \/ Yoast SEO plugin. -->","yoast_head_json":{"title":"Fanpage Trends Listopad 2014 - Facebook wybra\u0142 Szpilk\u0119 \u2013 Sotrender Blog \u2013 Analyze, Benchmark & Report Your Social Media Performance","description":"W listopadzie na Facebooku #wybory przegra\u0142y z #konkursami, #muzyk\u0105, #disco oraz\u2026 Arturem Szpilk\u0105, kt\u00f3ry wsp\u00f3lnie z TVN pozbawi\u0142 Ew\u0119 Chodakowsk\u0105 pozycji Social Media Marketing & Analytics Blog.","robots":{"index":"index","follow":"follow","max-snippet":"max-snippet:-1","max-image-preview":"max-image-preview:large","max-video-preview":"max-video-preview:-1"},"canonical":"https:\/\/www.sotrender.com\/blog\/pl\/2014\/12\/fanpage-trends-listopad-2014\/","og_locale":"pl_PL","og_type":"article","og_title":"Fanpage Trends Listopad 2014 - Facebook wybra\u0142 Szpilk\u0119 \u2013 Sotrender Blog \u2013 Analyze, Benchmark & Report Your Social Media Performance","og_description":"W listopadzie na Facebooku #wybory przegra\u0142y z #konkursami, #muzyk\u0105, #disco oraz\u2026 Arturem Szpilk\u0105, kt\u00f3ry wsp\u00f3lnie z TVN pozbawi\u0142 Ew\u0119 Chodakowsk\u0105 pozycji Social Media Marketing & Analytics Blog.","og_url":"https:\/\/www.sotrender.com\/blog\/pl\/2014\/12\/fanpage-trends-listopad-2014\/","og_site_name":"Sotrender Blog","article_publisher":"https:\/\/www.facebook.com\/Sotrender","article_published_time":"2014-12-04T16:53:19+00:00","article_modified_time":"2015-12-01T20:49:01+00:00","og_image":[{"width":1600,"height":700,"url":"https:\/\/www.sotrender.com\/blog\/wp-content\/uploads\/2014\/09\/trends.jpg","type":"image\/jpeg"}],"author":"Aleksandra Prejs","twitter_card":"summary_large_image","twitter_creator":"@Sotrender","twitter_site":"@Sotrender","twitter_misc":{"Written by":"Aleksandra Prejs","Est. reading time":"5 minutes"},"schema":{"@context":"https:\/\/schema.org","@graph":[{"@type":"WebPage","@id":"https:\/\/www.sotrender.com\/blog\/pl\/2014\/12\/fanpage-trends-listopad-2014\/","url":"https:\/\/www.sotrender.com\/blog\/pl\/2014\/12\/fanpage-trends-listopad-2014\/","name":"Fanpage Trends Listopad 2014 - Facebook wybra\u0142 Szpilk\u0119 \u2013 Sotrender Blog \u2013 Analyze, Benchmark & Report Your Social Media Performance","isPartOf":{"@id":"https:\/\/www.sotrender.com\/blog\/#website"},"primaryImageOfPage":{"@id":"https:\/\/www.sotrender.com\/blog\/pl\/2014\/12\/fanpage-trends-listopad-2014\/#primaryimage"},"image":{"@id":"https:\/\/www.sotrender.com\/blog\/pl\/2014\/12\/fanpage-trends-listopad-2014\/#primaryimage"},"thumbnailUrl":"https:\/\/www.sotrender.com\/blog\/wp-content\/uploads\/2014\/09\/trends.jpg","datePublished":"2014-12-04T16:53:19+00:00","dateModified":"2015-12-01T20:49:01+00:00","author":{"@id":"https:\/\/www.sotrender.com\/blog\/#\/schema\/person\/7106df62825269bc360ad9171cd7149b"},"description":"W listopadzie na Facebooku #wybory przegra\u0142y z #konkursami, #muzyk\u0105, #disco oraz\u2026 Arturem Szpilk\u0105, kt\u00f3ry wsp\u00f3lnie z TVN pozbawi\u0142 Ew\u0119 Chodakowsk\u0105 pozycji Social Media Marketing & Analytics Blog.","breadcrumb":{"@id":"https:\/\/www.sotrender.com\/blog\/pl\/2014\/12\/fanpage-trends-listopad-2014\/#breadcrumb"},"inLanguage":"pl-PL","potentialAction":[{"@type":"ReadAction","target":["https:\/\/www.sotrender.com\/blog\/pl\/2014\/12\/fanpage-trends-listopad-2014\/"]}]},{"@type":"ImageObject","inLanguage":"pl-PL","@id":"https:\/\/www.sotrender.com\/blog\/pl\/2014\/12\/fanpage-trends-listopad-2014\/#primaryimage","url":"https:\/\/www.sotrender.com\/blog\/wp-content\/uploads\/2014\/09\/trends.jpg","contentUrl":"https:\/\/www.sotrender.com\/blog\/wp-content\/uploads\/2014\/09\/trends.jpg","width":1600,"height":700},{"@type":"BreadcrumbList","@id":"https:\/\/www.sotrender.com\/blog\/pl\/2014\/12\/fanpage-trends-listopad-2014\/#breadcrumb","itemListElement":[{"@type":"ListItem","position":1,"name":"Home","item":"https:\/\/www.sotrender.com\/blog\/"},{"@type":"ListItem","position":2,"name":"Fanpage Trends Listopad 2014 &#8211; Facebook wybra\u0142 Szpilk\u0119"}]},{"@type":"WebSite","@id":"https:\/\/www.sotrender.com\/blog\/#website","url":"https:\/\/www.sotrender.com\/blog\/","name":"Sotrender Blog","description":"","potentialAction":[{"@type":"SearchAction","target":{"@type":"EntryPoint","urlTemplate":"https:\/\/www.sotrender.com\/blog\/?s={search_term_string}"},"query-input":"required name=search_term_string"}],"inLanguage":"pl-PL"},{"@type":"Person","@id":"https:\/\/www.sotrender.com\/blog\/#\/schema\/person\/7106df62825269bc360ad9171cd7149b","name":"Aleksandra Prejs","image":{"@type":"ImageObject","inLanguage":"pl-PL","@id":"https:\/\/www.sotrender.com\/blog\/#\/schema\/person\/image\/","url":"https:\/\/secure.gravatar.com\/avatar\/469000454b77ff0aacb32c49dba023be?s=96&d=mm&r=g","contentUrl":"https:\/\/secure.gravatar.com\/avatar\/469000454b77ff0aacb32c49dba023be?s=96&d=mm&r=g","caption":"Aleksandra Prejs"},"url":"https:\/\/www.sotrender.com\/blog\/pl\/author\/aleksandra-prejs\/"}]}},"_links":{"self":[{"href":"https:\/\/www.sotrender.com\/blog\/pl\/wp-json\/wp\/v2\/posts\/15809"}],"collection":[{"href":"https:\/\/www.sotrender.com\/blog\/pl\/wp-json\/wp\/v2\/posts"}],"about":[{"href":"https:\/\/www.sotrender.com\/blog\/pl\/wp-json\/wp\/v2\/types\/post"}],"author":[{"embeddable":true,"href":"https:\/\/www.sotrender.com\/blog\/pl\/wp-json\/wp\/v2\/users\/31"}],"replies":[{"embeddable":true,"href":"https:\/\/www.sotrender.com\/blog\/pl\/wp-json\/wp\/v2\/comments?post=15809"}],"version-history":[{"count":4,"href":"https:\/\/www.sotrender.com\/blog\/pl\/wp-json\/wp\/v2\/posts\/15809\/revisions"}],"predecessor-version":[{"id":15825,"href":"https:\/\/www.sotrender.com\/blog\/pl\/wp-json\/wp\/v2\/posts\/15809\/revisions\/15825"}],"wp:featuredmedia":[{"embeddable":true,"href":"https:\/\/www.sotrender.com\/blog\/pl\/wp-json\/wp\/v2\/media\/14935"}],"wp:attachment":[{"href":"https:\/\/www.sotrender.com\/blog\/pl\/wp-json\/wp\/v2\/media?parent=15809"}],"wp:term":[{"taxonomy":"category","embeddable":true,"href":"https:\/\/www.sotrender.com\/blog\/pl\/wp-json\/wp\/v2\/categories?post=15809"},{"taxonomy":"post_tag","embeddable":true,"href":"https:\/\/www.sotrender.com\/blog\/pl\/wp-json\/wp\/v2\/tags?post=15809"}],"curies":[{"name":"wp","href":"https:\/\/api.w.org\/{rel}","templated":true}]}}