{"id":15619,"date":"2014-11-26T15:58:17","date_gmt":"2014-11-26T14:58:17","guid":{"rendered":"http:\/\/blog.sotrender.com\/?p=15619"},"modified":"2015-12-28T16:29:23","modified_gmt":"2015-12-28T15:29:23","slug":"sri-zasieg-organiczny","status":"publish","type":"post","link":"https:\/\/www.sotrender.com\/blog\/pl\/2014\/11\/sri-zasieg-organiczny\/","title":{"rendered":"Sotrender Research Insight &#8211; wszystko,  co trzeba wiedzie\u0107 o spadaj\u0105cym zasi\u0119gu organicznym"},"content":{"rendered":"<p style=\"text-align: justify;\"><a title=\"Przeczytaj poprzedni\u0105 analiz\u0119 Sotrender\" href=\"https:\/\/www.sotrender.com\/blog\/pl\/2014\/03\/spadek-zasiegu\/\" target=\"_blank\">Zasi\u0119g organiczny na Facebooku stale maleje<\/a>,  co wi\u0119cej,  znacz\u0105co r\u00f3\u017cni si\u0119 w zale\u017cno\u015bci od wielko\u015bci profilu,  a tak\u017ce &#8211; w nieco mniejszym stopniu &#8211; od typu opublikowanego posta. Jak w tej sytuacji powinni post\u0119powa\u0107 tw\u00f3rcy strategii komunikacji marek w social media? Najwa\u017cniejsza jest w tym przypadku znajomo\u015b\u0107 danego medium,  kt\u00f3ra umo\u017cliwia precyzyjny dob\u00f3r \u015brodk\u00f3w odpowiednich do osi\u0105gni\u0119cia cel\u00f3w. W przypadku Facebooka aspektem,  kt\u00f3ry nieustannie sp\u0119dza sen z powiek administratorom profili,  jest w\u0142a\u015bnie obni\u017caj\u0105cy si\u0119 stale zasi\u0119g organiczny. W ramach listopadowego Sotrender Reseach Insight postanowili\u015bmy wi\u0119c sprawdzi\u0107,  <strong>jak na przestrzeni ostatniego roku zmienia\u0142a si\u0119 jego warto\u015b\u0107,  do jakiej cz\u0119\u015bci u\u017cytkownik\u00f3w docieraj\u0105 obecnie publikowane przez strony tre\u015bci oraz kt\u00f3re typy post\u00f3w s\u0105 teraz najbardziej widoczne.<\/strong><\/p>\n<p style=\"text-align: justify;\"><strong><!--more--><\/strong><\/p>\n<h2 style=\"text-align: justify;\"><strong>Jak zmienia\u0142 si\u0119 zasi\u0119g organiczny polskich stron?<\/strong><\/h2>\n<p style=\"text-align: justify;\">Zbadali\u015bmy,  jak na przestrzeni ostatniego roku zmienia\u0142 si\u0119 zasi\u0119g organiczny post\u00f3w opublikowanych przez ponad 600 polskich profili markowych. W analizie nie uwzgl\u0119dnili\u015bmy stron prowadzonych przez osoby publiczne oraz media. Ze wzgl\u0119du na fakt,  \u017ce warto\u015b\u0107 zasi\u0119gu organicznego r\u00f3\u017cni si\u0119 w zale\u017cno\u015bci od wielko\u015bci analizowanego profilu,  badali\u015bmy jego stosunek do liczby fan\u00f3w,  kt\u00f3ry dalej nazwali\u015bmy <strong>\u201crelatywnym zasi\u0119giem organicznym\u201d<\/strong>. Nie jest to jednak a\u017c tak prosta zale\u017cno\u015b\u0107,  o czym piszemy w dalszej cz\u0119\u015bci tekstu.<\/p>\n<p style=\"text-align: justify;\">Pomi\u0119dzy styczniem a listopadem 2014 roku obserwowali\u015bmy <strong>znaczny spadek \u015bredniego relatywnego zasi\u0119gu organicznego<\/strong>,  cho\u0107 trudno powiedzie\u0107,  by by\u0142 to jednostajny trend. Cho\u0107 mogli\u015bmy si\u0119 spodziewa\u0107,  \u017ce wraz z rosn\u0105c\u0105 liczb\u0105 i wielko\u015bci\u0105 profili b\u0119d\u0105 one dociera\u0142y do coraz mniejszego odsetka fan\u00f3w,  to wci\u0105\u017c w niekt\u00f3rych miesi\u0105cach notowali\u015bmy wysokie warto\u015bci tego wska\u017anika. Dla przyk\u0142adu w marcu i kwietniu z postem opublikowanym przez polubion\u0105 stron\u0119 styka\u0142 si\u0119 \u015brednio jej co pi\u0105ty fan. Po tym okresie <strong>relatywny zasi\u0119g organiczny zmala\u0142 do nieco poni\u017cej 15%,  by wreszcie od pa\u017adziernika oscylowa\u0107 w granicach mi\u0119dzy 11% a 10%<\/strong>.<\/p>\n<div id=\"attachment_15627\" style=\"width: 734px\" class=\"wp-caption aligncenter\"><a href=\"https:\/\/www.sotrender.com\/blog\/wp-content\/uploads\/2014\/11\/plot_dynamics.png\"><img loading=\"lazy\" decoding=\"async\" aria-describedby=\"caption-attachment-15627\" class=\"size-full wp-image-15627\" src=\"https:\/\/www.sotrender.com\/blog\/wp-content\/uploads\/2014\/11\/plot_dynamics.png\" alt=\"Zasi\u0119g a liczba fan\u00f3w\" width=\"724\" height=\"563\" srcset=\"https:\/\/www.sotrender.com\/blog\/wp-content\/uploads\/2014\/11\/plot_dynamics.png 724w, https:\/\/www.sotrender.com\/blog\/wp-content\/uploads\/2014\/11\/plot_dynamics-410x320.png 410w, https:\/\/www.sotrender.com\/blog\/wp-content\/uploads\/2014\/11\/plot_dynamics-475x369.png 475w, https:\/\/www.sotrender.com\/blog\/wp-content\/uploads\/2014\/11\/plot_dynamics-600x467.png 600w\" sizes=\"(max-width: 724px) 100vw, 724px\" \/><\/a><p id=\"caption-attachment-15627\" class=\"wp-caption-text\">Zasi\u0119g a liczba fan\u00f3w<\/p><\/div>\n<p style=\"text-align: justify;\">Od dawna wiadomo,  \u017ce warto\u015b\u0107 relatywnego zasi\u0119gu organicznego jest zwi\u0105zana z wielko\u015bci\u0105 profilu. <strong>Strony posiadaj\u0105ce do 10 tys. fan\u00f3w dociera\u0142y do przeci\u0119tnie 16% swoich u\u017cytkownik\u00f3w.<\/strong> <strong>Warto\u015b\u0107 ta w\u015br\u00f3d profili znajduj\u0105cych si\u0119 w przedziale od 10 do 50 tys. fan\u00f3w wynosi\u0142a ju\u017c tylko 6%. Najrzadziej do fan\u00f3w dociera\u0142y tre\u015bci ze stron posiadaj\u0105cych od 50 do 100 tys. fan\u00f3w (3, 7%) i wi\u0119kszych (1, 5%).<\/strong> Przeci\u0119tne (warto\u015bci \u015brodkowe &#8211; mediany) relatywnego zasi\u0119gu zaznaczono na wykresie pomara\u0144czowymi liniami,  we wn\u0119trzu prostok\u0105t\u00f3w. Linie przerywane wyznaczaj\u0105 skrajne warto\u015bci obserwacji. W niekt\u00f3rych profilach posiadaj\u0105cych mniej ni\u017c 10 tys. fan\u00f3w relatywny zasi\u0119g organiczny wynosi\u0142 ponad 60%. Z kolei du\u017ce profile nawet w skrajnych przypadkach nie przekracza\u0142y 12%.<\/p>\n<div id=\"attachment_15631\" style=\"width: 734px\" class=\"wp-caption aligncenter\"><a href=\"https:\/\/www.sotrender.com\/blog\/wp-content\/uploads\/2014\/11\/plot_liczba_fanow.png\"><img loading=\"lazy\" decoding=\"async\" aria-describedby=\"caption-attachment-15631\" class=\"size-full wp-image-15631\" src=\"https:\/\/www.sotrender.com\/blog\/wp-content\/uploads\/2014\/11\/plot_liczba_fanow.png\" alt=\"Zasi\u0119g a wielko\u015b\u0107 profilu\" width=\"724\" height=\"598\" srcset=\"https:\/\/www.sotrender.com\/blog\/wp-content\/uploads\/2014\/11\/plot_liczba_fanow.png 724w, https:\/\/www.sotrender.com\/blog\/wp-content\/uploads\/2014\/11\/plot_liczba_fanow-475x392.png 475w, https:\/\/www.sotrender.com\/blog\/wp-content\/uploads\/2014\/11\/plot_liczba_fanow-600x496.png 600w\" sizes=\"(max-width: 724px) 100vw, 724px\" \/><\/a><p id=\"caption-attachment-15631\" class=\"wp-caption-text\">Zasi\u0119g a wielko\u015b\u0107 profilu<\/p><\/div>\n<p style=\"text-align: justify;\">R\u00f3\u017cnice w relatywnym zasi\u0119gu organicznym w zale\u017cno\u015bci od wielko\u015bci profilu obserwowali\u015bmy ju\u017c na pocz\u0105tku roku. <strong>W przypadku ka\u017cdej analizowanej grupy &#8211; opr\u00f3cz tej o najmniejszych profilach &#8211; spadki by\u0142y dwukrotne lub wi\u0119ksze.<\/strong> Zdecydowanie najbardziej ucierpia\u0142y strony posiadaj\u0105ce od 10 do 50 tys. fan\u00f3w,  kt\u00f3rym zasi\u0119g organiczny spad\u0142 a\u017c o 66%.<\/p>\n<div id=\"attachment_15623\" style=\"width: 734px\" class=\"wp-caption aligncenter\"><a href=\"https:\/\/www.sotrender.com\/blog\/wp-content\/uploads\/2014\/11\/nowy_plot.png\"><img loading=\"lazy\" decoding=\"async\" aria-describedby=\"caption-attachment-15623\" class=\"size-full wp-image-15623\" src=\"https:\/\/www.sotrender.com\/blog\/wp-content\/uploads\/2014\/11\/nowy_plot.png\" alt=\"Spadek zasi\u0119gu a wielko\u015b\u0107 profilu\" width=\"724\" height=\"535\" srcset=\"https:\/\/www.sotrender.com\/blog\/wp-content\/uploads\/2014\/11\/nowy_plot.png 724w, https:\/\/www.sotrender.com\/blog\/wp-content\/uploads\/2014\/11\/nowy_plot-475x351.png 475w, https:\/\/www.sotrender.com\/blog\/wp-content\/uploads\/2014\/11\/nowy_plot-600x443.png 600w\" sizes=\"(max-width: 724px) 100vw, 724px\" \/><\/a><p id=\"caption-attachment-15623\" class=\"wp-caption-text\">Spadek zasi\u0119gu a wielko\u015b\u0107 profilu<\/p><\/div>\n<h2 style=\"text-align: justify;\"><b>Najbardziej widoczne typy post\u00f3w<\/b><\/h2>\n<p style=\"text-align: justify;\">Niekt\u00f3rzy administratorzy stron pr\u00f3buj\u0105 walczy\u0107 ze spadaj\u0105cym zasi\u0119giem poprzez cz\u0119stsze publikowanie okre\u015blonych typ\u00f3w post\u00f3w,  charakteryzuj\u0105cych si\u0119 wi\u0119ksz\u0105 widoczno\u015bci\u0105. Jak obecnie to wygl\u0105da w praktyce? <strong>Do najwi\u0119kszego odsetka fan\u00f3w docieraj\u0105 posty typu \u201estatus\u201d,  czyli niezawieraj\u0105ce link\u00f3w ani multimedi\u00f3w &#8211; ich przeci\u0119tny relatywny zasi\u0119g organiczny wynosi a\u017c 10%.<\/strong> Drugie w kolejno\u015bci s\u0105 posty typu \u201evideo\u201d docieraj\u0105ce do 8% odbiorc\u00f3w. Niezmiennie niski pozostaje relatywny zasi\u0119g organiczny przy postach typu \u201elink\u201d i \u201ephoto\u201d. Przeci\u0119tnie docieraj\u0105 one do kolejno 6% i 4% fan\u00f3w strony.<\/p>\n<p style=\"text-align: justify;\">Wydaje si\u0119 wi\u0119c,  \u017ce mimo <a title=\"Przeczytaj wi\u0119cej\" href=\"http:\/\/www.mediapost.com\/publications\/article\/217813\/facebook-reduces-reach-of-brands-text-only-posts.html?edition=\" target=\"_blank\">zapowiedzi Facebooka o ograniczeniu zasi\u0119gu dla post\u00f3w tekstowych<\/a>,  algorytm nadal faworyzuje je wzgl\u0119dem innych typ\u00f3w. Oczywi\u015bcie nale\u017cy pami\u0119ta\u0107,  \u017ce powy\u017csze obserwacje odnosz\u0105 si\u0119 wy\u0142\u0105cznie do stron prowadzonych przez marki. W przypadku medi\u00f3w sytuacja b\u0119dzie wygl\u0105da\u0142a znacznie inaczej,  poniewa\u017c od pewnego czasu algorytmy Facebooka promuj\u0105 warto\u015bciowe linki informacyjne. Mo\u017ce si\u0119 wi\u0119c okaza\u0107,  \u017ce w przypadku profili medialnych relatywny zasi\u0119g organiczny post\u00f3w z linkami jest o wiele wy\u017cszy.<\/p>\n<div id=\"attachment_15625\" style=\"width: 734px\" class=\"wp-caption aligncenter\"><a href=\"https:\/\/www.sotrender.com\/blog\/wp-content\/uploads\/2014\/11\/plot_by_post_type.png\"><img loading=\"lazy\" decoding=\"async\" aria-describedby=\"caption-attachment-15625\" class=\"size-full wp-image-15625\" src=\"https:\/\/www.sotrender.com\/blog\/wp-content\/uploads\/2014\/11\/plot_by_post_type.png\" alt=\"Zasi\u0119g a typ posta\" width=\"724\" height=\"526\" srcset=\"https:\/\/www.sotrender.com\/blog\/wp-content\/uploads\/2014\/11\/plot_by_post_type.png 724w, https:\/\/www.sotrender.com\/blog\/wp-content\/uploads\/2014\/11\/plot_by_post_type-475x345.png 475w, https:\/\/www.sotrender.com\/blog\/wp-content\/uploads\/2014\/11\/plot_by_post_type-600x436.png 600w\" sizes=\"(max-width: 724px) 100vw, 724px\" \/><\/a><p id=\"caption-attachment-15625\" class=\"wp-caption-text\">Zasi\u0119g a typ posta<\/p><\/div>\n<p style=\"text-align: justify;\">Nie da si\u0119 jednak nie zauwa\u017cy\u0107,  \u017ce zasi\u0119g post\u00f3w typu \u201cstatus\u201d tak\u017ce stopniowo maleje &#8211; jeszcze na pocz\u0105tku roku tre\u015bci takie dociera\u0142y przeci\u0119tnie do a\u017c 22% fan\u00f3w,  podczas gdy w grudniu jedynie do 9%. Podobnego spadku nie odnotowali\u015bmy przy \u017cadnym innym typie post\u00f3w. Relatywny zasi\u0119g ka\u017cdego z nich utrzymywa\u0142 si\u0119 na podobnym poziomie na ko\u0144cu i na pocz\u0105tku roku.<\/p>\n<div id=\"attachment_15629\" style=\"width: 734px\" class=\"wp-caption aligncenter\"><a href=\"https:\/\/www.sotrender.com\/blog\/wp-content\/uploads\/2014\/11\/plot_final.png\"><img loading=\"lazy\" decoding=\"async\" aria-describedby=\"caption-attachment-15629\" class=\"size-full wp-image-15629\" src=\"https:\/\/www.sotrender.com\/blog\/wp-content\/uploads\/2014\/11\/plot_final.png\" alt=\"Spadek zasi\u0119gu ze wzgl\u0119du na typ posta\" width=\"724\" height=\"528\" srcset=\"https:\/\/www.sotrender.com\/blog\/wp-content\/uploads\/2014\/11\/plot_final.png 724w, https:\/\/www.sotrender.com\/blog\/wp-content\/uploads\/2014\/11\/plot_final-475x346.png 475w, https:\/\/www.sotrender.com\/blog\/wp-content\/uploads\/2014\/11\/plot_final-600x438.png 600w\" sizes=\"(max-width: 724px) 100vw, 724px\" \/><\/a><p id=\"caption-attachment-15629\" class=\"wp-caption-text\">Spadek zasi\u0119gu ze wzgl\u0119du na typ posta<\/p><\/div>\n<h2 style=\"text-align: justify;\"><strong>Jak tworzy\u0107 strategi\u0119 w obliczu spadk\u00f3w zasi\u0119gu?<\/strong><\/h2>\n<p style=\"text-align: justify;\">Chocia\u017c zasi\u0119g organiczny to tylko jeden ze wska\u017anik\u00f3w zwi\u0105zanych z zasi\u0119giem,  a sam<strong> <a title=\"Zobacz,  jak b\u0119dziemy mierzy\u0107 efekty komunikacji w 2015 r.\" href=\"https:\/\/www.sotrender.com\/blog\/pl\/2014\/11\/mierzenie-social-media-2015\/\" target=\"_blank\">zasi\u0119g to z kolei tylko jeden z aspekt\u00f3w powi\u0105zanych z komunikacj\u0105 w mediach spo\u0142eczno\u015bciowych<\/a><\/strong>,  administratorzy nadal przywi\u0105zuj\u0105 do niego ogromne znaczenie. Wszystko dlatego,  \u017ce nadal jeszcze uznawany jest za przynajmniej cz\u0119\u015bciowo bezp\u0142atny i zwi\u0105zany z jako\u015bci\u0105 prowadzonej komunikacji. Na stycze\u0144 2015 r. Facebook zapowiedzia\u0142 <a title=\"Dowiedz si\u0119 wi\u0119cej\" href=\"https:\/\/www.facebook.com\/business\/news\/update-to-facebook-news-feed\" target=\"_blank\">kolejne zmiany w Edge Ranku<\/a>,  kt\u00f3re bez w\u0105tpienia r\u00f3wnie\u017c wp\u0142yn\u0105 na widoczno\u015b\u0107 post\u00f3w. Jak powinny na nie zareagowa\u0107 osoby tworz\u0105ce strategie komunikacji?\u00a0Istnieje kilka mo\u017cliwych rozwi\u0105za\u0144,  kt\u00f3re cz\u0119sto bywaj\u0105 ze sob\u0105 \u0142\u0105czone:<\/p>\n<ul style=\"text-align: justify;\">\n<li>korzystanie w coraz wi\u0119kszym stopniu z zasi\u0119gu p\u0142atnego;<\/li>\n<li>publikowanie rzadziej,  poniewa\u017c i tak tylko niewielka cz\u0119\u015b\u0107 fan\u00f3w zobaczy tre\u015bci niepromowane, <\/li>\n<li>skupienie si\u0119 na najlepszych jako\u015bciowo tre\u015bciach oraz promocji ich;<\/li>\n<li>za\u0142o\u017cenie,  \u017ce przeci\u0119tny fan ma znacznie rzadszy kontakt z udost\u0119pnianymi przez stron\u0119 tre\u015bciami ni\u017c kiedy\u015b;<\/li>\n<li>rezygnacja z dzia\u0142a\u0144 maj\u0105cych na celu zwi\u0119kszanie liczby fan\u00f3w,  poniewa\u017c w bardzo niewielkim stopniu przek\u0142adaj\u0105 si\u0119 one na wi\u0119kszy zasi\u0119g konkretnych post\u00f3w;<\/li>\n<li>bie\u017c\u0105ce \u015bledzenie rezultat\u00f3w osi\u0105ganych przez dane typy post\u00f3w,  np. przy u\u017cyciu <a title=\"Przejd\u017a na stron\u0119 Sotrender\" href=\"http:\/\/www.sotrender.pl\" target=\"_blank\">Sotrendera<\/a>.<\/li>\n<\/ul>\n<p style=\"text-align: justify;\"><div class=\"shortcode trial\"><h4><span>Sprawdzaj na bie\u017c\u0105co zasi\u0119g post\u00f3w na Facebooku<\/span><a title=\"Za\u0142\u00f3\u017c konto!\" class=\"btn\" href=\"https:\/\/app.sotrender.com\/auth\/signup\/trial\/pl?utm_source=blog-cta-legacy\">Za\u0142\u00f3\u017c konto!<\/a><\/h4><\/div><\/p>\n","protected":false},"excerpt":{"rendered":"<p>Zasi\u0119g organiczny na Facebooku stale maleje, co wi\u0119cej, znacz\u0105co r\u00f3\u017cni si\u0119 w zale\u017cno\u015bci od wielko\u015bci profilu, a tak\u017ce &#8211; w nieco mniejszym stopniu &#8211; od typu opublikowanego posta. Jak w tej sytuacji powinni post\u0119powa\u0107 tw\u00f3rcy strategii komunikacji marek w social media? Najwa\u017cniejsza jest w tym przypadku znajomo\u015b\u0107 danego medium, kt\u00f3ra umo\u017cliwia precyzyjny dob\u00f3r \u015brodk\u00f3w odpowiednich [&hellip;]<\/p>\n","protected":false},"author":47,"featured_media":18901,"comment_status":"open","ping_status":"open","sticky":false,"template":"","format":"standard","meta":{"inline_featured_image":false,"footnotes":""},"categories":[1793,1797],"tags":[519,643,707,1383,1385,7,17,499],"yoast_head":"<!-- This site is optimized with the Yoast SEO plugin v22.4 - https:\/\/yoast.com\/wordpress\/plugins\/seo\/ -->\n<title>Sotrender Research Insight - wszystko, co trzeba wiedzie\u0107 o spadaj\u0105cym zasi\u0119gu organicznym \u2013 Sotrender Blog \u2013 Analyze, Benchmark &amp; Report Your Social Media Performance<\/title>\n<meta name=\"description\" content=\"Zasi\u0119g organiczny na Facebooku stale maleje, co wi\u0119cej, znacz\u0105co r\u00f3\u017cni si\u0119 w zale\u017cno\u015bci od wielko\u015bci profilu, a tak\u017ce - w nieco mniejszym stopniu - od Social Media Marketing &amp; Analytics Blog.\" \/>\n<meta name=\"robots\" content=\"index, follow, max-snippet:-1, max-image-preview:large, max-video-preview:-1\" \/>\n<link rel=\"canonical\" href=\"https:\/\/www.sotrender.com\/blog\/pl\/2014\/11\/sri-zasieg-organiczny\/\" \/>\n<meta property=\"og:locale\" content=\"pl_PL\" \/>\n<meta property=\"og:type\" content=\"article\" \/>\n<meta property=\"og:title\" content=\"Sotrender Research Insight - wszystko, co trzeba wiedzie\u0107 o spadaj\u0105cym zasi\u0119gu organicznym \u2013 Sotrender Blog \u2013 Analyze, Benchmark &amp; Report Your Social Media Performance\" \/>\n<meta property=\"og:description\" content=\"Zasi\u0119g organiczny na Facebooku stale maleje, co wi\u0119cej, znacz\u0105co r\u00f3\u017cni si\u0119 w zale\u017cno\u015bci od wielko\u015bci profilu, a tak\u017ce - w nieco mniejszym stopniu - od Social Media Marketing &amp; Analytics Blog.\" \/>\n<meta property=\"og:url\" content=\"https:\/\/www.sotrender.com\/blog\/pl\/2014\/11\/sri-zasieg-organiczny\/\" \/>\n<meta property=\"og:site_name\" content=\"Sotrender Blog\" \/>\n<meta property=\"article:publisher\" content=\"https:\/\/www.facebook.com\/Sotrender\" \/>\n<meta property=\"article:published_time\" content=\"2014-11-26T14:58:17+00:00\" \/>\n<meta property=\"article:modified_time\" content=\"2015-12-28T15:29:23+00:00\" \/>\n<meta property=\"og:image\" content=\"https:\/\/www.sotrender.com\/blog\/wp-content\/uploads\/2015\/07\/header_blog_3.jpg\" \/>\n\t<meta property=\"og:image:width\" content=\"1600\" \/>\n\t<meta property=\"og:image:height\" content=\"700\" \/>\n\t<meta property=\"og:image:type\" content=\"image\/jpeg\" \/>\n<meta name=\"author\" content=\"Filip Cyprowski\" \/>\n<meta name=\"twitter:card\" content=\"summary_large_image\" \/>\n<meta name=\"twitter:creator\" content=\"@Sotrender\" \/>\n<meta name=\"twitter:site\" content=\"@Sotrender\" \/>\n<meta name=\"twitter:label1\" content=\"Written by\" \/>\n\t<meta name=\"twitter:data1\" content=\"Filip Cyprowski\" \/>\n\t<meta name=\"twitter:label2\" content=\"Est. reading time\" \/>\n\t<meta name=\"twitter:data2\" content=\"6 minutes\" \/>\n<script type=\"application\/ld+json\" class=\"yoast-schema-graph\">{\"@context\":\"https:\/\/schema.org\",\"@graph\":[{\"@type\":\"WebPage\",\"@id\":\"https:\/\/www.sotrender.com\/blog\/pl\/2014\/11\/sri-zasieg-organiczny\/\",\"url\":\"https:\/\/www.sotrender.com\/blog\/pl\/2014\/11\/sri-zasieg-organiczny\/\",\"name\":\"Sotrender Research Insight - wszystko, co trzeba wiedzie\u0107 o spadaj\u0105cym zasi\u0119gu organicznym \u2013 Sotrender Blog \u2013 Analyze, Benchmark & Report Your Social Media Performance\",\"isPartOf\":{\"@id\":\"https:\/\/www.sotrender.com\/blog\/#website\"},\"primaryImageOfPage\":{\"@id\":\"https:\/\/www.sotrender.com\/blog\/pl\/2014\/11\/sri-zasieg-organiczny\/#primaryimage\"},\"image\":{\"@id\":\"https:\/\/www.sotrender.com\/blog\/pl\/2014\/11\/sri-zasieg-organiczny\/#primaryimage\"},\"thumbnailUrl\":\"https:\/\/www.sotrender.com\/blog\/wp-content\/uploads\/2015\/07\/header_blog_3.jpg\",\"datePublished\":\"2014-11-26T14:58:17+00:00\",\"dateModified\":\"2015-12-28T15:29:23+00:00\",\"author\":{\"@id\":\"https:\/\/www.sotrender.com\/blog\/#\/schema\/person\/a9e61bcd9bd852abf29f7f549fb6037b\"},\"description\":\"Zasi\u0119g organiczny na Facebooku stale maleje, co wi\u0119cej, znacz\u0105co r\u00f3\u017cni si\u0119 w zale\u017cno\u015bci od wielko\u015bci profilu, a tak\u017ce - w nieco mniejszym stopniu - od Social Media Marketing & Analytics Blog.\",\"breadcrumb\":{\"@id\":\"https:\/\/www.sotrender.com\/blog\/pl\/2014\/11\/sri-zasieg-organiczny\/#breadcrumb\"},\"inLanguage\":\"pl-PL\",\"potentialAction\":[{\"@type\":\"ReadAction\",\"target\":[\"https:\/\/www.sotrender.com\/blog\/pl\/2014\/11\/sri-zasieg-organiczny\/\"]}]},{\"@type\":\"ImageObject\",\"inLanguage\":\"pl-PL\",\"@id\":\"https:\/\/www.sotrender.com\/blog\/pl\/2014\/11\/sri-zasieg-organiczny\/#primaryimage\",\"url\":\"https:\/\/www.sotrender.com\/blog\/wp-content\/uploads\/2015\/07\/header_blog_3.jpg\",\"contentUrl\":\"https:\/\/www.sotrender.com\/blog\/wp-content\/uploads\/2015\/07\/header_blog_3.jpg\",\"width\":1600,\"height\":700},{\"@type\":\"BreadcrumbList\",\"@id\":\"https:\/\/www.sotrender.com\/blog\/pl\/2014\/11\/sri-zasieg-organiczny\/#breadcrumb\",\"itemListElement\":[{\"@type\":\"ListItem\",\"position\":1,\"name\":\"Home\",\"item\":\"https:\/\/www.sotrender.com\/blog\/\"},{\"@type\":\"ListItem\",\"position\":2,\"name\":\"Sotrender Research Insight &#8211; wszystko, co trzeba wiedzie\u0107 o spadaj\u0105cym zasi\u0119gu organicznym\"}]},{\"@type\":\"WebSite\",\"@id\":\"https:\/\/www.sotrender.com\/blog\/#website\",\"url\":\"https:\/\/www.sotrender.com\/blog\/\",\"name\":\"Sotrender Blog\",\"description\":\"\",\"potentialAction\":[{\"@type\":\"SearchAction\",\"target\":{\"@type\":\"EntryPoint\",\"urlTemplate\":\"https:\/\/www.sotrender.com\/blog\/?s={search_term_string}\"},\"query-input\":\"required name=search_term_string\"}],\"inLanguage\":\"pl-PL\"},{\"@type\":\"Person\",\"@id\":\"https:\/\/www.sotrender.com\/blog\/#\/schema\/person\/a9e61bcd9bd852abf29f7f549fb6037b\",\"name\":\"Filip Cyprowski\",\"image\":{\"@type\":\"ImageObject\",\"inLanguage\":\"pl-PL\",\"@id\":\"https:\/\/www.sotrender.com\/blog\/#\/schema\/person\/image\/\",\"url\":\"https:\/\/secure.gravatar.com\/avatar\/b4b265e9bed651a411e92f37055c3968?s=96&d=mm&r=g\",\"contentUrl\":\"https:\/\/secure.gravatar.com\/avatar\/b4b265e9bed651a411e92f37055c3968?s=96&d=mm&r=g\",\"caption\":\"Filip Cyprowski\"},\"sameAs\":[\"https:\/\/pl.linkedin.com\/in\/filipcyprowski\/en\"],\"url\":\"https:\/\/www.sotrender.com\/blog\/pl\/author\/fcyprowski\/\"}]}<\/script>\n<!-- \/ Yoast SEO plugin. -->","yoast_head_json":{"title":"Sotrender Research Insight - wszystko, co trzeba wiedzie\u0107 o spadaj\u0105cym zasi\u0119gu organicznym \u2013 Sotrender Blog \u2013 Analyze, Benchmark & Report Your Social Media Performance","description":"Zasi\u0119g organiczny na Facebooku stale maleje, co wi\u0119cej, znacz\u0105co r\u00f3\u017cni si\u0119 w zale\u017cno\u015bci od wielko\u015bci profilu, a tak\u017ce - w nieco mniejszym stopniu - od Social Media Marketing & Analytics Blog.","robots":{"index":"index","follow":"follow","max-snippet":"max-snippet:-1","max-image-preview":"max-image-preview:large","max-video-preview":"max-video-preview:-1"},"canonical":"https:\/\/www.sotrender.com\/blog\/pl\/2014\/11\/sri-zasieg-organiczny\/","og_locale":"pl_PL","og_type":"article","og_title":"Sotrender Research Insight - wszystko, co trzeba wiedzie\u0107 o spadaj\u0105cym zasi\u0119gu organicznym \u2013 Sotrender Blog \u2013 Analyze, Benchmark & Report Your Social Media Performance","og_description":"Zasi\u0119g organiczny na Facebooku stale maleje, co wi\u0119cej, znacz\u0105co r\u00f3\u017cni si\u0119 w zale\u017cno\u015bci od wielko\u015bci profilu, a tak\u017ce - w nieco mniejszym stopniu - od Social Media Marketing & Analytics Blog.","og_url":"https:\/\/www.sotrender.com\/blog\/pl\/2014\/11\/sri-zasieg-organiczny\/","og_site_name":"Sotrender Blog","article_publisher":"https:\/\/www.facebook.com\/Sotrender","article_published_time":"2014-11-26T14:58:17+00:00","article_modified_time":"2015-12-28T15:29:23+00:00","og_image":[{"width":1600,"height":700,"url":"https:\/\/www.sotrender.com\/blog\/wp-content\/uploads\/2015\/07\/header_blog_3.jpg","type":"image\/jpeg"}],"author":"Filip Cyprowski","twitter_card":"summary_large_image","twitter_creator":"@Sotrender","twitter_site":"@Sotrender","twitter_misc":{"Written by":"Filip Cyprowski","Est. reading time":"6 minutes"},"schema":{"@context":"https:\/\/schema.org","@graph":[{"@type":"WebPage","@id":"https:\/\/www.sotrender.com\/blog\/pl\/2014\/11\/sri-zasieg-organiczny\/","url":"https:\/\/www.sotrender.com\/blog\/pl\/2014\/11\/sri-zasieg-organiczny\/","name":"Sotrender Research Insight - wszystko, co trzeba wiedzie\u0107 o spadaj\u0105cym zasi\u0119gu organicznym \u2013 Sotrender Blog \u2013 Analyze, Benchmark & Report Your Social Media Performance","isPartOf":{"@id":"https:\/\/www.sotrender.com\/blog\/#website"},"primaryImageOfPage":{"@id":"https:\/\/www.sotrender.com\/blog\/pl\/2014\/11\/sri-zasieg-organiczny\/#primaryimage"},"image":{"@id":"https:\/\/www.sotrender.com\/blog\/pl\/2014\/11\/sri-zasieg-organiczny\/#primaryimage"},"thumbnailUrl":"https:\/\/www.sotrender.com\/blog\/wp-content\/uploads\/2015\/07\/header_blog_3.jpg","datePublished":"2014-11-26T14:58:17+00:00","dateModified":"2015-12-28T15:29:23+00:00","author":{"@id":"https:\/\/www.sotrender.com\/blog\/#\/schema\/person\/a9e61bcd9bd852abf29f7f549fb6037b"},"description":"Zasi\u0119g organiczny na Facebooku stale maleje, co wi\u0119cej, znacz\u0105co r\u00f3\u017cni si\u0119 w zale\u017cno\u015bci od wielko\u015bci profilu, a tak\u017ce - w nieco mniejszym stopniu - od Social Media Marketing & Analytics Blog.","breadcrumb":{"@id":"https:\/\/www.sotrender.com\/blog\/pl\/2014\/11\/sri-zasieg-organiczny\/#breadcrumb"},"inLanguage":"pl-PL","potentialAction":[{"@type":"ReadAction","target":["https:\/\/www.sotrender.com\/blog\/pl\/2014\/11\/sri-zasieg-organiczny\/"]}]},{"@type":"ImageObject","inLanguage":"pl-PL","@id":"https:\/\/www.sotrender.com\/blog\/pl\/2014\/11\/sri-zasieg-organiczny\/#primaryimage","url":"https:\/\/www.sotrender.com\/blog\/wp-content\/uploads\/2015\/07\/header_blog_3.jpg","contentUrl":"https:\/\/www.sotrender.com\/blog\/wp-content\/uploads\/2015\/07\/header_blog_3.jpg","width":1600,"height":700},{"@type":"BreadcrumbList","@id":"https:\/\/www.sotrender.com\/blog\/pl\/2014\/11\/sri-zasieg-organiczny\/#breadcrumb","itemListElement":[{"@type":"ListItem","position":1,"name":"Home","item":"https:\/\/www.sotrender.com\/blog\/"},{"@type":"ListItem","position":2,"name":"Sotrender Research Insight &#8211; wszystko, co trzeba wiedzie\u0107 o spadaj\u0105cym zasi\u0119gu organicznym"}]},{"@type":"WebSite","@id":"https:\/\/www.sotrender.com\/blog\/#website","url":"https:\/\/www.sotrender.com\/blog\/","name":"Sotrender Blog","description":"","potentialAction":[{"@type":"SearchAction","target":{"@type":"EntryPoint","urlTemplate":"https:\/\/www.sotrender.com\/blog\/?s={search_term_string}"},"query-input":"required name=search_term_string"}],"inLanguage":"pl-PL"},{"@type":"Person","@id":"https:\/\/www.sotrender.com\/blog\/#\/schema\/person\/a9e61bcd9bd852abf29f7f549fb6037b","name":"Filip Cyprowski","image":{"@type":"ImageObject","inLanguage":"pl-PL","@id":"https:\/\/www.sotrender.com\/blog\/#\/schema\/person\/image\/","url":"https:\/\/secure.gravatar.com\/avatar\/b4b265e9bed651a411e92f37055c3968?s=96&d=mm&r=g","contentUrl":"https:\/\/secure.gravatar.com\/avatar\/b4b265e9bed651a411e92f37055c3968?s=96&d=mm&r=g","caption":"Filip Cyprowski"},"sameAs":["https:\/\/pl.linkedin.com\/in\/filipcyprowski\/en"],"url":"https:\/\/www.sotrender.com\/blog\/pl\/author\/fcyprowski\/"}]}},"_links":{"self":[{"href":"https:\/\/www.sotrender.com\/blog\/pl\/wp-json\/wp\/v2\/posts\/15619"}],"collection":[{"href":"https:\/\/www.sotrender.com\/blog\/pl\/wp-json\/wp\/v2\/posts"}],"about":[{"href":"https:\/\/www.sotrender.com\/blog\/pl\/wp-json\/wp\/v2\/types\/post"}],"author":[{"embeddable":true,"href":"https:\/\/www.sotrender.com\/blog\/pl\/wp-json\/wp\/v2\/users\/47"}],"replies":[{"embeddable":true,"href":"https:\/\/www.sotrender.com\/blog\/pl\/wp-json\/wp\/v2\/comments?post=15619"}],"version-history":[{"count":8,"href":"https:\/\/www.sotrender.com\/blog\/pl\/wp-json\/wp\/v2\/posts\/15619\/revisions"}],"predecessor-version":[{"id":15645,"href":"https:\/\/www.sotrender.com\/blog\/pl\/wp-json\/wp\/v2\/posts\/15619\/revisions\/15645"}],"wp:featuredmedia":[{"embeddable":true,"href":"https:\/\/www.sotrender.com\/blog\/pl\/wp-json\/wp\/v2\/media\/18901"}],"wp:attachment":[{"href":"https:\/\/www.sotrender.com\/blog\/pl\/wp-json\/wp\/v2\/media?parent=15619"}],"wp:term":[{"taxonomy":"category","embeddable":true,"href":"https:\/\/www.sotrender.com\/blog\/pl\/wp-json\/wp\/v2\/categories?post=15619"},{"taxonomy":"post_tag","embeddable":true,"href":"https:\/\/www.sotrender.com\/blog\/pl\/wp-json\/wp\/v2\/tags?post=15619"}],"curies":[{"name":"wp","href":"https:\/\/api.w.org\/{rel}","templated":true}]}}