{"id":15011,"date":"2014-10-07T14:32:13","date_gmt":"2014-10-07T13:32:13","guid":{"rendered":"http:\/\/blog.sotrender.com\/?p=15011"},"modified":"2015-12-01T21:52:04","modified_gmt":"2015-12-01T20:52:04","slug":"fanpage-trends-wrzesien-2014","status":"publish","type":"post","link":"https:\/\/www.sotrender.com\/blog\/pl\/2014\/10\/fanpage-trends-wrzesien-2014\/","title":{"rendered":"Fanpage Trends Wrzesie\u0144 2014 &#8211; Polacy znowu przed telewizorami"},"content":{"rendered":"<p style=\"text-align: justify;\">Wrzesie\u0144 na Facebooku min\u0105\u0142 pod znakiem nowej ram\u00f3wki program\u00f3w telewizyjnych oraz emocji siatkarsko-kolarskich. By\u0107 mo\u017ce w\u0142a\u015bnie to sk\u0142oni\u0142o u\u017cytkownik\u00f3w serwisu do znacznie cz\u0119stszych ni\u017c w sierpniu polubie\u0144 nowych profili. We wrze\u015bniu polskim stronom przyby\u0142o ponad 11, 2 mln polubie\u0144,  podczas gdy miesi\u0105c wcze\u015bniej tylko 9, 6 mln. Co ciekawe,  aktywno\u015b\u0107 administrator\u00f3w w tym czasie w og\u00f3le si\u0119 nie zmieni\u0142a. Zar\u00f3wno we wrze\u015bniu,  jak i w sierpniu,  publikowali na Facebooku z dok\u0142adnie tak\u0105 sam\u0105 \u015bredni\u0105 cz\u0119stotliwo\u015bci\u0105,  wynosz\u0105c\u0105 1, 61 posta dziennie. <strong><a title=\"Przejd\u017a do raportu\" href=\"http:\/\/www.sotrender.pl\/trends\/facebook\/?hp\" target=\"_blank\">Zapraszamy do lektury wrze\u015bniowego wydania Fanpage Trends!<\/a><\/strong><\/p>\n<p style=\"text-align: justify;\"><!--more--><\/p>\n<h2 style=\"text-align: justify;\"><b>Jak czyta\u0107 <a title=\"Przejd\u017a do raportu\" href=\"http:\/\/www.sotrender.pl\/trends\/facebook\/?hp\" target=\"_blank\">Fanpage Trends<\/a>?<\/b><\/h2>\n<p style=\"text-align: justify;\">Bardzo staramy si\u0119,  \u017ceby publikowane przez nas raporty by\u0142y jak najprzyjemniejsze w odbiorze. Dlatego zar\u00f3wno raporty dost\u0119pne na stronie Sotrendera,  jak i te gotowe do pobrania w formacie pdf,  <strong>s\u0105 w pe\u0142ni interaktywne<\/strong>. Oznacza to,  \u017ce mocno uproszczony zosta\u0142 ich system nawigacji. Klikni\u0119cie wybranego rozdzia\u0142u w spisie tre\u015bci automatycznie przenosi nas do po\u017c\u0105danej cz\u0119\u015bci raportu. Przegl\u0105daj\u0105c zestawienie wszystkich bran\u017c zawartych w raporcie,  wystarczy klikn\u0105\u0107 na jedn\u0105 z nich,  \u017ceby zobaczy\u0107 dok\u0142adniejsze statystyki. Tak\u017ce wszystkie profile zawarte w raporcie mo\u017cna podejrze\u0107,  klikaj\u0105c jedynie na ich nazw\u0119. Podobnie sytuacja wygl\u0105da z najlepszymi postami. Je\u015bli chcemy,  opr\u00f3cz tre\u015bci,  zobaczy\u0107 zdj\u0119cie lub film publikowany na Facebooku,  wystarczy wybra\u0107 interesuj\u0105cy post i automatycznie zostaniemy do danego postu przekierowani. Przyjemnego klikania!<\/p>\n<div id=\"attachment_15031\" style=\"width: 533px\" class=\"wp-caption aligncenter\"><a href=\"https:\/\/www.sotrender.com\/blog\/wp-content\/uploads\/2014\/10\/klik.jpg\"><img loading=\"lazy\" decoding=\"async\" aria-describedby=\"caption-attachment-15031\" class=\"size-full wp-image-15031\" src=\"https:\/\/www.sotrender.com\/blog\/wp-content\/uploads\/2014\/10\/klik.jpg\" alt=\"Wystarczy klikn\u0105\u0107 w ikonk\u0119 w raporcie,  \u017ceby zobaczy\u0107 post na Facebooku\" width=\"523\" height=\"175\" srcset=\"https:\/\/www.sotrender.com\/blog\/wp-content\/uploads\/2014\/10\/klik.jpg 523w, https:\/\/www.sotrender.com\/blog\/wp-content\/uploads\/2014\/10\/klik-475x159.jpg 475w\" sizes=\"(max-width: 523px) 100vw, 523px\" \/><\/a><p id=\"caption-attachment-15031\" class=\"wp-caption-text\">Wystarczy klikn\u0105\u0107 w ikonk\u0119 w raporcie,  \u017ceby zobaczy\u0107 post na Facebooku<\/p><\/div>\n<h2 style=\"text-align: justify;\"><b>Dominacja siatk\u00f3wki i Kwiatkowskiego<\/b><\/h2>\n<p style=\"text-align: justify;\">Nie trudno zgadn\u0105\u0107,  \u017ce o sportowych sukcesach Polak\u00f3w w social media jest g\u0142o\u015bno,  a co za tym idzie maj\u0105 wp\u0142yw na statystyki Facebookowych profili. Wrzesie\u0144 pod wzgl\u0119dem sukces\u00f3w Polak\u00f3w by\u0142 wyj\u0105tkowo udany. W\u0142a\u015bnie w tym miesi\u0105cu byli\u015bmy \u015bwiadkami zdobycia a\u017c dw\u00f3ch tytu\u0142\u00f3w mistrzostw \u015bwiata. Mowa oczywi\u015bcie o zwyci\u0119stwie polskich siatkarzy i \u00a0kolarza Micha\u0142a Kwiatkowskiego. Nie zaskakuj\u0105 dlatego 5. miejsce <a title=\"Zobacz profil na Facebooku\" href=\"https:\/\/www.facebook.com\/pages\/Polska-Siatk%C3%B3wka\/208821582462937?fref=ts\" target=\"_blank\">Polskiej siatk\u00f3wki<\/a>,  kt\u00f3ra awansowa\u0142a a\u017c o 14 pozycji czy 7 miejsce profilu polskiego siatkarza Andrzeja Wrony,  kt\u00f3rego profil \u201c<a title=\"Zobacz profil na Facebooku\" href=\"https:\/\/www.facebook.com\/AndrzejWronaKracze?fref=ts\" target=\"_blank\">Andrzej Wrona Kracze<\/a>\u201d awansowa\u0142 o 25 miejsc. Nie dziwi r\u00f3wnie\u017c skok o 10 pozycji \u201c<a title=\"Zobacz profil na Facebooku\" href=\"https:\/\/www.facebook.com\/assecoresovia.sa?fref=ts\" target=\"_blank\">Asseco Resovia Rzesz\u00f3w<\/a>\u201d w rankingu liczby zaanga\u017cowanych. Oficjalny fanpage <a title=\"Zobacz profil na Facebooku\" href=\"https:\/\/www.facebook.com\/OfficialMichalKwiatkowski?fref=ts\" target=\"_blank\">Micha\u0142a Kwiatkowskiego<\/a> w tym samym rankingu znalaz\u0142 si\u0119 na 14 miejscu,  przeskakuj\u0105c a\u017c 33 lokaty. W rankingu interaktywno\u015bci sytuacja wygl\u0105da bardzo podobnie. Fanpage mistrza \u015bwiata w kolarstwie tak\u017ce znalaz\u0142 si\u0119 na 14 pozycji ale w tym przypadku jest to wynik o a\u017c 67 pozycji lepszy ni\u017c w sierpniu.<\/p>\n<h2 style=\"text-align: justify;\"><b>Nowa ram\u00f3wka w Fanpage Trends<\/b><\/h2>\n<p style=\"text-align: justify;\">We wrze\u015bniowym raporcie na uwag\u0119 zas\u0142uguje kategoria tak\u017ce <a title=\"Przejd\u017a do wynik\u00f3w kategorii\" href=\"http:\/\/www.sotrender.pl\/trends\/facebook\/reports\/201409\/programy_telewizyjne#trends\" target=\"_blank\">Programy TV<\/a>,  kt\u00f3ra w zestawieniu bran\u017c jako jedna z dw\u00f3ch awansowa\u0142a w rankingu liczby fan\u00f3w,  notuj\u0105c 4% przyrost i przesuwaj\u0105c si\u0119 o 2 pozycje w g\u00f3r\u0119. Chocia\u017c w samej kategorii w zestawieniu pod wzgl\u0119dem liczby fan\u00f3w nie ma drastycznych zmian,  warto spojrze\u0107 na ranking pod wzgl\u0119dem zaanga\u017cowania. Najwi\u0119kszy wzrost liczby fan\u00f3w zanotowa\u0142y programy,  kt\u00f3rych kolejne edycje wystartowa\u0142y we wrze\u015bniu. W\u015br\u00f3d nich znalaz\u0142y si\u0119 <a title=\"Zobacz profil na Facebooku\" href=\"https:\/\/www.facebook.com\/TopModelTVN?fref=ts\" target=\"_blank\">Top Model<\/a> ,  <a title=\"Zobacz profil na Facebooku\" href=\"https:\/\/www.facebook.com\/MamTalentTvn?fref=ts\" target=\"_blank\">Mam Talent<\/a>,  <a title=\"Zobacz profil na Facebooku\" href=\"https:\/\/www.facebook.com\/twojatwarzbrzmiznajomo?fref=ts\" target=\"_blank\">Twoja Twarz Brzmi Znajomo<\/a>,  w przypadku kt\u00f3rych wzrost liczby fan\u00f3w wynosi\u0142 od 8% do a\u017c 17%. \u00a0Wygl\u0105da wi\u0119c na to,  \u017ce u\u017cytkownicy Facebooka t\u0119sknili za nimi w wakacje. \ud83d\ude42<\/p>\n<div id=\"attachment_15029\" style=\"width: 548px\" class=\"wp-caption aligncenter\"><a href=\"https:\/\/www.sotrender.com\/blog\/wp-content\/uploads\/2014\/10\/prog.jpg\"><img loading=\"lazy\" decoding=\"async\" aria-describedby=\"caption-attachment-15029\" class=\"size-full wp-image-15029\" src=\"https:\/\/www.sotrender.com\/blog\/wp-content\/uploads\/2014\/10\/prog.jpg\" alt=\"Programy TV w Fanpage Trends\" width=\"538\" height=\"388\" srcset=\"https:\/\/www.sotrender.com\/blog\/wp-content\/uploads\/2014\/10\/prog.jpg 538w, https:\/\/www.sotrender.com\/blog\/wp-content\/uploads\/2014\/10\/prog-475x343.jpg 475w\" sizes=\"(max-width: 538px) 100vw, 538px\" \/><\/a><p id=\"caption-attachment-15029\" class=\"wp-caption-text\">Programy TV w Fanpage Trends<\/p><\/div>\n<h2 style=\"text-align: justify;\"><strong><strong>\u00a0<\/strong><\/strong><b>O kt\u00f3rej postowa\u0107 na Facebooku?<\/b><\/h2>\n<p style=\"text-align: justify;\">Ku naszej rado\u015bci,  ubieg\u0142oroczna analiza Sotrendera dotycz\u0105ca godzin publikowania na Facebooku cieszy\u0142a si\u0119 nies\u0142abn\u0105c\u0105 popularno\u015bci\u0105. Dlatego te\u017c w najnowszym wydaniu <strong>Sotrender Research Insight<\/strong> postanowili\u015bmy wr\u00f3ci\u0107 do tego tematu i sprawdzi\u0107,  na ile zmieni\u0142a si\u0119 sytuacja po roku od ostatniej analizy najch\u0119tniej wybieranych przez administrator\u00f3w godzin. Jak si\u0119 okaza\u0142o,  rewolucji nie ma. Administratorzy rozmaitych profili wci\u0105\u017c zbyt mocno przywi\u0105zani s\u0105 do publikowania w standardowych godzinach pracy,  niekoniecznie pami\u0119taj\u0105c o tym,  \u017ce w zale\u017cno\u015bci od tematyki ich stron,  r\u00f3\u017cni\u0105 si\u0119 te\u017c przyzwyczajenia ich fan\u00f3w. <a title=\"Przeczytaj wi\u0119cej\" href=\"https:\/\/www.sotrender.com\/blog\/pl\/2014\/09\/czas-publikowania\/\" target=\"_blank\">Szczeg\u00f3\u0142ow\u0105 analiz\u0119 &#8211; na przyk\u0142adzie stron z kategorii \u201cBanki\u201d,  \u201cMacierzy\u0144stwo\u201d i \u201cAlkohole\u201d &#8211; przeczytacie tutaj.<\/a><\/p>\n<div id=\"attachment_15027\" style=\"width: 700px\" class=\"wp-caption aligncenter\"><a href=\"https:\/\/www.sotrender.com\/blog\/wp-content\/uploads\/2014\/10\/aktywnosci.png\"><img loading=\"lazy\" decoding=\"async\" aria-describedby=\"caption-attachment-15027\" class=\"wp-image-15027\" src=\"https:\/\/www.sotrender.com\/blog\/wp-content\/uploads\/2014\/10\/aktywnosci.png\" alt=\"Aktywno\u015bci administrator\u00f3w i u\u017cytkownik\u00f3w w zale\u017cno\u015bci od godziny dnia\" width=\"690\" height=\"552\" srcset=\"https:\/\/www.sotrender.com\/blog\/wp-content\/uploads\/2014\/10\/aktywnosci.png 1000w, https:\/\/www.sotrender.com\/blog\/wp-content\/uploads\/2014\/10\/aktywnosci-475x380.png 475w, https:\/\/www.sotrender.com\/blog\/wp-content\/uploads\/2014\/10\/aktywnosci-768x614.png 768w, https:\/\/www.sotrender.com\/blog\/wp-content\/uploads\/2014\/10\/aktywnosci-950x760.png 950w, https:\/\/www.sotrender.com\/blog\/wp-content\/uploads\/2014\/10\/aktywnosci-600x480.png 600w\" sizes=\"(max-width: 690px) 100vw, 690px\" \/><\/a><p id=\"caption-attachment-15027\" class=\"wp-caption-text\">Aktywno\u015bci administrator\u00f3w i u\u017cytkownik\u00f3w w zale\u017cno\u015bci od godziny dnia<\/p><\/div>\n<h2 style=\"text-align: justify;\"><strong><strong>\u00a0<\/strong><\/strong><b>Wielka metamorfoza automatycznych raport\u00f3w <a title=\"Przejd\u017a na stron\u0119 Sotrendera\" href=\"http:\/\/www.sotrender.pl\" target=\"_blank\">Sotrendera<\/a><\/b><\/h2>\n<p style=\"text-align: justify;\">Sotrender to nie tylko analityka i optymalizacja medi\u00f3w spo\u0142eczno\u015bciowych. To tak\u017ce <strong>automatyczne raportowanie wynik\u00f3w<\/strong> prowadzonych w nich dzia\u0142a\u0144. Dzi\u0119ki narz\u0119dziu,  wykonuj\u0105c jedynie kilka klikni\u0119\u0107,  mo\u017cecie przygotowa\u0107 wyczerpuj\u0105cy raport podsumowuj\u0105cy ostatnie wyniki wybranego przez Was profilu. We wrze\u015bniu <strong>nasze automatyczne raporty przesz\u0142y prawdziw\u0105 metamorfoz\u0119<\/strong>,  nie tylko pod wzgl\u0119dem wygl\u0105du,  ale tak\u017ce zawarto\u015bci. Przede wszystkim oddali\u015bmy w Wasze r\u0119ce kwesti\u0119 podejmowania decyzji dotycz\u0105cych zawarto\u015bci raportu.<\/p>\n<div id=\"attachment_15019\" style=\"width: 710px\" class=\"wp-caption aligncenter\"><a href=\"https:\/\/www.sotrender.com\/blog\/wp-content\/uploads\/2014\/10\/zdj\u0119cie-rozdzia\u0142\u00f3w.jpg\"><img loading=\"lazy\" decoding=\"async\" aria-describedby=\"caption-attachment-15019\" class=\"wp-image-15019\" src=\"https:\/\/www.sotrender.com\/blog\/wp-content\/uploads\/2014\/10\/zdj\u0119cie-rozdzia\u0142\u00f3w.jpg\" alt=\"Sami wybieracie rozdzia\u0142y raport\u00f3w\" width=\"700\" height=\"297\" srcset=\"https:\/\/www.sotrender.com\/blog\/wp-content\/uploads\/2014\/10\/zdj\u0119cie-rozdzia\u0142\u00f3w.jpg 899w, https:\/\/www.sotrender.com\/blog\/wp-content\/uploads\/2014\/10\/zdj\u0119cie-rozdzia\u0142\u00f3w-475x202.jpg 475w, https:\/\/www.sotrender.com\/blog\/wp-content\/uploads\/2014\/10\/zdj\u0119cie-rozdzia\u0142\u00f3w-768x326.jpg 768w, https:\/\/www.sotrender.com\/blog\/wp-content\/uploads\/2014\/10\/zdj\u0119cie-rozdzia\u0142\u00f3w-600x255.jpg 600w\" sizes=\"(max-width: 700px) 100vw, 700px\" \/><\/a><p id=\"caption-attachment-15019\" class=\"wp-caption-text\">Sami wybieracie rozdzia\u0142y raport\u00f3w<\/p><\/div>\n<p style=\"text-align: justify;\">Od teraz <strong>sami wybieracie rozdzia\u0142y,  kt\u00f3re si\u0119 w nim znajd\u0105<\/strong> (np. dotycz\u0105ce zaanga\u017cowania,  zasi\u0119gu,  obs\u0142ugi klienta,  najlepszych tre\u015bci czy wskaz\u00f3wek). Sami decydujecie r\u00f3wnie\u017c,  czy do raportu maj\u0105 zosta\u0107 do\u0142\u0105czone dodatkowe opisy analizowanych zmiennych. Mamy ogromn\u0105 nadziej\u0119,  \u017ce nowe raporty przypadn\u0105 Wam do gustu i b\u0119dziecie korzysta\u0107 z tej funkcjonalno\u015bci jeszcze cz\u0119\u015bciej ni\u017c dotychczas.<\/p>\n<div id=\"attachment_15023\" style=\"width: 689px\" class=\"wp-caption aligncenter\"><a href=\"https:\/\/www.sotrender.com\/blog\/wp-content\/uploads\/2014\/10\/zaang.jpg\"><img loading=\"lazy\" decoding=\"async\" aria-describedby=\"caption-attachment-15023\" class=\"size-full wp-image-15023\" src=\"https:\/\/www.sotrender.com\/blog\/wp-content\/uploads\/2014\/10\/zaang.jpg\" alt=\"Nowy wygl\u0105d raport\u00f3w Sotrendera\" width=\"679\" height=\"553\" srcset=\"https:\/\/www.sotrender.com\/blog\/wp-content\/uploads\/2014\/10\/zaang.jpg 679w, https:\/\/www.sotrender.com\/blog\/wp-content\/uploads\/2014\/10\/zaang-475x387.jpg 475w, https:\/\/www.sotrender.com\/blog\/wp-content\/uploads\/2014\/10\/zaang-600x489.jpg 600w\" sizes=\"(max-width: 679px) 100vw, 679px\" \/><\/a><p id=\"caption-attachment-15023\" class=\"wp-caption-text\">Nowy wygl\u0105d raport\u00f3w Sotrendera<\/p><\/div>\n<div id=\"attachment_15025\" style=\"width: 707px\" class=\"wp-caption aligncenter\"><a href=\"https:\/\/www.sotrender.com\/blog\/wp-content\/uploads\/2014\/10\/Ini.jpg\"><img loading=\"lazy\" decoding=\"async\" aria-describedby=\"caption-attachment-15025\" class=\"size-full wp-image-15025\" src=\"https:\/\/www.sotrender.com\/blog\/wp-content\/uploads\/2014\/10\/Ini.jpg\" alt=\"Nowy wygl\u0105d raport\u00f3w Sotrendera\" width=\"697\" height=\"425\" srcset=\"https:\/\/www.sotrender.com\/blog\/wp-content\/uploads\/2014\/10\/Ini.jpg 697w, https:\/\/www.sotrender.com\/blog\/wp-content\/uploads\/2014\/10\/Ini-475x290.jpg 475w, https:\/\/www.sotrender.com\/blog\/wp-content\/uploads\/2014\/10\/Ini-600x366.jpg 600w\" sizes=\"(max-width: 697px) 100vw, 697px\" \/><\/a><p id=\"caption-attachment-15025\" class=\"wp-caption-text\">Nowy wygl\u0105d raport\u00f3w Sotrendera<\/p><\/div>\n<p style=\"text-align: justify;\">Dajcie zna\u0107,  jak Wam si\u0119 podobaj\u0105! <strong>Wasze zadowolenie z narz\u0119dzia jest dla nas absolutnym priorytetem,  dlatego Wasze opinie s\u0105 dla nas niezwykle cenne!<\/strong><\/p>\n<h2 style=\"text-align: justify;\"><b><a title=\"Przejd\u017a na stron\u0119 Sotrendera\" href=\"http:\/\/www.sotrender.pl\" target=\"_blank\">Sotrender<\/a> na konferencjach i szkoleniach <\/b><\/h2>\n<div id=\"attachment_15017\" style=\"width: 684px\" class=\"wp-caption aligncenter\"><img loading=\"lazy\" decoding=\"async\" aria-describedby=\"caption-attachment-15017\" class=\"wp-image-15017 size-full\" src=\"https:\/\/www.sotrender.com\/blog\/wp-content\/uploads\/2014\/10\/5433dd18007791473bf38ece.png\" alt=\"Indonezyjska ulotka Sotrendera\" width=\"674\" height=\"942\" srcset=\"https:\/\/www.sotrender.com\/blog\/wp-content\/uploads\/2014\/10\/5433dd18007791473bf38ece.png 674w, https:\/\/www.sotrender.com\/blog\/wp-content\/uploads\/2014\/10\/5433dd18007791473bf38ece-475x664.png 475w, https:\/\/www.sotrender.com\/blog\/wp-content\/uploads\/2014\/10\/5433dd18007791473bf38ece-600x839.png 600w\" sizes=\"(max-width: 674px) 100vw, 674px\" \/><p id=\"caption-attachment-15017\" class=\"wp-caption-text\">Indonezyjska ulotka Sotrendera<\/p><\/div>\n<p style=\"text-align: justify;\"><strong><strong>\u00a0<\/strong><\/strong>Warto pami\u0119ta\u0107,  \u017ce <strong>Sotrender to nie tylko dzia\u0142alno\u015b\u0107 w sieci.<\/strong> Jak najbardziej interesuj\u0105 nas tak\u017ce dzia\u0142ania poza ni\u0105. \ud83d\ude42 We wrze\u015bniu odwiedzili\u015bmy <a title=\"Dowiedz si\u0119 wi\u0119cej\" href=\"http:\/\/www.forsocialmedia.pl\/\" target=\"_blank\">Kongres For Social Media<\/a> oraz konferencj\u0119 <a title=\"Dowiedz si\u0119 wi\u0119cej\" href=\"http:\/\/www.multitrain.pl\/home\/kalendarium\/big-data-big-solution.htm\" target=\"_blank\">Big Data &#8211; Big Solution<\/a>. Prezentacj\u0119 z tego pierwszego wydarzenia,  podczas kt\u00f3rego prezes Jan Zaj\u0105c m\u00f3wi\u0142 o trendach w reklamie spo\u0142eczno\u015bciowej,  mo\u017cecie znale\u017a\u0107 na <a title=\"Zobacz prezentacj\u0119\" href=\"http:\/\/www.slideshare.net\/FanpageTrender\/trendy-w-mediach-spoecznociowych-jan-zajc-kongres-for-social-media\" target=\"_blank\">naszym SlideShare<\/a>. Dodatkowo dr Jan Zaj\u0105c b\u0119dzie w najbli\u017cszym czasie prowadzi\u0142 szkolenia z bada\u0144 social media oraz big data w <a title=\"Dowiedz si\u0119 wi\u0119cej\" href=\"http:\/\/www.ptbrio.pl\/images\/stories\/sbr_2014\/11_badania_sieci_zajac_jan_sbr_2014.pdf\" target=\"_blank\">Szkole Bada\u0144 Rynku PTBRiO<\/a> oraz wyk\u0142ada\u0142 na studiach podyplomowych z e-marketingu na <a title=\"Dowiedz si\u0119 wi\u0119cej\" href=\"http:\/\/wi.pb.edu.pl\/podyplomowe\/\" target=\"_blank\">Wydziale Informatyki Politechniki Bia\u0142ostockiej<\/a> i <a title=\"Dowiedz si\u0119 wi\u0119cej\" href=\"http:\/\/www.wse.krakow.pl\/pl\/\" target=\"_blank\">Wy\u017cszej Szkole Europejskiej im. Ks. J\u00f3zefa Tischnera<\/a>. A w mi\u0119dzyczasie\u2026 udajemy si\u0119 na podb\u00f3j Indonezji! Trzymajcie kciuki!<\/p>\n<h2 style=\"text-align: center;\"><strong><strong>\u00a0<\/strong><\/strong><a title=\"Przejd\u017a do raportu\" href=\"http:\/\/www.sotrender.pl\/trends\/facebook\/?hp\" target=\"_blank\">Zapraszamy do lektury wrze\u015bniowego wydania Fanpage Trends!<\/a><\/h2>\n","protected":false},"excerpt":{"rendered":"<p>Wrzesie\u0144 na Facebooku min\u0105\u0142 pod znakiem nowej ram\u00f3wki program\u00f3w telewizyjnych oraz emocji siatkarsko-kolarskich. By\u0107 mo\u017ce w\u0142a\u015bnie to sk\u0142oni\u0142o u\u017cytkownik\u00f3w serwisu do znacznie cz\u0119stszych ni\u017c w sierpniu polubie\u0144 nowych profili. We wrze\u015bniu polskim stronom przyby\u0142o ponad 11, 2 mln polubie\u0144, podczas gdy miesi\u0105c wcze\u015bniej tylko 9, 6 mln. Co ciekawe, aktywno\u015b\u0107 administrator\u00f3w w tym czasie w [&hellip;]<\/p>\n","protected":false},"author":43,"featured_media":14935,"comment_status":"open","ping_status":"open","sticky":false,"template":"","format":"standard","meta":{"inline_featured_image":false,"footnotes":""},"categories":[1791,1797],"tags":[303,351,467,499,7,17,25,31,225],"yoast_head":"<!-- This site is optimized with the Yoast SEO plugin v22.4 - https:\/\/yoast.com\/wordpress\/plugins\/seo\/ -->\n<title>Fanpage Trends Wrzesie\u0144 2014 - Polacy znowu przed telewizorami<\/title>\n<meta name=\"description\" content=\"Sotrender zaprasza do lektury wrze\u015bniowego wydania raportu Fanpage Trends podsumowuj\u0105cego najwa\u017cniejsze wydarzenia na Facebooku w Polsce.\" \/>\n<meta name=\"robots\" content=\"index, follow, max-snippet:-1, max-image-preview:large, max-video-preview:-1\" \/>\n<link rel=\"canonical\" href=\"https:\/\/www.sotrender.com\/blog\/pl\/2014\/10\/fanpage-trends-wrzesien-2014\/\" \/>\n<meta property=\"og:locale\" content=\"pl_PL\" \/>\n<meta property=\"og:type\" content=\"article\" \/>\n<meta property=\"og:title\" content=\"Fanpage Trends Wrzesie\u0144 2014 - Polacy znowu przed telewizorami\" \/>\n<meta property=\"og:description\" content=\"Sotrender zaprasza do lektury wrze\u015bniowego wydania raportu Fanpage Trends podsumowuj\u0105cego najwa\u017cniejsze wydarzenia na Facebooku w Polsce.\" \/>\n<meta property=\"og:url\" content=\"https:\/\/www.sotrender.com\/blog\/pl\/2014\/10\/fanpage-trends-wrzesien-2014\/\" \/>\n<meta property=\"og:site_name\" content=\"Sotrender Blog\" \/>\n<meta property=\"article:publisher\" content=\"https:\/\/www.facebook.com\/Sotrender\" \/>\n<meta property=\"article:published_time\" content=\"2014-10-07T13:32:13+00:00\" \/>\n<meta property=\"article:modified_time\" content=\"2015-12-01T20:52:04+00:00\" \/>\n<meta property=\"og:image\" content=\"https:\/\/www.sotrender.com\/blog\/wp-content\/uploads\/2014\/09\/trends.jpg\" \/>\n\t<meta property=\"og:image:width\" content=\"1600\" \/>\n\t<meta property=\"og:image:height\" content=\"700\" \/>\n\t<meta property=\"og:image:type\" content=\"image\/jpeg\" \/>\n<meta name=\"author\" content=\"Mateusz Bandurski\" \/>\n<meta name=\"twitter:card\" content=\"summary_large_image\" \/>\n<meta name=\"twitter:creator\" content=\"@Sotrender\" \/>\n<meta name=\"twitter:site\" content=\"@Sotrender\" \/>\n<meta name=\"twitter:label1\" content=\"Written by\" \/>\n\t<meta name=\"twitter:data1\" content=\"Mateusz Bandurski\" \/>\n\t<meta name=\"twitter:label2\" content=\"Est. reading time\" \/>\n\t<meta name=\"twitter:data2\" content=\"5 minutes\" \/>\n<script type=\"application\/ld+json\" class=\"yoast-schema-graph\">{\"@context\":\"https:\/\/schema.org\",\"@graph\":[{\"@type\":\"WebPage\",\"@id\":\"https:\/\/www.sotrender.com\/blog\/pl\/2014\/10\/fanpage-trends-wrzesien-2014\/\",\"url\":\"https:\/\/www.sotrender.com\/blog\/pl\/2014\/10\/fanpage-trends-wrzesien-2014\/\",\"name\":\"Fanpage Trends Wrzesie\u0144 2014 - Polacy znowu przed telewizorami\",\"isPartOf\":{\"@id\":\"https:\/\/www.sotrender.com\/blog\/#website\"},\"primaryImageOfPage\":{\"@id\":\"https:\/\/www.sotrender.com\/blog\/pl\/2014\/10\/fanpage-trends-wrzesien-2014\/#primaryimage\"},\"image\":{\"@id\":\"https:\/\/www.sotrender.com\/blog\/pl\/2014\/10\/fanpage-trends-wrzesien-2014\/#primaryimage\"},\"thumbnailUrl\":\"https:\/\/www.sotrender.com\/blog\/wp-content\/uploads\/2014\/09\/trends.jpg\",\"datePublished\":\"2014-10-07T13:32:13+00:00\",\"dateModified\":\"2015-12-01T20:52:04+00:00\",\"author\":{\"@id\":\"https:\/\/www.sotrender.com\/blog\/#\/schema\/person\/eb8714e74d226b12ac3813ceec66cdb6\"},\"description\":\"Sotrender zaprasza do lektury wrze\u015bniowego wydania raportu Fanpage Trends podsumowuj\u0105cego najwa\u017cniejsze wydarzenia na Facebooku w Polsce.\",\"breadcrumb\":{\"@id\":\"https:\/\/www.sotrender.com\/blog\/pl\/2014\/10\/fanpage-trends-wrzesien-2014\/#breadcrumb\"},\"inLanguage\":\"pl-PL\",\"potentialAction\":[{\"@type\":\"ReadAction\",\"target\":[\"https:\/\/www.sotrender.com\/blog\/pl\/2014\/10\/fanpage-trends-wrzesien-2014\/\"]}]},{\"@type\":\"ImageObject\",\"inLanguage\":\"pl-PL\",\"@id\":\"https:\/\/www.sotrender.com\/blog\/pl\/2014\/10\/fanpage-trends-wrzesien-2014\/#primaryimage\",\"url\":\"https:\/\/www.sotrender.com\/blog\/wp-content\/uploads\/2014\/09\/trends.jpg\",\"contentUrl\":\"https:\/\/www.sotrender.com\/blog\/wp-content\/uploads\/2014\/09\/trends.jpg\",\"width\":1600,\"height\":700},{\"@type\":\"BreadcrumbList\",\"@id\":\"https:\/\/www.sotrender.com\/blog\/pl\/2014\/10\/fanpage-trends-wrzesien-2014\/#breadcrumb\",\"itemListElement\":[{\"@type\":\"ListItem\",\"position\":1,\"name\":\"Home\",\"item\":\"https:\/\/www.sotrender.com\/blog\/\"},{\"@type\":\"ListItem\",\"position\":2,\"name\":\"Fanpage Trends Wrzesie\u0144 2014 &#8211; Polacy znowu przed telewizorami\"}]},{\"@type\":\"WebSite\",\"@id\":\"https:\/\/www.sotrender.com\/blog\/#website\",\"url\":\"https:\/\/www.sotrender.com\/blog\/\",\"name\":\"Sotrender Blog\",\"description\":\"\",\"potentialAction\":[{\"@type\":\"SearchAction\",\"target\":{\"@type\":\"EntryPoint\",\"urlTemplate\":\"https:\/\/www.sotrender.com\/blog\/?s={search_term_string}\"},\"query-input\":\"required name=search_term_string\"}],\"inLanguage\":\"pl-PL\"},{\"@type\":\"Person\",\"@id\":\"https:\/\/www.sotrender.com\/blog\/#\/schema\/person\/eb8714e74d226b12ac3813ceec66cdb6\",\"name\":\"Mateusz Bandurski\",\"image\":{\"@type\":\"ImageObject\",\"inLanguage\":\"pl-PL\",\"@id\":\"https:\/\/www.sotrender.com\/blog\/#\/schema\/person\/image\/\",\"url\":\"https:\/\/secure.gravatar.com\/avatar\/bc2a06fb16dcf96552d84046535fbd2d?s=96&d=mm&r=g\",\"contentUrl\":\"https:\/\/secure.gravatar.com\/avatar\/bc2a06fb16dcf96552d84046535fbd2d?s=96&d=mm&r=g\",\"caption\":\"Mateusz Bandurski\"},\"url\":\"https:\/\/www.sotrender.com\/blog\/pl\/author\/mbandurski\/\"}]}<\/script>\n<!-- \/ Yoast SEO plugin. -->","yoast_head_json":{"title":"Fanpage Trends Wrzesie\u0144 2014 - Polacy znowu przed telewizorami","description":"Sotrender zaprasza do lektury wrze\u015bniowego wydania raportu Fanpage Trends podsumowuj\u0105cego najwa\u017cniejsze wydarzenia na Facebooku w Polsce.","robots":{"index":"index","follow":"follow","max-snippet":"max-snippet:-1","max-image-preview":"max-image-preview:large","max-video-preview":"max-video-preview:-1"},"canonical":"https:\/\/www.sotrender.com\/blog\/pl\/2014\/10\/fanpage-trends-wrzesien-2014\/","og_locale":"pl_PL","og_type":"article","og_title":"Fanpage Trends Wrzesie\u0144 2014 - Polacy znowu przed telewizorami","og_description":"Sotrender zaprasza do lektury wrze\u015bniowego wydania raportu Fanpage Trends podsumowuj\u0105cego najwa\u017cniejsze wydarzenia na Facebooku w Polsce.","og_url":"https:\/\/www.sotrender.com\/blog\/pl\/2014\/10\/fanpage-trends-wrzesien-2014\/","og_site_name":"Sotrender Blog","article_publisher":"https:\/\/www.facebook.com\/Sotrender","article_published_time":"2014-10-07T13:32:13+00:00","article_modified_time":"2015-12-01T20:52:04+00:00","og_image":[{"width":1600,"height":700,"url":"https:\/\/www.sotrender.com\/blog\/wp-content\/uploads\/2014\/09\/trends.jpg","type":"image\/jpeg"}],"author":"Mateusz Bandurski","twitter_card":"summary_large_image","twitter_creator":"@Sotrender","twitter_site":"@Sotrender","twitter_misc":{"Written by":"Mateusz Bandurski","Est. reading time":"5 minutes"},"schema":{"@context":"https:\/\/schema.org","@graph":[{"@type":"WebPage","@id":"https:\/\/www.sotrender.com\/blog\/pl\/2014\/10\/fanpage-trends-wrzesien-2014\/","url":"https:\/\/www.sotrender.com\/blog\/pl\/2014\/10\/fanpage-trends-wrzesien-2014\/","name":"Fanpage Trends Wrzesie\u0144 2014 - Polacy znowu przed telewizorami","isPartOf":{"@id":"https:\/\/www.sotrender.com\/blog\/#website"},"primaryImageOfPage":{"@id":"https:\/\/www.sotrender.com\/blog\/pl\/2014\/10\/fanpage-trends-wrzesien-2014\/#primaryimage"},"image":{"@id":"https:\/\/www.sotrender.com\/blog\/pl\/2014\/10\/fanpage-trends-wrzesien-2014\/#primaryimage"},"thumbnailUrl":"https:\/\/www.sotrender.com\/blog\/wp-content\/uploads\/2014\/09\/trends.jpg","datePublished":"2014-10-07T13:32:13+00:00","dateModified":"2015-12-01T20:52:04+00:00","author":{"@id":"https:\/\/www.sotrender.com\/blog\/#\/schema\/person\/eb8714e74d226b12ac3813ceec66cdb6"},"description":"Sotrender zaprasza do lektury wrze\u015bniowego wydania raportu Fanpage Trends podsumowuj\u0105cego najwa\u017cniejsze wydarzenia na Facebooku w Polsce.","breadcrumb":{"@id":"https:\/\/www.sotrender.com\/blog\/pl\/2014\/10\/fanpage-trends-wrzesien-2014\/#breadcrumb"},"inLanguage":"pl-PL","potentialAction":[{"@type":"ReadAction","target":["https:\/\/www.sotrender.com\/blog\/pl\/2014\/10\/fanpage-trends-wrzesien-2014\/"]}]},{"@type":"ImageObject","inLanguage":"pl-PL","@id":"https:\/\/www.sotrender.com\/blog\/pl\/2014\/10\/fanpage-trends-wrzesien-2014\/#primaryimage","url":"https:\/\/www.sotrender.com\/blog\/wp-content\/uploads\/2014\/09\/trends.jpg","contentUrl":"https:\/\/www.sotrender.com\/blog\/wp-content\/uploads\/2014\/09\/trends.jpg","width":1600,"height":700},{"@type":"BreadcrumbList","@id":"https:\/\/www.sotrender.com\/blog\/pl\/2014\/10\/fanpage-trends-wrzesien-2014\/#breadcrumb","itemListElement":[{"@type":"ListItem","position":1,"name":"Home","item":"https:\/\/www.sotrender.com\/blog\/"},{"@type":"ListItem","position":2,"name":"Fanpage Trends Wrzesie\u0144 2014 &#8211; Polacy znowu przed telewizorami"}]},{"@type":"WebSite","@id":"https:\/\/www.sotrender.com\/blog\/#website","url":"https:\/\/www.sotrender.com\/blog\/","name":"Sotrender Blog","description":"","potentialAction":[{"@type":"SearchAction","target":{"@type":"EntryPoint","urlTemplate":"https:\/\/www.sotrender.com\/blog\/?s={search_term_string}"},"query-input":"required name=search_term_string"}],"inLanguage":"pl-PL"},{"@type":"Person","@id":"https:\/\/www.sotrender.com\/blog\/#\/schema\/person\/eb8714e74d226b12ac3813ceec66cdb6","name":"Mateusz Bandurski","image":{"@type":"ImageObject","inLanguage":"pl-PL","@id":"https:\/\/www.sotrender.com\/blog\/#\/schema\/person\/image\/","url":"https:\/\/secure.gravatar.com\/avatar\/bc2a06fb16dcf96552d84046535fbd2d?s=96&d=mm&r=g","contentUrl":"https:\/\/secure.gravatar.com\/avatar\/bc2a06fb16dcf96552d84046535fbd2d?s=96&d=mm&r=g","caption":"Mateusz Bandurski"},"url":"https:\/\/www.sotrender.com\/blog\/pl\/author\/mbandurski\/"}]}},"_links":{"self":[{"href":"https:\/\/www.sotrender.com\/blog\/pl\/wp-json\/wp\/v2\/posts\/15011"}],"collection":[{"href":"https:\/\/www.sotrender.com\/blog\/pl\/wp-json\/wp\/v2\/posts"}],"about":[{"href":"https:\/\/www.sotrender.com\/blog\/pl\/wp-json\/wp\/v2\/types\/post"}],"author":[{"embeddable":true,"href":"https:\/\/www.sotrender.com\/blog\/pl\/wp-json\/wp\/v2\/users\/43"}],"replies":[{"embeddable":true,"href":"https:\/\/www.sotrender.com\/blog\/pl\/wp-json\/wp\/v2\/comments?post=15011"}],"version-history":[{"count":5,"href":"https:\/\/www.sotrender.com\/blog\/pl\/wp-json\/wp\/v2\/posts\/15011\/revisions"}],"predecessor-version":[{"id":15039,"href":"https:\/\/www.sotrender.com\/blog\/pl\/wp-json\/wp\/v2\/posts\/15011\/revisions\/15039"}],"wp:featuredmedia":[{"embeddable":true,"href":"https:\/\/www.sotrender.com\/blog\/pl\/wp-json\/wp\/v2\/media\/14935"}],"wp:attachment":[{"href":"https:\/\/www.sotrender.com\/blog\/pl\/wp-json\/wp\/v2\/media?parent=15011"}],"wp:term":[{"taxonomy":"category","embeddable":true,"href":"https:\/\/www.sotrender.com\/blog\/pl\/wp-json\/wp\/v2\/categories?post=15011"},{"taxonomy":"post_tag","embeddable":true,"href":"https:\/\/www.sotrender.com\/blog\/pl\/wp-json\/wp\/v2\/tags?post=15011"}],"curies":[{"name":"wp","href":"https:\/\/api.w.org\/{rel}","templated":true}]}}