{"id":14729,"date":"2014-09-17T10:16:57","date_gmt":"2014-09-17T09:16:57","guid":{"rendered":"http:\/\/blog.sotrender.com\/?p=14729"},"modified":"2015-12-01T21:55:12","modified_gmt":"2015-12-01T20:55:12","slug":"czas-publikowania","status":"publish","type":"post","link":"https:\/\/www.sotrender.com\/blog\/pl\/2014\/09\/czas-publikowania\/","title":{"rendered":"Sotrender Research Insight: znajd\u017a sw\u00f3j czas publikowania!"},"content":{"rendered":"<p style=\"text-align: justify;\">Ku naszej rado\u015bci,  <a title=\"Przejd\u017a do analizy\" href=\"https:\/\/www.sotrender.com\/blog\/pl\/2013\/08\/godziny-publikowania\/\" target=\"_blank\">przeprowadzona przez Sotrender analiza godzin publikowania wpis\u00f3w na Facebooku<\/a> cieszy si\u0119 nies\u0142abn\u0105c\u0105 popularno\u015bci\u0105. Dlatego te\u017c postanowili\u015bmy j\u0105 powt\u00f3rzy\u0107,  aby sprawdzi\u0107,  <strong>czy w ci\u0105gu ostatnich 12 miesi\u0119cy zmieni\u0142y si\u0119 przyzwyczajenia administrator\u00f3w stron komercyjnych<\/strong>. Przypuszczali\u015bmy,  \u017ce w ci\u0105gu ca\u0142ego roku,  admini b\u0119d\u0105 znacznie bardziej \u015bwiadomi przyzwyczaje\u0144 grup docelowych swoich produkt\u00f3w i pokusz\u0105 si\u0119 o <strong>wyj\u015bcie poza schemat publikowania w czasie standardowych godzin pracy biurowej<\/strong>. Jak si\u0119 okaza\u0142o,  wcale niekoniecznie,  a wyniki naszej najnowszej analizy wskazuj\u0105 na popularno\u015b\u0107 strategii: &#8220;kawa,  post,  miejmy to ju\u017c z g\u0142owy&#8221;.<\/p>\n<p style=\"text-align: justify;\"><!--more--><\/p>\n<p style=\"text-align: justify;\">Rok temu wyja\u015bniali\u015bmy,  \u017ce <strong>ka\u017cda marka powinna ustali\u0107 indywidualne godziny publikowania wpis\u00f3w w zale\u017cno\u015bci od charakteru bran\u017cy,  w kt\u00f3rej operuje,  a tak\u017ce przyzwyczaje\u0144 konsument\u00f3w<\/strong>. T\u0142umaczyli\u015bmy w\u00f3wczas,  \u017ce godzina publikacji posta jest nierozerwalnie zwi\u0105zana z liczb\u0105 aktywno\u015bci,  jakie ten wywo\u0142uje. Poniewa\u017c <strong>r\u00f3\u017cni konsumenci korzystaj\u0105 z Facebooka w r\u00f3\u017cnych godzinach<\/strong>,  warto dywersyfikowa\u0107 czas dodawania wpis\u00f3w tak,  aby jak najwi\u0119cej u\u017cytkownik\u00f3w mog\u0142o te wpisy zobaczy\u0107. Mamy \u015bwiadomo\u015b\u0107,  \u017ce <strong>w ci\u0105gu ostatnich 12 miesi\u0119cy na Facebooku nast\u0105pi\u0142o wiele zmian<\/strong>. Inaczej liczony jest Edge Rank,  w wyniku czego drastycznie obni\u017cy\u0142 si\u0119 zasi\u0119g organiczny post\u00f3w,  a dla wi\u0119kszo\u015bci stron spad\u0142o tak\u017ce znaczenie zasi\u0119gu wirusowego. Coraz wi\u0119cej profili decyduje si\u0119 na p\u0142atn\u0105 promocj\u0119,  a w niekt\u00f3rych sytuacjach przeznaczany na reklam\u0119 post\u00f3w bud\u017cet powoduje,  \u017ce wy\u015bwietlaj\u0105 si\u0119 one w News Feedach d\u0142u\u017cej,  dzi\u0119ki czemu wyd\u0142u\u017ca si\u0119 tak\u017ce czas,  w kt\u00f3rym anga\u017cuj\u0105 u\u017cytkownik\u00f3w. Znaczna cz\u0119\u015b\u0107 profili nie decyduje si\u0119 jednak na p\u0142atn\u0105 promocj\u0119 lub korzysta z niej bardzo rzadko. W\u00f3wczas odpowiedni dob\u00f3r pory komunikacji zyskuje kluczowe znaczenie. Dlatego te\u017c gor\u0105co zach\u0119cali\u015bmy administrator\u00f3w stron do zerwania z nawykiem postowania g\u0142\u00f3wnie w czasie roboczym,  czyli mi\u0119dzy godz. 9 a 17. Czy uda\u0142o si\u0119 nam ich przekona\u0107?<\/p>\n<h2>Admin nie 24\/7<\/h2>\n<p style=\"text-align: justify;\">Jak wida\u0107 na poni\u017cszym wykresie &#8211; niespecjalnie. <strong>Aktywno\u015b\u0107 administrator\u00f3w polskich stron komercyjnych nadal skupia si\u0119 w ci\u0105gu tradycyjnych godzin pracy.<\/strong> Najwi\u0119cej post\u00f3w ukazuje si\u0119 mi\u0119dzy godz. 9 a 16,  a zdecydowanie najpopularniejsz\u0105 godzin\u0105 publikowania,  tak samo jak przed rokiem,  jest godz. 10. Wiele post\u00f3w jest publikowanych tak\u017ce o 11 i 12,  a ich liczba spada w porze lunchowej,  by ponownie wzrosn\u0105\u0107 pod koniec tradycyjnego czasu pracy,  czyli w okolicach godz. 15. <strong>Wyra\u017ana tendencja spadkowa zaczyna si\u0119 w momencie opuszczenia biur,  oko\u0142o godz. 16.<\/strong> Wieczorem liczba post\u00f3w na chwil\u0119 jeszcze wzrasta,  by w ko\u0144cu oko\u0142o godz. 21 zacz\u0105\u0107 si\u0119 poka\u017anie zmniejsza\u0107. Analogiczna sytuacja mia\u0142a miejsce w lipcu 2013 r. Tym razem analizie poddali\u015bmy posty opublikowane na Facebooku przez ponad 4 tys. polskich stron komercyjnych w okresie 1 &#8211; 31 sierpnia 2014 r. W mi\u0119dzyczasie stale poszerzali\u015bmy nasz\u0105 baz\u0119 profili,  a jednak wyniki s\u0105 ca\u0142y czas podobne.<\/p>\n<div id=\"attachment_14733\" style=\"width: 610px\" class=\"wp-caption aligncenter\"><a href=\"https:\/\/www.sotrender.com\/blog\/wp-content\/uploads\/2014\/09\/liczba_postow.png\"><img loading=\"lazy\" decoding=\"async\" aria-describedby=\"caption-attachment-14733\" class=\"wp-image-14733\" src=\"https:\/\/www.sotrender.com\/blog\/wp-content\/uploads\/2014\/09\/liczba_postow.png\" alt=\"Czas publikowania - liczba post\u00f3w wed\u0142ug godziny\" width=\"600\" height=\"480\" srcset=\"https:\/\/www.sotrender.com\/blog\/wp-content\/uploads\/2014\/09\/liczba_postow.png 1000w, https:\/\/www.sotrender.com\/blog\/wp-content\/uploads\/2014\/09\/liczba_postow-475x380.png 475w, https:\/\/www.sotrender.com\/blog\/wp-content\/uploads\/2014\/09\/liczba_postow-768x614.png 768w, https:\/\/www.sotrender.com\/blog\/wp-content\/uploads\/2014\/09\/liczba_postow-950x760.png 950w, https:\/\/www.sotrender.com\/blog\/wp-content\/uploads\/2014\/09\/liczba_postow-600x480.png 600w\" sizes=\"(max-width: 600px) 100vw, 600px\" \/><\/a><p id=\"caption-attachment-14733\" class=\"wp-caption-text\">Czas publikowania &#8211; liczba post\u00f3w wed\u0142ug godziny<\/p><\/div>\n<h2>Znajd\u017a sw\u00f3j czas publikowania<\/h2>\n<p style=\"text-align: justify;\">Tak jak przed rokiem,  pokusili\u015bmy si\u0119 r\u00f3wnie\u017c o sprawdzenie przyzwyczaje\u0144 administrator\u00f3w stron z r\u00f3\u017cnych kategorii. Jak wiadomo najpopularniejsze godziny publikacji post\u00f3w r\u00f3\u017cni\u0105 w zale\u017cno\u015bci od tematyki poszczeg\u00f3lnych profili. <strong>Pod lup\u0119,  tak jak w poprzedniej analizie,  wzi\u0119li\u015bmy strony z trzech kategorii: banki,  alkohole i macierzy\u0144stwo.<\/strong> Okaza\u0142o si\u0119,  \u017ce dla poszczeg\u00f3lnych kategorii najch\u0119tniej wybierane przez administrator\u00f3w godziny uleg\u0142y pewnym zmianom.<\/p>\n<p style=\"text-align: justify;\">Okaza\u0142o si\u0119 <strong>w przypadku bank\u00f3w zdecydowanie najbardziej \u201cobl\u0119\u017con\u0105\u201d postami godzin\u0105 jest 10,  podczas gdy przed rokiem by\u0142a to godz. 11<\/strong>. Nie da si\u0119 r\u00f3wnie\u017c nie zauwa\u017cy\u0107 <strong>wi\u0119kszej aktywno\u015bci stron bankowych w godzinach wieczornych,  tj. pomi\u0119dzy 21 a 22.<\/strong> Pewne tendencje jednak pozosta\u0142y praktycznie niezmienione,  jak np. ta,  \u017ce profile bank\u00f3w wiele post\u00f3w publikuj\u0105 wcze\u015bniejszym popo\u0142udniem,  ko\u0142o 14 i 15.<\/p>\n<div id=\"attachment_14735\" style=\"width: 610px\" class=\"wp-caption aligncenter\"><a href=\"https:\/\/www.sotrender.com\/blog\/wp-content\/uploads\/2014\/09\/liczba_postow_banki.png\"><img loading=\"lazy\" decoding=\"async\" aria-describedby=\"caption-attachment-14735\" class=\"wp-image-14735\" src=\"https:\/\/www.sotrender.com\/blog\/wp-content\/uploads\/2014\/09\/liczba_postow_banki.png\" alt=\"Czas publikowania - Banki\" width=\"600\" height=\"480\" srcset=\"https:\/\/www.sotrender.com\/blog\/wp-content\/uploads\/2014\/09\/liczba_postow_banki.png 1000w, https:\/\/www.sotrender.com\/blog\/wp-content\/uploads\/2014\/09\/liczba_postow_banki-475x380.png 475w, https:\/\/www.sotrender.com\/blog\/wp-content\/uploads\/2014\/09\/liczba_postow_banki-768x614.png 768w, https:\/\/www.sotrender.com\/blog\/wp-content\/uploads\/2014\/09\/liczba_postow_banki-950x760.png 950w, https:\/\/www.sotrender.com\/blog\/wp-content\/uploads\/2014\/09\/liczba_postow_banki-600x480.png 600w\" sizes=\"(max-width: 600px) 100vw, 600px\" \/><\/a><p id=\"caption-attachment-14735\" class=\"wp-caption-text\">Czas publikowania &#8211; Banki<\/p><\/div>\n<p style=\"text-align: justify;\"><strong>Dla odmiany strony po\u015bwi\u0119cone macierzy\u0144stwu nadal publikuj\u0105 najwi\u0119cej w godzinach porannych,  zw\u0142aszcza po godz. 9,  10 i 11<\/strong>,  co wskazuje na dostosowanie czasu komunikacji do zwyczajowego rozk\u0142adu dnia grupy docelowej. Potem nast\u0119puj\u0105 spokojniejsze godziny. Bardziej aktywni administratorzy stron po\u015bwi\u0119conych macierzy\u0144stwu ponownie staj\u0105 si\u0119 w godz. wieczornych,  oko\u0142o godz. 18,  19 i 20. To spora zmiana w stosunku do zesz\u0142ego roku,  kiedy po \u201ckomunikacyjnym szczycie\u201d przypadaj\u0105cym na wczesny poranek (godz. 8 i 9),  nast\u0119powa\u0142a bardzo wyra\u017ana tendencja spadkowa.<\/p>\n<div id=\"attachment_14737\" style=\"width: 610px\" class=\"wp-caption aligncenter\"><a href=\"https:\/\/www.sotrender.com\/blog\/wp-content\/uploads\/2014\/09\/liczba_postow_macierz.png\"><img loading=\"lazy\" decoding=\"async\" aria-describedby=\"caption-attachment-14737\" class=\"wp-image-14737\" src=\"https:\/\/www.sotrender.com\/blog\/wp-content\/uploads\/2014\/09\/liczba_postow_macierz.png\" alt=\"Czas publikowania - Macierzy\u0144stwo\" width=\"600\" height=\"480\" srcset=\"https:\/\/www.sotrender.com\/blog\/wp-content\/uploads\/2014\/09\/liczba_postow_macierz.png 1000w, https:\/\/www.sotrender.com\/blog\/wp-content\/uploads\/2014\/09\/liczba_postow_macierz-475x380.png 475w, https:\/\/www.sotrender.com\/blog\/wp-content\/uploads\/2014\/09\/liczba_postow_macierz-768x614.png 768w, https:\/\/www.sotrender.com\/blog\/wp-content\/uploads\/2014\/09\/liczba_postow_macierz-950x760.png 950w, https:\/\/www.sotrender.com\/blog\/wp-content\/uploads\/2014\/09\/liczba_postow_macierz-600x480.png 600w\" sizes=\"(max-width: 600px) 100vw, 600px\" \/><\/a><p id=\"caption-attachment-14737\" class=\"wp-caption-text\">Czas publikowania &#8211; Macierzy\u0144stwo<\/p><\/div>\n<p style=\"text-align: justify;\"><strong>Najbardziej zmieni\u0142y si\u0119 przyzwyczajenia prowadz\u0105cych profile o tematyce alkoholowej.<\/strong> Podczas gdy w ubieg\u0142ym roku najch\u0119tniej dodawali oni wpisy o godz. 20,  teraz zdecydowanie ch\u0119tniej od innych godzin wybieraj\u0105 godz. 16 i 17. Oczywi\u015bcie w godzinach wieczornych r\u00f3wnie\u017c dodaj\u0105 wiele komunikat\u00f3w,  jednak obecnie po godz. 20 liczba post\u00f3w zaczyna ju\u017c spada\u0107.<\/p>\n<div id=\"attachment_14739\" style=\"width: 610px\" class=\"wp-caption aligncenter\"><a href=\"https:\/\/www.sotrender.com\/blog\/wp-content\/uploads\/2014\/09\/liczba_postow_alko.png\"><img loading=\"lazy\" decoding=\"async\" aria-describedby=\"caption-attachment-14739\" class=\"wp-image-14739\" src=\"https:\/\/www.sotrender.com\/blog\/wp-content\/uploads\/2014\/09\/liczba_postow_alko.png\" alt=\"Czas publikowania - Alkohole\" width=\"600\" height=\"480\" srcset=\"https:\/\/www.sotrender.com\/blog\/wp-content\/uploads\/2014\/09\/liczba_postow_alko.png 1000w, https:\/\/www.sotrender.com\/blog\/wp-content\/uploads\/2014\/09\/liczba_postow_alko-475x380.png 475w, https:\/\/www.sotrender.com\/blog\/wp-content\/uploads\/2014\/09\/liczba_postow_alko-768x614.png 768w, https:\/\/www.sotrender.com\/blog\/wp-content\/uploads\/2014\/09\/liczba_postow_alko-950x760.png 950w, https:\/\/www.sotrender.com\/blog\/wp-content\/uploads\/2014\/09\/liczba_postow_alko-600x480.png 600w\" sizes=\"(max-width: 600px) 100vw, 600px\" \/><\/a><p id=\"caption-attachment-14739\" class=\"wp-caption-text\">Czas publikowania &#8211; Alkohole<\/p><\/div>\n<h2>Adminie nie \u015bpij!<\/h2>\n<p style=\"text-align: justify;\">Jak si\u0119 okazuje,  administratorzy stron z poszczeg\u00f3lnych kategorii staraj\u0105 si\u0119 dociera\u0107 do swoich grup docelowych poprzez odpowiedni wyb\u00f3r czasu komunikacji. Dane m\u00f3wi\u0105 jednak same za siebie. <span style=\"text-decoration: underline;\"><strong>Tak jak przed rokiem,  wtedy,  kiedy u\u017cytkownicy Facebooka s\u0105 najbardziej aktywni,  ukazuje si\u0119 najmniej post\u00f3w.<\/strong><\/span> Dysproporcja co prawda powoli si\u0119 zmniejsza,  nadal jednak wniosek jest jeden:<strong> warto dodawa\u0107 wpisy r\u00f3wnie\u017c wieczorami.<\/strong> Wieczorna aktywno\u015b\u0107 u\u017cytkownik\u00f3w sprawia,  \u017ce Facebook mo\u017ce im pokaza\u0107 wi\u0119cej tre\u015bci ni\u017c w porach,  w kt\u00f3rych jest aktywnych mniej os\u00f3b. To z kolei wp\u0142ywa na s\u0142absz\u0105 konkurencj\u0119 mi\u0119dzy publikowanymi tre\u015bciami i zwi\u0105zan\u0105 z tym wi\u0119ksz\u0105 szans\u0105 naszych publikacji na osi\u0105gni\u0119cie dobrych wynik\u00f3w pod wzgl\u0119dem zasi\u0119gu. Co wi\u0119cej <strong>posty publikowane po godzinie 22 maj\u0105 du\u017c\u0105 szans\u0119 by\u0107 obecnymi w News Feedach u\u017cytkownik\u00f3w jeszcze przy porannej wizycie na Facebooku.<\/strong><\/p>\n<div id=\"attachment_14741\" style=\"width: 610px\" class=\"wp-caption aligncenter\"><a href=\"https:\/\/www.sotrender.com\/blog\/wp-content\/uploads\/2014\/09\/liczba_aktywnosci_postow.png\"><img loading=\"lazy\" decoding=\"async\" aria-describedby=\"caption-attachment-14741\" class=\"wp-image-14741\" src=\"https:\/\/www.sotrender.com\/blog\/wp-content\/uploads\/2014\/09\/liczba_aktywnosci_postow.png\" alt=\"Czas publikowania a liczba aktywno\u015bci\" width=\"600\" height=\"480\" srcset=\"https:\/\/www.sotrender.com\/blog\/wp-content\/uploads\/2014\/09\/liczba_aktywnosci_postow.png 1000w, https:\/\/www.sotrender.com\/blog\/wp-content\/uploads\/2014\/09\/liczba_aktywnosci_postow-475x380.png 475w, https:\/\/www.sotrender.com\/blog\/wp-content\/uploads\/2014\/09\/liczba_aktywnosci_postow-768x614.png 768w, https:\/\/www.sotrender.com\/blog\/wp-content\/uploads\/2014\/09\/liczba_aktywnosci_postow-950x760.png 950w, https:\/\/www.sotrender.com\/blog\/wp-content\/uploads\/2014\/09\/liczba_aktywnosci_postow-600x480.png 600w\" sizes=\"(max-width: 600px) 100vw, 600px\" \/><\/a><p id=\"caption-attachment-14741\" class=\"wp-caption-text\">Czas publikowania a liczba aktywno\u015bci<\/p><\/div>\n<p style=\"text-align: justify;\">Mamy nadziej\u0119,  \u017ce niniejsz\u0105 analiz\u0105 przekonamy kolejnych niedowiark\u00f3w,  \u017ce <strong>Facebook \u017cyje tak\u017ce poza godzinami pracy.<\/strong> Warto zobaczy\u0107,  kiedy fani danej strony s\u0105 aktywni i w zale\u017cno\u015bci od tego,  kiedy najch\u0119tniej anga\u017cuj\u0105 si\u0119 w komunikacj\u0119,  publikowa\u0107 nowe wpisy. Przy ich planowaniu nale\u017cy oczywi\u015bcie mie\u0107 na uwadze specyfik\u0119 bran\u017cy oraz przyzwyczajenia konsument\u00f3w. <a title=\"Przejd\u017a na stron\u0119 Sotrendera i za\u0142\u00f3\u017c bezp\u0142atne konto testowe\" href=\"http:\/\/www.sotrender.pl\" target=\"_blank\">T\u0119 i wiele innych funkcjonalno\u015bci oferuje tak\u017ce Sotrender.<\/a><\/p>\n","protected":false},"excerpt":{"rendered":"<p>Ku naszej rado\u015bci, przeprowadzona przez Sotrender analiza godzin publikowania wpis\u00f3w na Facebooku cieszy si\u0119 nies\u0142abn\u0105c\u0105 popularno\u015bci\u0105. Dlatego te\u017c postanowili\u015bmy j\u0105 powt\u00f3rzy\u0107, aby sprawdzi\u0107, czy w ci\u0105gu ostatnich 12 miesi\u0119cy zmieni\u0142y si\u0119 przyzwyczajenia administrator\u00f3w stron komercyjnych. Przypuszczali\u015bmy, \u017ce w ci\u0105gu ca\u0142ego roku, admini b\u0119d\u0105 znacznie bardziej \u015bwiadomi przyzwyczaje\u0144 grup docelowych swoich produkt\u00f3w i pokusz\u0105 si\u0119 o [&hellip;]<\/p>\n","protected":false},"author":31,"featured_media":14923,"comment_status":"open","ping_status":"open","sticky":false,"template":"","format":"standard","meta":{"inline_featured_image":false,"footnotes":""},"categories":[1793,1797],"tags":[17,499,519,643,675,677,937,939],"yoast_head":"<!-- This site is optimized with the Yoast SEO plugin v22.4 - https:\/\/yoast.com\/wordpress\/plugins\/seo\/ -->\n<title>Sotrender Research Insight: znajd\u017a sw\u00f3j czas publikowania!<\/title>\n<meta name=\"description\" content=\"Czas publikowania wpis\u00f3w ma kluczowe znaczenie w komunikacji na Facebooku. Jak zmieni\u0142y si\u0119 przyzwyczajenia administrator\u00f3w stron w ci\u0105gu ostatniego roku?\" \/>\n<meta name=\"robots\" content=\"index, follow, max-snippet:-1, max-image-preview:large, max-video-preview:-1\" \/>\n<link rel=\"canonical\" href=\"https:\/\/www.sotrender.com\/blog\/pl\/2014\/09\/czas-publikowania\/\" \/>\n<meta property=\"og:locale\" content=\"pl_PL\" \/>\n<meta property=\"og:type\" content=\"article\" \/>\n<meta property=\"og:title\" content=\"Sotrender Research Insight: znajd\u017a sw\u00f3j czas publikowania!\" \/>\n<meta property=\"og:description\" content=\"Czas publikowania wpis\u00f3w ma kluczowe znaczenie w komunikacji na Facebooku. Jak zmieni\u0142y si\u0119 przyzwyczajenia administrator\u00f3w stron w ci\u0105gu ostatniego roku?\" \/>\n<meta property=\"og:url\" content=\"https:\/\/www.sotrender.com\/blog\/pl\/2014\/09\/czas-publikowania\/\" \/>\n<meta property=\"og:site_name\" content=\"Sotrender Blog\" \/>\n<meta property=\"article:publisher\" content=\"https:\/\/www.facebook.com\/Sotrender\" \/>\n<meta property=\"article:published_time\" content=\"2014-09-17T09:16:57+00:00\" \/>\n<meta property=\"article:modified_time\" content=\"2015-12-01T20:55:12+00:00\" \/>\n<meta property=\"og:image\" content=\"https:\/\/www.sotrender.com\/blog\/wp-content\/uploads\/2014\/08\/lapka_kawa.jpg\" \/>\n\t<meta property=\"og:image:width\" content=\"1600\" \/>\n\t<meta property=\"og:image:height\" content=\"700\" \/>\n\t<meta property=\"og:image:type\" content=\"image\/jpeg\" \/>\n<meta name=\"author\" content=\"Aleksandra Prejs\" \/>\n<meta name=\"twitter:card\" content=\"summary_large_image\" \/>\n<meta name=\"twitter:creator\" content=\"@Sotrender\" \/>\n<meta name=\"twitter:site\" content=\"@Sotrender\" \/>\n<meta name=\"twitter:label1\" content=\"Written by\" \/>\n\t<meta name=\"twitter:data1\" content=\"Aleksandra Prejs\" \/>\n\t<meta name=\"twitter:label2\" content=\"Est. reading time\" \/>\n\t<meta name=\"twitter:data2\" content=\"5 minutes\" \/>\n<script type=\"application\/ld+json\" class=\"yoast-schema-graph\">{\"@context\":\"https:\/\/schema.org\",\"@graph\":[{\"@type\":\"WebPage\",\"@id\":\"https:\/\/www.sotrender.com\/blog\/pl\/2014\/09\/czas-publikowania\/\",\"url\":\"https:\/\/www.sotrender.com\/blog\/pl\/2014\/09\/czas-publikowania\/\",\"name\":\"Sotrender Research Insight: znajd\u017a sw\u00f3j czas publikowania!\",\"isPartOf\":{\"@id\":\"https:\/\/www.sotrender.com\/blog\/#website\"},\"primaryImageOfPage\":{\"@id\":\"https:\/\/www.sotrender.com\/blog\/pl\/2014\/09\/czas-publikowania\/#primaryimage\"},\"image\":{\"@id\":\"https:\/\/www.sotrender.com\/blog\/pl\/2014\/09\/czas-publikowania\/#primaryimage\"},\"thumbnailUrl\":\"https:\/\/www.sotrender.com\/blog\/wp-content\/uploads\/2014\/08\/lapka_kawa.jpg\",\"datePublished\":\"2014-09-17T09:16:57+00:00\",\"dateModified\":\"2015-12-01T20:55:12+00:00\",\"author\":{\"@id\":\"https:\/\/www.sotrender.com\/blog\/#\/schema\/person\/7106df62825269bc360ad9171cd7149b\"},\"description\":\"Czas publikowania wpis\u00f3w ma kluczowe znaczenie w komunikacji na Facebooku. Jak zmieni\u0142y si\u0119 przyzwyczajenia administrator\u00f3w stron w ci\u0105gu ostatniego roku?\",\"breadcrumb\":{\"@id\":\"https:\/\/www.sotrender.com\/blog\/pl\/2014\/09\/czas-publikowania\/#breadcrumb\"},\"inLanguage\":\"pl-PL\",\"potentialAction\":[{\"@type\":\"ReadAction\",\"target\":[\"https:\/\/www.sotrender.com\/blog\/pl\/2014\/09\/czas-publikowania\/\"]}]},{\"@type\":\"ImageObject\",\"inLanguage\":\"pl-PL\",\"@id\":\"https:\/\/www.sotrender.com\/blog\/pl\/2014\/09\/czas-publikowania\/#primaryimage\",\"url\":\"https:\/\/www.sotrender.com\/blog\/wp-content\/uploads\/2014\/08\/lapka_kawa.jpg\",\"contentUrl\":\"https:\/\/www.sotrender.com\/blog\/wp-content\/uploads\/2014\/08\/lapka_kawa.jpg\",\"width\":1600,\"height\":700},{\"@type\":\"BreadcrumbList\",\"@id\":\"https:\/\/www.sotrender.com\/blog\/pl\/2014\/09\/czas-publikowania\/#breadcrumb\",\"itemListElement\":[{\"@type\":\"ListItem\",\"position\":1,\"name\":\"Home\",\"item\":\"https:\/\/www.sotrender.com\/blog\/\"},{\"@type\":\"ListItem\",\"position\":2,\"name\":\"Sotrender Research Insight: znajd\u017a sw\u00f3j czas publikowania!\"}]},{\"@type\":\"WebSite\",\"@id\":\"https:\/\/www.sotrender.com\/blog\/#website\",\"url\":\"https:\/\/www.sotrender.com\/blog\/\",\"name\":\"Sotrender Blog\",\"description\":\"\",\"potentialAction\":[{\"@type\":\"SearchAction\",\"target\":{\"@type\":\"EntryPoint\",\"urlTemplate\":\"https:\/\/www.sotrender.com\/blog\/?s={search_term_string}\"},\"query-input\":\"required name=search_term_string\"}],\"inLanguage\":\"pl-PL\"},{\"@type\":\"Person\",\"@id\":\"https:\/\/www.sotrender.com\/blog\/#\/schema\/person\/7106df62825269bc360ad9171cd7149b\",\"name\":\"Aleksandra Prejs\",\"image\":{\"@type\":\"ImageObject\",\"inLanguage\":\"pl-PL\",\"@id\":\"https:\/\/www.sotrender.com\/blog\/#\/schema\/person\/image\/\",\"url\":\"https:\/\/secure.gravatar.com\/avatar\/469000454b77ff0aacb32c49dba023be?s=96&d=mm&r=g\",\"contentUrl\":\"https:\/\/secure.gravatar.com\/avatar\/469000454b77ff0aacb32c49dba023be?s=96&d=mm&r=g\",\"caption\":\"Aleksandra Prejs\"},\"url\":\"https:\/\/www.sotrender.com\/blog\/pl\/author\/aleksandra-prejs\/\"}]}<\/script>\n<!-- \/ Yoast SEO plugin. -->","yoast_head_json":{"title":"Sotrender Research Insight: znajd\u017a sw\u00f3j czas publikowania!","description":"Czas publikowania wpis\u00f3w ma kluczowe znaczenie w komunikacji na Facebooku. Jak zmieni\u0142y si\u0119 przyzwyczajenia administrator\u00f3w stron w ci\u0105gu ostatniego roku?","robots":{"index":"index","follow":"follow","max-snippet":"max-snippet:-1","max-image-preview":"max-image-preview:large","max-video-preview":"max-video-preview:-1"},"canonical":"https:\/\/www.sotrender.com\/blog\/pl\/2014\/09\/czas-publikowania\/","og_locale":"pl_PL","og_type":"article","og_title":"Sotrender Research Insight: znajd\u017a sw\u00f3j czas publikowania!","og_description":"Czas publikowania wpis\u00f3w ma kluczowe znaczenie w komunikacji na Facebooku. Jak zmieni\u0142y si\u0119 przyzwyczajenia administrator\u00f3w stron w ci\u0105gu ostatniego roku?","og_url":"https:\/\/www.sotrender.com\/blog\/pl\/2014\/09\/czas-publikowania\/","og_site_name":"Sotrender Blog","article_publisher":"https:\/\/www.facebook.com\/Sotrender","article_published_time":"2014-09-17T09:16:57+00:00","article_modified_time":"2015-12-01T20:55:12+00:00","og_image":[{"width":1600,"height":700,"url":"https:\/\/www.sotrender.com\/blog\/wp-content\/uploads\/2014\/08\/lapka_kawa.jpg","type":"image\/jpeg"}],"author":"Aleksandra Prejs","twitter_card":"summary_large_image","twitter_creator":"@Sotrender","twitter_site":"@Sotrender","twitter_misc":{"Written by":"Aleksandra Prejs","Est. reading time":"5 minutes"},"schema":{"@context":"https:\/\/schema.org","@graph":[{"@type":"WebPage","@id":"https:\/\/www.sotrender.com\/blog\/pl\/2014\/09\/czas-publikowania\/","url":"https:\/\/www.sotrender.com\/blog\/pl\/2014\/09\/czas-publikowania\/","name":"Sotrender Research Insight: znajd\u017a sw\u00f3j czas publikowania!","isPartOf":{"@id":"https:\/\/www.sotrender.com\/blog\/#website"},"primaryImageOfPage":{"@id":"https:\/\/www.sotrender.com\/blog\/pl\/2014\/09\/czas-publikowania\/#primaryimage"},"image":{"@id":"https:\/\/www.sotrender.com\/blog\/pl\/2014\/09\/czas-publikowania\/#primaryimage"},"thumbnailUrl":"https:\/\/www.sotrender.com\/blog\/wp-content\/uploads\/2014\/08\/lapka_kawa.jpg","datePublished":"2014-09-17T09:16:57+00:00","dateModified":"2015-12-01T20:55:12+00:00","author":{"@id":"https:\/\/www.sotrender.com\/blog\/#\/schema\/person\/7106df62825269bc360ad9171cd7149b"},"description":"Czas publikowania wpis\u00f3w ma kluczowe znaczenie w komunikacji na Facebooku. Jak zmieni\u0142y si\u0119 przyzwyczajenia administrator\u00f3w stron w ci\u0105gu ostatniego roku?","breadcrumb":{"@id":"https:\/\/www.sotrender.com\/blog\/pl\/2014\/09\/czas-publikowania\/#breadcrumb"},"inLanguage":"pl-PL","potentialAction":[{"@type":"ReadAction","target":["https:\/\/www.sotrender.com\/blog\/pl\/2014\/09\/czas-publikowania\/"]}]},{"@type":"ImageObject","inLanguage":"pl-PL","@id":"https:\/\/www.sotrender.com\/blog\/pl\/2014\/09\/czas-publikowania\/#primaryimage","url":"https:\/\/www.sotrender.com\/blog\/wp-content\/uploads\/2014\/08\/lapka_kawa.jpg","contentUrl":"https:\/\/www.sotrender.com\/blog\/wp-content\/uploads\/2014\/08\/lapka_kawa.jpg","width":1600,"height":700},{"@type":"BreadcrumbList","@id":"https:\/\/www.sotrender.com\/blog\/pl\/2014\/09\/czas-publikowania\/#breadcrumb","itemListElement":[{"@type":"ListItem","position":1,"name":"Home","item":"https:\/\/www.sotrender.com\/blog\/"},{"@type":"ListItem","position":2,"name":"Sotrender Research Insight: znajd\u017a sw\u00f3j czas publikowania!"}]},{"@type":"WebSite","@id":"https:\/\/www.sotrender.com\/blog\/#website","url":"https:\/\/www.sotrender.com\/blog\/","name":"Sotrender Blog","description":"","potentialAction":[{"@type":"SearchAction","target":{"@type":"EntryPoint","urlTemplate":"https:\/\/www.sotrender.com\/blog\/?s={search_term_string}"},"query-input":"required name=search_term_string"}],"inLanguage":"pl-PL"},{"@type":"Person","@id":"https:\/\/www.sotrender.com\/blog\/#\/schema\/person\/7106df62825269bc360ad9171cd7149b","name":"Aleksandra Prejs","image":{"@type":"ImageObject","inLanguage":"pl-PL","@id":"https:\/\/www.sotrender.com\/blog\/#\/schema\/person\/image\/","url":"https:\/\/secure.gravatar.com\/avatar\/469000454b77ff0aacb32c49dba023be?s=96&d=mm&r=g","contentUrl":"https:\/\/secure.gravatar.com\/avatar\/469000454b77ff0aacb32c49dba023be?s=96&d=mm&r=g","caption":"Aleksandra Prejs"},"url":"https:\/\/www.sotrender.com\/blog\/pl\/author\/aleksandra-prejs\/"}]}},"_links":{"self":[{"href":"https:\/\/www.sotrender.com\/blog\/pl\/wp-json\/wp\/v2\/posts\/14729"}],"collection":[{"href":"https:\/\/www.sotrender.com\/blog\/pl\/wp-json\/wp\/v2\/posts"}],"about":[{"href":"https:\/\/www.sotrender.com\/blog\/pl\/wp-json\/wp\/v2\/types\/post"}],"author":[{"embeddable":true,"href":"https:\/\/www.sotrender.com\/blog\/pl\/wp-json\/wp\/v2\/users\/31"}],"replies":[{"embeddable":true,"href":"https:\/\/www.sotrender.com\/blog\/pl\/wp-json\/wp\/v2\/comments?post=14729"}],"version-history":[{"count":5,"href":"https:\/\/www.sotrender.com\/blog\/pl\/wp-json\/wp\/v2\/posts\/14729\/revisions"}],"predecessor-version":[{"id":14851,"href":"https:\/\/www.sotrender.com\/blog\/pl\/wp-json\/wp\/v2\/posts\/14729\/revisions\/14851"}],"wp:featuredmedia":[{"embeddable":true,"href":"https:\/\/www.sotrender.com\/blog\/pl\/wp-json\/wp\/v2\/media\/14923"}],"wp:attachment":[{"href":"https:\/\/www.sotrender.com\/blog\/pl\/wp-json\/wp\/v2\/media?parent=14729"}],"wp:term":[{"taxonomy":"category","embeddable":true,"href":"https:\/\/www.sotrender.com\/blog\/pl\/wp-json\/wp\/v2\/categories?post=14729"},{"taxonomy":"post_tag","embeddable":true,"href":"https:\/\/www.sotrender.com\/blog\/pl\/wp-json\/wp\/v2\/tags?post=14729"}],"curies":[{"name":"wp","href":"https:\/\/api.w.org\/{rel}","templated":true}]}}