{"id":14277,"date":"2014-09-03T15:18:22","date_gmt":"2014-09-03T14:18:22","guid":{"rendered":"http:\/\/blog.sotrender.com\/?p=14277"},"modified":"2017-04-13T13:59:34","modified_gmt":"2017-04-13T11:59:34","slug":"twitter-trends-sierpien-2014","status":"publish","type":"post","link":"https:\/\/www.sotrender.com\/blog\/pl\/2014\/09\/twitter-trends-sierpien-2014\/","title":{"rendered":"Twitter Trends Sierpie\u0144 2014 &#8211; koniec lata pod znakiem footballu"},"content":{"rendered":"<p style=\"text-align: justify;\">Sierpie\u0144 zaowocowa\u0142 prawdopodobnie najpopularniejszym tweetem w historii polskiego Twittera. Co si\u0119 do tego przyczyni\u0142o? Wci\u0105\u017c elektryzuj\u0105cy Polak\u00f3w jedyny w swoim rodzaju &#8211; football. Prosty tweet opublikowany przez <a title=\"Zobacz profil na Twitterze\" href=\"https:\/\/twitter.com\/LegiaWarszawa\" target=\"_blank\">Legi\u0119 Warszawa<\/a> po stracie przez Celtic Glasgow szansy na dalsz\u0105 walk\u0119 w Lidze Mistrz\u00f3w zawiera\u0142 jedynie <a title=\"Zobacz na Twitterze\" href=\"https:\/\/twitter.com\/LegiaWarszawa\/status\/504366868678057985\" target=\"_blank\">hashtag #footballwon i uzyska\u0142 ponad 10 tys. retweet\u00f3w i 5 tys. polubie\u0144<\/a>. W\u015br\u00f3d profili polskoj\u0119zycznych a\u017c 3 najlepsze tweety dotyczy\u0142y w\u0142a\u015bnie pi\u0142ki no\u017cnej. Z kolei <a title=\"Zobacz profil na Twitterze\" href=\"https:\/\/twitter.com\/K_Stanowski\" target=\"_blank\">Krzysztof Stanowski<\/a>, redaktor naczelny pi\u0142karskiego portalu weszlo.com by\u0142 najcz\u0119\u015bciej wspominanym Twitterowiczem. To przypomina, \u017ce polski Twitter &#8211; wbrew obiegowym opiniom &#8211; nie tylko polityk\u0105 i mediami stoi. <a title=\"Przejd\u017a do raportu\" href=\"http:\/\/www.sotrender.com\/pl\/trends\/twitter\" target=\"_blank\">Zapraszamy do lektury sierpniowego raportu Twitter Trends!<\/a><\/p>\n<p style=\"text-align: justify;\"><!--more--><\/p>\n<h2 style=\"text-align: justify;\"><b>Witamy hashtagi w <a title=\"Przejd\u017a do raportu\" href=\"http:\/\/www.sotrender.com\/pl\/trends\/twitter\" target=\"_blank\">Twitter Trends<\/a>!<\/b><\/h2>\n<p style=\"text-align: justify;\">Sierpniowe wydanie Twitter Trends rozpoczyna nowy ranking, w kt\u00f3rym przedstawili\u015bmy <strong>najpopularniejszy hashtag danego dnia miesi\u0105ca<\/strong>. Opr\u00f3cz pi\u0142ki no\u017cnej w hashtagach kr\u00f3lowa\u0142a polityka i wydarzenia na \u015bwiecie (<a title=\"Zobacz na Twitterze\" href=\"https:\/\/twitter.com\/hashtag\/jedzjab%C5%82ka?src=hash\" target=\"_blank\">#jedzjab\u0142ka<\/a>, <a title=\"Zobacz na Twitterze\" href=\"https:\/\/twitter.com\/hashtag\/ukraina\" target=\"_blank\">#ukraina<\/a>, <a title=\"Zobacz na Twitterze\" href=\"https:\/\/twitter.com\/hashtag\/PrayForPeace\" target=\"_blank\">#PrayForPeace<\/a>), znalaz\u0142o si\u0119 te\u017c miejsce dla <a title=\"Zobacz na Twitterze\" href=\"https:\/\/twitter.com\/hashtag\/IceBucketChallenge\" target=\"_blank\">#IceBucketChallenge<\/a> i gwiazd pop (<a title=\"Zobacz na Twitterze\" href=\"https:\/\/twitter.com\/hashtag\/niezmieniszmnie\" target=\"_blank\">#niezmieniszmnie<\/a> czy <a title=\"Zobacz na Twitterze\" href=\"https:\/\/twitter.com\/hashtag\/HappyBirthdayDemiLovato\" target=\"_blank\">#HappyBirthdayDemiLovato<\/a>).<\/p>\n<div id=\"attachment_14299\" style=\"width: 546px\" class=\"wp-caption aligncenter\"><a href=\"https:\/\/www.sotrender.com\/blog\/wp-content\/uploads\/2014\/09\/hashtag.jpg\"><img loading=\"lazy\" decoding=\"async\" aria-describedby=\"caption-attachment-14299\" class=\"size-full wp-image-14299\" src=\"https:\/\/www.sotrender.com\/blog\/wp-content\/uploads\/2014\/09\/hashtag.jpg\" alt=\"Hashtagi w Twitter Trends\" width=\"536\" height=\"189\" srcset=\"https:\/\/www.sotrender.com\/blog\/wp-content\/uploads\/2014\/09\/hashtag.jpg 536w, https:\/\/www.sotrender.com\/blog\/wp-content\/uploads\/2014\/09\/hashtag-475x167.jpg 475w\" sizes=\"(max-width: 536px) 100vw, 536px\" \/><\/a><p id=\"caption-attachment-14299\" class=\"wp-caption-text\">Hashtagi w Twitter Trends<\/p><\/div>\n<p style=\"text-align: justify;\">Hashtagom zadedykowali\u015bmy r\u00f3wnie\u017c <a title=\"Zobacz wpis na blogu\" href=\"https:\/\/www.sotrender.com\/blog\/pl\/2014\/08\/sri-hashtagi-na-twitterze\/\" target=\"_blank\">sierpniowe wydanie Sotrender Research Insight<\/a>, w kt\u00f3rym sprawdzili\u015bmy, jakie hashtagi na Twitterze w ostatnim czasie by\u0142y u\u017cywane najcz\u0119\u015bciej, czego dotyczy\u0142y oraz jak wp\u0142yn\u0119\u0142y na popularno\u015b\u0107 tweet\u00f3w.<\/p>\n<div id=\"attachment_14231\" style=\"width: 546px\" class=\"wp-caption aligncenter\"><a href=\"https:\/\/www.sotrender.com\/blog\/wp-content\/uploads\/2014\/08\/hasztag_wykres.png\"><img loading=\"lazy\" decoding=\"async\" aria-describedby=\"caption-attachment-14231\" class=\"wp-image-14231\" src=\"https:\/\/www.sotrender.com\/blog\/wp-content\/uploads\/2014\/08\/hasztag_wykres.png\" alt=\"Wp\u0142yw hashtag\u00f3w o tematyce politycznej i spo\u0142ecznej na liczb\u0119 aktywno\u015bci u\u017cytkownik\u00f3w\" width=\"536\" height=\"403\" srcset=\"https:\/\/www.sotrender.com\/blog\/wp-content\/uploads\/2014\/08\/hasztag_wykres.png 848w, https:\/\/www.sotrender.com\/blog\/wp-content\/uploads\/2014\/08\/hasztag_wykres-475x357.png 475w, https:\/\/www.sotrender.com\/blog\/wp-content\/uploads\/2014\/08\/hasztag_wykres-768x578.png 768w, https:\/\/www.sotrender.com\/blog\/wp-content\/uploads\/2014\/08\/hasztag_wykres-600x451.png 600w\" sizes=\"(max-width: 536px) 100vw, 536px\" \/><\/a><p id=\"caption-attachment-14231\" class=\"wp-caption-text\">Wp\u0142yw hashtag\u00f3w o tematyce politycznej i spo\u0142ecznej na liczb\u0119 aktywno\u015bci u\u017cytkownik\u00f3w<\/p><\/div>\n<h2 style=\"text-align: justify;\"><b>Polski Twitter &#8211; pop Twitter? <\/b><\/h2>\n<p style=\"text-align: justify;\">Ciekawym fenomenem jest to, \u017ce o ile <strong>na YouTube czy Facebooku zdecydowanie kr\u00f3luje polski hip hop, o tyle na Twitterze dominuj\u0105 postaci zwi\u0105zane z muzyk\u0105 pop<\/strong> &#8211; piosenkarki <a title=\"Zobacz profil na Twitterze\" href=\"https:\/\/twitter.com\/honorataskarbek\" target=\"_blank\">Honey<\/a>, <a title=\"Zobacz profil na Twitterze\" href=\"https:\/\/twitter.com\/DodaPoland\" target=\"_blank\">Doda<\/a>, <a title=\"Zobacz profil na Twitterze\" href=\"https:\/\/twitter.com\/PatriciaKazadi\" target=\"_blank\">Patrycja Kazadi<\/a>, jak r\u00f3wnie\u017c \u201cpolski Justin Bieber\u201d, czyli <a title=\"Zobacz profil na Twitterze\" href=\"https:\/\/twitter.com\/kwiatkowskioff\" target=\"_blank\">Dawid Kwiatkowski<\/a>, kt\u00f3ry zebra\u0142 w sierpniu najwi\u0119cej aktywno\u015bci pod pojedynczym wpisem. Ba! W top 15 najbardziej obserwowanych muzycznych profili nie ma ani jednego rapera. Znalaz\u0142 si\u0119 za to jeden bohater z zupe\u0142nie innej bajki &#8211; <a title=\"Zobacz profil na Twitterze\" href=\"https:\/\/twitter.com\/ZbigniewHoldys\" target=\"_blank\">Zbigniew Ho\u0142dys<\/a>, kt\u00f3ry swoimi kontrowersyjnymi wypowiedziami ju\u017c nie raz rozpali\u0142 Twittera.<\/p>\n<div id=\"attachment_14297\" style=\"width: 543px\" class=\"wp-caption aligncenter\"><a href=\"https:\/\/www.sotrender.com\/blog\/wp-content\/uploads\/2014\/09\/tweety.jpg\"><img loading=\"lazy\" decoding=\"async\" aria-describedby=\"caption-attachment-14297\" class=\"size-full wp-image-14297\" src=\"https:\/\/www.sotrender.com\/blog\/wp-content\/uploads\/2014\/09\/tweety.jpg\" alt=\"Najlepsze muzyczne tweety w Twitter Trends\" width=\"533\" height=\"559\" srcset=\"https:\/\/www.sotrender.com\/blog\/wp-content\/uploads\/2014\/09\/tweety.jpg 533w, https:\/\/www.sotrender.com\/blog\/wp-content\/uploads\/2014\/09\/tweety-475x498.jpg 475w\" sizes=\"(max-width: 533px) 100vw, 533px\" \/><\/a><p id=\"caption-attachment-14297\" class=\"wp-caption-text\">Najlepsze muzyczne tweety w Twitter Trends<\/p><\/div>\n<h2 style=\"text-align: justify;\"><b>W polityce inaczej ni\u017c na Facebooku <\/b><\/h2>\n<p style=\"text-align: justify;\">O ile <strong>na Facebooku zdecydowanie dominuje Kongres Nowej Prawicy, o tyle na Twitterze ca\u0142kiem sporo miejsca zajmuje Platforma Obywatelska<\/strong>. <a title=\"Zobacz profil na Twitterze\" href=\"https:\/\/twitter.com\/sikorskiradek\" target=\"_blank\">Rados\u0142aw Sikorski<\/a> jest Twitterowym liderem po\u015br\u00f3d polityk\u00f3w. Chocia\u017cby z powodu poczucia humoru &#8211; jego tweet o okresowych badaniach i pytaniu od psychiatry cieszy\u0142 si\u0119 w sierpniu najwi\u0119kszym powodzeniem. Du\u017c\u0105 popularno\u015b\u0107 zebra\u0142y tak\u017ce gratulacje &#8211; od <a title=\"Zobacz na Twitterze\" href=\"https:\/\/twitter.com\/JerzyBuzek\/status\/505774174779211776\" target=\"_blank\">Jerzego Buzka<\/a> i <a title=\"Zobacz na Twitterze\" href=\"https:\/\/twitter.com\/Palikot_Janusz\/status\/505770942988320769\" target=\"_blank\">Janusza Palikota<\/a> dla Donalda Tuska i od ameryka\u0144skiego ambasadora <a title=\"Zobacz na Twitterze\" href=\"https:\/\/twitter.com\/SteveMullUSA\" target=\"_blank\">Stephena D. Mulla<\/a> dla polskiej reprezentacji w siatk\u00f3wce po ich pierwszym wygranym meczu w Mistrzostwach \u015awiata.<\/p>\n<h2 style=\"text-align: justify;\"><b>Polski oddzia\u0142 Samsunga notuje spory wzrost<\/b><\/h2>\n<p style=\"text-align: justify;\">A\u017c 6 tys. obserwuj\u0105cych &#8211; czyli 27% wi\u0119cej &#8211; przyby\u0142o profilowi <a title=\"zobacz profil na Twitterze\" href=\"https:\/\/twitter.com\/SamsungPolska\" target=\"_blank\">Samsung Polska<\/a>, kt\u00f3ry tym sposobem jeszcze bardziej umocni\u0142 swoje prowadzenie w kategorii \u201cTechnologie i sprz\u0119t\u201d. Kolejna firma produkuj\u0105ca telefony kom\u00f3rkowe, <a title=\"Zobacz profil na Twitterze\" href=\"https:\/\/twitter.com\/NokiaPoland\" target=\"_blank\">Nokia<\/a>, znajduje si\u0119 dopiero na 4 miejscu pod k\u0105tem liczby obserwuj\u0105cych, ale za to na pierwszym w rankingu wed\u0142ug liczby aktywno\u015bci. Dwa najpopularniejsze tweety z sierpnia pochodzi\u0142y w\u0142a\u015bnie od tych marek. Sierpie\u0144 okaza\u0142 si\u0119 szcz\u0119\u015bliwym miesi\u0105cem tak\u017ce dla<strong> <a title=\"Zobacz nasz profil na Twitterze\" href=\"https:\/\/twitter.com\/sotrender\" target=\"_blank\">profilu Sotrendera<\/a>, kt\u00f3ry\u2026 zadebiutowa\u0142 na 7. miejscu rankingu wzgl\u0119dem liczby aktywno\u015bci w przeliczeniu na jednego tweeta w kategorii \u201cTechnologie i sprz\u0119t\u201d<\/strong>. Strasznie si\u0119 cieszymy i tym bardziej <a title=\"Zobacz profil Sotrendera na Twitterze\" href=\"https:\/\/twitter.com\/sotrender\" target=\"_blank\">zapraszamy Was do obserwowania naszego profilu na Twitterze<\/a>!<\/p>\n<div id=\"attachment_14295\" style=\"width: 543px\" class=\"wp-caption aligncenter\"><a href=\"https:\/\/www.sotrender.com\/blog\/wp-content\/uploads\/2014\/09\/sott.jpg\"><img loading=\"lazy\" decoding=\"async\" aria-describedby=\"caption-attachment-14295\" class=\"size-full wp-image-14295\" src=\"https:\/\/www.sotrender.com\/blog\/wp-content\/uploads\/2014\/09\/sott.jpg\" alt=\"Profil Sotrendera w Twitter Trends\" width=\"533\" height=\"483\" srcset=\"https:\/\/www.sotrender.com\/blog\/wp-content\/uploads\/2014\/09\/sott.jpg 533w, https:\/\/www.sotrender.com\/blog\/wp-content\/uploads\/2014\/09\/sott-475x430.jpg 475w\" sizes=\"(max-width: 533px) 100vw, 533px\" \/><\/a><p id=\"caption-attachment-14295\" class=\"wp-caption-text\">Profil Sotrendera w Twitter Trends<\/p><\/div>\n<h2 style=\"text-align: justify;\"><b>Twitterowe nowo\u015bci w <a title=\"Przejd\u017a na stron\u0119 Sotrendera\" href=\"http:\/\/www.sotrender.pl\" target=\"_blank\">Sotrenderze<\/a><\/b><\/h2>\n<p style=\"text-align: justify;\">Pami\u0119tajcie, \u017ce od sierpnia w Sotrenderze mo\u017cecie analizowa\u0107 Wasze aktywno\u015bci na Twitterze za pomoc\u0105 <strong>nowego wska\u017anika &#8211; Activity Index<\/strong>. Tak jak Interactivity Index dla Facebooka, Activity Index dla Twittera zlicza wszystkie aktywno\u015bci maj\u0105ce miejsce w obr\u0119bie profilu, nadaj\u0105c ka\u017cdej z nich inn\u0105 wag\u0119. Wi\u0119cej informacji na temat Activity Index <a title=\"Zobacz wpis na blogu\" href=\"https:\/\/www.sotrender.com\/blog\/2014\/08\/activity-index\/\" target=\"_blank\">znajdziecie na naszym blogu.<\/a> W ubieg\u0142ym miesi\u0105cu <strong>metamorfoz\u0119 przesz\u0142y tak\u017ce Sotrenderowe wskaz\u00f3wki<\/strong>, kt\u00f3re sta\u0142y si\u0119 jeszcze bardziej czytelne. Sprawd\u017acie sami &#8211; jeste\u015bmy ciekawi Waszych wra\u017ce\u0144!<\/p>\n<h2 style=\"text-align: center;\"><a title=\"Przejd\u017a do raportu\" href=\"http:\/\/www.sotrender.com\/pl\/trends\/twitter\" target=\"_blank\">Zapraszamy do lektury sierpniowego wydania Twitter Trends!<\/a><\/h2>\n","protected":false},"excerpt":{"rendered":"<p>Sierpie\u0144 zaowocowa\u0142 prawdopodobnie najpopularniejszym tweetem w historii polskiego Twittera. Co si\u0119 do tego przyczyni\u0142o? Wci\u0105\u017c elektryzuj\u0105cy Polak\u00f3w jedyny w swoim rodzaju &#8211; football. Prosty tweet opublikowany przez Legi\u0119 Warszawa po stracie przez Celtic Glasgow szansy na dalsz\u0105 walk\u0119 w Lidze Mistrz\u00f3w zawiera\u0142 jedynie hashtag #footballwon i uzyska\u0142 ponad 10 tys. retweet\u00f3w i 5 tys. polubie\u0144. [&hellip;]<\/p>\n","protected":false},"author":31,"featured_media":0,"comment_status":"open","ping_status":"open","sticky":false,"template":"","format":"standard","meta":{"inline_featured_image":false,"footnotes":""},"categories":[1791,1799],"tags":[7,25,515,765,889,917],"yoast_head":"<!-- This site is optimized with the Yoast SEO plugin v22.4 - https:\/\/yoast.com\/wordpress\/plugins\/seo\/ -->\n<title>Twitter Trends Sierpie\u0144 2014 - koniec lata pod znakiem footballu<\/title>\n<meta name=\"description\" content=\"Sotrender zaprasza do lektury raportu Twitter Trends, podsumowuj\u0105cego najwa\u017cniejsze wydarzenia na Twitterze w Polsce w ubieg\u0142ym miesi\u0105cu.\" \/>\n<meta name=\"robots\" content=\"index, follow, max-snippet:-1, max-image-preview:large, max-video-preview:-1\" \/>\n<link rel=\"canonical\" href=\"https:\/\/www.sotrender.com\/blog\/pl\/2014\/09\/twitter-trends-sierpien-2014\/\" \/>\n<meta property=\"og:locale\" content=\"pl_PL\" \/>\n<meta property=\"og:type\" content=\"article\" \/>\n<meta property=\"og:title\" content=\"Twitter Trends Sierpie\u0144 2014 - koniec lata pod znakiem footballu\" \/>\n<meta property=\"og:description\" content=\"Sotrender zaprasza do lektury raportu Twitter Trends, podsumowuj\u0105cego najwa\u017cniejsze wydarzenia na Twitterze w Polsce w ubieg\u0142ym miesi\u0105cu.\" \/>\n<meta property=\"og:url\" content=\"https:\/\/www.sotrender.com\/blog\/pl\/2014\/09\/twitter-trends-sierpien-2014\/\" \/>\n<meta property=\"og:site_name\" content=\"Sotrender Blog\" \/>\n<meta property=\"article:publisher\" content=\"https:\/\/www.facebook.com\/Sotrender\" \/>\n<meta property=\"article:published_time\" content=\"2014-09-03T14:18:22+00:00\" \/>\n<meta property=\"article:modified_time\" content=\"2017-04-13T11:59:34+00:00\" \/>\n<meta property=\"og:image\" content=\"https:\/\/www.sotrender.com\/blog\/wp-content\/uploads\/2014\/09\/hashtag.jpg\" \/>\n<meta name=\"author\" content=\"Aleksandra Prejs\" \/>\n<meta name=\"twitter:card\" content=\"summary_large_image\" \/>\n<meta name=\"twitter:creator\" content=\"@Sotrender\" \/>\n<meta name=\"twitter:site\" content=\"@Sotrender\" \/>\n<meta name=\"twitter:label1\" content=\"Written by\" \/>\n\t<meta name=\"twitter:data1\" content=\"Aleksandra Prejs\" \/>\n\t<meta name=\"twitter:label2\" content=\"Est. reading time\" \/>\n\t<meta name=\"twitter:data2\" content=\"4 minutes\" \/>\n<script type=\"application\/ld+json\" class=\"yoast-schema-graph\">{\"@context\":\"https:\/\/schema.org\",\"@graph\":[{\"@type\":\"WebPage\",\"@id\":\"https:\/\/www.sotrender.com\/blog\/pl\/2014\/09\/twitter-trends-sierpien-2014\/\",\"url\":\"https:\/\/www.sotrender.com\/blog\/pl\/2014\/09\/twitter-trends-sierpien-2014\/\",\"name\":\"Twitter Trends Sierpie\u0144 2014 - koniec lata pod znakiem footballu\",\"isPartOf\":{\"@id\":\"https:\/\/www.sotrender.com\/blog\/#website\"},\"primaryImageOfPage\":{\"@id\":\"https:\/\/www.sotrender.com\/blog\/pl\/2014\/09\/twitter-trends-sierpien-2014\/#primaryimage\"},\"image\":{\"@id\":\"https:\/\/www.sotrender.com\/blog\/pl\/2014\/09\/twitter-trends-sierpien-2014\/#primaryimage\"},\"thumbnailUrl\":\"https:\/\/www.sotrender.com\/blog\/wp-content\/uploads\/2014\/09\/hashtag.jpg\",\"datePublished\":\"2014-09-03T14:18:22+00:00\",\"dateModified\":\"2017-04-13T11:59:34+00:00\",\"author\":{\"@id\":\"https:\/\/www.sotrender.com\/blog\/#\/schema\/person\/7106df62825269bc360ad9171cd7149b\"},\"description\":\"Sotrender zaprasza do lektury raportu Twitter Trends, podsumowuj\u0105cego najwa\u017cniejsze wydarzenia na Twitterze w Polsce w ubieg\u0142ym miesi\u0105cu.\",\"breadcrumb\":{\"@id\":\"https:\/\/www.sotrender.com\/blog\/pl\/2014\/09\/twitter-trends-sierpien-2014\/#breadcrumb\"},\"inLanguage\":\"pl-PL\",\"potentialAction\":[{\"@type\":\"ReadAction\",\"target\":[\"https:\/\/www.sotrender.com\/blog\/pl\/2014\/09\/twitter-trends-sierpien-2014\/\"]}]},{\"@type\":\"ImageObject\",\"inLanguage\":\"pl-PL\",\"@id\":\"https:\/\/www.sotrender.com\/blog\/pl\/2014\/09\/twitter-trends-sierpien-2014\/#primaryimage\",\"url\":\"https:\/\/www.sotrender.com\/blog\/wp-content\/uploads\/2014\/09\/hashtag.jpg\",\"contentUrl\":\"https:\/\/www.sotrender.com\/blog\/wp-content\/uploads\/2014\/09\/hashtag.jpg\"},{\"@type\":\"BreadcrumbList\",\"@id\":\"https:\/\/www.sotrender.com\/blog\/pl\/2014\/09\/twitter-trends-sierpien-2014\/#breadcrumb\",\"itemListElement\":[{\"@type\":\"ListItem\",\"position\":1,\"name\":\"Home\",\"item\":\"https:\/\/www.sotrender.com\/blog\/\"},{\"@type\":\"ListItem\",\"position\":2,\"name\":\"Twitter Trends Sierpie\u0144 2014 &#8211; koniec lata pod znakiem footballu\"}]},{\"@type\":\"WebSite\",\"@id\":\"https:\/\/www.sotrender.com\/blog\/#website\",\"url\":\"https:\/\/www.sotrender.com\/blog\/\",\"name\":\"Sotrender Blog\",\"description\":\"\",\"potentialAction\":[{\"@type\":\"SearchAction\",\"target\":{\"@type\":\"EntryPoint\",\"urlTemplate\":\"https:\/\/www.sotrender.com\/blog\/?s={search_term_string}\"},\"query-input\":\"required name=search_term_string\"}],\"inLanguage\":\"pl-PL\"},{\"@type\":\"Person\",\"@id\":\"https:\/\/www.sotrender.com\/blog\/#\/schema\/person\/7106df62825269bc360ad9171cd7149b\",\"name\":\"Aleksandra Prejs\",\"image\":{\"@type\":\"ImageObject\",\"inLanguage\":\"pl-PL\",\"@id\":\"https:\/\/www.sotrender.com\/blog\/#\/schema\/person\/image\/\",\"url\":\"https:\/\/secure.gravatar.com\/avatar\/469000454b77ff0aacb32c49dba023be?s=96&d=mm&r=g\",\"contentUrl\":\"https:\/\/secure.gravatar.com\/avatar\/469000454b77ff0aacb32c49dba023be?s=96&d=mm&r=g\",\"caption\":\"Aleksandra Prejs\"},\"url\":\"https:\/\/www.sotrender.com\/blog\/pl\/author\/aleksandra-prejs\/\"}]}<\/script>\n<!-- \/ Yoast SEO plugin. -->","yoast_head_json":{"title":"Twitter Trends Sierpie\u0144 2014 - koniec lata pod znakiem footballu","description":"Sotrender zaprasza do lektury raportu Twitter Trends, podsumowuj\u0105cego najwa\u017cniejsze wydarzenia na Twitterze w Polsce w ubieg\u0142ym miesi\u0105cu.","robots":{"index":"index","follow":"follow","max-snippet":"max-snippet:-1","max-image-preview":"max-image-preview:large","max-video-preview":"max-video-preview:-1"},"canonical":"https:\/\/www.sotrender.com\/blog\/pl\/2014\/09\/twitter-trends-sierpien-2014\/","og_locale":"pl_PL","og_type":"article","og_title":"Twitter Trends Sierpie\u0144 2014 - koniec lata pod znakiem footballu","og_description":"Sotrender zaprasza do lektury raportu Twitter Trends, podsumowuj\u0105cego najwa\u017cniejsze wydarzenia na Twitterze w Polsce w ubieg\u0142ym miesi\u0105cu.","og_url":"https:\/\/www.sotrender.com\/blog\/pl\/2014\/09\/twitter-trends-sierpien-2014\/","og_site_name":"Sotrender Blog","article_publisher":"https:\/\/www.facebook.com\/Sotrender","article_published_time":"2014-09-03T14:18:22+00:00","article_modified_time":"2017-04-13T11:59:34+00:00","og_image":[{"url":"https:\/\/www.sotrender.com\/blog\/wp-content\/uploads\/2014\/09\/hashtag.jpg"}],"author":"Aleksandra Prejs","twitter_card":"summary_large_image","twitter_creator":"@Sotrender","twitter_site":"@Sotrender","twitter_misc":{"Written by":"Aleksandra Prejs","Est. reading time":"4 minutes"},"schema":{"@context":"https:\/\/schema.org","@graph":[{"@type":"WebPage","@id":"https:\/\/www.sotrender.com\/blog\/pl\/2014\/09\/twitter-trends-sierpien-2014\/","url":"https:\/\/www.sotrender.com\/blog\/pl\/2014\/09\/twitter-trends-sierpien-2014\/","name":"Twitter Trends Sierpie\u0144 2014 - koniec lata pod znakiem footballu","isPartOf":{"@id":"https:\/\/www.sotrender.com\/blog\/#website"},"primaryImageOfPage":{"@id":"https:\/\/www.sotrender.com\/blog\/pl\/2014\/09\/twitter-trends-sierpien-2014\/#primaryimage"},"image":{"@id":"https:\/\/www.sotrender.com\/blog\/pl\/2014\/09\/twitter-trends-sierpien-2014\/#primaryimage"},"thumbnailUrl":"https:\/\/www.sotrender.com\/blog\/wp-content\/uploads\/2014\/09\/hashtag.jpg","datePublished":"2014-09-03T14:18:22+00:00","dateModified":"2017-04-13T11:59:34+00:00","author":{"@id":"https:\/\/www.sotrender.com\/blog\/#\/schema\/person\/7106df62825269bc360ad9171cd7149b"},"description":"Sotrender zaprasza do lektury raportu Twitter Trends, podsumowuj\u0105cego najwa\u017cniejsze wydarzenia na Twitterze w Polsce w ubieg\u0142ym miesi\u0105cu.","breadcrumb":{"@id":"https:\/\/www.sotrender.com\/blog\/pl\/2014\/09\/twitter-trends-sierpien-2014\/#breadcrumb"},"inLanguage":"pl-PL","potentialAction":[{"@type":"ReadAction","target":["https:\/\/www.sotrender.com\/blog\/pl\/2014\/09\/twitter-trends-sierpien-2014\/"]}]},{"@type":"ImageObject","inLanguage":"pl-PL","@id":"https:\/\/www.sotrender.com\/blog\/pl\/2014\/09\/twitter-trends-sierpien-2014\/#primaryimage","url":"https:\/\/www.sotrender.com\/blog\/wp-content\/uploads\/2014\/09\/hashtag.jpg","contentUrl":"https:\/\/www.sotrender.com\/blog\/wp-content\/uploads\/2014\/09\/hashtag.jpg"},{"@type":"BreadcrumbList","@id":"https:\/\/www.sotrender.com\/blog\/pl\/2014\/09\/twitter-trends-sierpien-2014\/#breadcrumb","itemListElement":[{"@type":"ListItem","position":1,"name":"Home","item":"https:\/\/www.sotrender.com\/blog\/"},{"@type":"ListItem","position":2,"name":"Twitter Trends Sierpie\u0144 2014 &#8211; koniec lata pod znakiem footballu"}]},{"@type":"WebSite","@id":"https:\/\/www.sotrender.com\/blog\/#website","url":"https:\/\/www.sotrender.com\/blog\/","name":"Sotrender Blog","description":"","potentialAction":[{"@type":"SearchAction","target":{"@type":"EntryPoint","urlTemplate":"https:\/\/www.sotrender.com\/blog\/?s={search_term_string}"},"query-input":"required name=search_term_string"}],"inLanguage":"pl-PL"},{"@type":"Person","@id":"https:\/\/www.sotrender.com\/blog\/#\/schema\/person\/7106df62825269bc360ad9171cd7149b","name":"Aleksandra Prejs","image":{"@type":"ImageObject","inLanguage":"pl-PL","@id":"https:\/\/www.sotrender.com\/blog\/#\/schema\/person\/image\/","url":"https:\/\/secure.gravatar.com\/avatar\/469000454b77ff0aacb32c49dba023be?s=96&d=mm&r=g","contentUrl":"https:\/\/secure.gravatar.com\/avatar\/469000454b77ff0aacb32c49dba023be?s=96&d=mm&r=g","caption":"Aleksandra Prejs"},"url":"https:\/\/www.sotrender.com\/blog\/pl\/author\/aleksandra-prejs\/"}]}},"_links":{"self":[{"href":"https:\/\/www.sotrender.com\/blog\/pl\/wp-json\/wp\/v2\/posts\/14277"}],"collection":[{"href":"https:\/\/www.sotrender.com\/blog\/pl\/wp-json\/wp\/v2\/posts"}],"about":[{"href":"https:\/\/www.sotrender.com\/blog\/pl\/wp-json\/wp\/v2\/types\/post"}],"author":[{"embeddable":true,"href":"https:\/\/www.sotrender.com\/blog\/pl\/wp-json\/wp\/v2\/users\/31"}],"replies":[{"embeddable":true,"href":"https:\/\/www.sotrender.com\/blog\/pl\/wp-json\/wp\/v2\/comments?post=14277"}],"version-history":[{"count":9,"href":"https:\/\/www.sotrender.com\/blog\/pl\/wp-json\/wp\/v2\/posts\/14277\/revisions"}],"predecessor-version":[{"id":26587,"href":"https:\/\/www.sotrender.com\/blog\/pl\/wp-json\/wp\/v2\/posts\/14277\/revisions\/26587"}],"wp:attachment":[{"href":"https:\/\/www.sotrender.com\/blog\/pl\/wp-json\/wp\/v2\/media?parent=14277"}],"wp:term":[{"taxonomy":"category","embeddable":true,"href":"https:\/\/www.sotrender.com\/blog\/pl\/wp-json\/wp\/v2\/categories?post=14277"},{"taxonomy":"post_tag","embeddable":true,"href":"https:\/\/www.sotrender.com\/blog\/pl\/wp-json\/wp\/v2\/tags?post=14277"}],"curies":[{"name":"wp","href":"https:\/\/api.w.org\/{rel}","templated":true}]}}