{"id":142,"date":"2011-12-29T18:30:44","date_gmt":"2011-12-29T17:30:44","guid":{"rendered":"http:\/\/blog.fanpagetrender.pl\/?p=142"},"modified":"2015-12-01T22:45:25","modified_gmt":"2015-12-01T21:45:25","slug":"35-mln-polakow-zaangazowanych-na-fanpageach-czyli-2011-rokiem-facebooka","status":"publish","type":"post","link":"https:\/\/www.sotrender.com\/blog\/pl\/2011\/12\/35-mln-polakow-zaangazowanych-na-fanpageach-czyli-2011-rokiem-facebooka\/","title":{"rendered":"3, 5 mln Polak\u00f3w zaanga\u017cowanych na fanpage&#8217;ach &#8211; czyli 2011 rokiem Facebooka"},"content":{"rendered":"<p>Koniec roku za pasem, <strong> Fanpage Trender<\/strong> przedstawia wi\u0119c kr\u00f3tkie podsumowanie tego co si\u0119 dzia\u0142o na Facebooku przez ostatnich 12 miesi\u0119cy.<\/p>\n<p>Tak,  wiemy,  \u017ce Internet to nie tylko <strong>Facebook<\/strong>,  ale to w\u0142a\u015bnie Facebook w polskich warunkach najlepiej pokazuje rosn\u0105ce znaczenie social media w marketingu,  a tak\u017ce &#8211; zgarnia lwi\u0105 cz\u0119\u015b\u0107 bud\u017cet\u00f3w na dzia\u0142ania w social media. Aktywno\u015b\u0107 firm w tym serwisie stale ro\u015bnie i co wi\u0119cej &#8211; pod\u0105\u017caj\u0105 za nimi u\u017cytkownicy.<\/p>\n<p><!--more--><\/p>\n<p>A\u017c 3, 5 mln os\u00f3b,  czyli<strong> blisko po\u0142owa Polak\u00f3w na Facebooku<\/strong>,  przynajmniej raz zaanga\u017cowa\u0142o si\u0119 w 2011 r na fanpage\u2019u firmy czy marki \u2013 to bardzo du\u017co! \u0141\u0105cznie w ci\u0105gu ca\u0142ego roku kilkadziesi\u0105t milion\u00f3w razy <strong>lubili,  komentowali i postowali<\/strong> w\u0142asne tre\u015bci na fanpage\u2019ach firmowych. W\u015br\u00f3d rekordzist\u00f3w przewa\u017caj\u0105 tre\u015bci rozrywkowe,  co czasem wykorzystuj\u0105 tzw. farmy fan\u00f3w (por. najpopularniejszy post). W tre\u015bci post\u00f3w cz\u0119sto padaj\u0105 s\u0142owa zwi\u0105zane z konkursami,  ale znalaz\u0142o si\u0119 tam te\u017c miejsce dla iphone\u2019a.<\/p>\n<p>To tylko kilka najwa\u017cniejszych wynik\u00f3w,  na infografice jest ich znacznie wi\u0119cej! Zobacz j\u0105 i zajrzyj na profil naszego znajomego: <a href=\"https:\/\/www.facebook.com\/polskifejsbuk2011\" target=\"_blank\">https:\/\/www.facebook.com\/polskifejsbuk2011<\/a><br \/>\n<!--more--><br \/>\n(kliknij aby powi\u0119kszy\u0107 obrazek)<\/p>\n<p><a href=\"https:\/\/www.sotrender.com\/blog\/wp-content\/uploads\/2011\/12\/podsumowanie-_2011_roku_na_polskim_facebooku.jpg\"><img loading=\"lazy\" decoding=\"async\" class=\"size-large wp-image-162 aligncenter\" title=\"podsumowanie _2011_roku_na_polskim_facebooku\" src=\"https:\/\/www.sotrender.com\/blog\/wp-content\/uploads\/2011\/12\/podsumowanie-_2011_roku_na_polskim_facebooku-144x1024.jpg\" alt=\"podsumowanie _2011_roku_na_polskim_facebooku\" width=\"144\" height=\"1024\" \/><\/a><\/p>\n<p><a href=\"https:\/\/www.sotrender.com\/blog\/wp-content\/uploads\/2011\/12\/infografika_2011_na_FB.jpg\"><br \/>\n<\/a><\/p>\n","protected":false},"excerpt":{"rendered":"<p>Koniec roku za pasem, Fanpage Trender przedstawia wi\u0119c kr\u00f3tkie podsumowanie tego co si\u0119 dzia\u0142o na Facebooku przez ostatnich 12 miesi\u0119cy. Tak, wiemy, \u017ce Internet to nie tylko Facebook, ale to w\u0142a\u015bnie Facebook w polskich warunkach najlepiej pokazuje rosn\u0105ce znaczenie social media w marketingu, a tak\u017ce &#8211; zgarnia lwi\u0105 cz\u0119\u015b\u0107 bud\u017cet\u00f3w na dzia\u0142ania w social media. [&hellip;]<\/p>\n","protected":false},"author":31,"featured_media":0,"comment_status":"open","ping_status":"open","sticky":false,"template":"","format":"standard","meta":{"inline_featured_image":false,"footnotes":""},"categories":[1793,1797],"tags":[319,17,25,45],"yoast_head":"<!-- This site is optimized with the Yoast SEO plugin v22.4 - https:\/\/yoast.com\/wordpress\/plugins\/seo\/ -->\n<title>3,5 mln Polak\u00f3w zaanga\u017cowanych na fanpage&#039;ach<\/title>\n<meta name=\"description\" content=\"Sprawd\u017a jak fanpage na Facebooku anga\u017cuj\u0105 Polak\u00f3w. Sotrender - Social Media Marketing Blog.\" \/>\n<meta name=\"robots\" content=\"index, follow, max-snippet:-1, max-image-preview:large, max-video-preview:-1\" \/>\n<link rel=\"canonical\" href=\"https:\/\/www.sotrender.com\/blog\/pl\/2011\/12\/35-mln-polakow-zaangazowanych-na-fanpageach-czyli-2011-rokiem-facebooka\/\" \/>\n<meta property=\"og:locale\" content=\"pl_PL\" \/>\n<meta property=\"og:type\" content=\"article\" \/>\n<meta property=\"og:title\" content=\"3,5 mln Polak\u00f3w zaanga\u017cowanych na fanpage&#039;ach\" \/>\n<meta property=\"og:description\" content=\"Sprawd\u017a jak fanpage na Facebooku anga\u017cuj\u0105 Polak\u00f3w. Sotrender - Social Media Marketing Blog.\" \/>\n<meta property=\"og:url\" content=\"https:\/\/www.sotrender.com\/blog\/pl\/2011\/12\/35-mln-polakow-zaangazowanych-na-fanpageach-czyli-2011-rokiem-facebooka\/\" \/>\n<meta property=\"og:site_name\" content=\"Sotrender Blog\" \/>\n<meta property=\"article:publisher\" content=\"https:\/\/www.facebook.com\/Sotrender\" \/>\n<meta property=\"article:published_time\" content=\"2011-12-29T17:30:44+00:00\" \/>\n<meta property=\"article:modified_time\" content=\"2015-12-01T21:45:25+00:00\" \/>\n<meta property=\"og:image\" content=\"https:\/\/www.sotrender.com\/blog\/wp-content\/uploads\/2011\/12\/podsumowanie-_2011_roku_na_polskim_facebooku-144x1024.jpg\" \/>\n<meta name=\"author\" content=\"Aleksandra Prejs\" \/>\n<meta name=\"twitter:card\" content=\"summary_large_image\" \/>\n<meta name=\"twitter:creator\" content=\"@Sotrender\" \/>\n<meta name=\"twitter:site\" content=\"@Sotrender\" \/>\n<meta name=\"twitter:label1\" content=\"Written by\" \/>\n\t<meta name=\"twitter:data1\" content=\"Aleksandra Prejs\" \/>\n\t<meta name=\"twitter:label2\" content=\"Est. reading time\" \/>\n\t<meta name=\"twitter:data2\" content=\"1 minute\" \/>\n<script type=\"application\/ld+json\" class=\"yoast-schema-graph\">{\"@context\":\"https:\/\/schema.org\",\"@graph\":[{\"@type\":\"WebPage\",\"@id\":\"https:\/\/www.sotrender.com\/blog\/pl\/2011\/12\/35-mln-polakow-zaangazowanych-na-fanpageach-czyli-2011-rokiem-facebooka\/\",\"url\":\"https:\/\/www.sotrender.com\/blog\/pl\/2011\/12\/35-mln-polakow-zaangazowanych-na-fanpageach-czyli-2011-rokiem-facebooka\/\",\"name\":\"3,5 mln Polak\u00f3w zaanga\u017cowanych na fanpage'ach\",\"isPartOf\":{\"@id\":\"https:\/\/www.sotrender.com\/blog\/#website\"},\"primaryImageOfPage\":{\"@id\":\"https:\/\/www.sotrender.com\/blog\/pl\/2011\/12\/35-mln-polakow-zaangazowanych-na-fanpageach-czyli-2011-rokiem-facebooka\/#primaryimage\"},\"image\":{\"@id\":\"https:\/\/www.sotrender.com\/blog\/pl\/2011\/12\/35-mln-polakow-zaangazowanych-na-fanpageach-czyli-2011-rokiem-facebooka\/#primaryimage\"},\"thumbnailUrl\":\"https:\/\/www.sotrender.com\/blog\/wp-content\/uploads\/2011\/12\/podsumowanie-_2011_roku_na_polskim_facebooku-144x1024.jpg\",\"datePublished\":\"2011-12-29T17:30:44+00:00\",\"dateModified\":\"2015-12-01T21:45:25+00:00\",\"author\":{\"@id\":\"https:\/\/www.sotrender.com\/blog\/#\/schema\/person\/7106df62825269bc360ad9171cd7149b\"},\"description\":\"Sprawd\u017a jak fanpage na Facebooku anga\u017cuj\u0105 Polak\u00f3w. Sotrender - Social Media Marketing Blog.\",\"breadcrumb\":{\"@id\":\"https:\/\/www.sotrender.com\/blog\/pl\/2011\/12\/35-mln-polakow-zaangazowanych-na-fanpageach-czyli-2011-rokiem-facebooka\/#breadcrumb\"},\"inLanguage\":\"pl-PL\",\"potentialAction\":[{\"@type\":\"ReadAction\",\"target\":[\"https:\/\/www.sotrender.com\/blog\/pl\/2011\/12\/35-mln-polakow-zaangazowanych-na-fanpageach-czyli-2011-rokiem-facebooka\/\"]}]},{\"@type\":\"ImageObject\",\"inLanguage\":\"pl-PL\",\"@id\":\"https:\/\/www.sotrender.com\/blog\/pl\/2011\/12\/35-mln-polakow-zaangazowanych-na-fanpageach-czyli-2011-rokiem-facebooka\/#primaryimage\",\"url\":\"https:\/\/www.sotrender.com\/blog\/wp-content\/uploads\/2011\/12\/podsumowanie-_2011_roku_na_polskim_facebooku-144x1024.jpg\",\"contentUrl\":\"https:\/\/www.sotrender.com\/blog\/wp-content\/uploads\/2011\/12\/podsumowanie-_2011_roku_na_polskim_facebooku-144x1024.jpg\"},{\"@type\":\"BreadcrumbList\",\"@id\":\"https:\/\/www.sotrender.com\/blog\/pl\/2011\/12\/35-mln-polakow-zaangazowanych-na-fanpageach-czyli-2011-rokiem-facebooka\/#breadcrumb\",\"itemListElement\":[{\"@type\":\"ListItem\",\"position\":1,\"name\":\"Home\",\"item\":\"https:\/\/www.sotrender.com\/blog\/\"},{\"@type\":\"ListItem\",\"position\":2,\"name\":\"3, 5 mln Polak\u00f3w zaanga\u017cowanych na fanpage&#8217;ach &#8211; czyli 2011 rokiem Facebooka\"}]},{\"@type\":\"WebSite\",\"@id\":\"https:\/\/www.sotrender.com\/blog\/#website\",\"url\":\"https:\/\/www.sotrender.com\/blog\/\",\"name\":\"Sotrender Blog\",\"description\":\"\",\"potentialAction\":[{\"@type\":\"SearchAction\",\"target\":{\"@type\":\"EntryPoint\",\"urlTemplate\":\"https:\/\/www.sotrender.com\/blog\/?s={search_term_string}\"},\"query-input\":\"required name=search_term_string\"}],\"inLanguage\":\"pl-PL\"},{\"@type\":\"Person\",\"@id\":\"https:\/\/www.sotrender.com\/blog\/#\/schema\/person\/7106df62825269bc360ad9171cd7149b\",\"name\":\"Aleksandra Prejs\",\"image\":{\"@type\":\"ImageObject\",\"inLanguage\":\"pl-PL\",\"@id\":\"https:\/\/www.sotrender.com\/blog\/#\/schema\/person\/image\/\",\"url\":\"https:\/\/secure.gravatar.com\/avatar\/469000454b77ff0aacb32c49dba023be?s=96&d=mm&r=g\",\"contentUrl\":\"https:\/\/secure.gravatar.com\/avatar\/469000454b77ff0aacb32c49dba023be?s=96&d=mm&r=g\",\"caption\":\"Aleksandra Prejs\"},\"url\":\"https:\/\/www.sotrender.com\/blog\/pl\/author\/aleksandra-prejs\/\"}]}<\/script>\n<!-- \/ Yoast SEO plugin. -->","yoast_head_json":{"title":"3,5 mln Polak\u00f3w zaanga\u017cowanych na fanpage'ach","description":"Sprawd\u017a jak fanpage na Facebooku anga\u017cuj\u0105 Polak\u00f3w. Sotrender - Social Media Marketing Blog.","robots":{"index":"index","follow":"follow","max-snippet":"max-snippet:-1","max-image-preview":"max-image-preview:large","max-video-preview":"max-video-preview:-1"},"canonical":"https:\/\/www.sotrender.com\/blog\/pl\/2011\/12\/35-mln-polakow-zaangazowanych-na-fanpageach-czyli-2011-rokiem-facebooka\/","og_locale":"pl_PL","og_type":"article","og_title":"3,5 mln Polak\u00f3w zaanga\u017cowanych na fanpage'ach","og_description":"Sprawd\u017a jak fanpage na Facebooku anga\u017cuj\u0105 Polak\u00f3w. Sotrender - Social Media Marketing Blog.","og_url":"https:\/\/www.sotrender.com\/blog\/pl\/2011\/12\/35-mln-polakow-zaangazowanych-na-fanpageach-czyli-2011-rokiem-facebooka\/","og_site_name":"Sotrender Blog","article_publisher":"https:\/\/www.facebook.com\/Sotrender","article_published_time":"2011-12-29T17:30:44+00:00","article_modified_time":"2015-12-01T21:45:25+00:00","og_image":[{"url":"https:\/\/www.sotrender.com\/blog\/wp-content\/uploads\/2011\/12\/podsumowanie-_2011_roku_na_polskim_facebooku-144x1024.jpg"}],"author":"Aleksandra Prejs","twitter_card":"summary_large_image","twitter_creator":"@Sotrender","twitter_site":"@Sotrender","twitter_misc":{"Written by":"Aleksandra Prejs","Est. reading time":"1 minute"},"schema":{"@context":"https:\/\/schema.org","@graph":[{"@type":"WebPage","@id":"https:\/\/www.sotrender.com\/blog\/pl\/2011\/12\/35-mln-polakow-zaangazowanych-na-fanpageach-czyli-2011-rokiem-facebooka\/","url":"https:\/\/www.sotrender.com\/blog\/pl\/2011\/12\/35-mln-polakow-zaangazowanych-na-fanpageach-czyli-2011-rokiem-facebooka\/","name":"3,5 mln Polak\u00f3w zaanga\u017cowanych na fanpage'ach","isPartOf":{"@id":"https:\/\/www.sotrender.com\/blog\/#website"},"primaryImageOfPage":{"@id":"https:\/\/www.sotrender.com\/blog\/pl\/2011\/12\/35-mln-polakow-zaangazowanych-na-fanpageach-czyli-2011-rokiem-facebooka\/#primaryimage"},"image":{"@id":"https:\/\/www.sotrender.com\/blog\/pl\/2011\/12\/35-mln-polakow-zaangazowanych-na-fanpageach-czyli-2011-rokiem-facebooka\/#primaryimage"},"thumbnailUrl":"https:\/\/www.sotrender.com\/blog\/wp-content\/uploads\/2011\/12\/podsumowanie-_2011_roku_na_polskim_facebooku-144x1024.jpg","datePublished":"2011-12-29T17:30:44+00:00","dateModified":"2015-12-01T21:45:25+00:00","author":{"@id":"https:\/\/www.sotrender.com\/blog\/#\/schema\/person\/7106df62825269bc360ad9171cd7149b"},"description":"Sprawd\u017a jak fanpage na Facebooku anga\u017cuj\u0105 Polak\u00f3w. Sotrender - Social Media Marketing Blog.","breadcrumb":{"@id":"https:\/\/www.sotrender.com\/blog\/pl\/2011\/12\/35-mln-polakow-zaangazowanych-na-fanpageach-czyli-2011-rokiem-facebooka\/#breadcrumb"},"inLanguage":"pl-PL","potentialAction":[{"@type":"ReadAction","target":["https:\/\/www.sotrender.com\/blog\/pl\/2011\/12\/35-mln-polakow-zaangazowanych-na-fanpageach-czyli-2011-rokiem-facebooka\/"]}]},{"@type":"ImageObject","inLanguage":"pl-PL","@id":"https:\/\/www.sotrender.com\/blog\/pl\/2011\/12\/35-mln-polakow-zaangazowanych-na-fanpageach-czyli-2011-rokiem-facebooka\/#primaryimage","url":"https:\/\/www.sotrender.com\/blog\/wp-content\/uploads\/2011\/12\/podsumowanie-_2011_roku_na_polskim_facebooku-144x1024.jpg","contentUrl":"https:\/\/www.sotrender.com\/blog\/wp-content\/uploads\/2011\/12\/podsumowanie-_2011_roku_na_polskim_facebooku-144x1024.jpg"},{"@type":"BreadcrumbList","@id":"https:\/\/www.sotrender.com\/blog\/pl\/2011\/12\/35-mln-polakow-zaangazowanych-na-fanpageach-czyli-2011-rokiem-facebooka\/#breadcrumb","itemListElement":[{"@type":"ListItem","position":1,"name":"Home","item":"https:\/\/www.sotrender.com\/blog\/"},{"@type":"ListItem","position":2,"name":"3, 5 mln Polak\u00f3w zaanga\u017cowanych na fanpage&#8217;ach &#8211; czyli 2011 rokiem Facebooka"}]},{"@type":"WebSite","@id":"https:\/\/www.sotrender.com\/blog\/#website","url":"https:\/\/www.sotrender.com\/blog\/","name":"Sotrender Blog","description":"","potentialAction":[{"@type":"SearchAction","target":{"@type":"EntryPoint","urlTemplate":"https:\/\/www.sotrender.com\/blog\/?s={search_term_string}"},"query-input":"required name=search_term_string"}],"inLanguage":"pl-PL"},{"@type":"Person","@id":"https:\/\/www.sotrender.com\/blog\/#\/schema\/person\/7106df62825269bc360ad9171cd7149b","name":"Aleksandra Prejs","image":{"@type":"ImageObject","inLanguage":"pl-PL","@id":"https:\/\/www.sotrender.com\/blog\/#\/schema\/person\/image\/","url":"https:\/\/secure.gravatar.com\/avatar\/469000454b77ff0aacb32c49dba023be?s=96&d=mm&r=g","contentUrl":"https:\/\/secure.gravatar.com\/avatar\/469000454b77ff0aacb32c49dba023be?s=96&d=mm&r=g","caption":"Aleksandra Prejs"},"url":"https:\/\/www.sotrender.com\/blog\/pl\/author\/aleksandra-prejs\/"}]}},"_links":{"self":[{"href":"https:\/\/www.sotrender.com\/blog\/pl\/wp-json\/wp\/v2\/posts\/142"}],"collection":[{"href":"https:\/\/www.sotrender.com\/blog\/pl\/wp-json\/wp\/v2\/posts"}],"about":[{"href":"https:\/\/www.sotrender.com\/blog\/pl\/wp-json\/wp\/v2\/types\/post"}],"author":[{"embeddable":true,"href":"https:\/\/www.sotrender.com\/blog\/pl\/wp-json\/wp\/v2\/users\/31"}],"replies":[{"embeddable":true,"href":"https:\/\/www.sotrender.com\/blog\/pl\/wp-json\/wp\/v2\/comments?post=142"}],"version-history":[{"count":25,"href":"https:\/\/www.sotrender.com\/blog\/pl\/wp-json\/wp\/v2\/posts\/142\/revisions"}],"predecessor-version":[{"id":3081,"href":"https:\/\/www.sotrender.com\/blog\/pl\/wp-json\/wp\/v2\/posts\/142\/revisions\/3081"}],"wp:attachment":[{"href":"https:\/\/www.sotrender.com\/blog\/pl\/wp-json\/wp\/v2\/media?parent=142"}],"wp:term":[{"taxonomy":"category","embeddable":true,"href":"https:\/\/www.sotrender.com\/blog\/pl\/wp-json\/wp\/v2\/categories?post=142"},{"taxonomy":"post_tag","embeddable":true,"href":"https:\/\/www.sotrender.com\/blog\/pl\/wp-json\/wp\/v2\/tags?post=142"}],"curies":[{"name":"wp","href":"https:\/\/api.w.org\/{rel}","templated":true}]}}