{"id":13845,"date":"2014-08-06T18:08:41","date_gmt":"2014-08-06T17:08:41","guid":{"rendered":"http:\/\/blog.sotrender.com\/?p=13845"},"modified":"2015-12-01T21:57:18","modified_gmt":"2015-12-01T20:57:18","slug":"fanpage-trends-lipiec-2014","status":"publish","type":"post","link":"https:\/\/www.sotrender.com\/blog\/pl\/2014\/08\/fanpage-trends-lipiec-2014\/","title":{"rendered":"Fanpage Trends Lipiec 2014 &#8211; na Facebooku upalne lato"},"content":{"rendered":"<p style=\"text-align: justify;\">Wakacyjna tematyka zdominowa\u0142a posty opublikowane na Facebooku w lipcu. Wzmianki o lecie i wakacjach pojawi\u0142y si\u0119 w nich a\u017c 25, 7 tys. razy. Administratorzy stron w lipcu r\u00f3wnie ch\u0119tnie zapraszali u\u017cytkownik\u00f3w do anga\u017cowania si\u0119 w r\u00f3\u017cnego rodzaju aktywno\u015bci,  w tym do uczestnictwa w konkursach. S\u0142owa \u201czapraszamy\u201d u\u017cyto w 19, 5 tys. post\u00f3w,  podczas gdy wzmianka o konkursach znalaz\u0142a si\u0119 w 10, 7 tys. z nich. Co jeszcze dzia\u0142o si\u0119 na Facebooku w lipcu? <a title=\"Przejd\u017a do raportu\" href=\"http:\/\/www.sotrender.pl\/fanpage-trends\/201407\" target=\"_blank\"><strong>Zapraszamy do lektury najnowszego wydania Fanpage Trends!<\/strong><\/a><!--more--><\/p>\n<h2 style=\"text-align: justify;\"><b>Wi\u0119cej obrazu <\/b><\/h2>\n<p style=\"text-align: justify;\">Na Facebooku w lipcu zdecydowanie rz\u0105dzi\u0142a komunikacja wizualna. A\u017c 65% wszystkich wpis\u00f3w opublikowanych przez niemal 8 tys. stron zawiera\u0142o zdj\u0119cia. Na drugim miejscu uplasowa\u0142y si\u0119 posty z linkami,  stanowi\u0105ce 19% aktualizacji. Z kolei statusy tekstowe oraz posty z wideo cieszy\u0142y si\u0119 podobn\u0105 popularno\u015bci\u0105,  stanowi\u0105c po 8% wszystkich wpis\u00f3w.<\/p>\n<p style=\"text-align: justify;\">Zupe\u0142nie inaczej sytuacja wygl\u0105da\u0142a w czerwcu. W\u00f3wczas zdj\u0119cia r\u00f3wnie\u017c by\u0142y najpopularniejsze,  jednak stanowi\u0142y \u201ctylko\u201c 50, 4% wszystkich aktualizacji,  podczas gdy linki znajdowa\u0142y si\u0119 w 34% z nich. Popularno\u015b\u0107 status\u00f3w tekstowych oraz zawieraj\u0105cych wideo nie zmieni\u0142a si\u0119 znacz\u0105co,  poniewa\u017c typy te stanowi\u0142y odpowiednio 7% oraz 8% wszystkich post\u00f3w opublikowanych w czerwcu.<\/p>\n<h2 style=\"text-align: justify;\"><b>Wakacyjne zmiany w kategoriach <a title=\"Przejd\u017a do raportu\" href=\"http:\/\/www.sotrender.pl\/fanpage-trends\/201407\" target=\"_blank\">Fanpage Trends<\/a><\/b><\/h2>\n<p style=\"text-align: justify;\">W lipcowym wydaniu Fanpage Trends kilka od\u015bwie\u017caj\u0105cych zmian. Id\u0105c za g\u0142osem czytelnik\u00f3w,  zdecydowali\u015bmy si\u0119 podzieli\u0107 kategori\u0119 \u201cCentra handlowe i supermarkety\u201d na dwie mniejsze kategorie o analogicznych nazwach. Dodatkowo usun\u0119li\u015bmy z raportu kategori\u0119 \u201cZakupy grupowe\u201d,  w kt\u00f3rej od kilku miesi\u0119cy panowa\u0142 kompletny zast\u00f3j,  aby wi\u0119ksz\u0105 uwag\u0119 po\u015bwi\u0119ci\u0107\u2026 jedzeniu. Od lipca kategoria \u201c\u017bywno\u015b\u0107\u201d zosta\u0142a podzielona na: \u201cNabia\u0142\u201d,  \u201cS\u0142odycze\u201d oraz \u201c\u017bywno\u015b\u0107 &#8211; inne\u201d.<\/p>\n<p style=\"text-align: justify;\">W\u015br\u00f3d centr\u00f3w handlowych najliczniejszym gronem fan\u00f3w na Facebooku mo\u017ce pochwali\u0107 si\u0119 warszawska <a title=\"zobacz profil na Facebooku\" href=\"https:\/\/www.facebook.com\/ArkadiaCH?fref=ts\" target=\"_blank\">Arkadia<\/a>,  kt\u00f3ra o blisko 70 tys. os\u00f3b wyprzedza r\u00f3wnie\u017c sto\u0142eczn\u0105 <a title=\"zobacz profil na Facebooku\" href=\"https:\/\/www.facebook.com\/GaleriaMokotow?fref=ts\" target=\"_blank\">Galeri\u0119 Mokot\u00f3w<\/a>. Ostatnie miejsce na podium nale\u017cy do <a title=\"zobacz profil na Facebooku\" href=\"https:\/\/www.facebook.com\/ZloteTarasy?fref=ts&amp;rf=132031930165393\" target=\"_blank\">Z\u0142otych Taras\u00f3w<\/a>. Z kolei w\u015br\u00f3d supermarket\u00f3w najlepiej na Facebooku radzi sobie <a title=\"zobacz profil na Facebooku\" href=\"https:\/\/www.facebook.com\/lidlpolska?fref=ts\" target=\"_blank\">Lidl Polska<\/a> posiadaj\u0105cy ponad 870 tys. fan\u00f3w. Drugie miejsce nale\u017cy do <a title=\"zobacz profil na Facebooku\" href=\"https:\/\/www.facebook.com\/Eksperci.Tesco?fref=ts\" target=\"_blank\">Ekspert\u00f3w Tesco<\/a> z 553 tys. zwolennik\u00f3w. Na pozycji trzeciej plasuje si\u0119 <a title=\"zobacz profil na Facebooku\" href=\"https:\/\/www.facebook.com\/CarrefourPolska?fref=ts\" target=\"_blank\">Carrefour Polska<\/a>,  kt\u00f3ry lubi ponad 195 tys. os\u00f3b.<\/p>\n<div id=\"attachment_13867\" style=\"width: 552px\" class=\"wp-caption aligncenter\"><a href=\"https:\/\/www.sotrender.com\/blog\/wp-content\/uploads\/2014\/08\/centra-handlowe.jpg\"><img loading=\"lazy\" decoding=\"async\" aria-describedby=\"caption-attachment-13867\" class=\"size-full wp-image-13867\" src=\"https:\/\/www.sotrender.com\/blog\/wp-content\/uploads\/2014\/08\/centra-handlowe.jpg\" alt=\"Centra handlowe w Fanpage Trends\" width=\"542\" height=\"209\" srcset=\"https:\/\/www.sotrender.com\/blog\/wp-content\/uploads\/2014\/08\/centra-handlowe.jpg 542w, https:\/\/www.sotrender.com\/blog\/wp-content\/uploads\/2014\/08\/centra-handlowe-475x183.jpg 475w\" sizes=\"(max-width: 542px) 100vw, 542px\" \/><\/a><p id=\"caption-attachment-13867\" class=\"wp-caption-text\">Centra handlowe w Fanpage Trends<\/p><\/div>\n<div id=\"attachment_13869\" style=\"width: 548px\" class=\"wp-caption aligncenter\"><a href=\"https:\/\/www.sotrender.com\/blog\/wp-content\/uploads\/2014\/08\/supermarkety.jpg\"><img loading=\"lazy\" decoding=\"async\" aria-describedby=\"caption-attachment-13869\" class=\"size-full wp-image-13869\" src=\"https:\/\/www.sotrender.com\/blog\/wp-content\/uploads\/2014\/08\/supermarkety.jpg\" alt=\"Supermarkety w Fanpage Trends\" width=\"538\" height=\"211\" srcset=\"https:\/\/www.sotrender.com\/blog\/wp-content\/uploads\/2014\/08\/supermarkety.jpg 538w, https:\/\/www.sotrender.com\/blog\/wp-content\/uploads\/2014\/08\/supermarkety-475x186.jpg 475w\" sizes=\"(max-width: 538px) 100vw, 538px\" \/><\/a><p id=\"caption-attachment-13869\" class=\"wp-caption-text\">Supermarkety w Fanpage Trends<\/p><\/div>\n<p style=\"text-align: justify;\">Spo\u015br\u00f3d produkt\u00f3w nabia\u0142owych najpopularniejszy jest <a title=\"zobacz profil na Facebooku\" href=\"https:\/\/www.facebook.com\/maly.glodek?fref=ts\" target=\"_blank\">Ma\u0142y G\u0142\u00f3d<\/a>,  kt\u00f3ry stanowi przek\u0105sk\u0119 ju\u017c dla ponad 1, 1 mln os\u00f3b. Znacznie mniejsze,  ale jednak r\u00f3wnie\u017c bardzo liczne,  bo z\u0142o\u017cone z ponad 205 tys. os\u00f3b,  grono fan\u00f3w posiada tak\u017ce <a title=\"zobacz profil na Facebooku\" href=\"https:\/\/www.facebook.com\/activia.poland?fref=ts\" target=\"_blank\">Activia<\/a>. Trzeci\u0105 pozycj\u0119 zaj\u0119\u0142a z kolei <a title=\"zobacz profil na Facebooku\" href=\"https:\/\/www.facebook.com\/Bakoma7zboz?fref=ts\" target=\"_blank\">Bakoma 7 zb\u00f3\u017c<\/a>,  kt\u00f3rej profil polubi\u0142o ponad 176 tys. os\u00f3b.<\/p>\n<div id=\"attachment_13871\" style=\"width: 544px\" class=\"wp-caption aligncenter\"><a href=\"https:\/\/www.sotrender.com\/blog\/wp-content\/uploads\/2014\/08\/nabia\u0142.jpg\"><img loading=\"lazy\" decoding=\"async\" aria-describedby=\"caption-attachment-13871\" class=\"size-full wp-image-13871\" src=\"https:\/\/www.sotrender.com\/blog\/wp-content\/uploads\/2014\/08\/nabia\u0142.jpg\" alt=\"Nabia\u0142 w Fanpage Trends\" width=\"534\" height=\"207\" srcset=\"https:\/\/www.sotrender.com\/blog\/wp-content\/uploads\/2014\/08\/nabia\u0142.jpg 534w, https:\/\/www.sotrender.com\/blog\/wp-content\/uploads\/2014\/08\/nabia\u0142-475x184.jpg 475w\" sizes=\"(max-width: 534px) 100vw, 534px\" \/><\/a><p id=\"caption-attachment-13871\" class=\"wp-caption-text\">Nabia\u0142 w Fanpage Trends<\/p><\/div>\n<p style=\"text-align: justify;\">W kategorii &#8220;S\u0142odycze&#8221; walka o pierwsze miejsca w rankingu jest bardziej wyr\u00f3wnana. Profil <a title=\"zobacz profil na Facebooku\" href=\"https:\/\/www.facebook.com\/TicTacPolska?fref=ts\" target=\"_blank\">Tic Tac<\/a> lubi ponad 1, 1 mln os\u00f3b,  a drug\u0105 w zestawieniu stron\u0119 wafelk\u00f3w <a title=\"zobacz profil na Facebooku\" href=\"https:\/\/www.facebook.com\/WafelkiGoralki?fref=ts\" target=\"_blank\">G\u00f3ralki<\/a> &#8220;tylko&#8221; nieco ponad 100 tys. os\u00f3b mniej. Trzecia w rankingu <a title=\"zobacz profil na Facebooku\" href=\"https:\/\/www.facebook.com\/Nutella.Poland?fref=ts\" target=\"_blank\">Nutella<\/a> zebra\u0142a ponad 824 tys. fan\u00f3w z Polski.<\/p>\n<div id=\"attachment_13873\" style=\"width: 547px\" class=\"wp-caption aligncenter\"><a href=\"https:\/\/www.sotrender.com\/blog\/wp-content\/uploads\/2014\/08\/s\u0142odycze.jpg\"><img loading=\"lazy\" decoding=\"async\" aria-describedby=\"caption-attachment-13873\" class=\"size-full wp-image-13873\" src=\"https:\/\/www.sotrender.com\/blog\/wp-content\/uploads\/2014\/08\/s\u0142odycze.jpg\" alt=\"S\u0142odycze w Fanpage Trends\" width=\"537\" height=\"205\" srcset=\"https:\/\/www.sotrender.com\/blog\/wp-content\/uploads\/2014\/08\/s\u0142odycze.jpg 537w, https:\/\/www.sotrender.com\/blog\/wp-content\/uploads\/2014\/08\/s\u0142odycze-475x181.jpg 475w\" sizes=\"(max-width: 537px) 100vw, 537px\" \/><\/a><p id=\"caption-attachment-13873\" class=\"wp-caption-text\">S\u0142odycze w Fanpage Trends<\/p><\/div>\n<p style=\"text-align: justify;\">W kategorii &#8220;\u017bywno\u015b\u0107 &#8211; inne&#8221; prym wiedzie profil <a title=\"zobacz profil na Facebooku\" href=\"https:\/\/www.facebook.com\/przepisypl?fref=ts\" target=\"_blank\">przepisy.pl<\/a> posiadaj\u0105cy ponad 633 tys. zwolennik\u00f3w. Drugie s\u0105 chipsy <a title=\"zobacz profil na Facebooku\" href=\"https:\/\/www.facebook.com\/lays?fref=ts\" target=\"_blank\">Lay&#8217;s<\/a>,  kt\u00f3re chrupie ponad 592 tys. os\u00f3b,  a najni\u017csze miejsce na podium zajmuje profil marki <a title=\"zobacz profil na Facebooku\" href=\"https:\/\/www.facebook.com\/Winiary?fref=ts\" target=\"_blank\">Winiary<\/a> z gronem fan\u00f3w licz\u0105cym 381 tys.<\/p>\n<div id=\"attachment_13875\" style=\"width: 544px\" class=\"wp-caption aligncenter\"><a href=\"https:\/\/www.sotrender.com\/blog\/wp-content\/uploads\/2014\/08\/zywnosc.jpg\"><img loading=\"lazy\" decoding=\"async\" aria-describedby=\"caption-attachment-13875\" class=\"size-full wp-image-13875\" src=\"https:\/\/www.sotrender.com\/blog\/wp-content\/uploads\/2014\/08\/zywnosc.jpg\" alt=\"\u017bywno\u015b\u0107 w Fanpage Trends\" width=\"534\" height=\"208\" srcset=\"https:\/\/www.sotrender.com\/blog\/wp-content\/uploads\/2014\/08\/zywnosc.jpg 534w, https:\/\/www.sotrender.com\/blog\/wp-content\/uploads\/2014\/08\/zywnosc-475x185.jpg 475w\" sizes=\"(max-width: 534px) 100vw, 534px\" \/><\/a><p id=\"caption-attachment-13875\" class=\"wp-caption-text\">\u017bywno\u015b\u0107 w Fanpage Trends<\/p><\/div>\n<h2 style=\"text-align: justify;\"><b>Na Facebooku w lipcu ranczo,  steki i cuda na kiju<\/b><\/h2>\n<p style=\"text-align: justify;\">Kt\u00f3re profile poradzi\u0142y sobie w lipcu najlepiej? Gda\u0144ska agencja <strong><a title=\"zobacz profil na Facebooku\" href=\"https:\/\/www.facebook.com\/JamelInteractive?fref=ts\" target=\"_blank\">Jamel Interactive<\/a><\/strong> podbi\u0142a kategori\u0119 &#8220;Agencje interaktywne i e-PR&#8221;,  awansuj\u0105c w zestawieniu pod wzgl\u0119dem &#8220;liczby os\u00f3b,  kt\u00f3re o tym m\u00f3wi\u0105&#8221; o 124 pozycje. W tym samym zestawieniu,  ale w kategorii \u201cE-commerce\u201d wyr\u00f3\u017cni\u0142 si\u0119 natomiast fanpage <strong><a title=\"zobacz profil na Facebooku\" href=\"https:\/\/www.facebook.com\/inVIPtusPL?fref=ts\" target=\"_blank\">inVIPTUS<\/a><\/strong>,  kt\u00f3ry po skoku o 122 pozycje,  wyl\u0105dowa\u0142 na pi\u0105tym miejscu. W lipcu du\u017co m\u00f3wi\u0142o si\u0119 r\u00f3wnie\u017c o <strong><a title=\"zobacz profil na Facebooku\" href=\"https:\/\/www.facebook.com\/CudaNaKijuMultitapBar?fref=ts\" target=\"_blank\">multitap barze Cuda na Kiju<\/a><\/strong>,  kt\u00f3ry w zestawieniu &#8220;liczby os\u00f3b,  kt\u00f3re o tym m\u00f3wi\u0105&#8221;,  w kategorii Kluby znalaz\u0142 si\u0119 na 2. miejscu po awansie o 73 pozycje.<\/p>\n<p style=\"text-align: justify;\">W\u015br\u00f3d bank\u00f3w na wyr\u00f3\u017cnienie zas\u0142uguje strona <strong><a title=\"zobacz profil na Facebooku\" href=\"https:\/\/www.facebook.com\/MilionySpelnionychMarzen?fref=ts\" target=\"_blank\">&#8220;Miliony spe\u0142nionych marze\u0144&#8221;<\/a><\/strong> powsta\u0142a na 20-lecie istnienia Kasy Stefczyka,  kt\u00f3ra odnotowa\u0142a w ubieg\u0142ym miesi\u0105cu 149% zaanga\u017cowanych u\u017cytkownik\u00f3w. Skuteczno\u015bci\u0105 w anga\u017cowaniu u\u017cytkownik\u00f3w wykaza\u0142 si\u0119 w lipcu tak\u017ce profil <strong><a title=\"zobacz profil na Facebooku\" href=\"https:\/\/www.facebook.com\/JeffsPoleMokotowskie?fref=ts\" target=\"_blank\">Jeff&#8217;s<\/a><\/strong>,  kt\u00f3ry zaj\u0105\u0142 7. miejsce w\u015br\u00f3d najbardziej anga\u017cuj\u0105cych restauracji,  przesuwaj\u0105c si\u0119 o 83 miejsca. Podobnie spektakularny awans odnotowa\u0142 profil serialu <strong><a title=\"zobacz profil na Facebooku\" href=\"https:\/\/www.facebook.com\/ranczotvp?fref=ts\" target=\"_blank\">Ranczo<\/a><\/strong>,  kt\u00f3ry po skoku o 62 miejsca dotar\u0142 na 4. pozycj\u0119 w zestawieniu najbardziej anga\u017cuj\u0105cych program\u00f3w telewizyjnych.<\/p>\n<h2 style=\"text-align: justify;\"><b>Emocje sportowe w lipcu w Fanpage Trends<\/b><\/h2>\n<p style=\"text-align: justify;\">Trudno przegapi\u0107 efektowny skok <strong><a title=\"zobacz profil na Facebooku\" href=\"https:\/\/www.facebook.com\/GornikZabrzeSSA?ref=ts&amp;fref=ts\" target=\"_blank\">G\u00f3rnika Zabrze<\/a><\/strong>,  kt\u00f3ry awansowa\u0142 w zestawieniu najbardziej anga\u017cuj\u0105cych marek a\u017c o 260 pozycji,  osi\u0105gaj\u0105c 100% zaanga\u017cowania fan\u00f3w. Tak osza\u0142amiaj\u0105cy wynik nie jest jednak zas\u0142ug\u0105 samego G\u00f3rnika,  ale graj\u0105cego w kadrze \u015bwie\u017co upieczonych mistrz\u00f3w \u015bwiata <strong><a title=\"zobacz profil na Facebooku\" href=\"https:\/\/www.facebook.com\/LukasPodolski?fref=ts\" target=\"_blank\">\u0141ukasza Podolskiego<\/a><\/strong>,  kt\u00f3ry w swoim wpisie otagowa\u0142 profil G\u00f3rnika.<\/p>\n<div id=\"attachment_13877\" style=\"width: 373px\" class=\"wp-caption aligncenter\"><a href=\"https:\/\/www.sotrender.com\/blog\/wp-content\/uploads\/2014\/08\/podolski.jpg\"><img loading=\"lazy\" decoding=\"async\" aria-describedby=\"caption-attachment-13877\" class=\"size-full wp-image-13877\" src=\"https:\/\/www.sotrender.com\/blog\/wp-content\/uploads\/2014\/08\/podolski.jpg\" alt=\"Post \u0141ukasza Podolskiego\" width=\"363\" height=\"499\" \/><\/a><p id=\"caption-attachment-13877\" class=\"wp-caption-text\">Post \u0141ukasza Podolskiego<\/p><\/div>\n<p style=\"text-align: justify;\">Swoim w\u0142asnym dzia\u0142aniom na boisku sukcesy na Facebooku mo\u017ce za to zdecydowanie przypisa\u0107 <strong><a title=\"zobacz profil na Facebooku\" href=\"https:\/\/www.facebook.com\/LegiaWarszawa?ref=ts&amp;fref=ts\" target=\"_blank\">Legia Warszawa<\/a><\/strong>,  kt\u00f3ra tylko w dniu przebojowej wygranej z dru\u017cyn\u0105 Celticu zyska\u0142a ponad 2 tys. fan\u00f3w. W skali ca\u0142ego miesi\u0105ca po awansie o 6 i 21 pozycji Legia zajmuje drugie miejsca w zestawieniu najbardziej anga\u017cuj\u0105cych marek oraz w rankingu pod wzgl\u0119dem Interactivity Index. Gratulujemy!<\/p>\n<div id=\"attachment_13879\" style=\"width: 610px\" class=\"wp-caption aligncenter\"><a href=\"https:\/\/www.sotrender.com\/blog\/wp-content\/uploads\/2014\/08\/10349940_749896481719019_7661816600550805461_n.png\"><img loading=\"lazy\" decoding=\"async\" aria-describedby=\"caption-attachment-13879\" class=\"wp-image-13879\" src=\"https:\/\/www.sotrender.com\/blog\/wp-content\/uploads\/2014\/08\/10349940_749896481719019_7661816600550805461_n.png\" alt=\"Wzrost liczby fan\u00f3w Legii po wygranym meczu\" width=\"600\" height=\"450\" srcset=\"https:\/\/www.sotrender.com\/blog\/wp-content\/uploads\/2014\/08\/10349940_749896481719019_7661816600550805461_n.png 800w, https:\/\/www.sotrender.com\/blog\/wp-content\/uploads\/2014\/08\/10349940_749896481719019_7661816600550805461_n-475x356.png 475w, https:\/\/www.sotrender.com\/blog\/wp-content\/uploads\/2014\/08\/10349940_749896481719019_7661816600550805461_n-768x576.png 768w, https:\/\/www.sotrender.com\/blog\/wp-content\/uploads\/2014\/08\/10349940_749896481719019_7661816600550805461_n-600x450.png 600w\" sizes=\"(max-width: 600px) 100vw, 600px\" \/><\/a><p id=\"caption-attachment-13879\" class=\"wp-caption-text\">Wzrost liczby fan\u00f3w Legii po wygranym meczu<\/p><\/div>\n<h2><b>Popraw wyniki dzi\u0119ki nowym funkcjonalno\u015bciom <a title=\"Przejd\u017a na stron\u0119 Sotrendera\" href=\"http:\/\/www.sotrender.pl\/\" target=\"_blank\">Sotrendera<\/a><\/b><\/h2>\n<p style=\"text-align: justify;\">Systematycznie prezentujemy kolejne funkcjonalno\u015bci,  kt\u00f3re pomog\u0105 Wam jeszcze szybciej i efektywniej prowadzi\u0107 komunikacj\u0119 w mediach spo\u0142eczno\u015bciowych. W ostatnim czasie zaprezentowali\u015bmy <a title=\"Dowiedz si\u0119 wi\u0119cej\" href=\"https:\/\/www.sotrender.com\/blog\/2014\/07\/boost-twitter-performance\/\" target=\"_blank\">rozszerzony panel analityczny dla Twittera<\/a> oraz <a title=\"Dowiedz si\u0119 wi\u0119cej\" href=\"https:\/\/www.sotrender.com\/blog\/2014\/06\/youtube-sotrenders-tips\/\" target=\"_blank\">nowe zestawy wskaz\u00f3wek zar\u00f3wno dla Twittera,  jak i YouTube\u2019a<\/a>. Dzisiaj,  z niemniejsz\u0105 dum\u0105,  prezentujemy kolejny zestaw podpowiedzi,  tym razem dotycz\u0105cych <strong>u\u017cywania hashtag\u00f3w nie tylko na Twitterze,  ale tak\u017ce na Facebooku<\/strong>!<\/p>\n<div id=\"attachment_13889\" style=\"width: 610px\" class=\"wp-caption aligncenter\"><a href=\"https:\/\/www.sotrender.com\/blog\/wp-content\/uploads\/2014\/08\/hash.jpg\"><img loading=\"lazy\" decoding=\"async\" aria-describedby=\"caption-attachment-13889\" class=\"wp-image-13889\" src=\"https:\/\/www.sotrender.com\/blog\/wp-content\/uploads\/2014\/08\/hash.jpg\" alt=\"Wskaz\u00f3wki dotycz\u0105ce hashtag\u00f3w w Sotrenderze\" width=\"600\" height=\"349\" srcset=\"https:\/\/www.sotrender.com\/blog\/wp-content\/uploads\/2014\/08\/hash.jpg 872w, https:\/\/www.sotrender.com\/blog\/wp-content\/uploads\/2014\/08\/hash-475x276.jpg 475w, https:\/\/www.sotrender.com\/blog\/wp-content\/uploads\/2014\/08\/hash-768x447.jpg 768w, https:\/\/www.sotrender.com\/blog\/wp-content\/uploads\/2014\/08\/hash-600x349.jpg 600w\" sizes=\"(max-width: 600px) 100vw, 600px\" \/><\/a><p id=\"caption-attachment-13889\" class=\"wp-caption-text\">Wskaz\u00f3wki dotycz\u0105ce hashtag\u00f3w w Sotrenderze<\/p><\/div>\n<p style=\"text-align: justify;\">Z ich pomoc\u0105 dowiecie si\u0119,  mi\u0119dzy innymi,  dzi\u0119ki kt\u00f3rym hashtagom mo\u017cecie zaanga\u017cowa\u0107 najwi\u0119cej u\u017cytkownik\u00f3w,  jakich nale\u017cy unika\u0107,  a tak\u017ce jakie nie powoduj\u0105 r\u00f3\u017cnicy w liczbie aktywno\u015bci fan\u00f3w. <a title=\"Przejd\u017a na stron\u0119 Sotrendera i za\u0142\u00f3\u017c konto testowe\" href=\"http:\/\/www.sotrender.pl\/\" target=\"_blank\">Zapraszamy do testowania naszych nowych funkcjonalno\u015bci!<\/a><\/p>\n<h2 style=\"text-align: center;\"><a title=\"Przejd\u017a do raportu\" href=\"http:\/\/www.sotrender.pl\/fanpage-trends\/201407\" target=\"_blank\"><b>Zapraszamy do lektury lipcowego wydania raportu Fanpage Trends!<\/b><\/a><\/h2>\n","protected":false},"excerpt":{"rendered":"<p>Wakacyjna tematyka zdominowa\u0142a posty opublikowane na Facebooku w lipcu. Wzmianki o lecie i wakacjach pojawi\u0142y si\u0119 w nich a\u017c 25, 7 tys. razy. Administratorzy stron w lipcu r\u00f3wnie ch\u0119tnie zapraszali u\u017cytkownik\u00f3w do anga\u017cowania si\u0119 w r\u00f3\u017cnego rodzaju aktywno\u015bci, w tym do uczestnictwa w konkursach. S\u0142owa \u201czapraszamy\u201d u\u017cyto w 19, 5 tys. post\u00f3w, podczas gdy wzmianka [&hellip;]<\/p>\n","protected":false},"author":31,"featured_media":0,"comment_status":"open","ping_status":"open","sticky":false,"template":"","format":"standard","meta":{"inline_featured_image":false,"footnotes":""},"categories":[1791,1797],"tags":[7,25,31,519,895],"yoast_head":"<!-- This site is optimized with the Yoast SEO plugin v22.4 - https:\/\/yoast.com\/wordpress\/plugins\/seo\/ -->\n<title>Fanpage Trends Lipiec 2014 - na Facebooku upalne lato<\/title>\n<meta name=\"description\" content=\"Sotrender prezentuje lipcowe wydanie raportu Fanpage Trends podsumowuj\u0105cego najwa\u017cniejsze wydarzenia na Facebooku w Polsce w minionym miesi\u0105cu.\" \/>\n<meta name=\"robots\" content=\"index, follow, max-snippet:-1, max-image-preview:large, max-video-preview:-1\" \/>\n<link rel=\"canonical\" href=\"https:\/\/www.sotrender.com\/blog\/pl\/2014\/08\/fanpage-trends-lipiec-2014\/\" \/>\n<meta property=\"og:locale\" content=\"pl_PL\" \/>\n<meta property=\"og:type\" content=\"article\" \/>\n<meta property=\"og:title\" content=\"Fanpage Trends Lipiec 2014 - na Facebooku upalne lato\" \/>\n<meta property=\"og:description\" content=\"Sotrender prezentuje lipcowe wydanie raportu Fanpage Trends podsumowuj\u0105cego najwa\u017cniejsze wydarzenia na Facebooku w Polsce w minionym miesi\u0105cu.\" \/>\n<meta property=\"og:url\" content=\"https:\/\/www.sotrender.com\/blog\/pl\/2014\/08\/fanpage-trends-lipiec-2014\/\" \/>\n<meta property=\"og:site_name\" content=\"Sotrender Blog\" \/>\n<meta property=\"article:publisher\" content=\"https:\/\/www.facebook.com\/Sotrender\" \/>\n<meta property=\"article:published_time\" content=\"2014-08-06T17:08:41+00:00\" \/>\n<meta property=\"article:modified_time\" content=\"2015-12-01T20:57:18+00:00\" \/>\n<meta property=\"og:image\" content=\"https:\/\/www.sotrender.com\/blog\/wp-content\/uploads\/2014\/08\/centra-handlowe.jpg\" \/>\n<meta name=\"author\" content=\"Aleksandra Prejs\" \/>\n<meta name=\"twitter:card\" content=\"summary_large_image\" \/>\n<meta name=\"twitter:creator\" content=\"@Sotrender\" \/>\n<meta name=\"twitter:site\" content=\"@Sotrender\" \/>\n<meta name=\"twitter:label1\" content=\"Written by\" \/>\n\t<meta name=\"twitter:data1\" content=\"Aleksandra Prejs\" \/>\n\t<meta name=\"twitter:label2\" content=\"Est. reading time\" \/>\n\t<meta name=\"twitter:data2\" content=\"6 minutes\" \/>\n<script type=\"application\/ld+json\" class=\"yoast-schema-graph\">{\"@context\":\"https:\/\/schema.org\",\"@graph\":[{\"@type\":\"WebPage\",\"@id\":\"https:\/\/www.sotrender.com\/blog\/pl\/2014\/08\/fanpage-trends-lipiec-2014\/\",\"url\":\"https:\/\/www.sotrender.com\/blog\/pl\/2014\/08\/fanpage-trends-lipiec-2014\/\",\"name\":\"Fanpage Trends Lipiec 2014 - na Facebooku upalne lato\",\"isPartOf\":{\"@id\":\"https:\/\/www.sotrender.com\/blog\/#website\"},\"primaryImageOfPage\":{\"@id\":\"https:\/\/www.sotrender.com\/blog\/pl\/2014\/08\/fanpage-trends-lipiec-2014\/#primaryimage\"},\"image\":{\"@id\":\"https:\/\/www.sotrender.com\/blog\/pl\/2014\/08\/fanpage-trends-lipiec-2014\/#primaryimage\"},\"thumbnailUrl\":\"https:\/\/www.sotrender.com\/blog\/wp-content\/uploads\/2014\/08\/centra-handlowe.jpg\",\"datePublished\":\"2014-08-06T17:08:41+00:00\",\"dateModified\":\"2015-12-01T20:57:18+00:00\",\"author\":{\"@id\":\"https:\/\/www.sotrender.com\/blog\/#\/schema\/person\/7106df62825269bc360ad9171cd7149b\"},\"description\":\"Sotrender prezentuje lipcowe wydanie raportu Fanpage Trends podsumowuj\u0105cego najwa\u017cniejsze wydarzenia na Facebooku w Polsce w minionym miesi\u0105cu.\",\"breadcrumb\":{\"@id\":\"https:\/\/www.sotrender.com\/blog\/pl\/2014\/08\/fanpage-trends-lipiec-2014\/#breadcrumb\"},\"inLanguage\":\"pl-PL\",\"potentialAction\":[{\"@type\":\"ReadAction\",\"target\":[\"https:\/\/www.sotrender.com\/blog\/pl\/2014\/08\/fanpage-trends-lipiec-2014\/\"]}]},{\"@type\":\"ImageObject\",\"inLanguage\":\"pl-PL\",\"@id\":\"https:\/\/www.sotrender.com\/blog\/pl\/2014\/08\/fanpage-trends-lipiec-2014\/#primaryimage\",\"url\":\"https:\/\/www.sotrender.com\/blog\/wp-content\/uploads\/2014\/08\/centra-handlowe.jpg\",\"contentUrl\":\"https:\/\/www.sotrender.com\/blog\/wp-content\/uploads\/2014\/08\/centra-handlowe.jpg\"},{\"@type\":\"BreadcrumbList\",\"@id\":\"https:\/\/www.sotrender.com\/blog\/pl\/2014\/08\/fanpage-trends-lipiec-2014\/#breadcrumb\",\"itemListElement\":[{\"@type\":\"ListItem\",\"position\":1,\"name\":\"Home\",\"item\":\"https:\/\/www.sotrender.com\/blog\/\"},{\"@type\":\"ListItem\",\"position\":2,\"name\":\"Fanpage Trends Lipiec 2014 &#8211; na Facebooku upalne lato\"}]},{\"@type\":\"WebSite\",\"@id\":\"https:\/\/www.sotrender.com\/blog\/#website\",\"url\":\"https:\/\/www.sotrender.com\/blog\/\",\"name\":\"Sotrender Blog\",\"description\":\"\",\"potentialAction\":[{\"@type\":\"SearchAction\",\"target\":{\"@type\":\"EntryPoint\",\"urlTemplate\":\"https:\/\/www.sotrender.com\/blog\/?s={search_term_string}\"},\"query-input\":\"required name=search_term_string\"}],\"inLanguage\":\"pl-PL\"},{\"@type\":\"Person\",\"@id\":\"https:\/\/www.sotrender.com\/blog\/#\/schema\/person\/7106df62825269bc360ad9171cd7149b\",\"name\":\"Aleksandra Prejs\",\"image\":{\"@type\":\"ImageObject\",\"inLanguage\":\"pl-PL\",\"@id\":\"https:\/\/www.sotrender.com\/blog\/#\/schema\/person\/image\/\",\"url\":\"https:\/\/secure.gravatar.com\/avatar\/469000454b77ff0aacb32c49dba023be?s=96&d=mm&r=g\",\"contentUrl\":\"https:\/\/secure.gravatar.com\/avatar\/469000454b77ff0aacb32c49dba023be?s=96&d=mm&r=g\",\"caption\":\"Aleksandra Prejs\"},\"url\":\"https:\/\/www.sotrender.com\/blog\/pl\/author\/aleksandra-prejs\/\"}]}<\/script>\n<!-- \/ Yoast SEO plugin. -->","yoast_head_json":{"title":"Fanpage Trends Lipiec 2014 - na Facebooku upalne lato","description":"Sotrender prezentuje lipcowe wydanie raportu Fanpage Trends podsumowuj\u0105cego najwa\u017cniejsze wydarzenia na Facebooku w Polsce w minionym miesi\u0105cu.","robots":{"index":"index","follow":"follow","max-snippet":"max-snippet:-1","max-image-preview":"max-image-preview:large","max-video-preview":"max-video-preview:-1"},"canonical":"https:\/\/www.sotrender.com\/blog\/pl\/2014\/08\/fanpage-trends-lipiec-2014\/","og_locale":"pl_PL","og_type":"article","og_title":"Fanpage Trends Lipiec 2014 - na Facebooku upalne lato","og_description":"Sotrender prezentuje lipcowe wydanie raportu Fanpage Trends podsumowuj\u0105cego najwa\u017cniejsze wydarzenia na Facebooku w Polsce w minionym miesi\u0105cu.","og_url":"https:\/\/www.sotrender.com\/blog\/pl\/2014\/08\/fanpage-trends-lipiec-2014\/","og_site_name":"Sotrender Blog","article_publisher":"https:\/\/www.facebook.com\/Sotrender","article_published_time":"2014-08-06T17:08:41+00:00","article_modified_time":"2015-12-01T20:57:18+00:00","og_image":[{"url":"https:\/\/www.sotrender.com\/blog\/wp-content\/uploads\/2014\/08\/centra-handlowe.jpg"}],"author":"Aleksandra Prejs","twitter_card":"summary_large_image","twitter_creator":"@Sotrender","twitter_site":"@Sotrender","twitter_misc":{"Written by":"Aleksandra Prejs","Est. reading time":"6 minutes"},"schema":{"@context":"https:\/\/schema.org","@graph":[{"@type":"WebPage","@id":"https:\/\/www.sotrender.com\/blog\/pl\/2014\/08\/fanpage-trends-lipiec-2014\/","url":"https:\/\/www.sotrender.com\/blog\/pl\/2014\/08\/fanpage-trends-lipiec-2014\/","name":"Fanpage Trends Lipiec 2014 - na Facebooku upalne lato","isPartOf":{"@id":"https:\/\/www.sotrender.com\/blog\/#website"},"primaryImageOfPage":{"@id":"https:\/\/www.sotrender.com\/blog\/pl\/2014\/08\/fanpage-trends-lipiec-2014\/#primaryimage"},"image":{"@id":"https:\/\/www.sotrender.com\/blog\/pl\/2014\/08\/fanpage-trends-lipiec-2014\/#primaryimage"},"thumbnailUrl":"https:\/\/www.sotrender.com\/blog\/wp-content\/uploads\/2014\/08\/centra-handlowe.jpg","datePublished":"2014-08-06T17:08:41+00:00","dateModified":"2015-12-01T20:57:18+00:00","author":{"@id":"https:\/\/www.sotrender.com\/blog\/#\/schema\/person\/7106df62825269bc360ad9171cd7149b"},"description":"Sotrender prezentuje lipcowe wydanie raportu Fanpage Trends podsumowuj\u0105cego najwa\u017cniejsze wydarzenia na Facebooku w Polsce w minionym miesi\u0105cu.","breadcrumb":{"@id":"https:\/\/www.sotrender.com\/blog\/pl\/2014\/08\/fanpage-trends-lipiec-2014\/#breadcrumb"},"inLanguage":"pl-PL","potentialAction":[{"@type":"ReadAction","target":["https:\/\/www.sotrender.com\/blog\/pl\/2014\/08\/fanpage-trends-lipiec-2014\/"]}]},{"@type":"ImageObject","inLanguage":"pl-PL","@id":"https:\/\/www.sotrender.com\/blog\/pl\/2014\/08\/fanpage-trends-lipiec-2014\/#primaryimage","url":"https:\/\/www.sotrender.com\/blog\/wp-content\/uploads\/2014\/08\/centra-handlowe.jpg","contentUrl":"https:\/\/www.sotrender.com\/blog\/wp-content\/uploads\/2014\/08\/centra-handlowe.jpg"},{"@type":"BreadcrumbList","@id":"https:\/\/www.sotrender.com\/blog\/pl\/2014\/08\/fanpage-trends-lipiec-2014\/#breadcrumb","itemListElement":[{"@type":"ListItem","position":1,"name":"Home","item":"https:\/\/www.sotrender.com\/blog\/"},{"@type":"ListItem","position":2,"name":"Fanpage Trends Lipiec 2014 &#8211; na Facebooku upalne lato"}]},{"@type":"WebSite","@id":"https:\/\/www.sotrender.com\/blog\/#website","url":"https:\/\/www.sotrender.com\/blog\/","name":"Sotrender Blog","description":"","potentialAction":[{"@type":"SearchAction","target":{"@type":"EntryPoint","urlTemplate":"https:\/\/www.sotrender.com\/blog\/?s={search_term_string}"},"query-input":"required name=search_term_string"}],"inLanguage":"pl-PL"},{"@type":"Person","@id":"https:\/\/www.sotrender.com\/blog\/#\/schema\/person\/7106df62825269bc360ad9171cd7149b","name":"Aleksandra Prejs","image":{"@type":"ImageObject","inLanguage":"pl-PL","@id":"https:\/\/www.sotrender.com\/blog\/#\/schema\/person\/image\/","url":"https:\/\/secure.gravatar.com\/avatar\/469000454b77ff0aacb32c49dba023be?s=96&d=mm&r=g","contentUrl":"https:\/\/secure.gravatar.com\/avatar\/469000454b77ff0aacb32c49dba023be?s=96&d=mm&r=g","caption":"Aleksandra Prejs"},"url":"https:\/\/www.sotrender.com\/blog\/pl\/author\/aleksandra-prejs\/"}]}},"_links":{"self":[{"href":"https:\/\/www.sotrender.com\/blog\/pl\/wp-json\/wp\/v2\/posts\/13845"}],"collection":[{"href":"https:\/\/www.sotrender.com\/blog\/pl\/wp-json\/wp\/v2\/posts"}],"about":[{"href":"https:\/\/www.sotrender.com\/blog\/pl\/wp-json\/wp\/v2\/types\/post"}],"author":[{"embeddable":true,"href":"https:\/\/www.sotrender.com\/blog\/pl\/wp-json\/wp\/v2\/users\/31"}],"replies":[{"embeddable":true,"href":"https:\/\/www.sotrender.com\/blog\/pl\/wp-json\/wp\/v2\/comments?post=13845"}],"version-history":[{"count":14,"href":"https:\/\/www.sotrender.com\/blog\/pl\/wp-json\/wp\/v2\/posts\/13845\/revisions"}],"predecessor-version":[{"id":13891,"href":"https:\/\/www.sotrender.com\/blog\/pl\/wp-json\/wp\/v2\/posts\/13845\/revisions\/13891"}],"wp:attachment":[{"href":"https:\/\/www.sotrender.com\/blog\/pl\/wp-json\/wp\/v2\/media?parent=13845"}],"wp:term":[{"taxonomy":"category","embeddable":true,"href":"https:\/\/www.sotrender.com\/blog\/pl\/wp-json\/wp\/v2\/categories?post=13845"},{"taxonomy":"post_tag","embeddable":true,"href":"https:\/\/www.sotrender.com\/blog\/pl\/wp-json\/wp\/v2\/tags?post=13845"}],"curies":[{"name":"wp","href":"https:\/\/api.w.org\/{rel}","templated":true}]}}