{"id":1370,"date":"2012-06-20T14:31:19","date_gmt":"2012-06-20T13:31:19","guid":{"rendered":"http:\/\/blog.sotrender.com\/?p=1370"},"modified":"2015-12-28T12:02:58","modified_gmt":"2015-12-28T11:02:58","slug":"chce-zeby-tvp-wyemitowala-ten-klip-przed-meczem-polska-czechy","status":"publish","type":"post","link":"https:\/\/www.sotrender.com\/blog\/pl\/2012\/06\/chce-zeby-tvp-wyemitowala-ten-klip-przed-meczem-polska-czechy\/","title":{"rendered":"Facebookowa akcja \u201eChc\u0119 \u017ceby TVP wyemitowa\u0142a ten klip przed meczem Polska-Czechy!!!\u201c"},"content":{"rendered":"<p>Po emocjonuj\u0105cym meczu z\u00a0Rosj\u0105,  w serwisie YouTube pojawi\u0142 si\u0119<strong> fanowski klip wideo<\/strong>,  dopinguj\u0105cy do walki w meczu Polska-Czechy. Na podstawie danych z narz\u0119dzia Sotrender przygotowali\u015bmy <strong>kr\u00f3tk\u0105 analiz\u0119 i infografik\u0119<\/strong> podsumowuj\u0105c\u0105 akcj\u0119.<\/p>\n<p>Zmontowany z\u00a0uj\u0119\u0107 pi\u0142karzy polskiej reprezentacji w trakcie obu wcze\u015bniejszych mecz\u00f3w szybko zdoby\u0142 popularno\u015b\u0107 i wiele udost\u0119pnie\u0144,  a tu nagle \u2013 klip zosta\u0142 usuni\u0119ty z powodu otrzymania roszcze\u0144 praw autorskich przez Telewizj\u0119 Polsk\u0105.<\/p>\n<p><!--more--><\/p>\n<p><a href=\"https:\/\/www.sotrender.com\/blog\/wp-content\/uploads\/2012\/06\/ekran_mecz.jpg\"><img loading=\"lazy\" decoding=\"async\" class=\"aligncenter size-medium wp-image-1372\" title=\"Mecz o wszystko zosta\u0142 usuni\u0119ty z serwisu YouTube\" src=\"https:\/\/www.sotrender.com\/blog\/wp-content\/uploads\/2012\/06\/ekran_mecz-300x182.jpg\" alt=\"\" width=\"300\" height=\"182\" \/><\/a><\/p>\n<p><!--more--><\/p>\n<p>Na szcz\u0119\u015bcie powsta\u0142o wiele mirror\u00f3w \u2013 skopiowany z\u00a0YouTube klip mo\u017cna wci\u0105\u017c obejrze\u0107 w serwisie <a title=\"Mecz o wszystko!\" href=\"http:\/\/www.dailymotion.com\/video\/xrio7k_mecz-o-wszystko-polska-czechy_sport\" target=\"_blank\">DailyMotion<\/a>\u00a0(w tej chwili ma prawie p\u00f3\u0142 miliona wy\u015bwietle\u0144).<\/p>\n<p>Jak mo\u017cna by\u0142o przewidzie\u0107,  dzia\u0142ania TVP nie zosta\u0142y odebrane pozytywnie przez internaut\u00f3w,  pocz\u0105wszy od wpis\u00f3w <strong>niezadowolonych u\u017cytkownik\u00f3w na Facebooku<\/strong>,  po zorganizowan\u0105 akcj\u0119,  polegaj\u0105c\u0105 na kontakcie z\u00a0przedstawicielami Telewizji z\u00a0pro\u015bb\u0105 o wyemitowanie klipu na antenie TVP1 zaraz przed meczem Polska-Czechy. Inicjatyw\u0119 wspar\u0142a strona wydarzenia na Facebooku\u00a0\u201e<a href=\"https:\/\/www.facebook.com\/events\/314952725258054\/\" target=\"_blank\">Chc\u0119 \u017ceby TVP wyemitowa\u0142a ten klip przed meczem Polska-Czechy!!!<\/a>\u201c Przez 30 godzin od momentu powstania sw\u00f3j udzia\u0142 w wydarzeniu zadeklarowa\u0142o ponad 25 tysi\u0119cy os\u00f3b,  a zaproszenia dotar\u0142y do kolejnych 127 tysi\u0119cy u\u017cytkownik\u00f3w Facebooka.<\/p>\n<p>Wsp\u00f3lnie z\u00a0organizatorami przygotowali\u015bmy infografik\u0119 podsumowuj\u0105c\u0105 akcj\u0119 na Facebooku i wzrost zaanga\u017cowania na oficjalnych fanpage\u2019ach TVP w czasie trwania akcji.<\/p>\n<div style=\"text-align: center;\"><a href=\"https:\/\/www.sotrender.com\/blog\/wp-content\/uploads\/2012\/06\/infografika2.jpg\"><img loading=\"lazy\" decoding=\"async\" class=\"aligncenter  wp-image-1432\" title=\"Infografika przedstawiaj\u0105ca zmian\u0119 zaanga\u017cowania fan\u00f3w w trakcie akcji &quot;Mecz o wszystko!&quot;\" src=\"https:\/\/www.sotrender.com\/blog\/wp-content\/uploads\/2012\/06\/infografika2-300x251.jpg\" alt=\"\" width=\"300\" height=\"251\" \/><\/a><\/div>\n<div style=\"text-align: center;\">(kliknij,  aby powi\u0119kszy\u0107)<\/div>\n<div style=\"text-align: center;\"><\/div>\n<p><strong><a href=\"https:\/\/www.sotrender.com\/blog\/wp-content\/uploads\/2012\/06\/daria.jpg\"><img loading=\"lazy\" decoding=\"async\" class=\"alignleft  wp-image-1434\" style=\"margin: 5px; border: 5px solid white;\" title=\"Daria Kuczmara\" src=\"https:\/\/www.sotrender.com\/blog\/wp-content\/uploads\/2012\/06\/daria.jpg\" alt=\"\" width=\"125\" height=\"125\" srcset=\"https:\/\/www.sotrender.com\/blog\/wp-content\/uploads\/2012\/06\/daria.jpg 300w, https:\/\/www.sotrender.com\/blog\/wp-content\/uploads\/2012\/06\/daria-80x80.jpg 80w\" sizes=\"(max-width: 125px) 100vw, 125px\" \/><\/a><\/strong><\/p>\n<p><strong>Daria Kuczmara,  analityk \u00a0Sotrender Research Team<\/strong><\/p>\n<p>Zaobserwowali\u015bmy zmiany aktywno\u015bci fan\u00f3w na profilach Telewizji Polskiej\u00a0\u2013 <a title=\"TVP1 - oficjalna strona\" href=\"https:\/\/www.facebook.com\/pages\/TVP1-oficjalna-strona\/145775108786481\">oficjalnej stronie kana\u0142u TVP1<\/a> oraz <a title=\"TVP.pl\" href=\"https:\/\/www.facebook.com\/tvppl\">fanpage&#8217;u TVP.pl<\/a>.<\/p>\n<p>Na stronach Telewizji Polskiej w tym czasie zaktywizowa\u0142o si\u0119 nadzwyczajnie wielu fan\u00f3w. Warto zwr\u00f3ci\u0107 uwag\u0119 na to,  \u017ce liczba 296 zaanga\u017cowanych na stronie TVP1 w dniu 15 czerwca stanowi a\u017c 15% wszystkich jej fan\u00f3w. Cho\u0107 bezwzgl\u0119dnie liczba 296 zaanga\u017cowanych nie jest wielka,  to jest ewenementem dla analizowanej strony,  na kt\u00f3rej zwykle niewiele si\u0119 dzieje.<\/p>\n<p>Dla wi\u0119kszego i nieco bardziej anga\u017cuj\u0105cego na co dzie\u0144 profilu TVP.pl wzrost aktywno\u015bci nie by\u0142 tak uderzaj\u0105cy. Trzeba jednak pami\u0119ta\u0107,  \u017ce niedawne podobnie du\u017ce wzrosty liczby zaanga\u017cowania towarzyszy\u0142y wielkim wydarzeniom medialnym,  ogl\u0105danym w TVP przez miliony widz\u00f3w\u00a0\u2013 festiwalowi piosenki w Opolu oraz meczom Polski na Euro 2012. Uwag\u0119 zwraca fakt,  \u017ce wzrost liczby zaanga\u017cowanych w dniu 15 czerwca by\u0142 por\u00f3wnywalny z okresami zaanga\u017cowania na fali zbli\u017caj\u0105cych si\u0119 mecz\u00f3w polskiej reprezentacji pi\u0142karskiej.<\/p>\n<p><a href=\"https:\/\/www.sotrender.com\/blog\/wp-content\/uploads\/2012\/06\/wykres-INI.png\"><img loading=\"lazy\" decoding=\"async\" class=\"wp-image-1436 aligncenter\" title=\"Zmiana Interactivity Index\" src=\"https:\/\/www.sotrender.com\/blog\/wp-content\/uploads\/2012\/06\/wykres-INI.png\" alt=\"\" width=\"500\" height=\"240\" srcset=\"https:\/\/www.sotrender.com\/blog\/wp-content\/uploads\/2012\/06\/wykres-INI.png 945w, https:\/\/www.sotrender.com\/blog\/wp-content\/uploads\/2012\/06\/wykres-INI-475x228.png 475w, https:\/\/www.sotrender.com\/blog\/wp-content\/uploads\/2012\/06\/wykres-INI-768x368.png 768w, https:\/\/www.sotrender.com\/blog\/wp-content\/uploads\/2012\/06\/wykres-INI-600x288.png 600w\" sizes=\"(max-width: 500px) 100vw, 500px\" \/><\/a><\/p>\n<p>Ciekawe jest,  \u017ce w dniu akcji wzros\u0142o nie tylko zaanga\u017cowanie,  ale te\u017c interaktywno\u015b\u0107 \u2013 zar\u00f3wno stron,  jak i zamieszczanych na nich tre\u015bci. By\u0142a ona te\u017c zdecydowanie wi\u0119ksza ni\u017c np. podczas koncert\u00f3w w Opolu,  kiedy to ludzie ograniczali si\u0119 do mniejszych aktywno\u015bci,  g\u0142\u00f3wnie g\u0142osowania w pytaniach prowadz\u0105cego (np. \u201eWyst\u0119p kt\u00f3rego z wykonawc\u00f3w koncertu \u00bbSzalone lata 60!\u00ab podoba\u0142 si\u0119 Wam najbardziej?\u201d).<\/p>\n<p>Zablokowanie filmu \u201eMecz o wszystko\u201d sprowokowa\u0142o fan\u00f3w do cz\u0119stszego postowania i komentowania,  a i same tre\u015bci cz\u0119\u015bciej ni\u017c przeci\u0119tnie spotyka\u0142y si\u0119 z reakcj\u0105 fan\u00f3w\u00a0\u2013 komentowaniem ich czy lubieniem. W najbardziej interaktywnym spo\u015br\u00f3d post\u00f3w fan\u00f3w tego dnia czytamy: \u201e<a href=\"https:\/\/www.facebook.com\/139403946090962\/posts\/454512757895141\">Kolesia od tego klipu to na kolanach powinni\u015bcie prosi\u0107,  \u017ceby dla Was pracowa\u0142,  a nie kasowa\u0107 jego film!!!<\/a>\u201d. Natomiast na fanpage&#8217;u TVP1 najgor\u0119tsze reakcje wzbudzi\u0142 post: \u201e<a href=\"http:\/\/www.facebook.com\/145775108786481\/posts\/351071261630090\">Jak mogli\u015bcie usun\u0105\u0107 ten podnosz\u0105cy na duchu pi\u0119kny klip?! Wstyd,  TVP!<\/a>\u201d.<\/p>\n<p>&nbsp;<\/p>\n<p><a href=\"https:\/\/www.sotrender.com\/blog\/wp-content\/uploads\/2012\/06\/ak_srednie.png\"><img loading=\"lazy\" decoding=\"async\" class=\"alignleft  wp-image-1376\" style=\"margin: 5px; border: 5px solid white;\" title=\"Artur Kurasi\u0144ski\" src=\"https:\/\/www.sotrender.com\/blog\/wp-content\/uploads\/2012\/06\/ak_srednie-150x150.png\" alt=\"Artur Kurasi\u0144ski\" width=\"125\" height=\"125\" \/><\/a><strong><a title=\"Blog Artura Kurasi\u0144skiego\" href=\"http:\/\/ak74.pl\">Artur Kurasi\u0144ski<\/a>:\u00a0<\/strong><\/p>\n<p>Akcja protestu przeciwko usuni\u0119ciu filmu Madasa z ma\u0142ego wydarzenia bez wspomagania reklam\u0105 czy dzia\u0142aniami komercyjnymi przerodzi\u0142a si\u0119 w olbrzymi\u0105 akcj\u0119. Du\u017co w tym\u00a0zapewne winy samej TVP,  kt\u00f3ra mog\u0142a bardzo szybko zadzia\u0142a\u0107 i za pomoc\u0105 swoich kana\u0142\u00f3w PR nawi\u0105za\u0107 dialog. Niestety do soboty godziny 20.45 nic takiego si\u0119 nie wydarzy\u0142o.\u00a0Jestem zawiedziony nie tyle postaw\u0105 TVP,  co wiar\u0105 decydent\u00f3w tej stacji,  \u017ce temat da si\u0119 zamie\u015b\u0107 pod dywan. Nie da si\u0119 &#8211; w samej wyszukiwarce Google fraza &#8220;mecz o wszystko Polska Czechy&#8221; zwraca 1 mln 630 tysi\u0119cy wynik\u00f3w,  kt\u00f3re zostan\u0105 tam ju\u017c na zawsze&#8221;<\/p>\n<p>&nbsp;<\/p>\n<p><strong><a href=\"https:\/\/www.sotrender.com\/blog\/wp-content\/uploads\/2012\/06\/user_208137_d7cbef_huge.jpg\"><img loading=\"lazy\" decoding=\"async\" class=\" wp-image-1378 alignleft\" style=\"margin: 5px; border: 5px solid white;\" title=\"Jan Zaj\u0105c\" src=\"https:\/\/www.sotrender.com\/blog\/wp-content\/uploads\/2012\/06\/user_208137_d7cbef_huge-300x300.jpg\" alt=\"Jan Zaj\u0105c\" width=\"125\" height=\"125\" \/><\/a><\/strong><\/p>\n<p><strong>Dr Jan Zaj\u0105c,  wsp\u00f3\u0142tw\u00f3rca Sotrendera:<\/strong><\/p>\n<p>Czy takie protesty maj\u0105 znaczenie? Jak na Telewizj\u0119 Polsk\u0105,  kt\u00f3ra ma miliony widz\u00f3w,  setki czy nawet tysi\u0105ce protestuj\u0105cych na Faceboooku mo\u017ce wydawa\u0107 si\u0119 liczb\u0105 \u015bmieszn\u0105. W liczbach bezwzgl\u0119dnych ta akcja mia\u0142a niewielki zasi\u0119g. Jak na Facebook by\u0142o to jednak ca\u0142kiem du\u017co os\u00f3b, i znacznie wi\u0119cej ni\u017c zwykle anga\u017cuje si\u0119 na profilach Telewizji Polskiej. Znacz\u0105ce jest to,  \u017ce TVP strzeli\u0142a sobie we w\u0142asn\u0105 stop\u0119,  trac\u0105c szanse na wykorzystanie zainteresowania internaut\u00f3w i ich spontanicznej tw\u00f3rczo\u015bci.<\/p>\n<p>&nbsp;<\/p>\n","protected":false},"excerpt":{"rendered":"<p>Po emocjonuj\u0105cym meczu z\u00a0Rosj\u0105, w serwisie YouTube pojawi\u0142 si\u0119 fanowski klip wideo, dopinguj\u0105cy do walki w meczu Polska-Czechy. Na podstawie danych z narz\u0119dzia Sotrender przygotowali\u015bmy kr\u00f3tk\u0105 analiz\u0119 i infografik\u0119 podsumowuj\u0105c\u0105 akcj\u0119. Zmontowany z\u00a0uj\u0119\u0107 pi\u0142karzy polskiej reprezentacji w trakcie obu wcze\u015bniejszych mecz\u00f3w szybko zdoby\u0142 popularno\u015b\u0107 i wiele udost\u0119pnie\u0144, a tu nagle \u2013 klip zosta\u0142 usuni\u0119ty z [&hellip;]<\/p>\n","protected":false},"author":13,"featured_media":18901,"comment_status":"open","ping_status":"open","sticky":false,"template":"","format":"standard","meta":{"inline_featured_image":false,"footnotes":""},"categories":[1793,1797],"tags":[25,311,313],"yoast_head":"<!-- This site is optimized with the Yoast SEO plugin v22.4 - https:\/\/yoast.com\/wordpress\/plugins\/seo\/ -->\n<title>Internauci broni\u0105 fanowskiego klipu &quot;Mecz o wszystko!&quot;<\/title>\n<meta name=\"description\" content=\"Po emocjonuj\u0105cym meczu z Rosj\u0105, w serwisie YouTube pojawi\u0142 si\u0119 fanowski klip wideo, dopinguj\u0105cy do walki w meczu Polska-Czechy\" \/>\n<meta name=\"robots\" content=\"index, follow, max-snippet:-1, max-image-preview:large, max-video-preview:-1\" \/>\n<link rel=\"canonical\" href=\"https:\/\/www.sotrender.com\/blog\/pl\/2012\/06\/chce-zeby-tvp-wyemitowala-ten-klip-przed-meczem-polska-czechy\/\" \/>\n<meta property=\"og:locale\" content=\"pl_PL\" \/>\n<meta property=\"og:type\" content=\"article\" \/>\n<meta property=\"og:title\" content=\"Internauci broni\u0105 fanowskiego klipu &quot;Mecz o wszystko!&quot;\" \/>\n<meta property=\"og:description\" content=\"Po emocjonuj\u0105cym meczu z Rosj\u0105, w serwisie YouTube pojawi\u0142 si\u0119 fanowski klip wideo, dopinguj\u0105cy do walki w meczu Polska-Czechy\" \/>\n<meta property=\"og:url\" content=\"https:\/\/www.sotrender.com\/blog\/pl\/2012\/06\/chce-zeby-tvp-wyemitowala-ten-klip-przed-meczem-polska-czechy\/\" \/>\n<meta property=\"og:site_name\" content=\"Sotrender Blog\" \/>\n<meta property=\"article:publisher\" content=\"https:\/\/www.facebook.com\/Sotrender\" \/>\n<meta property=\"article:author\" content=\"facebook.com\/tworkowski\" \/>\n<meta property=\"article:published_time\" content=\"2012-06-20T13:31:19+00:00\" \/>\n<meta property=\"article:modified_time\" content=\"2015-12-28T11:02:58+00:00\" \/>\n<meta property=\"og:image\" content=\"https:\/\/www.sotrender.com\/blog\/wp-content\/uploads\/2015\/07\/header_blog_3.jpg\" \/>\n\t<meta property=\"og:image:width\" content=\"1600\" \/>\n\t<meta property=\"og:image:height\" content=\"700\" \/>\n\t<meta property=\"og:image:type\" content=\"image\/jpeg\" \/>\n<meta name=\"author\" content=\"Hubert Tworkowski\" \/>\n<meta name=\"twitter:card\" content=\"summary_large_image\" \/>\n<meta name=\"twitter:creator\" content=\"@twitter.com\/htworkowski\" \/>\n<meta name=\"twitter:site\" content=\"@Sotrender\" \/>\n<meta name=\"twitter:label1\" content=\"Written by\" \/>\n\t<meta name=\"twitter:data1\" content=\"Hubert Tworkowski\" \/>\n\t<meta name=\"twitter:label2\" content=\"Est. reading time\" \/>\n\t<meta name=\"twitter:data2\" content=\"4 minutes\" \/>\n<script type=\"application\/ld+json\" class=\"yoast-schema-graph\">{\"@context\":\"https:\/\/schema.org\",\"@graph\":[{\"@type\":\"WebPage\",\"@id\":\"https:\/\/www.sotrender.com\/blog\/pl\/2012\/06\/chce-zeby-tvp-wyemitowala-ten-klip-przed-meczem-polska-czechy\/\",\"url\":\"https:\/\/www.sotrender.com\/blog\/pl\/2012\/06\/chce-zeby-tvp-wyemitowala-ten-klip-przed-meczem-polska-czechy\/\",\"name\":\"Internauci broni\u0105 fanowskiego klipu \\\"Mecz o wszystko!\\\"\",\"isPartOf\":{\"@id\":\"https:\/\/www.sotrender.com\/blog\/#website\"},\"primaryImageOfPage\":{\"@id\":\"https:\/\/www.sotrender.com\/blog\/pl\/2012\/06\/chce-zeby-tvp-wyemitowala-ten-klip-przed-meczem-polska-czechy\/#primaryimage\"},\"image\":{\"@id\":\"https:\/\/www.sotrender.com\/blog\/pl\/2012\/06\/chce-zeby-tvp-wyemitowala-ten-klip-przed-meczem-polska-czechy\/#primaryimage\"},\"thumbnailUrl\":\"https:\/\/www.sotrender.com\/blog\/wp-content\/uploads\/2015\/07\/header_blog_3.jpg\",\"datePublished\":\"2012-06-20T13:31:19+00:00\",\"dateModified\":\"2015-12-28T11:02:58+00:00\",\"author\":{\"@id\":\"https:\/\/www.sotrender.com\/blog\/#\/schema\/person\/9722ba4a24394dc9fd76b476ea2ba80a\"},\"description\":\"Po emocjonuj\u0105cym meczu z Rosj\u0105, w serwisie YouTube pojawi\u0142 si\u0119 fanowski klip wideo, dopinguj\u0105cy do walki w meczu Polska-Czechy\",\"breadcrumb\":{\"@id\":\"https:\/\/www.sotrender.com\/blog\/pl\/2012\/06\/chce-zeby-tvp-wyemitowala-ten-klip-przed-meczem-polska-czechy\/#breadcrumb\"},\"inLanguage\":\"pl-PL\",\"potentialAction\":[{\"@type\":\"ReadAction\",\"target\":[\"https:\/\/www.sotrender.com\/blog\/pl\/2012\/06\/chce-zeby-tvp-wyemitowala-ten-klip-przed-meczem-polska-czechy\/\"]}]},{\"@type\":\"ImageObject\",\"inLanguage\":\"pl-PL\",\"@id\":\"https:\/\/www.sotrender.com\/blog\/pl\/2012\/06\/chce-zeby-tvp-wyemitowala-ten-klip-przed-meczem-polska-czechy\/#primaryimage\",\"url\":\"https:\/\/www.sotrender.com\/blog\/wp-content\/uploads\/2015\/07\/header_blog_3.jpg\",\"contentUrl\":\"https:\/\/www.sotrender.com\/blog\/wp-content\/uploads\/2015\/07\/header_blog_3.jpg\",\"width\":1600,\"height\":700},{\"@type\":\"BreadcrumbList\",\"@id\":\"https:\/\/www.sotrender.com\/blog\/pl\/2012\/06\/chce-zeby-tvp-wyemitowala-ten-klip-przed-meczem-polska-czechy\/#breadcrumb\",\"itemListElement\":[{\"@type\":\"ListItem\",\"position\":1,\"name\":\"Home\",\"item\":\"https:\/\/www.sotrender.com\/blog\/\"},{\"@type\":\"ListItem\",\"position\":2,\"name\":\"Facebookowa akcja \u201eChc\u0119 \u017ceby TVP wyemitowa\u0142a ten klip przed meczem Polska-Czechy!!!\u201c\"}]},{\"@type\":\"WebSite\",\"@id\":\"https:\/\/www.sotrender.com\/blog\/#website\",\"url\":\"https:\/\/www.sotrender.com\/blog\/\",\"name\":\"Sotrender Blog\",\"description\":\"\",\"potentialAction\":[{\"@type\":\"SearchAction\",\"target\":{\"@type\":\"EntryPoint\",\"urlTemplate\":\"https:\/\/www.sotrender.com\/blog\/?s={search_term_string}\"},\"query-input\":\"required name=search_term_string\"}],\"inLanguage\":\"pl-PL\"},{\"@type\":\"Person\",\"@id\":\"https:\/\/www.sotrender.com\/blog\/#\/schema\/person\/9722ba4a24394dc9fd76b476ea2ba80a\",\"name\":\"Hubert Tworkowski\",\"image\":{\"@type\":\"ImageObject\",\"inLanguage\":\"pl-PL\",\"@id\":\"https:\/\/www.sotrender.com\/blog\/#\/schema\/person\/image\/\",\"url\":\"https:\/\/secure.gravatar.com\/avatar\/15f4a0279fa735e651c5439e345aa41b?s=96&d=mm&r=g\",\"contentUrl\":\"https:\/\/secure.gravatar.com\/avatar\/15f4a0279fa735e651c5439e345aa41b?s=96&d=mm&r=g\",\"caption\":\"Hubert Tworkowski\"},\"description\":\"Sales manager with over 8 years of experience in new media, with a profound knowledge of sales techniques, both from the position of a client and an agency.\",\"sameAs\":[\"facebook.com\/tworkowski\",\"linkedin.com\/in\/htworkowski\",\"https:\/\/twitter.com\/twitter.com\/htworkowski\"],\"url\":\"https:\/\/www.sotrender.com\/blog\/pl\/author\/htworkowskisnrs-pl\/\"}]}<\/script>\n<!-- \/ Yoast SEO plugin. -->","yoast_head_json":{"title":"Internauci broni\u0105 fanowskiego klipu \"Mecz o wszystko!\"","description":"Po emocjonuj\u0105cym meczu z Rosj\u0105, w serwisie YouTube pojawi\u0142 si\u0119 fanowski klip wideo, dopinguj\u0105cy do walki w meczu Polska-Czechy","robots":{"index":"index","follow":"follow","max-snippet":"max-snippet:-1","max-image-preview":"max-image-preview:large","max-video-preview":"max-video-preview:-1"},"canonical":"https:\/\/www.sotrender.com\/blog\/pl\/2012\/06\/chce-zeby-tvp-wyemitowala-ten-klip-przed-meczem-polska-czechy\/","og_locale":"pl_PL","og_type":"article","og_title":"Internauci broni\u0105 fanowskiego klipu \"Mecz o wszystko!\"","og_description":"Po emocjonuj\u0105cym meczu z Rosj\u0105, w serwisie YouTube pojawi\u0142 si\u0119 fanowski klip wideo, dopinguj\u0105cy do walki w meczu Polska-Czechy","og_url":"https:\/\/www.sotrender.com\/blog\/pl\/2012\/06\/chce-zeby-tvp-wyemitowala-ten-klip-przed-meczem-polska-czechy\/","og_site_name":"Sotrender Blog","article_publisher":"https:\/\/www.facebook.com\/Sotrender","article_author":"facebook.com\/tworkowski","article_published_time":"2012-06-20T13:31:19+00:00","article_modified_time":"2015-12-28T11:02:58+00:00","og_image":[{"width":1600,"height":700,"url":"https:\/\/www.sotrender.com\/blog\/wp-content\/uploads\/2015\/07\/header_blog_3.jpg","type":"image\/jpeg"}],"author":"Hubert Tworkowski","twitter_card":"summary_large_image","twitter_creator":"@twitter.com\/htworkowski","twitter_site":"@Sotrender","twitter_misc":{"Written by":"Hubert Tworkowski","Est. reading time":"4 minutes"},"schema":{"@context":"https:\/\/schema.org","@graph":[{"@type":"WebPage","@id":"https:\/\/www.sotrender.com\/blog\/pl\/2012\/06\/chce-zeby-tvp-wyemitowala-ten-klip-przed-meczem-polska-czechy\/","url":"https:\/\/www.sotrender.com\/blog\/pl\/2012\/06\/chce-zeby-tvp-wyemitowala-ten-klip-przed-meczem-polska-czechy\/","name":"Internauci broni\u0105 fanowskiego klipu \"Mecz o wszystko!\"","isPartOf":{"@id":"https:\/\/www.sotrender.com\/blog\/#website"},"primaryImageOfPage":{"@id":"https:\/\/www.sotrender.com\/blog\/pl\/2012\/06\/chce-zeby-tvp-wyemitowala-ten-klip-przed-meczem-polska-czechy\/#primaryimage"},"image":{"@id":"https:\/\/www.sotrender.com\/blog\/pl\/2012\/06\/chce-zeby-tvp-wyemitowala-ten-klip-przed-meczem-polska-czechy\/#primaryimage"},"thumbnailUrl":"https:\/\/www.sotrender.com\/blog\/wp-content\/uploads\/2015\/07\/header_blog_3.jpg","datePublished":"2012-06-20T13:31:19+00:00","dateModified":"2015-12-28T11:02:58+00:00","author":{"@id":"https:\/\/www.sotrender.com\/blog\/#\/schema\/person\/9722ba4a24394dc9fd76b476ea2ba80a"},"description":"Po emocjonuj\u0105cym meczu z Rosj\u0105, w serwisie YouTube pojawi\u0142 si\u0119 fanowski klip wideo, dopinguj\u0105cy do walki w meczu Polska-Czechy","breadcrumb":{"@id":"https:\/\/www.sotrender.com\/blog\/pl\/2012\/06\/chce-zeby-tvp-wyemitowala-ten-klip-przed-meczem-polska-czechy\/#breadcrumb"},"inLanguage":"pl-PL","potentialAction":[{"@type":"ReadAction","target":["https:\/\/www.sotrender.com\/blog\/pl\/2012\/06\/chce-zeby-tvp-wyemitowala-ten-klip-przed-meczem-polska-czechy\/"]}]},{"@type":"ImageObject","inLanguage":"pl-PL","@id":"https:\/\/www.sotrender.com\/blog\/pl\/2012\/06\/chce-zeby-tvp-wyemitowala-ten-klip-przed-meczem-polska-czechy\/#primaryimage","url":"https:\/\/www.sotrender.com\/blog\/wp-content\/uploads\/2015\/07\/header_blog_3.jpg","contentUrl":"https:\/\/www.sotrender.com\/blog\/wp-content\/uploads\/2015\/07\/header_blog_3.jpg","width":1600,"height":700},{"@type":"BreadcrumbList","@id":"https:\/\/www.sotrender.com\/blog\/pl\/2012\/06\/chce-zeby-tvp-wyemitowala-ten-klip-przed-meczem-polska-czechy\/#breadcrumb","itemListElement":[{"@type":"ListItem","position":1,"name":"Home","item":"https:\/\/www.sotrender.com\/blog\/"},{"@type":"ListItem","position":2,"name":"Facebookowa akcja \u201eChc\u0119 \u017ceby TVP wyemitowa\u0142a ten klip przed meczem Polska-Czechy!!!\u201c"}]},{"@type":"WebSite","@id":"https:\/\/www.sotrender.com\/blog\/#website","url":"https:\/\/www.sotrender.com\/blog\/","name":"Sotrender Blog","description":"","potentialAction":[{"@type":"SearchAction","target":{"@type":"EntryPoint","urlTemplate":"https:\/\/www.sotrender.com\/blog\/?s={search_term_string}"},"query-input":"required name=search_term_string"}],"inLanguage":"pl-PL"},{"@type":"Person","@id":"https:\/\/www.sotrender.com\/blog\/#\/schema\/person\/9722ba4a24394dc9fd76b476ea2ba80a","name":"Hubert Tworkowski","image":{"@type":"ImageObject","inLanguage":"pl-PL","@id":"https:\/\/www.sotrender.com\/blog\/#\/schema\/person\/image\/","url":"https:\/\/secure.gravatar.com\/avatar\/15f4a0279fa735e651c5439e345aa41b?s=96&d=mm&r=g","contentUrl":"https:\/\/secure.gravatar.com\/avatar\/15f4a0279fa735e651c5439e345aa41b?s=96&d=mm&r=g","caption":"Hubert Tworkowski"},"description":"Sales manager with over 8 years of experience in new media, with a profound knowledge of sales techniques, both from the position of a client and an agency.","sameAs":["facebook.com\/tworkowski","linkedin.com\/in\/htworkowski","https:\/\/twitter.com\/twitter.com\/htworkowski"],"url":"https:\/\/www.sotrender.com\/blog\/pl\/author\/htworkowskisnrs-pl\/"}]}},"_links":{"self":[{"href":"https:\/\/www.sotrender.com\/blog\/pl\/wp-json\/wp\/v2\/posts\/1370"}],"collection":[{"href":"https:\/\/www.sotrender.com\/blog\/pl\/wp-json\/wp\/v2\/posts"}],"about":[{"href":"https:\/\/www.sotrender.com\/blog\/pl\/wp-json\/wp\/v2\/types\/post"}],"author":[{"embeddable":true,"href":"https:\/\/www.sotrender.com\/blog\/pl\/wp-json\/wp\/v2\/users\/13"}],"replies":[{"embeddable":true,"href":"https:\/\/www.sotrender.com\/blog\/pl\/wp-json\/wp\/v2\/comments?post=1370"}],"version-history":[{"count":38,"href":"https:\/\/www.sotrender.com\/blog\/pl\/wp-json\/wp\/v2\/posts\/1370\/revisions"}],"predecessor-version":[{"id":14699,"href":"https:\/\/www.sotrender.com\/blog\/pl\/wp-json\/wp\/v2\/posts\/1370\/revisions\/14699"}],"wp:featuredmedia":[{"embeddable":true,"href":"https:\/\/www.sotrender.com\/blog\/pl\/wp-json\/wp\/v2\/media\/18901"}],"wp:attachment":[{"href":"https:\/\/www.sotrender.com\/blog\/pl\/wp-json\/wp\/v2\/media?parent=1370"}],"wp:term":[{"taxonomy":"category","embeddable":true,"href":"https:\/\/www.sotrender.com\/blog\/pl\/wp-json\/wp\/v2\/categories?post=1370"},{"taxonomy":"post_tag","embeddable":true,"href":"https:\/\/www.sotrender.com\/blog\/pl\/wp-json\/wp\/v2\/tags?post=1370"}],"curies":[{"name":"wp","href":"https:\/\/api.w.org\/{rel}","templated":true}]}}