{"id":1348,"date":"2012-06-18T13:02:01","date_gmt":"2012-06-18T12:02:01","guid":{"rendered":"http:\/\/blog.sotrender.com\/?p=1348"},"modified":"2015-12-28T12:04:54","modified_gmt":"2015-12-28T11:04:54","slug":"mecz-z-czechami-na-facebooku","status":"publish","type":"post","link":"https:\/\/www.sotrender.com\/blog\/pl\/2012\/06\/mecz-z-czechami-na-facebooku\/","title":{"rendered":"Jak podczas meczu z Czechami polskiej dru\u017cynie kibicowali\u015bmy na Facebooku"},"content":{"rendered":"<p>Podczas sobotniego <strong>meczu Polska-Czechy<\/strong> \u2013 podobnie jak w trakcie poprzednich meczy naszej reprezentacji na Mistrzostwach Europy w Pi\u0142ce No\u017cnej \u2013 w czo\u0142\u00f3wce najbardziej anga\u017cuj\u0105cych wpis\u00f3w na Facebooku przewa\u017ca\u0142y wpisy <strong>z najpopularniejszych polskich fanpage\u2019y.<\/strong><\/p>\n<p>Intensywno\u015b\u0107 wpis\u00f3w na polskich stronach na Facebooku i aktywno\u015bci na nich przed samym meczem nie pozostawia\u0142y w\u0105tpliwo\u015bci,  \u017ce polscy u\u017cytkownicy kibicuj\u0105 swojej reprezentacji.<\/p>\n<p><!--more--><\/p>\n<h3>Aktywno\u015b\u0107 na Facebooku przed meczem<\/h3>\n<p>W wynikach zebranych przez ca\u0142\u0105 sobot\u0119 w narz\u0119dziu <strong><a href=\"http:\/\/www.sotrender.com\/pl\/\">Sotrender<\/a><\/strong>,  analizuj\u0105cym aktywno\u015bci na Facebooku,  wpisem,  kt\u00f3ry przy\u0107mi\u0142 wszelk\u0105 aktywno\u015b\u0107 na polskich fanpage\u2019ach w trakcie Euro 2012,  okaza\u0142o si\u0119 zdj\u0119cie czterech zawodnik\u00f3w polskiej reprezentacji w walecznej pozie,  z przeplecionymi d\u0142o\u0144mi,  z podpisem: \u201eKto tego nie polubi,  ten za Czechami\u201d. W sobot\u0119,  o 10 rano wys\u0142a\u0142 je <strong>nieoficjalny fanpage<\/strong> postaci z \u201eUlicy Sezamkowej\u201d <strong>Ciasteczkowy potw\u00f3r<\/strong> (627 895 fan\u00f3w),  z komentarzem: \u201e<a href=\"https:\/\/www.facebook.com\/289771517704880\/posts\/480576925291004\">a Ty za kim jeste\u015b?<\/a>\u201d. Podczas meczu zdj\u0119cie polubi\u0142o 25076 u\u017cytkownik\u00f3w,  a skomentowano 328,  a udost\u0119pniono dalej 1175 razy. To samo zdj\u0119cie,  z trzecim najlepszym wynikiem,  opublikowane o 11:40,  na fanpage\u2019u o niecenzuralnej nazwie <strong>Ja j&#8230;<\/strong>,  z komentarzem \u201e<a href=\"https:\/\/www.facebook.com\/192984215613\/posts\/10150858939535614\">Kto jest za Polsk\u0105?<\/a>\u201d,  zdoby\u0142o przez ca\u0142\u0105 sobot\u0119 12533 \u201elajk\u00f3w\u201d,  134 komentarzy i 274 udost\u0119pnie\u0144.<\/p>\n<div id=\"attachment_1352\" style=\"width: 220px\" class=\"wp-caption aligncenter\"><a href=\"https:\/\/www.sotrender.com\/blog\/wp-content\/uploads\/2012\/06\/euro3.jpg\"><img loading=\"lazy\" decoding=\"async\" aria-describedby=\"caption-attachment-1352\" class=\" wp-image-1352 \" title=\"Mecz Polska-Czechy na Facebooku\" src=\"https:\/\/www.sotrender.com\/blog\/wp-content\/uploads\/2012\/06\/euro3-300x243.jpg\" alt=\"\" width=\"210\" height=\"170\" \/><\/a><p id=\"caption-attachment-1352\" class=\"wp-caption-text\">Najpopularniejszy wpis podczas meczu Polska-Czechy<\/p><\/div>\n<p>Polsk\u0105 reprezentacj\u0119 zagrzewa\u0142y r\u00f3wnie\u017c oficjalne maskotki telefonii Orange,  <strong>Serce i Rozum<\/strong>. Chwil\u0119 przed rozpocz\u0119ciem meczu pisa\u0142y: \u201e<a href=\"https:\/\/www.facebook.com\/130118923699560\/posts\/418879574823492\">Dzi\u015b nawet on trzyma kciuki za bia\u0142o-czerwonych! Wy te\u017c dajcie kciuk w g\u00f3r\u0119 dla naszych!<\/a>\u201d. Kibicuj\u0105cym maskotkom,  na dodanej jak zwykle ilustracji,  towarzyszy\u0142 tym razem kret,  co okaza\u0142o si\u0119 w sobotni wiecz\u00f3r drug\u0105 najpopularniejsz\u0105 aktywno\u015bci\u0105 \u2013 z 15710 \u201elajkami\u201d,  187 komentarzami i a\u017c 2870 udost\u0119pnieniami.<\/p>\n<div id=\"attachment_1354\" style=\"width: 220px\" class=\"wp-caption aligncenter\"><a href=\"https:\/\/www.sotrender.com\/blog\/wp-content\/uploads\/2012\/06\/euro2.jpg\"><img loading=\"lazy\" decoding=\"async\" aria-describedby=\"caption-attachment-1354\" class=\" wp-image-1354 \" title=\"Serce i Rozum kibicuj\u0105 polskiej dru\u017cynie\" src=\"https:\/\/www.sotrender.com\/blog\/wp-content\/uploads\/2012\/06\/euro2-300x263.jpg\" alt=\"\" width=\"210\" height=\"184\" \/><\/a><p id=\"caption-attachment-1354\" class=\"wp-caption-text\">Serce i Rozum kibicuj\u0105 polskiej dru\u017cynie<\/p><\/div>\n<h3>Aktywno\u015b\u0107 na Facebooku po meczu<\/h3>\n<p>Najwi\u0119cej komentarzy w sobotni wiecz\u00f3r,  1040 (a tak\u017ce 4096 \u201elajk\u00f3w\u201d i 13 udost\u0119pnie\u0144) zebra\u0142 jednak okrzyk rozpaczy \u201e<a href=\"https:\/\/www.facebook.com\/112414205500049\/posts\/332321856842615\">NIEEEEEEEEEEEEEEEEEEEEEE<\/a>\u201d po zdobytej przez Czech\u00f3w bramce,  wys\u0142any na fanpage\u2019u serwisu <strong>Kwejk<\/strong>. Jak poka\u017ce najbli\u017csza edycja <a href=\"http:\/\/www.sotrender.com\/pl\/fanpage-trends\">Fanpage Trends<\/a>,  comiesi\u0119cznego zestawienia<strong> Sotrendera<\/strong>,  w tej chwili serwis ten jest jednym z trzech polskoj\u0119zycznych stron na Facebooku z ponad milionem fan\u00f3w. Drugim najcz\u0119\u015bciej komentowanym wpisem jest wys\u0142any przez telefoni\u0119 <strong>Play<\/strong> \u2013 kt\u00f3rej notabene milion fan\u00f3w stuknie lada dzie\u0144 \u2013 cytuj\u0105cej pokrzepiaj\u0105cy hymn \u201e<a href=\"https:\/\/www.facebook.com\/188351153004\/posts\/10150906938113005\">Nic si\u0119 nie sta\u0142o! Polacy nic si\u0119 nie sta\u0142o! (&#8230;)<\/a>\u201d,  z 903 komentarzami,  2820 \u201elajkami\u201d i 113 udost\u0119pnieniami.<\/p>\n<div id=\"attachment_1356\" style=\"width: 220px\" class=\"wp-caption aligncenter\"><a href=\"https:\/\/www.sotrender.com\/blog\/wp-content\/uploads\/2012\/06\/euro1.jpg\"><img loading=\"lazy\" decoding=\"async\" aria-describedby=\"caption-attachment-1356\" class=\" wp-image-1356  \" title=\"Wpis z najwi\u0119ksz\u0105 liczb\u0105 komentarzy w trakcie meczu\" src=\"https:\/\/www.sotrender.com\/blog\/wp-content\/uploads\/2012\/06\/euro1-300x102.jpg\" alt=\"\" width=\"210\" height=\"71\" \/><\/a><p id=\"caption-attachment-1356\" class=\"wp-caption-text\">Wpis z najwi\u0119ksz\u0105 liczb\u0105 komentarzy w trakcie meczu<\/p><\/div>\n","protected":false},"excerpt":{"rendered":"<p>Podczas sobotniego meczu Polska-Czechy \u2013 podobnie jak w trakcie poprzednich meczy naszej reprezentacji na Mistrzostwach Europy w Pi\u0142ce No\u017cnej \u2013 w czo\u0142\u00f3wce najbardziej anga\u017cuj\u0105cych wpis\u00f3w na Facebooku przewa\u017ca\u0142y wpisy z najpopularniejszych polskich fanpage\u2019y. Intensywno\u015b\u0107 wpis\u00f3w na polskich stronach na Facebooku i aktywno\u015bci na nich przed samym meczem nie pozostawia\u0142y w\u0105tpliwo\u015bci, \u017ce polscy u\u017cytkownicy kibicuj\u0105 swojej [&hellip;]<\/p>\n","protected":false},"author":31,"featured_media":18901,"comment_status":"open","ping_status":"open","sticky":false,"template":"","format":"standard","meta":{"inline_featured_image":false,"footnotes":""},"categories":[1793,1797],"tags":[25,311,313],"yoast_head":"<!-- This site is optimized with the Yoast SEO plugin v22.4 - https:\/\/yoast.com\/wordpress\/plugins\/seo\/ -->\n<title>Sotrender sprawdza jak kibicowali\u015bmy na Facebooku<\/title>\n<meta name=\"description\" content=\"Wszelk\u0105 aktywno\u015b\u0107 na polskich fanpage\u2019ach w trakcie Euro, przy\u0107mi\u0142o zdj\u0119cie czterech zawodnik\u00f3w polskiej reprezentacji w walecznej pozie...\" \/>\n<meta name=\"robots\" content=\"index, follow, max-snippet:-1, max-image-preview:large, max-video-preview:-1\" \/>\n<link rel=\"canonical\" href=\"https:\/\/www.sotrender.com\/blog\/pl\/2012\/06\/mecz-z-czechami-na-facebooku\/\" \/>\n<meta property=\"og:locale\" content=\"pl_PL\" \/>\n<meta property=\"og:type\" content=\"article\" \/>\n<meta property=\"og:title\" content=\"Sotrender sprawdza jak kibicowali\u015bmy na Facebooku\" \/>\n<meta property=\"og:description\" content=\"Wszelk\u0105 aktywno\u015b\u0107 na polskich fanpage\u2019ach w trakcie Euro, przy\u0107mi\u0142o zdj\u0119cie czterech zawodnik\u00f3w polskiej reprezentacji w walecznej pozie...\" \/>\n<meta property=\"og:url\" content=\"https:\/\/www.sotrender.com\/blog\/pl\/2012\/06\/mecz-z-czechami-na-facebooku\/\" \/>\n<meta property=\"og:site_name\" content=\"Sotrender Blog\" \/>\n<meta property=\"article:publisher\" content=\"https:\/\/www.facebook.com\/Sotrender\" \/>\n<meta property=\"article:published_time\" content=\"2012-06-18T12:02:01+00:00\" \/>\n<meta property=\"article:modified_time\" content=\"2015-12-28T11:04:54+00:00\" \/>\n<meta property=\"og:image\" content=\"https:\/\/www.sotrender.com\/blog\/wp-content\/uploads\/2015\/07\/header_blog_3.jpg\" \/>\n\t<meta property=\"og:image:width\" content=\"1600\" \/>\n\t<meta property=\"og:image:height\" content=\"700\" \/>\n\t<meta property=\"og:image:type\" content=\"image\/jpeg\" \/>\n<meta name=\"author\" content=\"Aleksandra Prejs\" \/>\n<meta name=\"twitter:card\" content=\"summary_large_image\" \/>\n<meta name=\"twitter:creator\" content=\"@Sotrender\" \/>\n<meta name=\"twitter:site\" content=\"@Sotrender\" \/>\n<meta name=\"twitter:label1\" content=\"Written by\" \/>\n\t<meta name=\"twitter:data1\" content=\"Aleksandra Prejs\" \/>\n\t<meta name=\"twitter:label2\" content=\"Est. reading time\" \/>\n\t<meta name=\"twitter:data2\" content=\"2 minutes\" \/>\n<script type=\"application\/ld+json\" class=\"yoast-schema-graph\">{\"@context\":\"https:\/\/schema.org\",\"@graph\":[{\"@type\":\"WebPage\",\"@id\":\"https:\/\/www.sotrender.com\/blog\/pl\/2012\/06\/mecz-z-czechami-na-facebooku\/\",\"url\":\"https:\/\/www.sotrender.com\/blog\/pl\/2012\/06\/mecz-z-czechami-na-facebooku\/\",\"name\":\"Sotrender sprawdza jak kibicowali\u015bmy na Facebooku\",\"isPartOf\":{\"@id\":\"https:\/\/www.sotrender.com\/blog\/#website\"},\"primaryImageOfPage\":{\"@id\":\"https:\/\/www.sotrender.com\/blog\/pl\/2012\/06\/mecz-z-czechami-na-facebooku\/#primaryimage\"},\"image\":{\"@id\":\"https:\/\/www.sotrender.com\/blog\/pl\/2012\/06\/mecz-z-czechami-na-facebooku\/#primaryimage\"},\"thumbnailUrl\":\"https:\/\/www.sotrender.com\/blog\/wp-content\/uploads\/2015\/07\/header_blog_3.jpg\",\"datePublished\":\"2012-06-18T12:02:01+00:00\",\"dateModified\":\"2015-12-28T11:04:54+00:00\",\"author\":{\"@id\":\"https:\/\/www.sotrender.com\/blog\/#\/schema\/person\/7106df62825269bc360ad9171cd7149b\"},\"description\":\"Wszelk\u0105 aktywno\u015b\u0107 na polskich fanpage\u2019ach w trakcie Euro, przy\u0107mi\u0142o zdj\u0119cie czterech zawodnik\u00f3w polskiej reprezentacji w walecznej pozie...\",\"breadcrumb\":{\"@id\":\"https:\/\/www.sotrender.com\/blog\/pl\/2012\/06\/mecz-z-czechami-na-facebooku\/#breadcrumb\"},\"inLanguage\":\"pl-PL\",\"potentialAction\":[{\"@type\":\"ReadAction\",\"target\":[\"https:\/\/www.sotrender.com\/blog\/pl\/2012\/06\/mecz-z-czechami-na-facebooku\/\"]}]},{\"@type\":\"ImageObject\",\"inLanguage\":\"pl-PL\",\"@id\":\"https:\/\/www.sotrender.com\/blog\/pl\/2012\/06\/mecz-z-czechami-na-facebooku\/#primaryimage\",\"url\":\"https:\/\/www.sotrender.com\/blog\/wp-content\/uploads\/2015\/07\/header_blog_3.jpg\",\"contentUrl\":\"https:\/\/www.sotrender.com\/blog\/wp-content\/uploads\/2015\/07\/header_blog_3.jpg\",\"width\":1600,\"height\":700},{\"@type\":\"BreadcrumbList\",\"@id\":\"https:\/\/www.sotrender.com\/blog\/pl\/2012\/06\/mecz-z-czechami-na-facebooku\/#breadcrumb\",\"itemListElement\":[{\"@type\":\"ListItem\",\"position\":1,\"name\":\"Home\",\"item\":\"https:\/\/www.sotrender.com\/blog\/\"},{\"@type\":\"ListItem\",\"position\":2,\"name\":\"Jak podczas meczu z Czechami polskiej dru\u017cynie kibicowali\u015bmy na Facebooku\"}]},{\"@type\":\"WebSite\",\"@id\":\"https:\/\/www.sotrender.com\/blog\/#website\",\"url\":\"https:\/\/www.sotrender.com\/blog\/\",\"name\":\"Sotrender Blog\",\"description\":\"\",\"potentialAction\":[{\"@type\":\"SearchAction\",\"target\":{\"@type\":\"EntryPoint\",\"urlTemplate\":\"https:\/\/www.sotrender.com\/blog\/?s={search_term_string}\"},\"query-input\":\"required name=search_term_string\"}],\"inLanguage\":\"pl-PL\"},{\"@type\":\"Person\",\"@id\":\"https:\/\/www.sotrender.com\/blog\/#\/schema\/person\/7106df62825269bc360ad9171cd7149b\",\"name\":\"Aleksandra Prejs\",\"image\":{\"@type\":\"ImageObject\",\"inLanguage\":\"pl-PL\",\"@id\":\"https:\/\/www.sotrender.com\/blog\/#\/schema\/person\/image\/\",\"url\":\"https:\/\/secure.gravatar.com\/avatar\/469000454b77ff0aacb32c49dba023be?s=96&d=mm&r=g\",\"contentUrl\":\"https:\/\/secure.gravatar.com\/avatar\/469000454b77ff0aacb32c49dba023be?s=96&d=mm&r=g\",\"caption\":\"Aleksandra Prejs\"},\"url\":\"https:\/\/www.sotrender.com\/blog\/pl\/author\/aleksandra-prejs\/\"}]}<\/script>\n<!-- \/ Yoast SEO plugin. -->","yoast_head_json":{"title":"Sotrender sprawdza jak kibicowali\u015bmy na Facebooku","description":"Wszelk\u0105 aktywno\u015b\u0107 na polskich fanpage\u2019ach w trakcie Euro, przy\u0107mi\u0142o zdj\u0119cie czterech zawodnik\u00f3w polskiej reprezentacji w walecznej pozie...","robots":{"index":"index","follow":"follow","max-snippet":"max-snippet:-1","max-image-preview":"max-image-preview:large","max-video-preview":"max-video-preview:-1"},"canonical":"https:\/\/www.sotrender.com\/blog\/pl\/2012\/06\/mecz-z-czechami-na-facebooku\/","og_locale":"pl_PL","og_type":"article","og_title":"Sotrender sprawdza jak kibicowali\u015bmy na Facebooku","og_description":"Wszelk\u0105 aktywno\u015b\u0107 na polskich fanpage\u2019ach w trakcie Euro, przy\u0107mi\u0142o zdj\u0119cie czterech zawodnik\u00f3w polskiej reprezentacji w walecznej pozie...","og_url":"https:\/\/www.sotrender.com\/blog\/pl\/2012\/06\/mecz-z-czechami-na-facebooku\/","og_site_name":"Sotrender Blog","article_publisher":"https:\/\/www.facebook.com\/Sotrender","article_published_time":"2012-06-18T12:02:01+00:00","article_modified_time":"2015-12-28T11:04:54+00:00","og_image":[{"width":1600,"height":700,"url":"https:\/\/www.sotrender.com\/blog\/wp-content\/uploads\/2015\/07\/header_blog_3.jpg","type":"image\/jpeg"}],"author":"Aleksandra Prejs","twitter_card":"summary_large_image","twitter_creator":"@Sotrender","twitter_site":"@Sotrender","twitter_misc":{"Written by":"Aleksandra Prejs","Est. reading time":"2 minutes"},"schema":{"@context":"https:\/\/schema.org","@graph":[{"@type":"WebPage","@id":"https:\/\/www.sotrender.com\/blog\/pl\/2012\/06\/mecz-z-czechami-na-facebooku\/","url":"https:\/\/www.sotrender.com\/blog\/pl\/2012\/06\/mecz-z-czechami-na-facebooku\/","name":"Sotrender sprawdza jak kibicowali\u015bmy na Facebooku","isPartOf":{"@id":"https:\/\/www.sotrender.com\/blog\/#website"},"primaryImageOfPage":{"@id":"https:\/\/www.sotrender.com\/blog\/pl\/2012\/06\/mecz-z-czechami-na-facebooku\/#primaryimage"},"image":{"@id":"https:\/\/www.sotrender.com\/blog\/pl\/2012\/06\/mecz-z-czechami-na-facebooku\/#primaryimage"},"thumbnailUrl":"https:\/\/www.sotrender.com\/blog\/wp-content\/uploads\/2015\/07\/header_blog_3.jpg","datePublished":"2012-06-18T12:02:01+00:00","dateModified":"2015-12-28T11:04:54+00:00","author":{"@id":"https:\/\/www.sotrender.com\/blog\/#\/schema\/person\/7106df62825269bc360ad9171cd7149b"},"description":"Wszelk\u0105 aktywno\u015b\u0107 na polskich fanpage\u2019ach w trakcie Euro, przy\u0107mi\u0142o zdj\u0119cie czterech zawodnik\u00f3w polskiej reprezentacji w walecznej pozie...","breadcrumb":{"@id":"https:\/\/www.sotrender.com\/blog\/pl\/2012\/06\/mecz-z-czechami-na-facebooku\/#breadcrumb"},"inLanguage":"pl-PL","potentialAction":[{"@type":"ReadAction","target":["https:\/\/www.sotrender.com\/blog\/pl\/2012\/06\/mecz-z-czechami-na-facebooku\/"]}]},{"@type":"ImageObject","inLanguage":"pl-PL","@id":"https:\/\/www.sotrender.com\/blog\/pl\/2012\/06\/mecz-z-czechami-na-facebooku\/#primaryimage","url":"https:\/\/www.sotrender.com\/blog\/wp-content\/uploads\/2015\/07\/header_blog_3.jpg","contentUrl":"https:\/\/www.sotrender.com\/blog\/wp-content\/uploads\/2015\/07\/header_blog_3.jpg","width":1600,"height":700},{"@type":"BreadcrumbList","@id":"https:\/\/www.sotrender.com\/blog\/pl\/2012\/06\/mecz-z-czechami-na-facebooku\/#breadcrumb","itemListElement":[{"@type":"ListItem","position":1,"name":"Home","item":"https:\/\/www.sotrender.com\/blog\/"},{"@type":"ListItem","position":2,"name":"Jak podczas meczu z Czechami polskiej dru\u017cynie kibicowali\u015bmy na Facebooku"}]},{"@type":"WebSite","@id":"https:\/\/www.sotrender.com\/blog\/#website","url":"https:\/\/www.sotrender.com\/blog\/","name":"Sotrender Blog","description":"","potentialAction":[{"@type":"SearchAction","target":{"@type":"EntryPoint","urlTemplate":"https:\/\/www.sotrender.com\/blog\/?s={search_term_string}"},"query-input":"required name=search_term_string"}],"inLanguage":"pl-PL"},{"@type":"Person","@id":"https:\/\/www.sotrender.com\/blog\/#\/schema\/person\/7106df62825269bc360ad9171cd7149b","name":"Aleksandra Prejs","image":{"@type":"ImageObject","inLanguage":"pl-PL","@id":"https:\/\/www.sotrender.com\/blog\/#\/schema\/person\/image\/","url":"https:\/\/secure.gravatar.com\/avatar\/469000454b77ff0aacb32c49dba023be?s=96&d=mm&r=g","contentUrl":"https:\/\/secure.gravatar.com\/avatar\/469000454b77ff0aacb32c49dba023be?s=96&d=mm&r=g","caption":"Aleksandra Prejs"},"url":"https:\/\/www.sotrender.com\/blog\/pl\/author\/aleksandra-prejs\/"}]}},"_links":{"self":[{"href":"https:\/\/www.sotrender.com\/blog\/pl\/wp-json\/wp\/v2\/posts\/1348"}],"collection":[{"href":"https:\/\/www.sotrender.com\/blog\/pl\/wp-json\/wp\/v2\/posts"}],"about":[{"href":"https:\/\/www.sotrender.com\/blog\/pl\/wp-json\/wp\/v2\/types\/post"}],"author":[{"embeddable":true,"href":"https:\/\/www.sotrender.com\/blog\/pl\/wp-json\/wp\/v2\/users\/31"}],"replies":[{"embeddable":true,"href":"https:\/\/www.sotrender.com\/blog\/pl\/wp-json\/wp\/v2\/comments?post=1348"}],"version-history":[{"count":11,"href":"https:\/\/www.sotrender.com\/blog\/pl\/wp-json\/wp\/v2\/posts\/1348\/revisions"}],"predecessor-version":[{"id":20515,"href":"https:\/\/www.sotrender.com\/blog\/pl\/wp-json\/wp\/v2\/posts\/1348\/revisions\/20515"}],"wp:featuredmedia":[{"embeddable":true,"href":"https:\/\/www.sotrender.com\/blog\/pl\/wp-json\/wp\/v2\/media\/18901"}],"wp:attachment":[{"href":"https:\/\/www.sotrender.com\/blog\/pl\/wp-json\/wp\/v2\/media?parent=1348"}],"wp:term":[{"taxonomy":"category","embeddable":true,"href":"https:\/\/www.sotrender.com\/blog\/pl\/wp-json\/wp\/v2\/categories?post=1348"},{"taxonomy":"post_tag","embeddable":true,"href":"https:\/\/www.sotrender.com\/blog\/pl\/wp-json\/wp\/v2\/tags?post=1348"}],"curies":[{"name":"wp","href":"https:\/\/api.w.org\/{rel}","templated":true}]}}