{"id":1318,"date":"2012-06-15T11:34:05","date_gmt":"2012-06-15T10:34:05","guid":{"rendered":"http:\/\/blog.sotrender.com\/?p=1318"},"modified":"2017-04-13T17:40:42","modified_gmt":"2017-04-13T15:40:42","slug":"euro-2012-na-facebooku","status":"publish","type":"post","link":"https:\/\/www.sotrender.com\/blog\/pl\/2012\/06\/euro-2012-na-facebooku\/","title":{"rendered":"Jak firmy wykorzystuj\u0105 Euro i nasze emocje w komunikacji na Facebooku"},"content":{"rendered":"<p>Marketerzy pr\u00f3buj\u0105 wykorzysta\u0107 w swojej komunikacji <strong>w social media<\/strong> emocje towarzysz\u0105ce meczom naszej reprezentacji. Zar\u00f3wno mniejsze, jak i wi\u0119ksze marki wykorzystuj\u0105 motywy Euro 2012, niezale\u017cnie od tego czy s\u0105 sponsorami tej imprezy i czy w og\u00f3le w swojej<strong> strategii<\/strong> nawi\u0105zuj\u0105 do futbolu. U\u017cytkownicy Facebooka s\u0105 bombardowani takimi tre\u015bciami, i ch\u0119tnie na nie reaguj\u0105. Tylko czy zawsze prze\u0142o\u017cy si\u0119 to na <strong>korzy\u015bci dla marki<\/strong>?<strong><!--more--><\/strong><\/p>\n<p>Korzystaj\u0105c z <a href=\"http:\/\/wwww.sotrender.com\/pl\">Sotrendera<\/a>, narz\u0119dzia pomiaru efektywno\u015bci marketingu w social media, przeanalizowali\u015bmy wszystkie najlepsze wpisy Facebookowych profili polskich firm i marek od pocz\u0105tku Euro do wczorajszego popo\u0142udnia (czwartek, 14 czerwca). W czo\u0142owej setce a\u017c 95% to komunikaty nawi\u0105zuj\u0105ce do gry polskiej dru\u017cyny. Robi\u0142y to zar\u00f3wno najwi\u0119ksze marki, jak i rozrywkowe serwisy internetowe.<\/p>\n<div id=\"attachment_1320\" style=\"width: 220px\" class=\"wp-caption aligncenter\"><a href=\"https:\/\/www.sotrender.com\/blog\/wp-content\/uploads\/2012\/06\/euro_facebook_1.jpg\"><img loading=\"lazy\" decoding=\"async\" aria-describedby=\"caption-attachment-1320\" class=\" wp-image-1320 \" title=\"Euro 2012 na Facebooku\" src=\"https:\/\/www.sotrender.com\/blog\/wp-content\/uploads\/2012\/06\/euro_facebook_1-300x264.jpg\" alt=\"Euro 2012 na Facebooku - Serce i Rozum\" width=\"210\" height=\"185\" \/><\/a><p id=\"caption-attachment-1320\" class=\"wp-caption-text\">Najpopularniejszy jak dot\u0105d wpis podczas Euro 2012<\/p><\/div>\n<p><strong>Kto zatem najlepiej wykorzysta\u0142 momenty uniesie\u0144? Jak dotychczas najbardziej anga\u017cuj\u0105cy wpis okresu Euro 2012 <\/strong>pochodzi\u0142 z fanpage\u2019a <strong>Serce i Rozum, <\/strong> firmowanego przez maskotki Orange (dawniej Telekomunikacji Polskiej). W dniu meczu otwarcia wo\u0142a\u0142y: \u201eCh\u0142opaki! Dzi\u015b wszyscy jeste\u015bmy z Wami!\u201d, dodaj\u0105c: \u201eJe\u015bli kibicujesz dzisiaj naszym \u2013 udost\u0119pnij!\u201d. Okaza\u0142o si\u0119 to bardzo skuteczne. Ten post polubi\u0142o a\u017c 15675 u\u017cytkownik\u00f3w, skomentowa\u0142o 736, a udost\u0119pni\u0142o rekordowe 61330. Warto doda\u0107, \u017ce kilka godzin przed meczem z Rosj\u0105 maskotki napisa\u0142y: \u201eRozum, no przecie\u017c Ci m\u00f3wi\u0119, \u017ce dzi\u015b kibicujemy Sercem!!!\u201d, ilustruj\u0105c kolejnym obrazkiem (odpowiednio: 15960 \u201elajk\u00f3w\u201d, 324 komentarzy, 6616 \u201eshare\u2019\u00f3w\u201d). Wysokie, 5. miejsce w naszym rankingu, zaj\u0105\u0142 profil <strong>Orange Polska<\/strong>, kt\u00f3ry w po\u0142udnie 12 czerwca napisa\u0142: \u201eKto chce, aby Polska wygra\u0142a dzi\u015b z Rosj\u0105, klika \u00bblubi\u0119 to\u00ab! Poka\u017cmy, ilu nas jest. (&#8230;)\u201d, co \u201epolubi\u0142o\u201d 14768 u\u017cytkownik\u00f3w, skomentowa\u0142o 1282, a udost\u0119pni\u0142o dalej 103.<\/p>\n<div id=\"attachment_1322\" style=\"width: 220px\" class=\"wp-caption aligncenter\"><a href=\"https:\/\/www.sotrender.com\/blog\/wp-content\/uploads\/2012\/06\/euro_facebook_2.jpg\"><img loading=\"lazy\" decoding=\"async\" aria-describedby=\"caption-attachment-1322\" class=\"wp-image-1322 \" title=\"Euro 2012 na Facebooku\" src=\"https:\/\/www.sotrender.com\/blog\/wp-content\/uploads\/2012\/06\/euro_facebook_2-300x255.jpg\" alt=\"Euro 2012 na Facebooku - Komixxy\" width=\"210\" height=\"179\" \/><\/a><p id=\"caption-attachment-1322\" class=\"wp-caption-text\">Baner na fanpage&#8217;u portalu Komixxy<\/p><\/div>\n<p>Reszt\u0119 podium zaj\u0119\u0142y wpisy zamieszczone tu\u017c po meczu Polska-Rosja. Na drugim miejscu rankingu znalaz\u0142 si\u0119 wpis na fanpage\u2019u portalu <strong>Komixxy:<\/strong> \u201eKliknij Lubi\u0119 to, aby podzi\u0119kowa\u0107 za pi\u0119kny mecz!\u201d, ilustruj\u0105c j\u0105 banerem z niecenzuraln\u0105 pochwa\u0142\u0105 gry polskiej reprezentacji. Dotychczas polubi\u0142o go 20670 u\u017cytkownik\u00f3w, skomentowano 281, a udost\u0119pniono dalej 1429 razy. Tu\u017c za nim znalaz\u0142o si\u0119 pochodz\u0105ce ze strony serwisu <strong>Bebzol <\/strong>zdj\u0119cie uradowanych polskich pi\u0142karzy z komentarzem: \u201eBrameczka by\u0142a pi\u0119kna! Dzi\u0119kujemy!\u201d (17504 \u201elubi\u0119 to\u201d, 957 komentarzy, 6495 udost\u0119pnie\u0144). Czwarte miejsce zaj\u0105\u0142 <strong>Kwejk<\/strong> ze zdj\u0119ciem psa przedk\u0142adaj\u0105cego kawa\u0142ki kie\u0142basy le\u017c\u0105ce na kartce z napisem \u201ePolska\u201d nad og\u00f3rka z kartki \u201eCzechy\u201d, opatrzone tekstem \u201e<a href=\"http:\/\/facebook.com\/112414205500049\/posts\/330581560349978\">Uf, kamie\u0144 z serca : )<\/a>\u201d \u00a0(17624 \u201elajk\u00f3w\u201d, 816 komentarzy, 4013 udost\u0119pnie\u0144). Wysokie miejsca tych wpis\u00f3w nie zaskakuj\u0105. Zar\u00f3wno Komixxy, jak i Kwejk, serwisy zbieraj\u0105ce obrazki wys\u0142ane przez u\u017cytkownik\u00f3w, regularnie prowadz\u0105 w opracowanym przez tw\u00f3rc\u00f3w Sotrendera, comiesi\u0119cznym rankingu <a href=\"http:\/\/www.sotrender.com\/pl\/fanpage-trends\"><strong>Fanpage Trends<\/strong><\/a>.<\/p>\n<div id=\"attachment_1324\" style=\"width: 220px\" class=\"wp-caption aligncenter\"><a href=\"https:\/\/www.sotrender.com\/blog\/wp-content\/uploads\/2012\/06\/euro_facebook_3.jpg\"><img loading=\"lazy\" decoding=\"async\" aria-describedby=\"caption-attachment-1324\" class=\" wp-image-1324 \" title=\"Euro 2012 na Facebooku\" src=\"https:\/\/www.sotrender.com\/blog\/wp-content\/uploads\/2012\/06\/euro_facebook_3-300x217.jpg\" alt=\"Euro 2012 na Facebooku - Bebzol\" width=\"210\" height=\"152\" \/><\/a><p id=\"caption-attachment-1324\" class=\"wp-caption-text\">Portal Bebzol dzi\u0119kuje za bramk\u0119<\/p><\/div>\n<p>Jak wida\u0107, w czo\u0142\u00f3wce rankingu znalaz\u0142y si\u0119 zar\u00f3wno zabawne tre\u015bci, jak i proste wezwania do wyra\u017cania emocji. Tak\u017ce wiele innych fanpage\u2019\u00f3w stara\u0142o si\u0119 dowcipnie wykorzysta\u0107 okazj\u0119, na przyk\u0142ad fanpage <strong>Popieram zakaz palenia w miejscach publicznych<\/strong> opatrzy\u0142 zdj\u0119cie bramkarza polskiej reprezentacji komentarzem: \u201eCzasami Tyto\u0144 nie jest taki z\u0142y i ratuje ty\u0142ek\u201d, a nap\u00f3j <strong>Kubu\u015b<\/strong> napisa\u0142 po bramce swego imiennika B\u0142aszczykowskiego w meczu z Rosj\u0105: \u201eBrawo Kuba!\u201d.<\/p>\n<p>W setce najpopularniejszych wpis\u00f3w na polskim Facebooku od pocz\u0105tku Euro jedynie pi\u0119\u0107 dotyczy\u0142o innego tematu ni\u017c pi\u0142ki no\u017cnej. Najwi\u0119ksz\u0105 uwag\u0119 skupi\u0142 Kuba Wojew\u00f3dzki, kt\u00f3ry na swoim fanpage\u2019u komentuje spraw\u0119 rzekomego zatrzymania wokalistki Kory za posiadanie marihuany. Wpis ilustrowany zdj\u0119ciem konopi zajmuje obecnie 26. miejsce w naszym rankingu. Polubi\u0142o go 8146 u\u017cytkownik\u00f3w, skomentowano 455, a udost\u0119pni\u0142o 1436 razy. Inne wpisy nie wspominaj\u0105ce o pi\u0142ce no\u017cnej zaktywizowa\u0142y fan\u00f3w raper\u00f3w Fokusa oraz Tomasza Chady.<\/p>\n<p>Umiej\u0119tno\u015b\u0107 wykorzystania aktualnych trend\u00f3w to w social media wa\u017cny atut. Wa\u017cne wydarzenia sportowe coraz cz\u0119\u015bciej prze\u017cywamy w mediach spo\u0142eczno\u015bciowych, wyra\u017caj\u0105c emocje w komentarzach na Facebooku oraz dziel\u0105c si\u0119 zdj\u0119ciami i filmikami. Ogl\u0105daj\u0105c telewizj\u0119, zerkamy jednocze\u015bnie na drugi ekran \u2013 kom\u00f3rki, tabletu czy laptopa. Marketerzy, w mniej lub bardziej zgrabny spos\u00f3b, pr\u00f3buj\u0105 skorzysta\u0107 z okazji i powi\u0105za\u0107 emocje kibic\u00f3w z w\u0142asnymi dzia\u0142aniami. Taka komunikacja dobrze pasuje do rozrywkowego charakteru Facebooka. Czy jednak prze\u0142o\u017cy si\u0119 na strategiczne cele marki? Wci\u0105\u017c wiele os\u00f3b w og\u00f3le si\u0119 tym nie przejmuje. Wa\u017cniejsze jest to, \u017ce tysi\u0105ce \u201elajk\u00f3w\u201d dobrze wp\u0142ywa na Edge Rank, czyli Facebookowy mechanizm filtruj\u0105cy tre\u015bci i decyduj\u0105cy o tym, jakie tre\u015bci w og\u00f3le dotr\u0105 do u\u017cytkownik\u00f3w. Nawet po zako\u0144czeniu mistrzostw b\u0119dziemy jeszcze wiele razy widzieli proszenie o lubienie czy komentowanie wpis\u00f3w, zwane przez niekt\u00f3rych \u201e\u017cebraniem o lajki\u201d. Jak na razie, wydaje si\u0119 to skuteczne, przynajmniej w chwilach narodowych uniesie\u0144 sportowych.<\/p>\n<p><strong>Je\u015bli kibicujesz Polsce, udost\u0119pnij ten wpis! \ud83d\ude09<\/strong><\/p>\n<p>Autorzy: Jan Zaj\u0105c, Marcin Kochanowski; Wsp\u00f3\u0142praca: Jacek Szejda, Dominik Batorski, Aleksander Szulc.<\/p>\n","protected":false},"excerpt":{"rendered":"<p>Marketerzy pr\u00f3buj\u0105 wykorzysta\u0107 w swojej komunikacji w social media emocje towarzysz\u0105ce meczom naszej reprezentacji. Zar\u00f3wno mniejsze, jak i wi\u0119ksze marki wykorzystuj\u0105 motywy Euro 2012, niezale\u017cnie od tego czy s\u0105 sponsorami tej imprezy i czy w og\u00f3le w swojej strategii nawi\u0105zuj\u0105 do futbolu. U\u017cytkownicy Facebooka s\u0105 bombardowani takimi tre\u015bciami, i ch\u0119tnie na nie reaguj\u0105. Tylko czy [&hellip;]<\/p>\n","protected":false},"author":31,"featured_media":18901,"comment_status":"open","ping_status":"open","sticky":false,"template":"","format":"standard","meta":{"inline_featured_image":false,"footnotes":""},"categories":[1793,1797],"tags":[25,311,313],"yoast_head":"<!-- This site is optimized with the Yoast SEO plugin v22.4 - https:\/\/yoast.com\/wordpress\/plugins\/seo\/ -->\n<title>Euro 2012 na Facebooku \u2013 Jak marketerzy wykorzystuj\u0105 pi\u0142karskie emocje<\/title>\n<meta name=\"description\" content=\"Emocje towarzysz\u0105ce meczom s\u0105 wykorzystywane w mediach spo\u0142eczno\u015bciowych przez specjalist\u00f3w zajmuj\u0105cych si\u0119 promocj\u0105 marek i produkt\u00f3w.\" \/>\n<meta name=\"robots\" content=\"index, follow, max-snippet:-1, max-image-preview:large, max-video-preview:-1\" \/>\n<link rel=\"canonical\" href=\"https:\/\/www.sotrender.com\/blog\/pl\/2012\/06\/euro-2012-na-facebooku\/\" \/>\n<meta property=\"og:locale\" content=\"pl_PL\" \/>\n<meta property=\"og:type\" content=\"article\" \/>\n<meta property=\"og:title\" content=\"Euro 2012 na Facebooku \u2013 Jak marketerzy wykorzystuj\u0105 pi\u0142karskie emocje\" \/>\n<meta property=\"og:description\" content=\"Emocje towarzysz\u0105ce meczom s\u0105 wykorzystywane w mediach spo\u0142eczno\u015bciowych przez specjalist\u00f3w zajmuj\u0105cych si\u0119 promocj\u0105 marek i produkt\u00f3w.\" \/>\n<meta property=\"og:url\" content=\"https:\/\/www.sotrender.com\/blog\/pl\/2012\/06\/euro-2012-na-facebooku\/\" \/>\n<meta property=\"og:site_name\" content=\"Sotrender Blog\" \/>\n<meta property=\"article:publisher\" content=\"https:\/\/www.facebook.com\/Sotrender\" \/>\n<meta property=\"article:published_time\" content=\"2012-06-15T10:34:05+00:00\" \/>\n<meta property=\"article:modified_time\" content=\"2017-04-13T15:40:42+00:00\" \/>\n<meta property=\"og:image\" content=\"https:\/\/www.sotrender.com\/blog\/wp-content\/uploads\/2015\/07\/header_blog_3.jpg\" \/>\n\t<meta property=\"og:image:width\" content=\"1600\" \/>\n\t<meta property=\"og:image:height\" content=\"700\" \/>\n\t<meta property=\"og:image:type\" content=\"image\/jpeg\" \/>\n<meta name=\"author\" content=\"Aleksandra Prejs\" \/>\n<meta name=\"twitter:card\" content=\"summary_large_image\" \/>\n<meta name=\"twitter:creator\" content=\"@Sotrender\" \/>\n<meta name=\"twitter:site\" content=\"@Sotrender\" \/>\n<meta name=\"twitter:label1\" content=\"Written by\" \/>\n\t<meta name=\"twitter:data1\" content=\"Aleksandra Prejs\" \/>\n\t<meta name=\"twitter:label2\" content=\"Est. reading time\" \/>\n\t<meta name=\"twitter:data2\" content=\"4 minutes\" \/>\n<script type=\"application\/ld+json\" class=\"yoast-schema-graph\">{\"@context\":\"https:\/\/schema.org\",\"@graph\":[{\"@type\":\"WebPage\",\"@id\":\"https:\/\/www.sotrender.com\/blog\/pl\/2012\/06\/euro-2012-na-facebooku\/\",\"url\":\"https:\/\/www.sotrender.com\/blog\/pl\/2012\/06\/euro-2012-na-facebooku\/\",\"name\":\"Euro 2012 na Facebooku \u2013 Jak marketerzy wykorzystuj\u0105 pi\u0142karskie emocje\",\"isPartOf\":{\"@id\":\"https:\/\/www.sotrender.com\/blog\/#website\"},\"primaryImageOfPage\":{\"@id\":\"https:\/\/www.sotrender.com\/blog\/pl\/2012\/06\/euro-2012-na-facebooku\/#primaryimage\"},\"image\":{\"@id\":\"https:\/\/www.sotrender.com\/blog\/pl\/2012\/06\/euro-2012-na-facebooku\/#primaryimage\"},\"thumbnailUrl\":\"https:\/\/www.sotrender.com\/blog\/wp-content\/uploads\/2015\/07\/header_blog_3.jpg\",\"datePublished\":\"2012-06-15T10:34:05+00:00\",\"dateModified\":\"2017-04-13T15:40:42+00:00\",\"author\":{\"@id\":\"https:\/\/www.sotrender.com\/blog\/#\/schema\/person\/7106df62825269bc360ad9171cd7149b\"},\"description\":\"Emocje towarzysz\u0105ce meczom s\u0105 wykorzystywane w mediach spo\u0142eczno\u015bciowych przez specjalist\u00f3w zajmuj\u0105cych si\u0119 promocj\u0105 marek i produkt\u00f3w.\",\"breadcrumb\":{\"@id\":\"https:\/\/www.sotrender.com\/blog\/pl\/2012\/06\/euro-2012-na-facebooku\/#breadcrumb\"},\"inLanguage\":\"pl-PL\",\"potentialAction\":[{\"@type\":\"ReadAction\",\"target\":[\"https:\/\/www.sotrender.com\/blog\/pl\/2012\/06\/euro-2012-na-facebooku\/\"]}]},{\"@type\":\"ImageObject\",\"inLanguage\":\"pl-PL\",\"@id\":\"https:\/\/www.sotrender.com\/blog\/pl\/2012\/06\/euro-2012-na-facebooku\/#primaryimage\",\"url\":\"https:\/\/www.sotrender.com\/blog\/wp-content\/uploads\/2015\/07\/header_blog_3.jpg\",\"contentUrl\":\"https:\/\/www.sotrender.com\/blog\/wp-content\/uploads\/2015\/07\/header_blog_3.jpg\",\"width\":1600,\"height\":700},{\"@type\":\"BreadcrumbList\",\"@id\":\"https:\/\/www.sotrender.com\/blog\/pl\/2012\/06\/euro-2012-na-facebooku\/#breadcrumb\",\"itemListElement\":[{\"@type\":\"ListItem\",\"position\":1,\"name\":\"Home\",\"item\":\"https:\/\/www.sotrender.com\/blog\/\"},{\"@type\":\"ListItem\",\"position\":2,\"name\":\"Jak firmy wykorzystuj\u0105 Euro i nasze emocje w komunikacji na Facebooku\"}]},{\"@type\":\"WebSite\",\"@id\":\"https:\/\/www.sotrender.com\/blog\/#website\",\"url\":\"https:\/\/www.sotrender.com\/blog\/\",\"name\":\"Sotrender Blog\",\"description\":\"\",\"potentialAction\":[{\"@type\":\"SearchAction\",\"target\":{\"@type\":\"EntryPoint\",\"urlTemplate\":\"https:\/\/www.sotrender.com\/blog\/?s={search_term_string}\"},\"query-input\":\"required name=search_term_string\"}],\"inLanguage\":\"pl-PL\"},{\"@type\":\"Person\",\"@id\":\"https:\/\/www.sotrender.com\/blog\/#\/schema\/person\/7106df62825269bc360ad9171cd7149b\",\"name\":\"Aleksandra Prejs\",\"image\":{\"@type\":\"ImageObject\",\"inLanguage\":\"pl-PL\",\"@id\":\"https:\/\/www.sotrender.com\/blog\/#\/schema\/person\/image\/\",\"url\":\"https:\/\/secure.gravatar.com\/avatar\/469000454b77ff0aacb32c49dba023be?s=96&d=mm&r=g\",\"contentUrl\":\"https:\/\/secure.gravatar.com\/avatar\/469000454b77ff0aacb32c49dba023be?s=96&d=mm&r=g\",\"caption\":\"Aleksandra Prejs\"},\"url\":\"https:\/\/www.sotrender.com\/blog\/pl\/author\/aleksandra-prejs\/\"}]}<\/script>\n<!-- \/ Yoast SEO plugin. -->","yoast_head_json":{"title":"Euro 2012 na Facebooku \u2013 Jak marketerzy wykorzystuj\u0105 pi\u0142karskie emocje","description":"Emocje towarzysz\u0105ce meczom s\u0105 wykorzystywane w mediach spo\u0142eczno\u015bciowych przez specjalist\u00f3w zajmuj\u0105cych si\u0119 promocj\u0105 marek i produkt\u00f3w.","robots":{"index":"index","follow":"follow","max-snippet":"max-snippet:-1","max-image-preview":"max-image-preview:large","max-video-preview":"max-video-preview:-1"},"canonical":"https:\/\/www.sotrender.com\/blog\/pl\/2012\/06\/euro-2012-na-facebooku\/","og_locale":"pl_PL","og_type":"article","og_title":"Euro 2012 na Facebooku \u2013 Jak marketerzy wykorzystuj\u0105 pi\u0142karskie emocje","og_description":"Emocje towarzysz\u0105ce meczom s\u0105 wykorzystywane w mediach spo\u0142eczno\u015bciowych przez specjalist\u00f3w zajmuj\u0105cych si\u0119 promocj\u0105 marek i produkt\u00f3w.","og_url":"https:\/\/www.sotrender.com\/blog\/pl\/2012\/06\/euro-2012-na-facebooku\/","og_site_name":"Sotrender Blog","article_publisher":"https:\/\/www.facebook.com\/Sotrender","article_published_time":"2012-06-15T10:34:05+00:00","article_modified_time":"2017-04-13T15:40:42+00:00","og_image":[{"width":1600,"height":700,"url":"https:\/\/www.sotrender.com\/blog\/wp-content\/uploads\/2015\/07\/header_blog_3.jpg","type":"image\/jpeg"}],"author":"Aleksandra Prejs","twitter_card":"summary_large_image","twitter_creator":"@Sotrender","twitter_site":"@Sotrender","twitter_misc":{"Written by":"Aleksandra Prejs","Est. reading time":"4 minutes"},"schema":{"@context":"https:\/\/schema.org","@graph":[{"@type":"WebPage","@id":"https:\/\/www.sotrender.com\/blog\/pl\/2012\/06\/euro-2012-na-facebooku\/","url":"https:\/\/www.sotrender.com\/blog\/pl\/2012\/06\/euro-2012-na-facebooku\/","name":"Euro 2012 na Facebooku \u2013 Jak marketerzy wykorzystuj\u0105 pi\u0142karskie emocje","isPartOf":{"@id":"https:\/\/www.sotrender.com\/blog\/#website"},"primaryImageOfPage":{"@id":"https:\/\/www.sotrender.com\/blog\/pl\/2012\/06\/euro-2012-na-facebooku\/#primaryimage"},"image":{"@id":"https:\/\/www.sotrender.com\/blog\/pl\/2012\/06\/euro-2012-na-facebooku\/#primaryimage"},"thumbnailUrl":"https:\/\/www.sotrender.com\/blog\/wp-content\/uploads\/2015\/07\/header_blog_3.jpg","datePublished":"2012-06-15T10:34:05+00:00","dateModified":"2017-04-13T15:40:42+00:00","author":{"@id":"https:\/\/www.sotrender.com\/blog\/#\/schema\/person\/7106df62825269bc360ad9171cd7149b"},"description":"Emocje towarzysz\u0105ce meczom s\u0105 wykorzystywane w mediach spo\u0142eczno\u015bciowych przez specjalist\u00f3w zajmuj\u0105cych si\u0119 promocj\u0105 marek i produkt\u00f3w.","breadcrumb":{"@id":"https:\/\/www.sotrender.com\/blog\/pl\/2012\/06\/euro-2012-na-facebooku\/#breadcrumb"},"inLanguage":"pl-PL","potentialAction":[{"@type":"ReadAction","target":["https:\/\/www.sotrender.com\/blog\/pl\/2012\/06\/euro-2012-na-facebooku\/"]}]},{"@type":"ImageObject","inLanguage":"pl-PL","@id":"https:\/\/www.sotrender.com\/blog\/pl\/2012\/06\/euro-2012-na-facebooku\/#primaryimage","url":"https:\/\/www.sotrender.com\/blog\/wp-content\/uploads\/2015\/07\/header_blog_3.jpg","contentUrl":"https:\/\/www.sotrender.com\/blog\/wp-content\/uploads\/2015\/07\/header_blog_3.jpg","width":1600,"height":700},{"@type":"BreadcrumbList","@id":"https:\/\/www.sotrender.com\/blog\/pl\/2012\/06\/euro-2012-na-facebooku\/#breadcrumb","itemListElement":[{"@type":"ListItem","position":1,"name":"Home","item":"https:\/\/www.sotrender.com\/blog\/"},{"@type":"ListItem","position":2,"name":"Jak firmy wykorzystuj\u0105 Euro i nasze emocje w komunikacji na Facebooku"}]},{"@type":"WebSite","@id":"https:\/\/www.sotrender.com\/blog\/#website","url":"https:\/\/www.sotrender.com\/blog\/","name":"Sotrender Blog","description":"","potentialAction":[{"@type":"SearchAction","target":{"@type":"EntryPoint","urlTemplate":"https:\/\/www.sotrender.com\/blog\/?s={search_term_string}"},"query-input":"required name=search_term_string"}],"inLanguage":"pl-PL"},{"@type":"Person","@id":"https:\/\/www.sotrender.com\/blog\/#\/schema\/person\/7106df62825269bc360ad9171cd7149b","name":"Aleksandra Prejs","image":{"@type":"ImageObject","inLanguage":"pl-PL","@id":"https:\/\/www.sotrender.com\/blog\/#\/schema\/person\/image\/","url":"https:\/\/secure.gravatar.com\/avatar\/469000454b77ff0aacb32c49dba023be?s=96&d=mm&r=g","contentUrl":"https:\/\/secure.gravatar.com\/avatar\/469000454b77ff0aacb32c49dba023be?s=96&d=mm&r=g","caption":"Aleksandra Prejs"},"url":"https:\/\/www.sotrender.com\/blog\/pl\/author\/aleksandra-prejs\/"}]}},"_links":{"self":[{"href":"https:\/\/www.sotrender.com\/blog\/pl\/wp-json\/wp\/v2\/posts\/1318"}],"collection":[{"href":"https:\/\/www.sotrender.com\/blog\/pl\/wp-json\/wp\/v2\/posts"}],"about":[{"href":"https:\/\/www.sotrender.com\/blog\/pl\/wp-json\/wp\/v2\/types\/post"}],"author":[{"embeddable":true,"href":"https:\/\/www.sotrender.com\/blog\/pl\/wp-json\/wp\/v2\/users\/31"}],"replies":[{"embeddable":true,"href":"https:\/\/www.sotrender.com\/blog\/pl\/wp-json\/wp\/v2\/comments?post=1318"}],"version-history":[{"count":16,"href":"https:\/\/www.sotrender.com\/blog\/pl\/wp-json\/wp\/v2\/posts\/1318\/revisions"}],"predecessor-version":[{"id":26717,"href":"https:\/\/www.sotrender.com\/blog\/pl\/wp-json\/wp\/v2\/posts\/1318\/revisions\/26717"}],"wp:featuredmedia":[{"embeddable":true,"href":"https:\/\/www.sotrender.com\/blog\/pl\/wp-json\/wp\/v2\/media\/18901"}],"wp:attachment":[{"href":"https:\/\/www.sotrender.com\/blog\/pl\/wp-json\/wp\/v2\/media?parent=1318"}],"wp:term":[{"taxonomy":"category","embeddable":true,"href":"https:\/\/www.sotrender.com\/blog\/pl\/wp-json\/wp\/v2\/categories?post=1318"},{"taxonomy":"post_tag","embeddable":true,"href":"https:\/\/www.sotrender.com\/blog\/pl\/wp-json\/wp\/v2\/tags?post=1318"}],"curies":[{"name":"wp","href":"https:\/\/api.w.org\/{rel}","templated":true}]}}