{"id":1273,"date":"2012-06-06T11:12:36","date_gmt":"2012-06-06T10:12:36","guid":{"rendered":"http:\/\/blog.sotrender.com\/?p=1273"},"modified":"2017-04-13T17:38:41","modified_gmt":"2017-04-13T15:38:41","slug":"zapraszamy-do-lektury-majowych-fanpage-trends","status":"publish","type":"post","link":"https:\/\/www.sotrender.com\/blog\/pl\/2012\/06\/zapraszamy-do-lektury-majowych-fanpage-trends\/","title":{"rendered":"Zapraszamy do lektury majowych Fanpage Trends"},"content":{"rendered":"<p>W majowej edycji <a title=\"Fanpage Trends \u2013 maj 2012\" href=\"http:\/\/www.sotrender.com\/pl\/fanpage-trends\">Fanpage Trends<\/a>, na polskoj\u0119zycznych stronach na Facebooku niezmiennie najwi\u0119kszy przyrost liczby fan\u00f3w, cho\u0107 nieco w mniejszym stopniu ni\u017c przed miesi\u0105cem, odnotowuje bran\u017ca <a href=\"http:\/\/www.sotrender.com\/pl\/fanpage-trends\">Telekomunikacja<\/a> \u2013 strony z tej kategorii odnotowa\u0142y \u015brednio a\u017c 11-procentowy wzrost. W czo\u0142\u00f3wce bran\u017c z najbardziej anga\u017cuj\u0105cymi fanpage\u2019ami wci\u0105\u017c wyr\u00f3\u017cniaj\u0105 si\u0119: <a href=\"http:\/\/www.sotrender.com\/pl\/fanpage-trends-category\/201205\/muzyka\">Muzyka<\/a>, zdecydowany lider, oraz <a href=\"http:\/\/www.sotrender.com\/pl\/fanpage-trends\">E-commerce<\/a>, <a href=\"http:\/\/www.sotrender.com\/pl\/fanpage-trends\">Odzie\u017c<\/a> i <a href=\"http:\/\/www.sotrender.com\/pl\/fanpage-trends\">\u017bywno\u015b\u0107<\/a>.<\/p>\n<p>Spo\u015br\u00f3d <strong>bran\u017c z najbardziej zaanga\u017cowanymi fanami<\/strong>, najwi\u0119kszy odsetek zanotowa\u0142y <a href=\"http:\/\/www.sotrender.com\/pl\/fanpage-trends\">Kawiarnie<\/a> \u2013 a\u017c 36% u\u017cytkownik\u00f3w udzieli\u0142o si\u0119 tu na przynajmniej jednej z subskrybowanych stron.<!--more--><\/p>\n<p>Cho\u0107 na podium rankingu polskoj\u0119zycznych stron na Facebooku tym razem nie zasz\u0142y zmiany, to ju\u017c na kolejnych pozycjach strona <a href=\"https:\/\/www.facebook.com\/Play\">telefonii Play<\/a> przegoni\u0142a zar\u00f3wno strony <a href=\"https:\/\/www.facebook.com\/KubaWojewodzkiKrolTVN\/\">Kuby Wojew\u00f3dzkiego<\/a>, jak i <a href=\"https:\/\/www.facebook.com\/allegro\">Allegro<\/a>, wysuwaj\u0105c si\u0119 na czwarte miejsce. Spo\u015br\u00f3d lider\u00f3w najwi\u0119kszy, <strong>15-procentowy wzrost<\/strong> liczby fan\u00f3w zanotowa\u0142a strona <a href=\"https:\/\/www.facebook.com\/serceirozum\">Serca i Rozumu<\/a>.<\/p>\n<p>Jako \u017ce Facebook pozwala na <strong>komentowanie, \u201elajkowanie\u201d<\/strong> czy te\u017c <strong>dodawanie wpis\u00f3w<\/strong> wszystkim u\u017cytkownikom, a nie tylko fanom, ciekawa sytuacja zasz\u0142a w maju na Facebookowej stronie polskiej edycji magazynu \u201e<a href=\"https:\/\/www.facebook.com\/Twoje.BRAVO\">Bravo<\/a>\u201d \u2013 \u0142\u0105cznych aktywno\u015bci dokona\u0142o tu ponad dwa razy tyle u\u017cytkownik\u00f3w, ilu jest fanami strony.<\/p>\n<p>W\u015br\u00f3d stron o najwi\u0119kszej liczbie zaanga\u017cowanych fan\u00f3w wyr\u00f3\u017cnia si\u0119 fanpage serwisu <a href=\"https:\/\/www.facebook.com\/EkstraklasaTV\">Ekstraklasa.tv<\/a>, na kt\u00f3rym aktywno\u015bci wykona\u0142o w ubieg\u0142ym miesi\u0105cu niemal 48 tysi\u0119cy, czyli tyle samo, ile wynosi liczba jego fan\u00f3w. Zwraca te\u017c uwag\u0119 profil \u201e<a href=\"https:\/\/www.facebook.com\/Kobiety.bez.Serca\">Kobiety bez serca<\/a>\u201d, strona \u201eprowokacyjna, przewrotna, subiektywne stronnicza, cyniczno-ironiczna\u201d, na kt\u00f3rej udzieli\u0142o si\u0119 80% fan\u00f3w. Obie te strony zanotowa\u0142y w maju najwi\u0119kszy wsp\u00f3\u0142czynnik interaktywno\u015bci Relative Interactivity, uwzgl\u0119dniaj\u0105c wszystkie polskoj\u0119zyczne strony na Facebooku.<\/p>\n<p>Na koniec \u2013 <strong>majowy hit<\/strong> w\u015br\u00f3d wpis\u00f3w na wszystkich polskoj\u0119zycznych fanpage\u2019ach, czyli post, kt\u00f3ry spotka\u0142 si\u0119 z najbardziej intensywn\u0105 reakcj\u0105 u\u017cytkownik\u00f3w. Blisko 97 tysi\u0119cy komentarzy i prawie 13 tysi\u0119cy \u201elajk\u00f3w\u201d otrzyma\u0142o nawo\u0142ywanienie tw\u00f3rc\u00f3w portalu <a href=\"https:\/\/www.facebook.com\/Komixxy\">Komixxy<\/a>, wys\u0142ane 1 maja, o 14:49: \u201eBijemy polski rekord komentarzy! Komentujcie, lajkujcie &amp; udost\u0119pniajcie \u2013 poka\u017cmy \u015bwiatu, \u017ce nie jeste\u015bmy w tyle!\u201d.<\/p>\n<p>&nbsp;<\/p>\n","protected":false},"excerpt":{"rendered":"<p>W majowej edycji Fanpage Trends, na polskoj\u0119zycznych stronach na Facebooku niezmiennie najwi\u0119kszy przyrost liczby fan\u00f3w, cho\u0107 nieco w mniejszym stopniu ni\u017c przed miesi\u0105cem, odnotowuje bran\u017ca Telekomunikacja \u2013 strony z tej kategorii odnotowa\u0142y \u015brednio a\u017c 11-procentowy wzrost. W czo\u0142\u00f3wce bran\u017c z najbardziej anga\u017cuj\u0105cymi fanpage\u2019ami wci\u0105\u017c wyr\u00f3\u017cniaj\u0105 si\u0119: Muzyka, zdecydowany lider, oraz E-commerce, Odzie\u017c i \u017bywno\u015b\u0107. Spo\u015br\u00f3d [&hellip;]<\/p>\n","protected":false},"author":31,"featured_media":18901,"comment_status":"open","ping_status":"open","sticky":false,"template":"","format":"standard","meta":{"inline_featured_image":false,"footnotes":""},"categories":[1791,1797],"tags":[7,17,25,31],"yoast_head":"<!-- This site is optimized with the Yoast SEO plugin v22.4 - https:\/\/yoast.com\/wordpress\/plugins\/seo\/ -->\n<title>Fanpage Trends Maj 2012<\/title>\n<meta name=\"description\" content=\"Przeczytaj i pobierz raport Fanpage Trends z maja 2012. Sotrender - Social Media Marketing Blog.\" \/>\n<meta name=\"robots\" content=\"index, follow, max-snippet:-1, max-image-preview:large, max-video-preview:-1\" \/>\n<link rel=\"canonical\" href=\"https:\/\/www.sotrender.com\/blog\/pl\/2012\/06\/zapraszamy-do-lektury-majowych-fanpage-trends\/\" \/>\n<meta property=\"og:locale\" content=\"pl_PL\" \/>\n<meta property=\"og:type\" content=\"article\" \/>\n<meta property=\"og:title\" content=\"Fanpage Trends Maj 2012\" \/>\n<meta property=\"og:description\" content=\"Przeczytaj i pobierz raport Fanpage Trends z maja 2012. Sotrender - Social Media Marketing Blog.\" \/>\n<meta property=\"og:url\" content=\"https:\/\/www.sotrender.com\/blog\/pl\/2012\/06\/zapraszamy-do-lektury-majowych-fanpage-trends\/\" \/>\n<meta property=\"og:site_name\" content=\"Sotrender Blog\" \/>\n<meta property=\"article:publisher\" content=\"https:\/\/www.facebook.com\/Sotrender\" \/>\n<meta property=\"article:published_time\" content=\"2012-06-06T10:12:36+00:00\" \/>\n<meta property=\"article:modified_time\" content=\"2017-04-13T15:38:41+00:00\" \/>\n<meta property=\"og:image\" content=\"https:\/\/www.sotrender.com\/blog\/wp-content\/uploads\/2015\/07\/header_blog_3.jpg\" \/>\n\t<meta property=\"og:image:width\" content=\"1600\" \/>\n\t<meta property=\"og:image:height\" content=\"700\" \/>\n\t<meta property=\"og:image:type\" content=\"image\/jpeg\" \/>\n<meta name=\"author\" content=\"Aleksandra Prejs\" \/>\n<meta name=\"twitter:card\" content=\"summary_large_image\" \/>\n<meta name=\"twitter:creator\" content=\"@Sotrender\" \/>\n<meta name=\"twitter:site\" content=\"@Sotrender\" \/>\n<meta name=\"twitter:label1\" content=\"Written by\" \/>\n\t<meta name=\"twitter:data1\" content=\"Aleksandra Prejs\" \/>\n\t<meta name=\"twitter:label2\" content=\"Est. reading time\" \/>\n\t<meta name=\"twitter:data2\" content=\"2 minutes\" \/>\n<script type=\"application\/ld+json\" class=\"yoast-schema-graph\">{\"@context\":\"https:\/\/schema.org\",\"@graph\":[{\"@type\":\"WebPage\",\"@id\":\"https:\/\/www.sotrender.com\/blog\/pl\/2012\/06\/zapraszamy-do-lektury-majowych-fanpage-trends\/\",\"url\":\"https:\/\/www.sotrender.com\/blog\/pl\/2012\/06\/zapraszamy-do-lektury-majowych-fanpage-trends\/\",\"name\":\"Fanpage Trends Maj 2012\",\"isPartOf\":{\"@id\":\"https:\/\/www.sotrender.com\/blog\/#website\"},\"primaryImageOfPage\":{\"@id\":\"https:\/\/www.sotrender.com\/blog\/pl\/2012\/06\/zapraszamy-do-lektury-majowych-fanpage-trends\/#primaryimage\"},\"image\":{\"@id\":\"https:\/\/www.sotrender.com\/blog\/pl\/2012\/06\/zapraszamy-do-lektury-majowych-fanpage-trends\/#primaryimage\"},\"thumbnailUrl\":\"https:\/\/www.sotrender.com\/blog\/wp-content\/uploads\/2015\/07\/header_blog_3.jpg\",\"datePublished\":\"2012-06-06T10:12:36+00:00\",\"dateModified\":\"2017-04-13T15:38:41+00:00\",\"author\":{\"@id\":\"https:\/\/www.sotrender.com\/blog\/#\/schema\/person\/7106df62825269bc360ad9171cd7149b\"},\"description\":\"Przeczytaj i pobierz raport Fanpage Trends z maja 2012. Sotrender - Social Media Marketing Blog.\",\"breadcrumb\":{\"@id\":\"https:\/\/www.sotrender.com\/blog\/pl\/2012\/06\/zapraszamy-do-lektury-majowych-fanpage-trends\/#breadcrumb\"},\"inLanguage\":\"pl-PL\",\"potentialAction\":[{\"@type\":\"ReadAction\",\"target\":[\"https:\/\/www.sotrender.com\/blog\/pl\/2012\/06\/zapraszamy-do-lektury-majowych-fanpage-trends\/\"]}]},{\"@type\":\"ImageObject\",\"inLanguage\":\"pl-PL\",\"@id\":\"https:\/\/www.sotrender.com\/blog\/pl\/2012\/06\/zapraszamy-do-lektury-majowych-fanpage-trends\/#primaryimage\",\"url\":\"https:\/\/www.sotrender.com\/blog\/wp-content\/uploads\/2015\/07\/header_blog_3.jpg\",\"contentUrl\":\"https:\/\/www.sotrender.com\/blog\/wp-content\/uploads\/2015\/07\/header_blog_3.jpg\",\"width\":1600,\"height\":700},{\"@type\":\"BreadcrumbList\",\"@id\":\"https:\/\/www.sotrender.com\/blog\/pl\/2012\/06\/zapraszamy-do-lektury-majowych-fanpage-trends\/#breadcrumb\",\"itemListElement\":[{\"@type\":\"ListItem\",\"position\":1,\"name\":\"Home\",\"item\":\"https:\/\/www.sotrender.com\/blog\/\"},{\"@type\":\"ListItem\",\"position\":2,\"name\":\"Zapraszamy do lektury majowych Fanpage Trends\"}]},{\"@type\":\"WebSite\",\"@id\":\"https:\/\/www.sotrender.com\/blog\/#website\",\"url\":\"https:\/\/www.sotrender.com\/blog\/\",\"name\":\"Sotrender Blog\",\"description\":\"\",\"potentialAction\":[{\"@type\":\"SearchAction\",\"target\":{\"@type\":\"EntryPoint\",\"urlTemplate\":\"https:\/\/www.sotrender.com\/blog\/?s={search_term_string}\"},\"query-input\":\"required name=search_term_string\"}],\"inLanguage\":\"pl-PL\"},{\"@type\":\"Person\",\"@id\":\"https:\/\/www.sotrender.com\/blog\/#\/schema\/person\/7106df62825269bc360ad9171cd7149b\",\"name\":\"Aleksandra Prejs\",\"image\":{\"@type\":\"ImageObject\",\"inLanguage\":\"pl-PL\",\"@id\":\"https:\/\/www.sotrender.com\/blog\/#\/schema\/person\/image\/\",\"url\":\"https:\/\/secure.gravatar.com\/avatar\/469000454b77ff0aacb32c49dba023be?s=96&d=mm&r=g\",\"contentUrl\":\"https:\/\/secure.gravatar.com\/avatar\/469000454b77ff0aacb32c49dba023be?s=96&d=mm&r=g\",\"caption\":\"Aleksandra Prejs\"},\"url\":\"https:\/\/www.sotrender.com\/blog\/pl\/author\/aleksandra-prejs\/\"}]}<\/script>\n<!-- \/ Yoast SEO plugin. -->","yoast_head_json":{"title":"Fanpage Trends Maj 2012","description":"Przeczytaj i pobierz raport Fanpage Trends z maja 2012. Sotrender - Social Media Marketing Blog.","robots":{"index":"index","follow":"follow","max-snippet":"max-snippet:-1","max-image-preview":"max-image-preview:large","max-video-preview":"max-video-preview:-1"},"canonical":"https:\/\/www.sotrender.com\/blog\/pl\/2012\/06\/zapraszamy-do-lektury-majowych-fanpage-trends\/","og_locale":"pl_PL","og_type":"article","og_title":"Fanpage Trends Maj 2012","og_description":"Przeczytaj i pobierz raport Fanpage Trends z maja 2012. Sotrender - Social Media Marketing Blog.","og_url":"https:\/\/www.sotrender.com\/blog\/pl\/2012\/06\/zapraszamy-do-lektury-majowych-fanpage-trends\/","og_site_name":"Sotrender Blog","article_publisher":"https:\/\/www.facebook.com\/Sotrender","article_published_time":"2012-06-06T10:12:36+00:00","article_modified_time":"2017-04-13T15:38:41+00:00","og_image":[{"width":1600,"height":700,"url":"https:\/\/www.sotrender.com\/blog\/wp-content\/uploads\/2015\/07\/header_blog_3.jpg","type":"image\/jpeg"}],"author":"Aleksandra Prejs","twitter_card":"summary_large_image","twitter_creator":"@Sotrender","twitter_site":"@Sotrender","twitter_misc":{"Written by":"Aleksandra Prejs","Est. reading time":"2 minutes"},"schema":{"@context":"https:\/\/schema.org","@graph":[{"@type":"WebPage","@id":"https:\/\/www.sotrender.com\/blog\/pl\/2012\/06\/zapraszamy-do-lektury-majowych-fanpage-trends\/","url":"https:\/\/www.sotrender.com\/blog\/pl\/2012\/06\/zapraszamy-do-lektury-majowych-fanpage-trends\/","name":"Fanpage Trends Maj 2012","isPartOf":{"@id":"https:\/\/www.sotrender.com\/blog\/#website"},"primaryImageOfPage":{"@id":"https:\/\/www.sotrender.com\/blog\/pl\/2012\/06\/zapraszamy-do-lektury-majowych-fanpage-trends\/#primaryimage"},"image":{"@id":"https:\/\/www.sotrender.com\/blog\/pl\/2012\/06\/zapraszamy-do-lektury-majowych-fanpage-trends\/#primaryimage"},"thumbnailUrl":"https:\/\/www.sotrender.com\/blog\/wp-content\/uploads\/2015\/07\/header_blog_3.jpg","datePublished":"2012-06-06T10:12:36+00:00","dateModified":"2017-04-13T15:38:41+00:00","author":{"@id":"https:\/\/www.sotrender.com\/blog\/#\/schema\/person\/7106df62825269bc360ad9171cd7149b"},"description":"Przeczytaj i pobierz raport Fanpage Trends z maja 2012. Sotrender - Social Media Marketing Blog.","breadcrumb":{"@id":"https:\/\/www.sotrender.com\/blog\/pl\/2012\/06\/zapraszamy-do-lektury-majowych-fanpage-trends\/#breadcrumb"},"inLanguage":"pl-PL","potentialAction":[{"@type":"ReadAction","target":["https:\/\/www.sotrender.com\/blog\/pl\/2012\/06\/zapraszamy-do-lektury-majowych-fanpage-trends\/"]}]},{"@type":"ImageObject","inLanguage":"pl-PL","@id":"https:\/\/www.sotrender.com\/blog\/pl\/2012\/06\/zapraszamy-do-lektury-majowych-fanpage-trends\/#primaryimage","url":"https:\/\/www.sotrender.com\/blog\/wp-content\/uploads\/2015\/07\/header_blog_3.jpg","contentUrl":"https:\/\/www.sotrender.com\/blog\/wp-content\/uploads\/2015\/07\/header_blog_3.jpg","width":1600,"height":700},{"@type":"BreadcrumbList","@id":"https:\/\/www.sotrender.com\/blog\/pl\/2012\/06\/zapraszamy-do-lektury-majowych-fanpage-trends\/#breadcrumb","itemListElement":[{"@type":"ListItem","position":1,"name":"Home","item":"https:\/\/www.sotrender.com\/blog\/"},{"@type":"ListItem","position":2,"name":"Zapraszamy do lektury majowych Fanpage Trends"}]},{"@type":"WebSite","@id":"https:\/\/www.sotrender.com\/blog\/#website","url":"https:\/\/www.sotrender.com\/blog\/","name":"Sotrender Blog","description":"","potentialAction":[{"@type":"SearchAction","target":{"@type":"EntryPoint","urlTemplate":"https:\/\/www.sotrender.com\/blog\/?s={search_term_string}"},"query-input":"required name=search_term_string"}],"inLanguage":"pl-PL"},{"@type":"Person","@id":"https:\/\/www.sotrender.com\/blog\/#\/schema\/person\/7106df62825269bc360ad9171cd7149b","name":"Aleksandra Prejs","image":{"@type":"ImageObject","inLanguage":"pl-PL","@id":"https:\/\/www.sotrender.com\/blog\/#\/schema\/person\/image\/","url":"https:\/\/secure.gravatar.com\/avatar\/469000454b77ff0aacb32c49dba023be?s=96&d=mm&r=g","contentUrl":"https:\/\/secure.gravatar.com\/avatar\/469000454b77ff0aacb32c49dba023be?s=96&d=mm&r=g","caption":"Aleksandra Prejs"},"url":"https:\/\/www.sotrender.com\/blog\/pl\/author\/aleksandra-prejs\/"}]}},"_links":{"self":[{"href":"https:\/\/www.sotrender.com\/blog\/pl\/wp-json\/wp\/v2\/posts\/1273"}],"collection":[{"href":"https:\/\/www.sotrender.com\/blog\/pl\/wp-json\/wp\/v2\/posts"}],"about":[{"href":"https:\/\/www.sotrender.com\/blog\/pl\/wp-json\/wp\/v2\/types\/post"}],"author":[{"embeddable":true,"href":"https:\/\/www.sotrender.com\/blog\/pl\/wp-json\/wp\/v2\/users\/31"}],"replies":[{"embeddable":true,"href":"https:\/\/www.sotrender.com\/blog\/pl\/wp-json\/wp\/v2\/comments?post=1273"}],"version-history":[{"count":16,"href":"https:\/\/www.sotrender.com\/blog\/pl\/wp-json\/wp\/v2\/posts\/1273\/revisions"}],"predecessor-version":[{"id":26713,"href":"https:\/\/www.sotrender.com\/blog\/pl\/wp-json\/wp\/v2\/posts\/1273\/revisions\/26713"}],"wp:featuredmedia":[{"embeddable":true,"href":"https:\/\/www.sotrender.com\/blog\/pl\/wp-json\/wp\/v2\/media\/18901"}],"wp:attachment":[{"href":"https:\/\/www.sotrender.com\/blog\/pl\/wp-json\/wp\/v2\/media?parent=1273"}],"wp:term":[{"taxonomy":"category","embeddable":true,"href":"https:\/\/www.sotrender.com\/blog\/pl\/wp-json\/wp\/v2\/categories?post=1273"},{"taxonomy":"post_tag","embeddable":true,"href":"https:\/\/www.sotrender.com\/blog\/pl\/wp-json\/wp\/v2\/tags?post=1273"}],"curies":[{"name":"wp","href":"https:\/\/api.w.org\/{rel}","templated":true}]}}