{"id":12295,"date":"2014-06-05T11:39:19","date_gmt":"2014-06-05T10:39:19","guid":{"rendered":"http:\/\/blog.sotrender.com\/?p=12295"},"modified":"2015-12-01T22:02:25","modified_gmt":"2015-12-01T21:02:25","slug":"fanpagetrends-maj-2014","status":"publish","type":"post","link":"https:\/\/www.sotrender.com\/blog\/pl\/2014\/06\/fanpagetrends-maj-2014\/","title":{"rendered":"FanpageTrends Maj 2014 &#8211; Donatan i Cleo detronizuj\u0105 Chodakowsk\u0105"},"content":{"rendered":"<p style=\"text-align: justify;\">Maj na Facebooku w Polsce min\u0105\u0142 pod znakiem Dnia Matki. To w\u0142a\u015bnie 26 maja administratorzy opublikowali najwi\u0119cej wpis\u00f3w. Jednocze\u015bnie 21% wszystkich post\u00f3w z tego dnia dotyczy\u0142o w\u0142a\u015bnie \u015bwi\u0119ta mam. W majowych rankingach detronizacja. Po wyst\u0119pach w konkursie Eurowizji popularno\u015b\u0107 Donatana i Cleo poszybowa\u0142a w g\u00f3r\u0119 tak mocno,  \u017ce autorzy hitu &#8220;My S\u0142owianie&#8221; pozbawili najpopularniejsz\u0105 w Polsce trenerk\u0119 pierwszego miejsca w rankingu pod wzgl\u0119dem liczby zaanga\u017cowanych,  kt\u00f3re zajmowa\u0142a od dw\u00f3ch miesi\u0119cy. Co jeszcze w rankingach? <a title=\"Przejd\u017a do raportu\" href=\"http:\/\/www.sotrender.pl\/fanpage-trends\/201405\" target=\"_blank\"><strong>Zapraszamy do lektury majowego wydania raportu FanpageTrends!<\/strong><\/a><\/p>\n<p style=\"text-align: justify;\"><!--more--><\/p>\n<h2 style=\"text-align: justify;\"><b>Chodakowska bez korony dla najbardziej anga\u017cuj\u0105cej w <a title=\"Przejd\u017a do raportu\" href=\"http:\/\/www.sotrender.pl\/fanpage-trends\/201405\" target=\"_blank\">FanpageTrends<\/a><\/b><\/h2>\n<p style=\"text-align: justify;\">&#8230;ale jednak ci\u0105gle na podium. <a title=\"Zobacz profil na Facebooku\" href=\"https:\/\/www.facebook.com\/DonDonatan\" target=\"_blank\">Donatan<\/a> i <a title=\"Zobacz profil na Facebooku\" href=\"https:\/\/www.facebook.com\/CjakCLEO\" target=\"_blank\">Cleo<\/a> w rankingu najbardziej anga\u017cuj\u0105cych stron zanotowali naprawd\u0119 gigantyczne wzrosty i awansowali odpowiednio o 84 i 62 pozycje. Imponuj\u0105cy jest r\u00f3wnie\u017c majowy wzrost liczby fan\u00f3w autor\u00f3w <a title=\"Przejd\u017a do raportu YouTubeTrends\" href=\"https:\/\/www.sotrender.com\/blog\/pl\/2014\/06\/youtubetrends-maj-2014\/\" target=\"_blank\">teledysku najch\u0119tniej wy\u015bwietlanego na YouTube<\/a>. Donatanowi przyby\u0142o ponad 248 tys. zwolennik\u00f3w,  a Cleo zyska\u0142a ponad 452 tys. nowych fan\u00f3w. Muzycy zyskiwali wi\u0119c odpowiednio ponad 8 tys. oraz ponad 14, 5 tys. polubie\u0144 dziennie. Dla por\u00f3wnania,  stronie <a title=\"Zobacz profil na Facebooku\" href=\"https:\/\/www.facebook.com\/serceirozum\" target=\"_blank\">Serca i Rozumu<\/a>,  kt\u00f3ra zajmuje pierwsze miejsce pod wzgl\u0119dem liczby fan\u00f3w,  ka\u017cdego dnia przybywa\u0142o &#8220;tylko&#8221; 120 nowych sympatyk\u00f3w. Na trzecim miejscu pod wzgl\u0119dem najwi\u0119kszej zmiany liczby fan\u00f3w uplasowa\u0142 si\u0119 w maju <a title=\"Zobacz profil na Facebooku\" href=\"https:\/\/www.facebook.com\/janusz.korwin.mikke\" target=\"_blank\">Janusz Korwin-Mikke<\/a>,  kt\u00f3ry zyska\u0142 blisko 130 tys. zwolennik\u00f3w. <a title=\"Zobacz profil na Facebooku\" href=\"https:\/\/www.facebook.com\/chodakowskaewa\" target=\"_blank\">Chodakowskiej<\/a> na pocieszenie przypad\u0142o 1. miejsce w rankingu \u015bredniej dziennej os\u00f3b,  kt\u00f3re o tym m\u00f3wi\u0105.<\/p>\n<div id=\"attachment_12303\" style=\"width: 541px\" class=\"wp-caption aligncenter\"><a href=\"https:\/\/www.sotrender.com\/blog\/wp-content\/uploads\/2014\/06\/najbardziej-anga\u017cuj\u0105cy.jpg\"><img loading=\"lazy\" decoding=\"async\" aria-describedby=\"caption-attachment-12303\" class=\"size-full wp-image-12303\" src=\"https:\/\/www.sotrender.com\/blog\/wp-content\/uploads\/2014\/06\/najbardziej-anga\u017cuj\u0105cy.jpg\" alt=\"Najbardziej anga\u017cuj\u0105ce strony w FanpageTrends\" width=\"531\" height=\"208\" srcset=\"https:\/\/www.sotrender.com\/blog\/wp-content\/uploads\/2014\/06\/najbardziej-anga\u017cuj\u0105cy.jpg 531w, https:\/\/www.sotrender.com\/blog\/wp-content\/uploads\/2014\/06\/najbardziej-anga\u017cuj\u0105cy-475x186.jpg 475w\" sizes=\"(max-width: 531px) 100vw, 531px\" \/><\/a><p id=\"caption-attachment-12303\" class=\"wp-caption-text\">Najbardziej anga\u017cuj\u0105ce strony w FanpageTrends<\/p><\/div>\n<h2 style=\"text-align: justify;\"><b><a title=\"Analizuj obs\u0142ug\u0119 klienta na Facebooku z Sotrenderem\" href=\"https:\/\/www.sotrender.com\/blog\/pl\/2014\/04\/obsluga-klienta\/\" target=\"_blank\">Customer service na Facebooku<\/a> &#8211; najszybsi w 2 minuty<\/b><\/h2>\n<p style=\"text-align: justify;\"><a title=\"Zobacz ca\u0142\u0105 majow\u0105 infografik\u0119\" href=\"http:\/\/www.sotrender.pl\/uploads\/trends\/201405\/infograf_pl.png\" target=\"_blank\">Jak co miesi\u0105c na infografice poprzedzaj\u0105cej FanpageTrends<\/a> przedstawiamy strony,  kt\u00f3re w minionym okresie najszybciej odpowiada\u0142y na pytania u\u017cytkownik\u00f3w opublikowane na ich profilu. Ju\u017c od pewnego czasu z ka\u017cdym nowym miesi\u0105cem wydaje nam si\u0119,  \u017ce szybciej odpowiada\u0107 si\u0119 ju\u017c nie da,  jednak operatorzy telekomunikacyjni uparcie wyprowadzaj\u0105 nas z b\u0142\u0119du. W maju przekroczyli kolejn\u0105 granic\u0119. <a title=\"Zobacz profil na Facebooku\" href=\"https:\/\/www.facebook.com\/plus\" target=\"_blank\">Plus<\/a> na posty u\u017cytkownik\u00f3w odpowiada\u0142 po nieca\u0142ych 3 minutach od opublikowania. Serdecznie gratulujemy!<\/p>\n<div id=\"attachment_12305\" style=\"width: 290px\" class=\"wp-caption aligncenter\"><a href=\"https:\/\/www.sotrender.com\/blog\/wp-content\/uploads\/2014\/06\/najszybsi.jpg\"><img loading=\"lazy\" decoding=\"async\" aria-describedby=\"caption-attachment-12305\" class=\"size-full wp-image-12305\" src=\"https:\/\/www.sotrender.com\/blog\/wp-content\/uploads\/2014\/06\/najszybsi.jpg\" alt=\"Najszybciej komentuj\u0105cy w FanpageTrends\" width=\"280\" height=\"182\" \/><\/a><p id=\"caption-attachment-12305\" class=\"wp-caption-text\">Najszybciej komentuj\u0105cy w FanpageTrends<\/p><\/div>\n<p style=\"text-align: justify;\">A dla wszystkich,  kt\u00f3rzy chc\u0105 poprawi\u0107 jako\u015b\u0107 obs\u0142ugi klienta na Facebooku zapraszamy do testowania <a title=\"Przejd\u017a na stron\u0119 Sotrendera\" href=\"www.sotrender.pl\" target=\"_blank\">Sotrendera<\/a>,  w kt\u00f3rym opr\u00f3cz <a title=\"Przeczytaj wi\u0119cej o obs\u0142udze klienta\" href=\"https:\/\/www.sotrender.com\/blog\/pl\/2014\/04\/obsluga-klienta\/\" target=\"_blank\">zak\u0142adki umo\u017cliwiaj\u0105cej analizowanie czasu odpowiedzi oraz procenta post\u00f3w,  na kt\u00f3re zareagowali\u015bmy<\/a>,  ju\u017c nied\u0142ugo b\u0119dzie mo\u017cna znale\u017a\u0107 automatyczne wskaz\u00f3wki wskazuj\u0105ce aspekty,  kt\u00f3re wymagaj\u0105 poprawy.<\/p>\n<h2 style=\"text-align: justify;\"><b><a title=\"Przeczytaj ca\u0142\u0105 analiz\u0119 miesi\u0105ca\" href=\"https:\/\/www.sotrender.com\/blog\/pl\/2014\/06\/sri-zasieg\/\" target=\"_blank\">Sotrender Research Insight <\/a>&#8211; p\u0142acimy wi\u0119cej,  ale anga\u017cujemy mniej<\/b><\/h2>\n<p style=\"text-align: justify;\">W maju na Facebooku w Polsce zarejestrowali\u015bmy ponad 17 mln nowych polubie\u0144 profili. Ponadto u\u017cytkownicy ponad 52 mln razy klikn\u0119li w &#8220;Lubi\u0119 to&#8221;,  dodali 5 mln komentarzy oraz napisali na stronach ponad 248 tys. post\u00f3w. Analizy Sotrendera s\u0105 jednak nieub\u0142agalne,  zaanga\u017cowanie u\u017cytkownik\u00f3w spada,  a stronom coraz trudniej jest dotrze\u0107 do nich z bezp\u0142atn\u0105 komunikacj\u0105 chocia\u017c bardzo si\u0119 staraj\u0105. W ubieg\u0142ym miesi\u0105cu najpopularniejsze posty a\u017c 54% stron zawiera\u0142y zdj\u0119cia,  kt\u00f3re stosunkowo naj\u0142atwiej anga\u017cuj\u0105 u\u017cytkownik\u00f3w. <strong>Jednak w maju,  w por\u00f3wnaniu do grudnia br.,  posty zobaczy\u0142o o 5% wi\u0119cej fan\u00f3w. Nie ma tu jednak powod\u00f3w do rado\u015bci \u2013 u \u017ar\u00f3de\u0142 le\u017cy zasi\u0119g p\u0142atny,  kt\u00f3ry po raz pierwszy na prze\u0142omie stycznia i lutego przewy\u017cszy\u0142 zasi\u0119g organiczny.<\/strong> Jego wzrost nie oznacza jednak wzrostu przeci\u0119tnego zaanga\u017cowania. Wi\u0119cej o zmianach zasi\u0119g\u00f3w i zaanga\u017cowania w czasie przeczytacie w najnowszym wydaniu <a title=\"Przeczytaj ca\u0142\u0105 analiz\u0119 miesi\u0105ca\" href=\"https:\/\/www.sotrender.com\/blog\/pl\/2014\/06\/sri-zasieg\/\" target=\"_blank\">Sotrender Research Insight<\/a>!<\/p>\n<div id=\"attachment_12267\" style=\"width: 622px\" class=\"wp-caption aligncenter\"><a href=\"https:\/\/www.sotrender.com\/blog\/wp-content\/uploads\/2014\/06\/Wykres2.jpg\"><img loading=\"lazy\" decoding=\"async\" aria-describedby=\"caption-attachment-12267\" class=\"wp-image-12267\" src=\"https:\/\/www.sotrender.com\/blog\/wp-content\/uploads\/2014\/06\/Wykres2.jpg\" alt=\"Zasi\u0119g i zaanga\u017cowanie - zmiany w czasie\" width=\"612\" height=\"324\" srcset=\"https:\/\/www.sotrender.com\/blog\/wp-content\/uploads\/2014\/06\/Wykres2.jpg 1020w, https:\/\/www.sotrender.com\/blog\/wp-content\/uploads\/2014\/06\/Wykres2-475x251.jpg 475w, https:\/\/www.sotrender.com\/blog\/wp-content\/uploads\/2014\/06\/Wykres2-768x407.jpg 768w, https:\/\/www.sotrender.com\/blog\/wp-content\/uploads\/2014\/06\/Wykres2-950x503.jpg 950w, https:\/\/www.sotrender.com\/blog\/wp-content\/uploads\/2014\/06\/Wykres2-600x318.jpg 600w\" sizes=\"(max-width: 612px) 100vw, 612px\" \/><\/a><p id=\"caption-attachment-12267\" class=\"wp-caption-text\">Zasi\u0119g i zaanga\u017cowanie &#8211; zmiany w czasie<\/p><\/div>\n<h2 style=\"text-align: justify;\"><b>Aktywny maj w <a title=\"Przejd\u017a na stron\u0119 Sotrendera\" href=\"www.sotrender.pl\" target=\"_blank\">Sotrenderze<\/a><\/b><\/h2>\n<p style=\"text-align: justify;\">Wiosenne dni sp\u0119dzali\u015bmy na konferencjach,  wyk\u0142adach i rozwijaniu naszego narz\u0119dzia. Pojawili\u015bmy si\u0119 na <a title=\"Przejd\u017a na stron\u0119 konferencji\" href=\"https:\/\/www.google.pl\/url?sa=t&amp;rct=j&amp;q=&amp;esrc=s&amp;source=web&amp;cd=1&amp;cad=rja&amp;uact=8&amp;ved=0CCUQFjAA&amp;url=http%3A%2F%2Fsektor3-0.pl%2F&amp;ei=rkCQU_q7J_CX7QaF_oGgCA&amp;usg=AFQjCNEhQe7zVwKNyx6DWKlEGDPdzoWoug&amp;sig2=TLQGuQxnK66tA1XM8uh2uw&amp;bvm=bv.68445247, bs.1, d.bGE\" target=\"_blank\">Konferencji Sektor 3.0. Technologie w organizacjach pozarz\u0105dowych<\/a> w Warszawie oraz na <a title=\"Przejd\u017a na stron\u0119 konferencji\" href=\"http:\/\/www.infoshare.pl\/\" target=\"_blank\">infoShare<\/a> w Gda\u0144sku. Swoje stoisko mamy r\u00f3wnie\u017c na Mi\u0119dzynarodowych Targach Pozna\u0144skich,  podczas kt\u00f3rych prezentowali\u015bmy Sotrendera na <a title=\"Przejd\u017a na stron\u0119 wystawy\" href=\"http:\/\/www.pewuka.pl\/pl\/wystawcy\/\" target=\"_blank\">Powszechnej Wystawie Krajowej z okazji 25-lecia wolnej Polski<\/a>. Nasze stoisko znajdziecie w Strefie Start Up,  po\u015bwi\u0119conej &#8220;najbardziej oryginalnym pomys\u0142om m\u0142odych firm,  kt\u00f3re dzi\u015b stawiaj\u0105 pierwsze kroki,  w przysz\u0142o\u015bci mog\u0105 jednak sta\u0107 si\u0119 filarem polskiej gospodarki.&#8221; Jeste\u015bmy bardzo dumni,  \u017ce mo\u017cemy tam by\u0107!<\/p>\n<div id=\"attachment_12307\" style=\"width: 600px\" class=\"wp-caption aligncenter\"><a href=\"https:\/\/www.sotrender.com\/blog\/wp-content\/uploads\/2014\/06\/sotrender.jpg\"><img loading=\"lazy\" decoding=\"async\" aria-describedby=\"caption-attachment-12307\" class=\"size-full wp-image-12307\" src=\"https:\/\/www.sotrender.com\/blog\/wp-content\/uploads\/2014\/06\/sotrender.jpg\" alt=\"Zobacz nasz\u0105 prezentacj\u0119 z wyk\u0142adu na Akademii Biznesu\" width=\"590\" height=\"307\" srcset=\"https:\/\/www.sotrender.com\/blog\/wp-content\/uploads\/2014\/06\/sotrender.jpg 590w, https:\/\/www.sotrender.com\/blog\/wp-content\/uploads\/2014\/06\/sotrender-475x247.jpg 475w\" sizes=\"(max-width: 590px) 100vw, 590px\" \/><\/a><p id=\"caption-attachment-12307\" class=\"wp-caption-text\">Zobacz nasz\u0105 prezentacj\u0119 z wyk\u0142adu na Akademii Biznesu<\/p><\/div>\n<p style=\"text-align: justify;\"><a title=\"Przejd\u017a na stron\u0119 Sotrendera\" href=\"www.sotrender.pl\" target=\"_blank\">Sotrender<\/a> to jednak nie tylko konferencje i targi,  ale r\u00f3wnie\u017c dzia\u0142alno\u015b\u0107 edukacyjna. W maju dla ngo.pl przeprowadzili\u015bmy <a title=\"Obejrzyj seminarium prowadzone przez przedstawicieli Sotrendera\" href=\"http:\/\/wiadomosci.ngo.pl\/wiadomosci\/981362.html\" target=\"_blank\">seminarium na temat zasi\u0119gu w social media,  kt\u00f3re mo\u017cecie obejrze\u0107 na stronie wiadomo\u015bci.ngo.pl<\/a>. Poprowadzili\u015bmy r\u00f3wnie\u017c wyk\u0142ad na warszawskiej <a title=\"Przejd\u017a na stron\u0119 Akademii\" href=\"http:\/\/www.akademia-biznesu.pl\/\" target=\"_blank\">Akademii Biznesu<\/a>,  podczas kt\u00f3rego opowiadali\u015bmy m.in. o ziemniakach i wyja\u015bniali\u015bmy,  jak si\u0119 one \u0142\u0105cz\u0105 z zaanga\u017cowaniem i zmianami zasi\u0119gu. Prezentacj\u0119 z naszego wyk\u0142adu znajdziecie na <a title=\"Zobacz nasz\u0105 prezentacj\u0119 z wyk\u0142adu na Akademii Biznesu\" href=\"http:\/\/www.slideshare.net\/FanpageTrender\/social-media-market-intelligence\" target=\"_blank\">slideshare.net\/FanpageTrender<\/a>.<\/p>\n<h2 style=\"text-align: center;\"><a title=\"Przejd\u017a do raportu\" href=\"http:\/\/www.sotrender.pl\/fanpage-trends\/201405\" target=\"_blank\">Zapraszamy do lektury majowego wydania FanpageTrends!<\/a><\/h2>\n","protected":false},"excerpt":{"rendered":"<p>Maj na Facebooku w Polsce min\u0105\u0142 pod znakiem Dnia Matki. To w\u0142a\u015bnie 26 maja administratorzy opublikowali najwi\u0119cej wpis\u00f3w. Jednocze\u015bnie 21% wszystkich post\u00f3w z tego dnia dotyczy\u0142o w\u0142a\u015bnie \u015bwi\u0119ta mam. W majowych rankingach detronizacja. Po wyst\u0119pach w konkursie Eurowizji popularno\u015b\u0107 Donatana i Cleo poszybowa\u0142a w g\u00f3r\u0119 tak mocno, \u017ce autorzy hitu &#8220;My S\u0142owianie&#8221; pozbawili najpopularniejsz\u0105 w [&hellip;]<\/p>\n","protected":false},"author":31,"featured_media":14935,"comment_status":"open","ping_status":"open","sticky":false,"template":"","format":"standard","meta":{"inline_featured_image":false,"footnotes":""},"categories":[1791,1797],"tags":[31,467,499,841,843,845,7,17,25],"yoast_head":"<!-- This site is optimized with the Yoast SEO plugin v22.4 - https:\/\/yoast.com\/wordpress\/plugins\/seo\/ -->\n<title>FanpageTrends Maj 2014 - Donatan i Cleo detronizuj\u0105 Chodakowsk\u0105<\/title>\n<meta name=\"description\" content=\"Sotrender zaprasza do lektury majowego wydania raportu FanpageTrends, w kt\u00f3rym podsumowuje najciekawsze wydarzenia na Facebooku w Polsce.\" \/>\n<meta name=\"robots\" content=\"index, follow, max-snippet:-1, max-image-preview:large, max-video-preview:-1\" \/>\n<link rel=\"canonical\" href=\"https:\/\/www.sotrender.com\/blog\/pl\/2014\/06\/fanpagetrends-maj-2014\/\" \/>\n<meta property=\"og:locale\" content=\"pl_PL\" \/>\n<meta property=\"og:type\" content=\"article\" \/>\n<meta property=\"og:title\" content=\"FanpageTrends Maj 2014 - Donatan i Cleo detronizuj\u0105 Chodakowsk\u0105\" \/>\n<meta property=\"og:description\" content=\"Sotrender zaprasza do lektury majowego wydania raportu FanpageTrends, w kt\u00f3rym podsumowuje najciekawsze wydarzenia na Facebooku w Polsce.\" \/>\n<meta property=\"og:url\" content=\"https:\/\/www.sotrender.com\/blog\/pl\/2014\/06\/fanpagetrends-maj-2014\/\" \/>\n<meta property=\"og:site_name\" content=\"Sotrender Blog\" \/>\n<meta property=\"article:publisher\" content=\"https:\/\/www.facebook.com\/Sotrender\" \/>\n<meta property=\"article:published_time\" content=\"2014-06-05T10:39:19+00:00\" \/>\n<meta property=\"article:modified_time\" content=\"2015-12-01T21:02:25+00:00\" \/>\n<meta property=\"og:image\" content=\"https:\/\/www.sotrender.com\/blog\/wp-content\/uploads\/2014\/09\/trends.jpg\" \/>\n\t<meta property=\"og:image:width\" content=\"1600\" \/>\n\t<meta property=\"og:image:height\" content=\"700\" \/>\n\t<meta property=\"og:image:type\" content=\"image\/jpeg\" \/>\n<meta name=\"author\" content=\"Aleksandra Prejs\" \/>\n<meta name=\"twitter:card\" content=\"summary_large_image\" \/>\n<meta name=\"twitter:creator\" content=\"@Sotrender\" \/>\n<meta name=\"twitter:site\" content=\"@Sotrender\" \/>\n<meta name=\"twitter:label1\" content=\"Written by\" \/>\n\t<meta name=\"twitter:data1\" content=\"Aleksandra Prejs\" \/>\n\t<meta name=\"twitter:label2\" content=\"Est. reading time\" \/>\n\t<meta name=\"twitter:data2\" content=\"4 minutes\" \/>\n<script type=\"application\/ld+json\" class=\"yoast-schema-graph\">{\"@context\":\"https:\/\/schema.org\",\"@graph\":[{\"@type\":\"WebPage\",\"@id\":\"https:\/\/www.sotrender.com\/blog\/pl\/2014\/06\/fanpagetrends-maj-2014\/\",\"url\":\"https:\/\/www.sotrender.com\/blog\/pl\/2014\/06\/fanpagetrends-maj-2014\/\",\"name\":\"FanpageTrends Maj 2014 - Donatan i Cleo detronizuj\u0105 Chodakowsk\u0105\",\"isPartOf\":{\"@id\":\"https:\/\/www.sotrender.com\/blog\/#website\"},\"primaryImageOfPage\":{\"@id\":\"https:\/\/www.sotrender.com\/blog\/pl\/2014\/06\/fanpagetrends-maj-2014\/#primaryimage\"},\"image\":{\"@id\":\"https:\/\/www.sotrender.com\/blog\/pl\/2014\/06\/fanpagetrends-maj-2014\/#primaryimage\"},\"thumbnailUrl\":\"https:\/\/www.sotrender.com\/blog\/wp-content\/uploads\/2014\/09\/trends.jpg\",\"datePublished\":\"2014-06-05T10:39:19+00:00\",\"dateModified\":\"2015-12-01T21:02:25+00:00\",\"author\":{\"@id\":\"https:\/\/www.sotrender.com\/blog\/#\/schema\/person\/7106df62825269bc360ad9171cd7149b\"},\"description\":\"Sotrender zaprasza do lektury majowego wydania raportu FanpageTrends, w kt\u00f3rym podsumowuje najciekawsze wydarzenia na Facebooku w Polsce.\",\"breadcrumb\":{\"@id\":\"https:\/\/www.sotrender.com\/blog\/pl\/2014\/06\/fanpagetrends-maj-2014\/#breadcrumb\"},\"inLanguage\":\"pl-PL\",\"potentialAction\":[{\"@type\":\"ReadAction\",\"target\":[\"https:\/\/www.sotrender.com\/blog\/pl\/2014\/06\/fanpagetrends-maj-2014\/\"]}]},{\"@type\":\"ImageObject\",\"inLanguage\":\"pl-PL\",\"@id\":\"https:\/\/www.sotrender.com\/blog\/pl\/2014\/06\/fanpagetrends-maj-2014\/#primaryimage\",\"url\":\"https:\/\/www.sotrender.com\/blog\/wp-content\/uploads\/2014\/09\/trends.jpg\",\"contentUrl\":\"https:\/\/www.sotrender.com\/blog\/wp-content\/uploads\/2014\/09\/trends.jpg\",\"width\":1600,\"height\":700},{\"@type\":\"BreadcrumbList\",\"@id\":\"https:\/\/www.sotrender.com\/blog\/pl\/2014\/06\/fanpagetrends-maj-2014\/#breadcrumb\",\"itemListElement\":[{\"@type\":\"ListItem\",\"position\":1,\"name\":\"Home\",\"item\":\"https:\/\/www.sotrender.com\/blog\/\"},{\"@type\":\"ListItem\",\"position\":2,\"name\":\"FanpageTrends Maj 2014 &#8211; Donatan i Cleo detronizuj\u0105 Chodakowsk\u0105\"}]},{\"@type\":\"WebSite\",\"@id\":\"https:\/\/www.sotrender.com\/blog\/#website\",\"url\":\"https:\/\/www.sotrender.com\/blog\/\",\"name\":\"Sotrender Blog\",\"description\":\"\",\"potentialAction\":[{\"@type\":\"SearchAction\",\"target\":{\"@type\":\"EntryPoint\",\"urlTemplate\":\"https:\/\/www.sotrender.com\/blog\/?s={search_term_string}\"},\"query-input\":\"required name=search_term_string\"}],\"inLanguage\":\"pl-PL\"},{\"@type\":\"Person\",\"@id\":\"https:\/\/www.sotrender.com\/blog\/#\/schema\/person\/7106df62825269bc360ad9171cd7149b\",\"name\":\"Aleksandra Prejs\",\"image\":{\"@type\":\"ImageObject\",\"inLanguage\":\"pl-PL\",\"@id\":\"https:\/\/www.sotrender.com\/blog\/#\/schema\/person\/image\/\",\"url\":\"https:\/\/secure.gravatar.com\/avatar\/469000454b77ff0aacb32c49dba023be?s=96&d=mm&r=g\",\"contentUrl\":\"https:\/\/secure.gravatar.com\/avatar\/469000454b77ff0aacb32c49dba023be?s=96&d=mm&r=g\",\"caption\":\"Aleksandra Prejs\"},\"url\":\"https:\/\/www.sotrender.com\/blog\/pl\/author\/aleksandra-prejs\/\"}]}<\/script>\n<!-- \/ Yoast SEO plugin. -->","yoast_head_json":{"title":"FanpageTrends Maj 2014 - Donatan i Cleo detronizuj\u0105 Chodakowsk\u0105","description":"Sotrender zaprasza do lektury majowego wydania raportu FanpageTrends, w kt\u00f3rym podsumowuje najciekawsze wydarzenia na Facebooku w Polsce.","robots":{"index":"index","follow":"follow","max-snippet":"max-snippet:-1","max-image-preview":"max-image-preview:large","max-video-preview":"max-video-preview:-1"},"canonical":"https:\/\/www.sotrender.com\/blog\/pl\/2014\/06\/fanpagetrends-maj-2014\/","og_locale":"pl_PL","og_type":"article","og_title":"FanpageTrends Maj 2014 - Donatan i Cleo detronizuj\u0105 Chodakowsk\u0105","og_description":"Sotrender zaprasza do lektury majowego wydania raportu FanpageTrends, w kt\u00f3rym podsumowuje najciekawsze wydarzenia na Facebooku w Polsce.","og_url":"https:\/\/www.sotrender.com\/blog\/pl\/2014\/06\/fanpagetrends-maj-2014\/","og_site_name":"Sotrender Blog","article_publisher":"https:\/\/www.facebook.com\/Sotrender","article_published_time":"2014-06-05T10:39:19+00:00","article_modified_time":"2015-12-01T21:02:25+00:00","og_image":[{"width":1600,"height":700,"url":"https:\/\/www.sotrender.com\/blog\/wp-content\/uploads\/2014\/09\/trends.jpg","type":"image\/jpeg"}],"author":"Aleksandra Prejs","twitter_card":"summary_large_image","twitter_creator":"@Sotrender","twitter_site":"@Sotrender","twitter_misc":{"Written by":"Aleksandra Prejs","Est. reading time":"4 minutes"},"schema":{"@context":"https:\/\/schema.org","@graph":[{"@type":"WebPage","@id":"https:\/\/www.sotrender.com\/blog\/pl\/2014\/06\/fanpagetrends-maj-2014\/","url":"https:\/\/www.sotrender.com\/blog\/pl\/2014\/06\/fanpagetrends-maj-2014\/","name":"FanpageTrends Maj 2014 - Donatan i Cleo detronizuj\u0105 Chodakowsk\u0105","isPartOf":{"@id":"https:\/\/www.sotrender.com\/blog\/#website"},"primaryImageOfPage":{"@id":"https:\/\/www.sotrender.com\/blog\/pl\/2014\/06\/fanpagetrends-maj-2014\/#primaryimage"},"image":{"@id":"https:\/\/www.sotrender.com\/blog\/pl\/2014\/06\/fanpagetrends-maj-2014\/#primaryimage"},"thumbnailUrl":"https:\/\/www.sotrender.com\/blog\/wp-content\/uploads\/2014\/09\/trends.jpg","datePublished":"2014-06-05T10:39:19+00:00","dateModified":"2015-12-01T21:02:25+00:00","author":{"@id":"https:\/\/www.sotrender.com\/blog\/#\/schema\/person\/7106df62825269bc360ad9171cd7149b"},"description":"Sotrender zaprasza do lektury majowego wydania raportu FanpageTrends, w kt\u00f3rym podsumowuje najciekawsze wydarzenia na Facebooku w Polsce.","breadcrumb":{"@id":"https:\/\/www.sotrender.com\/blog\/pl\/2014\/06\/fanpagetrends-maj-2014\/#breadcrumb"},"inLanguage":"pl-PL","potentialAction":[{"@type":"ReadAction","target":["https:\/\/www.sotrender.com\/blog\/pl\/2014\/06\/fanpagetrends-maj-2014\/"]}]},{"@type":"ImageObject","inLanguage":"pl-PL","@id":"https:\/\/www.sotrender.com\/blog\/pl\/2014\/06\/fanpagetrends-maj-2014\/#primaryimage","url":"https:\/\/www.sotrender.com\/blog\/wp-content\/uploads\/2014\/09\/trends.jpg","contentUrl":"https:\/\/www.sotrender.com\/blog\/wp-content\/uploads\/2014\/09\/trends.jpg","width":1600,"height":700},{"@type":"BreadcrumbList","@id":"https:\/\/www.sotrender.com\/blog\/pl\/2014\/06\/fanpagetrends-maj-2014\/#breadcrumb","itemListElement":[{"@type":"ListItem","position":1,"name":"Home","item":"https:\/\/www.sotrender.com\/blog\/"},{"@type":"ListItem","position":2,"name":"FanpageTrends Maj 2014 &#8211; Donatan i Cleo detronizuj\u0105 Chodakowsk\u0105"}]},{"@type":"WebSite","@id":"https:\/\/www.sotrender.com\/blog\/#website","url":"https:\/\/www.sotrender.com\/blog\/","name":"Sotrender Blog","description":"","potentialAction":[{"@type":"SearchAction","target":{"@type":"EntryPoint","urlTemplate":"https:\/\/www.sotrender.com\/blog\/?s={search_term_string}"},"query-input":"required name=search_term_string"}],"inLanguage":"pl-PL"},{"@type":"Person","@id":"https:\/\/www.sotrender.com\/blog\/#\/schema\/person\/7106df62825269bc360ad9171cd7149b","name":"Aleksandra Prejs","image":{"@type":"ImageObject","inLanguage":"pl-PL","@id":"https:\/\/www.sotrender.com\/blog\/#\/schema\/person\/image\/","url":"https:\/\/secure.gravatar.com\/avatar\/469000454b77ff0aacb32c49dba023be?s=96&d=mm&r=g","contentUrl":"https:\/\/secure.gravatar.com\/avatar\/469000454b77ff0aacb32c49dba023be?s=96&d=mm&r=g","caption":"Aleksandra Prejs"},"url":"https:\/\/www.sotrender.com\/blog\/pl\/author\/aleksandra-prejs\/"}]}},"_links":{"self":[{"href":"https:\/\/www.sotrender.com\/blog\/pl\/wp-json\/wp\/v2\/posts\/12295"}],"collection":[{"href":"https:\/\/www.sotrender.com\/blog\/pl\/wp-json\/wp\/v2\/posts"}],"about":[{"href":"https:\/\/www.sotrender.com\/blog\/pl\/wp-json\/wp\/v2\/types\/post"}],"author":[{"embeddable":true,"href":"https:\/\/www.sotrender.com\/blog\/pl\/wp-json\/wp\/v2\/users\/31"}],"replies":[{"embeddable":true,"href":"https:\/\/www.sotrender.com\/blog\/pl\/wp-json\/wp\/v2\/comments?post=12295"}],"version-history":[{"count":8,"href":"https:\/\/www.sotrender.com\/blog\/pl\/wp-json\/wp\/v2\/posts\/12295\/revisions"}],"predecessor-version":[{"id":14873,"href":"https:\/\/www.sotrender.com\/blog\/pl\/wp-json\/wp\/v2\/posts\/12295\/revisions\/14873"}],"wp:featuredmedia":[{"embeddable":true,"href":"https:\/\/www.sotrender.com\/blog\/pl\/wp-json\/wp\/v2\/media\/14935"}],"wp:attachment":[{"href":"https:\/\/www.sotrender.com\/blog\/pl\/wp-json\/wp\/v2\/media?parent=12295"}],"wp:term":[{"taxonomy":"category","embeddable":true,"href":"https:\/\/www.sotrender.com\/blog\/pl\/wp-json\/wp\/v2\/categories?post=12295"},{"taxonomy":"post_tag","embeddable":true,"href":"https:\/\/www.sotrender.com\/blog\/pl\/wp-json\/wp\/v2\/tags?post=12295"}],"curies":[{"name":"wp","href":"https:\/\/api.w.org\/{rel}","templated":true}]}}