{"id":1211,"date":"2012-06-01T14:27:14","date_gmt":"2012-06-01T13:27:14","guid":{"rendered":"http:\/\/blog.sotrender.com\/?p=1211"},"modified":"2015-12-28T12:09:57","modified_gmt":"2015-12-28T11:09:57","slug":"po-konferencji-nowe-trendy-w-marketingu-i-komunikacji","status":"publish","type":"post","link":"https:\/\/www.sotrender.com\/blog\/pl\/2012\/06\/po-konferencji-nowe-trendy-w-marketingu-i-komunikacji\/","title":{"rendered":"Po konferencji Nowe trendy w marketingu i komunikacji"},"content":{"rendered":"<p>Wczorajszy dzie\u0144 sp\u0119dzi\u0142em\u00a0na bardzo ciekawej konferencji \u201e<a href=\"http:\/\/cyfrowagospodarka.pl\/nowe-trendy-w-marketingu-i-komunikacji\/\">Nowe trendy w marketingu i komunikacji<\/a>\u201d. \u015awietne prezentacje dotycz\u0105ce r\u00f3\u017cnych aspekt\u00f3w <strong>reklamy i marketingu w sieci<\/strong> (social media,  mobile,  e-mail,  SEM,  gry) i \u017cywe dyskusje. \u00a0Ca\u0142o\u015b\u0107 z kieszeni podatnika UE,  w ramach\u00a0\u00a0programu\u00a0<a href=\"http:\/\/cyfrowagospodarka.pl\/\">\u201eTrendy rozwojowe i zmiany gospodarcze w regionie\u201d<\/a>,  wsp\u00f3\u0142finansowanego \u00a0w ramach <strong>Europejskiego Funduszu Spo\u0142ecznego<\/strong>. Konferencj\u0119,  jak i ca\u0142y projekt,  zorganizowa\u0142a firma <a href=\"http:\/\/www.mgg-conferences.pl\/\">MGG Conferences<\/a>.<br \/>\n<!--more--><\/p>\n<h3>Prezentacja <em>Po co firmom Facebook?<\/em><\/h3>\n<p>M\u00f3wi\u0142em,  jak zwykle ostatnio,  o Facebooku i szerzej <strong>marketingu w social media<\/strong>. Po wyst\u0105pieniu mia\u0142em d\u0142ug\u0105 dyskusj\u0119 z uczestnikami dotycz\u0105c\u0105 wiecznie aktualnego pytania:\u00a0po co firmom Facebook. Wci\u0105\u017c du\u017ce zainteresowanie wywo\u0142uje przede wszystkim dzia\u0142anie <strong>Edge Ranka<\/strong>,  omawianie w zasadzie bezustanne (\u015bwietny przyk\u0142ad fanpage&#8217;a \u201eJesus Daily\u201d \u2013 dzi\u0119ki dla <a href=\"http:\/\/www.linkedin.com\/in\/yuridrabent\">Yuriego Drabenta\u00a0<\/a>za inspiracje!) \u2013 oraz to,  \u017ce na Facebooku<strong> \u201eliczba fan\u00f3w\u201d a \u201ezasi\u0119g i zaanga\u017cowanie\u201d<\/strong> to dwie r\u00f3\u017cne sprawy.<!--more-->Niestety,  mechanizmy dzia\u0142ania Facebooka nawet dla wielu marketer\u00f3w s\u0105 nieprzeniknione,  wci\u0105\u017c potrzebna jest edukacja&#8230; Brakuje te\u017c najlepszych praktyk i <strong>&#8220;success stories&#8221;<\/strong> z nietypowych bran\u017cy,  bo dla wielu firm ugryzienie obecno\u015bci w mediach spo\u0142eczno\u015bciowych jest wci\u0105\u017c kwesti\u0105 nietrywialn\u0105. St\u0105d moje rozmowy z obecnymi na sali przedstawicielami \u00a0firmy energetycznej oraz przewo\u017anika kolejowego.<\/p>\n<p><a href=\"https:\/\/www.sotrender.com\/blog\/wp-content\/uploads\/2012\/06\/Jan_Zaj\u0105c_Nowe_trendy.jpg\"><img loading=\"lazy\" decoding=\"async\" class=\"aligncenter size-medium wp-image-1235\" title=\"Jan Zaj\u0105c Nowe Trendy\" src=\"https:\/\/www.sotrender.com\/blog\/wp-content\/uploads\/2012\/06\/Jan_Zaj\u0105c_Nowe_trendy-300x225.jpg\" alt=\"\" width=\"300\" height=\"225\" \/><\/a><\/p>\n<p>Wyj\u0105tkowe by\u0142o to,  \u017ce interesuj\u0105ca konferencja bran\u017cowa by\u0142a<strong> bezp\u0142atna<\/strong>,  i jeszcze z wyszynkiem dla uczestnik\u00f3w;) \u00a0Chwa\u0142a za to Unii Europejskiej. W przysz\u0142o\u015bci warto pomy\u015ble\u0107 o transmisji online \u00a0lub przynajmniej uwiecznieniu wyst\u0105pie\u0144 na video \u2013 mo\u017cna by z tego zrobi\u0107 naprawd\u0119 ciekawe materia\u0142y edukacyjne i umie\u015bci\u0107 w sieci.<\/p>\n<h3>Inne,  ciekawe prezentacje<\/h3>\n<p>Dla tych,  kt\u00f3rzy nie dotarli &#8211; w dw\u00f3ch s\u0142owach o tym,  co m\u00f3wili prelegenci:<\/p>\n<ul>\n<li><a href=\"http:\/\/hatalska.com\/\">Natalia Hatalska<\/a>\u00a0\u2013 przedstawi\u0142a to,  co j\u0105 fascynuje: <strong>gad\u017cety w reklamie!<\/strong> Zobaczyli\u015bmy przyk\u0142ady rodem z film\u00f3w sci-fi,  kt\u00f3re ju\u017c dzisiaj s\u0105 obecne w kampaniach &#8211; w wielu osobach budzi to obawy&#8230;<\/li>\n<li><a href=\"http:\/\/sna.pl\/dbatorski\/\">Dominik Batorski<\/a>\u00a0\u2013 nasz cz\u0142owiek,  pokaza\u0142 ciekawe dane dotycz\u0105ce zmieniaj\u0105cych si\u0119 relacji mi\u0119dzy firmami i konsumentami.<\/li>\n<\/ul>\n<p><img loading=\"lazy\" decoding=\"async\" class=\"aligncenter size-medium wp-image-1221\" title=\"Dominik_Batorski_Nowe_trendy\" src=\"https:\/\/www.sotrender.com\/blog\/wp-content\/uploads\/2012\/06\/Dominik_Batorski_Nowe_trendy-300x224.jpg\" alt=\"\" width=\"300\" height=\"224\" \/><\/p>\n<ul>\n<li><a href=\"http:\/\/jacekjankowski.pl\/\">Jacek Jankowski<\/a>\u00a0\u2013 podziwiam go za upart\u0105 edukacj\u0119,  \u017ce gry nie s\u0105 tylko i wy\u0142\u0105cznie domen\u0105 dzieciak\u00f3w,  a wi\u0119kszo\u015b\u0107 graczy w Polsce to kobiety.<\/li>\n<li><a href=\"http:\/\/www.linkedin.com\/pub\/szymon-%C5%9Blipko\/49\/210\/137\">Szymon \u015alipko<\/a> &#8211; sporo informacji o <strong>wykorzystaniu blog\u00f3w i bloger\u00f3w w dzia\u0142aniach marketingowych<\/strong>.<\/li>\n<li><a href=\"https:\/\/twitter.com\/#%21\/g00rek\">Micha\u0142 G\u00f3recki<\/a>\u00a0\u2013 \u017cywo i ze swad\u0105 o <strong>aplikacjach mobilnych<\/strong> i ich zastosowaniu w codziennych aktywno\u015bciach. Pokaz na \u017cywo z iphone\u2019a \u2013 i o dziwo wszystko zadzia\u0142a\u0142o \ud83d\ude09<\/li>\n<li><a href=\"http:\/\/www.emailmarketing.pl\/\">Maciej Ossowski<\/a>\u00a0\u2013 pokaza\u0142,  \u017ce tak wa\u017cne trendy,  jak social,  mobile i retargeting maj\u0105 obecnie wielkie znaczenie te\u017c dla e-mail marketingu. Ten dobrze znany kana\u0142 wci\u0105\u017c jest \u017cywy i wa\u017cny,  cho\u0107 na niedawnej konferencji <a href=\"http:\/\/www.socialmediaresultsconference.com\/\">Social Media Results<\/a> w Londynie jedna z prelegentek przekonywa\u0142a,  \u017ce nie ma ju\u017c sensu \ud83d\ude09<\/li>\n<li><a href=\"http:\/\/www.linkedin.com\/pub\/maciej-wozniak\/2\/262\/698\">Maciej Wo\u017aniak<\/a>\u00a0&#8211; przedstawi\u0142 zar\u00f3wno <strong>podstawy SEM<\/strong>,  jak i troch\u0119 nowinek z tej bran\u017cy \u2013 a w tle,  jak zwykle, \u00a0 social i mobile.<\/li>\n<li>A na koniec odby\u0142 si\u0119 panel dyskusyjny bloger\u00f3w (<a href=\"http:\/\/blog.kurasinski.com\/\">Artur Kurasi\u0144ski<\/a>, \u00a0<a href=\"http:\/\/lipiec.waw.pl\/\">Pawe\u0142 Lipiec<\/a>, \u00a0<a href=\"http:\/\/mediafun.pl\/\">Maciek Budzich<\/a>),  zako\u0144czony wezwaniem przez Ma\u0107ka starszej generacji do vlogowania \ud83d\ude09<\/li>\n<\/ul>\n<p>Prezentacje maj\u0105 by\u0107 dost\u0119pne w ci\u0105gu tygodnia <a href=\"http:\/\/cyfrowagospodarka.pl\/\">na stronie programu<\/a>.<\/p>\n<p>W ramach <a href=\"http:\/\/cyfrowagospodarka.pl\">cyklu \u201eTrendy rozwojowe i zmiany gospodarcze w regionie\u201d<\/a>\u00a0odb\u0119dzie si\u0119 jeszcze 1 konferencja &#8211; 26 czerwca. Temat i program b\u0119dzie wkr\u00f3tce na stronie.<\/p>\n","protected":false},"excerpt":{"rendered":"<p>Wczorajszy dzie\u0144 sp\u0119dzi\u0142em\u00a0na bardzo ciekawej konferencji \u201eNowe trendy w marketingu i komunikacji\u201d. \u015awietne prezentacje dotycz\u0105ce r\u00f3\u017cnych aspekt\u00f3w reklamy i marketingu w sieci (social media, mobile, e-mail, SEM, gry) i \u017cywe dyskusje. \u00a0Ca\u0142o\u015b\u0107 z kieszeni podatnika UE, w ramach\u00a0\u00a0programu\u00a0\u201eTrendy rozwojowe i zmiany gospodarcze w regionie\u201d, wsp\u00f3\u0142finansowanego \u00a0w ramach Europejskiego Funduszu Spo\u0142ecznego. Konferencj\u0119, jak i ca\u0142y projekt, [&hellip;]<\/p>\n","protected":false},"author":2,"featured_media":18901,"comment_status":"open","ping_status":"open","sticky":false,"template":"","format":"standard","meta":{"inline_featured_image":false,"footnotes":""},"categories":[1795,1797],"tags":[7,303,315],"yoast_head":"<!-- This site is optimized with the Yoast SEO plugin v22.4 - https:\/\/yoast.com\/wordpress\/plugins\/seo\/ -->\n<title>Sotrender na konferencji Nowe trendy w marketingu i komunikacji<\/title>\n<meta name=\"description\" content=\"Przeczytaj nasz\u0105 relacj\u0119 z konferencji Nowe trendy w marketingu i komunikacji i zobacz prezentacje. Sotrender - Social Media Marketing Blog.\" \/>\n<meta name=\"robots\" content=\"index, follow, max-snippet:-1, max-image-preview:large, max-video-preview:-1\" \/>\n<link rel=\"canonical\" href=\"https:\/\/www.sotrender.com\/blog\/pl\/2012\/06\/po-konferencji-nowe-trendy-w-marketingu-i-komunikacji\/\" \/>\n<meta property=\"og:locale\" content=\"pl_PL\" \/>\n<meta property=\"og:type\" content=\"article\" \/>\n<meta property=\"og:title\" content=\"Sotrender na konferencji Nowe trendy w marketingu i komunikacji\" \/>\n<meta property=\"og:description\" content=\"Przeczytaj nasz\u0105 relacj\u0119 z konferencji Nowe trendy w marketingu i komunikacji i zobacz prezentacje. Sotrender - Social Media Marketing Blog.\" \/>\n<meta property=\"og:url\" content=\"https:\/\/www.sotrender.com\/blog\/pl\/2012\/06\/po-konferencji-nowe-trendy-w-marketingu-i-komunikacji\/\" \/>\n<meta property=\"og:site_name\" content=\"Sotrender Blog\" \/>\n<meta property=\"article:publisher\" content=\"https:\/\/www.facebook.com\/Sotrender\" \/>\n<meta property=\"article:author\" content=\"https:\/\/www.facebook.com\/jan.zajac.75?fref=ts\" \/>\n<meta property=\"article:published_time\" content=\"2012-06-01T13:27:14+00:00\" \/>\n<meta property=\"article:modified_time\" content=\"2015-12-28T11:09:57+00:00\" \/>\n<meta property=\"og:image\" content=\"https:\/\/www.sotrender.com\/blog\/wp-content\/uploads\/2015\/07\/header_blog_3.jpg\" \/>\n\t<meta property=\"og:image:width\" content=\"1600\" \/>\n\t<meta property=\"og:image:height\" content=\"700\" \/>\n\t<meta property=\"og:image:type\" content=\"image\/jpeg\" \/>\n<meta name=\"author\" content=\"Jan Zaj\u0105c\" \/>\n<meta name=\"twitter:card\" content=\"summary_large_image\" \/>\n<meta name=\"twitter:creator\" content=\"@http:\/\/twitter.com\/janekzajac\" \/>\n<meta name=\"twitter:site\" content=\"@Sotrender\" \/>\n<meta name=\"twitter:label1\" content=\"Written by\" \/>\n\t<meta name=\"twitter:data1\" content=\"Jan Zaj\u0105c\" \/>\n\t<meta name=\"twitter:label2\" content=\"Est. reading time\" \/>\n\t<meta name=\"twitter:data2\" content=\"3 minutes\" \/>\n<script type=\"application\/ld+json\" class=\"yoast-schema-graph\">{\"@context\":\"https:\/\/schema.org\",\"@graph\":[{\"@type\":\"WebPage\",\"@id\":\"https:\/\/www.sotrender.com\/blog\/pl\/2012\/06\/po-konferencji-nowe-trendy-w-marketingu-i-komunikacji\/\",\"url\":\"https:\/\/www.sotrender.com\/blog\/pl\/2012\/06\/po-konferencji-nowe-trendy-w-marketingu-i-komunikacji\/\",\"name\":\"Sotrender na konferencji Nowe trendy w marketingu i komunikacji\",\"isPartOf\":{\"@id\":\"https:\/\/www.sotrender.com\/blog\/#website\"},\"primaryImageOfPage\":{\"@id\":\"https:\/\/www.sotrender.com\/blog\/pl\/2012\/06\/po-konferencji-nowe-trendy-w-marketingu-i-komunikacji\/#primaryimage\"},\"image\":{\"@id\":\"https:\/\/www.sotrender.com\/blog\/pl\/2012\/06\/po-konferencji-nowe-trendy-w-marketingu-i-komunikacji\/#primaryimage\"},\"thumbnailUrl\":\"https:\/\/www.sotrender.com\/blog\/wp-content\/uploads\/2015\/07\/header_blog_3.jpg\",\"datePublished\":\"2012-06-01T13:27:14+00:00\",\"dateModified\":\"2015-12-28T11:09:57+00:00\",\"author\":{\"@id\":\"https:\/\/www.sotrender.com\/blog\/#\/schema\/person\/15d4db3ba9c4e61b1cb96099300e7c51\"},\"description\":\"Przeczytaj nasz\u0105 relacj\u0119 z konferencji Nowe trendy w marketingu i komunikacji i zobacz prezentacje. Sotrender - Social Media Marketing Blog.\",\"breadcrumb\":{\"@id\":\"https:\/\/www.sotrender.com\/blog\/pl\/2012\/06\/po-konferencji-nowe-trendy-w-marketingu-i-komunikacji\/#breadcrumb\"},\"inLanguage\":\"pl-PL\",\"potentialAction\":[{\"@type\":\"ReadAction\",\"target\":[\"https:\/\/www.sotrender.com\/blog\/pl\/2012\/06\/po-konferencji-nowe-trendy-w-marketingu-i-komunikacji\/\"]}]},{\"@type\":\"ImageObject\",\"inLanguage\":\"pl-PL\",\"@id\":\"https:\/\/www.sotrender.com\/blog\/pl\/2012\/06\/po-konferencji-nowe-trendy-w-marketingu-i-komunikacji\/#primaryimage\",\"url\":\"https:\/\/www.sotrender.com\/blog\/wp-content\/uploads\/2015\/07\/header_blog_3.jpg\",\"contentUrl\":\"https:\/\/www.sotrender.com\/blog\/wp-content\/uploads\/2015\/07\/header_blog_3.jpg\",\"width\":1600,\"height\":700},{\"@type\":\"BreadcrumbList\",\"@id\":\"https:\/\/www.sotrender.com\/blog\/pl\/2012\/06\/po-konferencji-nowe-trendy-w-marketingu-i-komunikacji\/#breadcrumb\",\"itemListElement\":[{\"@type\":\"ListItem\",\"position\":1,\"name\":\"Home\",\"item\":\"https:\/\/www.sotrender.com\/blog\/\"},{\"@type\":\"ListItem\",\"position\":2,\"name\":\"Po konferencji Nowe trendy w marketingu i komunikacji\"}]},{\"@type\":\"WebSite\",\"@id\":\"https:\/\/www.sotrender.com\/blog\/#website\",\"url\":\"https:\/\/www.sotrender.com\/blog\/\",\"name\":\"Sotrender Blog\",\"description\":\"\",\"potentialAction\":[{\"@type\":\"SearchAction\",\"target\":{\"@type\":\"EntryPoint\",\"urlTemplate\":\"https:\/\/www.sotrender.com\/blog\/?s={search_term_string}\"},\"query-input\":\"required name=search_term_string\"}],\"inLanguage\":\"pl-PL\"},{\"@type\":\"Person\",\"@id\":\"https:\/\/www.sotrender.com\/blog\/#\/schema\/person\/15d4db3ba9c4e61b1cb96099300e7c51\",\"name\":\"Jan Zaj\u0105c\",\"image\":{\"@type\":\"ImageObject\",\"inLanguage\":\"pl-PL\",\"@id\":\"https:\/\/www.sotrender.com\/blog\/#\/schema\/person\/image\/\",\"url\":\"https:\/\/secure.gravatar.com\/avatar\/330c70ea205c5402148d7c7d8927d81d?s=96&d=mm&r=g\",\"contentUrl\":\"https:\/\/secure.gravatar.com\/avatar\/330c70ea205c5402148d7c7d8927d81d?s=96&d=mm&r=g\",\"caption\":\"Jan Zaj\u0105c\"},\"description\":\"Psychologist &amp; economist, experienced consultant &amp; researcher, who speaks 6 languages and has cycled around 17 countries.\",\"sameAs\":[\"https:\/\/www.facebook.com\/jan.zajac.75?fref=ts\",\"https:\/\/www.linkedin.com\/in\/janekzajac\",\"https:\/\/twitter.com\/http:\/\/twitter.com\/janekzajac\"],\"url\":\"https:\/\/www.sotrender.com\/blog\/pl\/author\/jan_zajc\/\"}]}<\/script>\n<!-- \/ Yoast SEO plugin. -->","yoast_head_json":{"title":"Sotrender na konferencji Nowe trendy w marketingu i komunikacji","description":"Przeczytaj nasz\u0105 relacj\u0119 z konferencji Nowe trendy w marketingu i komunikacji i zobacz prezentacje. Sotrender - Social Media Marketing Blog.","robots":{"index":"index","follow":"follow","max-snippet":"max-snippet:-1","max-image-preview":"max-image-preview:large","max-video-preview":"max-video-preview:-1"},"canonical":"https:\/\/www.sotrender.com\/blog\/pl\/2012\/06\/po-konferencji-nowe-trendy-w-marketingu-i-komunikacji\/","og_locale":"pl_PL","og_type":"article","og_title":"Sotrender na konferencji Nowe trendy w marketingu i komunikacji","og_description":"Przeczytaj nasz\u0105 relacj\u0119 z konferencji Nowe trendy w marketingu i komunikacji i zobacz prezentacje. Sotrender - Social Media Marketing Blog.","og_url":"https:\/\/www.sotrender.com\/blog\/pl\/2012\/06\/po-konferencji-nowe-trendy-w-marketingu-i-komunikacji\/","og_site_name":"Sotrender Blog","article_publisher":"https:\/\/www.facebook.com\/Sotrender","article_author":"https:\/\/www.facebook.com\/jan.zajac.75?fref=ts","article_published_time":"2012-06-01T13:27:14+00:00","article_modified_time":"2015-12-28T11:09:57+00:00","og_image":[{"width":1600,"height":700,"url":"https:\/\/www.sotrender.com\/blog\/wp-content\/uploads\/2015\/07\/header_blog_3.jpg","type":"image\/jpeg"}],"author":"Jan Zaj\u0105c","twitter_card":"summary_large_image","twitter_creator":"@http:\/\/twitter.com\/janekzajac","twitter_site":"@Sotrender","twitter_misc":{"Written by":"Jan Zaj\u0105c","Est. reading time":"3 minutes"},"schema":{"@context":"https:\/\/schema.org","@graph":[{"@type":"WebPage","@id":"https:\/\/www.sotrender.com\/blog\/pl\/2012\/06\/po-konferencji-nowe-trendy-w-marketingu-i-komunikacji\/","url":"https:\/\/www.sotrender.com\/blog\/pl\/2012\/06\/po-konferencji-nowe-trendy-w-marketingu-i-komunikacji\/","name":"Sotrender na konferencji Nowe trendy w marketingu i komunikacji","isPartOf":{"@id":"https:\/\/www.sotrender.com\/blog\/#website"},"primaryImageOfPage":{"@id":"https:\/\/www.sotrender.com\/blog\/pl\/2012\/06\/po-konferencji-nowe-trendy-w-marketingu-i-komunikacji\/#primaryimage"},"image":{"@id":"https:\/\/www.sotrender.com\/blog\/pl\/2012\/06\/po-konferencji-nowe-trendy-w-marketingu-i-komunikacji\/#primaryimage"},"thumbnailUrl":"https:\/\/www.sotrender.com\/blog\/wp-content\/uploads\/2015\/07\/header_blog_3.jpg","datePublished":"2012-06-01T13:27:14+00:00","dateModified":"2015-12-28T11:09:57+00:00","author":{"@id":"https:\/\/www.sotrender.com\/blog\/#\/schema\/person\/15d4db3ba9c4e61b1cb96099300e7c51"},"description":"Przeczytaj nasz\u0105 relacj\u0119 z konferencji Nowe trendy w marketingu i komunikacji i zobacz prezentacje. Sotrender - Social Media Marketing Blog.","breadcrumb":{"@id":"https:\/\/www.sotrender.com\/blog\/pl\/2012\/06\/po-konferencji-nowe-trendy-w-marketingu-i-komunikacji\/#breadcrumb"},"inLanguage":"pl-PL","potentialAction":[{"@type":"ReadAction","target":["https:\/\/www.sotrender.com\/blog\/pl\/2012\/06\/po-konferencji-nowe-trendy-w-marketingu-i-komunikacji\/"]}]},{"@type":"ImageObject","inLanguage":"pl-PL","@id":"https:\/\/www.sotrender.com\/blog\/pl\/2012\/06\/po-konferencji-nowe-trendy-w-marketingu-i-komunikacji\/#primaryimage","url":"https:\/\/www.sotrender.com\/blog\/wp-content\/uploads\/2015\/07\/header_blog_3.jpg","contentUrl":"https:\/\/www.sotrender.com\/blog\/wp-content\/uploads\/2015\/07\/header_blog_3.jpg","width":1600,"height":700},{"@type":"BreadcrumbList","@id":"https:\/\/www.sotrender.com\/blog\/pl\/2012\/06\/po-konferencji-nowe-trendy-w-marketingu-i-komunikacji\/#breadcrumb","itemListElement":[{"@type":"ListItem","position":1,"name":"Home","item":"https:\/\/www.sotrender.com\/blog\/"},{"@type":"ListItem","position":2,"name":"Po konferencji Nowe trendy w marketingu i komunikacji"}]},{"@type":"WebSite","@id":"https:\/\/www.sotrender.com\/blog\/#website","url":"https:\/\/www.sotrender.com\/blog\/","name":"Sotrender Blog","description":"","potentialAction":[{"@type":"SearchAction","target":{"@type":"EntryPoint","urlTemplate":"https:\/\/www.sotrender.com\/blog\/?s={search_term_string}"},"query-input":"required name=search_term_string"}],"inLanguage":"pl-PL"},{"@type":"Person","@id":"https:\/\/www.sotrender.com\/blog\/#\/schema\/person\/15d4db3ba9c4e61b1cb96099300e7c51","name":"Jan Zaj\u0105c","image":{"@type":"ImageObject","inLanguage":"pl-PL","@id":"https:\/\/www.sotrender.com\/blog\/#\/schema\/person\/image\/","url":"https:\/\/secure.gravatar.com\/avatar\/330c70ea205c5402148d7c7d8927d81d?s=96&d=mm&r=g","contentUrl":"https:\/\/secure.gravatar.com\/avatar\/330c70ea205c5402148d7c7d8927d81d?s=96&d=mm&r=g","caption":"Jan Zaj\u0105c"},"description":"Psychologist &amp; economist, experienced consultant &amp; researcher, who speaks 6 languages and has cycled around 17 countries.","sameAs":["https:\/\/www.facebook.com\/jan.zajac.75?fref=ts","https:\/\/www.linkedin.com\/in\/janekzajac","https:\/\/twitter.com\/http:\/\/twitter.com\/janekzajac"],"url":"https:\/\/www.sotrender.com\/blog\/pl\/author\/jan_zajc\/"}]}},"_links":{"self":[{"href":"https:\/\/www.sotrender.com\/blog\/pl\/wp-json\/wp\/v2\/posts\/1211"}],"collection":[{"href":"https:\/\/www.sotrender.com\/blog\/pl\/wp-json\/wp\/v2\/posts"}],"about":[{"href":"https:\/\/www.sotrender.com\/blog\/pl\/wp-json\/wp\/v2\/types\/post"}],"author":[{"embeddable":true,"href":"https:\/\/www.sotrender.com\/blog\/pl\/wp-json\/wp\/v2\/users\/2"}],"replies":[{"embeddable":true,"href":"https:\/\/www.sotrender.com\/blog\/pl\/wp-json\/wp\/v2\/comments?post=1211"}],"version-history":[{"count":27,"href":"https:\/\/www.sotrender.com\/blog\/pl\/wp-json\/wp\/v2\/posts\/1211\/revisions"}],"predecessor-version":[{"id":3025,"href":"https:\/\/www.sotrender.com\/blog\/pl\/wp-json\/wp\/v2\/posts\/1211\/revisions\/3025"}],"wp:featuredmedia":[{"embeddable":true,"href":"https:\/\/www.sotrender.com\/blog\/pl\/wp-json\/wp\/v2\/media\/18901"}],"wp:attachment":[{"href":"https:\/\/www.sotrender.com\/blog\/pl\/wp-json\/wp\/v2\/media?parent=1211"}],"wp:term":[{"taxonomy":"category","embeddable":true,"href":"https:\/\/www.sotrender.com\/blog\/pl\/wp-json\/wp\/v2\/categories?post=1211"},{"taxonomy":"post_tag","embeddable":true,"href":"https:\/\/www.sotrender.com\/blog\/pl\/wp-json\/wp\/v2\/tags?post=1211"}],"curies":[{"name":"wp","href":"https:\/\/api.w.org\/{rel}","templated":true}]}}