{"id":11671,"date":"2014-05-08T12:57:56","date_gmt":"2014-05-08T11:57:56","guid":{"rendered":"http:\/\/blog.sotrender.com\/?p=11671"},"modified":"2017-04-13T14:19:08","modified_gmt":"2017-04-13T12:19:08","slug":"fanpage-trends-kwiecien-2014","status":"publish","type":"post","link":"https:\/\/www.sotrender.com\/blog\/pl\/2014\/05\/fanpage-trends-kwiecien-2014\/","title":{"rendered":"Fanpage Trends Kwiecie\u0144 2014 &#8211; na pocieszenie po ko\u0144cu maj\u00f3wki"},"content":{"rendered":"<p style=\"text-align: justify;\">W kwietniu na polskim Facebooku napisano \u0142\u0105cznie blisko p\u00f3\u0142 miliona post\u00f3w. 27% z tych opublikowanych w okresie \u015bwi\u0105tecznym nawi\u0105zywa\u0142o do Wielkanocy. Kwietniowe \u015bwi\u0119ta ugi\u0119\u0142y si\u0119 jednak przed Bo\u017cym Narodzeniem, podczas kt\u00f3rego posty anga\u017cowa\u0142y dwukrotnie wi\u0119cej u\u017cytkownik\u00f3w ni\u017c przeci\u0119tnie. <strong>Wyniki wielkanocnych post\u00f3w ci\u0105gle s\u0105 jednak bardzo dobre. Anga\u017cowa\u0142y one o 45% wi\u0119cej u\u017cytkownik\u00f3w ni\u017c przeci\u0119tnie i o 60% wi\u0119cej ni\u017c wpisy publikowane w kwietniowe dni robocze.<\/strong> <a title=\"Przejd\u017a do strony Sotrendera\" href=\"https:\/\/www.sotrender.com\/\" target=\"_blank\">Sotrender<\/a> zaprasza\u00a0do lektury <a title=\"Przejd\u017a do raportu!\" href=\"http:\/\/www.sotrender.pl\/fanpage-trends\/201404\" target=\"_blank\">kwietniowego raportu Fanpage Trends<\/a>, w kt\u00f3rym podsumowuje najwa\u017cniejsze wydarzenia miesi\u0105ca na Facebooku w Polsce!<\/p>\n<p style=\"text-align: justify;\"><!--more--><\/p>\n<h2 style=\"text-align: justify;\"><strong>Cisza i spok\u00f3j w rankingu najwi\u0119kszych w <a title=\"Przejd\u017a do raportu\" href=\"http:\/\/www.sotrender.pl\/fanpage-trends\/201404\" target=\"_blank\">Fanpage Trends<\/a><\/strong><\/h2>\n<p style=\"text-align: justify;\">5 najwi\u0119kszych stron polskoj\u0119zycznych, czyli <a title=\"Zobacz profil na Facebooku\" href=\"https:\/\/www.facebook.com\/serceirozum\" target=\"_blank\">Serce i Rozum<\/a>, <a title=\"Zobacz profil na Facebooku\" href=\"https:\/\/www.facebook.com\/Play\" target=\"_blank\">Play<\/a>, <a title=\"Zobacz profil na Facebooku\" href=\"https:\/\/www.facebook.com\/demotywatory\" target=\"_blank\">Demotywatory<\/a>, <a title=\"Zobacz profil na Facebooku\" href=\"https:\/\/www.facebook.com\/orangepolska\" target=\"_blank\">Orange<\/a> oraz <a title=\"Zobacz profil na Facebooku\" href=\"https:\/\/www.facebook.com\/kwejk.fan\" target=\"_blank\">Kwejk.pl<\/a> utrzymuj\u0105 swoj\u0105 stabiln\u0105 pozycj\u0119, kt\u00f3ra od zesz\u0142ego miesi\u0105ca nie zmieni\u0142a si\u0119&#8230; w og\u00f3le. <strong>Poszczeg\u00f3lne strony co prawda powi\u0119kszy\u0142y liczb\u0119 fan\u00f3w, ale na tyle znikomo, \u017ce procentowy wzrost liczby fan\u00f3w ca\u0142ej pierwszej pi\u0105tki wyni\u00f3s\u0142 0.<\/strong> Nie mo\u017cna nie zauwa\u017cy\u0107 za to gwa\u0142townego spadku <a title=\"Zobacz profil na Facebooku\" href=\"https:\/\/www.facebook.com\/ReservedPL\" target=\"_blank\">Reserved<\/a>, kt\u00f3ry w kwietniu straci\u0142 12%, czyli ponad 163 tys. fan\u00f3w, plasuj\u0105c si\u0119 tym samym na ostatnim miejscu zestawienia najwi\u0119kszych polskich stron. Wszystko na skutek po\u0142\u0105czenia si\u0119 z mi\u0119dzynarodowym profilem, podczas kt\u00f3rego Facebook odpisa\u0142 zagranicznych fan\u00f3w z profilu polskiego, dopisuj\u0105c ich do mi\u0119dzynarodowego.<\/p>\n<div id=\"attachment_11675\" style=\"width: 609px\" class=\"wp-caption aligncenter\"><a href=\"https:\/\/www.sotrender.com\/blog\/wp-content\/uploads\/2014\/05\/obrazek1.jpg\"><img loading=\"lazy\" decoding=\"async\" aria-describedby=\"caption-attachment-11675\" class=\"size-full wp-image-11675\" src=\"https:\/\/www.sotrender.com\/blog\/wp-content\/uploads\/2014\/05\/obrazek1.jpg\" alt=\"Fanpage Trends - najwi\u0119ksze polskie strony\" width=\"599\" height=\"239\" srcset=\"https:\/\/www.sotrender.com\/blog\/wp-content\/uploads\/2014\/05\/obrazek1.jpg 599w, https:\/\/www.sotrender.com\/blog\/wp-content\/uploads\/2014\/05\/obrazek1-475x190.jpg 475w\" sizes=\"(max-width: 599px) 100vw, 599px\" \/><\/a><p id=\"caption-attachment-11675\" class=\"wp-caption-text\">Fanpage Trends &#8211; najwi\u0119ksze polskie strony<\/p><\/div>\n<h2 style=\"text-align: justify;\"><strong>Kwiecie\u0144 anga\u017cowa\u0142 muzyk\u0105 i wiadomo\u015bciami<\/strong><\/h2>\n<p style=\"text-align: justify;\">Administratorzy stron w ubieg\u0142ym miesi\u0105cu dwoili si\u0119 i troili, by zaanga\u017cowa\u0107 fan\u00f3w. Ci <strong>prowadz\u0105cy profile komercyjne publikowali przeci\u0119tnie 5 post\u00f3w w ci\u0105gu 3 dni, a w ci\u0105gu ca\u0142ego miesi\u0105ca napisali blisko 3 razy wi\u0119cej post\u00f3w ni\u017c u\u017cytkownicy<\/strong>. \u0141\u0105cznie w kwietniu u\u017cytkownicy klikn\u0119li \u201cLubi\u0119 to!\u201d ponad 50, 5 mln razy, napisali blisko 5, 2 mln komentarzy i dokonali ponad 4, 9 mln udost\u0119pnie\u0144. Miniony miesi\u0105c przyni\u00f3s\u0142 tak\u017ce <strong>du\u017ce wzrosty w rankingu najbardziej anga\u017cuj\u0105cych polskich profili<\/strong>. Mia\u0142y one co prawda miejsce w drugiej dziesi\u0105tce zestawienia, ale i tak s\u0105 imponuj\u0105ce. Najwi\u0119kszy skok zaliczy\u0142 profil <a title=\"Zobacz profil na Facebooku\" href=\"https:\/\/www.facebook.com\/4fun.tv\" target=\"_blank\">4fun.tv<\/a>, kt\u00f3ry awansowa\u0142 a\u017c o 34 pozycje. Ponad 53% fan\u00f3w uda\u0142o si\u0119 zaanga\u017cowa\u0107 stronie <a title=\"Zobacz profil na Facebooku\" href=\"https:\/\/www.facebook.com\/OnetWiadomosci?ref=br_tf\" target=\"_blank\">Onet Wiadomo\u015bci<\/a>, co da\u0142o jej awans o 25 pozycji. Trzeci na podium najwi\u0119kszych awans\u00f3w w\u015br\u00f3d najlepiej anga\u017cuj\u0105cych profili by\u0142 w kwietniu <a title=\"Zobacz profil na Facebooku\" href=\"https:\/\/www.facebook.com\/przegladsportowy\" target=\"_blank\">Przegl\u0105d Sportowy<\/a>, kt\u00f3ry przesun\u0105\u0142 si\u0119 o 19 pozycji w g\u00f3r\u0119. Gratulujemy!<\/p>\n<h2 style=\"text-align: justify;\"><strong>Facebook to nie tylko Ewa Chodakowska i lol content<\/strong><\/h2>\n<p style=\"text-align: justify;\">Zestawienie najlepszych post\u00f3w miesi\u0105ca po raz kolejny pokaza\u0142o, \u017ce <strong>Polacy ch\u0119tnie anga\u017cuj\u0105 si\u0119 w aktywno\u015bci pod wpisami publikowanymi przez organizacje charytatywne<\/strong>. W kwietniu w\u015br\u00f3d 5 post\u00f3w z najwi\u0119kszym Interactivity Index, a\u017c 3 nale\u017ca\u0142y do organizacji charytatywnych. Na pierwszym miejscu znalaz\u0142 si\u0119 post opublikowany przez <a title=\"Zobacz profil na Facebooku\" href=\"https:\/\/www.facebook.com\/fundacjaviva\" target=\"_blank\">Fundacj\u0119 Mi\u0119dzynarodowy Ruch Na Rzecz Zwierz\u0105t Viva!<\/a> o kotce, kt\u00f3ra zaopiekowa\u0142a si\u0119 ma\u0142ymi kaczuszkami. W zestawieniu 5 post\u00f3w o najwi\u0119kszym InI znalaz\u0142 si\u0119 r\u00f3wnie\u017c post <a title=\"Zobacz profil na Facebooku\" href=\"https:\/\/www.facebook.com\/Schronisko.w.Korabiewicach\" target=\"_blank\">Schroniska w Korabiewicach<\/a> z pro\u015bb\u0105 o dom tymczasowy dla Diuny, jednej z mieszkanek schroniska oraz post <a title=\"Zobacz profil na Facebooku\" href=\"https:\/\/www.facebook.com\/fundacja.dkms.polska\" target=\"_blank\">Fundacji DKMS Polska (Bazy Dawc\u00f3w Kom\u00f3rek Macierzystych)<\/a> z informacj\u0105 o 26-letniej Marzenie Erm, blogerce walcz\u0105cej z ch\u0142oniakiem.<\/p>\n<div id=\"attachment_11677\" style=\"width: 499px\" class=\"wp-caption aligncenter\"><a href=\"https:\/\/www.sotrender.com\/blog\/wp-content\/uploads\/2014\/05\/obrazek2.jpg\"><img loading=\"lazy\" decoding=\"async\" aria-describedby=\"caption-attachment-11677\" class=\"size-full wp-image-11677\" src=\"https:\/\/www.sotrender.com\/blog\/wp-content\/uploads\/2014\/05\/obrazek2.jpg\" alt=\"Fanpage Trends - najlepszy post kwietnia\" width=\"489\" height=\"256\" srcset=\"https:\/\/www.sotrender.com\/blog\/wp-content\/uploads\/2014\/05\/obrazek2.jpg 489w, https:\/\/www.sotrender.com\/blog\/wp-content\/uploads\/2014\/05\/obrazek2-475x249.jpg 475w\" sizes=\"(max-width: 489px) 100vw, 489px\" \/><\/a><p id=\"caption-attachment-11677\" class=\"wp-caption-text\">Fanpage Trends &#8211; najlepszy post kwietnia<\/p><\/div>\n<h2 style=\"text-align: justify;\"><strong>Tagowanie profili si\u0119 op\u0142aca?<\/strong><\/h2>\n<p style=\"text-align: justify;\">Kilkana\u015bcie dni temu <a title=\"Przejd\u017a na stron\u0119 Sotrendera\" href=\"https:\/\/www.sotrender.com\/\" target=\"_blank\">Sotrender<\/a> analizowa\u0142 <a title=\"Przeczytaj wi\u0119cej na blogu Sotrender\" href=\"https:\/\/www.sotrender.com\/blog\/2014\/04\/organic-reach-plummets\/\" target=\"_blank\">spadki zasi\u0119g\u00f3w organicznych post\u00f3w publikowanych przez komercyjne profile<\/a>. Okaza\u0142o si\u0119 w\u00f3wczas, \u017ce <strong>zasi\u0119g organiczny post\u00f3w opublikowanych przez profile komercyjne spad\u0142 o niemal 70%<\/strong>! Administratorzy radz\u0105 sobie z tym problemem, jak tylko mog\u0105. W kwietniu najcz\u0119\u015bciej publikowali zdj\u0119cia, kt\u00f3re uchodz\u0105 za jedne z najbardziej anga\u017cuj\u0105cych typ\u00f3w tre\u015bci. Niekt\u00f3rzy uciekaj\u0105 si\u0119 do innych metod, np. oznaczania w postach innych stron. <strong>W kwietniowej analizie miesi\u0105ca wzi\u0119li\u015bmy pod lup\u0119 popularne ostatnio oznaczanie w postach wi\u0119kszych profili<\/strong>. Czy tagowanie profili faktycznie si\u0119 op\u0142aca i jaki ma wp\u0142yw na zaanga\u017cowanie? Odpowiedzi na te i inne pytania znajdziecie w <a title=\"Przejd\u017a do wpisu na blogu Sotrender\" href=\"https:\/\/www.sotrender.com\/blog\/pl\/2014\/05\/sri-tagowanie-profili\/\" target=\"_blank\">kwietniowym Sotrender Research Insight<\/a>!<\/p>\n<div id=\"attachment_11679\" style=\"width: 430px\" class=\"wp-caption aligncenter\"><a href=\"https:\/\/www.sotrender.com\/blog\/wp-content\/uploads\/2014\/05\/obrazek3.jpg\"><img loading=\"lazy\" decoding=\"async\" aria-describedby=\"caption-attachment-11679\" class=\"size-full wp-image-11679\" src=\"https:\/\/www.sotrender.com\/blog\/wp-content\/uploads\/2014\/05\/obrazek3.jpg\" alt=\"Sotrender Research Insight - zaanga\u017cowanie a liczba oznacze\u0144 w po\u015bcie\" width=\"420\" height=\"424\" srcset=\"https:\/\/www.sotrender.com\/blog\/wp-content\/uploads\/2014\/05\/obrazek3.jpg 420w, https:\/\/www.sotrender.com\/blog\/wp-content\/uploads\/2014\/05\/obrazek3-80x80.jpg 80w\" sizes=\"(max-width: 420px) 100vw, 420px\" \/><\/a><p id=\"caption-attachment-11679\" class=\"wp-caption-text\">Sotrender Research Insight &#8211; zaanga\u017cowanie a liczba oznacze\u0144 w po\u015bcie<\/p><\/div>\n<h2 style=\"text-align: justify;\"><strong>Sotrender: zmiany i konferencje<\/strong><\/h2>\n<p style=\"text-align: justify;\">Na chwil\u0119 opu\u015bcili\u015bmy Dolin\u0119 Krzemow\u0105, aby wr\u00f3ci\u0107 do Polski i jeszcze bardziej skupi\u0107 si\u0119 na wprowadzaniu do Sotrendera kolejnych zmian. Dzi\u0119ki nim nasze narz\u0119dzie b\u0119dzie jeszcze bardziej przydatne, a korzystanie z niego &#8211; bardziej intuicyjne. W ostatnim czasie wprowadzili\u015bmy do narz\u0119dzia <strong>n<a title=\"Przeczytaj wi\u0119cej na blogu Sotrender\" href=\"https:\/\/www.sotrender.com\/blog\/pl\/2014\/04\/obsluga-klienta\/\" target=\"_blank\">owy modu\u0142 zwi\u0105zany z obs\u0142ug\u0105 klienta<\/a> oraz <a title=\"Przeczytaj wi\u0119cej na blogu Sotrender\" href=\"https:\/\/www.sotrender.com\/blog\/2014\/04\/new-date-and-time-format\/\" target=\"_blank\">zmienili\u015bmy formaty dat<\/a><\/strong>. To ostatnie\u00a0przydaje si\u0119 szczeg\u00f3lnie rosn\u0105cej liczbie klient\u00f3w spoza Polski.<\/p>\n<div id=\"attachment_11681\" style=\"width: 500px\" class=\"wp-caption aligncenter\"><a href=\"https:\/\/www.sotrender.com\/blog\/wp-content\/uploads\/2014\/05\/obrazek4.jpg\"><img loading=\"lazy\" decoding=\"async\" aria-describedby=\"caption-attachment-11681\" class=\"size-full wp-image-11681\" src=\"https:\/\/www.sotrender.com\/blog\/wp-content\/uploads\/2014\/05\/obrazek4.jpg\" alt=\"Sotrender na konferencji Sektor 3.0\" width=\"490\" height=\"215\" srcset=\"https:\/\/www.sotrender.com\/blog\/wp-content\/uploads\/2014\/05\/obrazek4.jpg 490w, https:\/\/www.sotrender.com\/blog\/wp-content\/uploads\/2014\/05\/obrazek4-475x208.jpg 475w\" sizes=\"(max-width: 490px) 100vw, 490px\" \/><\/a><p id=\"caption-attachment-11681\" class=\"wp-caption-text\">Sotrender na konferencji Sektor 3.0<\/p><\/div>\n<p style=\"text-align: justify;\">Jednak mimo, i\u017c robimy co w naszej mocy, aby sprosta\u0107 wymaganiom rynku ameryka\u0144skiego, nie zapominamy o rynku polskim. <strong>21 maja we\u017amiemy udzia\u0142 w konferencji &#8220;Sektor 3.0 Technologie w organizacjach pozarz\u0105dowych&#8221;<\/strong>, organizowanej przez <a title=\"Przejd\u017a do strony Fundacji\" href=\"http:\/\/frsi.org.pl\/\" target=\"_blank\">FRSI<\/a>, kt\u00f3ra odb\u0119dzie si\u0119 w Centrum Nauki Kopernik. Serdecznie wszystkich zapraszamy do udzia\u0142u w konferencji, a jak ju\u017c wpadniecie do Kopernika, <strong>koniecznie zajrzyjcie na stoisko <a title=\"Przejd\u017a na stron\u0119 Sotrendera\" href=\"https:\/\/www.sotrender.com\/\" target=\"_blank\">Sotrendera<\/a>!<\/strong><\/p>\n<h2 style=\"text-align: center;\"><a title=\"Przejd\u017a do raportu!\" href=\"http:\/\/www.sotrender.pl\/fanpage-trends\/201404\" target=\"_blank\"><strong>Tymczasem zapraszamy do lektury kwietniowego wydania #FanpageTrends!<\/strong><\/a><\/h2>\n","protected":false},"excerpt":{"rendered":"<p>W kwietniu na polskim Facebooku napisano \u0142\u0105cznie blisko p\u00f3\u0142 miliona post\u00f3w. 27% z tych opublikowanych w okresie \u015bwi\u0105tecznym nawi\u0105zywa\u0142o do Wielkanocy. Kwietniowe \u015bwi\u0119ta ugi\u0119\u0142y si\u0119 jednak przed Bo\u017cym Narodzeniem, podczas kt\u00f3rego posty anga\u017cowa\u0142y dwukrotnie wi\u0119cej u\u017cytkownik\u00f3w ni\u017c przeci\u0119tnie. Wyniki wielkanocnych post\u00f3w ci\u0105gle s\u0105 jednak bardzo dobre. Anga\u017cowa\u0142y one o 45% wi\u0119cej u\u017cytkownik\u00f3w ni\u017c przeci\u0119tnie i [&hellip;]<\/p>\n","protected":false},"author":31,"featured_media":0,"comment_status":"open","ping_status":"open","sticky":false,"template":"","format":"standard","meta":{"inline_featured_image":false,"footnotes":""},"categories":[1793,1797],"tags":[7,17,25,31,351,519],"yoast_head":"<!-- This site is optimized with the Yoast SEO plugin v22.4 - https:\/\/yoast.com\/wordpress\/plugins\/seo\/ -->\n<title>Fanpage Trends Kwiecie\u0144 2014 - na pocieszenie po ko\u0144cu maj\u00f3wki<\/title>\n<meta name=\"description\" content=\"Sotrender zaprasza do lektury kwietniowego raportu Fanpage Trends, w kt\u00f3rym podsumowuje najwa\u017cniejsze wydarzenia miesi\u0105ca na Facebooku w Polsce!\" \/>\n<meta name=\"robots\" content=\"index, follow, max-snippet:-1, max-image-preview:large, max-video-preview:-1\" \/>\n<link rel=\"canonical\" href=\"https:\/\/www.sotrender.com\/blog\/pl\/2014\/05\/fanpage-trends-kwiecien-2014\/\" \/>\n<meta property=\"og:locale\" content=\"pl_PL\" \/>\n<meta property=\"og:type\" content=\"article\" \/>\n<meta property=\"og:title\" content=\"Fanpage Trends Kwiecie\u0144 2014 - na pocieszenie po ko\u0144cu maj\u00f3wki\" \/>\n<meta property=\"og:description\" content=\"Sotrender zaprasza do lektury kwietniowego raportu Fanpage Trends, w kt\u00f3rym podsumowuje najwa\u017cniejsze wydarzenia miesi\u0105ca na Facebooku w Polsce!\" \/>\n<meta property=\"og:url\" content=\"https:\/\/www.sotrender.com\/blog\/pl\/2014\/05\/fanpage-trends-kwiecien-2014\/\" \/>\n<meta property=\"og:site_name\" content=\"Sotrender Blog\" \/>\n<meta property=\"article:publisher\" content=\"https:\/\/www.facebook.com\/Sotrender\" \/>\n<meta property=\"article:published_time\" content=\"2014-05-08T11:57:56+00:00\" \/>\n<meta property=\"article:modified_time\" content=\"2017-04-13T12:19:08+00:00\" \/>\n<meta property=\"og:image\" content=\"https:\/\/www.sotrender.com\/blog\/wp-content\/uploads\/2014\/05\/obrazek1.jpg\" \/>\n<meta name=\"author\" content=\"Aleksandra Prejs\" \/>\n<meta name=\"twitter:card\" content=\"summary_large_image\" \/>\n<meta name=\"twitter:creator\" content=\"@Sotrender\" \/>\n<meta name=\"twitter:site\" content=\"@Sotrender\" \/>\n<meta name=\"twitter:label1\" content=\"Written by\" \/>\n\t<meta name=\"twitter:data1\" content=\"Aleksandra Prejs\" \/>\n\t<meta name=\"twitter:label2\" content=\"Est. reading time\" \/>\n\t<meta name=\"twitter:data2\" content=\"4 minutes\" \/>\n<script type=\"application\/ld+json\" class=\"yoast-schema-graph\">{\"@context\":\"https:\/\/schema.org\",\"@graph\":[{\"@type\":\"WebPage\",\"@id\":\"https:\/\/www.sotrender.com\/blog\/pl\/2014\/05\/fanpage-trends-kwiecien-2014\/\",\"url\":\"https:\/\/www.sotrender.com\/blog\/pl\/2014\/05\/fanpage-trends-kwiecien-2014\/\",\"name\":\"Fanpage Trends Kwiecie\u0144 2014 - na pocieszenie po ko\u0144cu maj\u00f3wki\",\"isPartOf\":{\"@id\":\"https:\/\/www.sotrender.com\/blog\/#website\"},\"primaryImageOfPage\":{\"@id\":\"https:\/\/www.sotrender.com\/blog\/pl\/2014\/05\/fanpage-trends-kwiecien-2014\/#primaryimage\"},\"image\":{\"@id\":\"https:\/\/www.sotrender.com\/blog\/pl\/2014\/05\/fanpage-trends-kwiecien-2014\/#primaryimage\"},\"thumbnailUrl\":\"https:\/\/www.sotrender.com\/blog\/wp-content\/uploads\/2014\/05\/obrazek1.jpg\",\"datePublished\":\"2014-05-08T11:57:56+00:00\",\"dateModified\":\"2017-04-13T12:19:08+00:00\",\"author\":{\"@id\":\"https:\/\/www.sotrender.com\/blog\/#\/schema\/person\/7106df62825269bc360ad9171cd7149b\"},\"description\":\"Sotrender zaprasza do lektury kwietniowego raportu Fanpage Trends, w kt\u00f3rym podsumowuje najwa\u017cniejsze wydarzenia miesi\u0105ca na Facebooku w Polsce!\",\"breadcrumb\":{\"@id\":\"https:\/\/www.sotrender.com\/blog\/pl\/2014\/05\/fanpage-trends-kwiecien-2014\/#breadcrumb\"},\"inLanguage\":\"pl-PL\",\"potentialAction\":[{\"@type\":\"ReadAction\",\"target\":[\"https:\/\/www.sotrender.com\/blog\/pl\/2014\/05\/fanpage-trends-kwiecien-2014\/\"]}]},{\"@type\":\"ImageObject\",\"inLanguage\":\"pl-PL\",\"@id\":\"https:\/\/www.sotrender.com\/blog\/pl\/2014\/05\/fanpage-trends-kwiecien-2014\/#primaryimage\",\"url\":\"https:\/\/www.sotrender.com\/blog\/wp-content\/uploads\/2014\/05\/obrazek1.jpg\",\"contentUrl\":\"https:\/\/www.sotrender.com\/blog\/wp-content\/uploads\/2014\/05\/obrazek1.jpg\"},{\"@type\":\"BreadcrumbList\",\"@id\":\"https:\/\/www.sotrender.com\/blog\/pl\/2014\/05\/fanpage-trends-kwiecien-2014\/#breadcrumb\",\"itemListElement\":[{\"@type\":\"ListItem\",\"position\":1,\"name\":\"Home\",\"item\":\"https:\/\/www.sotrender.com\/blog\/\"},{\"@type\":\"ListItem\",\"position\":2,\"name\":\"Fanpage Trends Kwiecie\u0144 2014 &#8211; na pocieszenie po ko\u0144cu maj\u00f3wki\"}]},{\"@type\":\"WebSite\",\"@id\":\"https:\/\/www.sotrender.com\/blog\/#website\",\"url\":\"https:\/\/www.sotrender.com\/blog\/\",\"name\":\"Sotrender Blog\",\"description\":\"\",\"potentialAction\":[{\"@type\":\"SearchAction\",\"target\":{\"@type\":\"EntryPoint\",\"urlTemplate\":\"https:\/\/www.sotrender.com\/blog\/?s={search_term_string}\"},\"query-input\":\"required name=search_term_string\"}],\"inLanguage\":\"pl-PL\"},{\"@type\":\"Person\",\"@id\":\"https:\/\/www.sotrender.com\/blog\/#\/schema\/person\/7106df62825269bc360ad9171cd7149b\",\"name\":\"Aleksandra Prejs\",\"image\":{\"@type\":\"ImageObject\",\"inLanguage\":\"pl-PL\",\"@id\":\"https:\/\/www.sotrender.com\/blog\/#\/schema\/person\/image\/\",\"url\":\"https:\/\/secure.gravatar.com\/avatar\/469000454b77ff0aacb32c49dba023be?s=96&d=mm&r=g\",\"contentUrl\":\"https:\/\/secure.gravatar.com\/avatar\/469000454b77ff0aacb32c49dba023be?s=96&d=mm&r=g\",\"caption\":\"Aleksandra Prejs\"},\"url\":\"https:\/\/www.sotrender.com\/blog\/pl\/author\/aleksandra-prejs\/\"}]}<\/script>\n<!-- \/ Yoast SEO plugin. -->","yoast_head_json":{"title":"Fanpage Trends Kwiecie\u0144 2014 - na pocieszenie po ko\u0144cu maj\u00f3wki","description":"Sotrender zaprasza do lektury kwietniowego raportu Fanpage Trends, w kt\u00f3rym podsumowuje najwa\u017cniejsze wydarzenia miesi\u0105ca na Facebooku w Polsce!","robots":{"index":"index","follow":"follow","max-snippet":"max-snippet:-1","max-image-preview":"max-image-preview:large","max-video-preview":"max-video-preview:-1"},"canonical":"https:\/\/www.sotrender.com\/blog\/pl\/2014\/05\/fanpage-trends-kwiecien-2014\/","og_locale":"pl_PL","og_type":"article","og_title":"Fanpage Trends Kwiecie\u0144 2014 - na pocieszenie po ko\u0144cu maj\u00f3wki","og_description":"Sotrender zaprasza do lektury kwietniowego raportu Fanpage Trends, w kt\u00f3rym podsumowuje najwa\u017cniejsze wydarzenia miesi\u0105ca na Facebooku w Polsce!","og_url":"https:\/\/www.sotrender.com\/blog\/pl\/2014\/05\/fanpage-trends-kwiecien-2014\/","og_site_name":"Sotrender Blog","article_publisher":"https:\/\/www.facebook.com\/Sotrender","article_published_time":"2014-05-08T11:57:56+00:00","article_modified_time":"2017-04-13T12:19:08+00:00","og_image":[{"url":"https:\/\/www.sotrender.com\/blog\/wp-content\/uploads\/2014\/05\/obrazek1.jpg"}],"author":"Aleksandra Prejs","twitter_card":"summary_large_image","twitter_creator":"@Sotrender","twitter_site":"@Sotrender","twitter_misc":{"Written by":"Aleksandra Prejs","Est. reading time":"4 minutes"},"schema":{"@context":"https:\/\/schema.org","@graph":[{"@type":"WebPage","@id":"https:\/\/www.sotrender.com\/blog\/pl\/2014\/05\/fanpage-trends-kwiecien-2014\/","url":"https:\/\/www.sotrender.com\/blog\/pl\/2014\/05\/fanpage-trends-kwiecien-2014\/","name":"Fanpage Trends Kwiecie\u0144 2014 - na pocieszenie po ko\u0144cu maj\u00f3wki","isPartOf":{"@id":"https:\/\/www.sotrender.com\/blog\/#website"},"primaryImageOfPage":{"@id":"https:\/\/www.sotrender.com\/blog\/pl\/2014\/05\/fanpage-trends-kwiecien-2014\/#primaryimage"},"image":{"@id":"https:\/\/www.sotrender.com\/blog\/pl\/2014\/05\/fanpage-trends-kwiecien-2014\/#primaryimage"},"thumbnailUrl":"https:\/\/www.sotrender.com\/blog\/wp-content\/uploads\/2014\/05\/obrazek1.jpg","datePublished":"2014-05-08T11:57:56+00:00","dateModified":"2017-04-13T12:19:08+00:00","author":{"@id":"https:\/\/www.sotrender.com\/blog\/#\/schema\/person\/7106df62825269bc360ad9171cd7149b"},"description":"Sotrender zaprasza do lektury kwietniowego raportu Fanpage Trends, w kt\u00f3rym podsumowuje najwa\u017cniejsze wydarzenia miesi\u0105ca na Facebooku w Polsce!","breadcrumb":{"@id":"https:\/\/www.sotrender.com\/blog\/pl\/2014\/05\/fanpage-trends-kwiecien-2014\/#breadcrumb"},"inLanguage":"pl-PL","potentialAction":[{"@type":"ReadAction","target":["https:\/\/www.sotrender.com\/blog\/pl\/2014\/05\/fanpage-trends-kwiecien-2014\/"]}]},{"@type":"ImageObject","inLanguage":"pl-PL","@id":"https:\/\/www.sotrender.com\/blog\/pl\/2014\/05\/fanpage-trends-kwiecien-2014\/#primaryimage","url":"https:\/\/www.sotrender.com\/blog\/wp-content\/uploads\/2014\/05\/obrazek1.jpg","contentUrl":"https:\/\/www.sotrender.com\/blog\/wp-content\/uploads\/2014\/05\/obrazek1.jpg"},{"@type":"BreadcrumbList","@id":"https:\/\/www.sotrender.com\/blog\/pl\/2014\/05\/fanpage-trends-kwiecien-2014\/#breadcrumb","itemListElement":[{"@type":"ListItem","position":1,"name":"Home","item":"https:\/\/www.sotrender.com\/blog\/"},{"@type":"ListItem","position":2,"name":"Fanpage Trends Kwiecie\u0144 2014 &#8211; na pocieszenie po ko\u0144cu maj\u00f3wki"}]},{"@type":"WebSite","@id":"https:\/\/www.sotrender.com\/blog\/#website","url":"https:\/\/www.sotrender.com\/blog\/","name":"Sotrender Blog","description":"","potentialAction":[{"@type":"SearchAction","target":{"@type":"EntryPoint","urlTemplate":"https:\/\/www.sotrender.com\/blog\/?s={search_term_string}"},"query-input":"required name=search_term_string"}],"inLanguage":"pl-PL"},{"@type":"Person","@id":"https:\/\/www.sotrender.com\/blog\/#\/schema\/person\/7106df62825269bc360ad9171cd7149b","name":"Aleksandra Prejs","image":{"@type":"ImageObject","inLanguage":"pl-PL","@id":"https:\/\/www.sotrender.com\/blog\/#\/schema\/person\/image\/","url":"https:\/\/secure.gravatar.com\/avatar\/469000454b77ff0aacb32c49dba023be?s=96&d=mm&r=g","contentUrl":"https:\/\/secure.gravatar.com\/avatar\/469000454b77ff0aacb32c49dba023be?s=96&d=mm&r=g","caption":"Aleksandra Prejs"},"url":"https:\/\/www.sotrender.com\/blog\/pl\/author\/aleksandra-prejs\/"}]}},"_links":{"self":[{"href":"https:\/\/www.sotrender.com\/blog\/pl\/wp-json\/wp\/v2\/posts\/11671"}],"collection":[{"href":"https:\/\/www.sotrender.com\/blog\/pl\/wp-json\/wp\/v2\/posts"}],"about":[{"href":"https:\/\/www.sotrender.com\/blog\/pl\/wp-json\/wp\/v2\/types\/post"}],"author":[{"embeddable":true,"href":"https:\/\/www.sotrender.com\/blog\/pl\/wp-json\/wp\/v2\/users\/31"}],"replies":[{"embeddable":true,"href":"https:\/\/www.sotrender.com\/blog\/pl\/wp-json\/wp\/v2\/comments?post=11671"}],"version-history":[{"count":9,"href":"https:\/\/www.sotrender.com\/blog\/pl\/wp-json\/wp\/v2\/posts\/11671\/revisions"}],"predecessor-version":[{"id":26601,"href":"https:\/\/www.sotrender.com\/blog\/pl\/wp-json\/wp\/v2\/posts\/11671\/revisions\/26601"}],"wp:attachment":[{"href":"https:\/\/www.sotrender.com\/blog\/pl\/wp-json\/wp\/v2\/media?parent=11671"}],"wp:term":[{"taxonomy":"category","embeddable":true,"href":"https:\/\/www.sotrender.com\/blog\/pl\/wp-json\/wp\/v2\/categories?post=11671"},{"taxonomy":"post_tag","embeddable":true,"href":"https:\/\/www.sotrender.com\/blog\/pl\/wp-json\/wp\/v2\/tags?post=11671"}],"curies":[{"name":"wp","href":"https:\/\/api.w.org\/{rel}","templated":true}]}}