{"id":11611,"date":"2014-05-06T13:27:22","date_gmt":"2014-05-06T12:27:22","guid":{"rendered":"http:\/\/blog.sotrender.com\/?p=11611"},"modified":"2015-12-01T22:03:21","modified_gmt":"2015-12-01T21:03:21","slug":"sri-tagowanie-profili","status":"publish","type":"post","link":"https:\/\/www.sotrender.com\/blog\/pl\/2014\/05\/sri-tagowanie-profili\/","title":{"rendered":"Sotrender Research Insight &#8211; tagowanie profili faktycznie si\u0119 op\u0142aca?"},"content":{"rendered":"<p style=\"text-align: justify;\"><a title=\"Przeczytaj wi\u0119cej na blogu Sotrender\" href=\"https:\/\/www.sotrender.com\/blog\/2014\/04\/organic-reach-plummets\/\" target=\"_blank\">Spadek zasi\u0119g\u00f3w post\u00f3w komercyjnych<\/a> na Facebooku zmusza nas do szukania rozwi\u0105za\u0144,  umo\u017cliwiaj\u0105cych dotarcie do wi\u0119kszej liczby potencjalnych klient\u00f3w. Administratorzy staraj\u0105 si\u0119 publikowa\u0107 wpisy,  kt\u00f3re zaanga\u017cuj\u0105 jak najwi\u0119ksz\u0105 liczb\u0119 u\u017cytkownik\u00f3w. Niekt\u00f3rzy staraj\u0105 si\u0119 zwi\u0119kszy\u0107 efekty,  dodaj\u0105c do post\u00f3w oznaczenia innych profili,  je\u017celi strony te na to zezwalaj\u0105 (np. <a title=\"Przejd\u017a na profil Sotrendera na Facebooku\" href=\"https:\/\/www.facebook.com\/Sotrender\" target=\"_blank\">@Sotrender<\/a>). W kwietniowym wydaniu Sotrender Research Insight\u00a0<a title=\"Przejd\u017a na stron\u0119\" href=\"http:\/\/www.sotrender.pl\/reports?hp\" target=\"_blank\">Sotrender Research Team <\/a>sprawdza,  czy tagowanie profili mo\u017ce faktycznie pom\u00f3c w promocji marki.<\/p>\n<p style=\"text-align: justify;\"><!--more--><\/p>\n<h2 style=\"text-align: justify;\">Tagowanie profili coraz popularniejsze<\/h2>\n<p style=\"text-align: justify;\">Przyjrzyjmy si\u0119 najpierw zale\u017cno\u015bci pomi\u0119dzy obecno\u015bci\u0105 i liczb\u0105 tag\u00f3w wykorzystanych w po\u015bcie a jego zdolno\u015bci\u0105 do anga\u017cowania fan\u00f3w. Spo\u015br\u00f3d 94184 post\u00f3w opublikowanych w okresie 1-15 kwietnia na polskich profilach posiadaj\u0105cych przynajmniej 10 000 fan\u00f3w,  <strong>9, 6% zawiera\u0142o oznaczenia innych stron<\/strong>. Dla cel\u00f3w analizy wybrali\u015bmy profile,  kt\u00f3re publikuj\u0105 zar\u00f3wno posty z oznaczeniami innych stron,  jak r\u00f3wnie\u017c wpisy niezawieraj\u0105ce oznacze\u0144. Otrzymany wykres sugeruje,  \u017ce posty z oznaczeniami innych stron anga\u017cowa\u0142y nieco mniej fan\u00f3w ni\u017c przeci\u0119tnie. Czy tak jest w istocie?<\/p>\n<div id=\"attachment_11621\" style=\"width: 577px\" class=\"wp-caption aligncenter\"><a href=\"https:\/\/www.sotrender.com\/blog\/wp-content\/uploads\/2014\/05\/Wykres1.png\"><img loading=\"lazy\" decoding=\"async\" aria-describedby=\"caption-attachment-11621\" class=\"size-full wp-image-11621\" src=\"https:\/\/www.sotrender.com\/blog\/wp-content\/uploads\/2014\/05\/Wykres1.png\" alt=\"Tagowanie profili -zaanga\u017cowanie,  a liczba oznacze\u0144\" width=\"567\" height=\"705\" srcset=\"https:\/\/www.sotrender.com\/blog\/wp-content\/uploads\/2014\/05\/Wykres1.png 567w, https:\/\/www.sotrender.com\/blog\/wp-content\/uploads\/2014\/05\/Wykres1-475x591.png 475w\" sizes=\"(max-width: 567px) 100vw, 567px\" \/><\/a><p id=\"caption-attachment-11621\" class=\"wp-caption-text\">Tagowanie profili -zaanga\u017cowanie,  a liczba oznacze\u0144<\/p><\/div>\n<p style=\"text-align: justify;\">W opartej na metodach ekonometrycznych analizie wzi\u0119li\u015bmy pod uwag\u0119 wielko\u015b\u0107 profilu publikuj\u0105cego post,  liczb\u0119 fan\u00f3w otagowanych profili,  fakt obecno\u015bci tag\u00f3w oraz ich liczb\u0119. Ustalili\u015bmy,  \u017ce <strong>sam fakt u\u017cycia oznaczenia innej strony nie wp\u0142ywa istotnie na liczb\u0119 zaanga\u017cowanych fan\u00f3w<\/strong>. Gdy jednak przyjrzymy si\u0119 postom,  kt\u00f3re u\u017cywa\u0142y oznacze\u0144,  okazuje si\u0119,  \u017ce <strong>wraz ze wzrostem liczby tag\u00f3w,  spada zaanga\u017cowanie<\/strong>. Analizy wykaza\u0142y tak\u017ce,  \u017ce profile o r\u00f3\u017cnych wielko\u015bciach w podobnych proporcjach u\u017cywaj\u0105 post\u00f3w bez takich oznacze\u0144 i z jednym oznaczeniem. Jednak <strong>u\u017cycie wi\u0119kszej liczby tag\u00f3w jest charakterystyczne dla mniejszych profili<\/strong>,  kt\u00f3re w ten spos\u00f3b staraj\u0105 si\u0119 przyci\u0105gn\u0105\u0107 uwag\u0119 u\u017cytkownik\u00f3w.<\/p>\n<h2 style=\"text-align: justify;\">Zaanga\u017cowanie a wielko\u015b\u0107 otagowanego profilu<\/h2>\n<p style=\"text-align: justify;\">Sprawdzili\u015bmy r\u00f3wnie\u017c,  czy popularno\u015b\u0107 stron,  kt\u00f3re tagujemy w po\u015bcie ma wp\u0142yw na zaanga\u017cowanie u\u017cytkownik\u00f3w. W tym celu dla ka\u017cdego z post\u00f3w zawieraj\u0105cych tagi obliczyli\u015bmy \u015bredni\u0105 liczb\u0119 fan\u00f3w oznaczonych profili. Wyniki potwierdzi\u0142y nasze przypuszczenia \u2013 <strong>im wi\u0119cej fan\u00f3w liczy\u0142y otagowane strony,  tym bardziej post by\u0142 anga\u017cuj\u0105cy<\/strong>. Posty zawieraj\u0105ce oznaczenia profili o \u015bredniej liczbie fan\u00f3w przekraczaj\u0105cej 150 tys. anga\u017cowa\u0142y dwukrotnie wi\u0119cej u\u017cytkownik\u00f3w ni\u017c posty,  w kt\u00f3rych otagowane profile liczy\u0142y mniej ni\u017c 5 tys. fan\u00f3w.<\/p>\n<div id=\"attachment_11623\" style=\"width: 635px\" class=\"wp-caption aligncenter\"><a href=\"https:\/\/www.sotrender.com\/blog\/wp-content\/uploads\/2014\/05\/Wykres2.png\"><img loading=\"lazy\" decoding=\"async\" aria-describedby=\"caption-attachment-11623\" class=\"wp-image-11623 size-large\" src=\"https:\/\/www.sotrender.com\/blog\/wp-content\/uploads\/2014\/05\/Wykres2-1024x606.png\" alt=\"Tagowanie profili -zaanga\u017cowanie,  a wielko\u015b\u0107 profili\" width=\"625\" height=\"369\" \/><\/a><p id=\"caption-attachment-11623\" class=\"wp-caption-text\">Tagowanie profili -zaanga\u017cowanie,  a wielko\u015b\u0107 profili<\/p><\/div>\n<p style=\"text-align: justify;\">Je\u015bli wi\u0119c zdecydujemy si\u0119 na oznaczanie innych stron w naszych postach,  warto przemy\u015ble\u0107,  jak i kogo tagowa\u0107. Analizy wskazuj\u0105,  \u017ce\u00a0<strong>lepsze rezultaty osi\u0105gaj\u0105 posty,  w kt\u00f3rych oznaczona jest jedna strona\u00a0&#8211; im wi\u0119cej tag\u00f3w dodamy,  tym gorzej dla posta. <\/strong>Wa\u017cne te\u017c tak\u017ce,  aby oznacza\u0107 odpowiednie profile. Lepsze wyniki mo\u017ce da\u0107 wspomnienie marki rozpoznawalnej przez naszych fan\u00f3w ni\u017c tej s\u0142abo kojarzonej. Pami\u0119tajmy te\u017c,  \u017ce u\u017cycie tagu bardzo du\u017cego profilu spowoduje,  \u017ce zobacz\u0105 go nie tylko nasi dotychczasowi fani,  ale r\u00f3wnie\u017c cz\u0119\u015b\u0107 fan\u00f3w strony,  kt\u00f3r\u0105 oznaczyli\u015bmy w po\u015bcie. Nie uprawiajmy jednak\u201csztuki dla sztuki\u201d- oznaczaj\u0105c inne profile \u201cjak leci\u201d,  nie osi\u0105gniemy nic dobrego. Je\u017celi ju\u017c oznaczamy,  to z g\u0142ow\u0105!<\/p>\n","protected":false},"excerpt":{"rendered":"<p>Spadek zasi\u0119g\u00f3w post\u00f3w komercyjnych na Facebooku zmusza nas do szukania rozwi\u0105za\u0144, umo\u017cliwiaj\u0105cych dotarcie do wi\u0119kszej liczby potencjalnych klient\u00f3w. Administratorzy staraj\u0105 si\u0119 publikowa\u0107 wpisy, kt\u00f3re zaanga\u017cuj\u0105 jak najwi\u0119ksz\u0105 liczb\u0119 u\u017cytkownik\u00f3w. Niekt\u00f3rzy staraj\u0105 si\u0119 zwi\u0119kszy\u0107 efekty, dodaj\u0105c do post\u00f3w oznaczenia innych profili, je\u017celi strony te na to zezwalaj\u0105 (np. @Sotrender). W kwietniowym wydaniu Sotrender Research Insight\u00a0Sotrender Research [&hellip;]<\/p>\n","protected":false},"author":31,"featured_media":0,"comment_status":"open","ping_status":"open","sticky":false,"template":"","format":"standard","meta":{"inline_featured_image":false,"footnotes":""},"categories":[1793,1797],"tags":[17,499,675,817,819],"yoast_head":"<!-- This site is optimized with the Yoast SEO plugin v22.4 - https:\/\/yoast.com\/wordpress\/plugins\/seo\/ -->\n<title>Sotrender Research Insight - tagowanie profili faktycznie si\u0119 op\u0142aca?<\/title>\n<meta name=\"description\" content=\"Tagowanie profili - czy faktycznie mo\u017cne spowodowa\u0107 wzrost zaanga\u017cowania post\u00f3w? Jak i kogo tagowa\u0107? Przeczytaj w Sotrender Research Insight.\" \/>\n<meta name=\"robots\" content=\"index, follow, max-snippet:-1, max-image-preview:large, max-video-preview:-1\" \/>\n<link rel=\"canonical\" href=\"https:\/\/www.sotrender.com\/blog\/pl\/2014\/05\/sri-tagowanie-profili\/\" \/>\n<meta property=\"og:locale\" content=\"pl_PL\" \/>\n<meta property=\"og:type\" content=\"article\" \/>\n<meta property=\"og:title\" content=\"Sotrender Research Insight - tagowanie profili faktycznie si\u0119 op\u0142aca?\" \/>\n<meta property=\"og:description\" content=\"Tagowanie profili - czy faktycznie mo\u017cne spowodowa\u0107 wzrost zaanga\u017cowania post\u00f3w? Jak i kogo tagowa\u0107? Przeczytaj w Sotrender Research Insight.\" \/>\n<meta property=\"og:url\" content=\"https:\/\/www.sotrender.com\/blog\/pl\/2014\/05\/sri-tagowanie-profili\/\" \/>\n<meta property=\"og:site_name\" content=\"Sotrender Blog\" \/>\n<meta property=\"article:publisher\" content=\"https:\/\/www.facebook.com\/Sotrender\" \/>\n<meta property=\"article:published_time\" content=\"2014-05-06T12:27:22+00:00\" \/>\n<meta property=\"article:modified_time\" content=\"2015-12-01T21:03:21+00:00\" \/>\n<meta property=\"og:image\" content=\"https:\/\/www.sotrender.com\/blog\/wp-content\/uploads\/2014\/05\/Wykres1.png\" \/>\n<meta name=\"author\" content=\"Aleksandra Prejs\" \/>\n<meta name=\"twitter:card\" content=\"summary_large_image\" \/>\n<meta name=\"twitter:creator\" content=\"@Sotrender\" \/>\n<meta name=\"twitter:site\" content=\"@Sotrender\" \/>\n<meta name=\"twitter:label1\" content=\"Written by\" \/>\n\t<meta name=\"twitter:data1\" content=\"Aleksandra Prejs\" \/>\n\t<meta name=\"twitter:label2\" content=\"Est. reading time\" \/>\n\t<meta name=\"twitter:data2\" content=\"3 minutes\" \/>\n<script type=\"application\/ld+json\" class=\"yoast-schema-graph\">{\"@context\":\"https:\/\/schema.org\",\"@graph\":[{\"@type\":\"WebPage\",\"@id\":\"https:\/\/www.sotrender.com\/blog\/pl\/2014\/05\/sri-tagowanie-profili\/\",\"url\":\"https:\/\/www.sotrender.com\/blog\/pl\/2014\/05\/sri-tagowanie-profili\/\",\"name\":\"Sotrender Research Insight - tagowanie profili faktycznie si\u0119 op\u0142aca?\",\"isPartOf\":{\"@id\":\"https:\/\/www.sotrender.com\/blog\/#website\"},\"primaryImageOfPage\":{\"@id\":\"https:\/\/www.sotrender.com\/blog\/pl\/2014\/05\/sri-tagowanie-profili\/#primaryimage\"},\"image\":{\"@id\":\"https:\/\/www.sotrender.com\/blog\/pl\/2014\/05\/sri-tagowanie-profili\/#primaryimage\"},\"thumbnailUrl\":\"https:\/\/www.sotrender.com\/blog\/wp-content\/uploads\/2014\/05\/Wykres1.png\",\"datePublished\":\"2014-05-06T12:27:22+00:00\",\"dateModified\":\"2015-12-01T21:03:21+00:00\",\"author\":{\"@id\":\"https:\/\/www.sotrender.com\/blog\/#\/schema\/person\/7106df62825269bc360ad9171cd7149b\"},\"description\":\"Tagowanie profili - czy faktycznie mo\u017cne spowodowa\u0107 wzrost zaanga\u017cowania post\u00f3w? Jak i kogo tagowa\u0107? Przeczytaj w Sotrender Research Insight.\",\"breadcrumb\":{\"@id\":\"https:\/\/www.sotrender.com\/blog\/pl\/2014\/05\/sri-tagowanie-profili\/#breadcrumb\"},\"inLanguage\":\"pl-PL\",\"potentialAction\":[{\"@type\":\"ReadAction\",\"target\":[\"https:\/\/www.sotrender.com\/blog\/pl\/2014\/05\/sri-tagowanie-profili\/\"]}]},{\"@type\":\"ImageObject\",\"inLanguage\":\"pl-PL\",\"@id\":\"https:\/\/www.sotrender.com\/blog\/pl\/2014\/05\/sri-tagowanie-profili\/#primaryimage\",\"url\":\"https:\/\/www.sotrender.com\/blog\/wp-content\/uploads\/2014\/05\/Wykres1.png\",\"contentUrl\":\"https:\/\/www.sotrender.com\/blog\/wp-content\/uploads\/2014\/05\/Wykres1.png\"},{\"@type\":\"BreadcrumbList\",\"@id\":\"https:\/\/www.sotrender.com\/blog\/pl\/2014\/05\/sri-tagowanie-profili\/#breadcrumb\",\"itemListElement\":[{\"@type\":\"ListItem\",\"position\":1,\"name\":\"Home\",\"item\":\"https:\/\/www.sotrender.com\/blog\/\"},{\"@type\":\"ListItem\",\"position\":2,\"name\":\"Sotrender Research Insight &#8211; tagowanie profili faktycznie si\u0119 op\u0142aca?\"}]},{\"@type\":\"WebSite\",\"@id\":\"https:\/\/www.sotrender.com\/blog\/#website\",\"url\":\"https:\/\/www.sotrender.com\/blog\/\",\"name\":\"Sotrender Blog\",\"description\":\"\",\"potentialAction\":[{\"@type\":\"SearchAction\",\"target\":{\"@type\":\"EntryPoint\",\"urlTemplate\":\"https:\/\/www.sotrender.com\/blog\/?s={search_term_string}\"},\"query-input\":\"required name=search_term_string\"}],\"inLanguage\":\"pl-PL\"},{\"@type\":\"Person\",\"@id\":\"https:\/\/www.sotrender.com\/blog\/#\/schema\/person\/7106df62825269bc360ad9171cd7149b\",\"name\":\"Aleksandra Prejs\",\"image\":{\"@type\":\"ImageObject\",\"inLanguage\":\"pl-PL\",\"@id\":\"https:\/\/www.sotrender.com\/blog\/#\/schema\/person\/image\/\",\"url\":\"https:\/\/secure.gravatar.com\/avatar\/469000454b77ff0aacb32c49dba023be?s=96&d=mm&r=g\",\"contentUrl\":\"https:\/\/secure.gravatar.com\/avatar\/469000454b77ff0aacb32c49dba023be?s=96&d=mm&r=g\",\"caption\":\"Aleksandra Prejs\"},\"url\":\"https:\/\/www.sotrender.com\/blog\/pl\/author\/aleksandra-prejs\/\"}]}<\/script>\n<!-- \/ Yoast SEO plugin. -->","yoast_head_json":{"title":"Sotrender Research Insight - tagowanie profili faktycznie si\u0119 op\u0142aca?","description":"Tagowanie profili - czy faktycznie mo\u017cne spowodowa\u0107 wzrost zaanga\u017cowania post\u00f3w? Jak i kogo tagowa\u0107? Przeczytaj w Sotrender Research Insight.","robots":{"index":"index","follow":"follow","max-snippet":"max-snippet:-1","max-image-preview":"max-image-preview:large","max-video-preview":"max-video-preview:-1"},"canonical":"https:\/\/www.sotrender.com\/blog\/pl\/2014\/05\/sri-tagowanie-profili\/","og_locale":"pl_PL","og_type":"article","og_title":"Sotrender Research Insight - tagowanie profili faktycznie si\u0119 op\u0142aca?","og_description":"Tagowanie profili - czy faktycznie mo\u017cne spowodowa\u0107 wzrost zaanga\u017cowania post\u00f3w? Jak i kogo tagowa\u0107? Przeczytaj w Sotrender Research Insight.","og_url":"https:\/\/www.sotrender.com\/blog\/pl\/2014\/05\/sri-tagowanie-profili\/","og_site_name":"Sotrender Blog","article_publisher":"https:\/\/www.facebook.com\/Sotrender","article_published_time":"2014-05-06T12:27:22+00:00","article_modified_time":"2015-12-01T21:03:21+00:00","og_image":[{"url":"https:\/\/www.sotrender.com\/blog\/wp-content\/uploads\/2014\/05\/Wykres1.png"}],"author":"Aleksandra Prejs","twitter_card":"summary_large_image","twitter_creator":"@Sotrender","twitter_site":"@Sotrender","twitter_misc":{"Written by":"Aleksandra Prejs","Est. reading time":"3 minutes"},"schema":{"@context":"https:\/\/schema.org","@graph":[{"@type":"WebPage","@id":"https:\/\/www.sotrender.com\/blog\/pl\/2014\/05\/sri-tagowanie-profili\/","url":"https:\/\/www.sotrender.com\/blog\/pl\/2014\/05\/sri-tagowanie-profili\/","name":"Sotrender Research Insight - tagowanie profili faktycznie si\u0119 op\u0142aca?","isPartOf":{"@id":"https:\/\/www.sotrender.com\/blog\/#website"},"primaryImageOfPage":{"@id":"https:\/\/www.sotrender.com\/blog\/pl\/2014\/05\/sri-tagowanie-profili\/#primaryimage"},"image":{"@id":"https:\/\/www.sotrender.com\/blog\/pl\/2014\/05\/sri-tagowanie-profili\/#primaryimage"},"thumbnailUrl":"https:\/\/www.sotrender.com\/blog\/wp-content\/uploads\/2014\/05\/Wykres1.png","datePublished":"2014-05-06T12:27:22+00:00","dateModified":"2015-12-01T21:03:21+00:00","author":{"@id":"https:\/\/www.sotrender.com\/blog\/#\/schema\/person\/7106df62825269bc360ad9171cd7149b"},"description":"Tagowanie profili - czy faktycznie mo\u017cne spowodowa\u0107 wzrost zaanga\u017cowania post\u00f3w? Jak i kogo tagowa\u0107? Przeczytaj w Sotrender Research Insight.","breadcrumb":{"@id":"https:\/\/www.sotrender.com\/blog\/pl\/2014\/05\/sri-tagowanie-profili\/#breadcrumb"},"inLanguage":"pl-PL","potentialAction":[{"@type":"ReadAction","target":["https:\/\/www.sotrender.com\/blog\/pl\/2014\/05\/sri-tagowanie-profili\/"]}]},{"@type":"ImageObject","inLanguage":"pl-PL","@id":"https:\/\/www.sotrender.com\/blog\/pl\/2014\/05\/sri-tagowanie-profili\/#primaryimage","url":"https:\/\/www.sotrender.com\/blog\/wp-content\/uploads\/2014\/05\/Wykres1.png","contentUrl":"https:\/\/www.sotrender.com\/blog\/wp-content\/uploads\/2014\/05\/Wykres1.png"},{"@type":"BreadcrumbList","@id":"https:\/\/www.sotrender.com\/blog\/pl\/2014\/05\/sri-tagowanie-profili\/#breadcrumb","itemListElement":[{"@type":"ListItem","position":1,"name":"Home","item":"https:\/\/www.sotrender.com\/blog\/"},{"@type":"ListItem","position":2,"name":"Sotrender Research Insight &#8211; tagowanie profili faktycznie si\u0119 op\u0142aca?"}]},{"@type":"WebSite","@id":"https:\/\/www.sotrender.com\/blog\/#website","url":"https:\/\/www.sotrender.com\/blog\/","name":"Sotrender Blog","description":"","potentialAction":[{"@type":"SearchAction","target":{"@type":"EntryPoint","urlTemplate":"https:\/\/www.sotrender.com\/blog\/?s={search_term_string}"},"query-input":"required name=search_term_string"}],"inLanguage":"pl-PL"},{"@type":"Person","@id":"https:\/\/www.sotrender.com\/blog\/#\/schema\/person\/7106df62825269bc360ad9171cd7149b","name":"Aleksandra Prejs","image":{"@type":"ImageObject","inLanguage":"pl-PL","@id":"https:\/\/www.sotrender.com\/blog\/#\/schema\/person\/image\/","url":"https:\/\/secure.gravatar.com\/avatar\/469000454b77ff0aacb32c49dba023be?s=96&d=mm&r=g","contentUrl":"https:\/\/secure.gravatar.com\/avatar\/469000454b77ff0aacb32c49dba023be?s=96&d=mm&r=g","caption":"Aleksandra Prejs"},"url":"https:\/\/www.sotrender.com\/blog\/pl\/author\/aleksandra-prejs\/"}]}},"_links":{"self":[{"href":"https:\/\/www.sotrender.com\/blog\/pl\/wp-json\/wp\/v2\/posts\/11611"}],"collection":[{"href":"https:\/\/www.sotrender.com\/blog\/pl\/wp-json\/wp\/v2\/posts"}],"about":[{"href":"https:\/\/www.sotrender.com\/blog\/pl\/wp-json\/wp\/v2\/types\/post"}],"author":[{"embeddable":true,"href":"https:\/\/www.sotrender.com\/blog\/pl\/wp-json\/wp\/v2\/users\/31"}],"replies":[{"embeddable":true,"href":"https:\/\/www.sotrender.com\/blog\/pl\/wp-json\/wp\/v2\/comments?post=11611"}],"version-history":[{"count":11,"href":"https:\/\/www.sotrender.com\/blog\/pl\/wp-json\/wp\/v2\/posts\/11611\/revisions"}],"predecessor-version":[{"id":11641,"href":"https:\/\/www.sotrender.com\/blog\/pl\/wp-json\/wp\/v2\/posts\/11611\/revisions\/11641"}],"wp:attachment":[{"href":"https:\/\/www.sotrender.com\/blog\/pl\/wp-json\/wp\/v2\/media?parent=11611"}],"wp:term":[{"taxonomy":"category","embeddable":true,"href":"https:\/\/www.sotrender.com\/blog\/pl\/wp-json\/wp\/v2\/categories?post=11611"},{"taxonomy":"post_tag","embeddable":true,"href":"https:\/\/www.sotrender.com\/blog\/pl\/wp-json\/wp\/v2\/tags?post=11611"}],"curies":[{"name":"wp","href":"https:\/\/api.w.org\/{rel}","templated":true}]}}