{"id":113,"date":"2011-12-13T15:38:58","date_gmt":"2011-12-13T14:38:58","guid":{"rendered":"http:\/\/blog.fanpagetrender.pl\/?p=113"},"modified":"2015-12-01T22:45:38","modified_gmt":"2015-12-01T21:45:38","slug":"fanpage-trender-ma-juz-rok","status":"publish","type":"post","link":"https:\/\/www.sotrender.com\/blog\/pl\/2011\/12\/fanpage-trender-ma-juz-rok\/","title":{"rendered":"Fanpage Trender ma ju\u017c rok!"},"content":{"rendered":"<p><strong>Fanpage Trender<\/strong> obchodzi dzi\u015b pierwsze urodziny.<\/p>\n<p>Dok\u0142adnie rok temu,  13 grudnia 2010 r.,  na konferencji <a href=\"http:\/\/www.internetstandard.pl\/konferencje\/socialmediastandard2010\/program.html\">Social Media Standard<\/a> zaprezentowali\u015bmy narz\u0119dzie i wyniki bada\u0144 polskich profili na Facebooku. Trzaska\u0142 wtedy mr\u00f3z,  wsz\u0119dzie le\u017ca\u0142y zaspy \u015bniegu,  i tylko jedno wygl\u0105da\u0142o tak,  jak dzi\u015b \u2013 wszyscy byli bardzo zainteresowani <strong>marketingiem na Facebooku<\/strong>.<br \/>\n<!--more--><\/p>\n<h3><strong>Fanpage Trender w 2012 roku<\/strong><\/h3>\n<p>Sporo si\u0119 przez ten czas wydarzy\u0142o. Przede wszystkim zyskali\u015bmy wielu <strong>klient\u00f3w<\/strong>,  tak\u017ce poza Polsk\u0105. Rozwin\u0119li\u015bmy Fanpage Trendera,  poprawili\u015bmy logo,  interfejs aplikacji i stron\u0119 WWW. Opublikowali\u015bmy troch\u0119 <strong>bada\u0144 i analiz<\/strong>,  kt\u00f3re by\u0142y <a href=\"http:\/\/www.fanpagetrender.com\/pl\/others_about_us\">cytowane przez media<\/a> i prezentowane <a href=\"http:\/\/www.fanpagetrender.com\/pl\/conferences\">na konferencjach<\/a>. Zdobyli\u015bmy <a href=\"http:\/\/www.seedfund.pl\/\">fajnego inwestora<\/a>,  z kt\u00f3rym zgodnie rozwijamy nasz\u0105 firm\u0119. No i za\u0142o\u017cyli\u015bmy ten blog (tak,  wiemy,  \u017ce na razie \u015brednio wygl\u0105da,  ale poprawimy to\u2026)<\/p>\n<p>Itd.,  itp.,  wi\u0119cej informacji znajdziecie na naszej urodzinowej infografice:<\/p>\n<p><a href=\"https:\/\/www.sotrender.com\/blog\/wp-content\/uploads\/2011\/12\/1grafika.jpg\"><img loading=\"lazy\" decoding=\"async\" class=\"aligncenter size-large wp-image-133\" title=\"Fanpage Trender\" src=\"https:\/\/www.sotrender.com\/blog\/wp-content\/uploads\/2011\/12\/1grafika-1024x819.jpg\" alt=\"\" width=\"510\" height=\"407\" \/><\/a><\/p>\n<p style=\"text-align: center;\">(kliknij aby powi\u0119kszy\u0107)<a href=\"https:\/\/www.sotrender.com\/blog\/wp-content\/uploads\/2011\/12\/rok_FPT.jpg\"><br \/>\n<\/a><strong><br \/>\n<\/strong><\/p>\n<p><!--more--><br \/>\nNie byliby\u015bmy w tym miejscu bez Was,  drodzy Klienci,  U\u017cytkownicy,  Testerzy,  Komentatorzy,  Fani,  Konkurenci\u2026 &#8211; Dzi\u0119kujemy Wam! Obiecujemy,  \u017ce b\u0119dziemy si\u0119 stara\u0107,  aby sprosta\u0107 Waszym oczekiwaniom \u2013 cho\u0107 czasem nie jest to \u0142atwe\u2026 \ud83d\ude09<\/p>\n<p>Dzisiejsze urodziny uczcili\u015bmy wydaniem kilku nowych funkcjonalno\u015bci \u2013 wypr\u00f3bujcie je!<\/p>\n<p>I przede wszystkim \u2013 wci\u0105\u017c czujemy,  \u017ce jeste\u015bmy dopiero na pocz\u0105tku drogi i wszystko jest jeszcze przed nami \ud83d\ude42<\/p>\n<p>&nbsp;<\/p>\n","protected":false},"excerpt":{"rendered":"<p>Fanpage Trender obchodzi dzi\u015b pierwsze urodziny. Dok\u0142adnie rok temu, 13 grudnia 2010 r., na konferencji Social Media Standard zaprezentowali\u015bmy narz\u0119dzie i wyniki bada\u0144 polskich profili na Facebooku. Trzaska\u0142 wtedy mr\u00f3z, wsz\u0119dzie le\u017ca\u0142y zaspy \u015bniegu, i tylko jedno wygl\u0105da\u0142o tak, jak dzi\u015b \u2013 wszyscy byli bardzo zainteresowani marketingiem na Facebooku.<\/p>\n","protected":false},"author":2,"featured_media":0,"comment_status":"open","ping_status":"open","sticky":false,"template":"","format":"standard","meta":{"inline_featured_image":false,"footnotes":""},"categories":[1795],"tags":[319,7,317],"yoast_head":"<!-- This site is optimized with the Yoast SEO plugin v22.4 - https:\/\/yoast.com\/wordpress\/plugins\/seo\/ -->\n<title>Fanpage Trender ma ju\u017c rok!<\/title>\n<meta name=\"description\" content=\"Podsumowanie pierwszego roku dzia\u0142alno\u015bci Fanpage Trender. trender - Social Media Marketing Blog.\" \/>\n<meta name=\"robots\" content=\"index, follow, max-snippet:-1, max-image-preview:large, max-video-preview:-1\" \/>\n<link rel=\"canonical\" href=\"https:\/\/www.sotrender.com\/blog\/pl\/2011\/12\/fanpage-trender-ma-juz-rok\/\" \/>\n<meta property=\"og:locale\" content=\"pl_PL\" \/>\n<meta property=\"og:type\" content=\"article\" \/>\n<meta property=\"og:title\" content=\"Fanpage Trender ma ju\u017c rok!\" \/>\n<meta property=\"og:description\" content=\"Podsumowanie pierwszego roku dzia\u0142alno\u015bci Fanpage Trender. trender - Social Media Marketing Blog.\" \/>\n<meta property=\"og:url\" content=\"https:\/\/www.sotrender.com\/blog\/pl\/2011\/12\/fanpage-trender-ma-juz-rok\/\" \/>\n<meta property=\"og:site_name\" content=\"Sotrender Blog\" \/>\n<meta property=\"article:publisher\" content=\"https:\/\/www.facebook.com\/Sotrender\" \/>\n<meta property=\"article:author\" content=\"https:\/\/www.facebook.com\/jan.zajac.75?fref=ts\" \/>\n<meta property=\"article:published_time\" content=\"2011-12-13T14:38:58+00:00\" \/>\n<meta property=\"article:modified_time\" content=\"2015-12-01T21:45:38+00:00\" \/>\n<meta property=\"og:image\" content=\"https:\/\/www.sotrender.com\/blog\/wp-content\/uploads\/2011\/12\/1grafika-1024x819.jpg\" \/>\n<meta name=\"author\" content=\"Jan Zaj\u0105c\" \/>\n<meta name=\"twitter:card\" content=\"summary_large_image\" \/>\n<meta name=\"twitter:creator\" content=\"@http:\/\/twitter.com\/janekzajac\" \/>\n<meta name=\"twitter:site\" content=\"@Sotrender\" \/>\n<meta name=\"twitter:label1\" content=\"Written by\" \/>\n\t<meta name=\"twitter:data1\" content=\"Jan Zaj\u0105c\" \/>\n\t<meta name=\"twitter:label2\" content=\"Est. reading time\" \/>\n\t<meta name=\"twitter:data2\" content=\"1 minute\" \/>\n<script type=\"application\/ld+json\" class=\"yoast-schema-graph\">{\"@context\":\"https:\/\/schema.org\",\"@graph\":[{\"@type\":\"WebPage\",\"@id\":\"https:\/\/www.sotrender.com\/blog\/pl\/2011\/12\/fanpage-trender-ma-juz-rok\/\",\"url\":\"https:\/\/www.sotrender.com\/blog\/pl\/2011\/12\/fanpage-trender-ma-juz-rok\/\",\"name\":\"Fanpage Trender ma ju\u017c rok!\",\"isPartOf\":{\"@id\":\"https:\/\/www.sotrender.com\/blog\/#website\"},\"primaryImageOfPage\":{\"@id\":\"https:\/\/www.sotrender.com\/blog\/pl\/2011\/12\/fanpage-trender-ma-juz-rok\/#primaryimage\"},\"image\":{\"@id\":\"https:\/\/www.sotrender.com\/blog\/pl\/2011\/12\/fanpage-trender-ma-juz-rok\/#primaryimage\"},\"thumbnailUrl\":\"https:\/\/www.sotrender.com\/blog\/wp-content\/uploads\/2011\/12\/1grafika-1024x819.jpg\",\"datePublished\":\"2011-12-13T14:38:58+00:00\",\"dateModified\":\"2015-12-01T21:45:38+00:00\",\"author\":{\"@id\":\"https:\/\/www.sotrender.com\/blog\/#\/schema\/person\/15d4db3ba9c4e61b1cb96099300e7c51\"},\"description\":\"Podsumowanie pierwszego roku dzia\u0142alno\u015bci Fanpage Trender. trender - Social Media Marketing Blog.\",\"breadcrumb\":{\"@id\":\"https:\/\/www.sotrender.com\/blog\/pl\/2011\/12\/fanpage-trender-ma-juz-rok\/#breadcrumb\"},\"inLanguage\":\"pl-PL\",\"potentialAction\":[{\"@type\":\"ReadAction\",\"target\":[\"https:\/\/www.sotrender.com\/blog\/pl\/2011\/12\/fanpage-trender-ma-juz-rok\/\"]}]},{\"@type\":\"ImageObject\",\"inLanguage\":\"pl-PL\",\"@id\":\"https:\/\/www.sotrender.com\/blog\/pl\/2011\/12\/fanpage-trender-ma-juz-rok\/#primaryimage\",\"url\":\"https:\/\/www.sotrender.com\/blog\/wp-content\/uploads\/2011\/12\/1grafika-1024x819.jpg\",\"contentUrl\":\"https:\/\/www.sotrender.com\/blog\/wp-content\/uploads\/2011\/12\/1grafika-1024x819.jpg\"},{\"@type\":\"BreadcrumbList\",\"@id\":\"https:\/\/www.sotrender.com\/blog\/pl\/2011\/12\/fanpage-trender-ma-juz-rok\/#breadcrumb\",\"itemListElement\":[{\"@type\":\"ListItem\",\"position\":1,\"name\":\"Home\",\"item\":\"https:\/\/www.sotrender.com\/blog\/\"},{\"@type\":\"ListItem\",\"position\":2,\"name\":\"Fanpage Trender ma ju\u017c rok!\"}]},{\"@type\":\"WebSite\",\"@id\":\"https:\/\/www.sotrender.com\/blog\/#website\",\"url\":\"https:\/\/www.sotrender.com\/blog\/\",\"name\":\"Sotrender Blog\",\"description\":\"\",\"potentialAction\":[{\"@type\":\"SearchAction\",\"target\":{\"@type\":\"EntryPoint\",\"urlTemplate\":\"https:\/\/www.sotrender.com\/blog\/?s={search_term_string}\"},\"query-input\":\"required name=search_term_string\"}],\"inLanguage\":\"pl-PL\"},{\"@type\":\"Person\",\"@id\":\"https:\/\/www.sotrender.com\/blog\/#\/schema\/person\/15d4db3ba9c4e61b1cb96099300e7c51\",\"name\":\"Jan Zaj\u0105c\",\"image\":{\"@type\":\"ImageObject\",\"inLanguage\":\"pl-PL\",\"@id\":\"https:\/\/www.sotrender.com\/blog\/#\/schema\/person\/image\/\",\"url\":\"https:\/\/secure.gravatar.com\/avatar\/330c70ea205c5402148d7c7d8927d81d?s=96&d=mm&r=g\",\"contentUrl\":\"https:\/\/secure.gravatar.com\/avatar\/330c70ea205c5402148d7c7d8927d81d?s=96&d=mm&r=g\",\"caption\":\"Jan Zaj\u0105c\"},\"description\":\"Psychologist &amp; economist, experienced consultant &amp; researcher, who speaks 6 languages and has cycled around 17 countries.\",\"sameAs\":[\"https:\/\/www.facebook.com\/jan.zajac.75?fref=ts\",\"https:\/\/www.linkedin.com\/in\/janekzajac\",\"https:\/\/twitter.com\/http:\/\/twitter.com\/janekzajac\"],\"url\":\"https:\/\/www.sotrender.com\/blog\/pl\/author\/jan_zajc\/\"}]}<\/script>\n<!-- \/ Yoast SEO plugin. -->","yoast_head_json":{"title":"Fanpage Trender ma ju\u017c rok!","description":"Podsumowanie pierwszego roku dzia\u0142alno\u015bci Fanpage Trender. trender - Social Media Marketing Blog.","robots":{"index":"index","follow":"follow","max-snippet":"max-snippet:-1","max-image-preview":"max-image-preview:large","max-video-preview":"max-video-preview:-1"},"canonical":"https:\/\/www.sotrender.com\/blog\/pl\/2011\/12\/fanpage-trender-ma-juz-rok\/","og_locale":"pl_PL","og_type":"article","og_title":"Fanpage Trender ma ju\u017c rok!","og_description":"Podsumowanie pierwszego roku dzia\u0142alno\u015bci Fanpage Trender. trender - Social Media Marketing Blog.","og_url":"https:\/\/www.sotrender.com\/blog\/pl\/2011\/12\/fanpage-trender-ma-juz-rok\/","og_site_name":"Sotrender Blog","article_publisher":"https:\/\/www.facebook.com\/Sotrender","article_author":"https:\/\/www.facebook.com\/jan.zajac.75?fref=ts","article_published_time":"2011-12-13T14:38:58+00:00","article_modified_time":"2015-12-01T21:45:38+00:00","og_image":[{"url":"https:\/\/www.sotrender.com\/blog\/wp-content\/uploads\/2011\/12\/1grafika-1024x819.jpg"}],"author":"Jan Zaj\u0105c","twitter_card":"summary_large_image","twitter_creator":"@http:\/\/twitter.com\/janekzajac","twitter_site":"@Sotrender","twitter_misc":{"Written by":"Jan Zaj\u0105c","Est. reading time":"1 minute"},"schema":{"@context":"https:\/\/schema.org","@graph":[{"@type":"WebPage","@id":"https:\/\/www.sotrender.com\/blog\/pl\/2011\/12\/fanpage-trender-ma-juz-rok\/","url":"https:\/\/www.sotrender.com\/blog\/pl\/2011\/12\/fanpage-trender-ma-juz-rok\/","name":"Fanpage Trender ma ju\u017c rok!","isPartOf":{"@id":"https:\/\/www.sotrender.com\/blog\/#website"},"primaryImageOfPage":{"@id":"https:\/\/www.sotrender.com\/blog\/pl\/2011\/12\/fanpage-trender-ma-juz-rok\/#primaryimage"},"image":{"@id":"https:\/\/www.sotrender.com\/blog\/pl\/2011\/12\/fanpage-trender-ma-juz-rok\/#primaryimage"},"thumbnailUrl":"https:\/\/www.sotrender.com\/blog\/wp-content\/uploads\/2011\/12\/1grafika-1024x819.jpg","datePublished":"2011-12-13T14:38:58+00:00","dateModified":"2015-12-01T21:45:38+00:00","author":{"@id":"https:\/\/www.sotrender.com\/blog\/#\/schema\/person\/15d4db3ba9c4e61b1cb96099300e7c51"},"description":"Podsumowanie pierwszego roku dzia\u0142alno\u015bci Fanpage Trender. trender - Social Media Marketing Blog.","breadcrumb":{"@id":"https:\/\/www.sotrender.com\/blog\/pl\/2011\/12\/fanpage-trender-ma-juz-rok\/#breadcrumb"},"inLanguage":"pl-PL","potentialAction":[{"@type":"ReadAction","target":["https:\/\/www.sotrender.com\/blog\/pl\/2011\/12\/fanpage-trender-ma-juz-rok\/"]}]},{"@type":"ImageObject","inLanguage":"pl-PL","@id":"https:\/\/www.sotrender.com\/blog\/pl\/2011\/12\/fanpage-trender-ma-juz-rok\/#primaryimage","url":"https:\/\/www.sotrender.com\/blog\/wp-content\/uploads\/2011\/12\/1grafika-1024x819.jpg","contentUrl":"https:\/\/www.sotrender.com\/blog\/wp-content\/uploads\/2011\/12\/1grafika-1024x819.jpg"},{"@type":"BreadcrumbList","@id":"https:\/\/www.sotrender.com\/blog\/pl\/2011\/12\/fanpage-trender-ma-juz-rok\/#breadcrumb","itemListElement":[{"@type":"ListItem","position":1,"name":"Home","item":"https:\/\/www.sotrender.com\/blog\/"},{"@type":"ListItem","position":2,"name":"Fanpage Trender ma ju\u017c rok!"}]},{"@type":"WebSite","@id":"https:\/\/www.sotrender.com\/blog\/#website","url":"https:\/\/www.sotrender.com\/blog\/","name":"Sotrender Blog","description":"","potentialAction":[{"@type":"SearchAction","target":{"@type":"EntryPoint","urlTemplate":"https:\/\/www.sotrender.com\/blog\/?s={search_term_string}"},"query-input":"required name=search_term_string"}],"inLanguage":"pl-PL"},{"@type":"Person","@id":"https:\/\/www.sotrender.com\/blog\/#\/schema\/person\/15d4db3ba9c4e61b1cb96099300e7c51","name":"Jan Zaj\u0105c","image":{"@type":"ImageObject","inLanguage":"pl-PL","@id":"https:\/\/www.sotrender.com\/blog\/#\/schema\/person\/image\/","url":"https:\/\/secure.gravatar.com\/avatar\/330c70ea205c5402148d7c7d8927d81d?s=96&d=mm&r=g","contentUrl":"https:\/\/secure.gravatar.com\/avatar\/330c70ea205c5402148d7c7d8927d81d?s=96&d=mm&r=g","caption":"Jan Zaj\u0105c"},"description":"Psychologist &amp; economist, experienced consultant &amp; researcher, who speaks 6 languages and has cycled around 17 countries.","sameAs":["https:\/\/www.facebook.com\/jan.zajac.75?fref=ts","https:\/\/www.linkedin.com\/in\/janekzajac","https:\/\/twitter.com\/http:\/\/twitter.com\/janekzajac"],"url":"https:\/\/www.sotrender.com\/blog\/pl\/author\/jan_zajc\/"}]}},"_links":{"self":[{"href":"https:\/\/www.sotrender.com\/blog\/pl\/wp-json\/wp\/v2\/posts\/113"}],"collection":[{"href":"https:\/\/www.sotrender.com\/blog\/pl\/wp-json\/wp\/v2\/posts"}],"about":[{"href":"https:\/\/www.sotrender.com\/blog\/pl\/wp-json\/wp\/v2\/types\/post"}],"author":[{"embeddable":true,"href":"https:\/\/www.sotrender.com\/blog\/pl\/wp-json\/wp\/v2\/users\/2"}],"replies":[{"embeddable":true,"href":"https:\/\/www.sotrender.com\/blog\/pl\/wp-json\/wp\/v2\/comments?post=113"}],"version-history":[{"count":22,"href":"https:\/\/www.sotrender.com\/blog\/pl\/wp-json\/wp\/v2\/posts\/113\/revisions"}],"predecessor-version":[{"id":3083,"href":"https:\/\/www.sotrender.com\/blog\/pl\/wp-json\/wp\/v2\/posts\/113\/revisions\/3083"}],"wp:attachment":[{"href":"https:\/\/www.sotrender.com\/blog\/pl\/wp-json\/wp\/v2\/media?parent=113"}],"wp:term":[{"taxonomy":"category","embeddable":true,"href":"https:\/\/www.sotrender.com\/blog\/pl\/wp-json\/wp\/v2\/categories?post=113"},{"taxonomy":"post_tag","embeddable":true,"href":"https:\/\/www.sotrender.com\/blog\/pl\/wp-json\/wp\/v2\/tags?post=113"}],"curies":[{"name":"wp","href":"https:\/\/api.w.org\/{rel}","templated":true}]}}