{"id":11223,"date":"2014-04-03T13:59:51","date_gmt":"2014-04-03T12:59:51","guid":{"rendered":"http:\/\/blog.sotrender.com\/?p=11223"},"modified":"2017-04-13T15:18:40","modified_gmt":"2017-04-13T13:18:40","slug":"fanpage-trends-marzec-2014","status":"publish","type":"post","link":"https:\/\/www.sotrender.com\/blog\/pl\/2014\/04\/fanpage-trends-marzec-2014\/","title":{"rendered":"#FanpageTrends Marzec 2014 &#8211; wykresy Sotrendera rozkwitaj\u0105 na wiosn\u0119"},"content":{"rendered":"<p dir=\"ltr\" style=\"text-align: justify;\">Na komercyjnych profilach ju\u017c wiosna, kt\u00f3ra pojawi\u0142a si\u0119 w a\u017c 7 tys. wpis\u00f3w opublikowanych w marcu. Posty w Dzie\u0144 Kobiet anga\u017cowa\u0142y o 60% wi\u0119cej u\u017cytkownik\u00f3w ni\u017c w inne dni, a w <strong>#FanpageTrends<\/strong> nadal s\u0142ycha\u0107 echa okrzyk\u00f3w kibic\u00f3w zimowych igrzysk olimpijskich w Soczi. Kategoria Sport wzros\u0142a w marcu o 9%, a liczba jej fan\u00f3w zbli\u017ca si\u0119 ju\u017c do 20 mln! Zanim och\u0142oniemy po wra\u017ceniach z Plug and Play Expo Spring 2014 w Silicon Valley, <strong><a title=\"Przejd\u017a na stron\u0119 raportu\" href=\"http:\/\/www.sotrender.pl\/fanpage-trends\/201403\" target=\"_blank\">zapraszamy do lektury wiosennego wydania raportu #FanpageTrends!<\/a><\/strong><\/p>\n<p style=\"text-align: justify;\"><!--more--><\/p>\n<h2 dir=\"ltr\" style=\"text-align: justify;\">#FanpageTrends \u0107wicz\u0105 Skalpel na boisku<\/h2>\n<p dir=\"ltr\" style=\"text-align: justify;\">Wzrost liczby fan\u00f3w stron z kategorii Sport przyni\u00f3s\u0142 now\u0105 liderk\u0119 rankingu najbardziej anga\u017cuj\u0105cych profili w Polsce, kt\u00f3r\u0105 w marcu zosta\u0142a <a title=\"Zobacz profil na Facebooku\" href=\"https:\/\/www.facebook.com\/chodakowskaewa?ref=br_tf\" target=\"_blank\">Ewa Chodakowska<\/a>. Nie mo\u017cna r\u00f3wnie\u017c pomin\u0105\u0107 faktu, \u017ce opr\u00f3cz pionierki fitnessu, wspomniany ranking zdominowa\u0142y strony po\u015bwi\u0119cone pi\u0142ce no\u017cnej. <a title=\"Zobacz profil na Facebooku\" href=\"https:\/\/www.facebook.com\/FangolPl\" target=\"_blank\">FANGOL.pl<\/a>, na kt\u00f3rym w marcu dodano a\u017c 261 tys. komentarzy, przesun\u0105\u0142 si\u0119 o imponuj\u0105ce 22 pozycje do przodu, z kolei <a title=\"Zobacz profil na Facebooku\" href=\"https:\/\/www.facebook.com\/PasjaFootball\" target=\"_blank\">Football Moja Pasja<\/a> awansowa\u0142 a\u017c o 9 miejsc. W zestawieniu znalaz\u0142 si\u0119 tak\u017ce profil <a title=\"Zobacz profil na Facebooku\" href=\"https:\/\/www.facebook.com\/KochamFootball\" target=\"_blank\">Kocham Football<\/a>, kt\u00f3ry skoczy\u0142 o 4 miejsca w g\u00f3r\u0119. O 6 pozycji spad\u0142 za to kontuzjowany pi\u0142karz Borussii Dortmund &#8211; <a title=\"Zobacz profil na Facebooku\" href=\"https:\/\/www.facebook.com\/KubaBlaszczykowski\" target=\"_blank\">Kuba B\u0142aszczykowski<\/a>.<\/p>\n<div id=\"attachment_11239\" style=\"width: 583px\" class=\"wp-caption aligncenter\"><a href=\"https:\/\/www.sotrender.com\/blog\/wp-content\/uploads\/2014\/04\/kuba.jpg\"><img loading=\"lazy\" decoding=\"async\" aria-describedby=\"caption-attachment-11239\" class=\"size-full wp-image-11239\" src=\"https:\/\/www.sotrender.com\/blog\/wp-content\/uploads\/2014\/04\/kuba.jpg\" alt=\"#FanpageTrends - spadek Kuby B\u0142aszczykowskiego\" width=\"573\" height=\"311\" srcset=\"https:\/\/www.sotrender.com\/blog\/wp-content\/uploads\/2014\/04\/kuba.jpg 573w, https:\/\/www.sotrender.com\/blog\/wp-content\/uploads\/2014\/04\/kuba-475x258.jpg 475w\" sizes=\"(max-width: 573px) 100vw, 573px\" \/><\/a><p id=\"caption-attachment-11239\" class=\"wp-caption-text\">#FanpageTrends &#8211; spadek Kuby B\u0142aszczykowskiego<\/p><\/div>\n<h2 dir=\"ltr\" style=\"text-align: justify;\">Zamieszanie u Orange i Assassin\u2019s Creed<\/h2>\n<p dir=\"ltr\" style=\"text-align: justify;\">Spadki w rankingu kategorii Gry i konsole sugeruj\u0105, \u017ce \u00a0wiosn\u0105 mniej czasu sp\u0119dzamy graj\u0105c w r\u00f3\u017cnego rodzaju gry. W pi\u0119tnastce najwi\u0119kszych stron po\u015bwi\u0119conych grom tylko jedna zanotowa\u0142a wzrost, za to ca\u0142kiem spektakularny. Liczba fan\u00f3w <a title=\"Zobacz profil na Facebooku\" href=\"https:\/\/www.facebook.com\/assassinscreedpoland\" target=\"_blank\">Assassins\u2019s Creed<\/a> wzros\u0142a a\u017c o 123%, dzi\u0119ki czemu strona gry znalaz\u0142a si\u0119 na czwartym miejscu rankingu. Profil ten w trakcie miesi\u0105ca sta\u0142 si\u0119 profilem mi\u0119dzynarodowym, posiadaj\u0105cym dedykowane strony dla ka\u017cdego kraju. Tak du\u017cy wzrost jest zwi\u0105zany najprawdopodobniej w\u0142a\u015bnie z po\u0142\u0105czeniem si\u0119 tej strony i przepisaniem fan\u00f3w mi\u0119dzynarodowej podstrony do podstrony polskiej. Z regu\u0142y strony, kt\u00f3re si\u0119 \u0142\u0105cz\u0105, trac\u0105 fan\u00f3w, poniewa\u017c przepisywanie fan\u00f3w przebiega w spos\u00f3b odwrotny. Facebook odpisuje fan\u00f3w z profilu polskiego, a dopisuje do mi\u0119dzynarodowego.<\/p>\n<div id=\"attachment_11241\" style=\"width: 587px\" class=\"wp-caption aligncenter\"><a href=\"https:\/\/www.sotrender.com\/blog\/wp-content\/uploads\/2014\/04\/assassins.jpg\"><img loading=\"lazy\" decoding=\"async\" aria-describedby=\"caption-attachment-11241\" class=\" wp-image-11241 \" src=\"https:\/\/www.sotrender.com\/blog\/wp-content\/uploads\/2014\/04\/assassins.jpg\" alt=\"#FanpageTrends - awans profilu Assassin's Creed\" width=\"577\" height=\"144\" srcset=\"https:\/\/www.sotrender.com\/blog\/wp-content\/uploads\/2014\/04\/assassins.jpg 824w, https:\/\/www.sotrender.com\/blog\/wp-content\/uploads\/2014\/04\/assassins-475x119.jpg 475w, https:\/\/www.sotrender.com\/blog\/wp-content\/uploads\/2014\/04\/assassins-768x192.jpg 768w, https:\/\/www.sotrender.com\/blog\/wp-content\/uploads\/2014\/04\/assassins-600x150.jpg 600w\" sizes=\"(max-width: 577px) 100vw, 577px\" \/><\/a><p id=\"caption-attachment-11241\" class=\"wp-caption-text\">#FanpageTrends &#8211; awans profilu Assassin&#8217;s Creed<\/p><\/div>\n<p dir=\"ltr\" style=\"text-align: justify;\">Dok\u0142adnie taka sytuacja spotka\u0142a w tym miesi\u0105cu stron\u0119 <a title=\"Zobacz profil na Facebooku\" href=\"https:\/\/www.facebook.com\/orangepolska\" target=\"_blank\">Orange<\/a>, kt\u00f3ra w wyniku po\u0142\u0105czenia straci\u0142a w statystykach 60 tys. fan\u00f3w. Sytuacja ta mo\u017ce sugerowa\u0107, \u017ce Facebook z okazji \u0142\u0105czenia stron robi swego rodzaju porz\u0105dek w ich fanach. Profil Orange Polska, trac\u0105c blisko 60 tys. fan\u00f3w, straci\u0142 wszystkich tych, kt\u00f3rzy pochodzili spoza Polski, podczas gdy liczba Polak\u00f3w lubi\u0105cych ten profil w\u0142a\u015bciwie si\u0119 nie zmieni\u0142a. W przypadku Assassin&#8217;s Creed sytuacja by\u0142a odwrotna. Polski fanpage przed po\u0142\u0105czeniem nie mia\u0142 wielu fan\u00f3w spoza Polski, wi\u0119c r\u00f3wnie\u017c nie zanotowa\u0142 wielkiego spadku. Jednocze\u015bnie w dniu po\u0142\u0105czenia otrzyma\u0142 wielu nowych fan\u00f3w, co najprawdopodobniej wynika z przepisania Polak\u00f3w, kt\u00f3rzy lubili mi\u0119dzynarodow\u0105 stron\u0119 zwi\u0105zan\u0105 z gr\u0105 do profilu polskiego tej strony.<\/p>\n<h2 dir=\"ltr\" style=\"text-align: justify;\">Facebook ogl\u0105da The Voice of Poland?<\/h2>\n<p dir=\"ltr\" style=\"text-align: justify;\">Liczba fan\u00f3w programu emitowanego w soboty na TVP2 wzros\u0142a w marcu a\u017c o 24%. Dzi\u0119ki temu profil muzycznego show awansowa\u0142 na pi\u0105t\u0105 pozycj\u0119 rankingu najwi\u0119kszych stron po\u015bwi\u0119conych Programom TV. Dla por\u00f3wnania liczba fan\u00f3w <a title=\"Zobacz profil na Facebooku\" href=\"https:\/\/www.facebook.com\/xfactor.polska\" target=\"_blank\">X Factor<\/a> TVNu wzros\u0142a w tym samym okresie tylko o 6%, w zwi\u0105zku z czym program nadal plasuje si\u0119 dopiero na czternastej pozycji zestawienia. Pozostaje nam mie\u0107 nadziej\u0119, \u017ce nag\u0142y wzrost popularno\u015bci <a title=\"Zobacz profil na Facebooku\" href=\"https:\/\/www.facebook.com\/voiceofpoland\" target=\"_blank\">The Voice<\/a> by\u0142 jedynie zbiegiem okoliczno\u015bci i nie by\u0142 zwi\u0105zany z faktem, i\u017c wieczorem 23 marca odesz\u0142a jedna z jego uczestniczek. Nie mo\u017cna przeoczy\u0107 jednak faktu, i\u017c 24 marca, kiedy profil programu informowa\u0142 o specjalnym koncercie po\u015bwi\u0119conym pami\u0119ci uczestniczki, liczba jego fan\u00f3w wzros\u0142a o ponad 8, 2 tys. os\u00f3b. Tymczasem \u015bredni dzienny przyrost fan\u00f3w profilu w marcu wynosi\u0142 2, 5 tys., a w pierwszej po\u0142owie miesi\u0105ca plasowa\u0142 si\u0119 na poziomie 1, 4 tys. Po raz kolejny stali\u015bmy si\u0119 wi\u0119c \u015bwiadkami przewrotno\u015bci u\u017cytkownik\u00f3w Facebooka, dla kt\u00f3rych czyja\u015b tragedia staje si\u0119 po prostu kolejnym czynnikiem dodaj\u0105cym popularno\u015bci.<\/p>\n<div id=\"attachment_11243\" style=\"width: 635px\" class=\"wp-caption aligncenter\"><a href=\"https:\/\/www.sotrender.com\/blog\/wp-content\/uploads\/2014\/04\/Przyrost_liczby_fanow_dziennie_Voice_of_Poland_TVP.jpeg\"><img loading=\"lazy\" decoding=\"async\" aria-describedby=\"caption-attachment-11243\" class=\"size-large wp-image-11243\" src=\"https:\/\/www.sotrender.com\/blog\/wp-content\/uploads\/2014\/04\/Przyrost_liczby_fanow_dziennie_Voice_of_Poland_TVP-1024x457.jpeg\" alt=\"#FanpageTrends - Wzrost liczby fan\u00f3w The Voice of Poland\" width=\"625\" height=\"278\" \/><\/a><p id=\"caption-attachment-11243\" class=\"wp-caption-text\">#FanpageTrends &#8211; Wzrost liczby fan\u00f3w The Voice of Poland<\/p><\/div>\n<h2 dir=\"ltr\" style=\"text-align: justify;\"><a title=\"Przejd\u017a na stron\u0119 Sotrendera\" href=\"http:\/\/www.sotrender.pl\/\" target=\"_blank\">Sotrender<\/a> pomaga <a title=\"Przeczytaj wi\u0119cej na blogu\" href=\"https:\/\/www.sotrender.com\/blog\/pl\/2014\/04\/obsluga-klienta\/\" target=\"_blank\">analizowa\u0107 obs\u0142ug\u0119 klienta na Facebooku<\/a><\/h2>\n<p dir=\"ltr\" style=\"text-align: justify;\">W ostatnich miesi\u0105cach wielokrotnie podkre\u015blali\u015bmy wag\u0119 client service na Facebooku, kt\u00f3ry sta\u0142 si\u0119 ju\u017c pe\u0142noprawnym biurem obs\u0142ugi klienta. Aby jeszcze bardziej u\u0142atwi\u0107 analiz\u0119 tego niezmiernie wa\u017cnego dla wielu bran\u017c obszaru dzia\u0142alno\u015bci, wprowadzili\u015bmy do Sotrendera <strong>nowe funkcjonalno\u015bci<\/strong>. Od marca, w narz\u0119dziu, posty marki zosta\u0142y odr\u00f3\u017cnione od tych dodanych przez u\u017cytkownik\u00f3w i mo\u017cna je obecnie przegl\u0105da\u0107 w oddzielnej karcie. Dodatkowo wprowadzili\u015bmy <strong>zak\u0142adk\u0119 \u201cObs\u0142uga klienta\u201d<\/strong>, w kt\u00f3rej administratorzy maj\u0105 mo\u017cliwo\u015b\u0107 podejrzenia <strong>liczby post\u00f3w u\u017cytkownik\u00f3w oraz czasu, jakiego potrzebowali, aby na nie odpowiedzie\u0107<\/strong>. Wszystkie funkcje jak zawsze dost\u0119pne s\u0105 z podzia\u0142em na wybrane okresy. <strong><a title=\"Przeczytaj wi\u0119cej na blogu\" href=\"https:\/\/www.sotrender.com\/blog\/pl\/2014\/04\/obsluga-klienta\/\" target=\"_blank\">Wi\u0119cej o nowych zmianach mo\u017cecie przeczyta\u0107 w tym po\u015bcie na naszym blogu.<\/a><\/strong><\/p>\n<h2 dir=\"ltr\" style=\"text-align: justify;\">Heyah, T-Mobile i Plus gwiazdami <a title=\"Przejd\u017a do analizy\" href=\"https:\/\/www.sotrender.com\/blog\/pl\/2014\/04\/srt-marzec-2014\/\" target=\"_blank\">Sotrender Research Insight<\/a><\/h2>\n<p dir=\"ltr\" style=\"text-align: justify;\">Id\u0105c za ciosem i wykorzystuj\u0105c nowe funkcje, ponownie przeanalizowali\u015bmy <strong>responsywno\u015b\u0107 stron telekomunikacyjnych na Facebooku.<\/strong> Kiedy osiem miesi\u0119cy temu robili\u015bmy podobn\u0105 analiz\u0119, wydawa\u0142o nam si\u0119, \u017ce na posty u\u017cytkownik\u00f3w nie mo\u017cna ju\u017c odpisywa\u0107 szybciej. <a title=\"Zobacz profil na Facebooku\" href=\"https:\/\/www.facebook.com\/heyah\" target=\"_blank\">Heyah<\/a>, <a title=\"Zobacz profil na Facebooku\" href=\"https:\/\/www.facebook.com\/TMobile\" target=\"_blank\">T-Mobile<\/a> i <a title=\"Zobacz profil na Facebooku\" href=\"https:\/\/www.facebook.com\/plus\" target=\"_blank\">Plus<\/a> skutecznie wyleczyli nas ze z\u0142udze\u0144, bij\u0105c kolejne rekordy w kompletno\u015bci i szybko\u015bci reakcji na wpisy na swoich profilach. Wi\u0119cej o obs\u0142udze klienta operator\u00f3w telekomunikacyjnych na Facebooku <a title=\"Przejd\u017a do wpisu na blogu\" href=\"https:\/\/www.sotrender.com\/blog\/pl\/2014\/04\/srt-marzec-2014\/\" target=\"_blank\">mo\u017cecie przeczyta\u0107 w marcowym Sotrender Research Insight<\/a>.<\/p>\n<div id=\"attachment_11245\" style=\"width: 391px\" class=\"wp-caption aligncenter\"><a href=\"https:\/\/www.sotrender.com\/blog\/wp-content\/uploads\/2014\/04\/med3.jpg\"><img loading=\"lazy\" decoding=\"async\" aria-describedby=\"caption-attachment-11245\" class=\" wp-image-11245 \" src=\"https:\/\/www.sotrender.com\/blog\/wp-content\/uploads\/2014\/04\/med3.jpg\" alt=\"Obs\u0142uga klienta - czas odpowiedzi\" width=\"381\" height=\"230\" srcset=\"https:\/\/www.sotrender.com\/blog\/wp-content\/uploads\/2014\/04\/med3.jpg 476w, https:\/\/www.sotrender.com\/blog\/wp-content\/uploads\/2014\/04\/med3-475x287.jpg 475w, https:\/\/www.sotrender.com\/blog\/wp-content\/uploads\/2014\/04\/med3-300x180.jpg 300w\" sizes=\"(max-width: 381px) 100vw, 381px\" \/><\/a><p id=\"caption-attachment-11245\" class=\"wp-caption-text\">Obs\u0142uga klienta &#8211; czas odpowiedzi<\/p><\/div>\n<h2 dir=\"ltr\" style=\"text-align: justify;\"><a title=\"Przejd\u017a na stron\u0119 Sotrendera\" href=\"http:\/\/www.sotrender.pl\/\" target=\"_blank\">Sotrender<\/a> w Dolinie, ale za to na szczycie<\/h2>\n<p dir=\"ltr\" style=\"text-align: justify;\">Z wielk\u0105 rado\u015bci\u0105 dzielimy si\u0119 z Wami informacj\u0105, \u017ce <a title=\"Przeczytaj wi\u0119cej na blogu\" href=\"https:\/\/www.sotrender.com\/blog\/2014\/03\/brand-retail-accelerator\/\" target=\"_blank\">zostali\u015bmy wybrani do programu Plug N Play Brand &amp; Retail<\/a>. Dzi\u0119ki niemu mamy szans\u0119 wsp\u00f3\u0142pracowa\u0107 z najwi\u0119kszymi ameryka\u0144skimi markami jak The Clorox Company, United czy Hershey&#8217;s oraz bierzemy udzia\u0142 w konferencjach i spotkaniach z mentorami. Specjalnie na jedn\u0105 z ostatnich konferencji, <a title=\"Przejd\u017a na stron\u0119 konferencji\" href=\"http:\/\/expo.plugandplaytechcenter.com\/events\/expo\" target=\"_blank\">Plug and Play Expo Spring 2014, <\/a> podczas kt\u00f3rej prezentowali\u015bmy Sotrendera, przygotowali\u015bmy <a title=\"Zobacz infografik\u0119\" href=\"https:\/\/www.sotrender.com\/blog\/2014\/03\/most-social-startups\/\" target=\"_blank\">infografik\u0119 przedstawiaj\u0105c\u0105 startupy najbardziej aktywne w mediach spo\u0142eczno\u015bciowych<\/a>. W marcu pojawili\u015bmy si\u0119 r\u00f3wnie\u017c na konferencji Ad:Tech w San Francisco oraz wzi\u0119li\u015bmy udzia\u0142 w spotkaniu na temat machine learning&#8217;u w siedzibie samego Facebooka w Palo Alto.<\/p>\n<div id=\"attachment_11049\" style=\"width: 560px\" class=\"wp-caption aligncenter\"><a href=\"https:\/\/www.sotrender.com\/blog\/wp-content\/uploads\/2014\/03\/pnpr.jpg\"><img loading=\"lazy\" decoding=\"async\" aria-describedby=\"caption-attachment-11049\" class=\"size-full wp-image-11049\" src=\"https:\/\/www.sotrender.com\/blog\/wp-content\/uploads\/2014\/03\/pnpr.jpg\" alt=\"Plug N Play Brand and Retail\" width=\"550\" height=\"331\" srcset=\"https:\/\/www.sotrender.com\/blog\/wp-content\/uploads\/2014\/03\/pnpr.jpg 550w, https:\/\/www.sotrender.com\/blog\/wp-content\/uploads\/2014\/03\/pnpr-475x286.jpg 475w, https:\/\/www.sotrender.com\/blog\/wp-content\/uploads\/2014\/03\/pnpr-300x180.jpg 300w\" sizes=\"(max-width: 550px) 100vw, 550px\" \/><\/a><p id=\"caption-attachment-11049\" class=\"wp-caption-text\">Plug N Play Brand and Retail<\/p><\/div>\n<p dir=\"ltr\" style=\"text-align: justify;\">Bardzo podoba nam si\u0119 w Dolinie Krzemowej i ch\u0119tnie zostaniemy tutaj na d\u0142u\u017cej, nie zapominamy jednak o Polsce i konferencjach, kt\u00f3re odbywaj\u0105 si\u0119 w kraju. <a title=\"Przejd\u017a na stron\u0119 Sotrendera\" href=\"http:\/\/www.sotrender.pl\/\" target=\"_blank\">Sotrender<\/a> jest partnerem konferencji<strong> <a title=\"Zobacz profil na Facebooku\" href=\"https:\/\/www.facebook.com\/LodzJungleWeb\" target=\"_blank\">\u0141\u00f3d\u017a Jungle Web<\/a> odbywaj\u0105cej si\u0119 w \u0141odzi w dniach 24-25 kwietnia<\/strong> oraz <strong><a title=\"Zobacz profil na Facebooku\" href=\"https:\/\/www.facebook.com\/sektor3.0\/\" target=\"_blank\">Konferencji Sektor 3.0.<\/a>, kt\u00f3ra odb\u0119dzie si\u0119 w Warszawie w dniach 21-22 maja<\/strong>. Na obydwie serdecznie zapraszamy!<\/p>\n<div id=\"attachment_11233\" style=\"width: 583px\" class=\"wp-caption aligncenter\"><a href=\"https:\/\/www.sotrender.com\/blog\/wp-content\/uploads\/2014\/04\/jungle.jpg\"><img loading=\"lazy\" decoding=\"async\" aria-describedby=\"caption-attachment-11233\" class=\" wp-image-11233 \" src=\"https:\/\/www.sotrender.com\/blog\/wp-content\/uploads\/2014\/04\/jungle.jpg\" alt=\"\u0141\u00f3d\u017a Jungle Web \" width=\"573\" height=\"287\" srcset=\"https:\/\/www.sotrender.com\/blog\/wp-content\/uploads\/2014\/04\/jungle.jpg 716w, https:\/\/www.sotrender.com\/blog\/wp-content\/uploads\/2014\/04\/jungle-475x238.jpg 475w, https:\/\/www.sotrender.com\/blog\/wp-content\/uploads\/2014\/04\/jungle-600x301.jpg 600w\" sizes=\"(max-width: 573px) 100vw, 573px\" \/><\/a><p id=\"caption-attachment-11233\" class=\"wp-caption-text\">\u0141\u00f3d\u017a Jungle Web<\/p><\/div>\n<p dir=\"ltr\" style=\"text-align: justify;\">W mi\u0119dzyczasie konferencji, wszystkich zg\u0142odnia\u0142ych wiedzy zach\u0119camy r\u00f3wnie\u017c do zapisywania si\u0119 na zaj\u0119cia w <strong><a title=\"Przejd\u017a na stron\u0119 szko\u0142y\" href=\"http:\/\/schoolofnewmedia.pl\/\" target=\"_blank\">School of New Media<\/a><\/strong>, podczas kt\u00f3rych wykorzystywany jest Sotrender. Tych, kt\u00f3rym wci\u0105\u017c ma\u0142o informacji, zawsze zapraszamy do odwiedzania naszego bloga, na kt\u00f3rym mo\u017cecie poczyta\u0107 o <a title=\"Przeczytaj wi\u0119cej\" href=\"https:\/\/www.sotrender.com\/blog\/pl\/2014\/03\/spadek-zasiegu\/\" target=\"_blank\">spadku zasi\u0119g\u00f3w<\/a> oraz obejrze\u0107 <a title=\"Obejrzyj infografik\u0119\" href=\"https:\/\/www.sotrender.com\/blog\/pl\/2014\/03\/sotrender-2013-infografika\/\" target=\"_blank\">infografik\u0119 podsumowuj\u0105c\u0105 najciekawsze wydarzenia roku 2013<\/a> na Facebooku, jak r\u00f3wnie\u017c do \u015bledzenia <a title=\"Zobacz profil na Facebooku\" href=\"https:\/\/www.facebook.com\/Sotrender\" target=\"_blank\">naszego fanpage\u2019a<\/a>, gdzie znajdziecie naj\u015bwie\u017csze informacje zar\u00f3wno o nas, jak i przede wszystkim &#8211; o naszych raportach.<\/p>\n<h2 dir=\"ltr\" style=\"text-align: center;\"><a title=\"Przejd\u017a do raportu\" href=\"http:\/\/www.sotrender.pl\/fanpage-trends\/201403\" target=\"_blank\">Zapraszamy do lektury marcowego raportu #FanpageTrends!<\/a><\/h2>\n","protected":false},"excerpt":{"rendered":"<p>Na komercyjnych profilach ju\u017c wiosna, kt\u00f3ra pojawi\u0142a si\u0119 w a\u017c 7 tys. wpis\u00f3w opublikowanych w marcu. Posty w Dzie\u0144 Kobiet anga\u017cowa\u0142y o 60% wi\u0119cej u\u017cytkownik\u00f3w ni\u017c w inne dni, a w #FanpageTrends nadal s\u0142ycha\u0107 echa okrzyk\u00f3w kibic\u00f3w zimowych igrzysk olimpijskich w Soczi. Kategoria Sport wzros\u0142a w marcu o 9%, a liczba jej fan\u00f3w zbli\u017ca si\u0119 [&hellip;]<\/p>\n","protected":false},"author":31,"featured_media":0,"comment_status":"open","ping_status":"open","sticky":false,"template":"","format":"standard","meta":{"inline_featured_image":false,"footnotes":""},"categories":[1791,1797],"tags":[7,25,31,499,765],"yoast_head":"<!-- This site is optimized with the Yoast SEO plugin v22.4 - https:\/\/yoast.com\/wordpress\/plugins\/seo\/ -->\n<title>#FanpageTrends Marzec 2014 - wykresy Sotrendera rozkwitaj\u0105 na wiosn\u0119<\/title>\n<meta name=\"description\" content=\"Sotrender zaprasza do lektury marcowego wydania pe\u0142nego sportowych emocji raportu #FanpageTrends. Kt\u00f3ra strona poradzi\u0142a sobie w marcu najlepiej?\" \/>\n<meta name=\"robots\" content=\"index, follow, max-snippet:-1, max-image-preview:large, max-video-preview:-1\" \/>\n<link rel=\"canonical\" href=\"https:\/\/www.sotrender.com\/blog\/pl\/2014\/04\/fanpage-trends-marzec-2014\/\" \/>\n<meta property=\"og:locale\" content=\"pl_PL\" \/>\n<meta property=\"og:type\" content=\"article\" \/>\n<meta property=\"og:title\" content=\"#FanpageTrends Marzec 2014 - wykresy Sotrendera rozkwitaj\u0105 na wiosn\u0119\" \/>\n<meta property=\"og:description\" content=\"Sotrender zaprasza do lektury marcowego wydania pe\u0142nego sportowych emocji raportu #FanpageTrends. Kt\u00f3ra strona poradzi\u0142a sobie w marcu najlepiej?\" \/>\n<meta property=\"og:url\" content=\"https:\/\/www.sotrender.com\/blog\/pl\/2014\/04\/fanpage-trends-marzec-2014\/\" \/>\n<meta property=\"og:site_name\" content=\"Sotrender Blog\" \/>\n<meta property=\"article:publisher\" content=\"https:\/\/www.facebook.com\/Sotrender\" \/>\n<meta property=\"article:published_time\" content=\"2014-04-03T12:59:51+00:00\" \/>\n<meta property=\"article:modified_time\" content=\"2017-04-13T13:18:40+00:00\" \/>\n<meta property=\"og:image\" content=\"https:\/\/www.sotrender.com\/blog\/wp-content\/uploads\/2014\/04\/kuba.jpg\" \/>\n<meta name=\"author\" content=\"Aleksandra Prejs\" \/>\n<meta name=\"twitter:card\" content=\"summary_large_image\" \/>\n<meta name=\"twitter:creator\" content=\"@Sotrender\" \/>\n<meta name=\"twitter:site\" content=\"@Sotrender\" \/>\n<meta name=\"twitter:label1\" content=\"Written by\" \/>\n\t<meta name=\"twitter:data1\" content=\"Aleksandra Prejs\" \/>\n\t<meta name=\"twitter:label2\" content=\"Est. reading time\" \/>\n\t<meta name=\"twitter:data2\" content=\"6 minutes\" \/>\n<script type=\"application\/ld+json\" class=\"yoast-schema-graph\">{\"@context\":\"https:\/\/schema.org\",\"@graph\":[{\"@type\":\"WebPage\",\"@id\":\"https:\/\/www.sotrender.com\/blog\/pl\/2014\/04\/fanpage-trends-marzec-2014\/\",\"url\":\"https:\/\/www.sotrender.com\/blog\/pl\/2014\/04\/fanpage-trends-marzec-2014\/\",\"name\":\"#FanpageTrends Marzec 2014 - wykresy Sotrendera rozkwitaj\u0105 na wiosn\u0119\",\"isPartOf\":{\"@id\":\"https:\/\/www.sotrender.com\/blog\/#website\"},\"primaryImageOfPage\":{\"@id\":\"https:\/\/www.sotrender.com\/blog\/pl\/2014\/04\/fanpage-trends-marzec-2014\/#primaryimage\"},\"image\":{\"@id\":\"https:\/\/www.sotrender.com\/blog\/pl\/2014\/04\/fanpage-trends-marzec-2014\/#primaryimage\"},\"thumbnailUrl\":\"https:\/\/www.sotrender.com\/blog\/wp-content\/uploads\/2014\/04\/kuba.jpg\",\"datePublished\":\"2014-04-03T12:59:51+00:00\",\"dateModified\":\"2017-04-13T13:18:40+00:00\",\"author\":{\"@id\":\"https:\/\/www.sotrender.com\/blog\/#\/schema\/person\/7106df62825269bc360ad9171cd7149b\"},\"description\":\"Sotrender zaprasza do lektury marcowego wydania pe\u0142nego sportowych emocji raportu #FanpageTrends. Kt\u00f3ra strona poradzi\u0142a sobie w marcu najlepiej?\",\"breadcrumb\":{\"@id\":\"https:\/\/www.sotrender.com\/blog\/pl\/2014\/04\/fanpage-trends-marzec-2014\/#breadcrumb\"},\"inLanguage\":\"pl-PL\",\"potentialAction\":[{\"@type\":\"ReadAction\",\"target\":[\"https:\/\/www.sotrender.com\/blog\/pl\/2014\/04\/fanpage-trends-marzec-2014\/\"]}]},{\"@type\":\"ImageObject\",\"inLanguage\":\"pl-PL\",\"@id\":\"https:\/\/www.sotrender.com\/blog\/pl\/2014\/04\/fanpage-trends-marzec-2014\/#primaryimage\",\"url\":\"https:\/\/www.sotrender.com\/blog\/wp-content\/uploads\/2014\/04\/kuba.jpg\",\"contentUrl\":\"https:\/\/www.sotrender.com\/blog\/wp-content\/uploads\/2014\/04\/kuba.jpg\"},{\"@type\":\"BreadcrumbList\",\"@id\":\"https:\/\/www.sotrender.com\/blog\/pl\/2014\/04\/fanpage-trends-marzec-2014\/#breadcrumb\",\"itemListElement\":[{\"@type\":\"ListItem\",\"position\":1,\"name\":\"Home\",\"item\":\"https:\/\/www.sotrender.com\/blog\/\"},{\"@type\":\"ListItem\",\"position\":2,\"name\":\"#FanpageTrends Marzec 2014 &#8211; wykresy Sotrendera rozkwitaj\u0105 na wiosn\u0119\"}]},{\"@type\":\"WebSite\",\"@id\":\"https:\/\/www.sotrender.com\/blog\/#website\",\"url\":\"https:\/\/www.sotrender.com\/blog\/\",\"name\":\"Sotrender Blog\",\"description\":\"\",\"potentialAction\":[{\"@type\":\"SearchAction\",\"target\":{\"@type\":\"EntryPoint\",\"urlTemplate\":\"https:\/\/www.sotrender.com\/blog\/?s={search_term_string}\"},\"query-input\":\"required name=search_term_string\"}],\"inLanguage\":\"pl-PL\"},{\"@type\":\"Person\",\"@id\":\"https:\/\/www.sotrender.com\/blog\/#\/schema\/person\/7106df62825269bc360ad9171cd7149b\",\"name\":\"Aleksandra Prejs\",\"image\":{\"@type\":\"ImageObject\",\"inLanguage\":\"pl-PL\",\"@id\":\"https:\/\/www.sotrender.com\/blog\/#\/schema\/person\/image\/\",\"url\":\"https:\/\/secure.gravatar.com\/avatar\/469000454b77ff0aacb32c49dba023be?s=96&d=mm&r=g\",\"contentUrl\":\"https:\/\/secure.gravatar.com\/avatar\/469000454b77ff0aacb32c49dba023be?s=96&d=mm&r=g\",\"caption\":\"Aleksandra Prejs\"},\"url\":\"https:\/\/www.sotrender.com\/blog\/pl\/author\/aleksandra-prejs\/\"}]}<\/script>\n<!-- \/ Yoast SEO plugin. -->","yoast_head_json":{"title":"#FanpageTrends Marzec 2014 - wykresy Sotrendera rozkwitaj\u0105 na wiosn\u0119","description":"Sotrender zaprasza do lektury marcowego wydania pe\u0142nego sportowych emocji raportu #FanpageTrends. Kt\u00f3ra strona poradzi\u0142a sobie w marcu najlepiej?","robots":{"index":"index","follow":"follow","max-snippet":"max-snippet:-1","max-image-preview":"max-image-preview:large","max-video-preview":"max-video-preview:-1"},"canonical":"https:\/\/www.sotrender.com\/blog\/pl\/2014\/04\/fanpage-trends-marzec-2014\/","og_locale":"pl_PL","og_type":"article","og_title":"#FanpageTrends Marzec 2014 - wykresy Sotrendera rozkwitaj\u0105 na wiosn\u0119","og_description":"Sotrender zaprasza do lektury marcowego wydania pe\u0142nego sportowych emocji raportu #FanpageTrends. Kt\u00f3ra strona poradzi\u0142a sobie w marcu najlepiej?","og_url":"https:\/\/www.sotrender.com\/blog\/pl\/2014\/04\/fanpage-trends-marzec-2014\/","og_site_name":"Sotrender Blog","article_publisher":"https:\/\/www.facebook.com\/Sotrender","article_published_time":"2014-04-03T12:59:51+00:00","article_modified_time":"2017-04-13T13:18:40+00:00","og_image":[{"url":"https:\/\/www.sotrender.com\/blog\/wp-content\/uploads\/2014\/04\/kuba.jpg"}],"author":"Aleksandra Prejs","twitter_card":"summary_large_image","twitter_creator":"@Sotrender","twitter_site":"@Sotrender","twitter_misc":{"Written by":"Aleksandra Prejs","Est. reading time":"6 minutes"},"schema":{"@context":"https:\/\/schema.org","@graph":[{"@type":"WebPage","@id":"https:\/\/www.sotrender.com\/blog\/pl\/2014\/04\/fanpage-trends-marzec-2014\/","url":"https:\/\/www.sotrender.com\/blog\/pl\/2014\/04\/fanpage-trends-marzec-2014\/","name":"#FanpageTrends Marzec 2014 - wykresy Sotrendera rozkwitaj\u0105 na wiosn\u0119","isPartOf":{"@id":"https:\/\/www.sotrender.com\/blog\/#website"},"primaryImageOfPage":{"@id":"https:\/\/www.sotrender.com\/blog\/pl\/2014\/04\/fanpage-trends-marzec-2014\/#primaryimage"},"image":{"@id":"https:\/\/www.sotrender.com\/blog\/pl\/2014\/04\/fanpage-trends-marzec-2014\/#primaryimage"},"thumbnailUrl":"https:\/\/www.sotrender.com\/blog\/wp-content\/uploads\/2014\/04\/kuba.jpg","datePublished":"2014-04-03T12:59:51+00:00","dateModified":"2017-04-13T13:18:40+00:00","author":{"@id":"https:\/\/www.sotrender.com\/blog\/#\/schema\/person\/7106df62825269bc360ad9171cd7149b"},"description":"Sotrender zaprasza do lektury marcowego wydania pe\u0142nego sportowych emocji raportu #FanpageTrends. Kt\u00f3ra strona poradzi\u0142a sobie w marcu najlepiej?","breadcrumb":{"@id":"https:\/\/www.sotrender.com\/blog\/pl\/2014\/04\/fanpage-trends-marzec-2014\/#breadcrumb"},"inLanguage":"pl-PL","potentialAction":[{"@type":"ReadAction","target":["https:\/\/www.sotrender.com\/blog\/pl\/2014\/04\/fanpage-trends-marzec-2014\/"]}]},{"@type":"ImageObject","inLanguage":"pl-PL","@id":"https:\/\/www.sotrender.com\/blog\/pl\/2014\/04\/fanpage-trends-marzec-2014\/#primaryimage","url":"https:\/\/www.sotrender.com\/blog\/wp-content\/uploads\/2014\/04\/kuba.jpg","contentUrl":"https:\/\/www.sotrender.com\/blog\/wp-content\/uploads\/2014\/04\/kuba.jpg"},{"@type":"BreadcrumbList","@id":"https:\/\/www.sotrender.com\/blog\/pl\/2014\/04\/fanpage-trends-marzec-2014\/#breadcrumb","itemListElement":[{"@type":"ListItem","position":1,"name":"Home","item":"https:\/\/www.sotrender.com\/blog\/"},{"@type":"ListItem","position":2,"name":"#FanpageTrends Marzec 2014 &#8211; wykresy Sotrendera rozkwitaj\u0105 na wiosn\u0119"}]},{"@type":"WebSite","@id":"https:\/\/www.sotrender.com\/blog\/#website","url":"https:\/\/www.sotrender.com\/blog\/","name":"Sotrender Blog","description":"","potentialAction":[{"@type":"SearchAction","target":{"@type":"EntryPoint","urlTemplate":"https:\/\/www.sotrender.com\/blog\/?s={search_term_string}"},"query-input":"required name=search_term_string"}],"inLanguage":"pl-PL"},{"@type":"Person","@id":"https:\/\/www.sotrender.com\/blog\/#\/schema\/person\/7106df62825269bc360ad9171cd7149b","name":"Aleksandra Prejs","image":{"@type":"ImageObject","inLanguage":"pl-PL","@id":"https:\/\/www.sotrender.com\/blog\/#\/schema\/person\/image\/","url":"https:\/\/secure.gravatar.com\/avatar\/469000454b77ff0aacb32c49dba023be?s=96&d=mm&r=g","contentUrl":"https:\/\/secure.gravatar.com\/avatar\/469000454b77ff0aacb32c49dba023be?s=96&d=mm&r=g","caption":"Aleksandra Prejs"},"url":"https:\/\/www.sotrender.com\/blog\/pl\/author\/aleksandra-prejs\/"}]}},"_links":{"self":[{"href":"https:\/\/www.sotrender.com\/blog\/pl\/wp-json\/wp\/v2\/posts\/11223"}],"collection":[{"href":"https:\/\/www.sotrender.com\/blog\/pl\/wp-json\/wp\/v2\/posts"}],"about":[{"href":"https:\/\/www.sotrender.com\/blog\/pl\/wp-json\/wp\/v2\/types\/post"}],"author":[{"embeddable":true,"href":"https:\/\/www.sotrender.com\/blog\/pl\/wp-json\/wp\/v2\/users\/31"}],"replies":[{"embeddable":true,"href":"https:\/\/www.sotrender.com\/blog\/pl\/wp-json\/wp\/v2\/comments?post=11223"}],"version-history":[{"count":11,"href":"https:\/\/www.sotrender.com\/blog\/pl\/wp-json\/wp\/v2\/posts\/11223\/revisions"}],"predecessor-version":[{"id":26611,"href":"https:\/\/www.sotrender.com\/blog\/pl\/wp-json\/wp\/v2\/posts\/11223\/revisions\/26611"}],"wp:attachment":[{"href":"https:\/\/www.sotrender.com\/blog\/pl\/wp-json\/wp\/v2\/media?parent=11223"}],"wp:term":[{"taxonomy":"category","embeddable":true,"href":"https:\/\/www.sotrender.com\/blog\/pl\/wp-json\/wp\/v2\/categories?post=11223"},{"taxonomy":"post_tag","embeddable":true,"href":"https:\/\/www.sotrender.com\/blog\/pl\/wp-json\/wp\/v2\/tags?post=11223"}],"curies":[{"name":"wp","href":"https:\/\/api.w.org\/{rel}","templated":true}]}}