{"id":11017,"date":"2014-03-19T14:39:59","date_gmt":"2014-03-19T13:39:59","guid":{"rendered":"http:\/\/blog.sotrender.com\/?p=11017"},"modified":"2015-12-01T22:06:23","modified_gmt":"2015-12-01T21:06:23","slug":"spadek-zasiegu","status":"publish","type":"post","link":"https:\/\/www.sotrender.com\/blog\/pl\/2014\/03\/spadek-zasiegu\/","title":{"rendered":"Zasi\u0119g organiczny spada &#8211; raportuje Sotrender"},"content":{"rendered":"<p style=\"text-align: justify;\">Trzy miesi\u0105ce temu przedstawili\u015bmy obszern\u0105 <a title=\"Zasi\u0119g post\u00f3w po zmianach w EdgeRanku \u2013 jak si\u0119 zmieni\u0142?\" href=\"https:\/\/www.sotrender.com\/blog\/pl\/2013\/12\/zasieg-postow-po-zmianach\/\" target=\"_blank\">analiz\u0119 zasi\u0119g\u00f3w post\u00f3w na Facebooku<\/a>. Zmiany wprowadzenie na portalu wskazywa\u0142y na spadek zasi\u0119g\u00f3w post\u00f3w komercyjnych,  szczeg\u00f3lnie tych ze zdj\u0119ciami. Dzi\u0119ki temu na News Feedach u\u017cytkownik\u00f3w mia\u0142o pojawia\u0107 si\u0119 mniej niechcianych tre\u015bci. Ju\u017c teraz jednak wyra\u017anie wida\u0107,  do czego te zmiany mog\u0105 prowadzi\u0107. Ostatnie doniesienia dotycz\u0105ce spadaj\u0105cego zasi\u0119gu organicznego na zagranicznych profilach wskazuj\u0105,  \u017ce ju\u017c nied\u0142ugo koszt marketingu na Facebooku mo\u017ce wzrosn\u0105\u0107. Sprawdzili\u015bmy,  jak wygl\u0105da zasi\u0119g polskich stron. Okaza\u0142o si\u0119,  \u017ce <strong>w ostatnim tygodniu posty przeci\u0119tnie osi\u0105ga\u0142y o 15% mniejszy\u00a0zasi\u0119g,  a w przypadku post\u00f3w ze zdj\u0119ciem wyniki by\u0142y a\u017c o 30% gorsze!<\/strong><\/p>\n<p style=\"text-align: justify;\"><!--more--><\/p>\n<h2 style=\"text-align: justify;\">Zasi\u0119g organiczny &#8211; w Polsce r\u00f3wnie\u017c ni\u017cszy<\/h2>\n<p style=\"text-align: justify;\">Poni\u017cszy wykres pokazuje przeci\u0119tny dzienny wzgl\u0119dny zasi\u0119g organiczny,  czyli zasi\u0119g organiczny postu odniesiony do liczby fan\u00f3w profilu,  od pocz\u0105tku lutego do wczoraj (01.02 &#8211; 18.03). Analizie poddali\u015bmy oko\u0142o 300 najwi\u0119kszych polskich profili markowych.<\/p>\n<div id=\"attachment_11021\" style=\"width: 635px\" class=\"wp-caption aligncenter\"><a href=\"https:\/\/www.sotrender.com\/blog\/wp-content\/uploads\/2014\/03\/wszystkie.png\"><img loading=\"lazy\" decoding=\"async\" aria-describedby=\"caption-attachment-11021\" class=\"size-large wp-image-11021\" src=\"https:\/\/www.sotrender.com\/blog\/wp-content\/uploads\/2014\/03\/wszystkie-1024x455.png\" alt=\"Zasi\u0119g organiczny - spadek w marcu\" width=\"625\" height=\"277\" \/><\/a><p id=\"caption-attachment-11021\" class=\"wp-caption-text\">Zasi\u0119g organiczny &#8211; spadek w marcu<\/p><\/div>\n<p style=\"text-align: justify;\">Na wykresie widzimy,  \u017ce <strong>w lutym przeci\u0119tnie posty by\u0142y pokazywane 10% fan\u00f3w strony<\/strong>,  jednak w ostatnich dniach mo\u017cna zaobserwowa\u0107 wyra\u017any spadek &#8211; <strong>do nieca\u0142ych 8% wczoraj<\/strong>.<\/p>\n<p style=\"text-align: justify;\">Sytuacja jest jeszcze wyra\u017aniejsza,  gdy spojrzymy na\u00a0konkretne\u00a0typy post\u00f3w. Statusy zawieraj\u0105ce jedynie tekst oraz posty z wideo nie ucierpia\u0142y tak bardzo,  jak zdj\u0119cia i linki,  kt\u00f3re postanowili\u015bmy przedstawi\u0107 na analogicznych wykresach:<\/p>\n<div id=\"attachment_11019\" style=\"width: 635px\" class=\"wp-caption aligncenter\"><a href=\"https:\/\/www.sotrender.com\/blog\/wp-content\/uploads\/2014\/03\/zdjecia.png\"><img loading=\"lazy\" decoding=\"async\" aria-describedby=\"caption-attachment-11019\" class=\"size-large wp-image-11019\" src=\"https:\/\/www.sotrender.com\/blog\/wp-content\/uploads\/2014\/03\/zdjecia-1024x455.png\" alt=\"Zasi\u0119g organiczny - spadek zasi\u0119gu post\u00f3w ze zdj\u0119ciami\" width=\"625\" height=\"277\" \/><\/a><p id=\"caption-attachment-11019\" class=\"wp-caption-text\">Zasi\u0119g organiczny &#8211; spadek zasi\u0119gu post\u00f3w ze zdj\u0119ciami<\/p><\/div>\n<div id=\"attachment_11023\" style=\"width: 635px\" class=\"wp-caption aligncenter\"><a href=\"https:\/\/www.sotrender.com\/blog\/wp-content\/uploads\/2014\/03\/linki.png\"><img loading=\"lazy\" decoding=\"async\" aria-describedby=\"caption-attachment-11023\" class=\"size-large wp-image-11023\" src=\"https:\/\/www.sotrender.com\/blog\/wp-content\/uploads\/2014\/03\/linki-1024x455.png\" alt=\"Zasi\u0119g organiczny - spadek zasi\u0119gu post\u00f3w z linkami\" width=\"625\" height=\"277\" \/><\/a><p id=\"caption-attachment-11023\" class=\"wp-caption-text\">Zasi\u0119g organiczny &#8211; spadek zasi\u0119gu post\u00f3w z linkami<\/p><\/div>\n<p style=\"text-align: justify;\"><span style=\"line-height: 1.714285714; text-align: justify; font-size: 1rem;\">Linki odnotowa\u0142y niewielki spadek zasi\u0119gu,  natomiast posty ze zdj\u0119ciem,  kt\u00f3re s\u0105 najpopularniejsze w\u015br\u00f3d administrator\u00f3w profili,  straci\u0142y najwi\u0119cej. Ich zasi\u0119g pogorszy\u0142 si\u0119 a\u017c o 30%.<\/span><\/p>\n<p style=\"text-align: justify;\">Powy\u017csza sytuacja mo\u017ce sugerowa\u0107,  \u017ce \u00a0wy\u015bwietle\u0144 post\u00f3w na Facebooku,  a co za tym idzie r\u00f3wnie\u017c ca\u0142o\u015bciowe bud\u017cety na marketing w mediach spo\u0142eczno\u015bciowych b\u0119d\u0105 wzrasta\u0107. Tym bardziej zach\u0119camy,  do bie\u017c\u0105cego \u015bledzenia zasi\u0119gu profili za pomoc\u0105 <a title=\"Przejd\u017a na stron\u0119 Sotrendera\" href=\"http:\/\/www.sotrender.pl\/\" target=\"_blank\">Sotrendera<\/a>,  kt\u00f3ry nie tylko pozwoli Wam zaobserwowa\u0107 tendencje zachodz\u0105ce na Waszych profilach,  ale tak\u017ce podpowie,  co na nich poprawi\u0107,  aby komunikowa\u0107 si\u0119 jeszcze skuteczniej.<\/p>\n","protected":false},"excerpt":{"rendered":"<p>Trzy miesi\u0105ce temu przedstawili\u015bmy obszern\u0105 analiz\u0119 zasi\u0119g\u00f3w post\u00f3w na Facebooku. Zmiany wprowadzenie na portalu wskazywa\u0142y na spadek zasi\u0119g\u00f3w post\u00f3w komercyjnych, szczeg\u00f3lnie tych ze zdj\u0119ciami. Dzi\u0119ki temu na News Feedach u\u017cytkownik\u00f3w mia\u0142o pojawia\u0107 si\u0119 mniej niechcianych tre\u015bci. Ju\u017c teraz jednak wyra\u017anie wida\u0107, do czego te zmiany mog\u0105 prowadzi\u0107. Ostatnie doniesienia dotycz\u0105ce spadaj\u0105cego zasi\u0119gu organicznego na zagranicznych [&hellip;]<\/p>\n","protected":false},"author":27,"featured_media":0,"comment_status":"open","ping_status":"open","sticky":false,"template":"","format":"standard","meta":{"inline_featured_image":false,"footnotes":""},"categories":[1,1793,1797],"tags":[17,25,519,643,739],"yoast_head":"<!-- This site is optimized with the Yoast SEO plugin v22.4 - https:\/\/yoast.com\/wordpress\/plugins\/seo\/ -->\n<title>Zasi\u0119g organiczny spada - raportuje Sotrender - Sotrender Blog<\/title>\n<meta name=\"description\" content=\"Sotrender sprawdzi\u0142 zasi\u0119g organiczny polskich profili na Facebooku. Zasi\u0119g post\u00f3w spad\u0142 przeci\u0119tnie o 15%, a w przypadku post\u00f3w ze zdj\u0119ciem a\u017c o 30%.\" \/>\n<meta name=\"robots\" content=\"index, follow, max-snippet:-1, max-image-preview:large, max-video-preview:-1\" \/>\n<link rel=\"canonical\" href=\"https:\/\/www.sotrender.com\/blog\/pl\/2014\/03\/spadek-zasiegu\/\" \/>\n<meta property=\"og:locale\" content=\"pl_PL\" \/>\n<meta property=\"og:type\" content=\"article\" \/>\n<meta property=\"og:title\" content=\"Zasi\u0119g organiczny spada - raportuje Sotrender - Sotrender Blog\" \/>\n<meta property=\"og:description\" content=\"Sotrender sprawdzi\u0142 zasi\u0119g organiczny polskich profili na Facebooku. Zasi\u0119g post\u00f3w spad\u0142 przeci\u0119tnie o 15%, a w przypadku post\u00f3w ze zdj\u0119ciem a\u017c o 30%.\" \/>\n<meta property=\"og:url\" content=\"https:\/\/www.sotrender.com\/blog\/pl\/2014\/03\/spadek-zasiegu\/\" \/>\n<meta property=\"og:site_name\" content=\"Sotrender Blog\" \/>\n<meta property=\"article:publisher\" content=\"https:\/\/www.facebook.com\/Sotrender\" \/>\n<meta property=\"article:published_time\" content=\"2014-03-19T13:39:59+00:00\" \/>\n<meta property=\"article:modified_time\" content=\"2015-12-01T21:06:23+00:00\" \/>\n<meta property=\"og:image\" content=\"https:\/\/www.sotrender.com\/blog\/wp-content\/uploads\/2014\/03\/wszystkie-1024x455.png\" \/>\n<meta name=\"author\" content=\"Krzysztof Mocarski\" \/>\n<meta name=\"twitter:card\" content=\"summary_large_image\" \/>\n<meta name=\"twitter:creator\" content=\"@Sotrender\" \/>\n<meta name=\"twitter:site\" content=\"@Sotrender\" \/>\n<meta name=\"twitter:label1\" content=\"Written by\" \/>\n\t<meta name=\"twitter:data1\" content=\"Krzysztof Mocarski\" \/>\n\t<meta name=\"twitter:label2\" content=\"Est. reading time\" \/>\n\t<meta name=\"twitter:data2\" content=\"2 minutes\" \/>\n<script type=\"application\/ld+json\" class=\"yoast-schema-graph\">{\"@context\":\"https:\/\/schema.org\",\"@graph\":[{\"@type\":\"WebPage\",\"@id\":\"https:\/\/www.sotrender.com\/blog\/pl\/2014\/03\/spadek-zasiegu\/\",\"url\":\"https:\/\/www.sotrender.com\/blog\/pl\/2014\/03\/spadek-zasiegu\/\",\"name\":\"Zasi\u0119g organiczny spada - raportuje Sotrender - Sotrender Blog\",\"isPartOf\":{\"@id\":\"https:\/\/www.sotrender.com\/blog\/#website\"},\"primaryImageOfPage\":{\"@id\":\"https:\/\/www.sotrender.com\/blog\/pl\/2014\/03\/spadek-zasiegu\/#primaryimage\"},\"image\":{\"@id\":\"https:\/\/www.sotrender.com\/blog\/pl\/2014\/03\/spadek-zasiegu\/#primaryimage\"},\"thumbnailUrl\":\"https:\/\/www.sotrender.com\/blog\/wp-content\/uploads\/2014\/03\/wszystkie-1024x455.png\",\"datePublished\":\"2014-03-19T13:39:59+00:00\",\"dateModified\":\"2015-12-01T21:06:23+00:00\",\"author\":{\"@id\":\"https:\/\/www.sotrender.com\/blog\/#\/schema\/person\/27ff7d690acf1a171e870ab5ae2cf98c\"},\"description\":\"Sotrender sprawdzi\u0142 zasi\u0119g organiczny polskich profili na Facebooku. Zasi\u0119g post\u00f3w spad\u0142 przeci\u0119tnie o 15%, a w przypadku post\u00f3w ze zdj\u0119ciem a\u017c o 30%.\",\"breadcrumb\":{\"@id\":\"https:\/\/www.sotrender.com\/blog\/pl\/2014\/03\/spadek-zasiegu\/#breadcrumb\"},\"inLanguage\":\"pl-PL\",\"potentialAction\":[{\"@type\":\"ReadAction\",\"target\":[\"https:\/\/www.sotrender.com\/blog\/pl\/2014\/03\/spadek-zasiegu\/\"]}]},{\"@type\":\"ImageObject\",\"inLanguage\":\"pl-PL\",\"@id\":\"https:\/\/www.sotrender.com\/blog\/pl\/2014\/03\/spadek-zasiegu\/#primaryimage\",\"url\":\"https:\/\/www.sotrender.com\/blog\/wp-content\/uploads\/2014\/03\/wszystkie-1024x455.png\",\"contentUrl\":\"https:\/\/www.sotrender.com\/blog\/wp-content\/uploads\/2014\/03\/wszystkie-1024x455.png\"},{\"@type\":\"BreadcrumbList\",\"@id\":\"https:\/\/www.sotrender.com\/blog\/pl\/2014\/03\/spadek-zasiegu\/#breadcrumb\",\"itemListElement\":[{\"@type\":\"ListItem\",\"position\":1,\"name\":\"Home\",\"item\":\"https:\/\/www.sotrender.com\/blog\/\"},{\"@type\":\"ListItem\",\"position\":2,\"name\":\"Zasi\u0119g organiczny spada &#8211; raportuje Sotrender\"}]},{\"@type\":\"WebSite\",\"@id\":\"https:\/\/www.sotrender.com\/blog\/#website\",\"url\":\"https:\/\/www.sotrender.com\/blog\/\",\"name\":\"Sotrender Blog\",\"description\":\"\",\"potentialAction\":[{\"@type\":\"SearchAction\",\"target\":{\"@type\":\"EntryPoint\",\"urlTemplate\":\"https:\/\/www.sotrender.com\/blog\/?s={search_term_string}\"},\"query-input\":\"required name=search_term_string\"}],\"inLanguage\":\"pl-PL\"},{\"@type\":\"Person\",\"@id\":\"https:\/\/www.sotrender.com\/blog\/#\/schema\/person\/27ff7d690acf1a171e870ab5ae2cf98c\",\"name\":\"Krzysztof Mocarski\",\"image\":{\"@type\":\"ImageObject\",\"inLanguage\":\"pl-PL\",\"@id\":\"https:\/\/www.sotrender.com\/blog\/#\/schema\/person\/image\/\",\"url\":\"https:\/\/secure.gravatar.com\/avatar\/ca0dbfe3dffc729f5e6cbc77e52264e0?s=96&d=mm&r=g\",\"contentUrl\":\"https:\/\/secure.gravatar.com\/avatar\/ca0dbfe3dffc729f5e6cbc77e52264e0?s=96&d=mm&r=g\",\"caption\":\"Krzysztof Mocarski\"},\"url\":\"https:\/\/www.sotrender.com\/blog\/pl\/author\/krzysztof-mocarski\/\"}]}<\/script>\n<!-- \/ Yoast SEO plugin. -->","yoast_head_json":{"title":"Zasi\u0119g organiczny spada - raportuje Sotrender - Sotrender Blog","description":"Sotrender sprawdzi\u0142 zasi\u0119g organiczny polskich profili na Facebooku. Zasi\u0119g post\u00f3w spad\u0142 przeci\u0119tnie o 15%, a w przypadku post\u00f3w ze zdj\u0119ciem a\u017c o 30%.","robots":{"index":"index","follow":"follow","max-snippet":"max-snippet:-1","max-image-preview":"max-image-preview:large","max-video-preview":"max-video-preview:-1"},"canonical":"https:\/\/www.sotrender.com\/blog\/pl\/2014\/03\/spadek-zasiegu\/","og_locale":"pl_PL","og_type":"article","og_title":"Zasi\u0119g organiczny spada - raportuje Sotrender - Sotrender Blog","og_description":"Sotrender sprawdzi\u0142 zasi\u0119g organiczny polskich profili na Facebooku. Zasi\u0119g post\u00f3w spad\u0142 przeci\u0119tnie o 15%, a w przypadku post\u00f3w ze zdj\u0119ciem a\u017c o 30%.","og_url":"https:\/\/www.sotrender.com\/blog\/pl\/2014\/03\/spadek-zasiegu\/","og_site_name":"Sotrender Blog","article_publisher":"https:\/\/www.facebook.com\/Sotrender","article_published_time":"2014-03-19T13:39:59+00:00","article_modified_time":"2015-12-01T21:06:23+00:00","og_image":[{"url":"https:\/\/www.sotrender.com\/blog\/wp-content\/uploads\/2014\/03\/wszystkie-1024x455.png"}],"author":"Krzysztof Mocarski","twitter_card":"summary_large_image","twitter_creator":"@Sotrender","twitter_site":"@Sotrender","twitter_misc":{"Written by":"Krzysztof Mocarski","Est. reading time":"2 minutes"},"schema":{"@context":"https:\/\/schema.org","@graph":[{"@type":"WebPage","@id":"https:\/\/www.sotrender.com\/blog\/pl\/2014\/03\/spadek-zasiegu\/","url":"https:\/\/www.sotrender.com\/blog\/pl\/2014\/03\/spadek-zasiegu\/","name":"Zasi\u0119g organiczny spada - raportuje Sotrender - Sotrender Blog","isPartOf":{"@id":"https:\/\/www.sotrender.com\/blog\/#website"},"primaryImageOfPage":{"@id":"https:\/\/www.sotrender.com\/blog\/pl\/2014\/03\/spadek-zasiegu\/#primaryimage"},"image":{"@id":"https:\/\/www.sotrender.com\/blog\/pl\/2014\/03\/spadek-zasiegu\/#primaryimage"},"thumbnailUrl":"https:\/\/www.sotrender.com\/blog\/wp-content\/uploads\/2014\/03\/wszystkie-1024x455.png","datePublished":"2014-03-19T13:39:59+00:00","dateModified":"2015-12-01T21:06:23+00:00","author":{"@id":"https:\/\/www.sotrender.com\/blog\/#\/schema\/person\/27ff7d690acf1a171e870ab5ae2cf98c"},"description":"Sotrender sprawdzi\u0142 zasi\u0119g organiczny polskich profili na Facebooku. Zasi\u0119g post\u00f3w spad\u0142 przeci\u0119tnie o 15%, a w przypadku post\u00f3w ze zdj\u0119ciem a\u017c o 30%.","breadcrumb":{"@id":"https:\/\/www.sotrender.com\/blog\/pl\/2014\/03\/spadek-zasiegu\/#breadcrumb"},"inLanguage":"pl-PL","potentialAction":[{"@type":"ReadAction","target":["https:\/\/www.sotrender.com\/blog\/pl\/2014\/03\/spadek-zasiegu\/"]}]},{"@type":"ImageObject","inLanguage":"pl-PL","@id":"https:\/\/www.sotrender.com\/blog\/pl\/2014\/03\/spadek-zasiegu\/#primaryimage","url":"https:\/\/www.sotrender.com\/blog\/wp-content\/uploads\/2014\/03\/wszystkie-1024x455.png","contentUrl":"https:\/\/www.sotrender.com\/blog\/wp-content\/uploads\/2014\/03\/wszystkie-1024x455.png"},{"@type":"BreadcrumbList","@id":"https:\/\/www.sotrender.com\/blog\/pl\/2014\/03\/spadek-zasiegu\/#breadcrumb","itemListElement":[{"@type":"ListItem","position":1,"name":"Home","item":"https:\/\/www.sotrender.com\/blog\/"},{"@type":"ListItem","position":2,"name":"Zasi\u0119g organiczny spada &#8211; raportuje Sotrender"}]},{"@type":"WebSite","@id":"https:\/\/www.sotrender.com\/blog\/#website","url":"https:\/\/www.sotrender.com\/blog\/","name":"Sotrender Blog","description":"","potentialAction":[{"@type":"SearchAction","target":{"@type":"EntryPoint","urlTemplate":"https:\/\/www.sotrender.com\/blog\/?s={search_term_string}"},"query-input":"required name=search_term_string"}],"inLanguage":"pl-PL"},{"@type":"Person","@id":"https:\/\/www.sotrender.com\/blog\/#\/schema\/person\/27ff7d690acf1a171e870ab5ae2cf98c","name":"Krzysztof Mocarski","image":{"@type":"ImageObject","inLanguage":"pl-PL","@id":"https:\/\/www.sotrender.com\/blog\/#\/schema\/person\/image\/","url":"https:\/\/secure.gravatar.com\/avatar\/ca0dbfe3dffc729f5e6cbc77e52264e0?s=96&d=mm&r=g","contentUrl":"https:\/\/secure.gravatar.com\/avatar\/ca0dbfe3dffc729f5e6cbc77e52264e0?s=96&d=mm&r=g","caption":"Krzysztof Mocarski"},"url":"https:\/\/www.sotrender.com\/blog\/pl\/author\/krzysztof-mocarski\/"}]}},"_links":{"self":[{"href":"https:\/\/www.sotrender.com\/blog\/pl\/wp-json\/wp\/v2\/posts\/11017"}],"collection":[{"href":"https:\/\/www.sotrender.com\/blog\/pl\/wp-json\/wp\/v2\/posts"}],"about":[{"href":"https:\/\/www.sotrender.com\/blog\/pl\/wp-json\/wp\/v2\/types\/post"}],"author":[{"embeddable":true,"href":"https:\/\/www.sotrender.com\/blog\/pl\/wp-json\/wp\/v2\/users\/27"}],"replies":[{"embeddable":true,"href":"https:\/\/www.sotrender.com\/blog\/pl\/wp-json\/wp\/v2\/comments?post=11017"}],"version-history":[{"count":11,"href":"https:\/\/www.sotrender.com\/blog\/pl\/wp-json\/wp\/v2\/posts\/11017\/revisions"}],"predecessor-version":[{"id":14593,"href":"https:\/\/www.sotrender.com\/blog\/pl\/wp-json\/wp\/v2\/posts\/11017\/revisions\/14593"}],"wp:attachment":[{"href":"https:\/\/www.sotrender.com\/blog\/pl\/wp-json\/wp\/v2\/media?parent=11017"}],"wp:term":[{"taxonomy":"category","embeddable":true,"href":"https:\/\/www.sotrender.com\/blog\/pl\/wp-json\/wp\/v2\/categories?post=11017"},{"taxonomy":"post_tag","embeddable":true,"href":"https:\/\/www.sotrender.com\/blog\/pl\/wp-json\/wp\/v2\/tags?post=11017"}],"curies":[{"name":"wp","href":"https:\/\/api.w.org\/{rel}","templated":true}]}}