{"id":10989,"date":"2014-03-14T16:04:30","date_gmt":"2014-03-14T15:04:30","guid":{"rendered":"http:\/\/blog.sotrender.com\/?p=10989"},"modified":"2015-12-01T22:06:35","modified_gmt":"2015-12-01T21:06:35","slug":"sotrender-2013-infografika","status":"publish","type":"post","link":"https:\/\/www.sotrender.com\/blog\/pl\/2014\/03\/sotrender-2013-infografika\/","title":{"rendered":"Sotrender wspomina wydarzenia 2013 r. &#8211; infografika"},"content":{"rendered":"<p style=\"text-align: justify;\"><a title=\"Przejd\u017a do strony Sotrendera\" href=\"http:\/\/www.sotrender.pl\/\" target=\"_blank\">Sotrender<\/a> postanowi\u0142 jeszcze przez chwil\u0119 powspomina\u0107 wydarzenia,  jakie mia\u0142y miejsce na Facebooku w ubieg\u0142ym roku. A sporo si\u0119 dzia\u0142o. Facebook nie tylko prezentowa\u0142 nowe funkcjonalno\u015bci,  takie jak mo\u017cliwo\u015b\u0107 edycji post\u00f3w,  ale r\u00f3wnie\u017c zmusza\u0142 nas po po\u017cegnania innych,  jak np. opcji publikowania ankiet. Zmienia\u0142 si\u0119 r\u00f3wnie\u017c jego regulamin oraz News Feed. Polskie marki ros\u0142y w si\u0142\u0119 i publikowa\u0142y bij\u0105ce rekordy posty. Sotrender nie tylko dostarcza\u0142 dane i wykresy,  ale r\u00f3wnie\u017c skrz\u0119tnie niczym Kosza\u0142ek Opa\u0142ek notowa\u0142 i komentowa\u0142 wszystkie wydarzenia. Te,  kt\u00f3re uznali\u015bmy za najwa\u017cniejsze,  przedstawia poni\u017csza infografika.<\/p>\n<p><!--more--><\/p>\n<h2 style=\"text-align: justify;\">Podsumowanie + infografika<\/h2>\n<p style=\"text-align: justify;\">W styczniu w <a title=\"Przeczytaj podsumowanie\" href=\"https:\/\/www.sotrender.com\/blog\/pl\/2014\/01\/podsumowanie-2013\/\" target=\"_blank\">ca\u0142orocznym wydaniu raportu #FanpageTrends<\/a>,  podsumowali\u015bmy najwa\u017cniejsze dzia\u0142ania marek,  aktywno\u015bci u\u017cytkownik\u00f3w oraz wydarzenia i trendy,  kt\u00f3re dominowa\u0142y na Facebooku w Polsce w 2013 r. Zach\u0119camy gor\u0105co do lektury raportu,  je\u015bli jeszcze go nie czytali\u015bcie. Poni\u017csza infografika przedstawia podsumowanie 2013 r. z nieco bardziej globalnej perspektywy.<\/p>\n<h2 style=\"text-align: center;\">Zapraszamy do ogl\u0105dania!<\/h2>\n<p><a href=\"https:\/\/www.sotrender.com\/blog\/wp-content\/uploads\/2014\/03\/timeline5.png\"><img loading=\"lazy\" decoding=\"async\" class=\"size-full wp-image-10999 alignnone\" src=\"https:\/\/www.sotrender.com\/blog\/wp-content\/uploads\/2014\/03\/timeline5.png\" alt=\"Wydarzenia 2013 - infografika Sotrendera\" width=\"1077\" height=\"4089\" srcset=\"https:\/\/www.sotrender.com\/blog\/wp-content\/uploads\/2014\/03\/timeline5.png 1077w, https:\/\/www.sotrender.com\/blog\/wp-content\/uploads\/2014\/03\/timeline5-475x1803.png 475w, https:\/\/www.sotrender.com\/blog\/wp-content\/uploads\/2014\/03\/timeline5-768x2916.png 768w, https:\/\/www.sotrender.com\/blog\/wp-content\/uploads\/2014\/03\/timeline5-950x3607.png 950w, https:\/\/www.sotrender.com\/blog\/wp-content\/uploads\/2014\/03\/timeline5-600x2278.png 600w\" sizes=\"(max-width: 1077px) 100vw, 1077px\" \/><\/a><\/p>\n","protected":false},"excerpt":{"rendered":"<p>Sotrender postanowi\u0142 jeszcze przez chwil\u0119 powspomina\u0107 wydarzenia, jakie mia\u0142y miejsce na Facebooku w ubieg\u0142ym roku. A sporo si\u0119 dzia\u0142o. Facebook nie tylko prezentowa\u0142 nowe funkcjonalno\u015bci, takie jak mo\u017cliwo\u015b\u0107 edycji post\u00f3w, ale r\u00f3wnie\u017c zmusza\u0142 nas po po\u017cegnania innych, jak np. opcji publikowania ankiet. Zmienia\u0142 si\u0119 r\u00f3wnie\u017c jego regulamin oraz News Feed. Polskie marki ros\u0142y w si\u0142\u0119 [&hellip;]<\/p>\n","protected":false},"author":31,"featured_media":0,"comment_status":"open","ping_status":"open","sticky":false,"template":"","format":"standard","meta":{"inline_featured_image":false,"footnotes":""},"categories":[1791,1793,1797,1799,1801],"tags":[],"yoast_head":"<!-- This site is optimized with the Yoast SEO plugin v22.4 - https:\/\/yoast.com\/wordpress\/plugins\/seo\/ -->\n<title>Sotrender wspomina 2013 r. - infografika - Sotrender Blog<\/title>\n<meta name=\"description\" content=\"Infografika przedstawia subiektywne zestawienie najwa\u017cniejszych, zdaniem Sotrendera, wydarze\u0144, jakie mia\u0142y miejsce na Facebooku w 2013 r.\" \/>\n<meta name=\"robots\" content=\"index, follow, max-snippet:-1, max-image-preview:large, max-video-preview:-1\" \/>\n<link rel=\"canonical\" href=\"https:\/\/www.sotrender.com\/blog\/pl\/2014\/03\/sotrender-2013-infografika\/\" \/>\n<meta property=\"og:locale\" content=\"pl_PL\" \/>\n<meta property=\"og:type\" content=\"article\" \/>\n<meta property=\"og:title\" content=\"Sotrender wspomina 2013 r. - infografika - Sotrender Blog\" \/>\n<meta property=\"og:description\" content=\"Infografika przedstawia subiektywne zestawienie najwa\u017cniejszych, zdaniem Sotrendera, wydarze\u0144, jakie mia\u0142y miejsce na Facebooku w 2013 r.\" \/>\n<meta property=\"og:url\" content=\"https:\/\/www.sotrender.com\/blog\/pl\/2014\/03\/sotrender-2013-infografika\/\" \/>\n<meta property=\"og:site_name\" content=\"Sotrender Blog\" \/>\n<meta property=\"article:publisher\" content=\"https:\/\/www.facebook.com\/Sotrender\" \/>\n<meta property=\"article:published_time\" content=\"2014-03-14T15:04:30+00:00\" \/>\n<meta property=\"article:modified_time\" content=\"2015-12-01T21:06:35+00:00\" \/>\n<meta property=\"og:image\" content=\"https:\/\/www.sotrender.com\/blog\/wp-content\/uploads\/2014\/03\/timeline5.png\" \/>\n<meta name=\"author\" content=\"Aleksandra Prejs\" \/>\n<meta name=\"twitter:card\" content=\"summary_large_image\" \/>\n<meta name=\"twitter:creator\" content=\"@Sotrender\" \/>\n<meta name=\"twitter:site\" content=\"@Sotrender\" \/>\n<meta name=\"twitter:label1\" content=\"Written by\" \/>\n\t<meta name=\"twitter:data1\" content=\"Aleksandra Prejs\" \/>\n\t<meta name=\"twitter:label2\" content=\"Est. reading time\" \/>\n\t<meta name=\"twitter:data2\" content=\"1 minute\" \/>\n<script type=\"application\/ld+json\" class=\"yoast-schema-graph\">{\"@context\":\"https:\/\/schema.org\",\"@graph\":[{\"@type\":\"WebPage\",\"@id\":\"https:\/\/www.sotrender.com\/blog\/pl\/2014\/03\/sotrender-2013-infografika\/\",\"url\":\"https:\/\/www.sotrender.com\/blog\/pl\/2014\/03\/sotrender-2013-infografika\/\",\"name\":\"Sotrender wspomina 2013 r. - infografika - Sotrender Blog\",\"isPartOf\":{\"@id\":\"https:\/\/www.sotrender.com\/blog\/#website\"},\"primaryImageOfPage\":{\"@id\":\"https:\/\/www.sotrender.com\/blog\/pl\/2014\/03\/sotrender-2013-infografika\/#primaryimage\"},\"image\":{\"@id\":\"https:\/\/www.sotrender.com\/blog\/pl\/2014\/03\/sotrender-2013-infografika\/#primaryimage\"},\"thumbnailUrl\":\"https:\/\/www.sotrender.com\/blog\/wp-content\/uploads\/2014\/03\/timeline5.png\",\"datePublished\":\"2014-03-14T15:04:30+00:00\",\"dateModified\":\"2015-12-01T21:06:35+00:00\",\"author\":{\"@id\":\"https:\/\/www.sotrender.com\/blog\/#\/schema\/person\/7106df62825269bc360ad9171cd7149b\"},\"description\":\"Infografika przedstawia subiektywne zestawienie najwa\u017cniejszych, zdaniem Sotrendera, wydarze\u0144, jakie mia\u0142y miejsce na Facebooku w 2013 r.\",\"breadcrumb\":{\"@id\":\"https:\/\/www.sotrender.com\/blog\/pl\/2014\/03\/sotrender-2013-infografika\/#breadcrumb\"},\"inLanguage\":\"pl-PL\",\"potentialAction\":[{\"@type\":\"ReadAction\",\"target\":[\"https:\/\/www.sotrender.com\/blog\/pl\/2014\/03\/sotrender-2013-infografika\/\"]}]},{\"@type\":\"ImageObject\",\"inLanguage\":\"pl-PL\",\"@id\":\"https:\/\/www.sotrender.com\/blog\/pl\/2014\/03\/sotrender-2013-infografika\/#primaryimage\",\"url\":\"https:\/\/www.sotrender.com\/blog\/wp-content\/uploads\/2014\/03\/timeline5.png\",\"contentUrl\":\"https:\/\/www.sotrender.com\/blog\/wp-content\/uploads\/2014\/03\/timeline5.png\"},{\"@type\":\"BreadcrumbList\",\"@id\":\"https:\/\/www.sotrender.com\/blog\/pl\/2014\/03\/sotrender-2013-infografika\/#breadcrumb\",\"itemListElement\":[{\"@type\":\"ListItem\",\"position\":1,\"name\":\"Home\",\"item\":\"https:\/\/www.sotrender.com\/blog\/\"},{\"@type\":\"ListItem\",\"position\":2,\"name\":\"Sotrender wspomina wydarzenia 2013 r. &#8211; infografika\"}]},{\"@type\":\"WebSite\",\"@id\":\"https:\/\/www.sotrender.com\/blog\/#website\",\"url\":\"https:\/\/www.sotrender.com\/blog\/\",\"name\":\"Sotrender Blog\",\"description\":\"\",\"potentialAction\":[{\"@type\":\"SearchAction\",\"target\":{\"@type\":\"EntryPoint\",\"urlTemplate\":\"https:\/\/www.sotrender.com\/blog\/?s={search_term_string}\"},\"query-input\":\"required name=search_term_string\"}],\"inLanguage\":\"pl-PL\"},{\"@type\":\"Person\",\"@id\":\"https:\/\/www.sotrender.com\/blog\/#\/schema\/person\/7106df62825269bc360ad9171cd7149b\",\"name\":\"Aleksandra Prejs\",\"image\":{\"@type\":\"ImageObject\",\"inLanguage\":\"pl-PL\",\"@id\":\"https:\/\/www.sotrender.com\/blog\/#\/schema\/person\/image\/\",\"url\":\"https:\/\/secure.gravatar.com\/avatar\/469000454b77ff0aacb32c49dba023be?s=96&d=mm&r=g\",\"contentUrl\":\"https:\/\/secure.gravatar.com\/avatar\/469000454b77ff0aacb32c49dba023be?s=96&d=mm&r=g\",\"caption\":\"Aleksandra Prejs\"},\"url\":\"https:\/\/www.sotrender.com\/blog\/pl\/author\/aleksandra-prejs\/\"}]}<\/script>\n<!-- \/ Yoast SEO plugin. -->","yoast_head_json":{"title":"Sotrender wspomina 2013 r. - infografika - Sotrender Blog","description":"Infografika przedstawia subiektywne zestawienie najwa\u017cniejszych, zdaniem Sotrendera, wydarze\u0144, jakie mia\u0142y miejsce na Facebooku w 2013 r.","robots":{"index":"index","follow":"follow","max-snippet":"max-snippet:-1","max-image-preview":"max-image-preview:large","max-video-preview":"max-video-preview:-1"},"canonical":"https:\/\/www.sotrender.com\/blog\/pl\/2014\/03\/sotrender-2013-infografika\/","og_locale":"pl_PL","og_type":"article","og_title":"Sotrender wspomina 2013 r. - infografika - Sotrender Blog","og_description":"Infografika przedstawia subiektywne zestawienie najwa\u017cniejszych, zdaniem Sotrendera, wydarze\u0144, jakie mia\u0142y miejsce na Facebooku w 2013 r.","og_url":"https:\/\/www.sotrender.com\/blog\/pl\/2014\/03\/sotrender-2013-infografika\/","og_site_name":"Sotrender Blog","article_publisher":"https:\/\/www.facebook.com\/Sotrender","article_published_time":"2014-03-14T15:04:30+00:00","article_modified_time":"2015-12-01T21:06:35+00:00","og_image":[{"url":"https:\/\/www.sotrender.com\/blog\/wp-content\/uploads\/2014\/03\/timeline5.png"}],"author":"Aleksandra Prejs","twitter_card":"summary_large_image","twitter_creator":"@Sotrender","twitter_site":"@Sotrender","twitter_misc":{"Written by":"Aleksandra Prejs","Est. reading time":"1 minute"},"schema":{"@context":"https:\/\/schema.org","@graph":[{"@type":"WebPage","@id":"https:\/\/www.sotrender.com\/blog\/pl\/2014\/03\/sotrender-2013-infografika\/","url":"https:\/\/www.sotrender.com\/blog\/pl\/2014\/03\/sotrender-2013-infografika\/","name":"Sotrender wspomina 2013 r. - infografika - Sotrender Blog","isPartOf":{"@id":"https:\/\/www.sotrender.com\/blog\/#website"},"primaryImageOfPage":{"@id":"https:\/\/www.sotrender.com\/blog\/pl\/2014\/03\/sotrender-2013-infografika\/#primaryimage"},"image":{"@id":"https:\/\/www.sotrender.com\/blog\/pl\/2014\/03\/sotrender-2013-infografika\/#primaryimage"},"thumbnailUrl":"https:\/\/www.sotrender.com\/blog\/wp-content\/uploads\/2014\/03\/timeline5.png","datePublished":"2014-03-14T15:04:30+00:00","dateModified":"2015-12-01T21:06:35+00:00","author":{"@id":"https:\/\/www.sotrender.com\/blog\/#\/schema\/person\/7106df62825269bc360ad9171cd7149b"},"description":"Infografika przedstawia subiektywne zestawienie najwa\u017cniejszych, zdaniem Sotrendera, wydarze\u0144, jakie mia\u0142y miejsce na Facebooku w 2013 r.","breadcrumb":{"@id":"https:\/\/www.sotrender.com\/blog\/pl\/2014\/03\/sotrender-2013-infografika\/#breadcrumb"},"inLanguage":"pl-PL","potentialAction":[{"@type":"ReadAction","target":["https:\/\/www.sotrender.com\/blog\/pl\/2014\/03\/sotrender-2013-infografika\/"]}]},{"@type":"ImageObject","inLanguage":"pl-PL","@id":"https:\/\/www.sotrender.com\/blog\/pl\/2014\/03\/sotrender-2013-infografika\/#primaryimage","url":"https:\/\/www.sotrender.com\/blog\/wp-content\/uploads\/2014\/03\/timeline5.png","contentUrl":"https:\/\/www.sotrender.com\/blog\/wp-content\/uploads\/2014\/03\/timeline5.png"},{"@type":"BreadcrumbList","@id":"https:\/\/www.sotrender.com\/blog\/pl\/2014\/03\/sotrender-2013-infografika\/#breadcrumb","itemListElement":[{"@type":"ListItem","position":1,"name":"Home","item":"https:\/\/www.sotrender.com\/blog\/"},{"@type":"ListItem","position":2,"name":"Sotrender wspomina wydarzenia 2013 r. &#8211; infografika"}]},{"@type":"WebSite","@id":"https:\/\/www.sotrender.com\/blog\/#website","url":"https:\/\/www.sotrender.com\/blog\/","name":"Sotrender Blog","description":"","potentialAction":[{"@type":"SearchAction","target":{"@type":"EntryPoint","urlTemplate":"https:\/\/www.sotrender.com\/blog\/?s={search_term_string}"},"query-input":"required name=search_term_string"}],"inLanguage":"pl-PL"},{"@type":"Person","@id":"https:\/\/www.sotrender.com\/blog\/#\/schema\/person\/7106df62825269bc360ad9171cd7149b","name":"Aleksandra Prejs","image":{"@type":"ImageObject","inLanguage":"pl-PL","@id":"https:\/\/www.sotrender.com\/blog\/#\/schema\/person\/image\/","url":"https:\/\/secure.gravatar.com\/avatar\/469000454b77ff0aacb32c49dba023be?s=96&d=mm&r=g","contentUrl":"https:\/\/secure.gravatar.com\/avatar\/469000454b77ff0aacb32c49dba023be?s=96&d=mm&r=g","caption":"Aleksandra Prejs"},"url":"https:\/\/www.sotrender.com\/blog\/pl\/author\/aleksandra-prejs\/"}]}},"_links":{"self":[{"href":"https:\/\/www.sotrender.com\/blog\/pl\/wp-json\/wp\/v2\/posts\/10989"}],"collection":[{"href":"https:\/\/www.sotrender.com\/blog\/pl\/wp-json\/wp\/v2\/posts"}],"about":[{"href":"https:\/\/www.sotrender.com\/blog\/pl\/wp-json\/wp\/v2\/types\/post"}],"author":[{"embeddable":true,"href":"https:\/\/www.sotrender.com\/blog\/pl\/wp-json\/wp\/v2\/users\/31"}],"replies":[{"embeddable":true,"href":"https:\/\/www.sotrender.com\/blog\/pl\/wp-json\/wp\/v2\/comments?post=10989"}],"version-history":[{"count":10,"href":"https:\/\/www.sotrender.com\/blog\/pl\/wp-json\/wp\/v2\/posts\/10989\/revisions"}],"predecessor-version":[{"id":14595,"href":"https:\/\/www.sotrender.com\/blog\/pl\/wp-json\/wp\/v2\/posts\/10989\/revisions\/14595"}],"wp:attachment":[{"href":"https:\/\/www.sotrender.com\/blog\/pl\/wp-json\/wp\/v2\/media?parent=10989"}],"wp:term":[{"taxonomy":"category","embeddable":true,"href":"https:\/\/www.sotrender.com\/blog\/pl\/wp-json\/wp\/v2\/categories?post=10989"},{"taxonomy":"post_tag","embeddable":true,"href":"https:\/\/www.sotrender.com\/blog\/pl\/wp-json\/wp\/v2\/tags?post=10989"}],"curies":[{"name":"wp","href":"https:\/\/api.w.org\/{rel}","templated":true}]}}