{"id":10939,"date":"2014-03-06T11:40:12","date_gmt":"2014-03-06T10:40:12","guid":{"rendered":"http:\/\/blog.sotrender.com\/?p=10939"},"modified":"2017-04-13T15:31:49","modified_gmt":"2017-04-13T13:31:49","slug":"fanpagetrends-luty-2014","status":"publish","type":"post","link":"https:\/\/www.sotrender.com\/blog\/pl\/2014\/03\/fanpagetrends-luty-2014\/","title":{"rendered":"#FanpageTrends Luty 2014 &#8211; w rankingach pogoda na skoki"},"content":{"rendered":"<p style=\"text-align: justify;\">Chocia\u017c luty by\u0142 kr\u00f3tszy od innych miesi\u0119cy i tak sporo w tym czasie wydarzy\u0142o si\u0119 na spo\u0142eczno\u015bciowym podw\u00f3rku. Administrator\u00f3w profili komercyjnych ponios\u0142a fala mi\u0142o\u015bci i w Walentynki opublikowali 20% wi\u0119cej wpis\u00f3w ni\u017c zwykle, Facebook sko\u0144czy\u0142 10 lat, a do ranking\u00f3w brawurowo wskoczy\u0142 Kamil Stoch. Wszystko wskazuje na to, \u017ce wiosn\u0105 nuda raczej nam nie grozi. <strong><a title=\"Przejd\u017a do raportu\" href=\"http:\/\/www.sotrender.pl\/fanpage-trends\/201402\" target=\"_blank\">Zapraszamy do lektury lutowego wydania FanpageTrends!<\/a><\/strong><\/p>\n<p style=\"text-align: justify;\"><!--more--><\/p>\n<h2 dir=\"ltr\" style=\"text-align: justify;\">W #FanpageTrends wzloty bez upadk\u00f3w<\/h2>\n<p style=\"text-align: justify;\">Ranking najlepszych post\u00f3w marek pokazuje, \u017ce te korzystaj\u0105 z mo\u017cliwo\u015bci prowadzenia konkurs\u00f3w za po\u015brednictwem post\u00f3w. Niestety cz\u0119sto zdarza si\u0119, \u017ce robi\u0105 to w \u00a0niedozwolony przez regulamin Facebooka spos\u00f3b. Organizuj\u0105c konkursy nale\u017cy pami\u0119ta\u0107, \u017ce wymaganie od uczestnik\u00f3w zabawy udost\u0119pnienia tre\u015bci jest praktyk\u0105 nielegaln\u0105, o czym wprost m\u00f3wi <a title=\"Przeczytaj regulamin\" href=\"https:\/\/www.facebook.com\/page_guidelines.php\" target=\"_blank\">regulamin Facebooka<\/a>.\u00a0Mo\u017cna natomiast zach\u0119ca\u0107 do polubienia lub skomentowania posta albo dodania posta na stronie organizatora. Mo\u017cna tak\u017ce wykorzystywa\u0107 przycisk \u201cLubi\u0119 to\u201d czy komentarze jako metod\u0119 g\u0142osowania w konkursie.<\/p>\n<p dir=\"ltr\" style=\"text-align: justify;\">W lutowym zestawieniu najlepszych post\u00f3w w #FanpageTrends znajdziemy stale budz\u0105c\u0105 emocje <a title=\"Zobacz profil\" href=\"https:\/\/www.facebook.com\/fundacja.dkms.polska?fref=ts\" target=\"_blank\">Fundacj\u0119 DKMS<\/a> z wpisem dotycz\u0105cym potrzebuj\u0105cego przeszczepu Mateusza i \u015bmieszny obrazek wci\u0105\u017c popularnej <a title=\"Zobacz profil na Facebooku\" href=\"https:\/\/www.facebook.com\/chodakowskaewa\" target=\"_blank\">Ewy Chodakowskiej<\/a>. Widzimy r\u00f3wnie\u017c, \u017ce opr\u00f3cz sta\u0142ego podkre\u015blania wagi dzia\u0142alno\u015bci charytatywnej, najlepsze posty odzwierciedlaj\u0105 tak\u017ce bie\u017c\u0105ce wydarzenia. Dowodem s\u0105 chocia\u017cby posty <a title=\"Zobacz profil na Facebooku\" href=\"https:\/\/www.facebook.com\/KomorowskiBronislaw?ref=ts&amp;fref=ts\" target=\"_blank\">Bronis\u0142awa Komorowskiego<\/a> i <a title=\"Zobacz profil na Facebooku\" href=\"https:\/\/www.facebook.com\/kancelaria.premiera?ref=ts&amp;fref=ts\" target=\"_blank\">Kancelarii Premiera<\/a> z 21 lutego dotycz\u0105ce akcji Solidarni z Ukrain\u0105 oraz wpis Justyny Kowalczyk ze zdj\u0119ciem medalu po jej niesamowitej wygranej w biegu na 10 km stylem klasycznym podczas olimpiady w Soczi.<\/p>\n<div id=\"attachment_10959\" style=\"width: 703px\" class=\"wp-caption aligncenter\"><a href=\"https:\/\/www.sotrender.com\/blog\/wp-content\/uploads\/2014\/03\/posty.jpg\"><img loading=\"lazy\" decoding=\"async\" aria-describedby=\"caption-attachment-10959\" class=\"size-full wp-image-10959\" src=\"https:\/\/www.sotrender.com\/blog\/wp-content\/uploads\/2014\/03\/posty.jpg\" alt=\"Najlepsze posty w #FanpageTrends\" width=\"693\" height=\"559\" srcset=\"https:\/\/www.sotrender.com\/blog\/wp-content\/uploads\/2014\/03\/posty.jpg 693w, https:\/\/www.sotrender.com\/blog\/wp-content\/uploads\/2014\/03\/posty-475x383.jpg 475w, https:\/\/www.sotrender.com\/blog\/wp-content\/uploads\/2014\/03\/posty-600x484.jpg 600w\" sizes=\"(max-width: 693px) 100vw, 693px\" \/><\/a><p id=\"caption-attachment-10959\" class=\"wp-caption-text\">Najlepsze posty w #FanpageTrends<\/p><\/div>\n<p dir=\"ltr\" style=\"text-align: justify;\">Sam\u0105 olimpiad\u0119 mieli\u015bmy zreszt\u0105 okazj\u0119 ogl\u0105da\u0107 nie tylko w telewizji. Jej echa roznios\u0142y si\u0119 r\u00f3wnie\u017c na Facebooku. Relacjonuj\u0105ca na bie\u017c\u0105co wydarzenia <a title=\"Zobacz profil na Facebooku\" href=\"https:\/\/www.facebook.com\/tvpsport?fref=ts\" target=\"_blank\">TVP Sport<\/a> zaj\u0119\u0142a trzecie miejsce w liczbie zaanga\u017cowanych zaraz po Kwejku i Demotywatorach oraz pierwsze miejsce pod wzgl\u0119dem odsetka zaanga\u017cowanych. Stacja zaanga\u017cowa\u0142a 205 882 os\u00f3b, co stanowi 165% liczby jej fan\u00f3w na Facebooku.<\/p>\n<p dir=\"ltr\" style=\"text-align: justify;\">Do<span style=\"line-height: 1.714285714; font-size: 1rem;\">\u00a0naszych ranking\u00f3w z impetem i niezwyk\u0142\u0105 gracj\u0105 wskoczy\u0142 Kamil Stoch. Reakcj\u0119 fan\u00f3w na pierwsze zwyci\u0119stwo skoczka z Z\u0119bu <\/span>na infografice przedstawi\u0142a agencja WebTalk<span style=\"line-height: 1.714285714; font-size: 1rem;\">, kt\u00f3rej mieli\u015bmy przyjemno\u015b\u0107 dostarczy\u0107 dane.<\/span><\/p>\n<div id=\"attachment_10953\" style=\"width: 598px\" class=\"wp-caption aligncenter\"><a href=\"https:\/\/www.sotrender.com\/blog\/wp-content\/uploads\/2014\/03\/stoch.jpg\"><img loading=\"lazy\" decoding=\"async\" aria-describedby=\"caption-attachment-10953\" class=\"size-full wp-image-10953\" src=\"https:\/\/www.sotrender.com\/blog\/wp-content\/uploads\/2014\/03\/stoch.jpg\" alt=\"Przyrost liczby fan\u00f3w Kamila Stocha\" width=\"588\" height=\"321\" srcset=\"https:\/\/www.sotrender.com\/blog\/wp-content\/uploads\/2014\/03\/stoch.jpg 588w, https:\/\/www.sotrender.com\/blog\/wp-content\/uploads\/2014\/03\/stoch-475x259.jpg 475w\" sizes=\"(max-width: 588px) 100vw, 588px\" \/><\/a><p id=\"caption-attachment-10953\" class=\"wp-caption-text\">Przyrost liczby fan\u00f3w Kamila Stocha<\/p><\/div>\n<p dir=\"ltr\" style=\"text-align: justify;\">Dzi\u0119ki osi\u0105gni\u0119ciom <a title=\"Zobacz profil na Facebooku\" href=\"https:\/\/www.facebook.com\/KamilStochOfficial?fref=ts\" target=\"_blank\">Kamila Stocha<\/a>, <a title=\"Zobacz profil na Facebooku\" href=\"https:\/\/www.facebook.com\/pages\/Zbigniew-Brodka\/297635740354672\" target=\"_blank\">Zbigniewa Br\u00f3dki<\/a> oraz <a title=\"Zobacz profil na Facebooku\" href=\"https:\/\/www.facebook.com\/kibicujjustynie?fref=ts\" target=\"_blank\">Justyny Kowalczyk<\/a> w Soczi, ca\u0142a kategoria Sport poprawi\u0142a swoj\u0105 pozycj\u0119 w rankingu bran\u017c o dwa miejsca, staj\u0105c si\u0119 trzeci\u0105 najwi\u0119ksz\u0105 po Muzyce i E-commerce kategori\u0105. Z kolei sami sportowcy zyskali dzi\u0119ki swoim osi\u0105gni\u0119ciom naprawd\u0119 liczne grono fan\u00f3w.\u00a0Co ciekawe, Kamil Stoch zosta\u0142 wspomniany r\u00f3wnie\u017c w najlepszych postach stron z kategorii Miasta, Prasa, Programy tv i Uczelnie.<\/p>\n<div id=\"attachment_10955\" style=\"width: 550px\" class=\"wp-caption aligncenter\"><a href=\"https:\/\/www.sotrender.com\/blog\/wp-content\/uploads\/2014\/03\/soczi_nfans.png\"><img loading=\"lazy\" decoding=\"async\" aria-describedby=\"caption-attachment-10955\" class=\" wp-image-10955 \" src=\"https:\/\/www.sotrender.com\/blog\/wp-content\/uploads\/2014\/03\/soczi_nfans.png\" alt=\"Wzrost liczby fan\u00f3w medalist\u00f3w z Soczi\" width=\"540\" height=\"360\" srcset=\"https:\/\/www.sotrender.com\/blog\/wp-content\/uploads\/2014\/03\/soczi_nfans.png 900w, https:\/\/www.sotrender.com\/blog\/wp-content\/uploads\/2014\/03\/soczi_nfans-475x317.png 475w, https:\/\/www.sotrender.com\/blog\/wp-content\/uploads\/2014\/03\/soczi_nfans-768x512.png 768w, https:\/\/www.sotrender.com\/blog\/wp-content\/uploads\/2014\/03\/soczi_nfans-600x400.png 600w\" sizes=\"(max-width: 540px) 100vw, 540px\" \/><\/a><p id=\"caption-attachment-10955\" class=\"wp-caption-text\">Wzrost liczby fan\u00f3w medalist\u00f3w z Soczi<\/p><\/div>\n<h2 dir=\"ltr\" style=\"text-align: justify;\">Wskaz\u00f3wki Sotrendera poka\u017c\u0105 Ci drog\u0119<\/h2>\n<p dir=\"ltr\" style=\"text-align: justify;\">Pami\u0119tacie, \u017ce <a title=\"Przejd\u017a do strony\" href=\"http:\/\/www.sotrender.pl\/\" target=\"_blank\">Sotrender<\/a> to nie tylko wykresy i dane? Od jakiego\u015b czasu mo\u017cecie korzysta\u0107 z funkcjonalno\u015bci Wskaz\u00f3wek generowanych automatycznie na podstawie danych. Cz\u0119sto pytali\u015bcie nas, czy faktycznie s\u0105 skuteczne. W <a title=\"Przejd\u017a do analizy\" href=\"https:\/\/www.sotrender.com\/blog\/pl\/2014\/03\/wskazowki-sotrendera\/\" target=\"_blank\">lutowym Sotrender Research Insight <\/a>postanowili\u015bmy to udowodni\u0107. Nasza analiza przeprowadzona na ponad 4 tys. profili pokaza\u0142a, \u017ce pod\u0105\u017canie za Sotrenderowymi wskaz\u00f3wkami przynosi wymierne rezultaty.<\/p>\n<div id=\"attachment_10887\" style=\"width: 570px\" class=\"wp-caption aligncenter\"><a href=\"https:\/\/www.sotrender.com\/blog\/wp-content\/uploads\/2014\/03\/5315e541007791335e6e5a4a.png\"><img loading=\"lazy\" decoding=\"async\" aria-describedby=\"caption-attachment-10887\" class=\" wp-image-10887 \" src=\"https:\/\/www.sotrender.com\/blog\/wp-content\/uploads\/2014\/03\/5315e541007791335e6e5a4a.png\" alt=\"Wskaz\u00f3wki pomog\u0105 Ci poprawi\u0107 wyniki Twoich stron\" width=\"560\" height=\"420\" srcset=\"https:\/\/www.sotrender.com\/blog\/wp-content\/uploads\/2014\/03\/5315e541007791335e6e5a4a.png 800w, https:\/\/www.sotrender.com\/blog\/wp-content\/uploads\/2014\/03\/5315e541007791335e6e5a4a-475x356.png 475w, https:\/\/www.sotrender.com\/blog\/wp-content\/uploads\/2014\/03\/5315e541007791335e6e5a4a-768x576.png 768w, https:\/\/www.sotrender.com\/blog\/wp-content\/uploads\/2014\/03\/5315e541007791335e6e5a4a-600x450.png 600w\" sizes=\"(max-width: 560px) 100vw, 560px\" \/><\/a><p id=\"caption-attachment-10887\" class=\"wp-caption-text\">Wskaz\u00f3wki pomog\u0105 Ci poprawi\u0107 wyniki Twoich stron<\/p><\/div>\n<p dir=\"ltr\" style=\"text-align: justify;\">Mo\u017cna zauwa\u017cy\u0107, \u017ce <strong>stosowanie si\u0119 do wskaz\u00f3wek poprawia dzienne zaanga\u017cowanie \u015brednio o 35%, zasi\u0119g organiczny o 26%, a liczb\u0119 u\u017cytkownik\u00f3w klikaj\u0105cych w tre\u015bci o 31%.<\/strong> Najbardziej pomocne okaza\u0142o si\u0119 przypomnienie o regularnym postowaniu &#8211; zastosowanie si\u0119 do tej wskaz\u00f3wki podnios\u0142o zaanga\u017cowanie a\u017c o 120%. Je\u015bli jeszcze nie wypr\u00f3bowa\u0142e\u015b Wskaz\u00f3wek, gor\u0105co do tego zach\u0119camy!<\/p>\n<h2 dir=\"ltr\" style=\"text-align: justify;\">Sotrender taki mi\u0119dzykontynentalny<\/h2>\n<p dir=\"ltr\" style=\"text-align: justify;\">Kontynuujemy nasz\u0105 przygod\u0119 w Dolinie Krzemowej, staraj\u0105c si\u0119 jak najwi\u0119cej dowiedzie\u0107 si\u0119 o ameryka\u0144skim rynku. W lutym mieli\u015bmy przyjemno\u015b\u0107 uczestniczy\u0107 m.in. w Launch Festivalu. Mieli\u015bmy na nim swoje stoisko, pilnowane przez <a title=\"Przejd\u017a do strony na Facebooku\" href=\"https:\/\/www.facebook.com\/knightscope\" target=\"_blank\">sympatycznego robota Kinghtscope<\/a>, kt\u00f3rego mo\u017cecie zobaczy\u0107 na zdj\u0119ciu. Dumnie reprezentowali\u015bmy Polsk\u0119 r\u00f3wnie\u017c w trakcie Polish Demo Day zorganizowanego przez Plug and Play Technology Center oraz konferencji Asven &#8211; Silicon Valley Asia Forum.<\/p>\n<div id=\"attachment_10947\" style=\"width: 586px\" class=\"wp-caption aligncenter\"><a href=\"https:\/\/www.sotrender.com\/blog\/wp-content\/uploads\/2014\/03\/1979537_673351062706895_1112006039_n.jpg\"><img loading=\"lazy\" decoding=\"async\" aria-describedby=\"caption-attachment-10947\" class=\" wp-image-10947 \" src=\"https:\/\/www.sotrender.com\/blog\/wp-content\/uploads\/2014\/03\/1979537_673351062706895_1112006039_n.jpg\" alt=\"Sotrender podczas Launch Festival\" width=\"576\" height=\"540\" srcset=\"https:\/\/www.sotrender.com\/blog\/wp-content\/uploads\/2014\/03\/1979537_673351062706895_1112006039_n.jpg 960w, https:\/\/www.sotrender.com\/blog\/wp-content\/uploads\/2014\/03\/1979537_673351062706895_1112006039_n-475x445.jpg 475w, https:\/\/www.sotrender.com\/blog\/wp-content\/uploads\/2014\/03\/1979537_673351062706895_1112006039_n-768x720.jpg 768w, https:\/\/www.sotrender.com\/blog\/wp-content\/uploads\/2014\/03\/1979537_673351062706895_1112006039_n-950x891.jpg 950w, https:\/\/www.sotrender.com\/blog\/wp-content\/uploads\/2014\/03\/1979537_673351062706895_1112006039_n-600x563.jpg 600w\" sizes=\"(max-width: 576px) 100vw, 576px\" \/><\/a><p id=\"caption-attachment-10947\" class=\"wp-caption-text\">Sotrender podczas Launch Festival<\/p><\/div>\n<p dir=\"ltr\" style=\"text-align: justify;\">Jednak mimo \u017ce nasze my\u015bli skupiaj\u0105 si\u0119 ostatnio na Silicon Valley, nie zapominamy o tym, \u017ce to dzi\u0119ki klientom z Polski, mo\u017cemy teraz chwali\u0107 si\u0119 Sotrenderem za oceanem. W lutym odwiedzili\u015bmy m.in. Social Media Convent, podczas kt\u00f3rego \u00a0przedstawili\u015bmy wyj\u0105tkow\u0105 i aktualn\u0105 prezentacj\u0119. Tematem naszego wyst\u0105pienia by\u0142a obs\u0142uga klienta w mediach spo\u0142eczno\u015bciowych, kt\u00f3rej moc dla naszych czytelnik\u00f3w nie b\u0119dzie zaskoczeniem. Ca\u0142\u0105 prezentacj\u0119 mo\u017cecie zobaczy\u0107 na <a title=\"Zobacz prezentacj\u0119 z Social Media Convent\" href=\"http:\/\/www.slideshare.net\/FanpageTrender\/sm-convent-prezentacja\" target=\"_blank\">naszym kanale na SlideShare<\/a>. O obs\u0142udze klienta m\u00f3wili\u015bmy r\u00f3wnie\u017c podczas spotkania Oracle Business Mixer, a poniewa\u017c doskonale zdajemy sobie spraw\u0119, jak wa\u017cny aspekt komunikacji stanowi, b\u0119dziemy o niej opowiada\u0107 r\u00f3wnie\u017c podczas najbli\u017cszego <a title=\"Zobacz stron\u0119 wydarzenia na Facebooku\" href=\"https:\/\/www.facebook.com\/events\/806929212657016\/?ref_dashboard_filter=upcoming\" target=\"_blank\">Czwartku Social Media w Warszawie<\/a>. Serdecznie zapraszamy!<\/p>\n<div id=\"attachment_10949\" style=\"width: 642px\" class=\"wp-caption aligncenter\"><a href=\"https:\/\/www.sotrender.com\/blog\/wp-content\/uploads\/2014\/03\/Bez-tytu\u0142u.jpg\"><img loading=\"lazy\" decoding=\"async\" aria-describedby=\"caption-attachment-10949\" class=\"size-full wp-image-10949\" src=\"https:\/\/www.sotrender.com\/blog\/wp-content\/uploads\/2014\/03\/Bez-tytu\u0142u.jpg\" alt=\"Sotrender na Social Media Convent\" width=\"632\" height=\"345\" srcset=\"https:\/\/www.sotrender.com\/blog\/wp-content\/uploads\/2014\/03\/Bez-tytu\u0142u.jpg 632w, https:\/\/www.sotrender.com\/blog\/wp-content\/uploads\/2014\/03\/Bez-tytu\u0142u-475x259.jpg 475w, https:\/\/www.sotrender.com\/blog\/wp-content\/uploads\/2014\/03\/Bez-tytu\u0142u-600x328.jpg 600w\" sizes=\"(max-width: 632px) 100vw, 632px\" \/><\/a><p id=\"caption-attachment-10949\" class=\"wp-caption-text\">Sotrender na Social Media Convent<\/p><\/div>\n<h2 dir=\"ltr\" style=\"text-align: justify;\">Sto lat Facebooku, ro\u015bnij du\u017cy, okr\u0105glutki!<\/h2>\n<p dir=\"ltr\" style=\"text-align: justify;\">W lutym hucznie \u015bwi\u0119towali\u015bmy urodziny Facebooka, kt\u00f3ry sko\u0144czy\u0142 10 lat! Z tej okazji udost\u0119pni\u0142 u\u017cytkownikom wspomnienie ich w\u0142asnych przyg\u00f3d, kt\u00f3rych by\u0142 \u015bwiadkiem. Pod linkiem <a title=\"Zobacz sw\u00f3j film\" href=\"https:\/\/www.facebook.com\/lookback\" target=\"_blank\">https:\/\/www.facebook.com\/lookback<\/a> mo\u017cna zobaczy\u0107 swoje najwa\u017cniejsze wydarzenia wybrane z ca\u0142ego czasu sp\u0119dzonego wsp\u00f3lnie z Facebookiem.<\/p>\n<div id=\"attachment_10963\" style=\"width: 645px\" class=\"wp-caption aligncenter\"><a href=\"https:\/\/www.sotrender.com\/blog\/wp-content\/uploads\/2014\/03\/facebook_look_back.jpg\"><img loading=\"lazy\" decoding=\"async\" aria-describedby=\"caption-attachment-10963\" class=\"size-full wp-image-10963\" src=\"https:\/\/www.sotrender.com\/blog\/wp-content\/uploads\/2014\/03\/facebook_look_back.jpg\" alt=\"Facebook look back\" width=\"635\" height=\"350\" srcset=\"https:\/\/www.sotrender.com\/blog\/wp-content\/uploads\/2014\/03\/facebook_look_back.jpg 635w, https:\/\/www.sotrender.com\/blog\/wp-content\/uploads\/2014\/03\/facebook_look_back-475x262.jpg 475w, https:\/\/www.sotrender.com\/blog\/wp-content\/uploads\/2014\/03\/facebook_look_back-600x331.jpg 600w\" sizes=\"(max-width: 635px) 100vw, 635px\" \/><\/a><p id=\"caption-attachment-10963\" class=\"wp-caption-text\">Facebook look back<\/p><\/div>\n<p dir=\"ltr\" style=\"text-align: justify;\">Sam Mark Zuckerberg z okazji urodzin Facebooka udzieli\u0142 wywiadu Bloomberg Businessweek. Wed\u0142ug Zuckerberga pos\u0142ugiwanie si\u0119 swoj\u0105 prawdziw\u0105 to\u017csamo\u015bci\u0105 jest czasami zbyt du\u017cym ograniczeniem. Dlatego Facebook b\u0119dzie zmierza\u0142 w kierunku zr\u00f3wnowa\u017cenia polityki dotycz\u0105cej to\u017csamo\u015bci u\u017cytkownik\u00f3w, co jest pewnym zwrotem w dotychczasowych dzia\u0142aniach podkre\u015blaj\u0105cych wag\u0119 identyfikowania si\u0119 imieniem i nazwiskiem. Zuckerberg zapowiedzia\u0142 tak\u017ce, \u017ce nowe aplikacje nie b\u0119d\u0105 korzysta\u0142y z tak dok\u0142adnej weryfikacji u\u017cytkownik\u00f3w jak dotychczas. \u017byczymy Facebookowi wszystkiego najlepszego i mamy nadziej\u0119, \u017ce zar\u00f3wno Wy, jak i my, sp\u0119dzimy z nim jeszcze wiele niezapomnianych chwil!<\/p>\n<h2 dir=\"ltr\" style=\"text-align: center;\"><a title=\"Przejd\u017a do raportu\" href=\"http:\/\/www.sotrender.pl\/fanpage-trends\/201402\" target=\"_blank\">Zapraszamy do lektury lutowego raportu #FanpageTrends!<\/a><\/h2>\n","protected":false},"excerpt":{"rendered":"<p>Chocia\u017c luty by\u0142 kr\u00f3tszy od innych miesi\u0119cy i tak sporo w tym czasie wydarzy\u0142o si\u0119 na spo\u0142eczno\u015bciowym podw\u00f3rku. Administrator\u00f3w profili komercyjnych ponios\u0142a fala mi\u0142o\u015bci i w Walentynki opublikowali 20% wi\u0119cej wpis\u00f3w ni\u017c zwykle, Facebook sko\u0144czy\u0142 10 lat, a do ranking\u00f3w brawurowo wskoczy\u0142 Kamil Stoch. Wszystko wskazuje na to, \u017ce wiosn\u0105 nuda raczej nam nie grozi. [&hellip;]<\/p>\n","protected":false},"author":31,"featured_media":0,"comment_status":"open","ping_status":"open","sticky":false,"template":"","format":"standard","meta":{"inline_featured_image":false,"footnotes":""},"categories":[1791,1797],"tags":[519,735,1357,7,17,25,223,499],"yoast_head":"<!-- This site is optimized with the Yoast SEO plugin v22.4 - https:\/\/yoast.com\/wordpress\/plugins\/seo\/ -->\n<title>#FanpageTrends luty 2014 - w rankingach pogoda na skoki - Sotrender<\/title>\n<meta name=\"description\" content=\"Sotrender zaprasza do lektury lutowego wydania #FanpageTrends, w kt\u00f3rym debiut Kamila Stocha, podsumowanie olimpiady, urodziny Facebooka i wiele innych!\" \/>\n<meta name=\"robots\" content=\"index, follow, max-snippet:-1, max-image-preview:large, max-video-preview:-1\" \/>\n<link rel=\"canonical\" href=\"https:\/\/www.sotrender.com\/blog\/pl\/2014\/03\/fanpagetrends-luty-2014\/\" \/>\n<meta property=\"og:locale\" content=\"pl_PL\" \/>\n<meta property=\"og:type\" content=\"article\" \/>\n<meta property=\"og:title\" content=\"#FanpageTrends luty 2014 - w rankingach pogoda na skoki - Sotrender\" \/>\n<meta property=\"og:description\" content=\"Sotrender zaprasza do lektury lutowego wydania #FanpageTrends, w kt\u00f3rym debiut Kamila Stocha, podsumowanie olimpiady, urodziny Facebooka i wiele innych!\" \/>\n<meta property=\"og:url\" content=\"https:\/\/www.sotrender.com\/blog\/pl\/2014\/03\/fanpagetrends-luty-2014\/\" \/>\n<meta property=\"og:site_name\" content=\"Sotrender Blog\" \/>\n<meta property=\"article:publisher\" content=\"https:\/\/www.facebook.com\/Sotrender\" \/>\n<meta property=\"article:published_time\" content=\"2014-03-06T10:40:12+00:00\" \/>\n<meta property=\"article:modified_time\" content=\"2017-04-13T13:31:49+00:00\" \/>\n<meta property=\"og:image\" content=\"https:\/\/www.sotrender.com\/blog\/wp-content\/uploads\/2014\/03\/posty.jpg\" \/>\n<meta name=\"author\" content=\"Aleksandra Prejs\" \/>\n<meta name=\"twitter:card\" content=\"summary_large_image\" \/>\n<meta name=\"twitter:creator\" content=\"@Sotrender\" \/>\n<meta name=\"twitter:site\" content=\"@Sotrender\" \/>\n<meta name=\"twitter:label1\" content=\"Written by\" \/>\n\t<meta name=\"twitter:data1\" content=\"Aleksandra Prejs\" \/>\n\t<meta name=\"twitter:label2\" content=\"Est. reading time\" \/>\n\t<meta name=\"twitter:data2\" content=\"5 minutes\" \/>\n<script type=\"application\/ld+json\" class=\"yoast-schema-graph\">{\"@context\":\"https:\/\/schema.org\",\"@graph\":[{\"@type\":\"WebPage\",\"@id\":\"https:\/\/www.sotrender.com\/blog\/pl\/2014\/03\/fanpagetrends-luty-2014\/\",\"url\":\"https:\/\/www.sotrender.com\/blog\/pl\/2014\/03\/fanpagetrends-luty-2014\/\",\"name\":\"#FanpageTrends luty 2014 - w rankingach pogoda na skoki - Sotrender\",\"isPartOf\":{\"@id\":\"https:\/\/www.sotrender.com\/blog\/#website\"},\"primaryImageOfPage\":{\"@id\":\"https:\/\/www.sotrender.com\/blog\/pl\/2014\/03\/fanpagetrends-luty-2014\/#primaryimage\"},\"image\":{\"@id\":\"https:\/\/www.sotrender.com\/blog\/pl\/2014\/03\/fanpagetrends-luty-2014\/#primaryimage\"},\"thumbnailUrl\":\"https:\/\/www.sotrender.com\/blog\/wp-content\/uploads\/2014\/03\/posty.jpg\",\"datePublished\":\"2014-03-06T10:40:12+00:00\",\"dateModified\":\"2017-04-13T13:31:49+00:00\",\"author\":{\"@id\":\"https:\/\/www.sotrender.com\/blog\/#\/schema\/person\/7106df62825269bc360ad9171cd7149b\"},\"description\":\"Sotrender zaprasza do lektury lutowego wydania #FanpageTrends, w kt\u00f3rym debiut Kamila Stocha, podsumowanie olimpiady, urodziny Facebooka i wiele innych!\",\"breadcrumb\":{\"@id\":\"https:\/\/www.sotrender.com\/blog\/pl\/2014\/03\/fanpagetrends-luty-2014\/#breadcrumb\"},\"inLanguage\":\"pl-PL\",\"potentialAction\":[{\"@type\":\"ReadAction\",\"target\":[\"https:\/\/www.sotrender.com\/blog\/pl\/2014\/03\/fanpagetrends-luty-2014\/\"]}]},{\"@type\":\"ImageObject\",\"inLanguage\":\"pl-PL\",\"@id\":\"https:\/\/www.sotrender.com\/blog\/pl\/2014\/03\/fanpagetrends-luty-2014\/#primaryimage\",\"url\":\"https:\/\/www.sotrender.com\/blog\/wp-content\/uploads\/2014\/03\/posty.jpg\",\"contentUrl\":\"https:\/\/www.sotrender.com\/blog\/wp-content\/uploads\/2014\/03\/posty.jpg\"},{\"@type\":\"BreadcrumbList\",\"@id\":\"https:\/\/www.sotrender.com\/blog\/pl\/2014\/03\/fanpagetrends-luty-2014\/#breadcrumb\",\"itemListElement\":[{\"@type\":\"ListItem\",\"position\":1,\"name\":\"Home\",\"item\":\"https:\/\/www.sotrender.com\/blog\/\"},{\"@type\":\"ListItem\",\"position\":2,\"name\":\"#FanpageTrends Luty 2014 &#8211; w rankingach pogoda na skoki\"}]},{\"@type\":\"WebSite\",\"@id\":\"https:\/\/www.sotrender.com\/blog\/#website\",\"url\":\"https:\/\/www.sotrender.com\/blog\/\",\"name\":\"Sotrender Blog\",\"description\":\"\",\"potentialAction\":[{\"@type\":\"SearchAction\",\"target\":{\"@type\":\"EntryPoint\",\"urlTemplate\":\"https:\/\/www.sotrender.com\/blog\/?s={search_term_string}\"},\"query-input\":\"required name=search_term_string\"}],\"inLanguage\":\"pl-PL\"},{\"@type\":\"Person\",\"@id\":\"https:\/\/www.sotrender.com\/blog\/#\/schema\/person\/7106df62825269bc360ad9171cd7149b\",\"name\":\"Aleksandra Prejs\",\"image\":{\"@type\":\"ImageObject\",\"inLanguage\":\"pl-PL\",\"@id\":\"https:\/\/www.sotrender.com\/blog\/#\/schema\/person\/image\/\",\"url\":\"https:\/\/secure.gravatar.com\/avatar\/469000454b77ff0aacb32c49dba023be?s=96&d=mm&r=g\",\"contentUrl\":\"https:\/\/secure.gravatar.com\/avatar\/469000454b77ff0aacb32c49dba023be?s=96&d=mm&r=g\",\"caption\":\"Aleksandra Prejs\"},\"url\":\"https:\/\/www.sotrender.com\/blog\/pl\/author\/aleksandra-prejs\/\"}]}<\/script>\n<!-- \/ Yoast SEO plugin. -->","yoast_head_json":{"title":"#FanpageTrends luty 2014 - w rankingach pogoda na skoki - Sotrender","description":"Sotrender zaprasza do lektury lutowego wydania #FanpageTrends, w kt\u00f3rym debiut Kamila Stocha, podsumowanie olimpiady, urodziny Facebooka i wiele innych!","robots":{"index":"index","follow":"follow","max-snippet":"max-snippet:-1","max-image-preview":"max-image-preview:large","max-video-preview":"max-video-preview:-1"},"canonical":"https:\/\/www.sotrender.com\/blog\/pl\/2014\/03\/fanpagetrends-luty-2014\/","og_locale":"pl_PL","og_type":"article","og_title":"#FanpageTrends luty 2014 - w rankingach pogoda na skoki - Sotrender","og_description":"Sotrender zaprasza do lektury lutowego wydania #FanpageTrends, w kt\u00f3rym debiut Kamila Stocha, podsumowanie olimpiady, urodziny Facebooka i wiele innych!","og_url":"https:\/\/www.sotrender.com\/blog\/pl\/2014\/03\/fanpagetrends-luty-2014\/","og_site_name":"Sotrender Blog","article_publisher":"https:\/\/www.facebook.com\/Sotrender","article_published_time":"2014-03-06T10:40:12+00:00","article_modified_time":"2017-04-13T13:31:49+00:00","og_image":[{"url":"https:\/\/www.sotrender.com\/blog\/wp-content\/uploads\/2014\/03\/posty.jpg"}],"author":"Aleksandra Prejs","twitter_card":"summary_large_image","twitter_creator":"@Sotrender","twitter_site":"@Sotrender","twitter_misc":{"Written by":"Aleksandra Prejs","Est. reading time":"5 minutes"},"schema":{"@context":"https:\/\/schema.org","@graph":[{"@type":"WebPage","@id":"https:\/\/www.sotrender.com\/blog\/pl\/2014\/03\/fanpagetrends-luty-2014\/","url":"https:\/\/www.sotrender.com\/blog\/pl\/2014\/03\/fanpagetrends-luty-2014\/","name":"#FanpageTrends luty 2014 - w rankingach pogoda na skoki - Sotrender","isPartOf":{"@id":"https:\/\/www.sotrender.com\/blog\/#website"},"primaryImageOfPage":{"@id":"https:\/\/www.sotrender.com\/blog\/pl\/2014\/03\/fanpagetrends-luty-2014\/#primaryimage"},"image":{"@id":"https:\/\/www.sotrender.com\/blog\/pl\/2014\/03\/fanpagetrends-luty-2014\/#primaryimage"},"thumbnailUrl":"https:\/\/www.sotrender.com\/blog\/wp-content\/uploads\/2014\/03\/posty.jpg","datePublished":"2014-03-06T10:40:12+00:00","dateModified":"2017-04-13T13:31:49+00:00","author":{"@id":"https:\/\/www.sotrender.com\/blog\/#\/schema\/person\/7106df62825269bc360ad9171cd7149b"},"description":"Sotrender zaprasza do lektury lutowego wydania #FanpageTrends, w kt\u00f3rym debiut Kamila Stocha, podsumowanie olimpiady, urodziny Facebooka i wiele innych!","breadcrumb":{"@id":"https:\/\/www.sotrender.com\/blog\/pl\/2014\/03\/fanpagetrends-luty-2014\/#breadcrumb"},"inLanguage":"pl-PL","potentialAction":[{"@type":"ReadAction","target":["https:\/\/www.sotrender.com\/blog\/pl\/2014\/03\/fanpagetrends-luty-2014\/"]}]},{"@type":"ImageObject","inLanguage":"pl-PL","@id":"https:\/\/www.sotrender.com\/blog\/pl\/2014\/03\/fanpagetrends-luty-2014\/#primaryimage","url":"https:\/\/www.sotrender.com\/blog\/wp-content\/uploads\/2014\/03\/posty.jpg","contentUrl":"https:\/\/www.sotrender.com\/blog\/wp-content\/uploads\/2014\/03\/posty.jpg"},{"@type":"BreadcrumbList","@id":"https:\/\/www.sotrender.com\/blog\/pl\/2014\/03\/fanpagetrends-luty-2014\/#breadcrumb","itemListElement":[{"@type":"ListItem","position":1,"name":"Home","item":"https:\/\/www.sotrender.com\/blog\/"},{"@type":"ListItem","position":2,"name":"#FanpageTrends Luty 2014 &#8211; w rankingach pogoda na skoki"}]},{"@type":"WebSite","@id":"https:\/\/www.sotrender.com\/blog\/#website","url":"https:\/\/www.sotrender.com\/blog\/","name":"Sotrender Blog","description":"","potentialAction":[{"@type":"SearchAction","target":{"@type":"EntryPoint","urlTemplate":"https:\/\/www.sotrender.com\/blog\/?s={search_term_string}"},"query-input":"required name=search_term_string"}],"inLanguage":"pl-PL"},{"@type":"Person","@id":"https:\/\/www.sotrender.com\/blog\/#\/schema\/person\/7106df62825269bc360ad9171cd7149b","name":"Aleksandra Prejs","image":{"@type":"ImageObject","inLanguage":"pl-PL","@id":"https:\/\/www.sotrender.com\/blog\/#\/schema\/person\/image\/","url":"https:\/\/secure.gravatar.com\/avatar\/469000454b77ff0aacb32c49dba023be?s=96&d=mm&r=g","contentUrl":"https:\/\/secure.gravatar.com\/avatar\/469000454b77ff0aacb32c49dba023be?s=96&d=mm&r=g","caption":"Aleksandra Prejs"},"url":"https:\/\/www.sotrender.com\/blog\/pl\/author\/aleksandra-prejs\/"}]}},"_links":{"self":[{"href":"https:\/\/www.sotrender.com\/blog\/pl\/wp-json\/wp\/v2\/posts\/10939"}],"collection":[{"href":"https:\/\/www.sotrender.com\/blog\/pl\/wp-json\/wp\/v2\/posts"}],"about":[{"href":"https:\/\/www.sotrender.com\/blog\/pl\/wp-json\/wp\/v2\/types\/post"}],"author":[{"embeddable":true,"href":"https:\/\/www.sotrender.com\/blog\/pl\/wp-json\/wp\/v2\/users\/31"}],"replies":[{"embeddable":true,"href":"https:\/\/www.sotrender.com\/blog\/pl\/wp-json\/wp\/v2\/comments?post=10939"}],"version-history":[{"count":19,"href":"https:\/\/www.sotrender.com\/blog\/pl\/wp-json\/wp\/v2\/posts\/10939\/revisions"}],"predecessor-version":[{"id":26617,"href":"https:\/\/www.sotrender.com\/blog\/pl\/wp-json\/wp\/v2\/posts\/10939\/revisions\/26617"}],"wp:attachment":[{"href":"https:\/\/www.sotrender.com\/blog\/pl\/wp-json\/wp\/v2\/media?parent=10939"}],"wp:term":[{"taxonomy":"category","embeddable":true,"href":"https:\/\/www.sotrender.com\/blog\/pl\/wp-json\/wp\/v2\/categories?post=10939"},{"taxonomy":"post_tag","embeddable":true,"href":"https:\/\/www.sotrender.com\/blog\/pl\/wp-json\/wp\/v2\/tags?post=10939"}],"curies":[{"name":"wp","href":"https:\/\/api.w.org\/{rel}","templated":true}]}}