{"id":10675,"date":"2014-01-28T15:25:28","date_gmt":"2014-01-28T14:25:28","guid":{"rendered":"http:\/\/blog.sotrender.com\/?p=10675"},"modified":"2017-04-13T15:48:09","modified_gmt":"2017-04-13T13:48:09","slug":"podsumowanie-2013","status":"publish","type":"post","link":"https:\/\/www.sotrender.com\/blog\/pl\/2014\/01\/podsumowanie-2013\/","title":{"rendered":"Podsumowanie #FanpageTrends,  czyli Facebook w Polsce w 2013 r."},"content":{"rendered":"<p dir=\"ltr\" style=\"text-align: justify;\">Wspominaj\u0105c <a title=\"Przejd\u017a do artyku\u0142u\" href=\"https:\/\/www.sotrender.com\/blog\/pl\/2013\/01\/polski-facebook-w-2012-r-podsumowanie-roku\/#more-4183\" target=\"_blank\">wst\u0119p do zesz\u0142orocznego podsumowania roku<\/a>, mogliby\u015bmy napisa\u0107, \u017ce &#8220;na Facebooku bez zmian&#8221;. Na przek\u00f3r wieszcz\u0105cym rych\u0142y spadek zainteresowania serwisem, liczba u\u017cytkownik\u00f3w nadal ro\u015bnie, cho\u0107 wolniej. Komunikacja marek i firm z klientami za po\u015brednictwem Facebooka zyskuje nowy wymiar. Serwis staje si\u0119 pe\u0142noprawnym biurem obs\u0142ugi klient\u00f3w, \u0142\u0105cz\u0105c wygod\u0119 i szybko\u015b\u0107 wymiany informacji. Zapraszamy do lektury\u00a0<a title=\"Przejd\u017a do raportu\" href=\"http:\/\/www.sotrender.pl\/fanpage-trends?hp\" target=\"_blank\">podsumowania najwa\u017cniejszych dzia\u0142a\u0144 marek, aktywno\u015bci u\u017cytkownik\u00f3w oraz wydarze\u0144 i trend\u00f3w, kt\u00f3re dominowa\u0142y na Facebooku w Polsce w 2013 r.<\/a><\/p>\n<p style=\"text-align: justify;\"><!--more--><\/p>\n<p>W 2012 r. Facebook zyska\u0142 2, 45 mln u\u017cytkownik\u00f3w w Polsce, podczas gdy w roku ubieg\u0142ym przyby\u0142o ich 1, 64 mln. \u0141\u0105czna liczba korzystaj\u0105cych z Facebooka w Polsce na koniec 2013 r. wynios\u0142a 11, 6 mln. Dla por\u00f3wnania &#8211; w grudniu 2011 r. w serwisie logowa\u0142o si\u0119 7, 5 mln Polak\u00f3w. Wed\u0142ug Megapanelu PBI\/Gemius za listopad 2013 r. Facebook mia\u0142 15, 7 mln unikalnych u\u017cytkownik\u00f3w i plasowa\u0142 si\u0119 na trzecim miejscu, tu\u017c za grup\u0105 Allegro oraz Google, podczas gdy w listopadzie 2012 r. liczba real users serwisu wynosi\u0142a 13, 3 mln.<\/p>\n<div id=\"attachment_10535\" style=\"width: 410px\" class=\"wp-caption aligncenter\"><a href=\"https:\/\/www.sotrender.com\/blog\/wp-content\/uploads\/2013\/12\/facebook-world.jpg\"><img loading=\"lazy\" decoding=\"async\" aria-describedby=\"caption-attachment-10535\" class=\"wp-image-10535 size-full\" src=\"https:\/\/www.sotrender.com\/blog\/wp-content\/uploads\/2013\/12\/facebook-world.jpg\" alt=\"Facebook na \u015bwiecie\" width=\"400\" height=\"400\" srcset=\"https:\/\/www.sotrender.com\/blog\/wp-content\/uploads\/2013\/12\/facebook-world.jpg 400w, https:\/\/www.sotrender.com\/blog\/wp-content\/uploads\/2013\/12\/facebook-world-80x80.jpg 80w\" sizes=\"(max-width: 400px) 100vw, 400px\" \/><\/a><p id=\"caption-attachment-10535\" class=\"wp-caption-text\">Facebook jest najpopularniejszym serwisem spo\u0142eczno\u015bciowym na \u015bwiecie<\/p><\/div>\n<h2 dir=\"ltr\" style=\"text-align: justify;\">Aktywno\u015bci w d\u00f3\u0142<\/h2>\n<p style=\"text-align: justify;\">Liczba u\u017cytkownik\u00f3w wzrasta, spad\u0142a za to liczba ich aktywno\u015bci w obr\u0119bie profili firmowych. Podczas gdy w 2012 r. zarejestrowali\u015bmy ponad 230 mln aktywno\u015bci na tego typu stronach (w tym ponad 177 mln polubie\u0144 post\u00f3w, ponad 27 mln komentarzy, ponad 10 mln g\u0142os\u00f3w w ankietach, 3 mln post\u00f3w i 11 mln udost\u0119pnie\u0144 post\u00f3w z fanpage\u2019\u00f3w), w roku ubieg\u0142ym aktywno\u015bci tych by\u0142o blisko 10 mln mniej (ponad 169 mln polubie\u0144, ponad 29 mln komentarzy, ponad 19 mln udost\u0119pnie\u0144 i ponad 3 mln post\u00f3w). Oczywi\u015bcie spadek ten mo\u017cna w pewnym stopniu wyt\u0142umaczy\u0107 wycofaniem przez Facebooka mo\u017cliwo\u015bci anga\u017cowania za po\u015brednictwem ankiet, jednak nale\u017cy zauwa\u017cy\u0107, \u017ce liczba polubie\u0144 post\u00f3w publikowanych przez profile firmowe r\u00f3wnie\u017c uleg\u0142a zmniejszeniu. Mo\u017cemy si\u0119 tylko zastanawia\u0107, czy jest to wina<a title=\"Przejd\u017a do artyku\u0142u\" href=\"https:\/\/www.sotrender.com\/blog\/pl\/2013\/12\/zasieg-postow-po-zmianach\/\" target=\"_blank\"> zmian w Edge Ranku, o kt\u00f3rych niedawno pisali\u015bmy<\/a>, czy mo\u017ce spadku zainteresowania samymi postami.<\/p>\n<h2 dir=\"ltr\" style=\"text-align: justify;\">Lewandowski podbi\u0142 podsumowanie #FanpageTrends!<\/h2>\n<p dir=\"ltr\" style=\"text-align: justify;\">W styczniu liczba polskich kont na Facebooku przekroczy\u0142a 10 mln, a w\u015br\u00f3d stron firmowych nast\u0105pi\u0142a ma\u0142a rewolucja. Demotywatory, kt\u00f3re od 2 lat pozostawa\u0142y bezkonkurencyjnym liderem w rankingu najwi\u0119kszych polskich stron, zosta\u0142y zdetronizowane przez Serce i Rozum.\u00a0W ci\u0105gu roku mog\u0142oby si\u0119 wydawa\u0107, \u017ce sympatyczni brand hero Orange nie maj\u0105 sobie r\u00f3wnych, jednak tu\u017c przed ko\u0144cem roku zostali bezwzgl\u0119dnie wykopani z pierwszego miejsca przez Lewandowskiego, kt\u00f3ry w listopadzie przebojem wdar\u0142 si\u0119 na pierwsz\u0105 pozycj\u0119 zestawienia. Nale\u017cy jednak pami\u0119ta\u0107, \u017ce znaczna cz\u0119\u015b\u0107 fan\u00f3w pi\u0142karza pochodzi spoza Polski.<\/p>\n<div id=\"attachment_7407\" style=\"width: 610px\" class=\"wp-caption aligncenter\"><a href=\"https:\/\/www.sotrender.com\/blog\/wp-content\/uploads\/2013\/06\/Lewandowski.jpg\"><img loading=\"lazy\" decoding=\"async\" aria-describedby=\"caption-attachment-7407\" class=\"wp-image-7407\" src=\"https:\/\/www.sotrender.com\/blog\/wp-content\/uploads\/2013\/06\/Lewandowski-300x187.jpg\" alt=\"Lewandowski\" width=\"600\" height=\"375\" \/><\/a><p id=\"caption-attachment-7407\" class=\"wp-caption-text\">Kampania Nike z Robertem Lewandowskim<\/p><\/div>\n<p dir=\"ltr\" style=\"text-align: justify;\">Coraz liczniejsze grono zwolennik\u00f3w na Facebooku zdobywaj\u0105 r\u00f3wnie\u017c Kuba B\u0142aszczykowski i \u0141ukasz Piszczek, jednak do Lewego jeszcze duuuu\u017co im brakuje. Jak wida\u0107, w czo\u0142\u00f3wce zestawienia konkurencja robi si\u0119 ostra i coraz trudniej utrzyma\u0107 tytu\u0142. Kto b\u0119dzie nast\u0119pny? Czy Lewandowski utrzyma si\u0119 na najwy\u017cszym stopniu podium d\u0142u\u017cej ni\u017c Serce i Rozum? Poka\u017c\u0105 to najbli\u017csze miesi\u0105ce, chocia\u017c wed\u0142ug naszych prognoz z raportu <a title=\"Przejd\u017a do artyku\u0142u\" href=\"https:\/\/www.sotrender.com\/blog\/pl\/2013\/11\/social-media_2014\/\" target=\"_blank\">\u201cSocial media is so trendy\u201d<\/a>, tak w\u0142a\u015bnie b\u0119dzie.<\/p>\n<h2 dir=\"ltr\" style=\"text-align: justify;\">Kto postowa\u0142 najlepiej w 2013 r.?<\/h2>\n<p style=\"text-align: justify;\">Cho\u0107 ju\u017c w styczniu 2013 Serce i Rozum prze\u015bcign\u0119li fanpage Demotywator\u00f3w w liczbie fan\u00f3w, najwi\u0119kszy fanpage 2012 r. nadal odnosi sukcesy popularno\u015bci. W raportach #FanpageTrends a\u017c 10 post\u00f3w opublikowanych przez Demotywatory pojawi\u0142o si\u0119 w pierwszej pi\u0105tce najpopularniejszych post\u00f3w miesi\u0105ca. Bardzo du\u017co u\u017cytkownik\u00f3w anga\u017cowa\u0142 tak\u017ce fanpage innego serwisu ze \u015bmiesznymi obrazkami &#8211; Niefart.pl, kt\u00f3ry pojawi\u0142 si\u0119 w zestawieniach czterokrotnie.<\/p>\n<p style=\"text-align: justify;\">Uwag\u0119 w 2013 roku zwr\u00f3ci\u0142y regularne sukcesy post\u00f3w zwi\u0105zanych z dzia\u0142alno\u015bci\u0105 charytatywn\u0105. Do ranking\u00f3w najlepszych post\u00f3w zakwalifikowa\u0142y si\u0119 m.in. te autorstwa Fundacji DKMS Polska i SiePomaga &#8211; ka\u017cda z wymienionych stron pojawi\u0142a si\u0119 w zestawieniu a\u017c 3 razy. \u00a0Na szczeg\u00f3ln\u0105 uwag\u0119 zas\u0142uguje wpis fundacji Mother Power- post o we\u0142nianych bucikach nie dotyczy\u0142 bezpo\u015brednio dzia\u0142alno\u015bci fundacji, ale za to pobi\u0142 rekordy zaanga\u017cowania w\u015br\u00f3d polskich stron. Wed\u0142ug estymacji <a title=\"Przjed\u017a na stron\u0119 Sotrendera\" href=\"http:\/\/www.sotrender.pl\/\" target=\"_blank\">Sotrendera<\/a>, do chwili obecnej zaanga\u017cowa\u0142 on a\u017c 2, 4 mln os\u00f3b, z czego znaczna cz\u0119\u015b\u0107 pochodzi\u0142a zza granicy i by\u0142 jednym z trzech post\u00f3w Mother Power, kt\u00f3re znalaz\u0142y si\u0119 w rankingach najlepszych post\u00f3w z poszczeg\u00f3lnych miesi\u0119cy ubieg\u0142ego roku.<\/p>\n<div id=\"attachment_9437\" style=\"width: 374px\" class=\"wp-caption aligncenter\"><a href=\"https:\/\/www.sotrender.com\/blog\/wp-content\/uploads\/2013\/10\/buciki1.jpg\"><img loading=\"lazy\" decoding=\"async\" aria-describedby=\"caption-attachment-9437\" class=\"wp-image-9437 size-full\" src=\"https:\/\/www.sotrender.com\/blog\/wp-content\/uploads\/2013\/10\/buciki1.jpg\" alt=\"\" width=\"364\" height=\"472\" \/><\/a><p id=\"caption-attachment-9437\" class=\"wp-caption-text\">Rekordowy post Mother Power na Facebooku<\/p><\/div>\n<h2 dir=\"ltr\" style=\"text-align: justify;\">Piwo i renifer urzek\u0142y nas w 2013 r.<\/h2>\n<p dir=\"ltr\" style=\"text-align: justify;\">W 2013 r. mieli\u015bmy okazj\u0119 zaobserwowa\u0107 efekty wielu \u015bwietnych pomys\u0142\u00f3w na kampanie wykorzystuj\u0105ce media spo\u0142eczno\u015bciowe. Na szczeg\u00f3lne wyr\u00f3\u017cnienie zas\u0142uguj\u0105 kampanie marek piwnych. Tyskie zdoby\u0142o 9000 nowych fan\u00f3w dzi\u0119ki kampanii <a title=\"Przeczytaj wi\u0119cej o kampanii\" href=\"http:\/\/nowymarketing.pl\/a\/2023, fani-tyskiego-tworza-historie\" target=\"_blank\">\u201cFani Tyskiego tworz\u0105 histori\u0119\u201d<\/a>. Spo\u015br\u00f3d fan\u00f3w Tyskiego wybrano pi\u0119ciu najbardziej aktywnych. Nagrodzeni zostali warsztatami degustacji piwa, wycieczk\u0105 po Tyskich Browarach Ksi\u0105\u017c\u0119cych i szkoleniem z zakresu social media. Wiedz\u0119 wykorzystali prowadz\u0105c fanpage Tyskiego, a dw\u00f3jka najbardziej kreatywnych tymczasowych administrator\u00f3w zosta\u0142a szczeg\u00f3lnie uhonorowana &#8211; ich portrety zawis\u0142y w Tyskim Browarium, uwieczniaj\u0105c ich wk\u0142ad w histori\u0119 browaru.<\/p>\n<p dir=\"ltr\" style=\"text-align: justify;\">Drug\u0105 wart\u0105 uwagi akcj\u0105, \u015bwietnie wykorzystuj\u0105c\u0105 potencja\u0142 medi\u00f3w spo\u0142eczno\u015bciowych, by\u0142o organizowane przez \u017bywca M\u0119skie Granie. W Interaktywnym Finale M\u0119skiego Grania, \u017bywiec w ci\u0105gu 60 minut zebra\u0142 na Facebooku 300 pyta\u0144 do artyst\u00f3w. Fani w trakcie fina\u0142u napisali 1400 komentarzy. Efektem kampanii by\u0142o tak\u017ce 15 tys. polubie\u0144, 4.212.400 ods\u0142on tre\u015bci publikowanych na fanpage podczas relacji oraz zebranie 292.000 unikalnych u\u017cytkownik\u00f3w organicznie i wirusowo bez wsparcia reklamy<\/p>\n<p dir=\"ltr\" style=\"text-align: justify;\">Serca fan\u00f3w w \u015bwietnym stylu zdobywa\u0142o tak\u017ce PZU, kt\u00f3re w akcji #dorenifera doskonale wykorzysta\u0142o medium, jakim jest Facebook. Internauci w okresie \u015bwi\u0105tecznym pisali listy tym razem nie do Miko\u0142aja, a w\u0142a\u015bnie do sponsorowanego przez PZU renifera, kt\u00f3ry pod koniec akcji wybra\u0142 najbarwniejsze marzenia i je spe\u0142ni\u0142. W sumie na Facebooku i stronie internetowej o prezenty poprosi\u0142o 14 tys. os\u00f3b. Przy okazji PZU warto te\u017c przypomnie\u0107 akcj\u0119 Agenci Mocnopomocni. Aplikacja, kt\u00f3ra udowadnia\u0142a u\u017cytkownikom, \u017ce agenci PZU umiej\u0105 czyta\u0107 w my\u015blach r\u00f3wnie\u017c zatrz\u0119s\u0142a internetem.<\/p>\n<div id=\"attachment_10637\" style=\"width: 610px\" class=\"wp-caption aligncenter\"><a href=\"https:\/\/www.sotrender.com\/blog\/wp-content\/uploads\/2014\/01\/kacper.jpg\"><img loading=\"lazy\" decoding=\"async\" aria-describedby=\"caption-attachment-10637\" class=\"wp-image-10637\" src=\"https:\/\/www.sotrender.com\/blog\/wp-content\/uploads\/2014\/01\/kacper-300x179.jpg\" alt=\"kacper\" width=\"600\" height=\"359\" \/><\/a><p id=\"caption-attachment-10637\" class=\"wp-caption-text\">Kampanie PZU<\/p><\/div>\n<h2 dir=\"ltr\" style=\"text-align: justify;\">Facebook nie znosi nudy&#8230;<\/h2>\n<p dir=\"ltr\" style=\"text-align: justify;\">&#8230;i nie pozwala administratorom profili spocz\u0105\u0107 na laurach. Chwil\u0119 po 9 urodzinach, serwis zaprezentowa\u0142 nowe opcje wpisywania statusu, dzi\u0119ki kt\u00f3rym mo\u017cna na bie\u017c\u0105co komunikowa\u0107 to, co u\u017cytkownik w danej chwili czyta, czego s\u0142ucha lub jak si\u0119 czuje.<\/p>\n<div id=\"attachment_10683\" style=\"width: 611px\" class=\"wp-caption aligncenter\"><a href=\"https:\/\/www.sotrender.com\/blog\/wp-content\/uploads\/2014\/01\/201302obr1.jpg\"><img loading=\"lazy\" decoding=\"async\" aria-describedby=\"caption-attachment-10683\" class=\"wp-image-10683 size-full\" src=\"https:\/\/www.sotrender.com\/blog\/wp-content\/uploads\/2014\/01\/201302obr1.jpg\" alt=\"201302obr1\" width=\"601\" height=\"405\" srcset=\"https:\/\/www.sotrender.com\/blog\/wp-content\/uploads\/2014\/01\/201302obr1.jpg 601w, https:\/\/www.sotrender.com\/blog\/wp-content\/uploads\/2014\/01\/201302obr1-475x320.jpg 475w, https:\/\/www.sotrender.com\/blog\/wp-content\/uploads\/2014\/01\/201302obr1-600x404.jpg 600w\" sizes=\"(max-width: 601px) 100vw, 601px\" \/><\/a><p id=\"caption-attachment-10683\" class=\"wp-caption-text\">Nowe mo\u017cliwo\u015bc w publikacji status\u00f3w na Facebooku<\/p><\/div>\n<p dir=\"ltr\" style=\"text-align: justify;\">Niekt\u00f3rzy u\u017cytkownicy dost\u0105pili zaszczytu zobaczenia nowego widoku News Feeda, a w ferworze emocji z nim zwi\u0105zanych Facebook pokaza\u0142 swoje kolejne dzie\u0142o &#8211; aplikacj\u0119 Facebook Home. Jednocze\u015bnie uruchomiono pierwsze darmowe rozmowy przez Messengera, a miesi\u0105c p\u00f3\u017aniej na u\u017cytkownik\u00f3w i administrator\u00f3w spad\u0142a <a title=\"Przejd\u017a do artyku\u0142u\" href=\"https:\/\/www.sotrender.com\/blog\/pl\/2013\/07\/marki-nie-doceniaja-hashtagow\/\" target=\"_blank\">lawina #hashtag\u00f3w<\/a>, kt\u00f3ra przetoczy\u0142a si\u0119 przez serwis z wielkim hukiem zostawiaj\u0105c po sobie niezbyt wielkie \u015blady &#8211; z hashtag\u00f3w korzysta coraz mniej marek, chocia\u017c ci\u0105gle przygl\u0105damy si\u0119 im z zainteresowaniem, poniewa\u017c pomagaj\u0105 wyszuka\u0107 na Facebooku nawet takie tre\u015bci, kt\u00f3re nie by\u0142y oznaczone hashtagiem. Zobaczymy, jak funkcja ta b\u0119dzie rozwija\u0107 si\u0119 w kolejnych miesi\u0105cach.<\/p>\n<div id=\"attachment_10653\" style=\"width: 308px\" class=\"wp-caption aligncenter\"><a href=\"https:\/\/www.sotrender.com\/blog\/wp-content\/uploads\/2014\/01\/51de87ade4b0e89eb2454577-298x300.png\"><img loading=\"lazy\" decoding=\"async\" aria-describedby=\"caption-attachment-10653\" class=\"wp-image-10653 size-full\" src=\"https:\/\/www.sotrender.com\/blog\/wp-content\/uploads\/2014\/01\/51de87ade4b0e89eb2454577-298x300.png\" alt=\"Facebook hashtag\" width=\"298\" height=\"300\" srcset=\"https:\/\/www.sotrender.com\/blog\/wp-content\/uploads\/2014\/01\/51de87ade4b0e89eb2454577-298x300.png 298w, https:\/\/www.sotrender.com\/blog\/wp-content\/uploads\/2014\/01\/51de87ade4b0e89eb2454577-298x300-80x80.png 80w\" sizes=\"(max-width: 298px) 100vw, 298px\" \/><\/a><p id=\"caption-attachment-10653\" class=\"wp-caption-text\">Hashtagi wkraczaj\u0105 na Facebooka<\/p><\/div>\n<p dir=\"ltr\" style=\"text-align: justify;\">Wakacyjnych miesi\u0119cy Facebook r\u00f3wnie\u017c nie sp\u0119dzi\u0142 na lenistwie. Po rozlu\u017anieniu regulaminu na temat wymog\u00f3w dotycz\u0105cych zdj\u0119cia w tle i dodaniu mo\u017cliwo\u015bci publikowania grafik w komentarzach, usuni\u0119to funkcj\u0119 zadawania pyta\u0144 w postach. Na pocieszenie pozwolono za to na robienie statusowych konkurs\u00f3w bez konieczno\u015bci tworzenia specjalnych aplikacji. Podczas gdy Facebooka zala\u0142a fala konkurs\u00f3w przer\u00f3\u017cnych, zmieni\u0142 si\u0119 Edge Rank, kt\u00f3ry przed czas publikacji posta przesun\u0105\u0142 jego popularno\u015b\u0107 oraz bardziej dopasowa\u0142 wy\u015bwietlanie reklam. Zmieni\u0142y si\u0119 r\u00f3wnie\u017c Facebookowe przyciski, a sam serwis rozpocz\u0105\u0142 testowanie reklam wideo. Czy\u017cby w tym roku czeka\u0142o nas jeszcze wi\u0119cej zmian ni\u017c w ubieg\u0142ym? Oka\u017ce si\u0119 w ci\u0105gu 12 miesi\u0119cy&#8230;.<\/p>\n<h2 dir=\"ltr\" style=\"text-align: justify;\">Sotrender ro\u015bnie i pozdrawia z Kalifornii<\/h2>\n<p dir=\"ltr\" style=\"text-align: justify;\">Dla Sotrendera rok 2013 by\u0142 okresem zmian i dynamicznego rozwoju.<a title=\"Przejd\u017a do artyku\u0142u\" href=\"https:\/\/www.sotrender.com\/blog\/pl\/2013\/12\/trzecie-urodziny-sotrendera\/\" target=\"_blank\"> W grudniu obchodzili\u015bmy nasze 3. urodziny<\/a>, \u015bwi\u0119tuj\u0105c jednocze\u015bnie inne nasze osi\u0105gni\u0119cia, takie jak zdobycie grantu na wyjazd do Stan\u00f3w Zjednoczonych czy wyr\u00f3\u017cnienie w konkursie \u201cInnowator Mazowsza\u201d.\u00a0Wcze\u015bniej w ubieg\u0142ym roku cieszyli\u015bmy si\u0119 r\u00f3wnie\u017c z otrzymania Aulera i wyjazdu na Web Summit do Dublina!<\/p>\n<div id=\"attachment_6919\" style=\"width: 610px\" class=\"wp-caption aligncenter\"><a href=\"https:\/\/www.sotrender.com\/blog\/wp-content\/uploads\/2013\/05\/7.png\"><img loading=\"lazy\" decoding=\"async\" aria-describedby=\"caption-attachment-6919\" class=\"wp-image-6919\" src=\"https:\/\/www.sotrender.com\/blog\/wp-content\/uploads\/2013\/05\/7-300x199.png\" alt=\"\" width=\"600\" height=\"398\" \/><\/a><p id=\"caption-attachment-6919\" class=\"wp-caption-text\">W 2013 roku zdobyli\u015bmy kilka fantastycznych nagr\u00f3d!<\/p><\/div>\n<p dir=\"ltr\" style=\"text-align: justify;\">Nasz comiesi\u0119czny raport #FanpageTrends przeszed\u0142 metamorfoz\u0119, dzi\u0119ki dodaniu kolejnych kategorii, unowocze\u015bnieniu infografiki oraz niewyobra\u017calnemu zaanga\u017cowaniu naszych Komentator\u00f3w, kt\u00f3rzy ka\u017cdego miesi\u0105ca opisuj\u0105 nasze wykresy. Prezentujemy r\u00f3wnie\u017c nowe funkcjonalno\u015bci. W 2013 r. Sotrender opr\u00f3cz Facebooka, zacz\u0105\u0142 analizowa\u0107 r\u00f3wnie\u017c dane z Twittera i YouTube\u2019a, a \u015bwiat\u0142o dzienne ujrza\u0142 modu\u0142 <a title=\"Przejd\u017a do artyku\u0142u\" href=\"https:\/\/www.sotrender.com\/blog\/pl\/2013\/12\/sotrender-console\/\" target=\"_blank\">Sotrender Console<\/a>, s\u0142u\u017c\u0105cy do zarz\u0105dzania tre\u015bci\u0105 i zespo\u0142em w social media.<\/p>\n<p dir=\"ltr\" style=\"text-align: justify;\">Jednak najbardziej cieszy fakt, \u017ce zdobywamy kolejnych klient\u00f3w, kt\u00f3rzy s\u0105 zadowoleni z naszego produktu, co daje nadziej\u0119 i si\u0142\u0119, aby wk\u0142ada\u0107 w jego rozw\u00f3j jeszcze wi\u0119cej si\u0142. Pod\u0105\u017caj\u0105c za t\u0105 my\u015bl\u0105, niebawem zaprezentujemy kolejne narz\u0119dzie &#8211; tym razem s\u0142u\u017c\u0105ce do zarz\u0105dzania i optymalizowania kampanii reklamowych na Facebooku. Tymczasem pozdrawiamy z Doliny Krzemowej, gdzie uczestniczymy w programie akceleracyjnym Plug &amp; Play, w ramach kt\u00f3rego wprowadzamy nasze rozwi\u0105zania na ameryka\u0144ski rynek.<\/p>\n<h2 dir=\"ltr\" style=\"text-align: center;\"><a title=\"Przejd\u017a do raportu!\" href=\"http:\/\/www.sotrender.pl\/fanpage-trends?hp\" target=\"_blank\"><strong>Przedstawiamy podsumowanie #FanpageTrends 2013!<\/strong><\/a><\/h2>\n<p><a href=\"https:\/\/www.sotrender.com\/blog\/wp-content\/uploads\/2014\/01\/final.jpg\"><img loading=\"lazy\" decoding=\"async\" class=\"aligncenter wp-image-10697 size-full\" src=\"https:\/\/www.sotrender.com\/blog\/wp-content\/uploads\/2014\/01\/final.jpg\" alt=\"final\" width=\"900\" height=\"4024\" srcset=\"https:\/\/www.sotrender.com\/blog\/wp-content\/uploads\/2014\/01\/final.jpg 900w, https:\/\/www.sotrender.com\/blog\/wp-content\/uploads\/2014\/01\/final-475x2124.jpg 475w, https:\/\/www.sotrender.com\/blog\/wp-content\/uploads\/2014\/01\/final-768x3434.jpg 768w, https:\/\/www.sotrender.com\/blog\/wp-content\/uploads\/2014\/01\/final-600x2683.jpg 600w\" sizes=\"(max-width: 900px) 100vw, 900px\" \/><\/a><\/p>\n<p>&nbsp;<\/p>\n<h2 style=\"text-align: center;\"><a title=\"Przejd\u017a do raportu\" href=\"http:\/\/www.sotrender.pl\/fanpage-trends?hp\" target=\"_blank\"><strong>Przejd\u017a do raportu!<\/strong><\/a><\/h2>\n","protected":false},"excerpt":{"rendered":"<p>Wspominaj\u0105c wst\u0119p do zesz\u0142orocznego podsumowania roku, mogliby\u015bmy napisa\u0107, \u017ce &#8220;na Facebooku bez zmian&#8221;. Na przek\u00f3r wieszcz\u0105cym rych\u0142y spadek zainteresowania serwisem, liczba u\u017cytkownik\u00f3w nadal ro\u015bnie, cho\u0107 wolniej. Komunikacja marek i firm z klientami za po\u015brednictwem Facebooka zyskuje nowy wymiar. Serwis staje si\u0119 pe\u0142noprawnym biurem obs\u0142ugi klient\u00f3w, \u0142\u0105cz\u0105c wygod\u0119 i szybko\u015b\u0107 wymiany informacji. Zapraszamy do lektury\u00a0podsumowania najwa\u017cniejszych [&hellip;]<\/p>\n","protected":false},"author":31,"featured_media":14925,"comment_status":"open","ping_status":"open","sticky":false,"template":"","format":"standard","meta":{"inline_featured_image":false,"footnotes":""},"categories":[1791,1797],"tags":[17,25,373,1357],"yoast_head":"<!-- This site is optimized with the Yoast SEO plugin v22.4 - https:\/\/yoast.com\/wordpress\/plugins\/seo\/ -->\n<title>Podsumowanie #FanpageTrends, czyli Facebook w Polsce w 2013 r.<\/title>\n<meta name=\"description\" content=\"Sotrender przedstawia podsumowanie #FanpageTrends! Zobacz dzia\u0142ania marek, wydarzenia i trendy, kt\u00f3re dominowa\u0142y na Facebooku w Polsce w 2013 r.\" \/>\n<meta name=\"robots\" content=\"index, follow, max-snippet:-1, max-image-preview:large, max-video-preview:-1\" \/>\n<link rel=\"canonical\" href=\"https:\/\/www.sotrender.com\/blog\/pl\/2014\/01\/podsumowanie-2013\/\" \/>\n<meta property=\"og:locale\" content=\"pl_PL\" \/>\n<meta property=\"og:type\" content=\"article\" \/>\n<meta property=\"og:title\" content=\"Podsumowanie #FanpageTrends, czyli Facebook w Polsce w 2013 r.\" \/>\n<meta property=\"og:description\" content=\"Sotrender przedstawia podsumowanie #FanpageTrends! Zobacz dzia\u0142ania marek, wydarzenia i trendy, kt\u00f3re dominowa\u0142y na Facebooku w Polsce w 2013 r.\" \/>\n<meta property=\"og:url\" content=\"https:\/\/www.sotrender.com\/blog\/pl\/2014\/01\/podsumowanie-2013\/\" \/>\n<meta property=\"og:site_name\" content=\"Sotrender Blog\" \/>\n<meta property=\"article:publisher\" content=\"https:\/\/www.facebook.com\/Sotrender\" \/>\n<meta property=\"article:published_time\" content=\"2014-01-28T14:25:28+00:00\" \/>\n<meta property=\"article:modified_time\" content=\"2017-04-13T13:48:09+00:00\" \/>\n<meta property=\"og:image\" content=\"https:\/\/www.sotrender.com\/blog\/wp-content\/uploads\/2014\/08\/lapka_komp.jpg\" \/>\n\t<meta property=\"og:image:width\" content=\"1600\" \/>\n\t<meta property=\"og:image:height\" content=\"700\" \/>\n\t<meta property=\"og:image:type\" content=\"image\/jpeg\" \/>\n<meta name=\"author\" content=\"Aleksandra Prejs\" \/>\n<meta name=\"twitter:card\" content=\"summary_large_image\" \/>\n<meta name=\"twitter:creator\" content=\"@Sotrender\" \/>\n<meta name=\"twitter:site\" content=\"@Sotrender\" \/>\n<meta name=\"twitter:label1\" content=\"Written by\" \/>\n\t<meta name=\"twitter:data1\" content=\"Aleksandra Prejs\" \/>\n\t<meta name=\"twitter:label2\" content=\"Est. reading time\" \/>\n\t<meta name=\"twitter:data2\" content=\"8 minutes\" \/>\n<script type=\"application\/ld+json\" class=\"yoast-schema-graph\">{\"@context\":\"https:\/\/schema.org\",\"@graph\":[{\"@type\":\"WebPage\",\"@id\":\"https:\/\/www.sotrender.com\/blog\/pl\/2014\/01\/podsumowanie-2013\/\",\"url\":\"https:\/\/www.sotrender.com\/blog\/pl\/2014\/01\/podsumowanie-2013\/\",\"name\":\"Podsumowanie #FanpageTrends, czyli Facebook w Polsce w 2013 r.\",\"isPartOf\":{\"@id\":\"https:\/\/www.sotrender.com\/blog\/#website\"},\"primaryImageOfPage\":{\"@id\":\"https:\/\/www.sotrender.com\/blog\/pl\/2014\/01\/podsumowanie-2013\/#primaryimage\"},\"image\":{\"@id\":\"https:\/\/www.sotrender.com\/blog\/pl\/2014\/01\/podsumowanie-2013\/#primaryimage\"},\"thumbnailUrl\":\"https:\/\/www.sotrender.com\/blog\/wp-content\/uploads\/2014\/08\/lapka_komp.jpg\",\"datePublished\":\"2014-01-28T14:25:28+00:00\",\"dateModified\":\"2017-04-13T13:48:09+00:00\",\"author\":{\"@id\":\"https:\/\/www.sotrender.com\/blog\/#\/schema\/person\/7106df62825269bc360ad9171cd7149b\"},\"description\":\"Sotrender przedstawia podsumowanie #FanpageTrends! Zobacz dzia\u0142ania marek, wydarzenia i trendy, kt\u00f3re dominowa\u0142y na Facebooku w Polsce w 2013 r.\",\"breadcrumb\":{\"@id\":\"https:\/\/www.sotrender.com\/blog\/pl\/2014\/01\/podsumowanie-2013\/#breadcrumb\"},\"inLanguage\":\"pl-PL\",\"potentialAction\":[{\"@type\":\"ReadAction\",\"target\":[\"https:\/\/www.sotrender.com\/blog\/pl\/2014\/01\/podsumowanie-2013\/\"]}]},{\"@type\":\"ImageObject\",\"inLanguage\":\"pl-PL\",\"@id\":\"https:\/\/www.sotrender.com\/blog\/pl\/2014\/01\/podsumowanie-2013\/#primaryimage\",\"url\":\"https:\/\/www.sotrender.com\/blog\/wp-content\/uploads\/2014\/08\/lapka_komp.jpg\",\"contentUrl\":\"https:\/\/www.sotrender.com\/blog\/wp-content\/uploads\/2014\/08\/lapka_komp.jpg\",\"width\":1600,\"height\":700},{\"@type\":\"BreadcrumbList\",\"@id\":\"https:\/\/www.sotrender.com\/blog\/pl\/2014\/01\/podsumowanie-2013\/#breadcrumb\",\"itemListElement\":[{\"@type\":\"ListItem\",\"position\":1,\"name\":\"Home\",\"item\":\"https:\/\/www.sotrender.com\/blog\/\"},{\"@type\":\"ListItem\",\"position\":2,\"name\":\"Podsumowanie #FanpageTrends, czyli Facebook w Polsce w 2013 r.\"}]},{\"@type\":\"WebSite\",\"@id\":\"https:\/\/www.sotrender.com\/blog\/#website\",\"url\":\"https:\/\/www.sotrender.com\/blog\/\",\"name\":\"Sotrender Blog\",\"description\":\"\",\"potentialAction\":[{\"@type\":\"SearchAction\",\"target\":{\"@type\":\"EntryPoint\",\"urlTemplate\":\"https:\/\/www.sotrender.com\/blog\/?s={search_term_string}\"},\"query-input\":\"required name=search_term_string\"}],\"inLanguage\":\"pl-PL\"},{\"@type\":\"Person\",\"@id\":\"https:\/\/www.sotrender.com\/blog\/#\/schema\/person\/7106df62825269bc360ad9171cd7149b\",\"name\":\"Aleksandra Prejs\",\"image\":{\"@type\":\"ImageObject\",\"inLanguage\":\"pl-PL\",\"@id\":\"https:\/\/www.sotrender.com\/blog\/#\/schema\/person\/image\/\",\"url\":\"https:\/\/secure.gravatar.com\/avatar\/469000454b77ff0aacb32c49dba023be?s=96&d=mm&r=g\",\"contentUrl\":\"https:\/\/secure.gravatar.com\/avatar\/469000454b77ff0aacb32c49dba023be?s=96&d=mm&r=g\",\"caption\":\"Aleksandra Prejs\"},\"url\":\"https:\/\/www.sotrender.com\/blog\/pl\/author\/aleksandra-prejs\/\"}]}<\/script>\n<!-- \/ Yoast SEO plugin. -->","yoast_head_json":{"title":"Podsumowanie #FanpageTrends, czyli Facebook w Polsce w 2013 r.","description":"Sotrender przedstawia podsumowanie #FanpageTrends! Zobacz dzia\u0142ania marek, wydarzenia i trendy, kt\u00f3re dominowa\u0142y na Facebooku w Polsce w 2013 r.","robots":{"index":"index","follow":"follow","max-snippet":"max-snippet:-1","max-image-preview":"max-image-preview:large","max-video-preview":"max-video-preview:-1"},"canonical":"https:\/\/www.sotrender.com\/blog\/pl\/2014\/01\/podsumowanie-2013\/","og_locale":"pl_PL","og_type":"article","og_title":"Podsumowanie #FanpageTrends, czyli Facebook w Polsce w 2013 r.","og_description":"Sotrender przedstawia podsumowanie #FanpageTrends! Zobacz dzia\u0142ania marek, wydarzenia i trendy, kt\u00f3re dominowa\u0142y na Facebooku w Polsce w 2013 r.","og_url":"https:\/\/www.sotrender.com\/blog\/pl\/2014\/01\/podsumowanie-2013\/","og_site_name":"Sotrender Blog","article_publisher":"https:\/\/www.facebook.com\/Sotrender","article_published_time":"2014-01-28T14:25:28+00:00","article_modified_time":"2017-04-13T13:48:09+00:00","og_image":[{"width":1600,"height":700,"url":"https:\/\/www.sotrender.com\/blog\/wp-content\/uploads\/2014\/08\/lapka_komp.jpg","type":"image\/jpeg"}],"author":"Aleksandra Prejs","twitter_card":"summary_large_image","twitter_creator":"@Sotrender","twitter_site":"@Sotrender","twitter_misc":{"Written by":"Aleksandra Prejs","Est. reading time":"8 minutes"},"schema":{"@context":"https:\/\/schema.org","@graph":[{"@type":"WebPage","@id":"https:\/\/www.sotrender.com\/blog\/pl\/2014\/01\/podsumowanie-2013\/","url":"https:\/\/www.sotrender.com\/blog\/pl\/2014\/01\/podsumowanie-2013\/","name":"Podsumowanie #FanpageTrends, czyli Facebook w Polsce w 2013 r.","isPartOf":{"@id":"https:\/\/www.sotrender.com\/blog\/#website"},"primaryImageOfPage":{"@id":"https:\/\/www.sotrender.com\/blog\/pl\/2014\/01\/podsumowanie-2013\/#primaryimage"},"image":{"@id":"https:\/\/www.sotrender.com\/blog\/pl\/2014\/01\/podsumowanie-2013\/#primaryimage"},"thumbnailUrl":"https:\/\/www.sotrender.com\/blog\/wp-content\/uploads\/2014\/08\/lapka_komp.jpg","datePublished":"2014-01-28T14:25:28+00:00","dateModified":"2017-04-13T13:48:09+00:00","author":{"@id":"https:\/\/www.sotrender.com\/blog\/#\/schema\/person\/7106df62825269bc360ad9171cd7149b"},"description":"Sotrender przedstawia podsumowanie #FanpageTrends! Zobacz dzia\u0142ania marek, wydarzenia i trendy, kt\u00f3re dominowa\u0142y na Facebooku w Polsce w 2013 r.","breadcrumb":{"@id":"https:\/\/www.sotrender.com\/blog\/pl\/2014\/01\/podsumowanie-2013\/#breadcrumb"},"inLanguage":"pl-PL","potentialAction":[{"@type":"ReadAction","target":["https:\/\/www.sotrender.com\/blog\/pl\/2014\/01\/podsumowanie-2013\/"]}]},{"@type":"ImageObject","inLanguage":"pl-PL","@id":"https:\/\/www.sotrender.com\/blog\/pl\/2014\/01\/podsumowanie-2013\/#primaryimage","url":"https:\/\/www.sotrender.com\/blog\/wp-content\/uploads\/2014\/08\/lapka_komp.jpg","contentUrl":"https:\/\/www.sotrender.com\/blog\/wp-content\/uploads\/2014\/08\/lapka_komp.jpg","width":1600,"height":700},{"@type":"BreadcrumbList","@id":"https:\/\/www.sotrender.com\/blog\/pl\/2014\/01\/podsumowanie-2013\/#breadcrumb","itemListElement":[{"@type":"ListItem","position":1,"name":"Home","item":"https:\/\/www.sotrender.com\/blog\/"},{"@type":"ListItem","position":2,"name":"Podsumowanie #FanpageTrends, czyli Facebook w Polsce w 2013 r."}]},{"@type":"WebSite","@id":"https:\/\/www.sotrender.com\/blog\/#website","url":"https:\/\/www.sotrender.com\/blog\/","name":"Sotrender Blog","description":"","potentialAction":[{"@type":"SearchAction","target":{"@type":"EntryPoint","urlTemplate":"https:\/\/www.sotrender.com\/blog\/?s={search_term_string}"},"query-input":"required name=search_term_string"}],"inLanguage":"pl-PL"},{"@type":"Person","@id":"https:\/\/www.sotrender.com\/blog\/#\/schema\/person\/7106df62825269bc360ad9171cd7149b","name":"Aleksandra Prejs","image":{"@type":"ImageObject","inLanguage":"pl-PL","@id":"https:\/\/www.sotrender.com\/blog\/#\/schema\/person\/image\/","url":"https:\/\/secure.gravatar.com\/avatar\/469000454b77ff0aacb32c49dba023be?s=96&d=mm&r=g","contentUrl":"https:\/\/secure.gravatar.com\/avatar\/469000454b77ff0aacb32c49dba023be?s=96&d=mm&r=g","caption":"Aleksandra Prejs"},"url":"https:\/\/www.sotrender.com\/blog\/pl\/author\/aleksandra-prejs\/"}]}},"_links":{"self":[{"href":"https:\/\/www.sotrender.com\/blog\/pl\/wp-json\/wp\/v2\/posts\/10675"}],"collection":[{"href":"https:\/\/www.sotrender.com\/blog\/pl\/wp-json\/wp\/v2\/posts"}],"about":[{"href":"https:\/\/www.sotrender.com\/blog\/pl\/wp-json\/wp\/v2\/types\/post"}],"author":[{"embeddable":true,"href":"https:\/\/www.sotrender.com\/blog\/pl\/wp-json\/wp\/v2\/users\/31"}],"replies":[{"embeddable":true,"href":"https:\/\/www.sotrender.com\/blog\/pl\/wp-json\/wp\/v2\/comments?post=10675"}],"version-history":[{"count":22,"href":"https:\/\/www.sotrender.com\/blog\/pl\/wp-json\/wp\/v2\/posts\/10675\/revisions"}],"predecessor-version":[{"id":26623,"href":"https:\/\/www.sotrender.com\/blog\/pl\/wp-json\/wp\/v2\/posts\/10675\/revisions\/26623"}],"wp:featuredmedia":[{"embeddable":true,"href":"https:\/\/www.sotrender.com\/blog\/pl\/wp-json\/wp\/v2\/media\/14925"}],"wp:attachment":[{"href":"https:\/\/www.sotrender.com\/blog\/pl\/wp-json\/wp\/v2\/media?parent=10675"}],"wp:term":[{"taxonomy":"category","embeddable":true,"href":"https:\/\/www.sotrender.com\/blog\/pl\/wp-json\/wp\/v2\/categories?post=10675"},{"taxonomy":"post_tag","embeddable":true,"href":"https:\/\/www.sotrender.com\/blog\/pl\/wp-json\/wp\/v2\/tags?post=10675"}],"curies":[{"name":"wp","href":"https:\/\/api.w.org\/{rel}","templated":true}]}}