{"id":10405,"date":"2013-12-19T16:53:07","date_gmt":"2013-12-19T15:53:07","guid":{"rendered":"http:\/\/blog.sotrender.com\/?p=10405"},"modified":"2015-12-28T16:25:31","modified_gmt":"2015-12-28T15:25:31","slug":"zasieg-postow-po-zmianach","status":"publish","type":"post","link":"https:\/\/www.sotrender.com\/blog\/pl\/2013\/12\/zasieg-postow-po-zmianach\/","title":{"rendered":"Zasi\u0119g post\u00f3w po zmianach w EdgeRanku &#8211; jak si\u0119 zmieni\u0142?"},"content":{"rendered":"<p style=\"text-align: justify;\">Na pocz\u0105tku grudnia <a title=\"Facebook Slightly Tweaked How The Site Works...\" href=\"http:\/\/www.businessinsider.com\/facebook-screws-social-media-marketers-2013-12\" target=\"_blank\">Facebook zmieni\u0142 algorytmy odpowiadaj\u0105ce za wy\u015bwietlanie tre\u015bci<\/a>. Od tego czasu w bran\u017cy social media pojawiaj\u0105 si\u0119 sprzeczne opinie. Z jednej strony s\u0142ycha\u0107\u00a0<a title=\"Blog Anny Miotk\" href=\"http:\/\/annamiotk.pl\/co-robic-fejsbuku-jak-zyc\/\" target=\"_blank\">narzekania na spadki zasi\u0119gu i rzekomy bezsens marketingu na Facebooku<\/a>. Z drugiej \u00a0natomiast dochodz\u0105 g\u0142osy udowadniaj\u0105ce,  \u017ce jako\u015bciowej komunikacji obecne zmiany nie przeszkadzaj\u0105.\u00a0<a title=\"Przejd\u017a na stron\u0119\" href=\"http:\/\/www.sotrender.pl\/reports\" target=\"_blank\">Sotrender Research Team<\/a>\u00a0postanowi\u0142 sprawdzi\u0107 rzeczywist\u0105 skal\u0119 zmian na polskich fanpage\u2019ach. Faktycznie okazuje si\u0119,  \u017ce niekt\u00f3re strony odnotowa\u0142y znaczn\u0105 strat\u0119 zasi\u0119gu,  ale nie wszystkie. Jednak w przypadku a\u017c 30% zbadanych profili \u015bredni organiczny zasi\u0119g post\u00f3w wyni\u00f3s\u0142 mniej ni\u017c 5%!<\/p>\n<p style=\"text-align: justify;\"><!--more--><\/p>\n<h2 style=\"text-align: justify;\">Analiza zasi\u0119gu post\u00f3w &#8211; metodologia<\/h2>\n<p style=\"text-align: justify;\"><a title=\"Przejd\u017a na stron\u0119\" href=\"http:\/\/www.sotrender.pl\/reports\" target=\"_blank\">Sotrender Research Team<\/a> przeanalizowa\u0142 baz\u0119 <strong>183 polskich profili na Facebooku<\/strong> (w tym lokalne strony profili mi\u0119dzynarodowych). Oczywi\u015bcie nie s\u0105 to wszystkie polskie profile &#8211; nie wszyscy u\u017cytkownicy Sotrendera maj\u0105 aktualne autoryzacje Facebook Insights.\u00a0<strong>Zbadane posty &#8211; \u0142\u0105cznie 4038 &#8211; pochodz\u0105 z okresu od 5 do 18 grudnia.<\/strong>\u00a0Na wi\u0119kszo\u015bci wykres\u00f3w prezentujemy u\u015brednion\u0105 warto\u015b\u0107 zasi\u0119gu post\u00f3w w zale\u017cno\u015bci od sprawdzanego kryterium,  odniesion\u0105 do wielko\u015bci badanych profili. W analizie uwzgl\u0119dniamy<strong> zar\u00f3wno zasi\u0119g organiczny,  jak i \u0142\u0105czny<\/strong> (organiczny + p\u0142atny).<\/p>\n<h2 style=\"text-align: justify;\">Wielko\u015b\u0107 profili,  a zasi\u0119g post\u00f3w<\/h2>\n<p style=\"text-align: justify;\">W celu zbadania zale\u017cno\u015bci mi\u0119dzy liczb\u0105 fan\u00f3w profilu a przeci\u0119tnym osi\u0105ganym zasi\u0119giem ich post\u00f3w do analizy wybrali\u015bmy profile posiadaj\u0105ce co najmniej 1000 fan\u00f3w. Co znale\u017ali\u015bmy? Wyniki pokazuje poni\u017cszy wykres. Liczby na g\u00f3rnej cz\u0119\u015bci osi OY przedstawiaj\u0105 procentowy zasi\u0119g,  natomiast dolna cz\u0119\u015b\u0107 dotyczy liczebno\u015bci post\u00f3w.<\/p>\n<div id=\"attachment_10419\" style=\"width: 635px\" class=\"wp-caption alignnone\"><a href=\"https:\/\/www.sotrender.com\/blog\/wp-content\/uploads\/2013\/12\/rbs_reach.png\"><img loading=\"lazy\" decoding=\"async\" aria-describedby=\"caption-attachment-10419\" class=\"size-large wp-image-10419\" src=\"https:\/\/www.sotrender.com\/blog\/wp-content\/uploads\/2013\/12\/rbs_reach-1024x605.png\" alt=\"Zasi\u0119g post\u00f3w a wielko\u015b\u0107 profilu\" width=\"625\" height=\"369\" \/><\/a><p id=\"caption-attachment-10419\" class=\"wp-caption-text\">Zasi\u0119g post\u00f3w a wielko\u015b\u0107 profilu<\/p><\/div>\n<p style=\"text-align: justify;\"><strong>W przypadku \u0142\u0105cznego zasi\u0119gu:<\/strong><\/p>\n<ul>\n<li>najwi\u0119ksze profile uzyskuj\u0105 lepszy wynik: docieraj\u0105 do prawie 10% ich bazy fan\u00f3w<\/li>\n<li>strony maj\u0105ce do 1 miliona \u00a0fan\u00f3w &#8211; malej\u0105ca tendencja w \u015brednim zasi\u0119gu ich post\u00f3w; im wi\u0119kszy fanpage,  tym mniejszy zasi\u0119g<\/li>\n<li>profile o liczbie fan\u00f3w &#8211; od 500 tys. do 1 mln. osi\u0105gaj\u0105 \u015brednio zasi\u0119g zaledwie\u00a04%, <\/li>\n<li>najmniejsze strony- \u00a0trafiaj\u0105 do\u00a0widowni odpowiadaj\u0105cej prawie 40% ich liczby fan\u00f3w.<\/li>\n<\/ul>\n<p style=\"text-align: justify;\"><strong>Dla zasi\u0119gu organicznego:<\/strong><\/p>\n<ul style=\"text-align: justify;\">\n<li>strony o wielko\u015bci do 100 tys. fan\u00f3w. uzyskiwa\u0142y przeci\u0119tnie zasi\u0119g kilkunastoprocentowy, <\/li>\n<li>najwy\u017csza przeci\u0119tna warto\u015b\u0107 &#8211; posty opublikowane przez profile posiadaj\u0105ce od 50 do 100 tysi\u0119cy fan\u00f3w &#8211; 15%, <\/li>\n<li>wi\u0119kszym profilom zwykle nie udaje si\u0119 osi\u0105gn\u0105\u0107 granicy 10% ich bazy fan\u00f3w, <\/li>\n<li>najni\u017cszy zasi\u0119g organiczny osi\u0105ga\u0142y posty zamieszczone przez profile o liczbie fan\u00f3w z przedzia\u0142u od 500 tysi\u0119cy do 1 miliona.<\/li>\n<\/ul>\n<h2 style=\"text-align: justify;\">Jakie zasi\u0119gi osi\u0105gaj\u0105 poszczeg\u00f3lne typy post\u00f3w?<\/h2>\n<p style=\"text-align: justify;\">Zgodnie z zapowiedziami Facebooka w wyniku zmiany algorytmu EdgeRank poprawie mia\u0142 ulec zasi\u0119g post\u00f3w zawieraj\u0105cych link. Ich potencja\u0142 by\u0142 wcze\u015bniej mocno ograniczany. Administratorzy profili sprawdzili te pog\u0142oski &#8211; posty z odno\u015bnikami stanowi\u0105 drug\u0105 najliczniejsz\u0105 kategori\u0119. Jak wynika z danych,  obecnie sytuacja nie uleg\u0142a znacznym zmianom. <strong>Linki osi\u0105gaj\u0105 przeci\u0119tnie najni\u017cszy \u0142\u0105czny zasi\u0119g.<\/strong> W przypadku zasi\u0119gu organicznego ich warto\u015b\u0107 jest niewiele wy\u017csza od najni\u017cszej.<\/p>\n<p style=\"text-align: justify;\">Najs\u0142abszy zasi\u0119g organiczny wyst\u0119puje w przypadku post\u00f3w zawieraj\u0105cych zdj\u0119cie &#8211; z uwagi na ich powszechne wykorzystywanie,  mog\u0142o to najsilniej wp\u0142yn\u0105\u0107 na odbi\u00f3r zmian zasi\u0119gu przez administrator\u00f3w. Patrz\u0105c na ich \u0142\u0105czny zasi\u0119g sytuacja nie wygl\u0105da tragicznie,  jednak prawdopodobnie jest to efekt najwi\u0119kszego promowania przez profile post\u00f3w wzbogaconych o grafik\u0119.<\/p>\n<p style=\"text-align: justify;\">Najlepszy zasi\u0119g organiczny osi\u0105gaj\u0105 wpisy tekstowe,  a po nich posty zawieraj\u0105ce wideo. W przypadku organicznego zasi\u0119gu wynosi\u0142o on odpowiednio 1\/4 i 1\/5 liczby fan\u00f3w. Szczeg\u00f3lnie wysoki zasi\u0119g wideo mo\u017ce by\u0107 zwi\u0105zany z <a title=\"Przeczytaj artyku\u0142\" href=\"http:\/\/online.wsj.com\/news\/articles\/SB10001424052702304403804579263371125671670\" target=\"_blank\">pog\u0142oskami o planach wprowadzenia reklam tego typu przez portal.<\/a><\/p>\n<div id=\"attachment_10421\" style=\"width: 610px\" class=\"wp-caption alignnone\"><a href=\"https:\/\/www.sotrender.com\/blog\/wp-content\/uploads\/2013\/12\/rbt_reach.png\"><img loading=\"lazy\" decoding=\"async\" aria-describedby=\"caption-attachment-10421\" class=\"size-full wp-image-10421\" src=\"https:\/\/www.sotrender.com\/blog\/wp-content\/uploads\/2013\/12\/rbt_reach-e1387466505976.png\" alt=\"Zasi\u0119g post\u00f3w a ich typ\" width=\"600\" height=\"390\" srcset=\"https:\/\/www.sotrender.com\/blog\/wp-content\/uploads\/2013\/12\/rbt_reach-e1387466505976.png 600w, https:\/\/www.sotrender.com\/blog\/wp-content\/uploads\/2013\/12\/rbt_reach-e1387466505976-475x309.png 475w\" sizes=\"(max-width: 600px) 100vw, 600px\" \/><\/a><p id=\"caption-attachment-10421\" class=\"wp-caption-text\">Zasi\u0119g post\u00f3w a ich typ<\/p><\/div>\n<h2 style=\"text-align: justify;\">Mniej i bardziej skuteczna komunikacja,  czyli efekty zmian dla r\u00f3\u017cnych profili<\/h2>\n<p style=\"text-align: justify;\">Nasze analizy potwierdzaj\u0105,  \u017ce obecnie wiele post\u00f3w trafia tylko do znikomej cz\u0119\u015bci fan\u00f3w.\u00a0<strong>Ponad 30% analizowanych post\u00f3w trafi\u0142o do mniej ni\u017c 5% bazy fan\u00f3w profilu.<\/strong> W przypadku zasi\u0119gu tylko organicznego ten odsetek jest jeszcze wy\u017cszy i wynosi ponad 35%. Wy\u017cszym zasi\u0119giem,  odpowiadaj\u0105cym ponad 1\/4 liczby fan\u00f3w m\u00f3g\u0142 si\u0119 pochwali\u0107 tylko co sz\u00f3sty post. Natomiast uwzgl\u0119dniaj\u0105c jedynie bezp\u0142atny zasi\u0119g,  tak\u0105 warto\u015b\u0107 osi\u0105gn\u0119\u0142o nieca\u0142e 12% wpis\u00f3w.<\/p>\n<div id=\"attachment_10423\" style=\"width: 635px\" class=\"wp-caption alignnone\"><a href=\"https:\/\/www.sotrender.com\/blog\/wp-content\/uploads\/2013\/12\/hist1_reach.png\"><img loading=\"lazy\" decoding=\"async\" aria-describedby=\"caption-attachment-10423\" class=\"size-large wp-image-10423\" src=\"https:\/\/www.sotrender.com\/blog\/wp-content\/uploads\/2013\/12\/hist1_reach-1024x605.png\" alt=\"Odsetek post\u00f3w o podanym zasi\u0119gu\" width=\"625\" height=\"369\" \/><\/a><p id=\"caption-attachment-10423\" class=\"wp-caption-text\">Odsetek post\u00f3w o podanym zasi\u0119gu<\/p><\/div>\n<p style=\"text-align: justify;\">Podobnie,  wiele profili ma problem z zasi\u0119giem,  cho\u0107 trafiaj\u0105 si\u0119 wyj\u0105tki,  kt\u00f3re potrafi\u0105 dociera\u0107 do kilkudziesi\u0119ciu procent fan\u00f3w.\u00a0W przypadku prawie 30% profili przeci\u0119tnie post trafia\u0142 do mniej ni\u017c 5% ich liczby fan\u00f3w.\u00a0Z drugiej strony dla ponad 20% stron \u0142\u0105czny zasi\u0119g (na kt\u00f3ry sk\u0142ada si\u0119 zasi\u0119g organiczny i p\u0142atny) przekroczy\u0142 25% ich bazy fan\u00f3w. W przypadku 6% profili \u0142\u0105czny zasi\u0119g wyni\u00f3s\u0142 przeci\u0119tnie nawet ponad 50% ich bazy fan\u00f3w. Bior\u0105c pod uwag\u0119 tylko zasi\u0119g organiczny widownie odpowiadaj\u0105c\u0105 ponad 25% liczby fan\u00f3w uda\u0142o si\u0119 zebra\u0107 10% stron. Natomiast tylko 2 profile uzyska\u0142y \u015bredni zasi\u0119g post\u00f3w przekraczaj\u0105cy 50% ich bazy fan\u00f3w.<\/p>\n<div id=\"attachment_10425\" style=\"width: 635px\" class=\"wp-caption alignnone\"><a href=\"https:\/\/www.sotrender.com\/blog\/wp-content\/uploads\/2013\/12\/hist2_reach.png\"><img loading=\"lazy\" decoding=\"async\" aria-describedby=\"caption-attachment-10425\" class=\"size-large wp-image-10425\" src=\"https:\/\/www.sotrender.com\/blog\/wp-content\/uploads\/2013\/12\/hist2_reach-1024x605.png\" alt=\"Odsetek profili o podanym zasi\u0119gu\" width=\"625\" height=\"369\" \/><\/a><p id=\"caption-attachment-10425\" class=\"wp-caption-text\">Odsetek profili o podanym zasi\u0119gu<\/p><\/div>\n<h2 style=\"text-align: justify;\">Analiza zasi\u0119g\u00f3w post\u00f3w w Sotrenderze<\/h2>\n<p style=\"text-align: justify;\">Chcesz zobaczy\u0107,  jak wygl\u0105da zasi\u0119g Twoich post\u00f3w? Od dzi\u015b wszystkim u\u017cytkownikom narz\u0119dzia\u00a0<a title=\"Sotrender\" href=\"http:\/\/www.sotrender.com\/\" target=\"_blank\">Sotrender<\/a>\u00a0umo\u017cliwiamy sprawdzenie na bie\u017c\u0105co dok\u0142adnego zasi\u0119gu w\u0142asnych post\u00f3w (tzw. Real Time Insights for Posts). Dzi\u0119ki wykorzystaniu Sotrendera mo\u017cna unikn\u0105\u0107 wielu b\u0142\u0119d\u00f3w i ogranicze\u0144 statystyk Facebook Insights,  m.in. dok\u0142adnie obserwowa\u0107 zmiany w czasie. Sprawd\u017a teraz lub zapisz na\u00a0<a title=\"Rejestracja\" href=\"https:\/\/panel.sotrender.com\/pl\/signup-test\" target=\"_blank\">bezp\u0142atny dost\u0119p testowy<\/a>!<\/p>\n","protected":false},"excerpt":{"rendered":"<p>Na pocz\u0105tku grudnia Facebook zmieni\u0142 algorytmy odpowiadaj\u0105ce za wy\u015bwietlanie tre\u015bci. Od tego czasu w bran\u017cy social media pojawiaj\u0105 si\u0119 sprzeczne opinie. Z jednej strony s\u0142ycha\u0107\u00a0narzekania na spadki zasi\u0119gu i rzekomy bezsens marketingu na Facebooku. Z drugiej \u00a0natomiast dochodz\u0105 g\u0142osy udowadniaj\u0105ce, \u017ce jako\u015bciowej komunikacji obecne zmiany nie przeszkadzaj\u0105.\u00a0Sotrender Research Team\u00a0postanowi\u0142 sprawdzi\u0107 rzeczywist\u0105 skal\u0119 zmian na polskich [&hellip;]<\/p>\n","protected":false},"author":31,"featured_media":18901,"comment_status":"open","ping_status":"open","sticky":false,"template":"","format":"standard","meta":{"inline_featured_image":false,"footnotes":""},"categories":[1793,1797],"tags":[7,17,25,207,395,409,519,641,643],"yoast_head":"<!-- This site is optimized with the Yoast SEO plugin v22.4 - https:\/\/yoast.com\/wordpress\/plugins\/seo\/ -->\n<title>Zasi\u0119g post\u00f3w po zmianach w EdgeRanku - jak si\u0119 zmieni\u0142? - Sotrender<\/title>\n<meta name=\"description\" content=\"Sotrender sprawdzi\u0142, jak bardzo zmieni\u0142 si\u0119 zasi\u0119g post\u00f3w na Facebooku po ostatnich zmianach w EdgeRanku. Kogo najbardziej dotkn\u0119\u0142y zmiany algorytmu?\" \/>\n<meta name=\"robots\" content=\"index, follow, max-snippet:-1, max-image-preview:large, max-video-preview:-1\" \/>\n<link rel=\"canonical\" href=\"https:\/\/www.sotrender.com\/blog\/pl\/2013\/12\/zasieg-postow-po-zmianach\/\" \/>\n<meta property=\"og:locale\" content=\"pl_PL\" \/>\n<meta property=\"og:type\" content=\"article\" \/>\n<meta property=\"og:title\" content=\"Zasi\u0119g post\u00f3w po zmianach w EdgeRanku - jak si\u0119 zmieni\u0142? - Sotrender\" \/>\n<meta property=\"og:description\" content=\"Sotrender sprawdzi\u0142, jak bardzo zmieni\u0142 si\u0119 zasi\u0119g post\u00f3w na Facebooku po ostatnich zmianach w EdgeRanku. Kogo najbardziej dotkn\u0119\u0142y zmiany algorytmu?\" \/>\n<meta property=\"og:url\" content=\"https:\/\/www.sotrender.com\/blog\/pl\/2013\/12\/zasieg-postow-po-zmianach\/\" \/>\n<meta property=\"og:site_name\" content=\"Sotrender Blog\" \/>\n<meta property=\"article:publisher\" content=\"https:\/\/www.facebook.com\/Sotrender\" \/>\n<meta property=\"article:published_time\" content=\"2013-12-19T15:53:07+00:00\" \/>\n<meta property=\"article:modified_time\" content=\"2015-12-28T15:25:31+00:00\" \/>\n<meta property=\"og:image\" content=\"https:\/\/www.sotrender.com\/blog\/wp-content\/uploads\/2015\/07\/header_blog_3.jpg\" \/>\n\t<meta property=\"og:image:width\" content=\"1600\" \/>\n\t<meta property=\"og:image:height\" content=\"700\" \/>\n\t<meta property=\"og:image:type\" content=\"image\/jpeg\" \/>\n<meta name=\"author\" content=\"Aleksandra Prejs\" \/>\n<meta name=\"twitter:card\" content=\"summary_large_image\" \/>\n<meta name=\"twitter:creator\" content=\"@Sotrender\" \/>\n<meta name=\"twitter:site\" content=\"@Sotrender\" \/>\n<meta name=\"twitter:label1\" content=\"Written by\" \/>\n\t<meta name=\"twitter:data1\" content=\"Aleksandra Prejs\" \/>\n\t<meta name=\"twitter:label2\" content=\"Est. reading time\" \/>\n\t<meta name=\"twitter:data2\" content=\"5 minutes\" \/>\n<script type=\"application\/ld+json\" class=\"yoast-schema-graph\">{\"@context\":\"https:\/\/schema.org\",\"@graph\":[{\"@type\":\"WebPage\",\"@id\":\"https:\/\/www.sotrender.com\/blog\/pl\/2013\/12\/zasieg-postow-po-zmianach\/\",\"url\":\"https:\/\/www.sotrender.com\/blog\/pl\/2013\/12\/zasieg-postow-po-zmianach\/\",\"name\":\"Zasi\u0119g post\u00f3w po zmianach w EdgeRanku - jak si\u0119 zmieni\u0142? - Sotrender\",\"isPartOf\":{\"@id\":\"https:\/\/www.sotrender.com\/blog\/#website\"},\"primaryImageOfPage\":{\"@id\":\"https:\/\/www.sotrender.com\/blog\/pl\/2013\/12\/zasieg-postow-po-zmianach\/#primaryimage\"},\"image\":{\"@id\":\"https:\/\/www.sotrender.com\/blog\/pl\/2013\/12\/zasieg-postow-po-zmianach\/#primaryimage\"},\"thumbnailUrl\":\"https:\/\/www.sotrender.com\/blog\/wp-content\/uploads\/2015\/07\/header_blog_3.jpg\",\"datePublished\":\"2013-12-19T15:53:07+00:00\",\"dateModified\":\"2015-12-28T15:25:31+00:00\",\"author\":{\"@id\":\"https:\/\/www.sotrender.com\/blog\/#\/schema\/person\/7106df62825269bc360ad9171cd7149b\"},\"description\":\"Sotrender sprawdzi\u0142, jak bardzo zmieni\u0142 si\u0119 zasi\u0119g post\u00f3w na Facebooku po ostatnich zmianach w EdgeRanku. Kogo najbardziej dotkn\u0119\u0142y zmiany algorytmu?\",\"breadcrumb\":{\"@id\":\"https:\/\/www.sotrender.com\/blog\/pl\/2013\/12\/zasieg-postow-po-zmianach\/#breadcrumb\"},\"inLanguage\":\"pl-PL\",\"potentialAction\":[{\"@type\":\"ReadAction\",\"target\":[\"https:\/\/www.sotrender.com\/blog\/pl\/2013\/12\/zasieg-postow-po-zmianach\/\"]}]},{\"@type\":\"ImageObject\",\"inLanguage\":\"pl-PL\",\"@id\":\"https:\/\/www.sotrender.com\/blog\/pl\/2013\/12\/zasieg-postow-po-zmianach\/#primaryimage\",\"url\":\"https:\/\/www.sotrender.com\/blog\/wp-content\/uploads\/2015\/07\/header_blog_3.jpg\",\"contentUrl\":\"https:\/\/www.sotrender.com\/blog\/wp-content\/uploads\/2015\/07\/header_blog_3.jpg\",\"width\":1600,\"height\":700},{\"@type\":\"BreadcrumbList\",\"@id\":\"https:\/\/www.sotrender.com\/blog\/pl\/2013\/12\/zasieg-postow-po-zmianach\/#breadcrumb\",\"itemListElement\":[{\"@type\":\"ListItem\",\"position\":1,\"name\":\"Home\",\"item\":\"https:\/\/www.sotrender.com\/blog\/\"},{\"@type\":\"ListItem\",\"position\":2,\"name\":\"Zasi\u0119g post\u00f3w po zmianach w EdgeRanku &#8211; jak si\u0119 zmieni\u0142?\"}]},{\"@type\":\"WebSite\",\"@id\":\"https:\/\/www.sotrender.com\/blog\/#website\",\"url\":\"https:\/\/www.sotrender.com\/blog\/\",\"name\":\"Sotrender Blog\",\"description\":\"\",\"potentialAction\":[{\"@type\":\"SearchAction\",\"target\":{\"@type\":\"EntryPoint\",\"urlTemplate\":\"https:\/\/www.sotrender.com\/blog\/?s={search_term_string}\"},\"query-input\":\"required name=search_term_string\"}],\"inLanguage\":\"pl-PL\"},{\"@type\":\"Person\",\"@id\":\"https:\/\/www.sotrender.com\/blog\/#\/schema\/person\/7106df62825269bc360ad9171cd7149b\",\"name\":\"Aleksandra Prejs\",\"image\":{\"@type\":\"ImageObject\",\"inLanguage\":\"pl-PL\",\"@id\":\"https:\/\/www.sotrender.com\/blog\/#\/schema\/person\/image\/\",\"url\":\"https:\/\/secure.gravatar.com\/avatar\/469000454b77ff0aacb32c49dba023be?s=96&d=mm&r=g\",\"contentUrl\":\"https:\/\/secure.gravatar.com\/avatar\/469000454b77ff0aacb32c49dba023be?s=96&d=mm&r=g\",\"caption\":\"Aleksandra Prejs\"},\"url\":\"https:\/\/www.sotrender.com\/blog\/pl\/author\/aleksandra-prejs\/\"}]}<\/script>\n<!-- \/ Yoast SEO plugin. -->","yoast_head_json":{"title":"Zasi\u0119g post\u00f3w po zmianach w EdgeRanku - jak si\u0119 zmieni\u0142? - Sotrender","description":"Sotrender sprawdzi\u0142, jak bardzo zmieni\u0142 si\u0119 zasi\u0119g post\u00f3w na Facebooku po ostatnich zmianach w EdgeRanku. Kogo najbardziej dotkn\u0119\u0142y zmiany algorytmu?","robots":{"index":"index","follow":"follow","max-snippet":"max-snippet:-1","max-image-preview":"max-image-preview:large","max-video-preview":"max-video-preview:-1"},"canonical":"https:\/\/www.sotrender.com\/blog\/pl\/2013\/12\/zasieg-postow-po-zmianach\/","og_locale":"pl_PL","og_type":"article","og_title":"Zasi\u0119g post\u00f3w po zmianach w EdgeRanku - jak si\u0119 zmieni\u0142? - Sotrender","og_description":"Sotrender sprawdzi\u0142, jak bardzo zmieni\u0142 si\u0119 zasi\u0119g post\u00f3w na Facebooku po ostatnich zmianach w EdgeRanku. Kogo najbardziej dotkn\u0119\u0142y zmiany algorytmu?","og_url":"https:\/\/www.sotrender.com\/blog\/pl\/2013\/12\/zasieg-postow-po-zmianach\/","og_site_name":"Sotrender Blog","article_publisher":"https:\/\/www.facebook.com\/Sotrender","article_published_time":"2013-12-19T15:53:07+00:00","article_modified_time":"2015-12-28T15:25:31+00:00","og_image":[{"width":1600,"height":700,"url":"https:\/\/www.sotrender.com\/blog\/wp-content\/uploads\/2015\/07\/header_blog_3.jpg","type":"image\/jpeg"}],"author":"Aleksandra Prejs","twitter_card":"summary_large_image","twitter_creator":"@Sotrender","twitter_site":"@Sotrender","twitter_misc":{"Written by":"Aleksandra Prejs","Est. reading time":"5 minutes"},"schema":{"@context":"https:\/\/schema.org","@graph":[{"@type":"WebPage","@id":"https:\/\/www.sotrender.com\/blog\/pl\/2013\/12\/zasieg-postow-po-zmianach\/","url":"https:\/\/www.sotrender.com\/blog\/pl\/2013\/12\/zasieg-postow-po-zmianach\/","name":"Zasi\u0119g post\u00f3w po zmianach w EdgeRanku - jak si\u0119 zmieni\u0142? - Sotrender","isPartOf":{"@id":"https:\/\/www.sotrender.com\/blog\/#website"},"primaryImageOfPage":{"@id":"https:\/\/www.sotrender.com\/blog\/pl\/2013\/12\/zasieg-postow-po-zmianach\/#primaryimage"},"image":{"@id":"https:\/\/www.sotrender.com\/blog\/pl\/2013\/12\/zasieg-postow-po-zmianach\/#primaryimage"},"thumbnailUrl":"https:\/\/www.sotrender.com\/blog\/wp-content\/uploads\/2015\/07\/header_blog_3.jpg","datePublished":"2013-12-19T15:53:07+00:00","dateModified":"2015-12-28T15:25:31+00:00","author":{"@id":"https:\/\/www.sotrender.com\/blog\/#\/schema\/person\/7106df62825269bc360ad9171cd7149b"},"description":"Sotrender sprawdzi\u0142, jak bardzo zmieni\u0142 si\u0119 zasi\u0119g post\u00f3w na Facebooku po ostatnich zmianach w EdgeRanku. Kogo najbardziej dotkn\u0119\u0142y zmiany algorytmu?","breadcrumb":{"@id":"https:\/\/www.sotrender.com\/blog\/pl\/2013\/12\/zasieg-postow-po-zmianach\/#breadcrumb"},"inLanguage":"pl-PL","potentialAction":[{"@type":"ReadAction","target":["https:\/\/www.sotrender.com\/blog\/pl\/2013\/12\/zasieg-postow-po-zmianach\/"]}]},{"@type":"ImageObject","inLanguage":"pl-PL","@id":"https:\/\/www.sotrender.com\/blog\/pl\/2013\/12\/zasieg-postow-po-zmianach\/#primaryimage","url":"https:\/\/www.sotrender.com\/blog\/wp-content\/uploads\/2015\/07\/header_blog_3.jpg","contentUrl":"https:\/\/www.sotrender.com\/blog\/wp-content\/uploads\/2015\/07\/header_blog_3.jpg","width":1600,"height":700},{"@type":"BreadcrumbList","@id":"https:\/\/www.sotrender.com\/blog\/pl\/2013\/12\/zasieg-postow-po-zmianach\/#breadcrumb","itemListElement":[{"@type":"ListItem","position":1,"name":"Home","item":"https:\/\/www.sotrender.com\/blog\/"},{"@type":"ListItem","position":2,"name":"Zasi\u0119g post\u00f3w po zmianach w EdgeRanku &#8211; jak si\u0119 zmieni\u0142?"}]},{"@type":"WebSite","@id":"https:\/\/www.sotrender.com\/blog\/#website","url":"https:\/\/www.sotrender.com\/blog\/","name":"Sotrender Blog","description":"","potentialAction":[{"@type":"SearchAction","target":{"@type":"EntryPoint","urlTemplate":"https:\/\/www.sotrender.com\/blog\/?s={search_term_string}"},"query-input":"required name=search_term_string"}],"inLanguage":"pl-PL"},{"@type":"Person","@id":"https:\/\/www.sotrender.com\/blog\/#\/schema\/person\/7106df62825269bc360ad9171cd7149b","name":"Aleksandra Prejs","image":{"@type":"ImageObject","inLanguage":"pl-PL","@id":"https:\/\/www.sotrender.com\/blog\/#\/schema\/person\/image\/","url":"https:\/\/secure.gravatar.com\/avatar\/469000454b77ff0aacb32c49dba023be?s=96&d=mm&r=g","contentUrl":"https:\/\/secure.gravatar.com\/avatar\/469000454b77ff0aacb32c49dba023be?s=96&d=mm&r=g","caption":"Aleksandra Prejs"},"url":"https:\/\/www.sotrender.com\/blog\/pl\/author\/aleksandra-prejs\/"}]}},"_links":{"self":[{"href":"https:\/\/www.sotrender.com\/blog\/pl\/wp-json\/wp\/v2\/posts\/10405"}],"collection":[{"href":"https:\/\/www.sotrender.com\/blog\/pl\/wp-json\/wp\/v2\/posts"}],"about":[{"href":"https:\/\/www.sotrender.com\/blog\/pl\/wp-json\/wp\/v2\/types\/post"}],"author":[{"embeddable":true,"href":"https:\/\/www.sotrender.com\/blog\/pl\/wp-json\/wp\/v2\/users\/31"}],"replies":[{"embeddable":true,"href":"https:\/\/www.sotrender.com\/blog\/pl\/wp-json\/wp\/v2\/comments?post=10405"}],"version-history":[{"count":26,"href":"https:\/\/www.sotrender.com\/blog\/pl\/wp-json\/wp\/v2\/posts\/10405\/revisions"}],"predecessor-version":[{"id":20555,"href":"https:\/\/www.sotrender.com\/blog\/pl\/wp-json\/wp\/v2\/posts\/10405\/revisions\/20555"}],"wp:featuredmedia":[{"embeddable":true,"href":"https:\/\/www.sotrender.com\/blog\/pl\/wp-json\/wp\/v2\/media\/18901"}],"wp:attachment":[{"href":"https:\/\/www.sotrender.com\/blog\/pl\/wp-json\/wp\/v2\/media?parent=10405"}],"wp:term":[{"taxonomy":"category","embeddable":true,"href":"https:\/\/www.sotrender.com\/blog\/pl\/wp-json\/wp\/v2\/categories?post=10405"},{"taxonomy":"post_tag","embeddable":true,"href":"https:\/\/www.sotrender.com\/blog\/pl\/wp-json\/wp\/v2\/tags?post=10405"}],"curies":[{"name":"wp","href":"https:\/\/api.w.org\/{rel}","templated":true}]}}