{"id":10161,"date":"2013-12-04T14:01:48","date_gmt":"2013-12-04T13:01:48","guid":{"rendered":"http:\/\/blog.sotrender.com\/?p=10161"},"modified":"2017-04-13T16:00:39","modified_gmt":"2017-04-13T14:00:39","slug":"fanpagetrends-listopad-2013","status":"publish","type":"post","link":"https:\/\/www.sotrender.com\/blog\/pl\/2013\/12\/fanpagetrends-listopad-2013\/","title":{"rendered":"#FanpageTrends Listopad 2013 \u2013 pi\u0142ka no\u017cna w rytmie reggae!"},"content":{"rendered":"<p>Chcieli\u015bmy napisa\u0107, \u017ce listopadowe szaro\u015bci szcz\u0119\u015bliwie przykry\u0142a ju\u017c biel skrz\u0105cego si\u0119 puchu, ale jak jest, ka\u017cdy widzi. Dlatego uznajmy, \u017ce listopadowe buro\u015bci mieni\u0105 si\u0119 od dzi\u015b kolorami wykres\u00f3w <a title=\"Przejd\u017a do strony\" href=\"http:\/\/www.sotrender.com\/pl\/\" target=\"_blank\">Sotrendera<\/a>, a poniewa\u017c w listopadzie wykres\u00f3w zrobili\u015bmy wi\u0119cej ni\u017c zwykle, czas przej\u015b\u0107 do meritum. Zapraszamy do lektury zimowego wydania #FanpageTrends, kt\u00f3re rozbrzmiewa echem oklask\u00f3w dla Lewandowskiego i Bednarka.<\/p>\n<p><!--more--><\/p>\n<h2 dir=\"ltr\">Na boisku #FanpageTrends<\/h2>\n<p dir=\"ltr\">Kilkana\u015bcie dni temu podczas <a title=\"Przejd\u017a na stron\u0119 wydarzenia\" href=\"http:\/\/www.kongres-online.pl\/#\" target=\"_blank\">VI Kongresu Online Marketing<\/a> zaprezentowali\u015bmy raport pt. \u201cSocial media is so trendy\u201d, w kt\u00f3rym zawarli\u015bmy prognozy dotycz\u0105ce wzrostu najwi\u0119kszych polskich stron. Jedna z nich dotyczy\u0142a <a title=\"Zobacz profil\" href=\"https:\/\/www.facebook.com\/LewandowskiFanPage\" target=\"_blank\">Roberta Lewdandowskiego<\/a>, kt\u00f3ry w listopadzie wyprzedzi\u0142 w rankingu najwi\u0119kszych polskich stron <a title=\"Zobacz profil\" href=\"https:\/\/www.facebook.com\/serceirozum\" target=\"_blank\">Serce i Rozum<\/a>, kr\u00f3luj\u0105cych w nim przez ostatnie 10 miesi\u0119cy. Oczywi\u015bcie nale\u017cy pami\u0119ta\u0107, \u017ce znaczna cz\u0119\u015b\u0107 fan\u00f3w pi\u0142karza pochodzi spoza Polski, a jego profil powsta\u0142 w wyniku po\u0142\u0105czenia kilkunastu innych stron oraz jest wspierany w ramach kampanii reklamowej du\u017cej marki. Niemniej jednak sytuacja ta nie mia\u0142a precendensu &#8211; po raz pierwszy w historii <a title=\"Przejd\u017a do strony\" href=\"https:\/\/www.sotrender.com\/trends\/facebook\/poland\/201702\" target=\"_blank\">#FanpageTrends<\/a> pierwsze miejsce w zestawieniu najwi\u0119kszych polskich profili zajmuje strona po\u015bwi\u0119cona osobie. Jak mo\u017cna przeczyta\u0107 w wy\u017cej wspomnianym raporcie, je\u015bli strona Lewego zyskiwa\u0142aby fan\u00f3w tak samo szybko, jak w przeci\u0105gu ostatnich 8 miesi\u0119cy, na koniec 2014 r. liczba jego zwolennik\u00f3w na Facebooku przekroczy\u0142aby 5, 5 mln, podczas gdy liczba fan\u00f3w Serca i Rozumu oraz Play oscylowa\u0142aby w granicach 3 mln.<\/p>\n<div id=\"attachment_10165\" style=\"width: 310px\" class=\"wp-caption aligncenter\"><a href=\"https:\/\/www.sotrender.com\/blog\/wp-content\/uploads\/2013\/12\/wzrosty.jpg\"><img loading=\"lazy\" decoding=\"async\" aria-describedby=\"caption-attachment-10165\" class=\"size-medium wp-image-10165\" src=\"https:\/\/www.sotrender.com\/blog\/wp-content\/uploads\/2013\/12\/wzrosty-300x219.jpg\" alt=\"Tendencje wzrostu najwi\u0119kszych stron do ko\u0144ca 2014 r.\" width=\"300\" height=\"219\" \/><\/a><p id=\"caption-attachment-10165\" class=\"wp-caption-text\">Tendencje wzrostu najwi\u0119kszych stron do ko\u0144ca 2014 r.<\/p><\/div>\n<p dir=\"ltr\">Wszystko wskazuje na to, \u017ce listopad sprzyja s\u0142uchaniu muzyki i jedzeniu. <a title=\"Przejd\u017a na stron\u0119 kategorii\" href=\"https:\/\/www.sotrender.com\/trends\/facebook\/poland\/201702\/marki\/kultura\/muzyka\" target=\"_blank\">Kategoria Muzyka<\/a> zyska\u0142a ponad 1 mln nowych fan\u00f3w, a profil <a title=\"Zobacz profil\" href=\"https:\/\/www.facebook.com\/maccabraa\" target=\"_blank\">Kamila Bednarka<\/a>, jako pierwsza polska strona po\u015bwi\u0119cona muzykowi, przekroczy\u0142a magiczny pr\u00f3g 1 mln fan\u00f3w po tym, jak w ubieg\u0142ym miesi\u0105cu liczba jego fan\u00f3w wzros\u0142a o niemal 400 tys. Milowy krok uzyskania 1 mln fan\u00f3w uda\u0142o si\u0119 zrobi\u0107 tak\u017ce ma\u0142emu \u017c\u00f3\u0142temu pluszakowi, kt\u00f3rego tragiczn\u0105 \u015bmier\u0107 obserwujemy w reklamach serk\u00f3w marki Danone, czyli <a title=\"Zobacz profil\" href=\"https:\/\/www.facebook.com\/maly.glodek\" target=\"_blank\">Ma\u0142emu G\u0142odowi<\/a>.<\/p>\n<div id=\"attachment_10167\" style=\"width: 310px\" class=\"wp-caption aligncenter\"><a href=\"https:\/\/www.sotrender.com\/blog\/wp-content\/uploads\/2013\/12\/g\u0142\u00f3d.jpg\"><img loading=\"lazy\" decoding=\"async\" aria-describedby=\"caption-attachment-10167\" class=\"size-medium wp-image-10167\" src=\"https:\/\/www.sotrender.com\/blog\/wp-content\/uploads\/2013\/12\/g\u0142\u00f3d-300x187.jpg\" alt=\"Jeden z post\u00f3w opublikowanych przez Ma\u0142ego G\u0142oda\" width=\"300\" height=\"187\" \/><\/a><p id=\"caption-attachment-10167\" class=\"wp-caption-text\">Jeden z post\u00f3w opublikowanych przez Ma\u0142ego G\u0142oda<\/p><\/div>\n<h2 dir=\"ltr\">Elektryzuj\u0105ce dane na rozgrzanie<\/h2>\n<p dir=\"ltr\">Nie ma, \u017ce zimno, ciemno i ponuro. Z energi\u0105 i skrupulatno\u015bci\u0105 godn\u0105 skrzat\u00f3w pomagaj\u0105cych \u015awi\u0119temu Miko\u0142ajowi, przygotowywali\u015bmy w listopadzie raport za raportem. Na naszym blogu mogli\u015bcie przeczyta\u0107 mi\u0119dzy innymi o tym, <a title=\"Przejd\u017a do raportu\" href=\"https:\/\/www.sotrender.com\/blog\/pl\/2013\/11\/social-media_2014\/\" target=\"_blank\">jak wed\u0142ug nas b\u0119d\u0105 wygl\u0105da\u0107 media spo\u0142eczno\u015bciowe za rok<\/a>, <a title=\"Zobacz prezentacj\u0119\" href=\"https:\/\/www.sotrender.com\/blog\/pl\/2013\/11\/miasta_w_social_media\/\" target=\"_blank\">czy miasta wywi\u0105zuj\u0105 si\u0119 z obs\u0142ugi klienta za po\u015brednictwem kana\u0142\u00f3w spo\u0142eczno\u015bciowych<\/a> oraz <a title=\"Przeczytaj artyku\u0142\" href=\"https:\/\/www.sotrender.com\/blog\/2013\/11\/mother-power\/\" target=\"_blank\">jak ma\u0142e i \u015brednie przedsi\u0119biorstwa mog\u0105 d\u0105\u017cy\u0107 do sukcesu na Facebooku, id\u0105c \u015bladem Fundacji Mother Power<\/a>. Wsp\u00f3lnie z domem mediowym Mindshare przygotowali\u015bmy r\u00f3wnie\u017c raport <a title=\"Przejd\u017a do raportu\" href=\"https:\/\/www.sotrender.com\/blog\/pl\/2013\/11\/raport_sotrendermindshare\/\" target=\"_blank\">\u201eW poszukiwaniu zaanga\u017cowania \u2013 weryfikacja aktywno\u015bci marek na Facebooku\u201d<\/a>.<\/p>\n<div id=\"attachment_10169\" style=\"width: 218px\" class=\"wp-caption aligncenter\"><a href=\"https:\/\/www.sotrender.com\/blog\/wp-content\/uploads\/2013\/12\/ok\u0142adka.jpg\"><img loading=\"lazy\" decoding=\"async\" aria-describedby=\"caption-attachment-10169\" class=\"size-medium wp-image-10169\" src=\"https:\/\/www.sotrender.com\/blog\/wp-content\/uploads\/2013\/12\/ok\u0142adka-208x300.jpg\" alt=\"Ok\u0142adka raportu przygotowanego przez Sotrender i Mindshare\" width=\"208\" height=\"300\" \/><\/a><p id=\"caption-attachment-10169\" class=\"wp-caption-text\">Ok\u0142adka raportu przygotowanego przez Sotrender i Mindshare<\/p><\/div>\n<p dir=\"ltr\">Badania, jakie przeprowadzili\u015bmy na jego potrzeby, by\u0142y pr\u00f3b\u0105 odnalezienia prawid\u0142owo\u015bci w dzia\u0142aniach prowadzonych na Facebooku przez marki z 11 kategorii. Co znale\u017ali\u015bmy? Okaza\u0142o si\u0119, ze w pierwszym p\u00f3\u0142roczu 2013 r. ponad<strong> 2 mln nowych fan\u00f3w odnotowa\u0142a kategoria Napoje<\/strong>, a <strong>najwi\u0119ksz\u0105 dynamik\u0119 wzrostu \u2013 IT \/ Elektronika<\/strong>. <strong>Telekomunikacja utrzymuje koszulk\u0119 lidera<\/strong>, jako najliczniejsza pod wzgl\u0119dem liczby fan\u00f3w i jednocze\u015bnie jedna z najbardziej anga\u017cuj\u0105cych bran\u017c. Samochody z kolei mog\u0105 poszczyci\u0107 si\u0119 <strong>najwy\u017cszym odsetkiem zaanga\u017cowanych fan\u00f3w<\/strong>. Cech\u0105 charakterystyczn\u0105 skutecznych post\u00f3w okaza\u0142a si\u0119 natomiast ich zwi\u0119z\u0142o\u015b\u0107 \u2013 <strong>najbardziej anga\u017cuj\u0105 te zawieraj\u0105ce od 3 do 50 znak\u00f3w<\/strong>.<\/p>\n<h2 dir=\"ltr\">Zmiana Edgerank na bardziej \u201codpowiedni\u201d<\/h2>\n<p dir=\"ltr\">Niby zima, a ptaszki \u0107wierkaj\u0105, \u017ce zmienia si\u0119 algorytm decyduj\u0105cy o tym, co Facebook wy\u015bwietla nam w Aktualno\u015bciach. Mo\u017cna spodziewa\u0107 si\u0119 kilku efekt\u00f3w specjalnych. W naszych News Feedach zago\u015bci <strong>wi\u0119cej link\u00f3w<\/strong>, a odno\u015bniki, kt\u00f3re by\u0142y skomentowane przez znajomych b\u0119d\u0105 wy\u015bwietla\u0142y si\u0119 cz\u0119\u015bciej. Pomo\u017ce to u\u017cytkownikom uczestniczy\u0107 w rozmowach z ich znajomymi. Mniej za to b\u0119dziemy ogl\u0105da\u0107 mem\u00f3w, kt\u00f3re Facebook uzna\u0142 za mniej interesuj\u0105ce dla u\u017cytkownik\u00f3w. Wyznaczonym przez Facebook celem News Feedu jest <strong>dostarczenie odpowiednim ludziom odpowiednich tre\u015bci w odpowiednim czasie<\/strong>. Ostatnie zmiany maj\u0105 przybli\u017cy\u0107 News Feed do jego osi\u0105gni\u0119cia, a czy tak si\u0119 stanie, ka\u017cdy b\u0119dzie m\u00f3g\u0142 ostatecznie oceni\u0107 w niedalekiej przysz\u0142o\u015bci.<\/p>\n<h2 dir=\"ltr\">Podaj ceg\u0142\u0119, zbudujemy nowy Facebook<\/h2>\n<p dir=\"ltr\">Facebook nie mo\u017ce spa\u0107 spokojnie, je\u015bli czego\u015b nie wykombinuje. 6 listopada wprowadzi\u0142 <strong>nowe przyciski \u201cLubi\u0119 to\u201d<\/strong> i \u201cUdost\u0119pnij\u201d. Tym samym na miesi\u0105c przed miko\u0142ajkami po\u017cegnali\u015bmy stary, dobry kciuk na jasnym tle na rzecz nowoczesnego logo Facebooka na granatowym tle. Jest to wa\u017cna zmiana, bo w\u0142a\u015bnie te przyciski s\u0105 jednym z g\u0142\u00f3wnych \u017ar\u00f3de\u0142 ruchu przychodz\u0105cego z sieci, a u\u017cywane s\u0105 a\u017c 22 mld razy dziennie. Nowe grafiki to skutek ci\u0105g\u0142ych zmian w Facebooku, kt\u00f3ry zawsze chce by\u0107 stylowy i na czasie, a przy wysokich rozdzielczo\u015bciach ekran\u00f3w przyciski z kciukiem nie wygl\u0105da\u0142y najlepiej. Z drugiej strony zmiana kolorystyki na zdecydowanie bardziej intensywn\u0105 sprawia, \u017ce przyciski s\u0105 bardziej widoczne i, jak twierdzi Facebook, lepiej klikalne.<\/p>\n<div id=\"attachment_10177\" style=\"width: 301px\" class=\"wp-caption aligncenter\"><a href=\"https:\/\/www.sotrender.com\/blog\/wp-content\/uploads\/2013\/12\/like.png\"><img loading=\"lazy\" decoding=\"async\" aria-describedby=\"caption-attachment-10177\" class=\"size-medium wp-image-10177\" src=\"https:\/\/www.sotrender.com\/blog\/wp-content\/uploads\/2013\/12\/like-291x300.png\" alt=\"Nowe przyciski na Facebooku\" width=\"291\" height=\"300\" \/><\/a><p id=\"caption-attachment-10177\" class=\"wp-caption-text\">Nowe przyciski na Facebooku<\/p><\/div>\n<h2 dir=\"ltr\">Gwiazdy Facebooka<\/h2>\n<p dir=\"ltr\">Like to za ma\u0142o? Facebook wprowadza <strong>now\u0105 miar\u0119 warto\u015bci biznesu<\/strong>. Na pocz\u0105tku miesi\u0105ca pojawi\u0142a si\u0119 funkcjonalno\u015b\u0107, z kt\u00f3rej wcze\u015bniej korzystali ju\u017c u\u017cytkownicy aplikacji mobilnej. Teraz ka\u017cdy mo\u017ce wcieli\u0107 si\u0119 w rol\u0119 recenzenta i wystawia\u0107 stronom oceny na 5-gwiazdkowej skali oraz uzasadnia\u0107 swoje opinie. Oceny sta\u0142y si\u0119 te\u017c bardziej widoczne. Dotychczas mo\u017cna by\u0142o ocenia\u0107 miejsca, od niedawna Facebook testuje r\u00f3wnie\u017c oceny firm. Recenzje u\u017cytkownik\u00f3w pomog\u0105 stwierdzi\u0107, na ile liczba like\u2019\u00f3w jest rzeczywi\u015bcie wyrazem sympatii do marki. By\u0107 mo\u017ce stan\u0105 si\u0119 one kolejnym wska\u017anikiem kondycji profili, kt\u00f3re niekiedy otrzymuj\u0105 \u201clajki\u201d cho\u0107 nie do ko\u0144ca s\u0105 lubiane, jak mo\u017cna przeczyta\u0107 w niekt\u00f3rych wpisach u\u017cytkownik\u00f3w typu: \u201cLubi\u0119 wasz\u0105 stron\u0119 tylko po to, \u017ceby wiedzie\u0107 kiedy spodziewa\u0107 si\u0119 kolejnej awarii\u201d \ud83d\ude09<\/p>\n<div id=\"attachment_10179\" style=\"width: 310px\" class=\"wp-caption aligncenter\"><a href=\"https:\/\/www.sotrender.com\/blog\/wp-content\/uploads\/2013\/12\/wroclove.jpg\"><img loading=\"lazy\" decoding=\"async\" aria-describedby=\"caption-attachment-10179\" class=\"size-medium wp-image-10179\" src=\"https:\/\/www.sotrender.com\/blog\/wp-content\/uploads\/2013\/12\/wroclove-300x162.jpg\" alt=\"Profil Wroc\u0142awia na Facebooku\" width=\"300\" height=\"162\" \/><\/a><p id=\"caption-attachment-10179\" class=\"wp-caption-text\">Profil Wroc\u0142awia na Facebooku<\/p><\/div>\n<p dir=\"ltr\">Mamy nadzieje, \u017ce Wy \u201cpolubili\u015bcie\u201d <a title=\"Zobacz profil Sotrendera na Facebooku\" href=\"https:\/\/www.facebook.com\/Sotrender\" target=\"_blank\">nasz profil na Facebooku<\/a> z zupe\u0142nie innego powodu! \ud83d\ude42<\/p>\n<h2 style=\"text-align: center;\"><strong><a title=\"Przejd\u017a do raprotu\" href=\"http:\/\/www.sotrender.pl\/fanpage-trends?hp\" target=\"_blank\">Zapraszamy do lektury listopadowego raportu #FanpageTrends!<\/a><\/strong><\/h2>\n<p>&nbsp;<\/p>\n","protected":false},"excerpt":{"rendered":"<p>Chcieli\u015bmy napisa\u0107, \u017ce listopadowe szaro\u015bci szcz\u0119\u015bliwie przykry\u0142a ju\u017c biel skrz\u0105cego si\u0119 puchu, ale jak jest, ka\u017cdy widzi. Dlatego uznajmy, \u017ce listopadowe buro\u015bci mieni\u0105 si\u0119 od dzi\u015b kolorami wykres\u00f3w Sotrendera, a poniewa\u017c w listopadzie wykres\u00f3w zrobili\u015bmy wi\u0119cej ni\u017c zwykle, czas przej\u015b\u0107 do meritum. Zapraszamy do lektury zimowego wydania #FanpageTrends, kt\u00f3re rozbrzmiewa echem oklask\u00f3w dla Lewandowskiego i [&hellip;]<\/p>\n","protected":false},"author":31,"featured_media":18901,"comment_status":"open","ping_status":"open","sticky":false,"template":"","format":"standard","meta":{"inline_featured_image":false,"footnotes":""},"categories":[1791,1797],"tags":[7,17,25,31,45],"yoast_head":"<!-- This site is optimized with the Yoast SEO plugin v22.4 - https:\/\/yoast.com\/wordpress\/plugins\/seo\/ -->\n<title>#FanpageTrends Listopad 2013 \u2013 pi\u0142ka no\u017cna w rytmie reggae<\/title>\n<meta name=\"description\" content=\"Zapraszamy do lektury zimowego wydania #FanpageTrends, kt\u00f3re rozbrzmiewa echem oklask\u00f3w dla Lewandowskiego i Bednarka. Kto by\u0142 najlepszy w listopadzie?\" \/>\n<meta name=\"robots\" content=\"index, follow, max-snippet:-1, max-image-preview:large, max-video-preview:-1\" \/>\n<link rel=\"canonical\" href=\"https:\/\/www.sotrender.com\/blog\/pl\/2013\/12\/fanpagetrends-listopad-2013\/\" \/>\n<meta property=\"og:locale\" content=\"pl_PL\" \/>\n<meta property=\"og:type\" content=\"article\" \/>\n<meta property=\"og:title\" content=\"#FanpageTrends Listopad 2013 \u2013 pi\u0142ka no\u017cna w rytmie reggae\" \/>\n<meta property=\"og:description\" content=\"Zapraszamy do lektury zimowego wydania #FanpageTrends, kt\u00f3re rozbrzmiewa echem oklask\u00f3w dla Lewandowskiego i Bednarka. Kto by\u0142 najlepszy w listopadzie?\" \/>\n<meta property=\"og:url\" content=\"https:\/\/www.sotrender.com\/blog\/pl\/2013\/12\/fanpagetrends-listopad-2013\/\" \/>\n<meta property=\"og:site_name\" content=\"Sotrender Blog\" \/>\n<meta property=\"article:publisher\" content=\"https:\/\/www.facebook.com\/Sotrender\" \/>\n<meta property=\"article:published_time\" content=\"2013-12-04T13:01:48+00:00\" \/>\n<meta property=\"article:modified_time\" content=\"2017-04-13T14:00:39+00:00\" \/>\n<meta property=\"og:image\" content=\"https:\/\/www.sotrender.com\/blog\/wp-content\/uploads\/2015\/07\/header_blog_3.jpg\" \/>\n\t<meta property=\"og:image:width\" content=\"1600\" \/>\n\t<meta property=\"og:image:height\" content=\"700\" \/>\n\t<meta property=\"og:image:type\" content=\"image\/jpeg\" \/>\n<meta name=\"author\" content=\"Aleksandra Prejs\" \/>\n<meta name=\"twitter:card\" content=\"summary_large_image\" \/>\n<meta name=\"twitter:creator\" content=\"@Sotrender\" \/>\n<meta name=\"twitter:site\" content=\"@Sotrender\" \/>\n<meta name=\"twitter:label1\" content=\"Written by\" \/>\n\t<meta name=\"twitter:data1\" content=\"Aleksandra Prejs\" \/>\n\t<meta name=\"twitter:label2\" content=\"Est. reading time\" \/>\n\t<meta name=\"twitter:data2\" content=\"5 minutes\" \/>\n<script type=\"application\/ld+json\" class=\"yoast-schema-graph\">{\"@context\":\"https:\/\/schema.org\",\"@graph\":[{\"@type\":\"WebPage\",\"@id\":\"https:\/\/www.sotrender.com\/blog\/pl\/2013\/12\/fanpagetrends-listopad-2013\/\",\"url\":\"https:\/\/www.sotrender.com\/blog\/pl\/2013\/12\/fanpagetrends-listopad-2013\/\",\"name\":\"#FanpageTrends Listopad 2013 \u2013 pi\u0142ka no\u017cna w rytmie reggae\",\"isPartOf\":{\"@id\":\"https:\/\/www.sotrender.com\/blog\/#website\"},\"primaryImageOfPage\":{\"@id\":\"https:\/\/www.sotrender.com\/blog\/pl\/2013\/12\/fanpagetrends-listopad-2013\/#primaryimage\"},\"image\":{\"@id\":\"https:\/\/www.sotrender.com\/blog\/pl\/2013\/12\/fanpagetrends-listopad-2013\/#primaryimage\"},\"thumbnailUrl\":\"https:\/\/www.sotrender.com\/blog\/wp-content\/uploads\/2015\/07\/header_blog_3.jpg\",\"datePublished\":\"2013-12-04T13:01:48+00:00\",\"dateModified\":\"2017-04-13T14:00:39+00:00\",\"author\":{\"@id\":\"https:\/\/www.sotrender.com\/blog\/#\/schema\/person\/7106df62825269bc360ad9171cd7149b\"},\"description\":\"Zapraszamy do lektury zimowego wydania #FanpageTrends, kt\u00f3re rozbrzmiewa echem oklask\u00f3w dla Lewandowskiego i Bednarka. Kto by\u0142 najlepszy w listopadzie?\",\"breadcrumb\":{\"@id\":\"https:\/\/www.sotrender.com\/blog\/pl\/2013\/12\/fanpagetrends-listopad-2013\/#breadcrumb\"},\"inLanguage\":\"pl-PL\",\"potentialAction\":[{\"@type\":\"ReadAction\",\"target\":[\"https:\/\/www.sotrender.com\/blog\/pl\/2013\/12\/fanpagetrends-listopad-2013\/\"]}]},{\"@type\":\"ImageObject\",\"inLanguage\":\"pl-PL\",\"@id\":\"https:\/\/www.sotrender.com\/blog\/pl\/2013\/12\/fanpagetrends-listopad-2013\/#primaryimage\",\"url\":\"https:\/\/www.sotrender.com\/blog\/wp-content\/uploads\/2015\/07\/header_blog_3.jpg\",\"contentUrl\":\"https:\/\/www.sotrender.com\/blog\/wp-content\/uploads\/2015\/07\/header_blog_3.jpg\",\"width\":1600,\"height\":700},{\"@type\":\"BreadcrumbList\",\"@id\":\"https:\/\/www.sotrender.com\/blog\/pl\/2013\/12\/fanpagetrends-listopad-2013\/#breadcrumb\",\"itemListElement\":[{\"@type\":\"ListItem\",\"position\":1,\"name\":\"Home\",\"item\":\"https:\/\/www.sotrender.com\/blog\/\"},{\"@type\":\"ListItem\",\"position\":2,\"name\":\"#FanpageTrends Listopad 2013 \u2013 pi\u0142ka no\u017cna w rytmie reggae!\"}]},{\"@type\":\"WebSite\",\"@id\":\"https:\/\/www.sotrender.com\/blog\/#website\",\"url\":\"https:\/\/www.sotrender.com\/blog\/\",\"name\":\"Sotrender Blog\",\"description\":\"\",\"potentialAction\":[{\"@type\":\"SearchAction\",\"target\":{\"@type\":\"EntryPoint\",\"urlTemplate\":\"https:\/\/www.sotrender.com\/blog\/?s={search_term_string}\"},\"query-input\":\"required name=search_term_string\"}],\"inLanguage\":\"pl-PL\"},{\"@type\":\"Person\",\"@id\":\"https:\/\/www.sotrender.com\/blog\/#\/schema\/person\/7106df62825269bc360ad9171cd7149b\",\"name\":\"Aleksandra Prejs\",\"image\":{\"@type\":\"ImageObject\",\"inLanguage\":\"pl-PL\",\"@id\":\"https:\/\/www.sotrender.com\/blog\/#\/schema\/person\/image\/\",\"url\":\"https:\/\/secure.gravatar.com\/avatar\/469000454b77ff0aacb32c49dba023be?s=96&d=mm&r=g\",\"contentUrl\":\"https:\/\/secure.gravatar.com\/avatar\/469000454b77ff0aacb32c49dba023be?s=96&d=mm&r=g\",\"caption\":\"Aleksandra Prejs\"},\"url\":\"https:\/\/www.sotrender.com\/blog\/pl\/author\/aleksandra-prejs\/\"}]}<\/script>\n<!-- \/ Yoast SEO plugin. -->","yoast_head_json":{"title":"#FanpageTrends Listopad 2013 \u2013 pi\u0142ka no\u017cna w rytmie reggae","description":"Zapraszamy do lektury zimowego wydania #FanpageTrends, kt\u00f3re rozbrzmiewa echem oklask\u00f3w dla Lewandowskiego i Bednarka. Kto by\u0142 najlepszy w listopadzie?","robots":{"index":"index","follow":"follow","max-snippet":"max-snippet:-1","max-image-preview":"max-image-preview:large","max-video-preview":"max-video-preview:-1"},"canonical":"https:\/\/www.sotrender.com\/blog\/pl\/2013\/12\/fanpagetrends-listopad-2013\/","og_locale":"pl_PL","og_type":"article","og_title":"#FanpageTrends Listopad 2013 \u2013 pi\u0142ka no\u017cna w rytmie reggae","og_description":"Zapraszamy do lektury zimowego wydania #FanpageTrends, kt\u00f3re rozbrzmiewa echem oklask\u00f3w dla Lewandowskiego i Bednarka. Kto by\u0142 najlepszy w listopadzie?","og_url":"https:\/\/www.sotrender.com\/blog\/pl\/2013\/12\/fanpagetrends-listopad-2013\/","og_site_name":"Sotrender Blog","article_publisher":"https:\/\/www.facebook.com\/Sotrender","article_published_time":"2013-12-04T13:01:48+00:00","article_modified_time":"2017-04-13T14:00:39+00:00","og_image":[{"width":1600,"height":700,"url":"https:\/\/www.sotrender.com\/blog\/wp-content\/uploads\/2015\/07\/header_blog_3.jpg","type":"image\/jpeg"}],"author":"Aleksandra Prejs","twitter_card":"summary_large_image","twitter_creator":"@Sotrender","twitter_site":"@Sotrender","twitter_misc":{"Written by":"Aleksandra Prejs","Est. reading time":"5 minutes"},"schema":{"@context":"https:\/\/schema.org","@graph":[{"@type":"WebPage","@id":"https:\/\/www.sotrender.com\/blog\/pl\/2013\/12\/fanpagetrends-listopad-2013\/","url":"https:\/\/www.sotrender.com\/blog\/pl\/2013\/12\/fanpagetrends-listopad-2013\/","name":"#FanpageTrends Listopad 2013 \u2013 pi\u0142ka no\u017cna w rytmie reggae","isPartOf":{"@id":"https:\/\/www.sotrender.com\/blog\/#website"},"primaryImageOfPage":{"@id":"https:\/\/www.sotrender.com\/blog\/pl\/2013\/12\/fanpagetrends-listopad-2013\/#primaryimage"},"image":{"@id":"https:\/\/www.sotrender.com\/blog\/pl\/2013\/12\/fanpagetrends-listopad-2013\/#primaryimage"},"thumbnailUrl":"https:\/\/www.sotrender.com\/blog\/wp-content\/uploads\/2015\/07\/header_blog_3.jpg","datePublished":"2013-12-04T13:01:48+00:00","dateModified":"2017-04-13T14:00:39+00:00","author":{"@id":"https:\/\/www.sotrender.com\/blog\/#\/schema\/person\/7106df62825269bc360ad9171cd7149b"},"description":"Zapraszamy do lektury zimowego wydania #FanpageTrends, kt\u00f3re rozbrzmiewa echem oklask\u00f3w dla Lewandowskiego i Bednarka. Kto by\u0142 najlepszy w listopadzie?","breadcrumb":{"@id":"https:\/\/www.sotrender.com\/blog\/pl\/2013\/12\/fanpagetrends-listopad-2013\/#breadcrumb"},"inLanguage":"pl-PL","potentialAction":[{"@type":"ReadAction","target":["https:\/\/www.sotrender.com\/blog\/pl\/2013\/12\/fanpagetrends-listopad-2013\/"]}]},{"@type":"ImageObject","inLanguage":"pl-PL","@id":"https:\/\/www.sotrender.com\/blog\/pl\/2013\/12\/fanpagetrends-listopad-2013\/#primaryimage","url":"https:\/\/www.sotrender.com\/blog\/wp-content\/uploads\/2015\/07\/header_blog_3.jpg","contentUrl":"https:\/\/www.sotrender.com\/blog\/wp-content\/uploads\/2015\/07\/header_blog_3.jpg","width":1600,"height":700},{"@type":"BreadcrumbList","@id":"https:\/\/www.sotrender.com\/blog\/pl\/2013\/12\/fanpagetrends-listopad-2013\/#breadcrumb","itemListElement":[{"@type":"ListItem","position":1,"name":"Home","item":"https:\/\/www.sotrender.com\/blog\/"},{"@type":"ListItem","position":2,"name":"#FanpageTrends Listopad 2013 \u2013 pi\u0142ka no\u017cna w rytmie reggae!"}]},{"@type":"WebSite","@id":"https:\/\/www.sotrender.com\/blog\/#website","url":"https:\/\/www.sotrender.com\/blog\/","name":"Sotrender Blog","description":"","potentialAction":[{"@type":"SearchAction","target":{"@type":"EntryPoint","urlTemplate":"https:\/\/www.sotrender.com\/blog\/?s={search_term_string}"},"query-input":"required name=search_term_string"}],"inLanguage":"pl-PL"},{"@type":"Person","@id":"https:\/\/www.sotrender.com\/blog\/#\/schema\/person\/7106df62825269bc360ad9171cd7149b","name":"Aleksandra Prejs","image":{"@type":"ImageObject","inLanguage":"pl-PL","@id":"https:\/\/www.sotrender.com\/blog\/#\/schema\/person\/image\/","url":"https:\/\/secure.gravatar.com\/avatar\/469000454b77ff0aacb32c49dba023be?s=96&d=mm&r=g","contentUrl":"https:\/\/secure.gravatar.com\/avatar\/469000454b77ff0aacb32c49dba023be?s=96&d=mm&r=g","caption":"Aleksandra Prejs"},"url":"https:\/\/www.sotrender.com\/blog\/pl\/author\/aleksandra-prejs\/"}]}},"_links":{"self":[{"href":"https:\/\/www.sotrender.com\/blog\/pl\/wp-json\/wp\/v2\/posts\/10161"}],"collection":[{"href":"https:\/\/www.sotrender.com\/blog\/pl\/wp-json\/wp\/v2\/posts"}],"about":[{"href":"https:\/\/www.sotrender.com\/blog\/pl\/wp-json\/wp\/v2\/types\/post"}],"author":[{"embeddable":true,"href":"https:\/\/www.sotrender.com\/blog\/pl\/wp-json\/wp\/v2\/users\/31"}],"replies":[{"embeddable":true,"href":"https:\/\/www.sotrender.com\/blog\/pl\/wp-json\/wp\/v2\/comments?post=10161"}],"version-history":[{"count":19,"href":"https:\/\/www.sotrender.com\/blog\/pl\/wp-json\/wp\/v2\/posts\/10161\/revisions"}],"predecessor-version":[{"id":26637,"href":"https:\/\/www.sotrender.com\/blog\/pl\/wp-json\/wp\/v2\/posts\/10161\/revisions\/26637"}],"wp:featuredmedia":[{"embeddable":true,"href":"https:\/\/www.sotrender.com\/blog\/pl\/wp-json\/wp\/v2\/media\/18901"}],"wp:attachment":[{"href":"https:\/\/www.sotrender.com\/blog\/pl\/wp-json\/wp\/v2\/media?parent=10161"}],"wp:term":[{"taxonomy":"category","embeddable":true,"href":"https:\/\/www.sotrender.com\/blog\/pl\/wp-json\/wp\/v2\/categories?post=10161"},{"taxonomy":"post_tag","embeddable":true,"href":"https:\/\/www.sotrender.com\/blog\/pl\/wp-json\/wp\/v2\/tags?post=10161"}],"curies":[{"name":"wp","href":"https:\/\/api.w.org\/{rel}","templated":true}]}}